{"id":9641,"date":"2024-07-12T09:39:31","date_gmt":"2024-07-12T09:39:31","guid":{"rendered":"https:\/\/dpress.ma\/fr\/?p=9641"},"modified":"2024-07-12T09:39:33","modified_gmt":"2024-07-12T09:39:33","slug":"economie-verte-lafrique-un-continent-prometteur","status":"publish","type":"post","link":"https:\/\/dpress.ma\/fr\/2024\/07\/12\/economie-verte-lafrique-un-continent-prometteur\/","title":{"rendered":"Economie verte : L\u2019Afrique, un continent prometteur"},"content":{"rendered":"\n<p>dpress<\/p>\n\n\n\n<p>Le pr\u00e9sident de la Chambre des repr\u00e9sentants, Rachid Talbi El Alami, a indiqu\u00e9, jeudi lors du Forum parlementaire \u00e9conomique de Marrakech pour la r\u00e9gion euro-m\u00e9diterran\u00e9enne et du Golfe, que l\u2019Afrique promet un avenir ambitieux en mati\u00e8re d\u2019\u00e9conomie verte.<\/p>\n\n\n\n<p>A cet \u00e9gard, M. Talbi El Alami a indiqu\u00e9 dans une allocution lue en son nom par le premier vice-pr\u00e9sident de la Chambre des Repr\u00e9sentants, Mohamed Sibari, que le continent requiert des financements pour se transformer en richesses dont b\u00e9n\u00e9ficieront les pays, dans le cadre d\u2019une logique gagnant-gagnant.<\/p>\n\n\n\n<p>Il a, dans ce sens, rappel\u00e9 l\u2019engagement ferme du Maroc, sous le leadership de Sa Majest\u00e9 le Roi Mohammed VI, en faveur du d\u00e9veloppement durable en Afrique, se concr\u00e9tisant par des projets structurants et des strat\u00e9gies ambitieuses, rappelant l\u2019Initiative atlantique lanc\u00e9e par Sa Majest\u00e9 le Roi, qui vise \u00e0 r\u00e9aliser l\u2019int\u00e9gration \u00e9conomique africaine et \u00e0 permettre \u00e0 de nombreux pays du continent de disposer de ports sur la mer, avec les \u00e9quipements de base strat\u00e9giques et structurels.<\/p>\n\n\n\n<p>Saluant les r\u00e9alisations du Royaume dans le domaine des \u00e9nergies produites \u00e0 partir de sources solaire et \u00e9olienne, M. Talbi El Alami a jet\u00e9 la lumi\u00e8re sur les projets achev\u00e9s dans les diff\u00e9rentes r\u00e9gions du Royaume et qui t\u00e9moignent de l\u2019engagement dans la lutte contre les causes des d\u00e9s\u00e9quilibres climatiques.<\/p>\n\n\n\n<p>Il a, en outre, appel\u00e9 les organisations parlementaires multipartites \u00e0 \u0153uvrer pour faciliter le transfert des technologies utilis\u00e9es dans le domaine de l\u2019\u00e9conomie verte, des capitaux et des investissements et \u00e0 chercher \u00e0 les int\u00e9grer dans les industries nationales.<\/p>\n\n\n\n<p>Initi\u00e9 par la Chambre des conseillers et l\u2019Assembl\u00e9e parlementaire de la M\u00e9diterran\u00e9e (APM), sous le Haut patronage de SM le Roi Mohammed VI, ce Forum repr\u00e9sente une opportunit\u00e9 id\u00e9ale pour les parlementaires et les partenaires fondateurs de l\u2019Assembl\u00e9e parlementaire de la M\u00e9diterran\u00e9e pour interagir avec les acteurs politiques et \u00e9conomiques des secteurs public et priv\u00e9, ainsi qu\u2019avec les milieux acad\u00e9miques et la soci\u00e9t\u00e9 civile.<\/p>\n\n\n\n<p>Cette deuxi\u00e8me \u00e9dition traite deux th\u00e8mes principaux, \u00e0 savoir \u201cLa transition vers l\u2019\u00e9nergie verte\u201d et \u201cLe soutien \u00e0 l\u2019entrepreneuriat et aux petites et moyennes entreprises dans ce processus\u201d.<\/p>\n","protected":false},"excerpt":{"rendered":"<p>dpress Le pr\u00e9sident de la Chambre des repr\u00e9sentants, Rachid Talbi El Alami, a indiqu\u00e9, jeudi lors du Forum parlementaire \u00e9conomique de Marrakech pour la r\u00e9gion euro-m\u00e9diterran\u00e9enne et du Golfe, que l\u2019Afrique promet un avenir ambitieux en mati\u00e8re d\u2019\u00e9conomie verte. A cet \u00e9gard, M. Talbi El Alami a indiqu\u00e9 dans une allocution lue en son nom &hellip;<\/p>\n","protected":false},"author":2,"featured_media":9355,"comment_status":"open","ping_status":"open","sticky":false,"template":"","format":"standard","meta":{"footnotes":""},"categories":[34],"tags":[],"class_list":["post-9641","post","type-post","status-publish","format-standard","has-post-thumbnail","hentry","category-diplomatie-parlementaire"],"yoast_head":"<!-- This site is optimized with the Yoast SEO plugin v27.5 - https:\/\/yoast.com\/product\/yoast-seo-wordpress\/ -->\n<title>Economie verte : L\u2019Afrique, un continent prometteur - Dpress.ma\/fr<\/title>\n<meta name=\"robots\" content=\"index, follow, max-snippet:-1, max-image-preview:large, max-video-preview:-1\" \/>\n<link rel=\"canonical\" href=\"https:\/\/dpress.ma\/fr\/2024\/07\/12\/economie-verte-lafrique-un-continent-prometteur\/\" \/>\n<meta property=\"og:locale\" content=\"fr_FR\" \/>\n<meta property=\"og:type\" content=\"article\" \/>\n<meta property=\"og:title\" content=\"Economie verte : L\u2019Afrique, un continent prometteur - Dpress.ma\/fr\" \/>\n<meta property=\"og:description\" content=\"dpress Le pr\u00e9sident de la Chambre des repr\u00e9sentants, Rachid Talbi El Alami, a indiqu\u00e9, jeudi lors du Forum parlementaire \u00e9conomique de Marrakech pour la r\u00e9gion euro-m\u00e9diterran\u00e9enne et du Golfe, que l\u2019Afrique promet un avenir ambitieux en mati\u00e8re d\u2019\u00e9conomie verte. A cet \u00e9gard, M. Talbi El Alami a indiqu\u00e9 dans une allocution lue en son nom &hellip;\" \/>\n<meta property=\"og:url\" content=\"https:\/\/dpress.ma\/fr\/2024\/07\/12\/economie-verte-lafrique-un-continent-prometteur\/\" \/>\n<meta property=\"og:site_name\" content=\"Dpress.ma\/fr\" \/>\n<meta property=\"article:published_time\" content=\"2024-07-12T09:39:31+00:00\" \/>\n<meta property=\"article:modified_time\" content=\"2024-07-12T09:39:33+00:00\" \/>\n<meta property=\"og:image\" content=\"https:\/\/dpress.ma\/fr\/wp-content\/uploads\/sites\/2\/2024\/06\/dimensions2-6.jpg\" \/>\n\t<meta property=\"og:image:width\" content=\"2539\" \/>\n\t<meta property=\"og:image:height\" content=\"1594\" \/>\n\t<meta property=\"og:image:type\" content=\"image\/jpeg\" \/>\n<meta name=\"author\" content=\"Dpress.ma\" \/>\n<meta name=\"twitter:card\" content=\"summary_large_image\" \/>\n<meta name=\"twitter:label1\" content=\"\u00c9crit par\" \/>\n\t<meta name=\"twitter:data1\" content=\"Dpress.ma\" \/>\n\t<meta name=\"twitter:label2\" content=\"Dur\u00e9e de lecture estim\u00e9e\" \/>\n\t<meta name=\"twitter:data2\" content=\"1 minute\" \/>\n<script type=\"application\/ld+json\" class=\"yoast-schema-graph\">{\"@context\":\"https:\\\/\\\/schema.org\",\"@graph\":[{\"@type\":\"Article\",\"@id\":\"https:\\\/\\\/dpress.ma\\\/fr\\\/2024\\\/07\\\/12\\\/economie-verte-lafrique-un-continent-prometteur\\\/#article\",\"isPartOf\":{\"@id\":\"https:\\\/\\\/dpress.ma\\\/fr\\\/2024\\\/07\\\/12\\\/economie-verte-lafrique-un-continent-prometteur\\\/\"},\"author\":{\"name\":\"Dpress.ma\",\"@id\":\"https:\\\/\\\/dpress.ma\\\/fr\\\/#\\\/schema\\\/person\\\/4898febf3ccd59e6578d838656a306a0\"},\"headline\":\"Economie verte : L\u2019Afrique, un continent prometteur\",\"datePublished\":\"2024-07-12T09:39:31+00:00\",\"dateModified\":\"2024-07-12T09:39:33+00:00\",\"mainEntityOfPage\":{\"@id\":\"https:\\\/\\\/dpress.ma\\\/fr\\\/2024\\\/07\\\/12\\\/economie-verte-lafrique-un-continent-prometteur\\\/\"},\"wordCount\":395,\"commentCount\":0,\"image\":{\"@id\":\"https:\\\/\\\/dpress.ma\\\/fr\\\/2024\\\/07\\\/12\\\/economie-verte-lafrique-un-continent-prometteur\\\/#primaryimage\"},\"thumbnailUrl\":\"https:\\\/\\\/dpress.ma\\\/fr\\\/wp-content\\\/uploads\\\/sites\\\/2\\\/2024\\\/06\\\/dimensions2-6.jpg\",\"articleSection\":[\"Diplomatie Parlementaire\"],\"inLanguage\":\"fr-FR\",\"potentialAction\":[{\"@type\":\"CommentAction\",\"name\":\"Comment\",\"target\":[\"https:\\\/\\\/dpress.ma\\\/fr\\\/2024\\\/07\\\/12\\\/economie-verte-lafrique-un-continent-prometteur\\\/#respond\"]}]},{\"@type\":\"WebPage\",\"@id\":\"https:\\\/\\\/dpress.ma\\\/fr\\\/2024\\\/07\\\/12\\\/economie-verte-lafrique-un-continent-prometteur\\\/\",\"url\":\"https:\\\/\\\/dpress.ma\\\/fr\\\/2024\\\/07\\\/12\\\/economie-verte-lafrique-un-continent-prometteur\\\/\",\"name\":\"Economie verte : L\u2019Afrique, un continent prometteur - Dpress.ma\\\/fr\",\"isPartOf\":{\"@id\":\"https:\\\/\\\/dpress.ma\\\/fr\\\/#website\"},\"primaryImageOfPage\":{\"@id\":\"https:\\\/\\\/dpress.ma\\\/fr\\\/2024\\\/07\\\/12\\\/economie-verte-lafrique-un-continent-prometteur\\\/#primaryimage\"},\"image\":{\"@id\":\"https:\\\/\\\/dpress.ma\\\/fr\\\/2024\\\/07\\\/12\\\/economie-verte-lafrique-un-continent-prometteur\\\/#primaryimage\"},\"thumbnailUrl\":\"https:\\\/\\\/dpress.ma\\\/fr\\\/wp-content\\\/uploads\\\/sites\\\/2\\\/2024\\\/06\\\/dimensions2-6.jpg\",\"datePublished\":\"2024-07-12T09:39:31+00:00\",\"dateModified\":\"2024-07-12T09:39:33+00:00\",\"author\":{\"@id\":\"https:\\\/\\\/dpress.ma\\\/fr\\\/#\\\/schema\\\/person\\\/4898febf3ccd59e6578d838656a306a0\"},\"breadcrumb\":{\"@id\":\"https:\\\/\\\/dpress.ma\\\/fr\\\/2024\\\/07\\\/12\\\/economie-verte-lafrique-un-continent-prometteur\\\/#breadcrumb\"},\"inLanguage\":\"fr-FR\",\"potentialAction\":[{\"@type\":\"ReadAction\",\"target\":[\"https:\\\/\\\/dpress.ma\\\/fr\\\/2024\\\/07\\\/12\\\/economie-verte-lafrique-un-continent-prometteur\\\/\"]}]},{\"@type\":\"ImageObject\",\"inLanguage\":\"fr-FR\",\"@id\":\"https:\\\/\\\/dpress.ma\\\/fr\\\/2024\\\/07\\\/12\\\/economie-verte-lafrique-un-continent-prometteur\\\/#primaryimage\",\"url\":\"https:\\\/\\\/dpress.ma\\\/fr\\\/wp-content\\\/uploads\\\/sites\\\/2\\\/2024\\\/06\\\/dimensions2-6.jpg\",\"contentUrl\":\"https:\\\/\\\/dpress.ma\\\/fr\\\/wp-content\\\/uploads\\\/sites\\\/2\\\/2024\\\/06\\\/dimensions2-6.jpg\",\"width\":2539,\"height\":1594},{\"@type\":\"BreadcrumbList\",\"@id\":\"https:\\\/\\\/dpress.ma\\\/fr\\\/2024\\\/07\\\/12\\\/economie-verte-lafrique-un-continent-prometteur\\\/#breadcrumb\",\"itemListElement\":[{\"@type\":\"ListItem\",\"position\":1,\"name\":\"Home\",\"item\":\"https:\\\/\\\/dpress.ma\\\/fr\\\/\"},{\"@type\":\"ListItem\",\"position\":2,\"name\":\"Economie verte : L\u2019Afrique, un continent prometteur\"}]},{\"@type\":\"WebSite\",\"@id\":\"https:\\\/\\\/dpress.ma\\\/fr\\\/#website\",\"url\":\"https:\\\/\\\/dpress.ma\\\/fr\\\/\",\"name\":\"Dpress.ma\\\/fr\",\"description\":\"\",\"potentialAction\":[{\"@type\":\"SearchAction\",\"target\":{\"@type\":\"EntryPoint\",\"urlTemplate\":\"https:\\\/\\\/dpress.ma\\\/fr\\\/?s={search_term_string}\"},\"query-input\":{\"@type\":\"PropertyValueSpecification\",\"valueRequired\":true,\"valueName\":\"search_term_string\"}}],\"inLanguage\":\"fr-FR\"},{\"@type\":\"Person\",\"@id\":\"https:\\\/\\\/dpress.ma\\\/fr\\\/#\\\/schema\\\/person\\\/4898febf3ccd59e6578d838656a306a0\",\"name\":\"Dpress.ma\",\"image\":{\"@type\":\"ImageObject\",\"inLanguage\":\"fr-FR\",\"@id\":\"https:\\\/\\\/secure.gravatar.com\\\/avatar\\\/72ecc30e9db047a2e0e7176561eb9d564ed77c8108376495b19bd8336405198a?s=96&d=mm&r=g\",\"url\":\"https:\\\/\\\/secure.gravatar.com\\\/avatar\\\/72ecc30e9db047a2e0e7176561eb9d564ed77c8108376495b19bd8336405198a?s=96&d=mm&r=g\",\"contentUrl\":\"https:\\\/\\\/secure.gravatar.com\\\/avatar\\\/72ecc30e9db047a2e0e7176561eb9d564ed77c8108376495b19bd8336405198a?s=96&d=mm&r=g\",\"caption\":\"Dpress.ma\"},\"sameAs\":[\"https:\\\/\\\/www.dpress.ma\"],\"url\":\"https:\\\/\\\/dpress.ma\\\/fr\\\/author\\\/dpress-ma\\\/\"}]}<\/script>\n<!-- \/ Yoast SEO plugin. -->","yoast_head_json":{"title":"Economie verte : L\u2019Afrique, un continent prometteur - Dpress.ma\/fr","robots":{"index":"index","follow":"follow","max-snippet":"max-snippet:-1","max-image-preview":"max-image-preview:large","max-video-preview":"max-video-preview:-1"},"canonical":"https:\/\/dpress.ma\/fr\/2024\/07\/12\/economie-verte-lafrique-un-continent-prometteur\/","og_locale":"fr_FR","og_type":"article","og_title":"Economie verte : L\u2019Afrique, un continent prometteur - Dpress.ma\/fr","og_description":"dpress Le pr\u00e9sident de la Chambre des repr\u00e9sentants, Rachid Talbi El Alami, a indiqu\u00e9, jeudi lors du Forum parlementaire \u00e9conomique de Marrakech pour la r\u00e9gion euro-m\u00e9diterran\u00e9enne et du Golfe, que l\u2019Afrique promet un avenir ambitieux en mati\u00e8re d\u2019\u00e9conomie verte. A cet \u00e9gard, M. Talbi El Alami a indiqu\u00e9 dans une allocution lue en son nom &hellip;","og_url":"https:\/\/dpress.ma\/fr\/2024\/07\/12\/economie-verte-lafrique-un-continent-prometteur\/","og_site_name":"Dpress.ma\/fr","article_published_time":"2024-07-12T09:39:31+00:00","article_modified_time":"2024-07-12T09:39:33+00:00","og_image":[{"width":2539,"height":1594,"url":"https:\/\/dpress.ma\/fr\/wp-content\/uploads\/sites\/2\/2024\/06\/dimensions2-6.jpg","type":"image\/jpeg"}],"author":"Dpress.ma","twitter_card":"summary_large_image","twitter_misc":{"\u00c9crit par":"Dpress.ma","Dur\u00e9e de lecture estim\u00e9e":"1 minute"},"schema":{"@context":"https:\/\/schema.org","@graph":[{"@type":"Article","@id":"https:\/\/dpress.ma\/fr\/2024\/07\/12\/economie-verte-lafrique-un-continent-prometteur\/#article","isPartOf":{"@id":"https:\/\/dpress.ma\/fr\/2024\/07\/12\/economie-verte-lafrique-un-continent-prometteur\/"},"author":{"name":"Dpress.ma","@id":"https:\/\/dpress.ma\/fr\/#\/schema\/person\/4898febf3ccd59e6578d838656a306a0"},"headline":"Economie verte : L\u2019Afrique, un continent prometteur","datePublished":"2024-07-12T09:39:31+00:00","dateModified":"2024-07-12T09:39:33+00:00","mainEntityOfPage":{"@id":"https:\/\/dpress.ma\/fr\/2024\/07\/12\/economie-verte-lafrique-un-continent-prometteur\/"},"wordCount":395,"commentCount":0,"image":{"@id":"https:\/\/dpress.ma\/fr\/2024\/07\/12\/economie-verte-lafrique-un-continent-prometteur\/#primaryimage"},"thumbnailUrl":"https:\/\/dpress.ma\/fr\/wp-content\/uploads\/sites\/2\/2024\/06\/dimensions2-6.jpg","articleSection":["Diplomatie Parlementaire"],"inLanguage":"fr-FR","potentialAction":[{"@type":"CommentAction","name":"Comment","target":["https:\/\/dpress.ma\/fr\/2024\/07\/12\/economie-verte-lafrique-un-continent-prometteur\/#respond"]}]},{"@type":"WebPage","@id":"https:\/\/dpress.ma\/fr\/2024\/07\/12\/economie-verte-lafrique-un-continent-prometteur\/","url":"https:\/\/dpress.ma\/fr\/2024\/07\/12\/economie-verte-lafrique-un-continent-prometteur\/","name":"Economie verte : L\u2019Afrique, un continent prometteur - Dpress.ma\/fr","isPartOf":{"@id":"https:\/\/dpress.ma\/fr\/#website"},"primaryImageOfPage":{"@id":"https:\/\/dpress.ma\/fr\/2024\/07\/12\/economie-verte-lafrique-un-continent-prometteur\/#primaryimage"},"image":{"@id":"https:\/\/dpress.ma\/fr\/2024\/07\/12\/economie-verte-lafrique-un-continent-prometteur\/#primaryimage"},"thumbnailUrl":"https:\/\/dpress.ma\/fr\/wp-content\/uploads\/sites\/2\/2024\/06\/dimensions2-6.jpg","datePublished":"2024-07-12T09:39:31+00:00","dateModified":"2024-07-12T09:39:33+00:00","author":{"@id":"https:\/\/dpress.ma\/fr\/#\/schema\/person\/4898febf3ccd59e6578d838656a306a0"},"breadcrumb":{"@id":"https:\/\/dpress.ma\/fr\/2024\/07\/12\/economie-verte-lafrique-un-continent-prometteur\/#breadcrumb"},"inLanguage":"fr-FR","potentialAction":[{"@type":"ReadAction","target":["https:\/\/dpress.ma\/fr\/2024\/07\/12\/economie-verte-lafrique-un-continent-prometteur\/"]}]},{"@type":"ImageObject","inLanguage":"fr-FR","@id":"https:\/\/dpress.ma\/fr\/2024\/07\/12\/economie-verte-lafrique-un-continent-prometteur\/#primaryimage","url":"https:\/\/dpress.ma\/fr\/wp-content\/uploads\/sites\/2\/2024\/06\/dimensions2-6.jpg","contentUrl":"https:\/\/dpress.ma\/fr\/wp-content\/uploads\/sites\/2\/2024\/06\/dimensions2-6.jpg","width":2539,"height":1594},{"@type":"BreadcrumbList","@id":"https:\/\/dpress.ma\/fr\/2024\/07\/12\/economie-verte-lafrique-un-continent-prometteur\/#breadcrumb","itemListElement":[{"@type":"ListItem","position":1,"name":"Home","item":"https:\/\/dpress.ma\/fr\/"},{"@type":"ListItem","position":2,"name":"Economie verte : L\u2019Afrique, un continent prometteur"}]},{"@type":"WebSite","@id":"https:\/\/dpress.ma\/fr\/#website","url":"https:\/\/dpress.ma\/fr\/","name":"Dpress.ma\/fr","description":"","potentialAction":[{"@type":"SearchAction","target":{"@type":"EntryPoint","urlTemplate":"https:\/\/dpress.ma\/fr\/?s={search_term_string}"},"query-input":{"@type":"PropertyValueSpecification","valueRequired":true,"valueName":"search_term_string"}}],"inLanguage":"fr-FR"},{"@type":"Person","@id":"https:\/\/dpress.ma\/fr\/#\/schema\/person\/4898febf3ccd59e6578d838656a306a0","name":"Dpress.ma","image":{"@type":"ImageObject","inLanguage":"fr-FR","@id":"https:\/\/secure.gravatar.com\/avatar\/72ecc30e9db047a2e0e7176561eb9d564ed77c8108376495b19bd8336405198a?s=96&d=mm&r=g","url":"https:\/\/secure.gravatar.com\/avatar\/72ecc30e9db047a2e0e7176561eb9d564ed77c8108376495b19bd8336405198a?s=96&d=mm&r=g","contentUrl":"https:\/\/secure.gravatar.com\/avatar\/72ecc30e9db047a2e0e7176561eb9d564ed77c8108376495b19bd8336405198a?s=96&d=mm&r=g","caption":"Dpress.ma"},"sameAs":["https:\/\/www.dpress.ma"],"url":"https:\/\/dpress.ma\/fr\/author\/dpress-ma\/"}]}},"amp_enabled":true,"_links":{"self":[{"href":"https:\/\/dpress.ma\/fr\/wp-json\/wp\/v2\/posts\/9641","targetHints":{"allow":["GET"]}}],"collection":[{"href":"https:\/\/dpress.ma\/fr\/wp-json\/wp\/v2\/posts"}],"about":[{"href":"https:\/\/dpress.ma\/fr\/wp-json\/wp\/v2\/types\/post"}],"author":[{"embeddable":true,"href":"https:\/\/dpress.ma\/fr\/wp-json\/wp\/v2\/users\/2"}],"replies":[{"embeddable":true,"href":"https:\/\/dpress.ma\/fr\/wp-json\/wp\/v2\/comments?post=9641"}],"version-history":[{"count":1,"href":"https:\/\/dpress.ma\/fr\/wp-json\/wp\/v2\/posts\/9641\/revisions"}],"predecessor-version":[{"id":9642,"href":"https:\/\/dpress.ma\/fr\/wp-json\/wp\/v2\/posts\/9641\/revisions\/9642"}],"wp:featuredmedia":[{"embeddable":true,"href":"https:\/\/dpress.ma\/fr\/wp-json\/wp\/v2\/media\/9355"}],"wp:attachment":[{"href":"https:\/\/dpress.ma\/fr\/wp-json\/wp\/v2\/media?parent=9641"}],"wp:term":[{"taxonomy":"category","embeddable":true,"href":"https:\/\/dpress.ma\/fr\/wp-json\/wp\/v2\/categories?post=9641"},{"taxonomy":"post_tag","embeddable":true,"href":"https:\/\/dpress.ma\/fr\/wp-json\/wp\/v2\/tags?post=9641"}],"curies":[{"name":"wp","href":"https:\/\/api.w.org\/{rel}","templated":true}]}}