{"id":9595,"date":"2024-07-09T15:32:05","date_gmt":"2024-07-09T15:32:05","guid":{"rendered":"https:\/\/dpress.ma\/fr\/?p=9595"},"modified":"2024-07-09T15:32:06","modified_gmt":"2024-07-09T15:32:06","slug":"le-cafrad-un-outil-privilegie-au-service-de-la-cooperation-sud-sud","status":"publish","type":"post","link":"https:\/\/dpress.ma\/fr\/2024\/07\/09\/le-cafrad-un-outil-privilegie-au-service-de-la-cooperation-sud-sud\/","title":{"rendered":"Le CAFRAD, un outil privil\u00e9gi\u00e9 au service de la coop\u00e9ration Sud-Sud"},"content":{"rendered":"\n<p>dpress<\/p>\n\n\n\n<p>Le centre est un point d\u2019ancrage essentiel, une plateforme et un outil privil\u00e9gi\u00e9 de coop\u00e9ration Sud-Sud, capable d\u2019aider les pays africains \u00e0 renforcer leurs capacit\u00e9s institutionnelles, \u00e0 moderniser les services publics et \u00e0 relever les nombreux d\u00e9fis de l\u2019administration publique et de la gouvernance efficace, a dit Ghita Mezzour \u00e0 l\u2019occasion de la 59<sup>e<\/sup>&nbsp;session du Conseil d\u2019administration du CAFRAD.<\/p>\n\n\n\n<p>Cette mobilisation et cette dynamisation contribueront indubitablement \u00e0 consolider les acquis du centre, \u00e0 renforcer ses capacit\u00e9s et \u00e0 promouvoir des activit\u00e9s g\u00e9n\u00e9ratrices de ressources r\u00e9pondant aux besoins pressants des pays membres, a-t-elle relev\u00e9.<\/p>\n\n\n\n<p>Dans une d\u00e9claration \u00e0 la presse, la ministre a soulign\u00e9 que cette structure avait pour objectif d\u2019examiner les moyens visant \u00e0 renforcer les structures administratives dans le continent africain au service des citoyens, r\u00e9affirmant l\u2019engagement du Maroc \u00e0 accompagner les \u00c9tats africains dans leur d\u00e9veloppement, conform\u00e9ment \u00e0 la vision royale au service de la coop\u00e9ration Sud-Sud.<\/p>\n\n\n\n<p>Se f\u00e9licitant de la qualit\u00e9 des \u00e9changes fructueux et constructifs qui s\u2019inscrivent dans la continuit\u00e9 des d\u00e9cisions strat\u00e9giques prises lors de la pr\u00e9c\u00e9dente session, la ministre a fait observer que ces d\u00e9cisions visaient notamment \u00e0 adopter une nouvelle strat\u00e9gie afin de revitaliser cette institution, r\u00e9pondant ainsi aux besoins urgents des pays africains en mati\u00e8re de renforcement des capacit\u00e9s et de bonne gouvernance.<\/p>\n\n\n\n<p>Cr\u00e9\u00e9 en 1964 par les gouvernements africains, avec le soutien de l\u2019UNESCO, le CAFRAD est le premier centre panafricain de formation et de recherche dans le continent pour l\u2019am\u00e9lioration des syst\u00e8mes de l\u2019administration publique et de gouvernance en Afrique.<\/p>\n","protected":false},"excerpt":{"rendered":"<p>dpress Le centre est un point d\u2019ancrage essentiel, une plateforme et un outil privil\u00e9gi\u00e9 de coop\u00e9ration Sud-Sud, capable d\u2019aider les pays africains \u00e0 renforcer leurs capacit\u00e9s institutionnelles, \u00e0 moderniser les services publics et \u00e0 relever les nombreux d\u00e9fis de l\u2019administration publique et de la gouvernance efficace, a dit Ghita Mezzour \u00e0 l\u2019occasion de la 59e&nbsp;session &hellip;<\/p>\n","protected":false},"author":2,"featured_media":9596,"comment_status":"open","ping_status":"open","sticky":false,"template":"","format":"standard","meta":{"footnotes":""},"categories":[26],"tags":[],"class_list":["post-9595","post","type-post","status-publish","format-standard","has-post-thumbnail","hentry","category-politiques"],"yoast_head":"<!-- This site is optimized with the Yoast SEO plugin v27.5 - https:\/\/yoast.com\/product\/yoast-seo-wordpress\/ -->\n<title>Le CAFRAD, un outil privil\u00e9gi\u00e9 au service de la coop\u00e9ration Sud-Sud - Dpress.ma\/fr<\/title>\n<meta name=\"robots\" content=\"index, follow, max-snippet:-1, max-image-preview:large, max-video-preview:-1\" \/>\n<link rel=\"canonical\" href=\"https:\/\/dpress.ma\/fr\/2024\/07\/09\/le-cafrad-un-outil-privilegie-au-service-de-la-cooperation-sud-sud\/\" \/>\n<meta property=\"og:locale\" content=\"fr_FR\" \/>\n<meta property=\"og:type\" content=\"article\" \/>\n<meta property=\"og:title\" content=\"Le CAFRAD, un outil privil\u00e9gi\u00e9 au service de la coop\u00e9ration Sud-Sud - Dpress.ma\/fr\" \/>\n<meta property=\"og:description\" content=\"dpress Le centre est un point d\u2019ancrage essentiel, une plateforme et un outil privil\u00e9gi\u00e9 de coop\u00e9ration Sud-Sud, capable d\u2019aider les pays africains \u00e0 renforcer leurs capacit\u00e9s institutionnelles, \u00e0 moderniser les services publics et \u00e0 relever les nombreux d\u00e9fis de l\u2019administration publique et de la gouvernance efficace, a dit Ghita Mezzour \u00e0 l\u2019occasion de la 59e&nbsp;session &hellip;\" \/>\n<meta property=\"og:url\" content=\"https:\/\/dpress.ma\/fr\/2024\/07\/09\/le-cafrad-un-outil-privilegie-au-service-de-la-cooperation-sud-sud\/\" \/>\n<meta property=\"og:site_name\" content=\"Dpress.ma\/fr\" \/>\n<meta property=\"article:published_time\" content=\"2024-07-09T15:32:05+00:00\" \/>\n<meta property=\"article:modified_time\" content=\"2024-07-09T15:32:06+00:00\" \/>\n<meta property=\"og:image\" content=\"https:\/\/dpress.ma\/fr\/wp-content\/uploads\/sites\/2\/2024\/07\/dimensions2-2.jpg\" \/>\n\t<meta property=\"og:image:width\" content=\"2539\" \/>\n\t<meta property=\"og:image:height\" content=\"1594\" \/>\n\t<meta property=\"og:image:type\" content=\"image\/jpeg\" \/>\n<meta name=\"author\" content=\"Dpress.ma\" \/>\n<meta name=\"twitter:card\" content=\"summary_large_image\" \/>\n<meta name=\"twitter:label1\" content=\"\u00c9crit par\" \/>\n\t<meta name=\"twitter:data1\" content=\"Dpress.ma\" \/>\n\t<meta name=\"twitter:label2\" content=\"Dur\u00e9e de lecture estim\u00e9e\" \/>\n\t<meta name=\"twitter:data2\" content=\"2 minutes\" \/>\n<script type=\"application\/ld+json\" class=\"yoast-schema-graph\">{\"@context\":\"https:\\\/\\\/schema.org\",\"@graph\":[{\"@type\":\"Article\",\"@id\":\"https:\\\/\\\/dpress.ma\\\/fr\\\/2024\\\/07\\\/09\\\/le-cafrad-un-outil-privilegie-au-service-de-la-cooperation-sud-sud\\\/#article\",\"isPartOf\":{\"@id\":\"https:\\\/\\\/dpress.ma\\\/fr\\\/2024\\\/07\\\/09\\\/le-cafrad-un-outil-privilegie-au-service-de-la-cooperation-sud-sud\\\/\"},\"author\":{\"name\":\"Dpress.ma\",\"@id\":\"https:\\\/\\\/dpress.ma\\\/fr\\\/#\\\/schema\\\/person\\\/4898febf3ccd59e6578d838656a306a0\"},\"headline\":\"Le CAFRAD, un outil privil\u00e9gi\u00e9 au service de la coop\u00e9ration Sud-Sud\",\"datePublished\":\"2024-07-09T15:32:05+00:00\",\"dateModified\":\"2024-07-09T15:32:06+00:00\",\"mainEntityOfPage\":{\"@id\":\"https:\\\/\\\/dpress.ma\\\/fr\\\/2024\\\/07\\\/09\\\/le-cafrad-un-outil-privilegie-au-service-de-la-cooperation-sud-sud\\\/\"},\"wordCount\":290,\"commentCount\":0,\"image\":{\"@id\":\"https:\\\/\\\/dpress.ma\\\/fr\\\/2024\\\/07\\\/09\\\/le-cafrad-un-outil-privilegie-au-service-de-la-cooperation-sud-sud\\\/#primaryimage\"},\"thumbnailUrl\":\"https:\\\/\\\/dpress.ma\\\/fr\\\/wp-content\\\/uploads\\\/sites\\\/2\\\/2024\\\/07\\\/dimensions2-2.jpg\",\"articleSection\":[\"Politiques\"],\"inLanguage\":\"fr-FR\",\"potentialAction\":[{\"@type\":\"CommentAction\",\"name\":\"Comment\",\"target\":[\"https:\\\/\\\/dpress.ma\\\/fr\\\/2024\\\/07\\\/09\\\/le-cafrad-un-outil-privilegie-au-service-de-la-cooperation-sud-sud\\\/#respond\"]}]},{\"@type\":\"WebPage\",\"@id\":\"https:\\\/\\\/dpress.ma\\\/fr\\\/2024\\\/07\\\/09\\\/le-cafrad-un-outil-privilegie-au-service-de-la-cooperation-sud-sud\\\/\",\"url\":\"https:\\\/\\\/dpress.ma\\\/fr\\\/2024\\\/07\\\/09\\\/le-cafrad-un-outil-privilegie-au-service-de-la-cooperation-sud-sud\\\/\",\"name\":\"Le CAFRAD, un outil privil\u00e9gi\u00e9 au service de la coop\u00e9ration Sud-Sud - Dpress.ma\\\/fr\",\"isPartOf\":{\"@id\":\"https:\\\/\\\/dpress.ma\\\/fr\\\/#website\"},\"primaryImageOfPage\":{\"@id\":\"https:\\\/\\\/dpress.ma\\\/fr\\\/2024\\\/07\\\/09\\\/le-cafrad-un-outil-privilegie-au-service-de-la-cooperation-sud-sud\\\/#primaryimage\"},\"image\":{\"@id\":\"https:\\\/\\\/dpress.ma\\\/fr\\\/2024\\\/07\\\/09\\\/le-cafrad-un-outil-privilegie-au-service-de-la-cooperation-sud-sud\\\/#primaryimage\"},\"thumbnailUrl\":\"https:\\\/\\\/dpress.ma\\\/fr\\\/wp-content\\\/uploads\\\/sites\\\/2\\\/2024\\\/07\\\/dimensions2-2.jpg\",\"datePublished\":\"2024-07-09T15:32:05+00:00\",\"dateModified\":\"2024-07-09T15:32:06+00:00\",\"author\":{\"@id\":\"https:\\\/\\\/dpress.ma\\\/fr\\\/#\\\/schema\\\/person\\\/4898febf3ccd59e6578d838656a306a0\"},\"breadcrumb\":{\"@id\":\"https:\\\/\\\/dpress.ma\\\/fr\\\/2024\\\/07\\\/09\\\/le-cafrad-un-outil-privilegie-au-service-de-la-cooperation-sud-sud\\\/#breadcrumb\"},\"inLanguage\":\"fr-FR\",\"potentialAction\":[{\"@type\":\"ReadAction\",\"target\":[\"https:\\\/\\\/dpress.ma\\\/fr\\\/2024\\\/07\\\/09\\\/le-cafrad-un-outil-privilegie-au-service-de-la-cooperation-sud-sud\\\/\"]}]},{\"@type\":\"ImageObject\",\"inLanguage\":\"fr-FR\",\"@id\":\"https:\\\/\\\/dpress.ma\\\/fr\\\/2024\\\/07\\\/09\\\/le-cafrad-un-outil-privilegie-au-service-de-la-cooperation-sud-sud\\\/#primaryimage\",\"url\":\"https:\\\/\\\/dpress.ma\\\/fr\\\/wp-content\\\/uploads\\\/sites\\\/2\\\/2024\\\/07\\\/dimensions2-2.jpg\",\"contentUrl\":\"https:\\\/\\\/dpress.ma\\\/fr\\\/wp-content\\\/uploads\\\/sites\\\/2\\\/2024\\\/07\\\/dimensions2-2.jpg\",\"width\":2539,\"height\":1594},{\"@type\":\"BreadcrumbList\",\"@id\":\"https:\\\/\\\/dpress.ma\\\/fr\\\/2024\\\/07\\\/09\\\/le-cafrad-un-outil-privilegie-au-service-de-la-cooperation-sud-sud\\\/#breadcrumb\",\"itemListElement\":[{\"@type\":\"ListItem\",\"position\":1,\"name\":\"Home\",\"item\":\"https:\\\/\\\/dpress.ma\\\/fr\\\/\"},{\"@type\":\"ListItem\",\"position\":2,\"name\":\"Le CAFRAD, un outil privil\u00e9gi\u00e9 au service de la coop\u00e9ration Sud-Sud\"}]},{\"@type\":\"WebSite\",\"@id\":\"https:\\\/\\\/dpress.ma\\\/fr\\\/#website\",\"url\":\"https:\\\/\\\/dpress.ma\\\/fr\\\/\",\"name\":\"Dpress.ma\\\/fr\",\"description\":\"\",\"potentialAction\":[{\"@type\":\"SearchAction\",\"target\":{\"@type\":\"EntryPoint\",\"urlTemplate\":\"https:\\\/\\\/dpress.ma\\\/fr\\\/?s={search_term_string}\"},\"query-input\":{\"@type\":\"PropertyValueSpecification\",\"valueRequired\":true,\"valueName\":\"search_term_string\"}}],\"inLanguage\":\"fr-FR\"},{\"@type\":\"Person\",\"@id\":\"https:\\\/\\\/dpress.ma\\\/fr\\\/#\\\/schema\\\/person\\\/4898febf3ccd59e6578d838656a306a0\",\"name\":\"Dpress.ma\",\"image\":{\"@type\":\"ImageObject\",\"inLanguage\":\"fr-FR\",\"@id\":\"https:\\\/\\\/secure.gravatar.com\\\/avatar\\\/72ecc30e9db047a2e0e7176561eb9d564ed77c8108376495b19bd8336405198a?s=96&d=mm&r=g\",\"url\":\"https:\\\/\\\/secure.gravatar.com\\\/avatar\\\/72ecc30e9db047a2e0e7176561eb9d564ed77c8108376495b19bd8336405198a?s=96&d=mm&r=g\",\"contentUrl\":\"https:\\\/\\\/secure.gravatar.com\\\/avatar\\\/72ecc30e9db047a2e0e7176561eb9d564ed77c8108376495b19bd8336405198a?s=96&d=mm&r=g\",\"caption\":\"Dpress.ma\"},\"sameAs\":[\"https:\\\/\\\/www.dpress.ma\"],\"url\":\"https:\\\/\\\/dpress.ma\\\/fr\\\/author\\\/dpress-ma\\\/\"}]}<\/script>\n<!-- \/ Yoast SEO plugin. -->","yoast_head_json":{"title":"Le CAFRAD, un outil privil\u00e9gi\u00e9 au service de la coop\u00e9ration Sud-Sud - Dpress.ma\/fr","robots":{"index":"index","follow":"follow","max-snippet":"max-snippet:-1","max-image-preview":"max-image-preview:large","max-video-preview":"max-video-preview:-1"},"canonical":"https:\/\/dpress.ma\/fr\/2024\/07\/09\/le-cafrad-un-outil-privilegie-au-service-de-la-cooperation-sud-sud\/","og_locale":"fr_FR","og_type":"article","og_title":"Le CAFRAD, un outil privil\u00e9gi\u00e9 au service de la coop\u00e9ration Sud-Sud - Dpress.ma\/fr","og_description":"dpress Le centre est un point d\u2019ancrage essentiel, une plateforme et un outil privil\u00e9gi\u00e9 de coop\u00e9ration Sud-Sud, capable d\u2019aider les pays africains \u00e0 renforcer leurs capacit\u00e9s institutionnelles, \u00e0 moderniser les services publics et \u00e0 relever les nombreux d\u00e9fis de l\u2019administration publique et de la gouvernance efficace, a dit Ghita Mezzour \u00e0 l\u2019occasion de la 59e&nbsp;session &hellip;","og_url":"https:\/\/dpress.ma\/fr\/2024\/07\/09\/le-cafrad-un-outil-privilegie-au-service-de-la-cooperation-sud-sud\/","og_site_name":"Dpress.ma\/fr","article_published_time":"2024-07-09T15:32:05+00:00","article_modified_time":"2024-07-09T15:32:06+00:00","og_image":[{"width":2539,"height":1594,"url":"https:\/\/dpress.ma\/fr\/wp-content\/uploads\/sites\/2\/2024\/07\/dimensions2-2.jpg","type":"image\/jpeg"}],"author":"Dpress.ma","twitter_card":"summary_large_image","twitter_misc":{"\u00c9crit par":"Dpress.ma","Dur\u00e9e de lecture estim\u00e9e":"2 minutes"},"schema":{"@context":"https:\/\/schema.org","@graph":[{"@type":"Article","@id":"https:\/\/dpress.ma\/fr\/2024\/07\/09\/le-cafrad-un-outil-privilegie-au-service-de-la-cooperation-sud-sud\/#article","isPartOf":{"@id":"https:\/\/dpress.ma\/fr\/2024\/07\/09\/le-cafrad-un-outil-privilegie-au-service-de-la-cooperation-sud-sud\/"},"author":{"name":"Dpress.ma","@id":"https:\/\/dpress.ma\/fr\/#\/schema\/person\/4898febf3ccd59e6578d838656a306a0"},"headline":"Le CAFRAD, un outil privil\u00e9gi\u00e9 au service de la coop\u00e9ration Sud-Sud","datePublished":"2024-07-09T15:32:05+00:00","dateModified":"2024-07-09T15:32:06+00:00","mainEntityOfPage":{"@id":"https:\/\/dpress.ma\/fr\/2024\/07\/09\/le-cafrad-un-outil-privilegie-au-service-de-la-cooperation-sud-sud\/"},"wordCount":290,"commentCount":0,"image":{"@id":"https:\/\/dpress.ma\/fr\/2024\/07\/09\/le-cafrad-un-outil-privilegie-au-service-de-la-cooperation-sud-sud\/#primaryimage"},"thumbnailUrl":"https:\/\/dpress.ma\/fr\/wp-content\/uploads\/sites\/2\/2024\/07\/dimensions2-2.jpg","articleSection":["Politiques"],"inLanguage":"fr-FR","potentialAction":[{"@type":"CommentAction","name":"Comment","target":["https:\/\/dpress.ma\/fr\/2024\/07\/09\/le-cafrad-un-outil-privilegie-au-service-de-la-cooperation-sud-sud\/#respond"]}]},{"@type":"WebPage","@id":"https:\/\/dpress.ma\/fr\/2024\/07\/09\/le-cafrad-un-outil-privilegie-au-service-de-la-cooperation-sud-sud\/","url":"https:\/\/dpress.ma\/fr\/2024\/07\/09\/le-cafrad-un-outil-privilegie-au-service-de-la-cooperation-sud-sud\/","name":"Le CAFRAD, un outil privil\u00e9gi\u00e9 au service de la coop\u00e9ration Sud-Sud - Dpress.ma\/fr","isPartOf":{"@id":"https:\/\/dpress.ma\/fr\/#website"},"primaryImageOfPage":{"@id":"https:\/\/dpress.ma\/fr\/2024\/07\/09\/le-cafrad-un-outil-privilegie-au-service-de-la-cooperation-sud-sud\/#primaryimage"},"image":{"@id":"https:\/\/dpress.ma\/fr\/2024\/07\/09\/le-cafrad-un-outil-privilegie-au-service-de-la-cooperation-sud-sud\/#primaryimage"},"thumbnailUrl":"https:\/\/dpress.ma\/fr\/wp-content\/uploads\/sites\/2\/2024\/07\/dimensions2-2.jpg","datePublished":"2024-07-09T15:32:05+00:00","dateModified":"2024-07-09T15:32:06+00:00","author":{"@id":"https:\/\/dpress.ma\/fr\/#\/schema\/person\/4898febf3ccd59e6578d838656a306a0"},"breadcrumb":{"@id":"https:\/\/dpress.ma\/fr\/2024\/07\/09\/le-cafrad-un-outil-privilegie-au-service-de-la-cooperation-sud-sud\/#breadcrumb"},"inLanguage":"fr-FR","potentialAction":[{"@type":"ReadAction","target":["https:\/\/dpress.ma\/fr\/2024\/07\/09\/le-cafrad-un-outil-privilegie-au-service-de-la-cooperation-sud-sud\/"]}]},{"@type":"ImageObject","inLanguage":"fr-FR","@id":"https:\/\/dpress.ma\/fr\/2024\/07\/09\/le-cafrad-un-outil-privilegie-au-service-de-la-cooperation-sud-sud\/#primaryimage","url":"https:\/\/dpress.ma\/fr\/wp-content\/uploads\/sites\/2\/2024\/07\/dimensions2-2.jpg","contentUrl":"https:\/\/dpress.ma\/fr\/wp-content\/uploads\/sites\/2\/2024\/07\/dimensions2-2.jpg","width":2539,"height":1594},{"@type":"BreadcrumbList","@id":"https:\/\/dpress.ma\/fr\/2024\/07\/09\/le-cafrad-un-outil-privilegie-au-service-de-la-cooperation-sud-sud\/#breadcrumb","itemListElement":[{"@type":"ListItem","position":1,"name":"Home","item":"https:\/\/dpress.ma\/fr\/"},{"@type":"ListItem","position":2,"name":"Le CAFRAD, un outil privil\u00e9gi\u00e9 au service de la coop\u00e9ration Sud-Sud"}]},{"@type":"WebSite","@id":"https:\/\/dpress.ma\/fr\/#website","url":"https:\/\/dpress.ma\/fr\/","name":"Dpress.ma\/fr","description":"","potentialAction":[{"@type":"SearchAction","target":{"@type":"EntryPoint","urlTemplate":"https:\/\/dpress.ma\/fr\/?s={search_term_string}"},"query-input":{"@type":"PropertyValueSpecification","valueRequired":true,"valueName":"search_term_string"}}],"inLanguage":"fr-FR"},{"@type":"Person","@id":"https:\/\/dpress.ma\/fr\/#\/schema\/person\/4898febf3ccd59e6578d838656a306a0","name":"Dpress.ma","image":{"@type":"ImageObject","inLanguage":"fr-FR","@id":"https:\/\/secure.gravatar.com\/avatar\/72ecc30e9db047a2e0e7176561eb9d564ed77c8108376495b19bd8336405198a?s=96&d=mm&r=g","url":"https:\/\/secure.gravatar.com\/avatar\/72ecc30e9db047a2e0e7176561eb9d564ed77c8108376495b19bd8336405198a?s=96&d=mm&r=g","contentUrl":"https:\/\/secure.gravatar.com\/avatar\/72ecc30e9db047a2e0e7176561eb9d564ed77c8108376495b19bd8336405198a?s=96&d=mm&r=g","caption":"Dpress.ma"},"sameAs":["https:\/\/www.dpress.ma"],"url":"https:\/\/dpress.ma\/fr\/author\/dpress-ma\/"}]}},"amp_enabled":true,"_links":{"self":[{"href":"https:\/\/dpress.ma\/fr\/wp-json\/wp\/v2\/posts\/9595","targetHints":{"allow":["GET"]}}],"collection":[{"href":"https:\/\/dpress.ma\/fr\/wp-json\/wp\/v2\/posts"}],"about":[{"href":"https:\/\/dpress.ma\/fr\/wp-json\/wp\/v2\/types\/post"}],"author":[{"embeddable":true,"href":"https:\/\/dpress.ma\/fr\/wp-json\/wp\/v2\/users\/2"}],"replies":[{"embeddable":true,"href":"https:\/\/dpress.ma\/fr\/wp-json\/wp\/v2\/comments?post=9595"}],"version-history":[{"count":1,"href":"https:\/\/dpress.ma\/fr\/wp-json\/wp\/v2\/posts\/9595\/revisions"}],"predecessor-version":[{"id":9597,"href":"https:\/\/dpress.ma\/fr\/wp-json\/wp\/v2\/posts\/9595\/revisions\/9597"}],"wp:featuredmedia":[{"embeddable":true,"href":"https:\/\/dpress.ma\/fr\/wp-json\/wp\/v2\/media\/9596"}],"wp:attachment":[{"href":"https:\/\/dpress.ma\/fr\/wp-json\/wp\/v2\/media?parent=9595"}],"wp:term":[{"taxonomy":"category","embeddable":true,"href":"https:\/\/dpress.ma\/fr\/wp-json\/wp\/v2\/categories?post=9595"},{"taxonomy":"post_tag","embeddable":true,"href":"https:\/\/dpress.ma\/fr\/wp-json\/wp\/v2\/tags?post=9595"}],"curies":[{"name":"wp","href":"https:\/\/api.w.org\/{rel}","templated":true}]}}