{"id":9427,"date":"2024-06-24T09:06:02","date_gmt":"2024-06-24T09:06:02","guid":{"rendered":"https:\/\/dpress.ma\/fr\/?p=9427"},"modified":"2024-06-24T09:06:04","modified_gmt":"2024-06-24T09:06:04","slug":"las-far-en-finale-en-battant-le-maghreb-fes-2-0","status":"publish","type":"post","link":"https:\/\/dpress.ma\/fr\/2024\/06\/24\/las-far-en-finale-en-battant-le-maghreb-fes-2-0\/","title":{"rendered":"l\u2019AS FAR en finale en battant le Maghreb F\u00e8s (2-0)"},"content":{"rendered":"\n<p>dpress<\/p>\n\n\n\n<p>L\u2019AS FAR s\u2019est qualifi\u00e9e en finale de la Coupe du tr\u00f4ne de football (saison 2022-2023) en battant le Maghreb F\u00e8s sur le score de 2 buts \u00e0 0, en demi-finale disput\u00e9e dimanche au Grand stade d\u2019Agadir.<\/p>\n\n\n\n<p>Les Militaires ont pris l\u2019avantage par un but contre son camp de Youssef Aguerdoum (28e), avant que Amine Zouhzouh ne creuse l\u2019\u00e9cart \u00e0 la 59e minute.<\/p>\n\n\n\n<p>L\u2019AS FAR a atteint la demi-finale apr\u00e8s avoir battu l\u2019Olympique Dcheira (2-1) en quarts et la Renaissance Zemamra (2-1) en huiti\u00e8mes de finale, tandis que le Maghreb F\u00e8s a acc\u00e9d\u00e9 \u00e0 ce stade de la comp\u00e9tition aux d\u00e9pens du Moghreb T\u00e9touan en quarts (4-2) et du Fath Casablanca (1-0) en huiti\u00e8mes.<\/p>\n\n\n\n<p>Le deuxi\u00e8me billet pour la finale de la Coupe du Tr\u00f4ne sera disput\u00e9, mardi sur la pelouse du Grand stade d\u2019Agadir, entre le Raja Casablanca et le Mouloudia Oujda.<\/p>\n","protected":false},"excerpt":{"rendered":"<p>dpress L\u2019AS FAR s\u2019est qualifi\u00e9e en finale de la Coupe du tr\u00f4ne de football (saison 2022-2023) en battant le Maghreb F\u00e8s sur le score de 2 buts \u00e0 0, en demi-finale disput\u00e9e dimanche au Grand stade d\u2019Agadir. Les Militaires ont pris l\u2019avantage par un but contre son camp de Youssef Aguerdoum (28e), avant que Amine &hellip;<\/p>\n","protected":false},"author":2,"featured_media":9428,"comment_status":"open","ping_status":"open","sticky":false,"template":"","format":"standard","meta":{"footnotes":""},"categories":[27],"tags":[],"class_list":["post-9427","post","type-post","status-publish","format-standard","has-post-thumbnail","hentry","category-sport"],"yoast_head":"<!-- This site is optimized with the Yoast SEO plugin v27.5 - https:\/\/yoast.com\/product\/yoast-seo-wordpress\/ -->\n<title>l\u2019AS FAR en finale en battant le Maghreb F\u00e8s (2-0) - Dpress.ma\/fr<\/title>\n<meta name=\"robots\" content=\"index, follow, max-snippet:-1, max-image-preview:large, max-video-preview:-1\" \/>\n<link rel=\"canonical\" href=\"https:\/\/dpress.ma\/fr\/2024\/06\/24\/las-far-en-finale-en-battant-le-maghreb-fes-2-0\/\" \/>\n<meta property=\"og:locale\" content=\"fr_FR\" \/>\n<meta property=\"og:type\" content=\"article\" \/>\n<meta property=\"og:title\" content=\"l\u2019AS FAR en finale en battant le Maghreb F\u00e8s (2-0) - Dpress.ma\/fr\" \/>\n<meta property=\"og:description\" content=\"dpress L\u2019AS FAR s\u2019est qualifi\u00e9e en finale de la Coupe du tr\u00f4ne de football (saison 2022-2023) en battant le Maghreb F\u00e8s sur le score de 2 buts \u00e0 0, en demi-finale disput\u00e9e dimanche au Grand stade d\u2019Agadir. Les Militaires ont pris l\u2019avantage par un but contre son camp de Youssef Aguerdoum (28e), avant que Amine &hellip;\" \/>\n<meta property=\"og:url\" content=\"https:\/\/dpress.ma\/fr\/2024\/06\/24\/las-far-en-finale-en-battant-le-maghreb-fes-2-0\/\" \/>\n<meta property=\"og:site_name\" content=\"Dpress.ma\/fr\" \/>\n<meta property=\"article:published_time\" content=\"2024-06-24T09:06:02+00:00\" \/>\n<meta property=\"article:modified_time\" content=\"2024-06-24T09:06:04+00:00\" \/>\n<meta property=\"og:image\" content=\"https:\/\/dpress.ma\/fr\/wp-content\/uploads\/sites\/2\/2024\/06\/dprees-dim-fr-10.png\" \/>\n\t<meta property=\"og:image:width\" content=\"780\" \/>\n\t<meta property=\"og:image:height\" content=\"470\" \/>\n\t<meta property=\"og:image:type\" content=\"image\/png\" \/>\n<meta name=\"author\" content=\"Dpress.ma\" \/>\n<meta name=\"twitter:card\" content=\"summary_large_image\" \/>\n<meta name=\"twitter:label1\" content=\"\u00c9crit par\" \/>\n\t<meta name=\"twitter:data1\" content=\"Dpress.ma\" \/>\n\t<meta name=\"twitter:label2\" content=\"Dur\u00e9e de lecture estim\u00e9e\" \/>\n\t<meta name=\"twitter:data2\" content=\"1 minute\" \/>\n<script type=\"application\/ld+json\" class=\"yoast-schema-graph\">{\"@context\":\"https:\\\/\\\/schema.org\",\"@graph\":[{\"@type\":\"Article\",\"@id\":\"https:\\\/\\\/dpress.ma\\\/fr\\\/2024\\\/06\\\/24\\\/las-far-en-finale-en-battant-le-maghreb-fes-2-0\\\/#article\",\"isPartOf\":{\"@id\":\"https:\\\/\\\/dpress.ma\\\/fr\\\/2024\\\/06\\\/24\\\/las-far-en-finale-en-battant-le-maghreb-fes-2-0\\\/\"},\"author\":{\"name\":\"Dpress.ma\",\"@id\":\"https:\\\/\\\/dpress.ma\\\/fr\\\/#\\\/schema\\\/person\\\/4898febf3ccd59e6578d838656a306a0\"},\"headline\":\"l\u2019AS FAR en finale en battant le Maghreb F\u00e8s (2-0)\",\"datePublished\":\"2024-06-24T09:06:02+00:00\",\"dateModified\":\"2024-06-24T09:06:04+00:00\",\"mainEntityOfPage\":{\"@id\":\"https:\\\/\\\/dpress.ma\\\/fr\\\/2024\\\/06\\\/24\\\/las-far-en-finale-en-battant-le-maghreb-fes-2-0\\\/\"},\"wordCount\":172,\"commentCount\":0,\"image\":{\"@id\":\"https:\\\/\\\/dpress.ma\\\/fr\\\/2024\\\/06\\\/24\\\/las-far-en-finale-en-battant-le-maghreb-fes-2-0\\\/#primaryimage\"},\"thumbnailUrl\":\"https:\\\/\\\/dpress.ma\\\/fr\\\/wp-content\\\/uploads\\\/sites\\\/2\\\/2024\\\/06\\\/dprees-dim-fr-10.png\",\"articleSection\":[\"Sport\"],\"inLanguage\":\"fr-FR\",\"potentialAction\":[{\"@type\":\"CommentAction\",\"name\":\"Comment\",\"target\":[\"https:\\\/\\\/dpress.ma\\\/fr\\\/2024\\\/06\\\/24\\\/las-far-en-finale-en-battant-le-maghreb-fes-2-0\\\/#respond\"]}]},{\"@type\":\"WebPage\",\"@id\":\"https:\\\/\\\/dpress.ma\\\/fr\\\/2024\\\/06\\\/24\\\/las-far-en-finale-en-battant-le-maghreb-fes-2-0\\\/\",\"url\":\"https:\\\/\\\/dpress.ma\\\/fr\\\/2024\\\/06\\\/24\\\/las-far-en-finale-en-battant-le-maghreb-fes-2-0\\\/\",\"name\":\"l\u2019AS FAR en finale en battant le Maghreb F\u00e8s (2-0) - Dpress.ma\\\/fr\",\"isPartOf\":{\"@id\":\"https:\\\/\\\/dpress.ma\\\/fr\\\/#website\"},\"primaryImageOfPage\":{\"@id\":\"https:\\\/\\\/dpress.ma\\\/fr\\\/2024\\\/06\\\/24\\\/las-far-en-finale-en-battant-le-maghreb-fes-2-0\\\/#primaryimage\"},\"image\":{\"@id\":\"https:\\\/\\\/dpress.ma\\\/fr\\\/2024\\\/06\\\/24\\\/las-far-en-finale-en-battant-le-maghreb-fes-2-0\\\/#primaryimage\"},\"thumbnailUrl\":\"https:\\\/\\\/dpress.ma\\\/fr\\\/wp-content\\\/uploads\\\/sites\\\/2\\\/2024\\\/06\\\/dprees-dim-fr-10.png\",\"datePublished\":\"2024-06-24T09:06:02+00:00\",\"dateModified\":\"2024-06-24T09:06:04+00:00\",\"author\":{\"@id\":\"https:\\\/\\\/dpress.ma\\\/fr\\\/#\\\/schema\\\/person\\\/4898febf3ccd59e6578d838656a306a0\"},\"breadcrumb\":{\"@id\":\"https:\\\/\\\/dpress.ma\\\/fr\\\/2024\\\/06\\\/24\\\/las-far-en-finale-en-battant-le-maghreb-fes-2-0\\\/#breadcrumb\"},\"inLanguage\":\"fr-FR\",\"potentialAction\":[{\"@type\":\"ReadAction\",\"target\":[\"https:\\\/\\\/dpress.ma\\\/fr\\\/2024\\\/06\\\/24\\\/las-far-en-finale-en-battant-le-maghreb-fes-2-0\\\/\"]}]},{\"@type\":\"ImageObject\",\"inLanguage\":\"fr-FR\",\"@id\":\"https:\\\/\\\/dpress.ma\\\/fr\\\/2024\\\/06\\\/24\\\/las-far-en-finale-en-battant-le-maghreb-fes-2-0\\\/#primaryimage\",\"url\":\"https:\\\/\\\/dpress.ma\\\/fr\\\/wp-content\\\/uploads\\\/sites\\\/2\\\/2024\\\/06\\\/dprees-dim-fr-10.png\",\"contentUrl\":\"https:\\\/\\\/dpress.ma\\\/fr\\\/wp-content\\\/uploads\\\/sites\\\/2\\\/2024\\\/06\\\/dprees-dim-fr-10.png\",\"width\":780,\"height\":470},{\"@type\":\"BreadcrumbList\",\"@id\":\"https:\\\/\\\/dpress.ma\\\/fr\\\/2024\\\/06\\\/24\\\/las-far-en-finale-en-battant-le-maghreb-fes-2-0\\\/#breadcrumb\",\"itemListElement\":[{\"@type\":\"ListItem\",\"position\":1,\"name\":\"Home\",\"item\":\"https:\\\/\\\/dpress.ma\\\/fr\\\/\"},{\"@type\":\"ListItem\",\"position\":2,\"name\":\"l\u2019AS FAR en finale en battant le Maghreb F\u00e8s (2-0)\"}]},{\"@type\":\"WebSite\",\"@id\":\"https:\\\/\\\/dpress.ma\\\/fr\\\/#website\",\"url\":\"https:\\\/\\\/dpress.ma\\\/fr\\\/\",\"name\":\"Dpress.ma\\\/fr\",\"description\":\"\",\"potentialAction\":[{\"@type\":\"SearchAction\",\"target\":{\"@type\":\"EntryPoint\",\"urlTemplate\":\"https:\\\/\\\/dpress.ma\\\/fr\\\/?s={search_term_string}\"},\"query-input\":{\"@type\":\"PropertyValueSpecification\",\"valueRequired\":true,\"valueName\":\"search_term_string\"}}],\"inLanguage\":\"fr-FR\"},{\"@type\":\"Person\",\"@id\":\"https:\\\/\\\/dpress.ma\\\/fr\\\/#\\\/schema\\\/person\\\/4898febf3ccd59e6578d838656a306a0\",\"name\":\"Dpress.ma\",\"image\":{\"@type\":\"ImageObject\",\"inLanguage\":\"fr-FR\",\"@id\":\"https:\\\/\\\/secure.gravatar.com\\\/avatar\\\/72ecc30e9db047a2e0e7176561eb9d564ed77c8108376495b19bd8336405198a?s=96&d=mm&r=g\",\"url\":\"https:\\\/\\\/secure.gravatar.com\\\/avatar\\\/72ecc30e9db047a2e0e7176561eb9d564ed77c8108376495b19bd8336405198a?s=96&d=mm&r=g\",\"contentUrl\":\"https:\\\/\\\/secure.gravatar.com\\\/avatar\\\/72ecc30e9db047a2e0e7176561eb9d564ed77c8108376495b19bd8336405198a?s=96&d=mm&r=g\",\"caption\":\"Dpress.ma\"},\"sameAs\":[\"https:\\\/\\\/www.dpress.ma\"],\"url\":\"https:\\\/\\\/dpress.ma\\\/fr\\\/author\\\/dpress-ma\\\/\"}]}<\/script>\n<!-- \/ Yoast SEO plugin. -->","yoast_head_json":{"title":"l\u2019AS FAR en finale en battant le Maghreb F\u00e8s (2-0) - Dpress.ma\/fr","robots":{"index":"index","follow":"follow","max-snippet":"max-snippet:-1","max-image-preview":"max-image-preview:large","max-video-preview":"max-video-preview:-1"},"canonical":"https:\/\/dpress.ma\/fr\/2024\/06\/24\/las-far-en-finale-en-battant-le-maghreb-fes-2-0\/","og_locale":"fr_FR","og_type":"article","og_title":"l\u2019AS FAR en finale en battant le Maghreb F\u00e8s (2-0) - Dpress.ma\/fr","og_description":"dpress L\u2019AS FAR s\u2019est qualifi\u00e9e en finale de la Coupe du tr\u00f4ne de football (saison 2022-2023) en battant le Maghreb F\u00e8s sur le score de 2 buts \u00e0 0, en demi-finale disput\u00e9e dimanche au Grand stade d\u2019Agadir. Les Militaires ont pris l\u2019avantage par un but contre son camp de Youssef Aguerdoum (28e), avant que Amine &hellip;","og_url":"https:\/\/dpress.ma\/fr\/2024\/06\/24\/las-far-en-finale-en-battant-le-maghreb-fes-2-0\/","og_site_name":"Dpress.ma\/fr","article_published_time":"2024-06-24T09:06:02+00:00","article_modified_time":"2024-06-24T09:06:04+00:00","og_image":[{"width":780,"height":470,"url":"https:\/\/dpress.ma\/fr\/wp-content\/uploads\/sites\/2\/2024\/06\/dprees-dim-fr-10.png","type":"image\/png"}],"author":"Dpress.ma","twitter_card":"summary_large_image","twitter_misc":{"\u00c9crit par":"Dpress.ma","Dur\u00e9e de lecture estim\u00e9e":"1 minute"},"schema":{"@context":"https:\/\/schema.org","@graph":[{"@type":"Article","@id":"https:\/\/dpress.ma\/fr\/2024\/06\/24\/las-far-en-finale-en-battant-le-maghreb-fes-2-0\/#article","isPartOf":{"@id":"https:\/\/dpress.ma\/fr\/2024\/06\/24\/las-far-en-finale-en-battant-le-maghreb-fes-2-0\/"},"author":{"name":"Dpress.ma","@id":"https:\/\/dpress.ma\/fr\/#\/schema\/person\/4898febf3ccd59e6578d838656a306a0"},"headline":"l\u2019AS FAR en finale en battant le Maghreb F\u00e8s (2-0)","datePublished":"2024-06-24T09:06:02+00:00","dateModified":"2024-06-24T09:06:04+00:00","mainEntityOfPage":{"@id":"https:\/\/dpress.ma\/fr\/2024\/06\/24\/las-far-en-finale-en-battant-le-maghreb-fes-2-0\/"},"wordCount":172,"commentCount":0,"image":{"@id":"https:\/\/dpress.ma\/fr\/2024\/06\/24\/las-far-en-finale-en-battant-le-maghreb-fes-2-0\/#primaryimage"},"thumbnailUrl":"https:\/\/dpress.ma\/fr\/wp-content\/uploads\/sites\/2\/2024\/06\/dprees-dim-fr-10.png","articleSection":["Sport"],"inLanguage":"fr-FR","potentialAction":[{"@type":"CommentAction","name":"Comment","target":["https:\/\/dpress.ma\/fr\/2024\/06\/24\/las-far-en-finale-en-battant-le-maghreb-fes-2-0\/#respond"]}]},{"@type":"WebPage","@id":"https:\/\/dpress.ma\/fr\/2024\/06\/24\/las-far-en-finale-en-battant-le-maghreb-fes-2-0\/","url":"https:\/\/dpress.ma\/fr\/2024\/06\/24\/las-far-en-finale-en-battant-le-maghreb-fes-2-0\/","name":"l\u2019AS FAR en finale en battant le Maghreb F\u00e8s (2-0) - Dpress.ma\/fr","isPartOf":{"@id":"https:\/\/dpress.ma\/fr\/#website"},"primaryImageOfPage":{"@id":"https:\/\/dpress.ma\/fr\/2024\/06\/24\/las-far-en-finale-en-battant-le-maghreb-fes-2-0\/#primaryimage"},"image":{"@id":"https:\/\/dpress.ma\/fr\/2024\/06\/24\/las-far-en-finale-en-battant-le-maghreb-fes-2-0\/#primaryimage"},"thumbnailUrl":"https:\/\/dpress.ma\/fr\/wp-content\/uploads\/sites\/2\/2024\/06\/dprees-dim-fr-10.png","datePublished":"2024-06-24T09:06:02+00:00","dateModified":"2024-06-24T09:06:04+00:00","author":{"@id":"https:\/\/dpress.ma\/fr\/#\/schema\/person\/4898febf3ccd59e6578d838656a306a0"},"breadcrumb":{"@id":"https:\/\/dpress.ma\/fr\/2024\/06\/24\/las-far-en-finale-en-battant-le-maghreb-fes-2-0\/#breadcrumb"},"inLanguage":"fr-FR","potentialAction":[{"@type":"ReadAction","target":["https:\/\/dpress.ma\/fr\/2024\/06\/24\/las-far-en-finale-en-battant-le-maghreb-fes-2-0\/"]}]},{"@type":"ImageObject","inLanguage":"fr-FR","@id":"https:\/\/dpress.ma\/fr\/2024\/06\/24\/las-far-en-finale-en-battant-le-maghreb-fes-2-0\/#primaryimage","url":"https:\/\/dpress.ma\/fr\/wp-content\/uploads\/sites\/2\/2024\/06\/dprees-dim-fr-10.png","contentUrl":"https:\/\/dpress.ma\/fr\/wp-content\/uploads\/sites\/2\/2024\/06\/dprees-dim-fr-10.png","width":780,"height":470},{"@type":"BreadcrumbList","@id":"https:\/\/dpress.ma\/fr\/2024\/06\/24\/las-far-en-finale-en-battant-le-maghreb-fes-2-0\/#breadcrumb","itemListElement":[{"@type":"ListItem","position":1,"name":"Home","item":"https:\/\/dpress.ma\/fr\/"},{"@type":"ListItem","position":2,"name":"l\u2019AS FAR en finale en battant le Maghreb F\u00e8s (2-0)"}]},{"@type":"WebSite","@id":"https:\/\/dpress.ma\/fr\/#website","url":"https:\/\/dpress.ma\/fr\/","name":"Dpress.ma\/fr","description":"","potentialAction":[{"@type":"SearchAction","target":{"@type":"EntryPoint","urlTemplate":"https:\/\/dpress.ma\/fr\/?s={search_term_string}"},"query-input":{"@type":"PropertyValueSpecification","valueRequired":true,"valueName":"search_term_string"}}],"inLanguage":"fr-FR"},{"@type":"Person","@id":"https:\/\/dpress.ma\/fr\/#\/schema\/person\/4898febf3ccd59e6578d838656a306a0","name":"Dpress.ma","image":{"@type":"ImageObject","inLanguage":"fr-FR","@id":"https:\/\/secure.gravatar.com\/avatar\/72ecc30e9db047a2e0e7176561eb9d564ed77c8108376495b19bd8336405198a?s=96&d=mm&r=g","url":"https:\/\/secure.gravatar.com\/avatar\/72ecc30e9db047a2e0e7176561eb9d564ed77c8108376495b19bd8336405198a?s=96&d=mm&r=g","contentUrl":"https:\/\/secure.gravatar.com\/avatar\/72ecc30e9db047a2e0e7176561eb9d564ed77c8108376495b19bd8336405198a?s=96&d=mm&r=g","caption":"Dpress.ma"},"sameAs":["https:\/\/www.dpress.ma"],"url":"https:\/\/dpress.ma\/fr\/author\/dpress-ma\/"}]}},"amp_enabled":true,"_links":{"self":[{"href":"https:\/\/dpress.ma\/fr\/wp-json\/wp\/v2\/posts\/9427","targetHints":{"allow":["GET"]}}],"collection":[{"href":"https:\/\/dpress.ma\/fr\/wp-json\/wp\/v2\/posts"}],"about":[{"href":"https:\/\/dpress.ma\/fr\/wp-json\/wp\/v2\/types\/post"}],"author":[{"embeddable":true,"href":"https:\/\/dpress.ma\/fr\/wp-json\/wp\/v2\/users\/2"}],"replies":[{"embeddable":true,"href":"https:\/\/dpress.ma\/fr\/wp-json\/wp\/v2\/comments?post=9427"}],"version-history":[{"count":1,"href":"https:\/\/dpress.ma\/fr\/wp-json\/wp\/v2\/posts\/9427\/revisions"}],"predecessor-version":[{"id":9429,"href":"https:\/\/dpress.ma\/fr\/wp-json\/wp\/v2\/posts\/9427\/revisions\/9429"}],"wp:featuredmedia":[{"embeddable":true,"href":"https:\/\/dpress.ma\/fr\/wp-json\/wp\/v2\/media\/9428"}],"wp:attachment":[{"href":"https:\/\/dpress.ma\/fr\/wp-json\/wp\/v2\/media?parent=9427"}],"wp:term":[{"taxonomy":"category","embeddable":true,"href":"https:\/\/dpress.ma\/fr\/wp-json\/wp\/v2\/categories?post=9427"},{"taxonomy":"post_tag","embeddable":true,"href":"https:\/\/dpress.ma\/fr\/wp-json\/wp\/v2\/tags?post=9427"}],"curies":[{"name":"wp","href":"https:\/\/api.w.org\/{rel}","templated":true}]}}