{"id":9424,"date":"2024-06-24T09:01:49","date_gmt":"2024-06-24T09:01:49","guid":{"rendered":"https:\/\/dpress.ma\/fr\/?p=9424"},"modified":"2024-06-24T09:01:51","modified_gmt":"2024-06-24T09:01:51","slug":"la-performance-eblouissante-de-balqees-a-mawazine-une-ode-a-la-chanson-marocaine","status":"publish","type":"post","link":"https:\/\/dpress.ma\/fr\/2024\/06\/24\/la-performance-eblouissante-de-balqees-a-mawazine-une-ode-a-la-chanson-marocaine\/","title":{"rendered":"La performance \u00e9blouissante de Balqees \u00e0 Mawazine, une ode \u00e0 la chanson marocaine"},"content":{"rendered":"\n<p>dpress<\/p>\n\n\n\n<p>Entre Balqees Fathi et le Maroc, il y a une grande histoire d\u2019amour. Une \u00e9vidence qui s\u2019est confirm\u00e9e et illustr\u00e9e encore une fois lors de sa performance in\u00e9dite aux couleurs marocaines, livr\u00e9e dimanche soir \u00e0 la sc\u00e8ne Nahda, \u00e0 l\u2019occasion de la 19\u00e8 \u00e9dition du festival Mawazine rythmes du monde, qui se poursuit jusqu\u2019au 29 juin.<\/p>\n\n\n\n<p>V\u00eatue d\u2019une somptueuse \u201cTakchita\u201d dor\u00e9e richement orn\u00e9e et d\u2019un \u201cSelham\u201d \u00e0 la marocaine, la c\u00e9l\u00e8bre star y\u00e9m\u00e9nite a fait une entr\u00e9e majestueuse sous un tonnerre d\u2019applaudissements d\u2019un public conquis d\u2019avance et des youyous comme le veut la tradition marocaine.<\/p>\n\n\n\n<p>D\u00e8s les premi\u00e8res notes, l\u2019interaction entre le public et Balqees a \u00e9t\u00e9 imm\u00e9diate, en d\u00e9marrant avec une chanson classique du r\u00e9pertoire marocain,\u201dHiya, Hiya\u201d de feue Hajja El Hamdaouia. Envo\u00fbt\u00e9s par sa voix puissante et m\u00e9lodieuse, les spectateurs ont chant\u00e9 en ch\u0153ur, cr\u00e9ant une ambiance chaleureuse et conviviale.<\/p>\n\n\n\n<p>Lors de cette soir\u00e9e m\u00e9morable riche en \u00e9motions, Balqees a interpr\u00e9t\u00e9 avec brio une belle s\u00e9lection de chansons arabes les plus connues et un floril\u00e8ge de tubes de son r\u00e9pertoire, notamment ses chansons en darija qui connaissent un franc succ\u00e8s et cartonnent en cumulant des millions de vues sur Youtube, \u00e0 savoir \u201cSabra\u201d (27M), \u201cTaala Tchouf\u201d (40M) et sa plus r\u00e9cente \u201cTawaak Galbak\u201d (1,6M), sortie il y a 5 jours.<\/p>\n\n\n\n<p>Livrant une performance exceptionnelle, mettant en avant la richesse de la musique et la culture marocaines, cette star de la chanson arabe moderne a \u00e9galement gratifi\u00e9 ses fans de morceaux embl\u00e9matiques du patrimoine national, plongeant le public dans une atmosph\u00e8re typiquement marocaine.<\/p>\n\n\n\n<p>Ma\u00eetrisant parfaitement la darija, Balqees a r\u00e9ussi une transition fluide et subtile entre ses morceaux et les chansons marocaines, d\u00e9montrant sa capacit\u00e9 \u00e0 fusionner diff\u00e9rents styles musicaux, en m\u00ealant la musique traditionnelle arabe aux sonorit\u00e9s contemporaines.<\/p>\n\n\n\n<p>Le spectacle a atteint son paroxysme, lorsqu\u2019elle a \u00e9t\u00e9 rejoint sur sc\u00e8ne par un groupe de folklore marocain qui a envahi la sc\u00e8ne par son \u00e9nergie d\u00e9bordante avec des chor\u00e9graphies et des chants puis\u00e9s dans le riche patrimoine national.<\/p>\n\n\n\n<p>Et pour que ses retrouvailles avec le public de Mawazine soient inoubliables, Balqees a cl\u00f4tur\u00e9 en beaut\u00e9 en interpr\u00e9tant la c\u00e9l\u00e8bre chanson marocaine \u201cAichi Ya Bladi\u201d, tout en portant au plus haut le drapeau marocain.<\/p>\n\n\n\n<p>Tout au long de la soir\u00e9e, Balqees qui s\u2019adressait \u00e0 son public en darija, n\u2019a pas cess\u00e9 d\u2019exprimer son amour pour le Maroc qui occupe une place particuli\u00e8re dans son c\u0153ur et sa fiert\u00e9 de se produire dans l\u2019un des plus importants festivals \u00e0 l\u2019\u00e9chelle mondiale.<\/p>\n\n\n\n<p>L\u2019une des artistes arabes les plus en vogue, Balqees Fathi est une chanteuse et actrice y\u00e9m\u00e9nite. Issue d\u2019une famille de musiciens, Balqees a d\u00e9velopp\u00e9 tr\u00e8s t\u00f4t une passion pour la musique et commenc\u00e9 \u00e0 se produire sur sc\u00e8ne d\u00e8s son adolescence.<\/p>\n\n\n\n<p>En 2013, Balqees sort son premier album \u00e9ponyme, qui conna\u00eet un grand succ\u00e8s et la propulse au rang de star de la musique arabe. Depuis lors, elle encha\u00eene les succ\u00e8s avec des albums tels que \u201cZai Ma Ana\u201d et \u201cMajnoun\u201d.<\/p>\n\n\n\n<p>Balqees a re\u00e7u plusieurs prix depuis le d\u00e9but de sa carri\u00e8re, notamment \u201cArabian Music Awards\u201d, \u201cMiddle East Music Award\u201d, \u201cArab Women Awards\u201d et \u201cEmirates Woman Award\u201d.<\/p>\n","protected":false},"excerpt":{"rendered":"<p>dpress Entre Balqees Fathi et le Maroc, il y a une grande histoire d\u2019amour. Une \u00e9vidence qui s\u2019est confirm\u00e9e et illustr\u00e9e encore une fois lors de sa performance in\u00e9dite aux couleurs marocaines, livr\u00e9e dimanche soir \u00e0 la sc\u00e8ne Nahda, \u00e0 l\u2019occasion de la 19\u00e8 \u00e9dition du festival Mawazine rythmes du monde, qui se poursuit jusqu\u2019au &hellip;<\/p>\n","protected":false},"author":2,"featured_media":9425,"comment_status":"open","ping_status":"open","sticky":false,"template":"","format":"standard","meta":{"footnotes":""},"categories":[31],"tags":[],"class_list":["post-9424","post","type-post","status-publish","format-standard","has-post-thumbnail","hentry","category-art-et-culture"],"yoast_head":"<!-- This site is optimized with the Yoast SEO plugin v27.5 - https:\/\/yoast.com\/product\/yoast-seo-wordpress\/ -->\n<title>La performance \u00e9blouissante de Balqees \u00e0 Mawazine, une ode \u00e0 la chanson marocaine - Dpress.ma\/fr<\/title>\n<meta name=\"robots\" content=\"index, follow, max-snippet:-1, max-image-preview:large, max-video-preview:-1\" \/>\n<link rel=\"canonical\" href=\"https:\/\/dpress.ma\/fr\/2024\/06\/24\/la-performance-eblouissante-de-balqees-a-mawazine-une-ode-a-la-chanson-marocaine\/\" \/>\n<meta property=\"og:locale\" content=\"fr_FR\" \/>\n<meta property=\"og:type\" content=\"article\" \/>\n<meta property=\"og:title\" content=\"La performance \u00e9blouissante de Balqees \u00e0 Mawazine, une ode \u00e0 la chanson marocaine - Dpress.ma\/fr\" \/>\n<meta property=\"og:description\" content=\"dpress Entre Balqees Fathi et le Maroc, il y a une grande histoire d\u2019amour. Une \u00e9vidence qui s\u2019est confirm\u00e9e et illustr\u00e9e encore une fois lors de sa performance in\u00e9dite aux couleurs marocaines, livr\u00e9e dimanche soir \u00e0 la sc\u00e8ne Nahda, \u00e0 l\u2019occasion de la 19\u00e8 \u00e9dition du festival Mawazine rythmes du monde, qui se poursuit jusqu\u2019au &hellip;\" \/>\n<meta property=\"og:url\" content=\"https:\/\/dpress.ma\/fr\/2024\/06\/24\/la-performance-eblouissante-de-balqees-a-mawazine-une-ode-a-la-chanson-marocaine\/\" \/>\n<meta property=\"og:site_name\" content=\"Dpress.ma\/fr\" \/>\n<meta property=\"article:published_time\" content=\"2024-06-24T09:01:49+00:00\" \/>\n<meta property=\"article:modified_time\" content=\"2024-06-24T09:01:51+00:00\" \/>\n<meta property=\"og:image\" content=\"https:\/\/dpress.ma\/fr\/wp-content\/uploads\/sites\/2\/2024\/06\/dprees-dim-fr-9.png\" \/>\n\t<meta property=\"og:image:width\" content=\"780\" \/>\n\t<meta property=\"og:image:height\" content=\"470\" \/>\n\t<meta property=\"og:image:type\" content=\"image\/png\" \/>\n<meta name=\"author\" content=\"Dpress.ma\" \/>\n<meta name=\"twitter:card\" content=\"summary_large_image\" \/>\n<meta name=\"twitter:label1\" content=\"\u00c9crit par\" \/>\n\t<meta name=\"twitter:data1\" content=\"Dpress.ma\" \/>\n\t<meta name=\"twitter:label2\" content=\"Dur\u00e9e de lecture estim\u00e9e\" \/>\n\t<meta name=\"twitter:data2\" content=\"3 minutes\" \/>\n<script type=\"application\/ld+json\" class=\"yoast-schema-graph\">{\"@context\":\"https:\\\/\\\/schema.org\",\"@graph\":[{\"@type\":\"Article\",\"@id\":\"https:\\\/\\\/dpress.ma\\\/fr\\\/2024\\\/06\\\/24\\\/la-performance-eblouissante-de-balqees-a-mawazine-une-ode-a-la-chanson-marocaine\\\/#article\",\"isPartOf\":{\"@id\":\"https:\\\/\\\/dpress.ma\\\/fr\\\/2024\\\/06\\\/24\\\/la-performance-eblouissante-de-balqees-a-mawazine-une-ode-a-la-chanson-marocaine\\\/\"},\"author\":{\"name\":\"Dpress.ma\",\"@id\":\"https:\\\/\\\/dpress.ma\\\/fr\\\/#\\\/schema\\\/person\\\/4898febf3ccd59e6578d838656a306a0\"},\"headline\":\"La performance \u00e9blouissante de Balqees \u00e0 Mawazine, une ode \u00e0 la chanson marocaine\",\"datePublished\":\"2024-06-24T09:01:49+00:00\",\"dateModified\":\"2024-06-24T09:01:51+00:00\",\"mainEntityOfPage\":{\"@id\":\"https:\\\/\\\/dpress.ma\\\/fr\\\/2024\\\/06\\\/24\\\/la-performance-eblouissante-de-balqees-a-mawazine-une-ode-a-la-chanson-marocaine\\\/\"},\"wordCount\":601,\"commentCount\":0,\"image\":{\"@id\":\"https:\\\/\\\/dpress.ma\\\/fr\\\/2024\\\/06\\\/24\\\/la-performance-eblouissante-de-balqees-a-mawazine-une-ode-a-la-chanson-marocaine\\\/#primaryimage\"},\"thumbnailUrl\":\"https:\\\/\\\/dpress.ma\\\/fr\\\/wp-content\\\/uploads\\\/sites\\\/2\\\/2024\\\/06\\\/dprees-dim-fr-9.png\",\"articleSection\":[\"Art et Culture\"],\"inLanguage\":\"fr-FR\",\"potentialAction\":[{\"@type\":\"CommentAction\",\"name\":\"Comment\",\"target\":[\"https:\\\/\\\/dpress.ma\\\/fr\\\/2024\\\/06\\\/24\\\/la-performance-eblouissante-de-balqees-a-mawazine-une-ode-a-la-chanson-marocaine\\\/#respond\"]}]},{\"@type\":\"WebPage\",\"@id\":\"https:\\\/\\\/dpress.ma\\\/fr\\\/2024\\\/06\\\/24\\\/la-performance-eblouissante-de-balqees-a-mawazine-une-ode-a-la-chanson-marocaine\\\/\",\"url\":\"https:\\\/\\\/dpress.ma\\\/fr\\\/2024\\\/06\\\/24\\\/la-performance-eblouissante-de-balqees-a-mawazine-une-ode-a-la-chanson-marocaine\\\/\",\"name\":\"La performance \u00e9blouissante de Balqees \u00e0 Mawazine, une ode \u00e0 la chanson marocaine - Dpress.ma\\\/fr\",\"isPartOf\":{\"@id\":\"https:\\\/\\\/dpress.ma\\\/fr\\\/#website\"},\"primaryImageOfPage\":{\"@id\":\"https:\\\/\\\/dpress.ma\\\/fr\\\/2024\\\/06\\\/24\\\/la-performance-eblouissante-de-balqees-a-mawazine-une-ode-a-la-chanson-marocaine\\\/#primaryimage\"},\"image\":{\"@id\":\"https:\\\/\\\/dpress.ma\\\/fr\\\/2024\\\/06\\\/24\\\/la-performance-eblouissante-de-balqees-a-mawazine-une-ode-a-la-chanson-marocaine\\\/#primaryimage\"},\"thumbnailUrl\":\"https:\\\/\\\/dpress.ma\\\/fr\\\/wp-content\\\/uploads\\\/sites\\\/2\\\/2024\\\/06\\\/dprees-dim-fr-9.png\",\"datePublished\":\"2024-06-24T09:01:49+00:00\",\"dateModified\":\"2024-06-24T09:01:51+00:00\",\"author\":{\"@id\":\"https:\\\/\\\/dpress.ma\\\/fr\\\/#\\\/schema\\\/person\\\/4898febf3ccd59e6578d838656a306a0\"},\"breadcrumb\":{\"@id\":\"https:\\\/\\\/dpress.ma\\\/fr\\\/2024\\\/06\\\/24\\\/la-performance-eblouissante-de-balqees-a-mawazine-une-ode-a-la-chanson-marocaine\\\/#breadcrumb\"},\"inLanguage\":\"fr-FR\",\"potentialAction\":[{\"@type\":\"ReadAction\",\"target\":[\"https:\\\/\\\/dpress.ma\\\/fr\\\/2024\\\/06\\\/24\\\/la-performance-eblouissante-de-balqees-a-mawazine-une-ode-a-la-chanson-marocaine\\\/\"]}]},{\"@type\":\"ImageObject\",\"inLanguage\":\"fr-FR\",\"@id\":\"https:\\\/\\\/dpress.ma\\\/fr\\\/2024\\\/06\\\/24\\\/la-performance-eblouissante-de-balqees-a-mawazine-une-ode-a-la-chanson-marocaine\\\/#primaryimage\",\"url\":\"https:\\\/\\\/dpress.ma\\\/fr\\\/wp-content\\\/uploads\\\/sites\\\/2\\\/2024\\\/06\\\/dprees-dim-fr-9.png\",\"contentUrl\":\"https:\\\/\\\/dpress.ma\\\/fr\\\/wp-content\\\/uploads\\\/sites\\\/2\\\/2024\\\/06\\\/dprees-dim-fr-9.png\",\"width\":780,\"height\":470},{\"@type\":\"BreadcrumbList\",\"@id\":\"https:\\\/\\\/dpress.ma\\\/fr\\\/2024\\\/06\\\/24\\\/la-performance-eblouissante-de-balqees-a-mawazine-une-ode-a-la-chanson-marocaine\\\/#breadcrumb\",\"itemListElement\":[{\"@type\":\"ListItem\",\"position\":1,\"name\":\"Home\",\"item\":\"https:\\\/\\\/dpress.ma\\\/fr\\\/\"},{\"@type\":\"ListItem\",\"position\":2,\"name\":\"La performance \u00e9blouissante de Balqees \u00e0 Mawazine, une ode \u00e0 la chanson marocaine\"}]},{\"@type\":\"WebSite\",\"@id\":\"https:\\\/\\\/dpress.ma\\\/fr\\\/#website\",\"url\":\"https:\\\/\\\/dpress.ma\\\/fr\\\/\",\"name\":\"Dpress.ma\\\/fr\",\"description\":\"\",\"potentialAction\":[{\"@type\":\"SearchAction\",\"target\":{\"@type\":\"EntryPoint\",\"urlTemplate\":\"https:\\\/\\\/dpress.ma\\\/fr\\\/?s={search_term_string}\"},\"query-input\":{\"@type\":\"PropertyValueSpecification\",\"valueRequired\":true,\"valueName\":\"search_term_string\"}}],\"inLanguage\":\"fr-FR\"},{\"@type\":\"Person\",\"@id\":\"https:\\\/\\\/dpress.ma\\\/fr\\\/#\\\/schema\\\/person\\\/4898febf3ccd59e6578d838656a306a0\",\"name\":\"Dpress.ma\",\"image\":{\"@type\":\"ImageObject\",\"inLanguage\":\"fr-FR\",\"@id\":\"https:\\\/\\\/secure.gravatar.com\\\/avatar\\\/72ecc30e9db047a2e0e7176561eb9d564ed77c8108376495b19bd8336405198a?s=96&d=mm&r=g\",\"url\":\"https:\\\/\\\/secure.gravatar.com\\\/avatar\\\/72ecc30e9db047a2e0e7176561eb9d564ed77c8108376495b19bd8336405198a?s=96&d=mm&r=g\",\"contentUrl\":\"https:\\\/\\\/secure.gravatar.com\\\/avatar\\\/72ecc30e9db047a2e0e7176561eb9d564ed77c8108376495b19bd8336405198a?s=96&d=mm&r=g\",\"caption\":\"Dpress.ma\"},\"sameAs\":[\"https:\\\/\\\/www.dpress.ma\"],\"url\":\"https:\\\/\\\/dpress.ma\\\/fr\\\/author\\\/dpress-ma\\\/\"}]}<\/script>\n<!-- \/ Yoast SEO plugin. -->","yoast_head_json":{"title":"La performance \u00e9blouissante de Balqees \u00e0 Mawazine, une ode \u00e0 la chanson marocaine - Dpress.ma\/fr","robots":{"index":"index","follow":"follow","max-snippet":"max-snippet:-1","max-image-preview":"max-image-preview:large","max-video-preview":"max-video-preview:-1"},"canonical":"https:\/\/dpress.ma\/fr\/2024\/06\/24\/la-performance-eblouissante-de-balqees-a-mawazine-une-ode-a-la-chanson-marocaine\/","og_locale":"fr_FR","og_type":"article","og_title":"La performance \u00e9blouissante de Balqees \u00e0 Mawazine, une ode \u00e0 la chanson marocaine - Dpress.ma\/fr","og_description":"dpress Entre Balqees Fathi et le Maroc, il y a une grande histoire d\u2019amour. Une \u00e9vidence qui s\u2019est confirm\u00e9e et illustr\u00e9e encore une fois lors de sa performance in\u00e9dite aux couleurs marocaines, livr\u00e9e dimanche soir \u00e0 la sc\u00e8ne Nahda, \u00e0 l\u2019occasion de la 19\u00e8 \u00e9dition du festival Mawazine rythmes du monde, qui se poursuit jusqu\u2019au &hellip;","og_url":"https:\/\/dpress.ma\/fr\/2024\/06\/24\/la-performance-eblouissante-de-balqees-a-mawazine-une-ode-a-la-chanson-marocaine\/","og_site_name":"Dpress.ma\/fr","article_published_time":"2024-06-24T09:01:49+00:00","article_modified_time":"2024-06-24T09:01:51+00:00","og_image":[{"width":780,"height":470,"url":"https:\/\/dpress.ma\/fr\/wp-content\/uploads\/sites\/2\/2024\/06\/dprees-dim-fr-9.png","type":"image\/png"}],"author":"Dpress.ma","twitter_card":"summary_large_image","twitter_misc":{"\u00c9crit par":"Dpress.ma","Dur\u00e9e de lecture estim\u00e9e":"3 minutes"},"schema":{"@context":"https:\/\/schema.org","@graph":[{"@type":"Article","@id":"https:\/\/dpress.ma\/fr\/2024\/06\/24\/la-performance-eblouissante-de-balqees-a-mawazine-une-ode-a-la-chanson-marocaine\/#article","isPartOf":{"@id":"https:\/\/dpress.ma\/fr\/2024\/06\/24\/la-performance-eblouissante-de-balqees-a-mawazine-une-ode-a-la-chanson-marocaine\/"},"author":{"name":"Dpress.ma","@id":"https:\/\/dpress.ma\/fr\/#\/schema\/person\/4898febf3ccd59e6578d838656a306a0"},"headline":"La performance \u00e9blouissante de Balqees \u00e0 Mawazine, une ode \u00e0 la chanson marocaine","datePublished":"2024-06-24T09:01:49+00:00","dateModified":"2024-06-24T09:01:51+00:00","mainEntityOfPage":{"@id":"https:\/\/dpress.ma\/fr\/2024\/06\/24\/la-performance-eblouissante-de-balqees-a-mawazine-une-ode-a-la-chanson-marocaine\/"},"wordCount":601,"commentCount":0,"image":{"@id":"https:\/\/dpress.ma\/fr\/2024\/06\/24\/la-performance-eblouissante-de-balqees-a-mawazine-une-ode-a-la-chanson-marocaine\/#primaryimage"},"thumbnailUrl":"https:\/\/dpress.ma\/fr\/wp-content\/uploads\/sites\/2\/2024\/06\/dprees-dim-fr-9.png","articleSection":["Art et Culture"],"inLanguage":"fr-FR","potentialAction":[{"@type":"CommentAction","name":"Comment","target":["https:\/\/dpress.ma\/fr\/2024\/06\/24\/la-performance-eblouissante-de-balqees-a-mawazine-une-ode-a-la-chanson-marocaine\/#respond"]}]},{"@type":"WebPage","@id":"https:\/\/dpress.ma\/fr\/2024\/06\/24\/la-performance-eblouissante-de-balqees-a-mawazine-une-ode-a-la-chanson-marocaine\/","url":"https:\/\/dpress.ma\/fr\/2024\/06\/24\/la-performance-eblouissante-de-balqees-a-mawazine-une-ode-a-la-chanson-marocaine\/","name":"La performance \u00e9blouissante de Balqees \u00e0 Mawazine, une ode \u00e0 la chanson marocaine - Dpress.ma\/fr","isPartOf":{"@id":"https:\/\/dpress.ma\/fr\/#website"},"primaryImageOfPage":{"@id":"https:\/\/dpress.ma\/fr\/2024\/06\/24\/la-performance-eblouissante-de-balqees-a-mawazine-une-ode-a-la-chanson-marocaine\/#primaryimage"},"image":{"@id":"https:\/\/dpress.ma\/fr\/2024\/06\/24\/la-performance-eblouissante-de-balqees-a-mawazine-une-ode-a-la-chanson-marocaine\/#primaryimage"},"thumbnailUrl":"https:\/\/dpress.ma\/fr\/wp-content\/uploads\/sites\/2\/2024\/06\/dprees-dim-fr-9.png","datePublished":"2024-06-24T09:01:49+00:00","dateModified":"2024-06-24T09:01:51+00:00","author":{"@id":"https:\/\/dpress.ma\/fr\/#\/schema\/person\/4898febf3ccd59e6578d838656a306a0"},"breadcrumb":{"@id":"https:\/\/dpress.ma\/fr\/2024\/06\/24\/la-performance-eblouissante-de-balqees-a-mawazine-une-ode-a-la-chanson-marocaine\/#breadcrumb"},"inLanguage":"fr-FR","potentialAction":[{"@type":"ReadAction","target":["https:\/\/dpress.ma\/fr\/2024\/06\/24\/la-performance-eblouissante-de-balqees-a-mawazine-une-ode-a-la-chanson-marocaine\/"]}]},{"@type":"ImageObject","inLanguage":"fr-FR","@id":"https:\/\/dpress.ma\/fr\/2024\/06\/24\/la-performance-eblouissante-de-balqees-a-mawazine-une-ode-a-la-chanson-marocaine\/#primaryimage","url":"https:\/\/dpress.ma\/fr\/wp-content\/uploads\/sites\/2\/2024\/06\/dprees-dim-fr-9.png","contentUrl":"https:\/\/dpress.ma\/fr\/wp-content\/uploads\/sites\/2\/2024\/06\/dprees-dim-fr-9.png","width":780,"height":470},{"@type":"BreadcrumbList","@id":"https:\/\/dpress.ma\/fr\/2024\/06\/24\/la-performance-eblouissante-de-balqees-a-mawazine-une-ode-a-la-chanson-marocaine\/#breadcrumb","itemListElement":[{"@type":"ListItem","position":1,"name":"Home","item":"https:\/\/dpress.ma\/fr\/"},{"@type":"ListItem","position":2,"name":"La performance \u00e9blouissante de Balqees \u00e0 Mawazine, une ode \u00e0 la chanson marocaine"}]},{"@type":"WebSite","@id":"https:\/\/dpress.ma\/fr\/#website","url":"https:\/\/dpress.ma\/fr\/","name":"Dpress.ma\/fr","description":"","potentialAction":[{"@type":"SearchAction","target":{"@type":"EntryPoint","urlTemplate":"https:\/\/dpress.ma\/fr\/?s={search_term_string}"},"query-input":{"@type":"PropertyValueSpecification","valueRequired":true,"valueName":"search_term_string"}}],"inLanguage":"fr-FR"},{"@type":"Person","@id":"https:\/\/dpress.ma\/fr\/#\/schema\/person\/4898febf3ccd59e6578d838656a306a0","name":"Dpress.ma","image":{"@type":"ImageObject","inLanguage":"fr-FR","@id":"https:\/\/secure.gravatar.com\/avatar\/72ecc30e9db047a2e0e7176561eb9d564ed77c8108376495b19bd8336405198a?s=96&d=mm&r=g","url":"https:\/\/secure.gravatar.com\/avatar\/72ecc30e9db047a2e0e7176561eb9d564ed77c8108376495b19bd8336405198a?s=96&d=mm&r=g","contentUrl":"https:\/\/secure.gravatar.com\/avatar\/72ecc30e9db047a2e0e7176561eb9d564ed77c8108376495b19bd8336405198a?s=96&d=mm&r=g","caption":"Dpress.ma"},"sameAs":["https:\/\/www.dpress.ma"],"url":"https:\/\/dpress.ma\/fr\/author\/dpress-ma\/"}]}},"amp_enabled":true,"_links":{"self":[{"href":"https:\/\/dpress.ma\/fr\/wp-json\/wp\/v2\/posts\/9424","targetHints":{"allow":["GET"]}}],"collection":[{"href":"https:\/\/dpress.ma\/fr\/wp-json\/wp\/v2\/posts"}],"about":[{"href":"https:\/\/dpress.ma\/fr\/wp-json\/wp\/v2\/types\/post"}],"author":[{"embeddable":true,"href":"https:\/\/dpress.ma\/fr\/wp-json\/wp\/v2\/users\/2"}],"replies":[{"embeddable":true,"href":"https:\/\/dpress.ma\/fr\/wp-json\/wp\/v2\/comments?post=9424"}],"version-history":[{"count":1,"href":"https:\/\/dpress.ma\/fr\/wp-json\/wp\/v2\/posts\/9424\/revisions"}],"predecessor-version":[{"id":9426,"href":"https:\/\/dpress.ma\/fr\/wp-json\/wp\/v2\/posts\/9424\/revisions\/9426"}],"wp:featuredmedia":[{"embeddable":true,"href":"https:\/\/dpress.ma\/fr\/wp-json\/wp\/v2\/media\/9425"}],"wp:attachment":[{"href":"https:\/\/dpress.ma\/fr\/wp-json\/wp\/v2\/media?parent=9424"}],"wp:term":[{"taxonomy":"category","embeddable":true,"href":"https:\/\/dpress.ma\/fr\/wp-json\/wp\/v2\/categories?post=9424"},{"taxonomy":"post_tag","embeddable":true,"href":"https:\/\/dpress.ma\/fr\/wp-json\/wp\/v2\/tags?post=9424"}],"curies":[{"name":"wp","href":"https:\/\/api.w.org\/{rel}","templated":true}]}}