{"id":9415,"date":"2024-06-21T15:03:06","date_gmt":"2024-06-21T15:03:06","guid":{"rendered":"https:\/\/dpress.ma\/fr\/?p=9415"},"modified":"2024-06-21T15:03:08","modified_gmt":"2024-06-21T15:03:08","slug":"deces-dans-les-rangs-des-pelerins-marocains-pas-de-situation-anormale-lors-du-hajj-1445","status":"publish","type":"post","link":"https:\/\/dpress.ma\/fr\/2024\/06\/21\/deces-dans-les-rangs-des-pelerins-marocains-pas-de-situation-anormale-lors-du-hajj-1445\/","title":{"rendered":"D\u00e9c\u00e8s dans les rangs des p\u00e8lerins marocains : \u201cpas de situation anormale\u201d lors du Hajj 1445"},"content":{"rendered":"\n<p>dpress<\/p>\n\n\n\n<p>Le minist\u00e8re des Habous et des Affaires islamiques a affirm\u00e9, vendredi, qu\u2019il n\u2019y a pas eu de \u201csituation anormale\u201d au sujet des d\u00e9c\u00e8s dans les rangs des p\u00e8lerins marocains lors de la saison actuelle du Hajj 1445, pr\u00e9cisant que vingt d\u00e9c\u00e8s ont \u00e9t\u00e9 enregistr\u00e9s \u00e0 ce jour.<\/p>\n\n\n\n<p>Dans un communiqu\u00e9 sur les \u201cd\u00e9c\u00e8s parmi les p\u00e8lerins marocains\u201d, le minist\u00e8re indique que ces cas de d\u00e9c\u00e8s ont \u00e9t\u00e9 enregistr\u00e9s parmi les p\u00e8lerins faisant partie de l\u2019organisation officielle et l\u2019organisation des agences de voyages, soit quasiment le m\u00eame nombre en comparaison avec la m\u00eame p\u00e9riode de la saison du Hajj de l\u2019ann\u00e9e derni\u00e8re.<\/p>\n\n\n\n<p>Au cours des vingt derni\u00e8res ann\u00e9es, rappelle le minist\u00e8re, le nombre de d\u00e9c\u00e8s parmi les p\u00e8lerins marocains se situait chaque ann\u00e9e entre 30 et 45 cas.<\/p>\n\n\n\n<p>S\u2019agissant des d\u00e9c\u00e8s de cette ann\u00e9e, le minist\u00e8re affirme qu\u2019il s\u2019agit de \u201cmorts naturelles\u201d, soulignant que 15% des p\u00e8lerins marocains cette ann\u00e9e sont \u00e2g\u00e9s de plus de 80 ans.<\/p>\n","protected":false},"excerpt":{"rendered":"<p>dpress Le minist\u00e8re des Habous et des Affaires islamiques a affirm\u00e9, vendredi, qu\u2019il n\u2019y a pas eu de \u201csituation anormale\u201d au sujet des d\u00e9c\u00e8s dans les rangs des p\u00e8lerins marocains lors de la saison actuelle du Hajj 1445, pr\u00e9cisant que vingt d\u00e9c\u00e8s ont \u00e9t\u00e9 enregistr\u00e9s \u00e0 ce jour. Dans un communiqu\u00e9 sur les \u201cd\u00e9c\u00e8s parmi &hellip;<\/p>\n","protected":false},"author":2,"featured_media":9416,"comment_status":"open","ping_status":"open","sticky":false,"template":"","format":"standard","meta":{"footnotes":""},"categories":[40],"tags":[],"class_list":["post-9415","post","type-post","status-publish","format-standard","has-post-thumbnail","hentry","category-societe-et-regions"],"yoast_head":"<!-- This site is optimized with the Yoast SEO plugin v27.5 - https:\/\/yoast.com\/product\/yoast-seo-wordpress\/ -->\n<title>D\u00e9c\u00e8s dans les rangs des p\u00e8lerins marocains : \u201cpas de situation anormale\u201d lors du Hajj 1445 - Dpress.ma\/fr<\/title>\n<meta name=\"robots\" content=\"index, follow, max-snippet:-1, max-image-preview:large, max-video-preview:-1\" \/>\n<link rel=\"canonical\" href=\"https:\/\/dpress.ma\/fr\/2024\/06\/21\/deces-dans-les-rangs-des-pelerins-marocains-pas-de-situation-anormale-lors-du-hajj-1445\/\" \/>\n<meta property=\"og:locale\" content=\"fr_FR\" \/>\n<meta property=\"og:type\" content=\"article\" \/>\n<meta property=\"og:title\" content=\"D\u00e9c\u00e8s dans les rangs des p\u00e8lerins marocains : \u201cpas de situation anormale\u201d lors du Hajj 1445 - Dpress.ma\/fr\" \/>\n<meta property=\"og:description\" content=\"dpress Le minist\u00e8re des Habous et des Affaires islamiques a affirm\u00e9, vendredi, qu\u2019il n\u2019y a pas eu de \u201csituation anormale\u201d au sujet des d\u00e9c\u00e8s dans les rangs des p\u00e8lerins marocains lors de la saison actuelle du Hajj 1445, pr\u00e9cisant que vingt d\u00e9c\u00e8s ont \u00e9t\u00e9 enregistr\u00e9s \u00e0 ce jour. Dans un communiqu\u00e9 sur les \u201cd\u00e9c\u00e8s parmi &hellip;\" \/>\n<meta property=\"og:url\" content=\"https:\/\/dpress.ma\/fr\/2024\/06\/21\/deces-dans-les-rangs-des-pelerins-marocains-pas-de-situation-anormale-lors-du-hajj-1445\/\" \/>\n<meta property=\"og:site_name\" content=\"Dpress.ma\/fr\" \/>\n<meta property=\"article:published_time\" content=\"2024-06-21T15:03:06+00:00\" \/>\n<meta property=\"article:modified_time\" content=\"2024-06-21T15:03:08+00:00\" \/>\n<meta property=\"og:image\" content=\"https:\/\/dpress.ma\/fr\/wp-content\/uploads\/sites\/2\/2024\/06\/dprees-dim-fr-6.png\" \/>\n\t<meta property=\"og:image:width\" content=\"780\" \/>\n\t<meta property=\"og:image:height\" content=\"470\" \/>\n\t<meta property=\"og:image:type\" content=\"image\/png\" \/>\n<meta name=\"author\" content=\"Dpress.ma\" \/>\n<meta name=\"twitter:card\" content=\"summary_large_image\" \/>\n<meta name=\"twitter:label1\" content=\"\u00c9crit par\" \/>\n\t<meta name=\"twitter:data1\" content=\"Dpress.ma\" \/>\n\t<meta name=\"twitter:label2\" content=\"Dur\u00e9e de lecture estim\u00e9e\" \/>\n\t<meta name=\"twitter:data2\" content=\"2 minutes\" \/>\n<script type=\"application\/ld+json\" class=\"yoast-schema-graph\">{\"@context\":\"https:\\\/\\\/schema.org\",\"@graph\":[{\"@type\":\"Article\",\"@id\":\"https:\\\/\\\/dpress.ma\\\/fr\\\/2024\\\/06\\\/21\\\/deces-dans-les-rangs-des-pelerins-marocains-pas-de-situation-anormale-lors-du-hajj-1445\\\/#article\",\"isPartOf\":{\"@id\":\"https:\\\/\\\/dpress.ma\\\/fr\\\/2024\\\/06\\\/21\\\/deces-dans-les-rangs-des-pelerins-marocains-pas-de-situation-anormale-lors-du-hajj-1445\\\/\"},\"author\":{\"name\":\"Dpress.ma\",\"@id\":\"https:\\\/\\\/dpress.ma\\\/fr\\\/#\\\/schema\\\/person\\\/4898febf3ccd59e6578d838656a306a0\"},\"headline\":\"D\u00e9c\u00e8s dans les rangs des p\u00e8lerins marocains : \u201cpas de situation anormale\u201d lors du Hajj 1445\",\"datePublished\":\"2024-06-21T15:03:06+00:00\",\"dateModified\":\"2024-06-21T15:03:08+00:00\",\"mainEntityOfPage\":{\"@id\":\"https:\\\/\\\/dpress.ma\\\/fr\\\/2024\\\/06\\\/21\\\/deces-dans-les-rangs-des-pelerins-marocains-pas-de-situation-anormale-lors-du-hajj-1445\\\/\"},\"wordCount\":211,\"commentCount\":0,\"image\":{\"@id\":\"https:\\\/\\\/dpress.ma\\\/fr\\\/2024\\\/06\\\/21\\\/deces-dans-les-rangs-des-pelerins-marocains-pas-de-situation-anormale-lors-du-hajj-1445\\\/#primaryimage\"},\"thumbnailUrl\":\"https:\\\/\\\/dpress.ma\\\/fr\\\/wp-content\\\/uploads\\\/sites\\\/2\\\/2024\\\/06\\\/dprees-dim-fr-6.png\",\"articleSection\":[\"societe et regions\"],\"inLanguage\":\"fr-FR\",\"potentialAction\":[{\"@type\":\"CommentAction\",\"name\":\"Comment\",\"target\":[\"https:\\\/\\\/dpress.ma\\\/fr\\\/2024\\\/06\\\/21\\\/deces-dans-les-rangs-des-pelerins-marocains-pas-de-situation-anormale-lors-du-hajj-1445\\\/#respond\"]}]},{\"@type\":\"WebPage\",\"@id\":\"https:\\\/\\\/dpress.ma\\\/fr\\\/2024\\\/06\\\/21\\\/deces-dans-les-rangs-des-pelerins-marocains-pas-de-situation-anormale-lors-du-hajj-1445\\\/\",\"url\":\"https:\\\/\\\/dpress.ma\\\/fr\\\/2024\\\/06\\\/21\\\/deces-dans-les-rangs-des-pelerins-marocains-pas-de-situation-anormale-lors-du-hajj-1445\\\/\",\"name\":\"D\u00e9c\u00e8s dans les rangs des p\u00e8lerins marocains : \u201cpas de situation anormale\u201d lors du Hajj 1445 - Dpress.ma\\\/fr\",\"isPartOf\":{\"@id\":\"https:\\\/\\\/dpress.ma\\\/fr\\\/#website\"},\"primaryImageOfPage\":{\"@id\":\"https:\\\/\\\/dpress.ma\\\/fr\\\/2024\\\/06\\\/21\\\/deces-dans-les-rangs-des-pelerins-marocains-pas-de-situation-anormale-lors-du-hajj-1445\\\/#primaryimage\"},\"image\":{\"@id\":\"https:\\\/\\\/dpress.ma\\\/fr\\\/2024\\\/06\\\/21\\\/deces-dans-les-rangs-des-pelerins-marocains-pas-de-situation-anormale-lors-du-hajj-1445\\\/#primaryimage\"},\"thumbnailUrl\":\"https:\\\/\\\/dpress.ma\\\/fr\\\/wp-content\\\/uploads\\\/sites\\\/2\\\/2024\\\/06\\\/dprees-dim-fr-6.png\",\"datePublished\":\"2024-06-21T15:03:06+00:00\",\"dateModified\":\"2024-06-21T15:03:08+00:00\",\"author\":{\"@id\":\"https:\\\/\\\/dpress.ma\\\/fr\\\/#\\\/schema\\\/person\\\/4898febf3ccd59e6578d838656a306a0\"},\"breadcrumb\":{\"@id\":\"https:\\\/\\\/dpress.ma\\\/fr\\\/2024\\\/06\\\/21\\\/deces-dans-les-rangs-des-pelerins-marocains-pas-de-situation-anormale-lors-du-hajj-1445\\\/#breadcrumb\"},\"inLanguage\":\"fr-FR\",\"potentialAction\":[{\"@type\":\"ReadAction\",\"target\":[\"https:\\\/\\\/dpress.ma\\\/fr\\\/2024\\\/06\\\/21\\\/deces-dans-les-rangs-des-pelerins-marocains-pas-de-situation-anormale-lors-du-hajj-1445\\\/\"]}]},{\"@type\":\"ImageObject\",\"inLanguage\":\"fr-FR\",\"@id\":\"https:\\\/\\\/dpress.ma\\\/fr\\\/2024\\\/06\\\/21\\\/deces-dans-les-rangs-des-pelerins-marocains-pas-de-situation-anormale-lors-du-hajj-1445\\\/#primaryimage\",\"url\":\"https:\\\/\\\/dpress.ma\\\/fr\\\/wp-content\\\/uploads\\\/sites\\\/2\\\/2024\\\/06\\\/dprees-dim-fr-6.png\",\"contentUrl\":\"https:\\\/\\\/dpress.ma\\\/fr\\\/wp-content\\\/uploads\\\/sites\\\/2\\\/2024\\\/06\\\/dprees-dim-fr-6.png\",\"width\":780,\"height\":470},{\"@type\":\"BreadcrumbList\",\"@id\":\"https:\\\/\\\/dpress.ma\\\/fr\\\/2024\\\/06\\\/21\\\/deces-dans-les-rangs-des-pelerins-marocains-pas-de-situation-anormale-lors-du-hajj-1445\\\/#breadcrumb\",\"itemListElement\":[{\"@type\":\"ListItem\",\"position\":1,\"name\":\"Home\",\"item\":\"https:\\\/\\\/dpress.ma\\\/fr\\\/\"},{\"@type\":\"ListItem\",\"position\":2,\"name\":\"D\u00e9c\u00e8s dans les rangs des p\u00e8lerins marocains : \u201cpas de situation anormale\u201d lors du Hajj 1445\"}]},{\"@type\":\"WebSite\",\"@id\":\"https:\\\/\\\/dpress.ma\\\/fr\\\/#website\",\"url\":\"https:\\\/\\\/dpress.ma\\\/fr\\\/\",\"name\":\"Dpress.ma\\\/fr\",\"description\":\"\",\"potentialAction\":[{\"@type\":\"SearchAction\",\"target\":{\"@type\":\"EntryPoint\",\"urlTemplate\":\"https:\\\/\\\/dpress.ma\\\/fr\\\/?s={search_term_string}\"},\"query-input\":{\"@type\":\"PropertyValueSpecification\",\"valueRequired\":true,\"valueName\":\"search_term_string\"}}],\"inLanguage\":\"fr-FR\"},{\"@type\":\"Person\",\"@id\":\"https:\\\/\\\/dpress.ma\\\/fr\\\/#\\\/schema\\\/person\\\/4898febf3ccd59e6578d838656a306a0\",\"name\":\"Dpress.ma\",\"image\":{\"@type\":\"ImageObject\",\"inLanguage\":\"fr-FR\",\"@id\":\"https:\\\/\\\/secure.gravatar.com\\\/avatar\\\/72ecc30e9db047a2e0e7176561eb9d564ed77c8108376495b19bd8336405198a?s=96&d=mm&r=g\",\"url\":\"https:\\\/\\\/secure.gravatar.com\\\/avatar\\\/72ecc30e9db047a2e0e7176561eb9d564ed77c8108376495b19bd8336405198a?s=96&d=mm&r=g\",\"contentUrl\":\"https:\\\/\\\/secure.gravatar.com\\\/avatar\\\/72ecc30e9db047a2e0e7176561eb9d564ed77c8108376495b19bd8336405198a?s=96&d=mm&r=g\",\"caption\":\"Dpress.ma\"},\"sameAs\":[\"https:\\\/\\\/www.dpress.ma\"],\"url\":\"https:\\\/\\\/dpress.ma\\\/fr\\\/author\\\/dpress-ma\\\/\"}]}<\/script>\n<!-- \/ Yoast SEO plugin. -->","yoast_head_json":{"title":"D\u00e9c\u00e8s dans les rangs des p\u00e8lerins marocains : \u201cpas de situation anormale\u201d lors du Hajj 1445 - Dpress.ma\/fr","robots":{"index":"index","follow":"follow","max-snippet":"max-snippet:-1","max-image-preview":"max-image-preview:large","max-video-preview":"max-video-preview:-1"},"canonical":"https:\/\/dpress.ma\/fr\/2024\/06\/21\/deces-dans-les-rangs-des-pelerins-marocains-pas-de-situation-anormale-lors-du-hajj-1445\/","og_locale":"fr_FR","og_type":"article","og_title":"D\u00e9c\u00e8s dans les rangs des p\u00e8lerins marocains : \u201cpas de situation anormale\u201d lors du Hajj 1445 - Dpress.ma\/fr","og_description":"dpress Le minist\u00e8re des Habous et des Affaires islamiques a affirm\u00e9, vendredi, qu\u2019il n\u2019y a pas eu de \u201csituation anormale\u201d au sujet des d\u00e9c\u00e8s dans les rangs des p\u00e8lerins marocains lors de la saison actuelle du Hajj 1445, pr\u00e9cisant que vingt d\u00e9c\u00e8s ont \u00e9t\u00e9 enregistr\u00e9s \u00e0 ce jour. Dans un communiqu\u00e9 sur les \u201cd\u00e9c\u00e8s parmi &hellip;","og_url":"https:\/\/dpress.ma\/fr\/2024\/06\/21\/deces-dans-les-rangs-des-pelerins-marocains-pas-de-situation-anormale-lors-du-hajj-1445\/","og_site_name":"Dpress.ma\/fr","article_published_time":"2024-06-21T15:03:06+00:00","article_modified_time":"2024-06-21T15:03:08+00:00","og_image":[{"width":780,"height":470,"url":"https:\/\/dpress.ma\/fr\/wp-content\/uploads\/sites\/2\/2024\/06\/dprees-dim-fr-6.png","type":"image\/png"}],"author":"Dpress.ma","twitter_card":"summary_large_image","twitter_misc":{"\u00c9crit par":"Dpress.ma","Dur\u00e9e de lecture estim\u00e9e":"2 minutes"},"schema":{"@context":"https:\/\/schema.org","@graph":[{"@type":"Article","@id":"https:\/\/dpress.ma\/fr\/2024\/06\/21\/deces-dans-les-rangs-des-pelerins-marocains-pas-de-situation-anormale-lors-du-hajj-1445\/#article","isPartOf":{"@id":"https:\/\/dpress.ma\/fr\/2024\/06\/21\/deces-dans-les-rangs-des-pelerins-marocains-pas-de-situation-anormale-lors-du-hajj-1445\/"},"author":{"name":"Dpress.ma","@id":"https:\/\/dpress.ma\/fr\/#\/schema\/person\/4898febf3ccd59e6578d838656a306a0"},"headline":"D\u00e9c\u00e8s dans les rangs des p\u00e8lerins marocains : \u201cpas de situation anormale\u201d lors du Hajj 1445","datePublished":"2024-06-21T15:03:06+00:00","dateModified":"2024-06-21T15:03:08+00:00","mainEntityOfPage":{"@id":"https:\/\/dpress.ma\/fr\/2024\/06\/21\/deces-dans-les-rangs-des-pelerins-marocains-pas-de-situation-anormale-lors-du-hajj-1445\/"},"wordCount":211,"commentCount":0,"image":{"@id":"https:\/\/dpress.ma\/fr\/2024\/06\/21\/deces-dans-les-rangs-des-pelerins-marocains-pas-de-situation-anormale-lors-du-hajj-1445\/#primaryimage"},"thumbnailUrl":"https:\/\/dpress.ma\/fr\/wp-content\/uploads\/sites\/2\/2024\/06\/dprees-dim-fr-6.png","articleSection":["societe et regions"],"inLanguage":"fr-FR","potentialAction":[{"@type":"CommentAction","name":"Comment","target":["https:\/\/dpress.ma\/fr\/2024\/06\/21\/deces-dans-les-rangs-des-pelerins-marocains-pas-de-situation-anormale-lors-du-hajj-1445\/#respond"]}]},{"@type":"WebPage","@id":"https:\/\/dpress.ma\/fr\/2024\/06\/21\/deces-dans-les-rangs-des-pelerins-marocains-pas-de-situation-anormale-lors-du-hajj-1445\/","url":"https:\/\/dpress.ma\/fr\/2024\/06\/21\/deces-dans-les-rangs-des-pelerins-marocains-pas-de-situation-anormale-lors-du-hajj-1445\/","name":"D\u00e9c\u00e8s dans les rangs des p\u00e8lerins marocains : \u201cpas de situation anormale\u201d lors du Hajj 1445 - Dpress.ma\/fr","isPartOf":{"@id":"https:\/\/dpress.ma\/fr\/#website"},"primaryImageOfPage":{"@id":"https:\/\/dpress.ma\/fr\/2024\/06\/21\/deces-dans-les-rangs-des-pelerins-marocains-pas-de-situation-anormale-lors-du-hajj-1445\/#primaryimage"},"image":{"@id":"https:\/\/dpress.ma\/fr\/2024\/06\/21\/deces-dans-les-rangs-des-pelerins-marocains-pas-de-situation-anormale-lors-du-hajj-1445\/#primaryimage"},"thumbnailUrl":"https:\/\/dpress.ma\/fr\/wp-content\/uploads\/sites\/2\/2024\/06\/dprees-dim-fr-6.png","datePublished":"2024-06-21T15:03:06+00:00","dateModified":"2024-06-21T15:03:08+00:00","author":{"@id":"https:\/\/dpress.ma\/fr\/#\/schema\/person\/4898febf3ccd59e6578d838656a306a0"},"breadcrumb":{"@id":"https:\/\/dpress.ma\/fr\/2024\/06\/21\/deces-dans-les-rangs-des-pelerins-marocains-pas-de-situation-anormale-lors-du-hajj-1445\/#breadcrumb"},"inLanguage":"fr-FR","potentialAction":[{"@type":"ReadAction","target":["https:\/\/dpress.ma\/fr\/2024\/06\/21\/deces-dans-les-rangs-des-pelerins-marocains-pas-de-situation-anormale-lors-du-hajj-1445\/"]}]},{"@type":"ImageObject","inLanguage":"fr-FR","@id":"https:\/\/dpress.ma\/fr\/2024\/06\/21\/deces-dans-les-rangs-des-pelerins-marocains-pas-de-situation-anormale-lors-du-hajj-1445\/#primaryimage","url":"https:\/\/dpress.ma\/fr\/wp-content\/uploads\/sites\/2\/2024\/06\/dprees-dim-fr-6.png","contentUrl":"https:\/\/dpress.ma\/fr\/wp-content\/uploads\/sites\/2\/2024\/06\/dprees-dim-fr-6.png","width":780,"height":470},{"@type":"BreadcrumbList","@id":"https:\/\/dpress.ma\/fr\/2024\/06\/21\/deces-dans-les-rangs-des-pelerins-marocains-pas-de-situation-anormale-lors-du-hajj-1445\/#breadcrumb","itemListElement":[{"@type":"ListItem","position":1,"name":"Home","item":"https:\/\/dpress.ma\/fr\/"},{"@type":"ListItem","position":2,"name":"D\u00e9c\u00e8s dans les rangs des p\u00e8lerins marocains : \u201cpas de situation anormale\u201d lors du Hajj 1445"}]},{"@type":"WebSite","@id":"https:\/\/dpress.ma\/fr\/#website","url":"https:\/\/dpress.ma\/fr\/","name":"Dpress.ma\/fr","description":"","potentialAction":[{"@type":"SearchAction","target":{"@type":"EntryPoint","urlTemplate":"https:\/\/dpress.ma\/fr\/?s={search_term_string}"},"query-input":{"@type":"PropertyValueSpecification","valueRequired":true,"valueName":"search_term_string"}}],"inLanguage":"fr-FR"},{"@type":"Person","@id":"https:\/\/dpress.ma\/fr\/#\/schema\/person\/4898febf3ccd59e6578d838656a306a0","name":"Dpress.ma","image":{"@type":"ImageObject","inLanguage":"fr-FR","@id":"https:\/\/secure.gravatar.com\/avatar\/72ecc30e9db047a2e0e7176561eb9d564ed77c8108376495b19bd8336405198a?s=96&d=mm&r=g","url":"https:\/\/secure.gravatar.com\/avatar\/72ecc30e9db047a2e0e7176561eb9d564ed77c8108376495b19bd8336405198a?s=96&d=mm&r=g","contentUrl":"https:\/\/secure.gravatar.com\/avatar\/72ecc30e9db047a2e0e7176561eb9d564ed77c8108376495b19bd8336405198a?s=96&d=mm&r=g","caption":"Dpress.ma"},"sameAs":["https:\/\/www.dpress.ma"],"url":"https:\/\/dpress.ma\/fr\/author\/dpress-ma\/"}]}},"amp_enabled":true,"_links":{"self":[{"href":"https:\/\/dpress.ma\/fr\/wp-json\/wp\/v2\/posts\/9415","targetHints":{"allow":["GET"]}}],"collection":[{"href":"https:\/\/dpress.ma\/fr\/wp-json\/wp\/v2\/posts"}],"about":[{"href":"https:\/\/dpress.ma\/fr\/wp-json\/wp\/v2\/types\/post"}],"author":[{"embeddable":true,"href":"https:\/\/dpress.ma\/fr\/wp-json\/wp\/v2\/users\/2"}],"replies":[{"embeddable":true,"href":"https:\/\/dpress.ma\/fr\/wp-json\/wp\/v2\/comments?post=9415"}],"version-history":[{"count":1,"href":"https:\/\/dpress.ma\/fr\/wp-json\/wp\/v2\/posts\/9415\/revisions"}],"predecessor-version":[{"id":9417,"href":"https:\/\/dpress.ma\/fr\/wp-json\/wp\/v2\/posts\/9415\/revisions\/9417"}],"wp:featuredmedia":[{"embeddable":true,"href":"https:\/\/dpress.ma\/fr\/wp-json\/wp\/v2\/media\/9416"}],"wp:attachment":[{"href":"https:\/\/dpress.ma\/fr\/wp-json\/wp\/v2\/media?parent=9415"}],"wp:term":[{"taxonomy":"category","embeddable":true,"href":"https:\/\/dpress.ma\/fr\/wp-json\/wp\/v2\/categories?post=9415"},{"taxonomy":"post_tag","embeddable":true,"href":"https:\/\/dpress.ma\/fr\/wp-json\/wp\/v2\/tags?post=9415"}],"curies":[{"name":"wp","href":"https:\/\/api.w.org\/{rel}","templated":true}]}}