{"id":9399,"date":"2024-06-19T09:24:50","date_gmt":"2024-06-19T09:24:50","guid":{"rendered":"https:\/\/dpress.ma\/fr\/?p=9399"},"modified":"2024-06-19T09:24:51","modified_gmt":"2024-06-19T09:24:51","slug":"le-peuple-marocain-celebre-jeudi-le-54eme-anniversaire-de-sar-le-prince-moulay-rachid","status":"publish","type":"post","link":"https:\/\/dpress.ma\/fr\/2024\/06\/19\/le-peuple-marocain-celebre-jeudi-le-54eme-anniversaire-de-sar-le-prince-moulay-rachid\/","title":{"rendered":"Le peuple marocain c\u00e9l\u00e8bre jeudi le 54\u00e8me anniversaire de SAR le Prince Moulay Rachid"},"content":{"rendered":"\n<p>dpress<\/p>\n\n\n\n<p>Le peuple marocain se joint \u00e0 la Famille Royale pour c\u00e9l\u00e9brer, jeudi, dans la liesse et la communion, le 54\u00e8me anniversaire de SAR le Prince Moulay Rachid, un heureux \u00e9v\u00e9nement qui offre l\u2019occasion \u00e0 tous les Marocains d\u2019exprimer leurs chaleureuses f\u00e9licitations et sinc\u00e8res voeux de bonheur et de longue vie \u00e0 Sa Majest\u00e9 le Roi Mohammed VI, \u00e0 SAR le Prince H\u00e9ritier Moulay El Hassan, \u00e0 SAR le Prince Moulay Rachid et \u00e0 l\u2019ensemble de l\u2019Auguste Famille Royale.<\/p>\n\n\n\n<p>N\u00e9 le 20 juin 1970 \u00e0 Rabat, SAR le Prince Moulay Rachid obtient, en mai 1993, avec mention \u201cTr\u00e8s Bien\u201d, une licence en Droit public (option Administration interne) et un dipl\u00f4me en Droit compar\u00e9 \u00e0 la Facult\u00e9 des Sciences juridiques, \u00e9conomiques et sociales de Rabat.<\/p>\n\n\n\n<p>Trois ans plus tard, Son Altesse Royale obtient avec mention \u201cTr\u00e8s Bien\u201d, le deuxi\u00e8me certificat d\u2019\u00e9tudes sup\u00e9rieures (option Relations internationales).<\/p>\n\n\n\n<p>Son Altesse Royale a soutenu publiquement, le 18 mai 2001 \u00e0 l\u2019Universit\u00e9 Montesquieu-Bordeaux IV, une th\u00e8se de doctorat en Droit sur \u201cl\u2019Organisation de la Conf\u00e9rence Islamique : \u00c9tude d\u2019une organisation internationale sp\u00e9cifique\u201d, obtenu avec mention \u201cTr\u00e8s Honorable avec les f\u00e9licitations du jury et mention particuli\u00e8re pour sa publication\u201d, eu \u00e9gard \u00e0 l\u2019int\u00e9r\u00eat du sujet et \u00e0 la qualit\u00e9 du travail.<\/p>\n\n\n\n<p>Depuis son jeune \u00e2ge, SAR le Prince Moulay Rachid s\u2019est int\u00e9ress\u00e9 aux activit\u00e9s culturelles, sociales et sportives. A ce titre, Son Altesse Royale pr\u00e9side, depuis 1997, la F\u00e9d\u00e9ration nationale de scoutisme marocain, \u00e0 laquelle il a insuffl\u00e9 une nouvelle dynamique. Dans le m\u00eame esprit et avec le m\u00eame engagement, SAR le Prince Moulay Rachid assure la pr\u00e9sidence de la F\u00e9d\u00e9ration Royale Marocaine de Tir aux Armes de Chasse, de la Fondation du Festival International du Film de Marrakech et de l\u2019Association du Troph\u00e9e Hassan II de Golf. Depuis janvier 2018, Son Altesse Royale assure \u00e9galement la pr\u00e9sidence de la F\u00e9d\u00e9ration Royale Marocaine de Golf.<\/p>\n\n\n\n<p>Son Altesse Royale pr\u00e9side des manifestations d\u2019envergure dans diff\u00e9rents domaines ainsi que des c\u00e9r\u00e9monies officielles, et repr\u00e9sente Sa Majest\u00e9 le Roi dans d\u2019importants \u00e9v\u00e9nements nationaux et internationaux, pour le rayonnement du Maroc sur les sc\u00e8nes internationale et r\u00e9gionale.<\/p>\n\n\n\n<p>Ainsi, SAR le Prince Moulay Rachid a pr\u00e9sid\u00e9, le 16 octobre 2023, l\u2019ouverture du 14\u00e8me Salon du cheval d\u2019El Jadida, organis\u00e9 sous le Haut Patronage de SM le Roi Mohammed VI, sous le th\u00e8me \u201cle cheval et le d\u00e9veloppement durable\u201d.<\/p>\n\n\n\n<p>Le 25 novembre de la m\u00eame ann\u00e9e, Son Altesse Royale, Pr\u00e9sident de la Fondation du Festival International du Film de Marrakech, a pr\u00e9sid\u00e9 un d\u00eener offert par Sa Majest\u00e9 le Roi Mohammed VI \u00e0 l\u2019occasion de l\u2019ouverture officielle de la 20\u00e8me \u00e9dition du Festival International du Film de Marrakech.<\/p>\n\n\n\n<p>De m\u00eame, sur Ordre de SM le Roi Mohammed VI, Amir Al-Mouminine, des pri\u00e8res rogatoires (Salat Al Istisqae) ont \u00e9t\u00e9 accomplies, le 1er d\u00e9cembre \u00e0 Al-Masjid Al-A\u00e2dam \u00e0 Rabat, en pr\u00e9sence de SAR le Prince H\u00e9ritier Moulay El Hassan et de SAR le Prince Moulay Rachid, perp\u00e9tuant ainsi la tradition du Proph\u00e8te Sidna Mohammed, pri\u00e8re et b\u00e9n\u00e9diction sur Lui, chaque fois que la pluie se fait rare.<\/p>\n\n\n\n<p>Le 18 du m\u00eame mois, Son Altesse Royale le Prince Moulay Rachid a repr\u00e9sent\u00e9, \u00e0 Kowe\u00eft, Sa Majest\u00e9 le Roi Mohammed VI \u00e0 la pr\u00e9sentation des condol\u00e9ances suite au d\u00e9c\u00e8s de SA Cheikh Nawaf Al-Ahmad Al-Jaber Al-Sabah. Son Altesse Royale a pr\u00e9sent\u00e9 les condol\u00e9ances de SM le Roi lors de l\u2019audience que lui a accord\u00e9e l\u2019\u00e9mir de l\u2019Etat du Kowe\u00eft, SA Cheikh Micha\u00e2l Al-Ahmad Al-Jaber Al-Sabah.<\/p>\n\n\n\n<p>Le 23 f\u00e9vrier 2024, SAR le Prince Moulay Rachid a pr\u00e9sid\u00e9 \u00e0 Rabat le d\u00eener de gala offert par Sa Majest\u00e9 le Roi \u00e0 l\u2019occasion de la 48\u00e8 \u00e9dition du Troph\u00e9e Hassan II de golf et de la 27\u00e8 \u00e9dition de la Coupe Lalla Meryem, organis\u00e9es sous le Haut patronage de SM le Roi Mohammed VI du 19 au 24 f\u00e9vrier.<\/p>\n\n\n\n<p>Le lendemain, LL.AA.RR le Prince Moulay Rachid et la Princesse Lalla Meryem ont pr\u00e9sid\u00e9, au Royal Golf Dar Es Salam \u00e0 Rabat, la c\u00e9r\u00e9monie de remise des Prix aux vainqueurs de la 48\u00e8 \u00e9dition du Troph\u00e9e Hassan II et de la 27\u00e8 \u00e9dition de la Coupe Lalla Meryem de golf.<\/p>\n\n\n\n<p>Le 25 avril dernier, Son Altesse Royale le Prince Moulay Rachid a pr\u00e9sid\u00e9, \u00e0 Mechouar Stinia-Sahrij Souani, \u00e0 Mekn\u00e8s, un d\u00eener offert par Sa Majest\u00e9 le Roi Mohammed VI, en l\u2019honneur des invit\u00e9s et participants \u00e0 la 16\u00e8me \u00e9dition du Salon International de l\u2019Agriculture au Maroc.<\/p>\n\n\n\n<p>L\u2019anniversaire de SAR le Prince Moulay Rachid constitue ainsi une occasion pour l\u2019ensemble du peuple marocain de r\u00e9affirmer son attachement ind\u00e9fectible au Glorieux Tr\u00f4ne Alaouite et sa mobilisation permanente derri\u00e8re Sa Majest\u00e9 le Roi Mohammed VI pour la r\u00e9ussite des grands chantiers de d\u00e9veloppement lanc\u00e9s par le Souverain pour la prosp\u00e9rit\u00e9 de Son peuple fid\u00e8le.<\/p>\n","protected":false},"excerpt":{"rendered":"<p>dpress Le peuple marocain se joint \u00e0 la Famille Royale pour c\u00e9l\u00e9brer, jeudi, dans la liesse et la communion, le 54\u00e8me anniversaire de SAR le Prince Moulay Rachid, un heureux \u00e9v\u00e9nement qui offre l\u2019occasion \u00e0 tous les Marocains d\u2019exprimer leurs chaleureuses f\u00e9licitations et sinc\u00e8res voeux de bonheur et de longue vie \u00e0 Sa Majest\u00e9 le &hellip;<\/p>\n","protected":false},"author":2,"featured_media":9400,"comment_status":"open","ping_status":"open","sticky":false,"template":"","format":"standard","meta":{"footnotes":""},"categories":[29],"tags":[],"class_list":["post-9399","post","type-post","status-publish","format-standard","has-post-thumbnail","hentry","category-activites-royales"],"yoast_head":"<!-- This site is optimized with the Yoast SEO plugin v27.5 - https:\/\/yoast.com\/product\/yoast-seo-wordpress\/ -->\n<title>Le peuple marocain c\u00e9l\u00e8bre jeudi le 54\u00e8me anniversaire de SAR le Prince Moulay Rachid - Dpress.ma\/fr<\/title>\n<meta name=\"robots\" content=\"index, follow, max-snippet:-1, max-image-preview:large, max-video-preview:-1\" \/>\n<link rel=\"canonical\" href=\"https:\/\/dpress.ma\/fr\/2024\/06\/19\/le-peuple-marocain-celebre-jeudi-le-54eme-anniversaire-de-sar-le-prince-moulay-rachid\/\" \/>\n<meta property=\"og:locale\" content=\"fr_FR\" \/>\n<meta property=\"og:type\" content=\"article\" \/>\n<meta property=\"og:title\" content=\"Le peuple marocain c\u00e9l\u00e8bre jeudi le 54\u00e8me anniversaire de SAR le Prince Moulay Rachid - Dpress.ma\/fr\" \/>\n<meta property=\"og:description\" content=\"dpress Le peuple marocain se joint \u00e0 la Famille Royale pour c\u00e9l\u00e9brer, jeudi, dans la liesse et la communion, le 54\u00e8me anniversaire de SAR le Prince Moulay Rachid, un heureux \u00e9v\u00e9nement qui offre l\u2019occasion \u00e0 tous les Marocains d\u2019exprimer leurs chaleureuses f\u00e9licitations et sinc\u00e8res voeux de bonheur et de longue vie \u00e0 Sa Majest\u00e9 le &hellip;\" \/>\n<meta property=\"og:url\" content=\"https:\/\/dpress.ma\/fr\/2024\/06\/19\/le-peuple-marocain-celebre-jeudi-le-54eme-anniversaire-de-sar-le-prince-moulay-rachid\/\" \/>\n<meta property=\"og:site_name\" content=\"Dpress.ma\/fr\" \/>\n<meta property=\"article:published_time\" content=\"2024-06-19T09:24:50+00:00\" \/>\n<meta property=\"article:modified_time\" content=\"2024-06-19T09:24:51+00:00\" \/>\n<meta property=\"og:image\" content=\"https:\/\/dpress.ma\/fr\/wp-content\/uploads\/sites\/2\/2024\/06\/dprees-dim-1.png\" \/>\n\t<meta property=\"og:image:width\" content=\"780\" \/>\n\t<meta property=\"og:image:height\" content=\"470\" \/>\n\t<meta property=\"og:image:type\" content=\"image\/png\" \/>\n<meta name=\"author\" content=\"Dpress.ma\" \/>\n<meta name=\"twitter:card\" content=\"summary_large_image\" \/>\n<meta name=\"twitter:label1\" content=\"\u00c9crit par\" \/>\n\t<meta name=\"twitter:data1\" content=\"Dpress.ma\" \/>\n\t<meta name=\"twitter:label2\" content=\"Dur\u00e9e de lecture estim\u00e9e\" \/>\n\t<meta name=\"twitter:data2\" content=\"5 minutes\" \/>\n<script type=\"application\/ld+json\" class=\"yoast-schema-graph\">{\"@context\":\"https:\\\/\\\/schema.org\",\"@graph\":[{\"@type\":\"Article\",\"@id\":\"https:\\\/\\\/dpress.ma\\\/fr\\\/2024\\\/06\\\/19\\\/le-peuple-marocain-celebre-jeudi-le-54eme-anniversaire-de-sar-le-prince-moulay-rachid\\\/#article\",\"isPartOf\":{\"@id\":\"https:\\\/\\\/dpress.ma\\\/fr\\\/2024\\\/06\\\/19\\\/le-peuple-marocain-celebre-jeudi-le-54eme-anniversaire-de-sar-le-prince-moulay-rachid\\\/\"},\"author\":{\"name\":\"Dpress.ma\",\"@id\":\"https:\\\/\\\/dpress.ma\\\/fr\\\/#\\\/schema\\\/person\\\/4898febf3ccd59e6578d838656a306a0\"},\"headline\":\"Le peuple marocain c\u00e9l\u00e8bre jeudi le 54\u00e8me anniversaire de SAR le Prince Moulay Rachid\",\"datePublished\":\"2024-06-19T09:24:50+00:00\",\"dateModified\":\"2024-06-19T09:24:51+00:00\",\"mainEntityOfPage\":{\"@id\":\"https:\\\/\\\/dpress.ma\\\/fr\\\/2024\\\/06\\\/19\\\/le-peuple-marocain-celebre-jeudi-le-54eme-anniversaire-de-sar-le-prince-moulay-rachid\\\/\"},\"wordCount\":874,\"commentCount\":0,\"image\":{\"@id\":\"https:\\\/\\\/dpress.ma\\\/fr\\\/2024\\\/06\\\/19\\\/le-peuple-marocain-celebre-jeudi-le-54eme-anniversaire-de-sar-le-prince-moulay-rachid\\\/#primaryimage\"},\"thumbnailUrl\":\"https:\\\/\\\/dpress.ma\\\/fr\\\/wp-content\\\/uploads\\\/sites\\\/2\\\/2024\\\/06\\\/dprees-dim-1.png\",\"articleSection\":[\"Activit\u00e9s Royales\"],\"inLanguage\":\"fr-FR\",\"potentialAction\":[{\"@type\":\"CommentAction\",\"name\":\"Comment\",\"target\":[\"https:\\\/\\\/dpress.ma\\\/fr\\\/2024\\\/06\\\/19\\\/le-peuple-marocain-celebre-jeudi-le-54eme-anniversaire-de-sar-le-prince-moulay-rachid\\\/#respond\"]}]},{\"@type\":\"WebPage\",\"@id\":\"https:\\\/\\\/dpress.ma\\\/fr\\\/2024\\\/06\\\/19\\\/le-peuple-marocain-celebre-jeudi-le-54eme-anniversaire-de-sar-le-prince-moulay-rachid\\\/\",\"url\":\"https:\\\/\\\/dpress.ma\\\/fr\\\/2024\\\/06\\\/19\\\/le-peuple-marocain-celebre-jeudi-le-54eme-anniversaire-de-sar-le-prince-moulay-rachid\\\/\",\"name\":\"Le peuple marocain c\u00e9l\u00e8bre jeudi le 54\u00e8me anniversaire de SAR le Prince Moulay Rachid - Dpress.ma\\\/fr\",\"isPartOf\":{\"@id\":\"https:\\\/\\\/dpress.ma\\\/fr\\\/#website\"},\"primaryImageOfPage\":{\"@id\":\"https:\\\/\\\/dpress.ma\\\/fr\\\/2024\\\/06\\\/19\\\/le-peuple-marocain-celebre-jeudi-le-54eme-anniversaire-de-sar-le-prince-moulay-rachid\\\/#primaryimage\"},\"image\":{\"@id\":\"https:\\\/\\\/dpress.ma\\\/fr\\\/2024\\\/06\\\/19\\\/le-peuple-marocain-celebre-jeudi-le-54eme-anniversaire-de-sar-le-prince-moulay-rachid\\\/#primaryimage\"},\"thumbnailUrl\":\"https:\\\/\\\/dpress.ma\\\/fr\\\/wp-content\\\/uploads\\\/sites\\\/2\\\/2024\\\/06\\\/dprees-dim-1.png\",\"datePublished\":\"2024-06-19T09:24:50+00:00\",\"dateModified\":\"2024-06-19T09:24:51+00:00\",\"author\":{\"@id\":\"https:\\\/\\\/dpress.ma\\\/fr\\\/#\\\/schema\\\/person\\\/4898febf3ccd59e6578d838656a306a0\"},\"breadcrumb\":{\"@id\":\"https:\\\/\\\/dpress.ma\\\/fr\\\/2024\\\/06\\\/19\\\/le-peuple-marocain-celebre-jeudi-le-54eme-anniversaire-de-sar-le-prince-moulay-rachid\\\/#breadcrumb\"},\"inLanguage\":\"fr-FR\",\"potentialAction\":[{\"@type\":\"ReadAction\",\"target\":[\"https:\\\/\\\/dpress.ma\\\/fr\\\/2024\\\/06\\\/19\\\/le-peuple-marocain-celebre-jeudi-le-54eme-anniversaire-de-sar-le-prince-moulay-rachid\\\/\"]}]},{\"@type\":\"ImageObject\",\"inLanguage\":\"fr-FR\",\"@id\":\"https:\\\/\\\/dpress.ma\\\/fr\\\/2024\\\/06\\\/19\\\/le-peuple-marocain-celebre-jeudi-le-54eme-anniversaire-de-sar-le-prince-moulay-rachid\\\/#primaryimage\",\"url\":\"https:\\\/\\\/dpress.ma\\\/fr\\\/wp-content\\\/uploads\\\/sites\\\/2\\\/2024\\\/06\\\/dprees-dim-1.png\",\"contentUrl\":\"https:\\\/\\\/dpress.ma\\\/fr\\\/wp-content\\\/uploads\\\/sites\\\/2\\\/2024\\\/06\\\/dprees-dim-1.png\",\"width\":780,\"height\":470},{\"@type\":\"BreadcrumbList\",\"@id\":\"https:\\\/\\\/dpress.ma\\\/fr\\\/2024\\\/06\\\/19\\\/le-peuple-marocain-celebre-jeudi-le-54eme-anniversaire-de-sar-le-prince-moulay-rachid\\\/#breadcrumb\",\"itemListElement\":[{\"@type\":\"ListItem\",\"position\":1,\"name\":\"Home\",\"item\":\"https:\\\/\\\/dpress.ma\\\/fr\\\/\"},{\"@type\":\"ListItem\",\"position\":2,\"name\":\"Le peuple marocain c\u00e9l\u00e8bre jeudi le 54\u00e8me anniversaire de SAR le Prince Moulay Rachid\"}]},{\"@type\":\"WebSite\",\"@id\":\"https:\\\/\\\/dpress.ma\\\/fr\\\/#website\",\"url\":\"https:\\\/\\\/dpress.ma\\\/fr\\\/\",\"name\":\"Dpress.ma\\\/fr\",\"description\":\"\",\"potentialAction\":[{\"@type\":\"SearchAction\",\"target\":{\"@type\":\"EntryPoint\",\"urlTemplate\":\"https:\\\/\\\/dpress.ma\\\/fr\\\/?s={search_term_string}\"},\"query-input\":{\"@type\":\"PropertyValueSpecification\",\"valueRequired\":true,\"valueName\":\"search_term_string\"}}],\"inLanguage\":\"fr-FR\"},{\"@type\":\"Person\",\"@id\":\"https:\\\/\\\/dpress.ma\\\/fr\\\/#\\\/schema\\\/person\\\/4898febf3ccd59e6578d838656a306a0\",\"name\":\"Dpress.ma\",\"image\":{\"@type\":\"ImageObject\",\"inLanguage\":\"fr-FR\",\"@id\":\"https:\\\/\\\/secure.gravatar.com\\\/avatar\\\/72ecc30e9db047a2e0e7176561eb9d564ed77c8108376495b19bd8336405198a?s=96&d=mm&r=g\",\"url\":\"https:\\\/\\\/secure.gravatar.com\\\/avatar\\\/72ecc30e9db047a2e0e7176561eb9d564ed77c8108376495b19bd8336405198a?s=96&d=mm&r=g\",\"contentUrl\":\"https:\\\/\\\/secure.gravatar.com\\\/avatar\\\/72ecc30e9db047a2e0e7176561eb9d564ed77c8108376495b19bd8336405198a?s=96&d=mm&r=g\",\"caption\":\"Dpress.ma\"},\"sameAs\":[\"https:\\\/\\\/www.dpress.ma\"],\"url\":\"https:\\\/\\\/dpress.ma\\\/fr\\\/author\\\/dpress-ma\\\/\"}]}<\/script>\n<!-- \/ Yoast SEO plugin. -->","yoast_head_json":{"title":"Le peuple marocain c\u00e9l\u00e8bre jeudi le 54\u00e8me anniversaire de SAR le Prince Moulay Rachid - Dpress.ma\/fr","robots":{"index":"index","follow":"follow","max-snippet":"max-snippet:-1","max-image-preview":"max-image-preview:large","max-video-preview":"max-video-preview:-1"},"canonical":"https:\/\/dpress.ma\/fr\/2024\/06\/19\/le-peuple-marocain-celebre-jeudi-le-54eme-anniversaire-de-sar-le-prince-moulay-rachid\/","og_locale":"fr_FR","og_type":"article","og_title":"Le peuple marocain c\u00e9l\u00e8bre jeudi le 54\u00e8me anniversaire de SAR le Prince Moulay Rachid - Dpress.ma\/fr","og_description":"dpress Le peuple marocain se joint \u00e0 la Famille Royale pour c\u00e9l\u00e9brer, jeudi, dans la liesse et la communion, le 54\u00e8me anniversaire de SAR le Prince Moulay Rachid, un heureux \u00e9v\u00e9nement qui offre l\u2019occasion \u00e0 tous les Marocains d\u2019exprimer leurs chaleureuses f\u00e9licitations et sinc\u00e8res voeux de bonheur et de longue vie \u00e0 Sa Majest\u00e9 le &hellip;","og_url":"https:\/\/dpress.ma\/fr\/2024\/06\/19\/le-peuple-marocain-celebre-jeudi-le-54eme-anniversaire-de-sar-le-prince-moulay-rachid\/","og_site_name":"Dpress.ma\/fr","article_published_time":"2024-06-19T09:24:50+00:00","article_modified_time":"2024-06-19T09:24:51+00:00","og_image":[{"width":780,"height":470,"url":"https:\/\/dpress.ma\/fr\/wp-content\/uploads\/sites\/2\/2024\/06\/dprees-dim-1.png","type":"image\/png"}],"author":"Dpress.ma","twitter_card":"summary_large_image","twitter_misc":{"\u00c9crit par":"Dpress.ma","Dur\u00e9e de lecture estim\u00e9e":"5 minutes"},"schema":{"@context":"https:\/\/schema.org","@graph":[{"@type":"Article","@id":"https:\/\/dpress.ma\/fr\/2024\/06\/19\/le-peuple-marocain-celebre-jeudi-le-54eme-anniversaire-de-sar-le-prince-moulay-rachid\/#article","isPartOf":{"@id":"https:\/\/dpress.ma\/fr\/2024\/06\/19\/le-peuple-marocain-celebre-jeudi-le-54eme-anniversaire-de-sar-le-prince-moulay-rachid\/"},"author":{"name":"Dpress.ma","@id":"https:\/\/dpress.ma\/fr\/#\/schema\/person\/4898febf3ccd59e6578d838656a306a0"},"headline":"Le peuple marocain c\u00e9l\u00e8bre jeudi le 54\u00e8me anniversaire de SAR le Prince Moulay Rachid","datePublished":"2024-06-19T09:24:50+00:00","dateModified":"2024-06-19T09:24:51+00:00","mainEntityOfPage":{"@id":"https:\/\/dpress.ma\/fr\/2024\/06\/19\/le-peuple-marocain-celebre-jeudi-le-54eme-anniversaire-de-sar-le-prince-moulay-rachid\/"},"wordCount":874,"commentCount":0,"image":{"@id":"https:\/\/dpress.ma\/fr\/2024\/06\/19\/le-peuple-marocain-celebre-jeudi-le-54eme-anniversaire-de-sar-le-prince-moulay-rachid\/#primaryimage"},"thumbnailUrl":"https:\/\/dpress.ma\/fr\/wp-content\/uploads\/sites\/2\/2024\/06\/dprees-dim-1.png","articleSection":["Activit\u00e9s Royales"],"inLanguage":"fr-FR","potentialAction":[{"@type":"CommentAction","name":"Comment","target":["https:\/\/dpress.ma\/fr\/2024\/06\/19\/le-peuple-marocain-celebre-jeudi-le-54eme-anniversaire-de-sar-le-prince-moulay-rachid\/#respond"]}]},{"@type":"WebPage","@id":"https:\/\/dpress.ma\/fr\/2024\/06\/19\/le-peuple-marocain-celebre-jeudi-le-54eme-anniversaire-de-sar-le-prince-moulay-rachid\/","url":"https:\/\/dpress.ma\/fr\/2024\/06\/19\/le-peuple-marocain-celebre-jeudi-le-54eme-anniversaire-de-sar-le-prince-moulay-rachid\/","name":"Le peuple marocain c\u00e9l\u00e8bre jeudi le 54\u00e8me anniversaire de SAR le Prince Moulay Rachid - Dpress.ma\/fr","isPartOf":{"@id":"https:\/\/dpress.ma\/fr\/#website"},"primaryImageOfPage":{"@id":"https:\/\/dpress.ma\/fr\/2024\/06\/19\/le-peuple-marocain-celebre-jeudi-le-54eme-anniversaire-de-sar-le-prince-moulay-rachid\/#primaryimage"},"image":{"@id":"https:\/\/dpress.ma\/fr\/2024\/06\/19\/le-peuple-marocain-celebre-jeudi-le-54eme-anniversaire-de-sar-le-prince-moulay-rachid\/#primaryimage"},"thumbnailUrl":"https:\/\/dpress.ma\/fr\/wp-content\/uploads\/sites\/2\/2024\/06\/dprees-dim-1.png","datePublished":"2024-06-19T09:24:50+00:00","dateModified":"2024-06-19T09:24:51+00:00","author":{"@id":"https:\/\/dpress.ma\/fr\/#\/schema\/person\/4898febf3ccd59e6578d838656a306a0"},"breadcrumb":{"@id":"https:\/\/dpress.ma\/fr\/2024\/06\/19\/le-peuple-marocain-celebre-jeudi-le-54eme-anniversaire-de-sar-le-prince-moulay-rachid\/#breadcrumb"},"inLanguage":"fr-FR","potentialAction":[{"@type":"ReadAction","target":["https:\/\/dpress.ma\/fr\/2024\/06\/19\/le-peuple-marocain-celebre-jeudi-le-54eme-anniversaire-de-sar-le-prince-moulay-rachid\/"]}]},{"@type":"ImageObject","inLanguage":"fr-FR","@id":"https:\/\/dpress.ma\/fr\/2024\/06\/19\/le-peuple-marocain-celebre-jeudi-le-54eme-anniversaire-de-sar-le-prince-moulay-rachid\/#primaryimage","url":"https:\/\/dpress.ma\/fr\/wp-content\/uploads\/sites\/2\/2024\/06\/dprees-dim-1.png","contentUrl":"https:\/\/dpress.ma\/fr\/wp-content\/uploads\/sites\/2\/2024\/06\/dprees-dim-1.png","width":780,"height":470},{"@type":"BreadcrumbList","@id":"https:\/\/dpress.ma\/fr\/2024\/06\/19\/le-peuple-marocain-celebre-jeudi-le-54eme-anniversaire-de-sar-le-prince-moulay-rachid\/#breadcrumb","itemListElement":[{"@type":"ListItem","position":1,"name":"Home","item":"https:\/\/dpress.ma\/fr\/"},{"@type":"ListItem","position":2,"name":"Le peuple marocain c\u00e9l\u00e8bre jeudi le 54\u00e8me anniversaire de SAR le Prince Moulay Rachid"}]},{"@type":"WebSite","@id":"https:\/\/dpress.ma\/fr\/#website","url":"https:\/\/dpress.ma\/fr\/","name":"Dpress.ma\/fr","description":"","potentialAction":[{"@type":"SearchAction","target":{"@type":"EntryPoint","urlTemplate":"https:\/\/dpress.ma\/fr\/?s={search_term_string}"},"query-input":{"@type":"PropertyValueSpecification","valueRequired":true,"valueName":"search_term_string"}}],"inLanguage":"fr-FR"},{"@type":"Person","@id":"https:\/\/dpress.ma\/fr\/#\/schema\/person\/4898febf3ccd59e6578d838656a306a0","name":"Dpress.ma","image":{"@type":"ImageObject","inLanguage":"fr-FR","@id":"https:\/\/secure.gravatar.com\/avatar\/72ecc30e9db047a2e0e7176561eb9d564ed77c8108376495b19bd8336405198a?s=96&d=mm&r=g","url":"https:\/\/secure.gravatar.com\/avatar\/72ecc30e9db047a2e0e7176561eb9d564ed77c8108376495b19bd8336405198a?s=96&d=mm&r=g","contentUrl":"https:\/\/secure.gravatar.com\/avatar\/72ecc30e9db047a2e0e7176561eb9d564ed77c8108376495b19bd8336405198a?s=96&d=mm&r=g","caption":"Dpress.ma"},"sameAs":["https:\/\/www.dpress.ma"],"url":"https:\/\/dpress.ma\/fr\/author\/dpress-ma\/"}]}},"amp_enabled":true,"_links":{"self":[{"href":"https:\/\/dpress.ma\/fr\/wp-json\/wp\/v2\/posts\/9399","targetHints":{"allow":["GET"]}}],"collection":[{"href":"https:\/\/dpress.ma\/fr\/wp-json\/wp\/v2\/posts"}],"about":[{"href":"https:\/\/dpress.ma\/fr\/wp-json\/wp\/v2\/types\/post"}],"author":[{"embeddable":true,"href":"https:\/\/dpress.ma\/fr\/wp-json\/wp\/v2\/users\/2"}],"replies":[{"embeddable":true,"href":"https:\/\/dpress.ma\/fr\/wp-json\/wp\/v2\/comments?post=9399"}],"version-history":[{"count":1,"href":"https:\/\/dpress.ma\/fr\/wp-json\/wp\/v2\/posts\/9399\/revisions"}],"predecessor-version":[{"id":9401,"href":"https:\/\/dpress.ma\/fr\/wp-json\/wp\/v2\/posts\/9399\/revisions\/9401"}],"wp:featuredmedia":[{"embeddable":true,"href":"https:\/\/dpress.ma\/fr\/wp-json\/wp\/v2\/media\/9400"}],"wp:attachment":[{"href":"https:\/\/dpress.ma\/fr\/wp-json\/wp\/v2\/media?parent=9399"}],"wp:term":[{"taxonomy":"category","embeddable":true,"href":"https:\/\/dpress.ma\/fr\/wp-json\/wp\/v2\/categories?post=9399"},{"taxonomy":"post_tag","embeddable":true,"href":"https:\/\/dpress.ma\/fr\/wp-json\/wp\/v2\/tags?post=9399"}],"curies":[{"name":"wp","href":"https:\/\/api.w.org\/{rel}","templated":true}]}}