{"id":9396,"date":"2024-06-18T18:35:32","date_gmt":"2024-06-18T18:35:32","guid":{"rendered":"https:\/\/dpress.ma\/fr\/?p=9396"},"modified":"2024-06-18T18:35:33","modified_gmt":"2024-06-18T18:35:33","slug":"sm-le-roi-felicite-le-president-de-la-republique-des-seychelles-a-loccasion-de-la-fete-nationale-de-son-pays","status":"publish","type":"post","link":"https:\/\/dpress.ma\/fr\/2024\/06\/18\/sm-le-roi-felicite-le-president-de-la-republique-des-seychelles-a-loccasion-de-la-fete-nationale-de-son-pays\/","title":{"rendered":"SM le Roi f\u00e9licite le pr\u00e9sident de la R\u00e9publique des Seychelles \u00e0 l\u2019occasion de la f\u00eate nationale de son pays"},"content":{"rendered":"\n<p>dpress<\/p>\n\n\n\n<p>Sa Majest\u00e9 le Roi Mohammed VI a adress\u00e9 un message de f\u00e9licitations au pr\u00e9sident de la R\u00e9publique des Seychelles, M. Wavel Ramkalawan, \u00e0 l\u2019occasion de la f\u00eate nationale de son pays.<\/p>\n\n\n\n<p>Dans ce message, Sa Majest\u00e9 le Roi exprime \u00e0 M. Ramkalawan Ses f\u00e9licitations et Ses v\u0153ux les meilleurs pour le bonheur et la prosp\u00e9rit\u00e9 du peuple seychellois.<\/p>\n\n\n\n<p>Le Souverain saisit cette occasion pour faire part de Sa consid\u00e9ration pour les profonds liens de fraternit\u00e9 et d\u2019amiti\u00e9 qui unissent les deux peuples et l\u2019excellente coop\u00e9ration entre les deux pays, soulignant Sa constante disposition \u00e0 \u0153uvrer avec le pr\u00e9sident des Seychelles pour l\u2019approfondissement des relations bilat\u00e9rales dans tous les domaines d\u2019int\u00e9r\u00eat mutuel.<\/p>\n","protected":false},"excerpt":{"rendered":"<p>dpress Sa Majest\u00e9 le Roi Mohammed VI a adress\u00e9 un message de f\u00e9licitations au pr\u00e9sident de la R\u00e9publique des Seychelles, M. Wavel Ramkalawan, \u00e0 l\u2019occasion de la f\u00eate nationale de son pays. Dans ce message, Sa Majest\u00e9 le Roi exprime \u00e0 M. Ramkalawan Ses f\u00e9licitations et Ses v\u0153ux les meilleurs pour le bonheur et la &hellip;<\/p>\n","protected":false},"author":2,"featured_media":9397,"comment_status":"open","ping_status":"open","sticky":false,"template":"","format":"standard","meta":{"footnotes":""},"categories":[29],"tags":[],"class_list":["post-9396","post","type-post","status-publish","format-standard","has-post-thumbnail","hentry","category-activites-royales"],"yoast_head":"<!-- This site is optimized with the Yoast SEO plugin v27.5 - https:\/\/yoast.com\/product\/yoast-seo-wordpress\/ -->\n<title>SM le Roi f\u00e9licite le pr\u00e9sident de la R\u00e9publique des Seychelles \u00e0 l\u2019occasion de la f\u00eate nationale de son pays - Dpress.ma\/fr<\/title>\n<meta name=\"robots\" content=\"index, follow, max-snippet:-1, max-image-preview:large, max-video-preview:-1\" \/>\n<link rel=\"canonical\" href=\"https:\/\/dpress.ma\/fr\/2024\/06\/18\/sm-le-roi-felicite-le-president-de-la-republique-des-seychelles-a-loccasion-de-la-fete-nationale-de-son-pays\/\" \/>\n<meta property=\"og:locale\" content=\"fr_FR\" \/>\n<meta property=\"og:type\" content=\"article\" \/>\n<meta property=\"og:title\" content=\"SM le Roi f\u00e9licite le pr\u00e9sident de la R\u00e9publique des Seychelles \u00e0 l\u2019occasion de la f\u00eate nationale de son pays - Dpress.ma\/fr\" \/>\n<meta property=\"og:description\" content=\"dpress Sa Majest\u00e9 le Roi Mohammed VI a adress\u00e9 un message de f\u00e9licitations au pr\u00e9sident de la R\u00e9publique des Seychelles, M. Wavel Ramkalawan, \u00e0 l\u2019occasion de la f\u00eate nationale de son pays. Dans ce message, Sa Majest\u00e9 le Roi exprime \u00e0 M. Ramkalawan Ses f\u00e9licitations et Ses v\u0153ux les meilleurs pour le bonheur et la &hellip;\" \/>\n<meta property=\"og:url\" content=\"https:\/\/dpress.ma\/fr\/2024\/06\/18\/sm-le-roi-felicite-le-president-de-la-republique-des-seychelles-a-loccasion-de-la-fete-nationale-de-son-pays\/\" \/>\n<meta property=\"og:site_name\" content=\"Dpress.ma\/fr\" \/>\n<meta property=\"article:published_time\" content=\"2024-06-18T18:35:32+00:00\" \/>\n<meta property=\"article:modified_time\" content=\"2024-06-18T18:35:33+00:00\" \/>\n<meta property=\"og:image\" content=\"https:\/\/dpress.ma\/fr\/wp-content\/uploads\/sites\/2\/2024\/06\/dprees-dim.fr_-2.png\" \/>\n\t<meta property=\"og:image:width\" content=\"780\" \/>\n\t<meta property=\"og:image:height\" content=\"470\" \/>\n\t<meta property=\"og:image:type\" content=\"image\/png\" \/>\n<meta name=\"author\" content=\"Dpress.ma\" \/>\n<meta name=\"twitter:card\" content=\"summary_large_image\" \/>\n<meta name=\"twitter:label1\" content=\"\u00c9crit par\" \/>\n\t<meta name=\"twitter:data1\" content=\"Dpress.ma\" \/>\n\t<meta name=\"twitter:label2\" content=\"Dur\u00e9e de lecture estim\u00e9e\" \/>\n\t<meta name=\"twitter:data2\" content=\"1 minute\" \/>\n<script type=\"application\/ld+json\" class=\"yoast-schema-graph\">{\"@context\":\"https:\\\/\\\/schema.org\",\"@graph\":[{\"@type\":\"Article\",\"@id\":\"https:\\\/\\\/dpress.ma\\\/fr\\\/2024\\\/06\\\/18\\\/sm-le-roi-felicite-le-president-de-la-republique-des-seychelles-a-loccasion-de-la-fete-nationale-de-son-pays\\\/#article\",\"isPartOf\":{\"@id\":\"https:\\\/\\\/dpress.ma\\\/fr\\\/2024\\\/06\\\/18\\\/sm-le-roi-felicite-le-president-de-la-republique-des-seychelles-a-loccasion-de-la-fete-nationale-de-son-pays\\\/\"},\"author\":{\"name\":\"Dpress.ma\",\"@id\":\"https:\\\/\\\/dpress.ma\\\/fr\\\/#\\\/schema\\\/person\\\/4898febf3ccd59e6578d838656a306a0\"},\"headline\":\"SM le Roi f\u00e9licite le pr\u00e9sident de la R\u00e9publique des Seychelles \u00e0 l\u2019occasion de la f\u00eate nationale de son pays\",\"datePublished\":\"2024-06-18T18:35:32+00:00\",\"dateModified\":\"2024-06-18T18:35:33+00:00\",\"mainEntityOfPage\":{\"@id\":\"https:\\\/\\\/dpress.ma\\\/fr\\\/2024\\\/06\\\/18\\\/sm-le-roi-felicite-le-president-de-la-republique-des-seychelles-a-loccasion-de-la-fete-nationale-de-son-pays\\\/\"},\"wordCount\":151,\"commentCount\":0,\"image\":{\"@id\":\"https:\\\/\\\/dpress.ma\\\/fr\\\/2024\\\/06\\\/18\\\/sm-le-roi-felicite-le-president-de-la-republique-des-seychelles-a-loccasion-de-la-fete-nationale-de-son-pays\\\/#primaryimage\"},\"thumbnailUrl\":\"https:\\\/\\\/dpress.ma\\\/fr\\\/wp-content\\\/uploads\\\/sites\\\/2\\\/2024\\\/06\\\/dprees-dim.fr_-2.png\",\"articleSection\":[\"Activit\u00e9s Royales\"],\"inLanguage\":\"fr-FR\",\"potentialAction\":[{\"@type\":\"CommentAction\",\"name\":\"Comment\",\"target\":[\"https:\\\/\\\/dpress.ma\\\/fr\\\/2024\\\/06\\\/18\\\/sm-le-roi-felicite-le-president-de-la-republique-des-seychelles-a-loccasion-de-la-fete-nationale-de-son-pays\\\/#respond\"]}]},{\"@type\":\"WebPage\",\"@id\":\"https:\\\/\\\/dpress.ma\\\/fr\\\/2024\\\/06\\\/18\\\/sm-le-roi-felicite-le-president-de-la-republique-des-seychelles-a-loccasion-de-la-fete-nationale-de-son-pays\\\/\",\"url\":\"https:\\\/\\\/dpress.ma\\\/fr\\\/2024\\\/06\\\/18\\\/sm-le-roi-felicite-le-president-de-la-republique-des-seychelles-a-loccasion-de-la-fete-nationale-de-son-pays\\\/\",\"name\":\"SM le Roi f\u00e9licite le pr\u00e9sident de la R\u00e9publique des Seychelles \u00e0 l\u2019occasion de la f\u00eate nationale de son pays - Dpress.ma\\\/fr\",\"isPartOf\":{\"@id\":\"https:\\\/\\\/dpress.ma\\\/fr\\\/#website\"},\"primaryImageOfPage\":{\"@id\":\"https:\\\/\\\/dpress.ma\\\/fr\\\/2024\\\/06\\\/18\\\/sm-le-roi-felicite-le-president-de-la-republique-des-seychelles-a-loccasion-de-la-fete-nationale-de-son-pays\\\/#primaryimage\"},\"image\":{\"@id\":\"https:\\\/\\\/dpress.ma\\\/fr\\\/2024\\\/06\\\/18\\\/sm-le-roi-felicite-le-president-de-la-republique-des-seychelles-a-loccasion-de-la-fete-nationale-de-son-pays\\\/#primaryimage\"},\"thumbnailUrl\":\"https:\\\/\\\/dpress.ma\\\/fr\\\/wp-content\\\/uploads\\\/sites\\\/2\\\/2024\\\/06\\\/dprees-dim.fr_-2.png\",\"datePublished\":\"2024-06-18T18:35:32+00:00\",\"dateModified\":\"2024-06-18T18:35:33+00:00\",\"author\":{\"@id\":\"https:\\\/\\\/dpress.ma\\\/fr\\\/#\\\/schema\\\/person\\\/4898febf3ccd59e6578d838656a306a0\"},\"breadcrumb\":{\"@id\":\"https:\\\/\\\/dpress.ma\\\/fr\\\/2024\\\/06\\\/18\\\/sm-le-roi-felicite-le-president-de-la-republique-des-seychelles-a-loccasion-de-la-fete-nationale-de-son-pays\\\/#breadcrumb\"},\"inLanguage\":\"fr-FR\",\"potentialAction\":[{\"@type\":\"ReadAction\",\"target\":[\"https:\\\/\\\/dpress.ma\\\/fr\\\/2024\\\/06\\\/18\\\/sm-le-roi-felicite-le-president-de-la-republique-des-seychelles-a-loccasion-de-la-fete-nationale-de-son-pays\\\/\"]}]},{\"@type\":\"ImageObject\",\"inLanguage\":\"fr-FR\",\"@id\":\"https:\\\/\\\/dpress.ma\\\/fr\\\/2024\\\/06\\\/18\\\/sm-le-roi-felicite-le-president-de-la-republique-des-seychelles-a-loccasion-de-la-fete-nationale-de-son-pays\\\/#primaryimage\",\"url\":\"https:\\\/\\\/dpress.ma\\\/fr\\\/wp-content\\\/uploads\\\/sites\\\/2\\\/2024\\\/06\\\/dprees-dim.fr_-2.png\",\"contentUrl\":\"https:\\\/\\\/dpress.ma\\\/fr\\\/wp-content\\\/uploads\\\/sites\\\/2\\\/2024\\\/06\\\/dprees-dim.fr_-2.png\",\"width\":780,\"height\":470},{\"@type\":\"BreadcrumbList\",\"@id\":\"https:\\\/\\\/dpress.ma\\\/fr\\\/2024\\\/06\\\/18\\\/sm-le-roi-felicite-le-president-de-la-republique-des-seychelles-a-loccasion-de-la-fete-nationale-de-son-pays\\\/#breadcrumb\",\"itemListElement\":[{\"@type\":\"ListItem\",\"position\":1,\"name\":\"Home\",\"item\":\"https:\\\/\\\/dpress.ma\\\/fr\\\/\"},{\"@type\":\"ListItem\",\"position\":2,\"name\":\"SM le Roi f\u00e9licite le pr\u00e9sident de la R\u00e9publique des Seychelles \u00e0 l\u2019occasion de la f\u00eate nationale de son pays\"}]},{\"@type\":\"WebSite\",\"@id\":\"https:\\\/\\\/dpress.ma\\\/fr\\\/#website\",\"url\":\"https:\\\/\\\/dpress.ma\\\/fr\\\/\",\"name\":\"Dpress.ma\\\/fr\",\"description\":\"\",\"potentialAction\":[{\"@type\":\"SearchAction\",\"target\":{\"@type\":\"EntryPoint\",\"urlTemplate\":\"https:\\\/\\\/dpress.ma\\\/fr\\\/?s={search_term_string}\"},\"query-input\":{\"@type\":\"PropertyValueSpecification\",\"valueRequired\":true,\"valueName\":\"search_term_string\"}}],\"inLanguage\":\"fr-FR\"},{\"@type\":\"Person\",\"@id\":\"https:\\\/\\\/dpress.ma\\\/fr\\\/#\\\/schema\\\/person\\\/4898febf3ccd59e6578d838656a306a0\",\"name\":\"Dpress.ma\",\"image\":{\"@type\":\"ImageObject\",\"inLanguage\":\"fr-FR\",\"@id\":\"https:\\\/\\\/secure.gravatar.com\\\/avatar\\\/72ecc30e9db047a2e0e7176561eb9d564ed77c8108376495b19bd8336405198a?s=96&d=mm&r=g\",\"url\":\"https:\\\/\\\/secure.gravatar.com\\\/avatar\\\/72ecc30e9db047a2e0e7176561eb9d564ed77c8108376495b19bd8336405198a?s=96&d=mm&r=g\",\"contentUrl\":\"https:\\\/\\\/secure.gravatar.com\\\/avatar\\\/72ecc30e9db047a2e0e7176561eb9d564ed77c8108376495b19bd8336405198a?s=96&d=mm&r=g\",\"caption\":\"Dpress.ma\"},\"sameAs\":[\"https:\\\/\\\/www.dpress.ma\"],\"url\":\"https:\\\/\\\/dpress.ma\\\/fr\\\/author\\\/dpress-ma\\\/\"}]}<\/script>\n<!-- \/ Yoast SEO plugin. -->","yoast_head_json":{"title":"SM le Roi f\u00e9licite le pr\u00e9sident de la R\u00e9publique des Seychelles \u00e0 l\u2019occasion de la f\u00eate nationale de son pays - Dpress.ma\/fr","robots":{"index":"index","follow":"follow","max-snippet":"max-snippet:-1","max-image-preview":"max-image-preview:large","max-video-preview":"max-video-preview:-1"},"canonical":"https:\/\/dpress.ma\/fr\/2024\/06\/18\/sm-le-roi-felicite-le-president-de-la-republique-des-seychelles-a-loccasion-de-la-fete-nationale-de-son-pays\/","og_locale":"fr_FR","og_type":"article","og_title":"SM le Roi f\u00e9licite le pr\u00e9sident de la R\u00e9publique des Seychelles \u00e0 l\u2019occasion de la f\u00eate nationale de son pays - Dpress.ma\/fr","og_description":"dpress Sa Majest\u00e9 le Roi Mohammed VI a adress\u00e9 un message de f\u00e9licitations au pr\u00e9sident de la R\u00e9publique des Seychelles, M. Wavel Ramkalawan, \u00e0 l\u2019occasion de la f\u00eate nationale de son pays. Dans ce message, Sa Majest\u00e9 le Roi exprime \u00e0 M. Ramkalawan Ses f\u00e9licitations et Ses v\u0153ux les meilleurs pour le bonheur et la &hellip;","og_url":"https:\/\/dpress.ma\/fr\/2024\/06\/18\/sm-le-roi-felicite-le-president-de-la-republique-des-seychelles-a-loccasion-de-la-fete-nationale-de-son-pays\/","og_site_name":"Dpress.ma\/fr","article_published_time":"2024-06-18T18:35:32+00:00","article_modified_time":"2024-06-18T18:35:33+00:00","og_image":[{"width":780,"height":470,"url":"https:\/\/dpress.ma\/fr\/wp-content\/uploads\/sites\/2\/2024\/06\/dprees-dim.fr_-2.png","type":"image\/png"}],"author":"Dpress.ma","twitter_card":"summary_large_image","twitter_misc":{"\u00c9crit par":"Dpress.ma","Dur\u00e9e de lecture estim\u00e9e":"1 minute"},"schema":{"@context":"https:\/\/schema.org","@graph":[{"@type":"Article","@id":"https:\/\/dpress.ma\/fr\/2024\/06\/18\/sm-le-roi-felicite-le-president-de-la-republique-des-seychelles-a-loccasion-de-la-fete-nationale-de-son-pays\/#article","isPartOf":{"@id":"https:\/\/dpress.ma\/fr\/2024\/06\/18\/sm-le-roi-felicite-le-president-de-la-republique-des-seychelles-a-loccasion-de-la-fete-nationale-de-son-pays\/"},"author":{"name":"Dpress.ma","@id":"https:\/\/dpress.ma\/fr\/#\/schema\/person\/4898febf3ccd59e6578d838656a306a0"},"headline":"SM le Roi f\u00e9licite le pr\u00e9sident de la R\u00e9publique des Seychelles \u00e0 l\u2019occasion de la f\u00eate nationale de son pays","datePublished":"2024-06-18T18:35:32+00:00","dateModified":"2024-06-18T18:35:33+00:00","mainEntityOfPage":{"@id":"https:\/\/dpress.ma\/fr\/2024\/06\/18\/sm-le-roi-felicite-le-president-de-la-republique-des-seychelles-a-loccasion-de-la-fete-nationale-de-son-pays\/"},"wordCount":151,"commentCount":0,"image":{"@id":"https:\/\/dpress.ma\/fr\/2024\/06\/18\/sm-le-roi-felicite-le-president-de-la-republique-des-seychelles-a-loccasion-de-la-fete-nationale-de-son-pays\/#primaryimage"},"thumbnailUrl":"https:\/\/dpress.ma\/fr\/wp-content\/uploads\/sites\/2\/2024\/06\/dprees-dim.fr_-2.png","articleSection":["Activit\u00e9s Royales"],"inLanguage":"fr-FR","potentialAction":[{"@type":"CommentAction","name":"Comment","target":["https:\/\/dpress.ma\/fr\/2024\/06\/18\/sm-le-roi-felicite-le-president-de-la-republique-des-seychelles-a-loccasion-de-la-fete-nationale-de-son-pays\/#respond"]}]},{"@type":"WebPage","@id":"https:\/\/dpress.ma\/fr\/2024\/06\/18\/sm-le-roi-felicite-le-president-de-la-republique-des-seychelles-a-loccasion-de-la-fete-nationale-de-son-pays\/","url":"https:\/\/dpress.ma\/fr\/2024\/06\/18\/sm-le-roi-felicite-le-president-de-la-republique-des-seychelles-a-loccasion-de-la-fete-nationale-de-son-pays\/","name":"SM le Roi f\u00e9licite le pr\u00e9sident de la R\u00e9publique des Seychelles \u00e0 l\u2019occasion de la f\u00eate nationale de son pays - Dpress.ma\/fr","isPartOf":{"@id":"https:\/\/dpress.ma\/fr\/#website"},"primaryImageOfPage":{"@id":"https:\/\/dpress.ma\/fr\/2024\/06\/18\/sm-le-roi-felicite-le-president-de-la-republique-des-seychelles-a-loccasion-de-la-fete-nationale-de-son-pays\/#primaryimage"},"image":{"@id":"https:\/\/dpress.ma\/fr\/2024\/06\/18\/sm-le-roi-felicite-le-president-de-la-republique-des-seychelles-a-loccasion-de-la-fete-nationale-de-son-pays\/#primaryimage"},"thumbnailUrl":"https:\/\/dpress.ma\/fr\/wp-content\/uploads\/sites\/2\/2024\/06\/dprees-dim.fr_-2.png","datePublished":"2024-06-18T18:35:32+00:00","dateModified":"2024-06-18T18:35:33+00:00","author":{"@id":"https:\/\/dpress.ma\/fr\/#\/schema\/person\/4898febf3ccd59e6578d838656a306a0"},"breadcrumb":{"@id":"https:\/\/dpress.ma\/fr\/2024\/06\/18\/sm-le-roi-felicite-le-president-de-la-republique-des-seychelles-a-loccasion-de-la-fete-nationale-de-son-pays\/#breadcrumb"},"inLanguage":"fr-FR","potentialAction":[{"@type":"ReadAction","target":["https:\/\/dpress.ma\/fr\/2024\/06\/18\/sm-le-roi-felicite-le-president-de-la-republique-des-seychelles-a-loccasion-de-la-fete-nationale-de-son-pays\/"]}]},{"@type":"ImageObject","inLanguage":"fr-FR","@id":"https:\/\/dpress.ma\/fr\/2024\/06\/18\/sm-le-roi-felicite-le-president-de-la-republique-des-seychelles-a-loccasion-de-la-fete-nationale-de-son-pays\/#primaryimage","url":"https:\/\/dpress.ma\/fr\/wp-content\/uploads\/sites\/2\/2024\/06\/dprees-dim.fr_-2.png","contentUrl":"https:\/\/dpress.ma\/fr\/wp-content\/uploads\/sites\/2\/2024\/06\/dprees-dim.fr_-2.png","width":780,"height":470},{"@type":"BreadcrumbList","@id":"https:\/\/dpress.ma\/fr\/2024\/06\/18\/sm-le-roi-felicite-le-president-de-la-republique-des-seychelles-a-loccasion-de-la-fete-nationale-de-son-pays\/#breadcrumb","itemListElement":[{"@type":"ListItem","position":1,"name":"Home","item":"https:\/\/dpress.ma\/fr\/"},{"@type":"ListItem","position":2,"name":"SM le Roi f\u00e9licite le pr\u00e9sident de la R\u00e9publique des Seychelles \u00e0 l\u2019occasion de la f\u00eate nationale de son pays"}]},{"@type":"WebSite","@id":"https:\/\/dpress.ma\/fr\/#website","url":"https:\/\/dpress.ma\/fr\/","name":"Dpress.ma\/fr","description":"","potentialAction":[{"@type":"SearchAction","target":{"@type":"EntryPoint","urlTemplate":"https:\/\/dpress.ma\/fr\/?s={search_term_string}"},"query-input":{"@type":"PropertyValueSpecification","valueRequired":true,"valueName":"search_term_string"}}],"inLanguage":"fr-FR"},{"@type":"Person","@id":"https:\/\/dpress.ma\/fr\/#\/schema\/person\/4898febf3ccd59e6578d838656a306a0","name":"Dpress.ma","image":{"@type":"ImageObject","inLanguage":"fr-FR","@id":"https:\/\/secure.gravatar.com\/avatar\/72ecc30e9db047a2e0e7176561eb9d564ed77c8108376495b19bd8336405198a?s=96&d=mm&r=g","url":"https:\/\/secure.gravatar.com\/avatar\/72ecc30e9db047a2e0e7176561eb9d564ed77c8108376495b19bd8336405198a?s=96&d=mm&r=g","contentUrl":"https:\/\/secure.gravatar.com\/avatar\/72ecc30e9db047a2e0e7176561eb9d564ed77c8108376495b19bd8336405198a?s=96&d=mm&r=g","caption":"Dpress.ma"},"sameAs":["https:\/\/www.dpress.ma"],"url":"https:\/\/dpress.ma\/fr\/author\/dpress-ma\/"}]}},"amp_enabled":true,"_links":{"self":[{"href":"https:\/\/dpress.ma\/fr\/wp-json\/wp\/v2\/posts\/9396","targetHints":{"allow":["GET"]}}],"collection":[{"href":"https:\/\/dpress.ma\/fr\/wp-json\/wp\/v2\/posts"}],"about":[{"href":"https:\/\/dpress.ma\/fr\/wp-json\/wp\/v2\/types\/post"}],"author":[{"embeddable":true,"href":"https:\/\/dpress.ma\/fr\/wp-json\/wp\/v2\/users\/2"}],"replies":[{"embeddable":true,"href":"https:\/\/dpress.ma\/fr\/wp-json\/wp\/v2\/comments?post=9396"}],"version-history":[{"count":1,"href":"https:\/\/dpress.ma\/fr\/wp-json\/wp\/v2\/posts\/9396\/revisions"}],"predecessor-version":[{"id":9398,"href":"https:\/\/dpress.ma\/fr\/wp-json\/wp\/v2\/posts\/9396\/revisions\/9398"}],"wp:featuredmedia":[{"embeddable":true,"href":"https:\/\/dpress.ma\/fr\/wp-json\/wp\/v2\/media\/9397"}],"wp:attachment":[{"href":"https:\/\/dpress.ma\/fr\/wp-json\/wp\/v2\/media?parent=9396"}],"wp:term":[{"taxonomy":"category","embeddable":true,"href":"https:\/\/dpress.ma\/fr\/wp-json\/wp\/v2\/categories?post=9396"},{"taxonomy":"post_tag","embeddable":true,"href":"https:\/\/dpress.ma\/fr\/wp-json\/wp\/v2\/tags?post=9396"}],"curies":[{"name":"wp","href":"https:\/\/api.w.org\/{rel}","templated":true}]}}