{"id":9393,"date":"2024-06-18T09:30:05","date_gmt":"2024-06-18T09:30:05","guid":{"rendered":"https:\/\/dpress.ma\/fr\/?p=9393"},"modified":"2024-06-18T09:30:06","modified_gmt":"2024-06-18T09:30:06","slug":"grande-marlaska-salue-lexcellente-coordination-entre-le-maroc-et-lespagne","status":"publish","type":"post","link":"https:\/\/dpress.ma\/fr\/2024\/06\/18\/grande-marlaska-salue-lexcellente-coordination-entre-le-maroc-et-lespagne\/","title":{"rendered":"Grande-Marlaska salue \u201cl\u2019excellente coordination\u201d entre le Maroc et l\u2019Espagne"},"content":{"rendered":"\n<p>dpress<\/p>\n\n\n\n<p>Le ministre espagnol de l\u2019Int\u00e9rieur, Fernando Grande-Marlaska, a soulign\u00e9, lundi, \u201cl\u2019excellente coordination\u201d entre son pays et le Maroc dans le cadre de l\u2019op\u00e9ration \u201cMarhaba 2024\u201d d\u2019accueil des Marocains r\u00e9sidant \u00e0 l\u2019\u00e9tranger.<\/p>\n\n\n\n<p>Le Maroc et l\u2019Espagne ont mis en place un \u00abimportant\u00bb dispositif et mobilis\u00e9 toutes les ressources humaines impliqu\u00e9es dans cette op\u00e9ration pour garantir son bon d\u00e9roulement, a relev\u00e9 Grande-Marlaska dans des d\u00e9clarations \u00e0 la presse lors de sa visite au port d\u2019Alg\u00e9siras.<\/p>\n\n\n\n<p>Toutes les \u00e9quipes mobilis\u00e9es \u00e0 cet effet r\u00e9alisent \u201cun travail extraordinaire pour que cette op\u00e9ration continue \u00e0 \u00eatre un succ\u00e8s\u201d, a not\u00e9 le ministre espagnol<\/p>\n\n\n\n<p>L\u2019excellente coordination entre les autorit\u00e9s marocaines et leurs homologues espagnoles permettra, sans nul doute, de g\u00e9rer de la meilleure mani\u00e8re les \u201cchiffres records\u201d de passagers et de v\u00e9hicules pr\u00e9vus lors de cette op\u00e9ration, a-t-il affirm\u00e9.<\/p>\n\n\n\n<p>Sous la Pr\u00e9sidence Effective de Sa Majest\u00e9 le Roi Mohammed VI, la Fondation Mohammed V pour la Solidarit\u00e9 a lanc\u00e9, le 5 juin, la 24\u00e8me \u00e9dition de l\u2019op\u00e9ration Marhaba d\u2019accueil des MRE, qui se tient jusqu\u2019au 15 septembre. A cet effet, la Fondation a mis en service le dispositif global d\u2019accueil, activ\u00e9 simultan\u00e9ment au Maroc, en France, en Espagne et en Italie.<\/p>\n\n\n\n<p>Destin\u00e9 \u00e0 servir de plateforme pour l\u2019accompagnement et l\u2019assistance des membres de la communaut\u00e9 durant les phases d\u2019arriv\u00e9e et de retour, ce dispositif s\u2019int\u00e8gre avec l\u2019ensemble des dispositions et mesures mises en place par les diff\u00e9rentes parties-prenantes intervenant dans la mise en \u0153uvre de l\u2019op\u00e9ration.<\/p>\n","protected":false},"excerpt":{"rendered":"<p>dpress Le ministre espagnol de l\u2019Int\u00e9rieur, Fernando Grande-Marlaska, a soulign\u00e9, lundi, \u201cl\u2019excellente coordination\u201d entre son pays et le Maroc dans le cadre de l\u2019op\u00e9ration \u201cMarhaba 2024\u201d d\u2019accueil des Marocains r\u00e9sidant \u00e0 l\u2019\u00e9tranger. Le Maroc et l\u2019Espagne ont mis en place un \u00abimportant\u00bb dispositif et mobilis\u00e9 toutes les ressources humaines impliqu\u00e9es dans cette op\u00e9ration pour garantir &hellip;<\/p>\n","protected":false},"author":2,"featured_media":9394,"comment_status":"open","ping_status":"open","sticky":false,"template":"","format":"standard","meta":{"footnotes":""},"categories":[26],"tags":[],"class_list":["post-9393","post","type-post","status-publish","format-standard","has-post-thumbnail","hentry","category-politiques"],"yoast_head":"<!-- This site is optimized with the Yoast SEO plugin v27.5 - https:\/\/yoast.com\/product\/yoast-seo-wordpress\/ -->\n<title>Grande-Marlaska salue \u201cl\u2019excellente coordination\u201d entre le Maroc et l\u2019Espagne - Dpress.ma\/fr<\/title>\n<meta name=\"robots\" content=\"index, follow, max-snippet:-1, max-image-preview:large, max-video-preview:-1\" \/>\n<link rel=\"canonical\" href=\"https:\/\/dpress.ma\/fr\/2024\/06\/18\/grande-marlaska-salue-lexcellente-coordination-entre-le-maroc-et-lespagne\/\" \/>\n<meta property=\"og:locale\" content=\"fr_FR\" \/>\n<meta property=\"og:type\" content=\"article\" \/>\n<meta property=\"og:title\" content=\"Grande-Marlaska salue \u201cl\u2019excellente coordination\u201d entre le Maroc et l\u2019Espagne - Dpress.ma\/fr\" \/>\n<meta property=\"og:description\" content=\"dpress Le ministre espagnol de l\u2019Int\u00e9rieur, Fernando Grande-Marlaska, a soulign\u00e9, lundi, \u201cl\u2019excellente coordination\u201d entre son pays et le Maroc dans le cadre de l\u2019op\u00e9ration \u201cMarhaba 2024\u201d d\u2019accueil des Marocains r\u00e9sidant \u00e0 l\u2019\u00e9tranger. Le Maroc et l\u2019Espagne ont mis en place un \u00abimportant\u00bb dispositif et mobilis\u00e9 toutes les ressources humaines impliqu\u00e9es dans cette op\u00e9ration pour garantir &hellip;\" \/>\n<meta property=\"og:url\" content=\"https:\/\/dpress.ma\/fr\/2024\/06\/18\/grande-marlaska-salue-lexcellente-coordination-entre-le-maroc-et-lespagne\/\" \/>\n<meta property=\"og:site_name\" content=\"Dpress.ma\/fr\" \/>\n<meta property=\"article:published_time\" content=\"2024-06-18T09:30:05+00:00\" \/>\n<meta property=\"article:modified_time\" content=\"2024-06-18T09:30:06+00:00\" \/>\n<meta property=\"og:image\" content=\"https:\/\/dpress.ma\/fr\/wp-content\/uploads\/sites\/2\/2024\/06\/dprees-dim.fr_-1.png\" \/>\n\t<meta property=\"og:image:width\" content=\"780\" \/>\n\t<meta property=\"og:image:height\" content=\"470\" \/>\n\t<meta property=\"og:image:type\" content=\"image\/png\" \/>\n<meta name=\"author\" content=\"Dpress.ma\" \/>\n<meta name=\"twitter:card\" content=\"summary_large_image\" \/>\n<meta name=\"twitter:label1\" content=\"\u00c9crit par\" \/>\n\t<meta name=\"twitter:data1\" content=\"Dpress.ma\" \/>\n\t<meta name=\"twitter:label2\" content=\"Dur\u00e9e de lecture estim\u00e9e\" \/>\n\t<meta name=\"twitter:data2\" content=\"2 minutes\" \/>\n<script type=\"application\/ld+json\" class=\"yoast-schema-graph\">{\"@context\":\"https:\\\/\\\/schema.org\",\"@graph\":[{\"@type\":\"Article\",\"@id\":\"https:\\\/\\\/dpress.ma\\\/fr\\\/2024\\\/06\\\/18\\\/grande-marlaska-salue-lexcellente-coordination-entre-le-maroc-et-lespagne\\\/#article\",\"isPartOf\":{\"@id\":\"https:\\\/\\\/dpress.ma\\\/fr\\\/2024\\\/06\\\/18\\\/grande-marlaska-salue-lexcellente-coordination-entre-le-maroc-et-lespagne\\\/\"},\"author\":{\"name\":\"Dpress.ma\",\"@id\":\"https:\\\/\\\/dpress.ma\\\/fr\\\/#\\\/schema\\\/person\\\/4898febf3ccd59e6578d838656a306a0\"},\"headline\":\"Grande-Marlaska salue \u201cl\u2019excellente coordination\u201d entre le Maroc et l\u2019Espagne\",\"datePublished\":\"2024-06-18T09:30:05+00:00\",\"dateModified\":\"2024-06-18T09:30:06+00:00\",\"mainEntityOfPage\":{\"@id\":\"https:\\\/\\\/dpress.ma\\\/fr\\\/2024\\\/06\\\/18\\\/grande-marlaska-salue-lexcellente-coordination-entre-le-maroc-et-lespagne\\\/\"},\"wordCount\":287,\"commentCount\":0,\"image\":{\"@id\":\"https:\\\/\\\/dpress.ma\\\/fr\\\/2024\\\/06\\\/18\\\/grande-marlaska-salue-lexcellente-coordination-entre-le-maroc-et-lespagne\\\/#primaryimage\"},\"thumbnailUrl\":\"https:\\\/\\\/dpress.ma\\\/fr\\\/wp-content\\\/uploads\\\/sites\\\/2\\\/2024\\\/06\\\/dprees-dim.fr_-1.png\",\"articleSection\":[\"Politiques\"],\"inLanguage\":\"fr-FR\",\"potentialAction\":[{\"@type\":\"CommentAction\",\"name\":\"Comment\",\"target\":[\"https:\\\/\\\/dpress.ma\\\/fr\\\/2024\\\/06\\\/18\\\/grande-marlaska-salue-lexcellente-coordination-entre-le-maroc-et-lespagne\\\/#respond\"]}]},{\"@type\":\"WebPage\",\"@id\":\"https:\\\/\\\/dpress.ma\\\/fr\\\/2024\\\/06\\\/18\\\/grande-marlaska-salue-lexcellente-coordination-entre-le-maroc-et-lespagne\\\/\",\"url\":\"https:\\\/\\\/dpress.ma\\\/fr\\\/2024\\\/06\\\/18\\\/grande-marlaska-salue-lexcellente-coordination-entre-le-maroc-et-lespagne\\\/\",\"name\":\"Grande-Marlaska salue \u201cl\u2019excellente coordination\u201d entre le Maroc et l\u2019Espagne - Dpress.ma\\\/fr\",\"isPartOf\":{\"@id\":\"https:\\\/\\\/dpress.ma\\\/fr\\\/#website\"},\"primaryImageOfPage\":{\"@id\":\"https:\\\/\\\/dpress.ma\\\/fr\\\/2024\\\/06\\\/18\\\/grande-marlaska-salue-lexcellente-coordination-entre-le-maroc-et-lespagne\\\/#primaryimage\"},\"image\":{\"@id\":\"https:\\\/\\\/dpress.ma\\\/fr\\\/2024\\\/06\\\/18\\\/grande-marlaska-salue-lexcellente-coordination-entre-le-maroc-et-lespagne\\\/#primaryimage\"},\"thumbnailUrl\":\"https:\\\/\\\/dpress.ma\\\/fr\\\/wp-content\\\/uploads\\\/sites\\\/2\\\/2024\\\/06\\\/dprees-dim.fr_-1.png\",\"datePublished\":\"2024-06-18T09:30:05+00:00\",\"dateModified\":\"2024-06-18T09:30:06+00:00\",\"author\":{\"@id\":\"https:\\\/\\\/dpress.ma\\\/fr\\\/#\\\/schema\\\/person\\\/4898febf3ccd59e6578d838656a306a0\"},\"breadcrumb\":{\"@id\":\"https:\\\/\\\/dpress.ma\\\/fr\\\/2024\\\/06\\\/18\\\/grande-marlaska-salue-lexcellente-coordination-entre-le-maroc-et-lespagne\\\/#breadcrumb\"},\"inLanguage\":\"fr-FR\",\"potentialAction\":[{\"@type\":\"ReadAction\",\"target\":[\"https:\\\/\\\/dpress.ma\\\/fr\\\/2024\\\/06\\\/18\\\/grande-marlaska-salue-lexcellente-coordination-entre-le-maroc-et-lespagne\\\/\"]}]},{\"@type\":\"ImageObject\",\"inLanguage\":\"fr-FR\",\"@id\":\"https:\\\/\\\/dpress.ma\\\/fr\\\/2024\\\/06\\\/18\\\/grande-marlaska-salue-lexcellente-coordination-entre-le-maroc-et-lespagne\\\/#primaryimage\",\"url\":\"https:\\\/\\\/dpress.ma\\\/fr\\\/wp-content\\\/uploads\\\/sites\\\/2\\\/2024\\\/06\\\/dprees-dim.fr_-1.png\",\"contentUrl\":\"https:\\\/\\\/dpress.ma\\\/fr\\\/wp-content\\\/uploads\\\/sites\\\/2\\\/2024\\\/06\\\/dprees-dim.fr_-1.png\",\"width\":780,\"height\":470},{\"@type\":\"BreadcrumbList\",\"@id\":\"https:\\\/\\\/dpress.ma\\\/fr\\\/2024\\\/06\\\/18\\\/grande-marlaska-salue-lexcellente-coordination-entre-le-maroc-et-lespagne\\\/#breadcrumb\",\"itemListElement\":[{\"@type\":\"ListItem\",\"position\":1,\"name\":\"Home\",\"item\":\"https:\\\/\\\/dpress.ma\\\/fr\\\/\"},{\"@type\":\"ListItem\",\"position\":2,\"name\":\"Grande-Marlaska salue \u201cl\u2019excellente coordination\u201d entre le Maroc et l\u2019Espagne\"}]},{\"@type\":\"WebSite\",\"@id\":\"https:\\\/\\\/dpress.ma\\\/fr\\\/#website\",\"url\":\"https:\\\/\\\/dpress.ma\\\/fr\\\/\",\"name\":\"Dpress.ma\\\/fr\",\"description\":\"\",\"potentialAction\":[{\"@type\":\"SearchAction\",\"target\":{\"@type\":\"EntryPoint\",\"urlTemplate\":\"https:\\\/\\\/dpress.ma\\\/fr\\\/?s={search_term_string}\"},\"query-input\":{\"@type\":\"PropertyValueSpecification\",\"valueRequired\":true,\"valueName\":\"search_term_string\"}}],\"inLanguage\":\"fr-FR\"},{\"@type\":\"Person\",\"@id\":\"https:\\\/\\\/dpress.ma\\\/fr\\\/#\\\/schema\\\/person\\\/4898febf3ccd59e6578d838656a306a0\",\"name\":\"Dpress.ma\",\"image\":{\"@type\":\"ImageObject\",\"inLanguage\":\"fr-FR\",\"@id\":\"https:\\\/\\\/secure.gravatar.com\\\/avatar\\\/72ecc30e9db047a2e0e7176561eb9d564ed77c8108376495b19bd8336405198a?s=96&d=mm&r=g\",\"url\":\"https:\\\/\\\/secure.gravatar.com\\\/avatar\\\/72ecc30e9db047a2e0e7176561eb9d564ed77c8108376495b19bd8336405198a?s=96&d=mm&r=g\",\"contentUrl\":\"https:\\\/\\\/secure.gravatar.com\\\/avatar\\\/72ecc30e9db047a2e0e7176561eb9d564ed77c8108376495b19bd8336405198a?s=96&d=mm&r=g\",\"caption\":\"Dpress.ma\"},\"sameAs\":[\"https:\\\/\\\/www.dpress.ma\"],\"url\":\"https:\\\/\\\/dpress.ma\\\/fr\\\/author\\\/dpress-ma\\\/\"}]}<\/script>\n<!-- \/ Yoast SEO plugin. -->","yoast_head_json":{"title":"Grande-Marlaska salue \u201cl\u2019excellente coordination\u201d entre le Maroc et l\u2019Espagne - Dpress.ma\/fr","robots":{"index":"index","follow":"follow","max-snippet":"max-snippet:-1","max-image-preview":"max-image-preview:large","max-video-preview":"max-video-preview:-1"},"canonical":"https:\/\/dpress.ma\/fr\/2024\/06\/18\/grande-marlaska-salue-lexcellente-coordination-entre-le-maroc-et-lespagne\/","og_locale":"fr_FR","og_type":"article","og_title":"Grande-Marlaska salue \u201cl\u2019excellente coordination\u201d entre le Maroc et l\u2019Espagne - Dpress.ma\/fr","og_description":"dpress Le ministre espagnol de l\u2019Int\u00e9rieur, Fernando Grande-Marlaska, a soulign\u00e9, lundi, \u201cl\u2019excellente coordination\u201d entre son pays et le Maroc dans le cadre de l\u2019op\u00e9ration \u201cMarhaba 2024\u201d d\u2019accueil des Marocains r\u00e9sidant \u00e0 l\u2019\u00e9tranger. Le Maroc et l\u2019Espagne ont mis en place un \u00abimportant\u00bb dispositif et mobilis\u00e9 toutes les ressources humaines impliqu\u00e9es dans cette op\u00e9ration pour garantir &hellip;","og_url":"https:\/\/dpress.ma\/fr\/2024\/06\/18\/grande-marlaska-salue-lexcellente-coordination-entre-le-maroc-et-lespagne\/","og_site_name":"Dpress.ma\/fr","article_published_time":"2024-06-18T09:30:05+00:00","article_modified_time":"2024-06-18T09:30:06+00:00","og_image":[{"width":780,"height":470,"url":"https:\/\/dpress.ma\/fr\/wp-content\/uploads\/sites\/2\/2024\/06\/dprees-dim.fr_-1.png","type":"image\/png"}],"author":"Dpress.ma","twitter_card":"summary_large_image","twitter_misc":{"\u00c9crit par":"Dpress.ma","Dur\u00e9e de lecture estim\u00e9e":"2 minutes"},"schema":{"@context":"https:\/\/schema.org","@graph":[{"@type":"Article","@id":"https:\/\/dpress.ma\/fr\/2024\/06\/18\/grande-marlaska-salue-lexcellente-coordination-entre-le-maroc-et-lespagne\/#article","isPartOf":{"@id":"https:\/\/dpress.ma\/fr\/2024\/06\/18\/grande-marlaska-salue-lexcellente-coordination-entre-le-maroc-et-lespagne\/"},"author":{"name":"Dpress.ma","@id":"https:\/\/dpress.ma\/fr\/#\/schema\/person\/4898febf3ccd59e6578d838656a306a0"},"headline":"Grande-Marlaska salue \u201cl\u2019excellente coordination\u201d entre le Maroc et l\u2019Espagne","datePublished":"2024-06-18T09:30:05+00:00","dateModified":"2024-06-18T09:30:06+00:00","mainEntityOfPage":{"@id":"https:\/\/dpress.ma\/fr\/2024\/06\/18\/grande-marlaska-salue-lexcellente-coordination-entre-le-maroc-et-lespagne\/"},"wordCount":287,"commentCount":0,"image":{"@id":"https:\/\/dpress.ma\/fr\/2024\/06\/18\/grande-marlaska-salue-lexcellente-coordination-entre-le-maroc-et-lespagne\/#primaryimage"},"thumbnailUrl":"https:\/\/dpress.ma\/fr\/wp-content\/uploads\/sites\/2\/2024\/06\/dprees-dim.fr_-1.png","articleSection":["Politiques"],"inLanguage":"fr-FR","potentialAction":[{"@type":"CommentAction","name":"Comment","target":["https:\/\/dpress.ma\/fr\/2024\/06\/18\/grande-marlaska-salue-lexcellente-coordination-entre-le-maroc-et-lespagne\/#respond"]}]},{"@type":"WebPage","@id":"https:\/\/dpress.ma\/fr\/2024\/06\/18\/grande-marlaska-salue-lexcellente-coordination-entre-le-maroc-et-lespagne\/","url":"https:\/\/dpress.ma\/fr\/2024\/06\/18\/grande-marlaska-salue-lexcellente-coordination-entre-le-maroc-et-lespagne\/","name":"Grande-Marlaska salue \u201cl\u2019excellente coordination\u201d entre le Maroc et l\u2019Espagne - Dpress.ma\/fr","isPartOf":{"@id":"https:\/\/dpress.ma\/fr\/#website"},"primaryImageOfPage":{"@id":"https:\/\/dpress.ma\/fr\/2024\/06\/18\/grande-marlaska-salue-lexcellente-coordination-entre-le-maroc-et-lespagne\/#primaryimage"},"image":{"@id":"https:\/\/dpress.ma\/fr\/2024\/06\/18\/grande-marlaska-salue-lexcellente-coordination-entre-le-maroc-et-lespagne\/#primaryimage"},"thumbnailUrl":"https:\/\/dpress.ma\/fr\/wp-content\/uploads\/sites\/2\/2024\/06\/dprees-dim.fr_-1.png","datePublished":"2024-06-18T09:30:05+00:00","dateModified":"2024-06-18T09:30:06+00:00","author":{"@id":"https:\/\/dpress.ma\/fr\/#\/schema\/person\/4898febf3ccd59e6578d838656a306a0"},"breadcrumb":{"@id":"https:\/\/dpress.ma\/fr\/2024\/06\/18\/grande-marlaska-salue-lexcellente-coordination-entre-le-maroc-et-lespagne\/#breadcrumb"},"inLanguage":"fr-FR","potentialAction":[{"@type":"ReadAction","target":["https:\/\/dpress.ma\/fr\/2024\/06\/18\/grande-marlaska-salue-lexcellente-coordination-entre-le-maroc-et-lespagne\/"]}]},{"@type":"ImageObject","inLanguage":"fr-FR","@id":"https:\/\/dpress.ma\/fr\/2024\/06\/18\/grande-marlaska-salue-lexcellente-coordination-entre-le-maroc-et-lespagne\/#primaryimage","url":"https:\/\/dpress.ma\/fr\/wp-content\/uploads\/sites\/2\/2024\/06\/dprees-dim.fr_-1.png","contentUrl":"https:\/\/dpress.ma\/fr\/wp-content\/uploads\/sites\/2\/2024\/06\/dprees-dim.fr_-1.png","width":780,"height":470},{"@type":"BreadcrumbList","@id":"https:\/\/dpress.ma\/fr\/2024\/06\/18\/grande-marlaska-salue-lexcellente-coordination-entre-le-maroc-et-lespagne\/#breadcrumb","itemListElement":[{"@type":"ListItem","position":1,"name":"Home","item":"https:\/\/dpress.ma\/fr\/"},{"@type":"ListItem","position":2,"name":"Grande-Marlaska salue \u201cl\u2019excellente coordination\u201d entre le Maroc et l\u2019Espagne"}]},{"@type":"WebSite","@id":"https:\/\/dpress.ma\/fr\/#website","url":"https:\/\/dpress.ma\/fr\/","name":"Dpress.ma\/fr","description":"","potentialAction":[{"@type":"SearchAction","target":{"@type":"EntryPoint","urlTemplate":"https:\/\/dpress.ma\/fr\/?s={search_term_string}"},"query-input":{"@type":"PropertyValueSpecification","valueRequired":true,"valueName":"search_term_string"}}],"inLanguage":"fr-FR"},{"@type":"Person","@id":"https:\/\/dpress.ma\/fr\/#\/schema\/person\/4898febf3ccd59e6578d838656a306a0","name":"Dpress.ma","image":{"@type":"ImageObject","inLanguage":"fr-FR","@id":"https:\/\/secure.gravatar.com\/avatar\/72ecc30e9db047a2e0e7176561eb9d564ed77c8108376495b19bd8336405198a?s=96&d=mm&r=g","url":"https:\/\/secure.gravatar.com\/avatar\/72ecc30e9db047a2e0e7176561eb9d564ed77c8108376495b19bd8336405198a?s=96&d=mm&r=g","contentUrl":"https:\/\/secure.gravatar.com\/avatar\/72ecc30e9db047a2e0e7176561eb9d564ed77c8108376495b19bd8336405198a?s=96&d=mm&r=g","caption":"Dpress.ma"},"sameAs":["https:\/\/www.dpress.ma"],"url":"https:\/\/dpress.ma\/fr\/author\/dpress-ma\/"}]}},"amp_enabled":true,"_links":{"self":[{"href":"https:\/\/dpress.ma\/fr\/wp-json\/wp\/v2\/posts\/9393","targetHints":{"allow":["GET"]}}],"collection":[{"href":"https:\/\/dpress.ma\/fr\/wp-json\/wp\/v2\/posts"}],"about":[{"href":"https:\/\/dpress.ma\/fr\/wp-json\/wp\/v2\/types\/post"}],"author":[{"embeddable":true,"href":"https:\/\/dpress.ma\/fr\/wp-json\/wp\/v2\/users\/2"}],"replies":[{"embeddable":true,"href":"https:\/\/dpress.ma\/fr\/wp-json\/wp\/v2\/comments?post=9393"}],"version-history":[{"count":1,"href":"https:\/\/dpress.ma\/fr\/wp-json\/wp\/v2\/posts\/9393\/revisions"}],"predecessor-version":[{"id":9395,"href":"https:\/\/dpress.ma\/fr\/wp-json\/wp\/v2\/posts\/9393\/revisions\/9395"}],"wp:featuredmedia":[{"embeddable":true,"href":"https:\/\/dpress.ma\/fr\/wp-json\/wp\/v2\/media\/9394"}],"wp:attachment":[{"href":"https:\/\/dpress.ma\/fr\/wp-json\/wp\/v2\/media?parent=9393"}],"wp:term":[{"taxonomy":"category","embeddable":true,"href":"https:\/\/dpress.ma\/fr\/wp-json\/wp\/v2\/categories?post=9393"},{"taxonomy":"post_tag","embeddable":true,"href":"https:\/\/dpress.ma\/fr\/wp-json\/wp\/v2\/tags?post=9393"}],"curies":[{"name":"wp","href":"https:\/\/api.w.org\/{rel}","templated":true}]}}