{"id":9383,"date":"2024-06-12T15:35:25","date_gmt":"2024-06-12T15:35:25","guid":{"rendered":"https:\/\/dpress.ma\/fr\/?p=9383"},"modified":"2024-06-12T15:35:26","modified_gmt":"2024-06-12T15:35:26","slug":"sm-le-roi-felicite-le-president-des-philippines-a-loccasion-de-la-fete-de-lindependance-de-son-pays","status":"publish","type":"post","link":"https:\/\/dpress.ma\/fr\/2024\/06\/12\/sm-le-roi-felicite-le-president-des-philippines-a-loccasion-de-la-fete-de-lindependance-de-son-pays\/","title":{"rendered":"SM le Roi f\u00e9licite le pr\u00e9sident des Philippines \u00e0 l\u2019occasion de la f\u00eate de l\u2019ind\u00e9pendance de son pays"},"content":{"rendered":"\n<p>Dpress<\/p>\n\n\n\n<p>Sa Majest\u00e9 le Roi Mohammed VI a adress\u00e9 un message de f\u00e9licitations au pr\u00e9sident des Philippines, M. Ferdinand R. Marcos Jr., \u00e0 l\u2019occasion de la f\u00eate de l\u2019ind\u00e9pendance de son pays.<\/p>\n\n\n\n<p>Dans ce message, le Souverain exprime au Pr\u00e9sident des Philippines Ses chaleureuses f\u00e9licitations et Ses meilleurs v\u0153ux de sant\u00e9 et de bonheur, lui souhaitant plein succ\u00e8s dans ses efforts pour conduire son peuple vers davantage de progr\u00e8s et de prosp\u00e9rit\u00e9.<\/p>\n\n\n\n<p>Sa Majest\u00e9 le Roi saisit cette occasion pour se f\u00e9liciter des relations d\u2019amiti\u00e9 et de coop\u00e9ration distingu\u00e9es qui unissent le Royaume du Maroc et la R\u00e9publique des Philippines, r\u00e9affirmant Sa d\u00e9termination \u00e0 les renforcer dans divers domaines, pour le b\u00e9n\u00e9fice des deux peuples amis.<\/p>\n","protected":false},"excerpt":{"rendered":"<p>Dpress Sa Majest\u00e9 le Roi Mohammed VI a adress\u00e9 un message de f\u00e9licitations au pr\u00e9sident des Philippines, M. Ferdinand R. Marcos Jr., \u00e0 l\u2019occasion de la f\u00eate de l\u2019ind\u00e9pendance de son pays. Dans ce message, le Souverain exprime au Pr\u00e9sident des Philippines Ses chaleureuses f\u00e9licitations et Ses meilleurs v\u0153ux de sant\u00e9 et de bonheur, lui &hellip;<\/p>\n","protected":false},"author":2,"featured_media":6469,"comment_status":"open","ping_status":"open","sticky":false,"template":"","format":"standard","meta":{"footnotes":""},"categories":[29],"tags":[],"class_list":["post-9383","post","type-post","status-publish","format-standard","has-post-thumbnail","hentry","category-activites-royales"],"yoast_head":"<!-- This site is optimized with the Yoast SEO plugin v27.5 - https:\/\/yoast.com\/product\/yoast-seo-wordpress\/ -->\n<title>SM le Roi f\u00e9licite le pr\u00e9sident des Philippines \u00e0 l\u2019occasion de la f\u00eate de l\u2019ind\u00e9pendance de son pays - Dpress.ma\/fr<\/title>\n<meta name=\"robots\" content=\"index, follow, max-snippet:-1, max-image-preview:large, max-video-preview:-1\" \/>\n<link rel=\"canonical\" href=\"https:\/\/dpress.ma\/fr\/2024\/06\/12\/sm-le-roi-felicite-le-president-des-philippines-a-loccasion-de-la-fete-de-lindependance-de-son-pays\/\" \/>\n<meta property=\"og:locale\" content=\"fr_FR\" \/>\n<meta property=\"og:type\" content=\"article\" \/>\n<meta property=\"og:title\" content=\"SM le Roi f\u00e9licite le pr\u00e9sident des Philippines \u00e0 l\u2019occasion de la f\u00eate de l\u2019ind\u00e9pendance de son pays - Dpress.ma\/fr\" \/>\n<meta property=\"og:description\" content=\"Dpress Sa Majest\u00e9 le Roi Mohammed VI a adress\u00e9 un message de f\u00e9licitations au pr\u00e9sident des Philippines, M. Ferdinand R. Marcos Jr., \u00e0 l\u2019occasion de la f\u00eate de l\u2019ind\u00e9pendance de son pays. Dans ce message, le Souverain exprime au Pr\u00e9sident des Philippines Ses chaleureuses f\u00e9licitations et Ses meilleurs v\u0153ux de sant\u00e9 et de bonheur, lui &hellip;\" \/>\n<meta property=\"og:url\" content=\"https:\/\/dpress.ma\/fr\/2024\/06\/12\/sm-le-roi-felicite-le-president-des-philippines-a-loccasion-de-la-fete-de-lindependance-de-son-pays\/\" \/>\n<meta property=\"og:site_name\" content=\"Dpress.ma\/fr\" \/>\n<meta property=\"article:published_time\" content=\"2024-06-12T15:35:25+00:00\" \/>\n<meta property=\"article:modified_time\" content=\"2024-06-12T15:35:26+00:00\" \/>\n<meta property=\"og:image\" content=\"https:\/\/dpress.ma\/fr\/wp-content\/uploads\/sites\/2\/2023\/11\/dimensions2-19.jpg\" \/>\n\t<meta property=\"og:image:width\" content=\"2539\" \/>\n\t<meta property=\"og:image:height\" content=\"1594\" \/>\n\t<meta property=\"og:image:type\" content=\"image\/jpeg\" \/>\n<meta name=\"author\" content=\"Dpress.ma\" \/>\n<meta name=\"twitter:card\" content=\"summary_large_image\" \/>\n<meta name=\"twitter:label1\" content=\"\u00c9crit par\" \/>\n\t<meta name=\"twitter:data1\" content=\"Dpress.ma\" \/>\n\t<meta name=\"twitter:label2\" content=\"Dur\u00e9e de lecture estim\u00e9e\" \/>\n\t<meta name=\"twitter:data2\" content=\"1 minute\" \/>\n<script type=\"application\/ld+json\" class=\"yoast-schema-graph\">{\"@context\":\"https:\\\/\\\/schema.org\",\"@graph\":[{\"@type\":\"Article\",\"@id\":\"https:\\\/\\\/dpress.ma\\\/fr\\\/2024\\\/06\\\/12\\\/sm-le-roi-felicite-le-president-des-philippines-a-loccasion-de-la-fete-de-lindependance-de-son-pays\\\/#article\",\"isPartOf\":{\"@id\":\"https:\\\/\\\/dpress.ma\\\/fr\\\/2024\\\/06\\\/12\\\/sm-le-roi-felicite-le-president-des-philippines-a-loccasion-de-la-fete-de-lindependance-de-son-pays\\\/\"},\"author\":{\"name\":\"Dpress.ma\",\"@id\":\"https:\\\/\\\/dpress.ma\\\/fr\\\/#\\\/schema\\\/person\\\/4898febf3ccd59e6578d838656a306a0\"},\"headline\":\"SM le Roi f\u00e9licite le pr\u00e9sident des Philippines \u00e0 l\u2019occasion de la f\u00eate de l\u2019ind\u00e9pendance de son pays\",\"datePublished\":\"2024-06-12T15:35:25+00:00\",\"dateModified\":\"2024-06-12T15:35:26+00:00\",\"mainEntityOfPage\":{\"@id\":\"https:\\\/\\\/dpress.ma\\\/fr\\\/2024\\\/06\\\/12\\\/sm-le-roi-felicite-le-president-des-philippines-a-loccasion-de-la-fete-de-lindependance-de-son-pays\\\/\"},\"wordCount\":158,\"commentCount\":0,\"image\":{\"@id\":\"https:\\\/\\\/dpress.ma\\\/fr\\\/2024\\\/06\\\/12\\\/sm-le-roi-felicite-le-president-des-philippines-a-loccasion-de-la-fete-de-lindependance-de-son-pays\\\/#primaryimage\"},\"thumbnailUrl\":\"https:\\\/\\\/dpress.ma\\\/fr\\\/wp-content\\\/uploads\\\/sites\\\/2\\\/2023\\\/11\\\/dimensions2-19.jpg\",\"articleSection\":[\"Activit\u00e9s Royales\"],\"inLanguage\":\"fr-FR\",\"potentialAction\":[{\"@type\":\"CommentAction\",\"name\":\"Comment\",\"target\":[\"https:\\\/\\\/dpress.ma\\\/fr\\\/2024\\\/06\\\/12\\\/sm-le-roi-felicite-le-president-des-philippines-a-loccasion-de-la-fete-de-lindependance-de-son-pays\\\/#respond\"]}]},{\"@type\":\"WebPage\",\"@id\":\"https:\\\/\\\/dpress.ma\\\/fr\\\/2024\\\/06\\\/12\\\/sm-le-roi-felicite-le-president-des-philippines-a-loccasion-de-la-fete-de-lindependance-de-son-pays\\\/\",\"url\":\"https:\\\/\\\/dpress.ma\\\/fr\\\/2024\\\/06\\\/12\\\/sm-le-roi-felicite-le-president-des-philippines-a-loccasion-de-la-fete-de-lindependance-de-son-pays\\\/\",\"name\":\"SM le Roi f\u00e9licite le pr\u00e9sident des Philippines \u00e0 l\u2019occasion de la f\u00eate de l\u2019ind\u00e9pendance de son pays - Dpress.ma\\\/fr\",\"isPartOf\":{\"@id\":\"https:\\\/\\\/dpress.ma\\\/fr\\\/#website\"},\"primaryImageOfPage\":{\"@id\":\"https:\\\/\\\/dpress.ma\\\/fr\\\/2024\\\/06\\\/12\\\/sm-le-roi-felicite-le-president-des-philippines-a-loccasion-de-la-fete-de-lindependance-de-son-pays\\\/#primaryimage\"},\"image\":{\"@id\":\"https:\\\/\\\/dpress.ma\\\/fr\\\/2024\\\/06\\\/12\\\/sm-le-roi-felicite-le-president-des-philippines-a-loccasion-de-la-fete-de-lindependance-de-son-pays\\\/#primaryimage\"},\"thumbnailUrl\":\"https:\\\/\\\/dpress.ma\\\/fr\\\/wp-content\\\/uploads\\\/sites\\\/2\\\/2023\\\/11\\\/dimensions2-19.jpg\",\"datePublished\":\"2024-06-12T15:35:25+00:00\",\"dateModified\":\"2024-06-12T15:35:26+00:00\",\"author\":{\"@id\":\"https:\\\/\\\/dpress.ma\\\/fr\\\/#\\\/schema\\\/person\\\/4898febf3ccd59e6578d838656a306a0\"},\"breadcrumb\":{\"@id\":\"https:\\\/\\\/dpress.ma\\\/fr\\\/2024\\\/06\\\/12\\\/sm-le-roi-felicite-le-president-des-philippines-a-loccasion-de-la-fete-de-lindependance-de-son-pays\\\/#breadcrumb\"},\"inLanguage\":\"fr-FR\",\"potentialAction\":[{\"@type\":\"ReadAction\",\"target\":[\"https:\\\/\\\/dpress.ma\\\/fr\\\/2024\\\/06\\\/12\\\/sm-le-roi-felicite-le-president-des-philippines-a-loccasion-de-la-fete-de-lindependance-de-son-pays\\\/\"]}]},{\"@type\":\"ImageObject\",\"inLanguage\":\"fr-FR\",\"@id\":\"https:\\\/\\\/dpress.ma\\\/fr\\\/2024\\\/06\\\/12\\\/sm-le-roi-felicite-le-president-des-philippines-a-loccasion-de-la-fete-de-lindependance-de-son-pays\\\/#primaryimage\",\"url\":\"https:\\\/\\\/dpress.ma\\\/fr\\\/wp-content\\\/uploads\\\/sites\\\/2\\\/2023\\\/11\\\/dimensions2-19.jpg\",\"contentUrl\":\"https:\\\/\\\/dpress.ma\\\/fr\\\/wp-content\\\/uploads\\\/sites\\\/2\\\/2023\\\/11\\\/dimensions2-19.jpg\",\"width\":2539,\"height\":1594},{\"@type\":\"BreadcrumbList\",\"@id\":\"https:\\\/\\\/dpress.ma\\\/fr\\\/2024\\\/06\\\/12\\\/sm-le-roi-felicite-le-president-des-philippines-a-loccasion-de-la-fete-de-lindependance-de-son-pays\\\/#breadcrumb\",\"itemListElement\":[{\"@type\":\"ListItem\",\"position\":1,\"name\":\"Home\",\"item\":\"https:\\\/\\\/dpress.ma\\\/fr\\\/\"},{\"@type\":\"ListItem\",\"position\":2,\"name\":\"SM le Roi f\u00e9licite le pr\u00e9sident des Philippines \u00e0 l\u2019occasion de la f\u00eate de l\u2019ind\u00e9pendance de son pays\"}]},{\"@type\":\"WebSite\",\"@id\":\"https:\\\/\\\/dpress.ma\\\/fr\\\/#website\",\"url\":\"https:\\\/\\\/dpress.ma\\\/fr\\\/\",\"name\":\"Dpress.ma\\\/fr\",\"description\":\"\",\"potentialAction\":[{\"@type\":\"SearchAction\",\"target\":{\"@type\":\"EntryPoint\",\"urlTemplate\":\"https:\\\/\\\/dpress.ma\\\/fr\\\/?s={search_term_string}\"},\"query-input\":{\"@type\":\"PropertyValueSpecification\",\"valueRequired\":true,\"valueName\":\"search_term_string\"}}],\"inLanguage\":\"fr-FR\"},{\"@type\":\"Person\",\"@id\":\"https:\\\/\\\/dpress.ma\\\/fr\\\/#\\\/schema\\\/person\\\/4898febf3ccd59e6578d838656a306a0\",\"name\":\"Dpress.ma\",\"image\":{\"@type\":\"ImageObject\",\"inLanguage\":\"fr-FR\",\"@id\":\"https:\\\/\\\/secure.gravatar.com\\\/avatar\\\/72ecc30e9db047a2e0e7176561eb9d564ed77c8108376495b19bd8336405198a?s=96&d=mm&r=g\",\"url\":\"https:\\\/\\\/secure.gravatar.com\\\/avatar\\\/72ecc30e9db047a2e0e7176561eb9d564ed77c8108376495b19bd8336405198a?s=96&d=mm&r=g\",\"contentUrl\":\"https:\\\/\\\/secure.gravatar.com\\\/avatar\\\/72ecc30e9db047a2e0e7176561eb9d564ed77c8108376495b19bd8336405198a?s=96&d=mm&r=g\",\"caption\":\"Dpress.ma\"},\"sameAs\":[\"https:\\\/\\\/www.dpress.ma\"],\"url\":\"https:\\\/\\\/dpress.ma\\\/fr\\\/author\\\/dpress-ma\\\/\"}]}<\/script>\n<!-- \/ Yoast SEO plugin. -->","yoast_head_json":{"title":"SM le Roi f\u00e9licite le pr\u00e9sident des Philippines \u00e0 l\u2019occasion de la f\u00eate de l\u2019ind\u00e9pendance de son pays - Dpress.ma\/fr","robots":{"index":"index","follow":"follow","max-snippet":"max-snippet:-1","max-image-preview":"max-image-preview:large","max-video-preview":"max-video-preview:-1"},"canonical":"https:\/\/dpress.ma\/fr\/2024\/06\/12\/sm-le-roi-felicite-le-president-des-philippines-a-loccasion-de-la-fete-de-lindependance-de-son-pays\/","og_locale":"fr_FR","og_type":"article","og_title":"SM le Roi f\u00e9licite le pr\u00e9sident des Philippines \u00e0 l\u2019occasion de la f\u00eate de l\u2019ind\u00e9pendance de son pays - Dpress.ma\/fr","og_description":"Dpress Sa Majest\u00e9 le Roi Mohammed VI a adress\u00e9 un message de f\u00e9licitations au pr\u00e9sident des Philippines, M. Ferdinand R. Marcos Jr., \u00e0 l\u2019occasion de la f\u00eate de l\u2019ind\u00e9pendance de son pays. Dans ce message, le Souverain exprime au Pr\u00e9sident des Philippines Ses chaleureuses f\u00e9licitations et Ses meilleurs v\u0153ux de sant\u00e9 et de bonheur, lui &hellip;","og_url":"https:\/\/dpress.ma\/fr\/2024\/06\/12\/sm-le-roi-felicite-le-president-des-philippines-a-loccasion-de-la-fete-de-lindependance-de-son-pays\/","og_site_name":"Dpress.ma\/fr","article_published_time":"2024-06-12T15:35:25+00:00","article_modified_time":"2024-06-12T15:35:26+00:00","og_image":[{"width":2539,"height":1594,"url":"https:\/\/dpress.ma\/fr\/wp-content\/uploads\/sites\/2\/2023\/11\/dimensions2-19.jpg","type":"image\/jpeg"}],"author":"Dpress.ma","twitter_card":"summary_large_image","twitter_misc":{"\u00c9crit par":"Dpress.ma","Dur\u00e9e de lecture estim\u00e9e":"1 minute"},"schema":{"@context":"https:\/\/schema.org","@graph":[{"@type":"Article","@id":"https:\/\/dpress.ma\/fr\/2024\/06\/12\/sm-le-roi-felicite-le-president-des-philippines-a-loccasion-de-la-fete-de-lindependance-de-son-pays\/#article","isPartOf":{"@id":"https:\/\/dpress.ma\/fr\/2024\/06\/12\/sm-le-roi-felicite-le-president-des-philippines-a-loccasion-de-la-fete-de-lindependance-de-son-pays\/"},"author":{"name":"Dpress.ma","@id":"https:\/\/dpress.ma\/fr\/#\/schema\/person\/4898febf3ccd59e6578d838656a306a0"},"headline":"SM le Roi f\u00e9licite le pr\u00e9sident des Philippines \u00e0 l\u2019occasion de la f\u00eate de l\u2019ind\u00e9pendance de son pays","datePublished":"2024-06-12T15:35:25+00:00","dateModified":"2024-06-12T15:35:26+00:00","mainEntityOfPage":{"@id":"https:\/\/dpress.ma\/fr\/2024\/06\/12\/sm-le-roi-felicite-le-president-des-philippines-a-loccasion-de-la-fete-de-lindependance-de-son-pays\/"},"wordCount":158,"commentCount":0,"image":{"@id":"https:\/\/dpress.ma\/fr\/2024\/06\/12\/sm-le-roi-felicite-le-president-des-philippines-a-loccasion-de-la-fete-de-lindependance-de-son-pays\/#primaryimage"},"thumbnailUrl":"https:\/\/dpress.ma\/fr\/wp-content\/uploads\/sites\/2\/2023\/11\/dimensions2-19.jpg","articleSection":["Activit\u00e9s Royales"],"inLanguage":"fr-FR","potentialAction":[{"@type":"CommentAction","name":"Comment","target":["https:\/\/dpress.ma\/fr\/2024\/06\/12\/sm-le-roi-felicite-le-president-des-philippines-a-loccasion-de-la-fete-de-lindependance-de-son-pays\/#respond"]}]},{"@type":"WebPage","@id":"https:\/\/dpress.ma\/fr\/2024\/06\/12\/sm-le-roi-felicite-le-president-des-philippines-a-loccasion-de-la-fete-de-lindependance-de-son-pays\/","url":"https:\/\/dpress.ma\/fr\/2024\/06\/12\/sm-le-roi-felicite-le-president-des-philippines-a-loccasion-de-la-fete-de-lindependance-de-son-pays\/","name":"SM le Roi f\u00e9licite le pr\u00e9sident des Philippines \u00e0 l\u2019occasion de la f\u00eate de l\u2019ind\u00e9pendance de son pays - Dpress.ma\/fr","isPartOf":{"@id":"https:\/\/dpress.ma\/fr\/#website"},"primaryImageOfPage":{"@id":"https:\/\/dpress.ma\/fr\/2024\/06\/12\/sm-le-roi-felicite-le-president-des-philippines-a-loccasion-de-la-fete-de-lindependance-de-son-pays\/#primaryimage"},"image":{"@id":"https:\/\/dpress.ma\/fr\/2024\/06\/12\/sm-le-roi-felicite-le-president-des-philippines-a-loccasion-de-la-fete-de-lindependance-de-son-pays\/#primaryimage"},"thumbnailUrl":"https:\/\/dpress.ma\/fr\/wp-content\/uploads\/sites\/2\/2023\/11\/dimensions2-19.jpg","datePublished":"2024-06-12T15:35:25+00:00","dateModified":"2024-06-12T15:35:26+00:00","author":{"@id":"https:\/\/dpress.ma\/fr\/#\/schema\/person\/4898febf3ccd59e6578d838656a306a0"},"breadcrumb":{"@id":"https:\/\/dpress.ma\/fr\/2024\/06\/12\/sm-le-roi-felicite-le-president-des-philippines-a-loccasion-de-la-fete-de-lindependance-de-son-pays\/#breadcrumb"},"inLanguage":"fr-FR","potentialAction":[{"@type":"ReadAction","target":["https:\/\/dpress.ma\/fr\/2024\/06\/12\/sm-le-roi-felicite-le-president-des-philippines-a-loccasion-de-la-fete-de-lindependance-de-son-pays\/"]}]},{"@type":"ImageObject","inLanguage":"fr-FR","@id":"https:\/\/dpress.ma\/fr\/2024\/06\/12\/sm-le-roi-felicite-le-president-des-philippines-a-loccasion-de-la-fete-de-lindependance-de-son-pays\/#primaryimage","url":"https:\/\/dpress.ma\/fr\/wp-content\/uploads\/sites\/2\/2023\/11\/dimensions2-19.jpg","contentUrl":"https:\/\/dpress.ma\/fr\/wp-content\/uploads\/sites\/2\/2023\/11\/dimensions2-19.jpg","width":2539,"height":1594},{"@type":"BreadcrumbList","@id":"https:\/\/dpress.ma\/fr\/2024\/06\/12\/sm-le-roi-felicite-le-president-des-philippines-a-loccasion-de-la-fete-de-lindependance-de-son-pays\/#breadcrumb","itemListElement":[{"@type":"ListItem","position":1,"name":"Home","item":"https:\/\/dpress.ma\/fr\/"},{"@type":"ListItem","position":2,"name":"SM le Roi f\u00e9licite le pr\u00e9sident des Philippines \u00e0 l\u2019occasion de la f\u00eate de l\u2019ind\u00e9pendance de son pays"}]},{"@type":"WebSite","@id":"https:\/\/dpress.ma\/fr\/#website","url":"https:\/\/dpress.ma\/fr\/","name":"Dpress.ma\/fr","description":"","potentialAction":[{"@type":"SearchAction","target":{"@type":"EntryPoint","urlTemplate":"https:\/\/dpress.ma\/fr\/?s={search_term_string}"},"query-input":{"@type":"PropertyValueSpecification","valueRequired":true,"valueName":"search_term_string"}}],"inLanguage":"fr-FR"},{"@type":"Person","@id":"https:\/\/dpress.ma\/fr\/#\/schema\/person\/4898febf3ccd59e6578d838656a306a0","name":"Dpress.ma","image":{"@type":"ImageObject","inLanguage":"fr-FR","@id":"https:\/\/secure.gravatar.com\/avatar\/72ecc30e9db047a2e0e7176561eb9d564ed77c8108376495b19bd8336405198a?s=96&d=mm&r=g","url":"https:\/\/secure.gravatar.com\/avatar\/72ecc30e9db047a2e0e7176561eb9d564ed77c8108376495b19bd8336405198a?s=96&d=mm&r=g","contentUrl":"https:\/\/secure.gravatar.com\/avatar\/72ecc30e9db047a2e0e7176561eb9d564ed77c8108376495b19bd8336405198a?s=96&d=mm&r=g","caption":"Dpress.ma"},"sameAs":["https:\/\/www.dpress.ma"],"url":"https:\/\/dpress.ma\/fr\/author\/dpress-ma\/"}]}},"amp_enabled":true,"_links":{"self":[{"href":"https:\/\/dpress.ma\/fr\/wp-json\/wp\/v2\/posts\/9383","targetHints":{"allow":["GET"]}}],"collection":[{"href":"https:\/\/dpress.ma\/fr\/wp-json\/wp\/v2\/posts"}],"about":[{"href":"https:\/\/dpress.ma\/fr\/wp-json\/wp\/v2\/types\/post"}],"author":[{"embeddable":true,"href":"https:\/\/dpress.ma\/fr\/wp-json\/wp\/v2\/users\/2"}],"replies":[{"embeddable":true,"href":"https:\/\/dpress.ma\/fr\/wp-json\/wp\/v2\/comments?post=9383"}],"version-history":[{"count":1,"href":"https:\/\/dpress.ma\/fr\/wp-json\/wp\/v2\/posts\/9383\/revisions"}],"predecessor-version":[{"id":9384,"href":"https:\/\/dpress.ma\/fr\/wp-json\/wp\/v2\/posts\/9383\/revisions\/9384"}],"wp:featuredmedia":[{"embeddable":true,"href":"https:\/\/dpress.ma\/fr\/wp-json\/wp\/v2\/media\/6469"}],"wp:attachment":[{"href":"https:\/\/dpress.ma\/fr\/wp-json\/wp\/v2\/media?parent=9383"}],"wp:term":[{"taxonomy":"category","embeddable":true,"href":"https:\/\/dpress.ma\/fr\/wp-json\/wp\/v2\/categories?post=9383"},{"taxonomy":"post_tag","embeddable":true,"href":"https:\/\/dpress.ma\/fr\/wp-json\/wp\/v2\/tags?post=9383"}],"curies":[{"name":"wp","href":"https:\/\/api.w.org\/{rel}","templated":true}]}}