{"id":8394,"date":"2024-03-08T10:47:30","date_gmt":"2024-03-08T10:47:30","guid":{"rendered":"https:\/\/dpress.ma\/fr\/?p=8394"},"modified":"2024-03-08T10:47:31","modified_gmt":"2024-03-08T10:47:31","slug":"ramadan-changement-des-horaires-de-travail-dans-les-administrations-et-les-collectivites-territoriales","status":"publish","type":"post","link":"https:\/\/dpress.ma\/fr\/2024\/03\/08\/ramadan-changement-des-horaires-de-travail-dans-les-administrations-et-les-collectivites-territoriales\/","title":{"rendered":"Ramadan: changement des horaires de travail dans les administrations et les collectivit\u00e9s territoriales"},"content":{"rendered":"\n<p class=\"wp-block-paragraph\">Dpress<\/p>\n\n\n\n<p class=\"wp-block-paragraph\">Les horaires de travail dans les administrations, les \u00e9tablissements publics et les collectivit\u00e9s territoriales subiront un changement durant le mois sacr\u00e9 de Ramadan, annonce jeudi le minist\u00e8re de la Transition num\u00e9rique et de la r\u00e9forme de l\u2019administration.<\/p>\n\n\n\n<p class=\"wp-block-paragraph\">Dans un communiqu\u00e9, le minist\u00e8re pr\u00e9cise qu\u2019il sera proc\u00e9d\u00e9 \u00e0 l\u2019adoption de l\u2019horaire continu de 09H00 \u00e0 15H00, du lundi au vendredi, soulignant que les facilit\u00e9s n\u00e9cessaires seront accord\u00e9es aux fonctionnaires et agents pour leur permettre d\u2019accomplir la pri\u00e8re du vendredi.<\/p>\n","protected":false},"excerpt":{"rendered":"<p>Dpress Les horaires de travail dans les administrations, les \u00e9tablissements publics et les collectivit\u00e9s territoriales subiront un changement durant le mois sacr\u00e9 de Ramadan, annonce jeudi le minist\u00e8re de la Transition num\u00e9rique et de la r\u00e9forme de l\u2019administration. Dans un communiqu\u00e9, le minist\u00e8re pr\u00e9cise qu\u2019il sera proc\u00e9d\u00e9 \u00e0 l\u2019adoption de l\u2019horaire continu de 09H00 \u00e0 &hellip;<\/p>\n","protected":false},"author":2,"featured_media":8395,"comment_status":"open","ping_status":"open","sticky":false,"template":"","format":"standard","meta":{"footnotes":""},"categories":[1],"tags":[],"class_list":["post-8394","post","type-post","status-publish","format-standard","has-post-thumbnail","hentry","category-video"],"yoast_head":"<!-- This site is optimized with the Yoast SEO plugin v28.0 - https:\/\/yoast.com\/product\/yoast-seo-wordpress\/ -->\n<title>Ramadan: changement des horaires de travail dans les administrations et les collectivit\u00e9s territoriales - Dpress.ma\/fr<\/title>\n<meta name=\"robots\" content=\"index, follow, max-snippet:-1, max-image-preview:large, max-video-preview:-1\" \/>\n<link rel=\"canonical\" href=\"https:\/\/dpress.ma\/fr\/2024\/03\/08\/ramadan-changement-des-horaires-de-travail-dans-les-administrations-et-les-collectivites-territoriales\/\" \/>\n<meta property=\"og:locale\" content=\"fr_FR\" \/>\n<meta property=\"og:type\" content=\"article\" \/>\n<meta property=\"og:title\" content=\"Ramadan: changement des horaires de travail dans les administrations et les collectivit\u00e9s territoriales - Dpress.ma\/fr\" \/>\n<meta property=\"og:description\" content=\"Dpress Les horaires de travail dans les administrations, les \u00e9tablissements publics et les collectivit\u00e9s territoriales subiront un changement durant le mois sacr\u00e9 de Ramadan, annonce jeudi le minist\u00e8re de la Transition num\u00e9rique et de la r\u00e9forme de l\u2019administration. Dans un communiqu\u00e9, le minist\u00e8re pr\u00e9cise qu\u2019il sera proc\u00e9d\u00e9 \u00e0 l\u2019adoption de l\u2019horaire continu de 09H00 \u00e0 &hellip;\" \/>\n<meta property=\"og:url\" content=\"https:\/\/dpress.ma\/fr\/2024\/03\/08\/ramadan-changement-des-horaires-de-travail-dans-les-administrations-et-les-collectivites-territoriales\/\" \/>\n<meta property=\"og:site_name\" content=\"Dpress.ma\/fr\" \/>\n<meta property=\"article:published_time\" content=\"2024-03-08T10:47:30+00:00\" \/>\n<meta property=\"article:modified_time\" content=\"2024-03-08T10:47:31+00:00\" \/>\n<meta property=\"og:image\" content=\"https:\/\/dpress.ma\/fr\/wp-content\/uploads\/sites\/2\/2024\/03\/dimensions2-20.jpg\" \/>\n\t<meta property=\"og:image:width\" content=\"2539\" \/>\n\t<meta property=\"og:image:height\" content=\"1594\" \/>\n\t<meta property=\"og:image:type\" content=\"image\/jpeg\" \/>\n<meta name=\"author\" content=\"Dpress.ma\" \/>\n<meta name=\"twitter:card\" content=\"summary_large_image\" \/>\n<meta name=\"twitter:label1\" content=\"\u00c9crit par\" \/>\n\t<meta name=\"twitter:data1\" content=\"Dpress.ma\" \/>\n\t<meta name=\"twitter:label2\" content=\"Dur\u00e9e de lecture estim\u00e9e\" \/>\n\t<meta name=\"twitter:data2\" content=\"1 minute\" \/>\n<script type=\"application\/ld+json\" class=\"yoast-schema-graph\">{\"@context\":\"https:\\\/\\\/schema.org\",\"@graph\":[{\"@type\":\"Article\",\"@id\":\"https:\\\/\\\/dpress.ma\\\/fr\\\/2024\\\/03\\\/08\\\/ramadan-changement-des-horaires-de-travail-dans-les-administrations-et-les-collectivites-territoriales\\\/#article\",\"isPartOf\":{\"@id\":\"https:\\\/\\\/dpress.ma\\\/fr\\\/2024\\\/03\\\/08\\\/ramadan-changement-des-horaires-de-travail-dans-les-administrations-et-les-collectivites-territoriales\\\/\"},\"author\":{\"name\":\"Dpress.ma\",\"@id\":\"https:\\\/\\\/dpress.ma\\\/fr\\\/#\\\/schema\\\/person\\\/4898febf3ccd59e6578d838656a306a0\"},\"headline\":\"Ramadan: changement des horaires de travail dans les administrations et les collectivit\u00e9s territoriales\",\"datePublished\":\"2024-03-08T10:47:30+00:00\",\"dateModified\":\"2024-03-08T10:47:31+00:00\",\"mainEntityOfPage\":{\"@id\":\"https:\\\/\\\/dpress.ma\\\/fr\\\/2024\\\/03\\\/08\\\/ramadan-changement-des-horaires-de-travail-dans-les-administrations-et-les-collectivites-territoriales\\\/\"},\"wordCount\":107,\"commentCount\":0,\"image\":{\"@id\":\"https:\\\/\\\/dpress.ma\\\/fr\\\/2024\\\/03\\\/08\\\/ramadan-changement-des-horaires-de-travail-dans-les-administrations-et-les-collectivites-territoriales\\\/#primaryimage\"},\"thumbnailUrl\":\"https:\\\/\\\/dpress.ma\\\/fr\\\/wp-content\\\/uploads\\\/sites\\\/2\\\/2024\\\/03\\\/dimensions2-20.jpg\",\"articleSection\":[\"Video\"],\"inLanguage\":\"fr-FR\",\"potentialAction\":[{\"@type\":\"CommentAction\",\"name\":\"Comment\",\"target\":[\"https:\\\/\\\/dpress.ma\\\/fr\\\/2024\\\/03\\\/08\\\/ramadan-changement-des-horaires-de-travail-dans-les-administrations-et-les-collectivites-territoriales\\\/#respond\"]}]},{\"@type\":\"WebPage\",\"@id\":\"https:\\\/\\\/dpress.ma\\\/fr\\\/2024\\\/03\\\/08\\\/ramadan-changement-des-horaires-de-travail-dans-les-administrations-et-les-collectivites-territoriales\\\/\",\"url\":\"https:\\\/\\\/dpress.ma\\\/fr\\\/2024\\\/03\\\/08\\\/ramadan-changement-des-horaires-de-travail-dans-les-administrations-et-les-collectivites-territoriales\\\/\",\"name\":\"Ramadan: changement des horaires de travail dans les administrations et les collectivit\u00e9s territoriales - Dpress.ma\\\/fr\",\"isPartOf\":{\"@id\":\"https:\\\/\\\/dpress.ma\\\/fr\\\/#website\"},\"primaryImageOfPage\":{\"@id\":\"https:\\\/\\\/dpress.ma\\\/fr\\\/2024\\\/03\\\/08\\\/ramadan-changement-des-horaires-de-travail-dans-les-administrations-et-les-collectivites-territoriales\\\/#primaryimage\"},\"image\":{\"@id\":\"https:\\\/\\\/dpress.ma\\\/fr\\\/2024\\\/03\\\/08\\\/ramadan-changement-des-horaires-de-travail-dans-les-administrations-et-les-collectivites-territoriales\\\/#primaryimage\"},\"thumbnailUrl\":\"https:\\\/\\\/dpress.ma\\\/fr\\\/wp-content\\\/uploads\\\/sites\\\/2\\\/2024\\\/03\\\/dimensions2-20.jpg\",\"datePublished\":\"2024-03-08T10:47:30+00:00\",\"dateModified\":\"2024-03-08T10:47:31+00:00\",\"author\":{\"@id\":\"https:\\\/\\\/dpress.ma\\\/fr\\\/#\\\/schema\\\/person\\\/4898febf3ccd59e6578d838656a306a0\"},\"breadcrumb\":{\"@id\":\"https:\\\/\\\/dpress.ma\\\/fr\\\/2024\\\/03\\\/08\\\/ramadan-changement-des-horaires-de-travail-dans-les-administrations-et-les-collectivites-territoriales\\\/#breadcrumb\"},\"inLanguage\":\"fr-FR\",\"potentialAction\":[{\"@type\":\"ReadAction\",\"target\":[\"https:\\\/\\\/dpress.ma\\\/fr\\\/2024\\\/03\\\/08\\\/ramadan-changement-des-horaires-de-travail-dans-les-administrations-et-les-collectivites-territoriales\\\/\"]}]},{\"@type\":\"ImageObject\",\"inLanguage\":\"fr-FR\",\"@id\":\"https:\\\/\\\/dpress.ma\\\/fr\\\/2024\\\/03\\\/08\\\/ramadan-changement-des-horaires-de-travail-dans-les-administrations-et-les-collectivites-territoriales\\\/#primaryimage\",\"url\":\"https:\\\/\\\/dpress.ma\\\/fr\\\/wp-content\\\/uploads\\\/sites\\\/2\\\/2024\\\/03\\\/dimensions2-20.jpg\",\"contentUrl\":\"https:\\\/\\\/dpress.ma\\\/fr\\\/wp-content\\\/uploads\\\/sites\\\/2\\\/2024\\\/03\\\/dimensions2-20.jpg\",\"width\":2539,\"height\":1594},{\"@type\":\"BreadcrumbList\",\"@id\":\"https:\\\/\\\/dpress.ma\\\/fr\\\/2024\\\/03\\\/08\\\/ramadan-changement-des-horaires-de-travail-dans-les-administrations-et-les-collectivites-territoriales\\\/#breadcrumb\",\"itemListElement\":[{\"@type\":\"ListItem\",\"position\":1,\"name\":\"Home\",\"item\":\"https:\\\/\\\/dpress.ma\\\/fr\\\/\"},{\"@type\":\"ListItem\",\"position\":2,\"name\":\"Ramadan: changement des horaires de travail dans les administrations et les collectivit\u00e9s territoriales\"}]},{\"@type\":\"WebSite\",\"@id\":\"https:\\\/\\\/dpress.ma\\\/fr\\\/#website\",\"url\":\"https:\\\/\\\/dpress.ma\\\/fr\\\/\",\"name\":\"Dpress.ma\\\/fr\",\"description\":\"\",\"potentialAction\":[{\"@type\":\"SearchAction\",\"target\":{\"@type\":\"EntryPoint\",\"urlTemplate\":\"https:\\\/\\\/dpress.ma\\\/fr\\\/?s={search_term_string}\"},\"query-input\":{\"@type\":\"PropertyValueSpecification\",\"valueRequired\":true,\"valueName\":\"search_term_string\"}}],\"inLanguage\":\"fr-FR\"},{\"@type\":\"Person\",\"@id\":\"https:\\\/\\\/dpress.ma\\\/fr\\\/#\\\/schema\\\/person\\\/4898febf3ccd59e6578d838656a306a0\",\"name\":\"Dpress.ma\",\"image\":{\"@type\":\"ImageObject\",\"inLanguage\":\"fr-FR\",\"@id\":\"https:\\\/\\\/secure.gravatar.com\\\/avatar\\\/72ecc30e9db047a2e0e7176561eb9d564ed77c8108376495b19bd8336405198a?s=96&d=mm&r=g\",\"url\":\"https:\\\/\\\/secure.gravatar.com\\\/avatar\\\/72ecc30e9db047a2e0e7176561eb9d564ed77c8108376495b19bd8336405198a?s=96&d=mm&r=g\",\"contentUrl\":\"https:\\\/\\\/secure.gravatar.com\\\/avatar\\\/72ecc30e9db047a2e0e7176561eb9d564ed77c8108376495b19bd8336405198a?s=96&d=mm&r=g\",\"caption\":\"Dpress.ma\"},\"sameAs\":[\"https:\\\/\\\/www.dpress.ma\"],\"url\":\"https:\\\/\\\/dpress.ma\\\/fr\\\/author\\\/dpress-ma\\\/\"}]}<\/script>\n<!-- \/ Yoast SEO plugin. -->","yoast_head_json":{"title":"Ramadan: changement des horaires de travail dans les administrations et les collectivit\u00e9s territoriales - Dpress.ma\/fr","robots":{"index":"index","follow":"follow","max-snippet":"max-snippet:-1","max-image-preview":"max-image-preview:large","max-video-preview":"max-video-preview:-1"},"canonical":"https:\/\/dpress.ma\/fr\/2024\/03\/08\/ramadan-changement-des-horaires-de-travail-dans-les-administrations-et-les-collectivites-territoriales\/","og_locale":"fr_FR","og_type":"article","og_title":"Ramadan: changement des horaires de travail dans les administrations et les collectivit\u00e9s territoriales - Dpress.ma\/fr","og_description":"Dpress Les horaires de travail dans les administrations, les \u00e9tablissements publics et les collectivit\u00e9s territoriales subiront un changement durant le mois sacr\u00e9 de Ramadan, annonce jeudi le minist\u00e8re de la Transition num\u00e9rique et de la r\u00e9forme de l\u2019administration. Dans un communiqu\u00e9, le minist\u00e8re pr\u00e9cise qu\u2019il sera proc\u00e9d\u00e9 \u00e0 l\u2019adoption de l\u2019horaire continu de 09H00 \u00e0 &hellip;","og_url":"https:\/\/dpress.ma\/fr\/2024\/03\/08\/ramadan-changement-des-horaires-de-travail-dans-les-administrations-et-les-collectivites-territoriales\/","og_site_name":"Dpress.ma\/fr","article_published_time":"2024-03-08T10:47:30+00:00","article_modified_time":"2024-03-08T10:47:31+00:00","og_image":[{"width":2539,"height":1594,"url":"https:\/\/dpress.ma\/fr\/wp-content\/uploads\/sites\/2\/2024\/03\/dimensions2-20.jpg","type":"image\/jpeg"}],"author":"Dpress.ma","twitter_card":"summary_large_image","twitter_misc":{"\u00c9crit par":"Dpress.ma","Dur\u00e9e de lecture estim\u00e9e":"1 minute"},"schema":{"@context":"https:\/\/schema.org","@graph":[{"@type":"Article","@id":"https:\/\/dpress.ma\/fr\/2024\/03\/08\/ramadan-changement-des-horaires-de-travail-dans-les-administrations-et-les-collectivites-territoriales\/#article","isPartOf":{"@id":"https:\/\/dpress.ma\/fr\/2024\/03\/08\/ramadan-changement-des-horaires-de-travail-dans-les-administrations-et-les-collectivites-territoriales\/"},"author":{"name":"Dpress.ma","@id":"https:\/\/dpress.ma\/fr\/#\/schema\/person\/4898febf3ccd59e6578d838656a306a0"},"headline":"Ramadan: changement des horaires de travail dans les administrations et les collectivit\u00e9s territoriales","datePublished":"2024-03-08T10:47:30+00:00","dateModified":"2024-03-08T10:47:31+00:00","mainEntityOfPage":{"@id":"https:\/\/dpress.ma\/fr\/2024\/03\/08\/ramadan-changement-des-horaires-de-travail-dans-les-administrations-et-les-collectivites-territoriales\/"},"wordCount":107,"commentCount":0,"image":{"@id":"https:\/\/dpress.ma\/fr\/2024\/03\/08\/ramadan-changement-des-horaires-de-travail-dans-les-administrations-et-les-collectivites-territoriales\/#primaryimage"},"thumbnailUrl":"https:\/\/dpress.ma\/fr\/wp-content\/uploads\/sites\/2\/2024\/03\/dimensions2-20.jpg","articleSection":["Video"],"inLanguage":"fr-FR","potentialAction":[{"@type":"CommentAction","name":"Comment","target":["https:\/\/dpress.ma\/fr\/2024\/03\/08\/ramadan-changement-des-horaires-de-travail-dans-les-administrations-et-les-collectivites-territoriales\/#respond"]}]},{"@type":"WebPage","@id":"https:\/\/dpress.ma\/fr\/2024\/03\/08\/ramadan-changement-des-horaires-de-travail-dans-les-administrations-et-les-collectivites-territoriales\/","url":"https:\/\/dpress.ma\/fr\/2024\/03\/08\/ramadan-changement-des-horaires-de-travail-dans-les-administrations-et-les-collectivites-territoriales\/","name":"Ramadan: changement des horaires de travail dans les administrations et les collectivit\u00e9s territoriales - Dpress.ma\/fr","isPartOf":{"@id":"https:\/\/dpress.ma\/fr\/#website"},"primaryImageOfPage":{"@id":"https:\/\/dpress.ma\/fr\/2024\/03\/08\/ramadan-changement-des-horaires-de-travail-dans-les-administrations-et-les-collectivites-territoriales\/#primaryimage"},"image":{"@id":"https:\/\/dpress.ma\/fr\/2024\/03\/08\/ramadan-changement-des-horaires-de-travail-dans-les-administrations-et-les-collectivites-territoriales\/#primaryimage"},"thumbnailUrl":"https:\/\/dpress.ma\/fr\/wp-content\/uploads\/sites\/2\/2024\/03\/dimensions2-20.jpg","datePublished":"2024-03-08T10:47:30+00:00","dateModified":"2024-03-08T10:47:31+00:00","author":{"@id":"https:\/\/dpress.ma\/fr\/#\/schema\/person\/4898febf3ccd59e6578d838656a306a0"},"breadcrumb":{"@id":"https:\/\/dpress.ma\/fr\/2024\/03\/08\/ramadan-changement-des-horaires-de-travail-dans-les-administrations-et-les-collectivites-territoriales\/#breadcrumb"},"inLanguage":"fr-FR","potentialAction":[{"@type":"ReadAction","target":["https:\/\/dpress.ma\/fr\/2024\/03\/08\/ramadan-changement-des-horaires-de-travail-dans-les-administrations-et-les-collectivites-territoriales\/"]}]},{"@type":"ImageObject","inLanguage":"fr-FR","@id":"https:\/\/dpress.ma\/fr\/2024\/03\/08\/ramadan-changement-des-horaires-de-travail-dans-les-administrations-et-les-collectivites-territoriales\/#primaryimage","url":"https:\/\/dpress.ma\/fr\/wp-content\/uploads\/sites\/2\/2024\/03\/dimensions2-20.jpg","contentUrl":"https:\/\/dpress.ma\/fr\/wp-content\/uploads\/sites\/2\/2024\/03\/dimensions2-20.jpg","width":2539,"height":1594},{"@type":"BreadcrumbList","@id":"https:\/\/dpress.ma\/fr\/2024\/03\/08\/ramadan-changement-des-horaires-de-travail-dans-les-administrations-et-les-collectivites-territoriales\/#breadcrumb","itemListElement":[{"@type":"ListItem","position":1,"name":"Home","item":"https:\/\/dpress.ma\/fr\/"},{"@type":"ListItem","position":2,"name":"Ramadan: changement des horaires de travail dans les administrations et les collectivit\u00e9s territoriales"}]},{"@type":"WebSite","@id":"https:\/\/dpress.ma\/fr\/#website","url":"https:\/\/dpress.ma\/fr\/","name":"Dpress.ma\/fr","description":"","potentialAction":[{"@type":"SearchAction","target":{"@type":"EntryPoint","urlTemplate":"https:\/\/dpress.ma\/fr\/?s={search_term_string}"},"query-input":{"@type":"PropertyValueSpecification","valueRequired":true,"valueName":"search_term_string"}}],"inLanguage":"fr-FR"},{"@type":"Person","@id":"https:\/\/dpress.ma\/fr\/#\/schema\/person\/4898febf3ccd59e6578d838656a306a0","name":"Dpress.ma","image":{"@type":"ImageObject","inLanguage":"fr-FR","@id":"https:\/\/secure.gravatar.com\/avatar\/72ecc30e9db047a2e0e7176561eb9d564ed77c8108376495b19bd8336405198a?s=96&d=mm&r=g","url":"https:\/\/secure.gravatar.com\/avatar\/72ecc30e9db047a2e0e7176561eb9d564ed77c8108376495b19bd8336405198a?s=96&d=mm&r=g","contentUrl":"https:\/\/secure.gravatar.com\/avatar\/72ecc30e9db047a2e0e7176561eb9d564ed77c8108376495b19bd8336405198a?s=96&d=mm&r=g","caption":"Dpress.ma"},"sameAs":["https:\/\/www.dpress.ma"],"url":"https:\/\/dpress.ma\/fr\/author\/dpress-ma\/"}]}},"amp_enabled":true,"_links":{"self":[{"href":"https:\/\/dpress.ma\/fr\/wp-json\/wp\/v2\/posts\/8394","targetHints":{"allow":["GET"]}}],"collection":[{"href":"https:\/\/dpress.ma\/fr\/wp-json\/wp\/v2\/posts"}],"about":[{"href":"https:\/\/dpress.ma\/fr\/wp-json\/wp\/v2\/types\/post"}],"author":[{"embeddable":true,"href":"https:\/\/dpress.ma\/fr\/wp-json\/wp\/v2\/users\/2"}],"replies":[{"embeddable":true,"href":"https:\/\/dpress.ma\/fr\/wp-json\/wp\/v2\/comments?post=8394"}],"version-history":[{"count":1,"href":"https:\/\/dpress.ma\/fr\/wp-json\/wp\/v2\/posts\/8394\/revisions"}],"predecessor-version":[{"id":8396,"href":"https:\/\/dpress.ma\/fr\/wp-json\/wp\/v2\/posts\/8394\/revisions\/8396"}],"wp:featuredmedia":[{"embeddable":true,"href":"https:\/\/dpress.ma\/fr\/wp-json\/wp\/v2\/media\/8395"}],"wp:attachment":[{"href":"https:\/\/dpress.ma\/fr\/wp-json\/wp\/v2\/media?parent=8394"}],"wp:term":[{"taxonomy":"category","embeddable":true,"href":"https:\/\/dpress.ma\/fr\/wp-json\/wp\/v2\/categories?post=8394"},{"taxonomy":"post_tag","embeddable":true,"href":"https:\/\/dpress.ma\/fr\/wp-json\/wp\/v2\/tags?post=8394"}],"curies":[{"name":"wp","href":"https:\/\/api.w.org\/{rel}","templated":true}]}}