{"id":8256,"date":"2024-02-29T10:36:11","date_gmt":"2024-02-29T10:36:11","guid":{"rendered":"https:\/\/dpress.ma\/fr\/?p=8256"},"modified":"2024-02-29T10:36:12","modified_gmt":"2024-02-29T10:36:12","slug":"interpellation-dun-partisan-de-daech-pour-son-implication-presumee-dans-la-preparation-dun-projet-terroriste-bcij","status":"publish","type":"post","link":"https:\/\/dpress.ma\/fr\/2024\/02\/29\/interpellation-dun-partisan-de-daech-pour-son-implication-presumee-dans-la-preparation-dun-projet-terroriste-bcij\/","title":{"rendered":"Interpellation d\u2019un partisan de \u201cDaech\u201d pour son implication pr\u00e9sum\u00e9e dans la pr\u00e9paration d\u2019un projet terroriste (BCIJ)"},"content":{"rendered":"\n<p class=\"wp-block-paragraph\">dpress<\/p>\n\n\n\n<p class=\"wp-block-paragraph\">Le Bureau central d\u2018investigations judiciaires (BCIJ), relevant de la Direction g\u00e9n\u00e9rale de la surveillance du territoire (DGST), a interpell\u00e9, jeudi, un individu partisan de l\u2019organisation terroriste \u201cDaech\u201d, \u00e2g\u00e9 de 24 ans, pour son implication pr\u00e9sum\u00e9e dans la pr\u00e9paration d\u2019un projet terroriste visant \u00e0 porter atteinte \u00e0 l\u2019ordre public.<\/p>\n\n\n\n<p class=\"wp-block-paragraph\">Selon les investigations pr\u00e9liminaires, l\u2019individu interpell\u00e9, qui s\u2019activait dans la ville de Sal\u00e9, a pr\u00eat\u00e9 all\u00e9geance \u00e0 l\u2019organisation terroriste \u201cDaesh\u201d et manifest\u00e9 son int\u00e9r\u00eat pour l\u2019acquisition d\u2019expertises dans la fabrication d\u2019explosifs en raison de \u201cfatwas\u201d incitant \u00e0 perp\u00e9trer des actes terroristes, indique un communiqu\u00e9 du BCIJ.<\/p>\n\n\n\n<p class=\"wp-block-paragraph\">Parall\u00e8lement \u00e0 son projet terroriste, le pr\u00e9venu a nou\u00e9 des contacts avec des interm\u00e9diaires de \u201cDaech\u201d en vue de lui permettre de rejoindre l\u2019une des branches de cette organisation dans la r\u00e9gion sah\u00e9lo-saharienne, ajoute la m\u00eame source.<\/p>\n\n\n\n<p class=\"wp-block-paragraph\">Le mis en cause a \u00e9t\u00e9 plac\u00e9 en garde \u00e0 vue \u00e0 la disposition de l\u2019enqu\u00eate judiciaire men\u00e9e par le BCIJ sous la supervision du parquet en charge des affaires du terrorisme, en vue de faire la lumi\u00e8re sur l\u2019ensemble des activit\u00e9s extr\u00e9mistes qui lui sont reproch\u00e9es, et d\u2019identifier ses \u00e9ventuels liens avec diff\u00e9rentes organisations terroristes, conclut le communiqu\u00e9.<\/p>\n","protected":false},"excerpt":{"rendered":"<p>dpress Le Bureau central d\u2018investigations judiciaires (BCIJ), relevant de la Direction g\u00e9n\u00e9rale de la surveillance du territoire (DGST), a interpell\u00e9, jeudi, un individu partisan de l\u2019organisation terroriste \u201cDaech\u201d, \u00e2g\u00e9 de 24 ans, pour son implication pr\u00e9sum\u00e9e dans la pr\u00e9paration d\u2019un projet terroriste visant \u00e0 porter atteinte \u00e0 l\u2019ordre public. Selon les investigations pr\u00e9liminaires, l\u2019individu interpell\u00e9, &hellip;<\/p>\n","protected":false},"author":2,"featured_media":8257,"comment_status":"open","ping_status":"open","sticky":false,"template":"","format":"standard","meta":{"footnotes":""},"categories":[40],"tags":[],"class_list":["post-8256","post","type-post","status-publish","format-standard","has-post-thumbnail","hentry","category-societe-et-regions"],"yoast_head":"<!-- This site is optimized with the Yoast SEO plugin v28.0 - https:\/\/yoast.com\/product\/yoast-seo-wordpress\/ -->\n<title>Interpellation d\u2019un partisan de \u201cDaech\u201d pour son implication pr\u00e9sum\u00e9e dans la pr\u00e9paration d\u2019un projet terroriste (BCIJ) - Dpress.ma\/fr<\/title>\n<meta name=\"robots\" content=\"index, follow, max-snippet:-1, max-image-preview:large, max-video-preview:-1\" \/>\n<link rel=\"canonical\" href=\"https:\/\/dpress.ma\/fr\/2024\/02\/29\/interpellation-dun-partisan-de-daech-pour-son-implication-presumee-dans-la-preparation-dun-projet-terroriste-bcij\/\" \/>\n<meta property=\"og:locale\" content=\"fr_FR\" \/>\n<meta property=\"og:type\" content=\"article\" \/>\n<meta property=\"og:title\" content=\"Interpellation d\u2019un partisan de \u201cDaech\u201d pour son implication pr\u00e9sum\u00e9e dans la pr\u00e9paration d\u2019un projet terroriste (BCIJ) - Dpress.ma\/fr\" \/>\n<meta property=\"og:description\" content=\"dpress Le Bureau central d\u2018investigations judiciaires (BCIJ), relevant de la Direction g\u00e9n\u00e9rale de la surveillance du territoire (DGST), a interpell\u00e9, jeudi, un individu partisan de l\u2019organisation terroriste \u201cDaech\u201d, \u00e2g\u00e9 de 24 ans, pour son implication pr\u00e9sum\u00e9e dans la pr\u00e9paration d\u2019un projet terroriste visant \u00e0 porter atteinte \u00e0 l\u2019ordre public. Selon les investigations pr\u00e9liminaires, l\u2019individu interpell\u00e9, &hellip;\" \/>\n<meta property=\"og:url\" content=\"https:\/\/dpress.ma\/fr\/2024\/02\/29\/interpellation-dun-partisan-de-daech-pour-son-implication-presumee-dans-la-preparation-dun-projet-terroriste-bcij\/\" \/>\n<meta property=\"og:site_name\" content=\"Dpress.ma\/fr\" \/>\n<meta property=\"article:published_time\" content=\"2024-02-29T10:36:11+00:00\" \/>\n<meta property=\"article:modified_time\" content=\"2024-02-29T10:36:12+00:00\" \/>\n<meta property=\"og:image\" content=\"https:\/\/dpress.ma\/fr\/wp-content\/uploads\/sites\/2\/2024\/02\/dprees-dim-fr.png\" \/>\n\t<meta property=\"og:image:width\" content=\"780\" \/>\n\t<meta property=\"og:image:height\" content=\"470\" \/>\n\t<meta property=\"og:image:type\" content=\"image\/png\" \/>\n<meta name=\"author\" content=\"Dpress.ma\" \/>\n<meta name=\"twitter:card\" content=\"summary_large_image\" \/>\n<meta name=\"twitter:label1\" content=\"\u00c9crit par\" \/>\n\t<meta name=\"twitter:data1\" content=\"Dpress.ma\" \/>\n\t<meta name=\"twitter:label2\" content=\"Dur\u00e9e de lecture estim\u00e9e\" \/>\n\t<meta name=\"twitter:data2\" content=\"2 minutes\" \/>\n<script type=\"application\/ld+json\" class=\"yoast-schema-graph\">{\"@context\":\"https:\\\/\\\/schema.org\",\"@graph\":[{\"@type\":\"Article\",\"@id\":\"https:\\\/\\\/dpress.ma\\\/fr\\\/2024\\\/02\\\/29\\\/interpellation-dun-partisan-de-daech-pour-son-implication-presumee-dans-la-preparation-dun-projet-terroriste-bcij\\\/#article\",\"isPartOf\":{\"@id\":\"https:\\\/\\\/dpress.ma\\\/fr\\\/2024\\\/02\\\/29\\\/interpellation-dun-partisan-de-daech-pour-son-implication-presumee-dans-la-preparation-dun-projet-terroriste-bcij\\\/\"},\"author\":{\"name\":\"Dpress.ma\",\"@id\":\"https:\\\/\\\/dpress.ma\\\/fr\\\/#\\\/schema\\\/person\\\/4898febf3ccd59e6578d838656a306a0\"},\"headline\":\"Interpellation d\u2019un partisan de \u201cDaech\u201d pour son implication pr\u00e9sum\u00e9e dans la pr\u00e9paration d\u2019un projet terroriste (BCIJ)\",\"datePublished\":\"2024-02-29T10:36:11+00:00\",\"dateModified\":\"2024-02-29T10:36:12+00:00\",\"mainEntityOfPage\":{\"@id\":\"https:\\\/\\\/dpress.ma\\\/fr\\\/2024\\\/02\\\/29\\\/interpellation-dun-partisan-de-daech-pour-son-implication-presumee-dans-la-preparation-dun-projet-terroriste-bcij\\\/\"},\"wordCount\":242,\"commentCount\":0,\"image\":{\"@id\":\"https:\\\/\\\/dpress.ma\\\/fr\\\/2024\\\/02\\\/29\\\/interpellation-dun-partisan-de-daech-pour-son-implication-presumee-dans-la-preparation-dun-projet-terroriste-bcij\\\/#primaryimage\"},\"thumbnailUrl\":\"https:\\\/\\\/dpress.ma\\\/fr\\\/wp-content\\\/uploads\\\/sites\\\/2\\\/2024\\\/02\\\/dprees-dim-fr.png\",\"articleSection\":[\"societe et regions\"],\"inLanguage\":\"fr-FR\",\"potentialAction\":[{\"@type\":\"CommentAction\",\"name\":\"Comment\",\"target\":[\"https:\\\/\\\/dpress.ma\\\/fr\\\/2024\\\/02\\\/29\\\/interpellation-dun-partisan-de-daech-pour-son-implication-presumee-dans-la-preparation-dun-projet-terroriste-bcij\\\/#respond\"]}]},{\"@type\":\"WebPage\",\"@id\":\"https:\\\/\\\/dpress.ma\\\/fr\\\/2024\\\/02\\\/29\\\/interpellation-dun-partisan-de-daech-pour-son-implication-presumee-dans-la-preparation-dun-projet-terroriste-bcij\\\/\",\"url\":\"https:\\\/\\\/dpress.ma\\\/fr\\\/2024\\\/02\\\/29\\\/interpellation-dun-partisan-de-daech-pour-son-implication-presumee-dans-la-preparation-dun-projet-terroriste-bcij\\\/\",\"name\":\"Interpellation d\u2019un partisan de \u201cDaech\u201d pour son implication pr\u00e9sum\u00e9e dans la pr\u00e9paration d\u2019un projet terroriste (BCIJ) - Dpress.ma\\\/fr\",\"isPartOf\":{\"@id\":\"https:\\\/\\\/dpress.ma\\\/fr\\\/#website\"},\"primaryImageOfPage\":{\"@id\":\"https:\\\/\\\/dpress.ma\\\/fr\\\/2024\\\/02\\\/29\\\/interpellation-dun-partisan-de-daech-pour-son-implication-presumee-dans-la-preparation-dun-projet-terroriste-bcij\\\/#primaryimage\"},\"image\":{\"@id\":\"https:\\\/\\\/dpress.ma\\\/fr\\\/2024\\\/02\\\/29\\\/interpellation-dun-partisan-de-daech-pour-son-implication-presumee-dans-la-preparation-dun-projet-terroriste-bcij\\\/#primaryimage\"},\"thumbnailUrl\":\"https:\\\/\\\/dpress.ma\\\/fr\\\/wp-content\\\/uploads\\\/sites\\\/2\\\/2024\\\/02\\\/dprees-dim-fr.png\",\"datePublished\":\"2024-02-29T10:36:11+00:00\",\"dateModified\":\"2024-02-29T10:36:12+00:00\",\"author\":{\"@id\":\"https:\\\/\\\/dpress.ma\\\/fr\\\/#\\\/schema\\\/person\\\/4898febf3ccd59e6578d838656a306a0\"},\"breadcrumb\":{\"@id\":\"https:\\\/\\\/dpress.ma\\\/fr\\\/2024\\\/02\\\/29\\\/interpellation-dun-partisan-de-daech-pour-son-implication-presumee-dans-la-preparation-dun-projet-terroriste-bcij\\\/#breadcrumb\"},\"inLanguage\":\"fr-FR\",\"potentialAction\":[{\"@type\":\"ReadAction\",\"target\":[\"https:\\\/\\\/dpress.ma\\\/fr\\\/2024\\\/02\\\/29\\\/interpellation-dun-partisan-de-daech-pour-son-implication-presumee-dans-la-preparation-dun-projet-terroriste-bcij\\\/\"]}]},{\"@type\":\"ImageObject\",\"inLanguage\":\"fr-FR\",\"@id\":\"https:\\\/\\\/dpress.ma\\\/fr\\\/2024\\\/02\\\/29\\\/interpellation-dun-partisan-de-daech-pour-son-implication-presumee-dans-la-preparation-dun-projet-terroriste-bcij\\\/#primaryimage\",\"url\":\"https:\\\/\\\/dpress.ma\\\/fr\\\/wp-content\\\/uploads\\\/sites\\\/2\\\/2024\\\/02\\\/dprees-dim-fr.png\",\"contentUrl\":\"https:\\\/\\\/dpress.ma\\\/fr\\\/wp-content\\\/uploads\\\/sites\\\/2\\\/2024\\\/02\\\/dprees-dim-fr.png\",\"width\":780,\"height\":470},{\"@type\":\"BreadcrumbList\",\"@id\":\"https:\\\/\\\/dpress.ma\\\/fr\\\/2024\\\/02\\\/29\\\/interpellation-dun-partisan-de-daech-pour-son-implication-presumee-dans-la-preparation-dun-projet-terroriste-bcij\\\/#breadcrumb\",\"itemListElement\":[{\"@type\":\"ListItem\",\"position\":1,\"name\":\"Home\",\"item\":\"https:\\\/\\\/dpress.ma\\\/fr\\\/\"},{\"@type\":\"ListItem\",\"position\":2,\"name\":\"Interpellation d\u2019un partisan de \u201cDaech\u201d pour son implication pr\u00e9sum\u00e9e dans la pr\u00e9paration d\u2019un projet terroriste (BCIJ)\"}]},{\"@type\":\"WebSite\",\"@id\":\"https:\\\/\\\/dpress.ma\\\/fr\\\/#website\",\"url\":\"https:\\\/\\\/dpress.ma\\\/fr\\\/\",\"name\":\"Dpress.ma\\\/fr\",\"description\":\"\",\"potentialAction\":[{\"@type\":\"SearchAction\",\"target\":{\"@type\":\"EntryPoint\",\"urlTemplate\":\"https:\\\/\\\/dpress.ma\\\/fr\\\/?s={search_term_string}\"},\"query-input\":{\"@type\":\"PropertyValueSpecification\",\"valueRequired\":true,\"valueName\":\"search_term_string\"}}],\"inLanguage\":\"fr-FR\"},{\"@type\":\"Person\",\"@id\":\"https:\\\/\\\/dpress.ma\\\/fr\\\/#\\\/schema\\\/person\\\/4898febf3ccd59e6578d838656a306a0\",\"name\":\"Dpress.ma\",\"image\":{\"@type\":\"ImageObject\",\"inLanguage\":\"fr-FR\",\"@id\":\"https:\\\/\\\/secure.gravatar.com\\\/avatar\\\/72ecc30e9db047a2e0e7176561eb9d564ed77c8108376495b19bd8336405198a?s=96&d=mm&r=g\",\"url\":\"https:\\\/\\\/secure.gravatar.com\\\/avatar\\\/72ecc30e9db047a2e0e7176561eb9d564ed77c8108376495b19bd8336405198a?s=96&d=mm&r=g\",\"contentUrl\":\"https:\\\/\\\/secure.gravatar.com\\\/avatar\\\/72ecc30e9db047a2e0e7176561eb9d564ed77c8108376495b19bd8336405198a?s=96&d=mm&r=g\",\"caption\":\"Dpress.ma\"},\"sameAs\":[\"https:\\\/\\\/www.dpress.ma\"],\"url\":\"https:\\\/\\\/dpress.ma\\\/fr\\\/author\\\/dpress-ma\\\/\"}]}<\/script>\n<!-- \/ Yoast SEO plugin. -->","yoast_head_json":{"title":"Interpellation d\u2019un partisan de \u201cDaech\u201d pour son implication pr\u00e9sum\u00e9e dans la pr\u00e9paration d\u2019un projet terroriste (BCIJ) - Dpress.ma\/fr","robots":{"index":"index","follow":"follow","max-snippet":"max-snippet:-1","max-image-preview":"max-image-preview:large","max-video-preview":"max-video-preview:-1"},"canonical":"https:\/\/dpress.ma\/fr\/2024\/02\/29\/interpellation-dun-partisan-de-daech-pour-son-implication-presumee-dans-la-preparation-dun-projet-terroriste-bcij\/","og_locale":"fr_FR","og_type":"article","og_title":"Interpellation d\u2019un partisan de \u201cDaech\u201d pour son implication pr\u00e9sum\u00e9e dans la pr\u00e9paration d\u2019un projet terroriste (BCIJ) - Dpress.ma\/fr","og_description":"dpress Le Bureau central d\u2018investigations judiciaires (BCIJ), relevant de la Direction g\u00e9n\u00e9rale de la surveillance du territoire (DGST), a interpell\u00e9, jeudi, un individu partisan de l\u2019organisation terroriste \u201cDaech\u201d, \u00e2g\u00e9 de 24 ans, pour son implication pr\u00e9sum\u00e9e dans la pr\u00e9paration d\u2019un projet terroriste visant \u00e0 porter atteinte \u00e0 l\u2019ordre public. Selon les investigations pr\u00e9liminaires, l\u2019individu interpell\u00e9, &hellip;","og_url":"https:\/\/dpress.ma\/fr\/2024\/02\/29\/interpellation-dun-partisan-de-daech-pour-son-implication-presumee-dans-la-preparation-dun-projet-terroriste-bcij\/","og_site_name":"Dpress.ma\/fr","article_published_time":"2024-02-29T10:36:11+00:00","article_modified_time":"2024-02-29T10:36:12+00:00","og_image":[{"width":780,"height":470,"url":"https:\/\/dpress.ma\/fr\/wp-content\/uploads\/sites\/2\/2024\/02\/dprees-dim-fr.png","type":"image\/png"}],"author":"Dpress.ma","twitter_card":"summary_large_image","twitter_misc":{"\u00c9crit par":"Dpress.ma","Dur\u00e9e de lecture estim\u00e9e":"2 minutes"},"schema":{"@context":"https:\/\/schema.org","@graph":[{"@type":"Article","@id":"https:\/\/dpress.ma\/fr\/2024\/02\/29\/interpellation-dun-partisan-de-daech-pour-son-implication-presumee-dans-la-preparation-dun-projet-terroriste-bcij\/#article","isPartOf":{"@id":"https:\/\/dpress.ma\/fr\/2024\/02\/29\/interpellation-dun-partisan-de-daech-pour-son-implication-presumee-dans-la-preparation-dun-projet-terroriste-bcij\/"},"author":{"name":"Dpress.ma","@id":"https:\/\/dpress.ma\/fr\/#\/schema\/person\/4898febf3ccd59e6578d838656a306a0"},"headline":"Interpellation d\u2019un partisan de \u201cDaech\u201d pour son implication pr\u00e9sum\u00e9e dans la pr\u00e9paration d\u2019un projet terroriste (BCIJ)","datePublished":"2024-02-29T10:36:11+00:00","dateModified":"2024-02-29T10:36:12+00:00","mainEntityOfPage":{"@id":"https:\/\/dpress.ma\/fr\/2024\/02\/29\/interpellation-dun-partisan-de-daech-pour-son-implication-presumee-dans-la-preparation-dun-projet-terroriste-bcij\/"},"wordCount":242,"commentCount":0,"image":{"@id":"https:\/\/dpress.ma\/fr\/2024\/02\/29\/interpellation-dun-partisan-de-daech-pour-son-implication-presumee-dans-la-preparation-dun-projet-terroriste-bcij\/#primaryimage"},"thumbnailUrl":"https:\/\/dpress.ma\/fr\/wp-content\/uploads\/sites\/2\/2024\/02\/dprees-dim-fr.png","articleSection":["societe et regions"],"inLanguage":"fr-FR","potentialAction":[{"@type":"CommentAction","name":"Comment","target":["https:\/\/dpress.ma\/fr\/2024\/02\/29\/interpellation-dun-partisan-de-daech-pour-son-implication-presumee-dans-la-preparation-dun-projet-terroriste-bcij\/#respond"]}]},{"@type":"WebPage","@id":"https:\/\/dpress.ma\/fr\/2024\/02\/29\/interpellation-dun-partisan-de-daech-pour-son-implication-presumee-dans-la-preparation-dun-projet-terroriste-bcij\/","url":"https:\/\/dpress.ma\/fr\/2024\/02\/29\/interpellation-dun-partisan-de-daech-pour-son-implication-presumee-dans-la-preparation-dun-projet-terroriste-bcij\/","name":"Interpellation d\u2019un partisan de \u201cDaech\u201d pour son implication pr\u00e9sum\u00e9e dans la pr\u00e9paration d\u2019un projet terroriste (BCIJ) - Dpress.ma\/fr","isPartOf":{"@id":"https:\/\/dpress.ma\/fr\/#website"},"primaryImageOfPage":{"@id":"https:\/\/dpress.ma\/fr\/2024\/02\/29\/interpellation-dun-partisan-de-daech-pour-son-implication-presumee-dans-la-preparation-dun-projet-terroriste-bcij\/#primaryimage"},"image":{"@id":"https:\/\/dpress.ma\/fr\/2024\/02\/29\/interpellation-dun-partisan-de-daech-pour-son-implication-presumee-dans-la-preparation-dun-projet-terroriste-bcij\/#primaryimage"},"thumbnailUrl":"https:\/\/dpress.ma\/fr\/wp-content\/uploads\/sites\/2\/2024\/02\/dprees-dim-fr.png","datePublished":"2024-02-29T10:36:11+00:00","dateModified":"2024-02-29T10:36:12+00:00","author":{"@id":"https:\/\/dpress.ma\/fr\/#\/schema\/person\/4898febf3ccd59e6578d838656a306a0"},"breadcrumb":{"@id":"https:\/\/dpress.ma\/fr\/2024\/02\/29\/interpellation-dun-partisan-de-daech-pour-son-implication-presumee-dans-la-preparation-dun-projet-terroriste-bcij\/#breadcrumb"},"inLanguage":"fr-FR","potentialAction":[{"@type":"ReadAction","target":["https:\/\/dpress.ma\/fr\/2024\/02\/29\/interpellation-dun-partisan-de-daech-pour-son-implication-presumee-dans-la-preparation-dun-projet-terroriste-bcij\/"]}]},{"@type":"ImageObject","inLanguage":"fr-FR","@id":"https:\/\/dpress.ma\/fr\/2024\/02\/29\/interpellation-dun-partisan-de-daech-pour-son-implication-presumee-dans-la-preparation-dun-projet-terroriste-bcij\/#primaryimage","url":"https:\/\/dpress.ma\/fr\/wp-content\/uploads\/sites\/2\/2024\/02\/dprees-dim-fr.png","contentUrl":"https:\/\/dpress.ma\/fr\/wp-content\/uploads\/sites\/2\/2024\/02\/dprees-dim-fr.png","width":780,"height":470},{"@type":"BreadcrumbList","@id":"https:\/\/dpress.ma\/fr\/2024\/02\/29\/interpellation-dun-partisan-de-daech-pour-son-implication-presumee-dans-la-preparation-dun-projet-terroriste-bcij\/#breadcrumb","itemListElement":[{"@type":"ListItem","position":1,"name":"Home","item":"https:\/\/dpress.ma\/fr\/"},{"@type":"ListItem","position":2,"name":"Interpellation d\u2019un partisan de \u201cDaech\u201d pour son implication pr\u00e9sum\u00e9e dans la pr\u00e9paration d\u2019un projet terroriste (BCIJ)"}]},{"@type":"WebSite","@id":"https:\/\/dpress.ma\/fr\/#website","url":"https:\/\/dpress.ma\/fr\/","name":"Dpress.ma\/fr","description":"","potentialAction":[{"@type":"SearchAction","target":{"@type":"EntryPoint","urlTemplate":"https:\/\/dpress.ma\/fr\/?s={search_term_string}"},"query-input":{"@type":"PropertyValueSpecification","valueRequired":true,"valueName":"search_term_string"}}],"inLanguage":"fr-FR"},{"@type":"Person","@id":"https:\/\/dpress.ma\/fr\/#\/schema\/person\/4898febf3ccd59e6578d838656a306a0","name":"Dpress.ma","image":{"@type":"ImageObject","inLanguage":"fr-FR","@id":"https:\/\/secure.gravatar.com\/avatar\/72ecc30e9db047a2e0e7176561eb9d564ed77c8108376495b19bd8336405198a?s=96&d=mm&r=g","url":"https:\/\/secure.gravatar.com\/avatar\/72ecc30e9db047a2e0e7176561eb9d564ed77c8108376495b19bd8336405198a?s=96&d=mm&r=g","contentUrl":"https:\/\/secure.gravatar.com\/avatar\/72ecc30e9db047a2e0e7176561eb9d564ed77c8108376495b19bd8336405198a?s=96&d=mm&r=g","caption":"Dpress.ma"},"sameAs":["https:\/\/www.dpress.ma"],"url":"https:\/\/dpress.ma\/fr\/author\/dpress-ma\/"}]}},"amp_enabled":true,"_links":{"self":[{"href":"https:\/\/dpress.ma\/fr\/wp-json\/wp\/v2\/posts\/8256","targetHints":{"allow":["GET"]}}],"collection":[{"href":"https:\/\/dpress.ma\/fr\/wp-json\/wp\/v2\/posts"}],"about":[{"href":"https:\/\/dpress.ma\/fr\/wp-json\/wp\/v2\/types\/post"}],"author":[{"embeddable":true,"href":"https:\/\/dpress.ma\/fr\/wp-json\/wp\/v2\/users\/2"}],"replies":[{"embeddable":true,"href":"https:\/\/dpress.ma\/fr\/wp-json\/wp\/v2\/comments?post=8256"}],"version-history":[{"count":1,"href":"https:\/\/dpress.ma\/fr\/wp-json\/wp\/v2\/posts\/8256\/revisions"}],"predecessor-version":[{"id":8258,"href":"https:\/\/dpress.ma\/fr\/wp-json\/wp\/v2\/posts\/8256\/revisions\/8258"}],"wp:featuredmedia":[{"embeddable":true,"href":"https:\/\/dpress.ma\/fr\/wp-json\/wp\/v2\/media\/8257"}],"wp:attachment":[{"href":"https:\/\/dpress.ma\/fr\/wp-json\/wp\/v2\/media?parent=8256"}],"wp:term":[{"taxonomy":"category","embeddable":true,"href":"https:\/\/dpress.ma\/fr\/wp-json\/wp\/v2\/categories?post=8256"},{"taxonomy":"post_tag","embeddable":true,"href":"https:\/\/dpress.ma\/fr\/wp-json\/wp\/v2\/tags?post=8256"}],"curies":[{"name":"wp","href":"https:\/\/api.w.org\/{rel}","templated":true}]}}