{"id":8252,"date":"2024-02-28T17:16:00","date_gmt":"2024-02-28T17:16:00","guid":{"rendered":"https:\/\/dpress.ma\/fr\/?p=8252"},"modified":"2024-02-28T17:16:01","modified_gmt":"2024-02-28T17:16:01","slug":"lexportation-la-labellisation-et-la-perennisation-des-metiers-leviers-prioritaire-pour-le-developpement-de-lartisanat","status":"publish","type":"post","link":"https:\/\/dpress.ma\/fr\/2024\/02\/28\/lexportation-la-labellisation-et-la-perennisation-des-metiers-leviers-prioritaire-pour-le-developpement-de-lartisanat\/","title":{"rendered":"L\u2019exportation, la labellisation, et la p\u00e9rennisation des m\u00e9tiers, leviers prioritaire pour le d\u00e9veloppement de l\u2019artisanat"},"content":{"rendered":"\n<p class=\"wp-block-paragraph\">Dpress<\/p>\n\n\n\n<p class=\"wp-block-paragraph\">L\u2019exportation, la labellisation et la p\u00e9rennisation des m\u00e9tiers sont les trois leviers prioritaires pour le d\u00e9veloppement de l\u2019artisanat marocain, a affirm\u00e9, mercredi \u00e0 Casablanca, la ministre du Tourisme, de l\u2019Artisanat et de l\u2019\u00c9conomie sociale et solidaire, Fatima Zahra Ammor, \u00e0 l\u2019ouverture de la 8\u00e8me \u00e9dition de la Semaine Nationale de l\u2019Artisanat (SNA).<\/p>\n\n\n\n<p class=\"wp-block-paragraph\">\u201cPour accompagner les artisans, des programmes d\u2019appui \u00e0 l\u2019exportation ont \u00e9t\u00e9 mis en place, ainsi que des centres d\u2019excellence visant \u00e0 moderniser les fili\u00e8res. Nous avons d\u00e9but\u00e9 avec le tapis et la poterie et pr\u00e9voyons d\u2019\u00e9tendre cette initiative \u00e0 d\u2019autres domaines\u201d, a expliqu\u00e9 Mme Ammor lors de cet \u00e9v\u00e9nement plac\u00e9 sous le th\u00e8me : \u201cL\u2019artisanat, un levier de d\u00e9veloppement au service du rayonnement et de la protection des patrimoines mat\u00e9riel et immat\u00e9riel\u201d. Pour le second levier, la ministre a relev\u00e9 que \u201cla labellisation constitue un axe de structuration important, renfor\u00e7ant le Made in Morocco et permettant une pr\u00e9sence accrue des produits marocains en Europe, aux \u00c9tats-Unis et au Moyen-Orient\u201d, ajoutant que \u201cle chantier de la p\u00e9rennisation s\u2019engage dans la pr\u00e9servation des m\u00e9tiers artisanaux en inscrivant les apprentis dans des \u00e9coles sp\u00e9cialis\u00e9es, ce qui a connu une augmentation de 55% entre 2021 et 2023\u201d.<\/p>\n\n\n\n<p class=\"wp-block-paragraph\">En outre, Mme Ammor a assur\u00e9 que le gouvernement accorde une grande importance \u00e0 ce secteur dynamique qui emploie plus de 2 millions d\u2019artisans, pr\u00e9cisant que les produits artisanaux ont g\u00e9n\u00e9r\u00e9 plus d\u2019un milliard de dirhams de revenus d\u2019exportation au cours des deux derni\u00e8res ann\u00e9es (2022-2023). Par ailleurs, la ministre a not\u00e9 que la probl\u00e9matique majeure de l\u2019artisanat r\u00e9side dans le travail informel et que le d\u00e9fi du gouvernement demeure la structuration du secteur et le renforcement de sa comp\u00e9titivit\u00e9 d\u2019o\u00f9 la mise en place de la loi-cadre 50-17. Et de rappeler que le Registre National de l\u2019Artisanat a permis d\u2019identifier plus de 640.000 artisans qui peuvent d\u00e9sormais b\u00e9n\u00e9ficier de l\u2019aide de l\u2019\u00c9tat.<\/p>\n\n\n\n<p class=\"wp-block-paragraph\">Mme Ammor a \u00e9galement mis en avant les priorit\u00e9s de l\u2019action gouvernementale pour la modernisation du secteur de l\u2019artisanat, conform\u00e9ment \u00e0 la demande croissante en produits authentiques, tout en veillant aux enjeux de durabilit\u00e9, de respect de l\u2019environnement et de digitalisation. Intervenant par la m\u00eame occasion, la ministre d\u00e9l\u00e9gu\u00e9e aupr\u00e8s du Chef du gouvernement, charg\u00e9e de la Transition num\u00e9rique et de la R\u00e9forme de l\u2019administration, Ghita Mezzour, a soulign\u00e9 l\u2019importance de renforcer la pr\u00e9sence des artisans marocains dans les march\u00e9s nationaux et internationaux.<\/p>\n\n\n\n<p class=\"wp-block-paragraph\">\u201cCeci permettra de faire conna\u00eetre les professionnels du secteur et de booster les revenus financiers de l\u2019artisanat, que ce soit \u00e0 travers la commercialisation au niveau local ou mondial\u201d, a-t-elle soutenu. Pour sa part, le directeur g\u00e9n\u00e9ral de la Maison de l\u2019Artisan, Tarik Sadik, a soulign\u00e9 les efforts d\u00e9ploy\u00e9s pour la mise en \u0153uvre des chantiers strat\u00e9giques annonc\u00e9s dans le cadre du d\u00e9veloppement de l\u2019artisanat marocain et de l\u2019\u00e9conomie sociale et solidaire, visant \u00e0 moderniser et \u00e0 d\u00e9velopper le secteur artisanal.<\/p>\n\n\n\n<p class=\"wp-block-paragraph\">Ces initiatives sont cruciales pour r\u00e9pondre aux besoins changeants du march\u00e9 et pour garantir la p\u00e9rennit\u00e9 de l\u2019artisanat marocain dans un environnement en constante \u00e9volution, a-t-il expliqu\u00e9, mettant en avant l\u2019importance de la Semaine Nationale de l\u2019Artisanat pour accompagner la nouvelle dynamique du secteur. Il a \u00e9galement annonc\u00e9 que dans le cadre d\u2019un partenariat conjoint, la Fondation Nationale des Mus\u00e9es et la Maison de l\u2019Artisan collaborent pour pr\u00e9senter une exposition d\u2019\u0153uvres d\u2019artisanat d\u2019art au Mus\u00e9e National de la Parure aux Oudayas, \u00e0 Rabat. Cette exposition offrira une occasion unique au public, en particulier aux jeunes, de d\u00e9couvrir des \u0153uvres remarquables con\u00e7ues par une vingtaine de ma\u00eetres artisans marocains de renom, a-t-il ajout\u00e9.<\/p>\n\n\n\n<p class=\"wp-block-paragraph\">La 8\u00e8me \u00e9dition de la Semaine Nationale de l\u2019Artisanat, organis\u00e9e par le minist\u00e8re du Tourisme, de l\u2019Artisanat et de l\u2019\u00c9conomie sociale et solidaire, sous le Haut Patronage de Sa Majest\u00e9 le Roi Mohammed VI, attire plus de 350 participants de vingt pays diff\u00e9rents, confirmant ainsi l\u2019attrait international pour l\u2019artisanat marocain.<\/p>\n\n\n\n<p class=\"wp-block-paragraph\">Plac\u00e9e sous le th\u00e8me \u201cL\u2019artisanat, un levier de d\u00e9veloppement au service du rayonnement et de la protection des patrimoines mat\u00e9riel et immat\u00e9riel\u201d, la SNA offre aux artisans marocains l\u2019opportunit\u00e9 de rencontrer des acheteurs professionnels, des prescripteurs, des architectes, des designers et des repr\u00e9sentants de grandes enseignes et centrales de distribution internationales \u00e0 travers divers \u00e9v\u00e9nements et activit\u00e9s.<\/p>\n","protected":false},"excerpt":{"rendered":"<p>Dpress L\u2019exportation, la labellisation et la p\u00e9rennisation des m\u00e9tiers sont les trois leviers prioritaires pour le d\u00e9veloppement de l\u2019artisanat marocain, a affirm\u00e9, mercredi \u00e0 Casablanca, la ministre du Tourisme, de l\u2019Artisanat et de l\u2019\u00c9conomie sociale et solidaire, Fatima Zahra Ammor, \u00e0 l\u2019ouverture de la 8\u00e8me \u00e9dition de la Semaine Nationale de l\u2019Artisanat (SNA). \u201cPour accompagner &hellip;<\/p>\n","protected":false},"author":2,"featured_media":8225,"comment_status":"open","ping_status":"open","sticky":false,"template":"","format":"standard","meta":{"footnotes":""},"categories":[25],"tags":[],"class_list":["post-8252","post","type-post","status-publish","format-standard","has-post-thumbnail","hentry","category-economie"],"yoast_head":"<!-- This site is optimized with the Yoast SEO plugin v28.0 - https:\/\/yoast.com\/product\/yoast-seo-wordpress\/ -->\n<title>L\u2019exportation, la labellisation, et la p\u00e9rennisation des m\u00e9tiers, leviers prioritaire pour le d\u00e9veloppement de l\u2019artisanat - Dpress.ma\/fr<\/title>\n<meta name=\"robots\" content=\"index, follow, max-snippet:-1, max-image-preview:large, max-video-preview:-1\" \/>\n<link rel=\"canonical\" href=\"https:\/\/dpress.ma\/fr\/2024\/02\/28\/lexportation-la-labellisation-et-la-perennisation-des-metiers-leviers-prioritaire-pour-le-developpement-de-lartisanat\/\" \/>\n<meta property=\"og:locale\" content=\"fr_FR\" \/>\n<meta property=\"og:type\" content=\"article\" \/>\n<meta property=\"og:title\" content=\"L\u2019exportation, la labellisation, et la p\u00e9rennisation des m\u00e9tiers, leviers prioritaire pour le d\u00e9veloppement de l\u2019artisanat - Dpress.ma\/fr\" \/>\n<meta property=\"og:description\" content=\"Dpress L\u2019exportation, la labellisation et la p\u00e9rennisation des m\u00e9tiers sont les trois leviers prioritaires pour le d\u00e9veloppement de l\u2019artisanat marocain, a affirm\u00e9, mercredi \u00e0 Casablanca, la ministre du Tourisme, de l\u2019Artisanat et de l\u2019\u00c9conomie sociale et solidaire, Fatima Zahra Ammor, \u00e0 l\u2019ouverture de la 8\u00e8me \u00e9dition de la Semaine Nationale de l\u2019Artisanat (SNA). \u201cPour accompagner &hellip;\" \/>\n<meta property=\"og:url\" content=\"https:\/\/dpress.ma\/fr\/2024\/02\/28\/lexportation-la-labellisation-et-la-perennisation-des-metiers-leviers-prioritaire-pour-le-developpement-de-lartisanat\/\" \/>\n<meta property=\"og:site_name\" content=\"Dpress.ma\/fr\" \/>\n<meta property=\"article:published_time\" content=\"2024-02-28T17:16:00+00:00\" \/>\n<meta property=\"article:modified_time\" content=\"2024-02-28T17:16:01+00:00\" \/>\n<meta property=\"og:image\" content=\"https:\/\/dpress.ma\/fr\/wp-content\/uploads\/sites\/2\/2024\/02\/dimensions2-78.jpg\" \/>\n\t<meta property=\"og:image:width\" content=\"2539\" \/>\n\t<meta property=\"og:image:height\" content=\"1594\" \/>\n\t<meta property=\"og:image:type\" content=\"image\/jpeg\" \/>\n<meta name=\"author\" content=\"Dpress.ma\" \/>\n<meta name=\"twitter:card\" content=\"summary_large_image\" \/>\n<meta name=\"twitter:label1\" content=\"\u00c9crit par\" \/>\n\t<meta name=\"twitter:data1\" content=\"Dpress.ma\" \/>\n\t<meta name=\"twitter:label2\" content=\"Dur\u00e9e de lecture estim\u00e9e\" \/>\n\t<meta name=\"twitter:data2\" content=\"4 minutes\" \/>\n<script type=\"application\/ld+json\" class=\"yoast-schema-graph\">{\"@context\":\"https:\\\/\\\/schema.org\",\"@graph\":[{\"@type\":\"Article\",\"@id\":\"https:\\\/\\\/dpress.ma\\\/fr\\\/2024\\\/02\\\/28\\\/lexportation-la-labellisation-et-la-perennisation-des-metiers-leviers-prioritaire-pour-le-developpement-de-lartisanat\\\/#article\",\"isPartOf\":{\"@id\":\"https:\\\/\\\/dpress.ma\\\/fr\\\/2024\\\/02\\\/28\\\/lexportation-la-labellisation-et-la-perennisation-des-metiers-leviers-prioritaire-pour-le-developpement-de-lartisanat\\\/\"},\"author\":{\"name\":\"Dpress.ma\",\"@id\":\"https:\\\/\\\/dpress.ma\\\/fr\\\/#\\\/schema\\\/person\\\/4898febf3ccd59e6578d838656a306a0\"},\"headline\":\"L\u2019exportation, la labellisation, et la p\u00e9rennisation des m\u00e9tiers, leviers prioritaire pour le d\u00e9veloppement de l\u2019artisanat\",\"datePublished\":\"2024-02-28T17:16:00+00:00\",\"dateModified\":\"2024-02-28T17:16:01+00:00\",\"mainEntityOfPage\":{\"@id\":\"https:\\\/\\\/dpress.ma\\\/fr\\\/2024\\\/02\\\/28\\\/lexportation-la-labellisation-et-la-perennisation-des-metiers-leviers-prioritaire-pour-le-developpement-de-lartisanat\\\/\"},\"wordCount\":809,\"commentCount\":0,\"image\":{\"@id\":\"https:\\\/\\\/dpress.ma\\\/fr\\\/2024\\\/02\\\/28\\\/lexportation-la-labellisation-et-la-perennisation-des-metiers-leviers-prioritaire-pour-le-developpement-de-lartisanat\\\/#primaryimage\"},\"thumbnailUrl\":\"https:\\\/\\\/dpress.ma\\\/fr\\\/wp-content\\\/uploads\\\/sites\\\/2\\\/2024\\\/02\\\/dimensions2-78.jpg\",\"articleSection\":[\"\u00c9conomie\"],\"inLanguage\":\"fr-FR\",\"potentialAction\":[{\"@type\":\"CommentAction\",\"name\":\"Comment\",\"target\":[\"https:\\\/\\\/dpress.ma\\\/fr\\\/2024\\\/02\\\/28\\\/lexportation-la-labellisation-et-la-perennisation-des-metiers-leviers-prioritaire-pour-le-developpement-de-lartisanat\\\/#respond\"]}]},{\"@type\":\"WebPage\",\"@id\":\"https:\\\/\\\/dpress.ma\\\/fr\\\/2024\\\/02\\\/28\\\/lexportation-la-labellisation-et-la-perennisation-des-metiers-leviers-prioritaire-pour-le-developpement-de-lartisanat\\\/\",\"url\":\"https:\\\/\\\/dpress.ma\\\/fr\\\/2024\\\/02\\\/28\\\/lexportation-la-labellisation-et-la-perennisation-des-metiers-leviers-prioritaire-pour-le-developpement-de-lartisanat\\\/\",\"name\":\"L\u2019exportation, la labellisation, et la p\u00e9rennisation des m\u00e9tiers, leviers prioritaire pour le d\u00e9veloppement de l\u2019artisanat - Dpress.ma\\\/fr\",\"isPartOf\":{\"@id\":\"https:\\\/\\\/dpress.ma\\\/fr\\\/#website\"},\"primaryImageOfPage\":{\"@id\":\"https:\\\/\\\/dpress.ma\\\/fr\\\/2024\\\/02\\\/28\\\/lexportation-la-labellisation-et-la-perennisation-des-metiers-leviers-prioritaire-pour-le-developpement-de-lartisanat\\\/#primaryimage\"},\"image\":{\"@id\":\"https:\\\/\\\/dpress.ma\\\/fr\\\/2024\\\/02\\\/28\\\/lexportation-la-labellisation-et-la-perennisation-des-metiers-leviers-prioritaire-pour-le-developpement-de-lartisanat\\\/#primaryimage\"},\"thumbnailUrl\":\"https:\\\/\\\/dpress.ma\\\/fr\\\/wp-content\\\/uploads\\\/sites\\\/2\\\/2024\\\/02\\\/dimensions2-78.jpg\",\"datePublished\":\"2024-02-28T17:16:00+00:00\",\"dateModified\":\"2024-02-28T17:16:01+00:00\",\"author\":{\"@id\":\"https:\\\/\\\/dpress.ma\\\/fr\\\/#\\\/schema\\\/person\\\/4898febf3ccd59e6578d838656a306a0\"},\"breadcrumb\":{\"@id\":\"https:\\\/\\\/dpress.ma\\\/fr\\\/2024\\\/02\\\/28\\\/lexportation-la-labellisation-et-la-perennisation-des-metiers-leviers-prioritaire-pour-le-developpement-de-lartisanat\\\/#breadcrumb\"},\"inLanguage\":\"fr-FR\",\"potentialAction\":[{\"@type\":\"ReadAction\",\"target\":[\"https:\\\/\\\/dpress.ma\\\/fr\\\/2024\\\/02\\\/28\\\/lexportation-la-labellisation-et-la-perennisation-des-metiers-leviers-prioritaire-pour-le-developpement-de-lartisanat\\\/\"]}]},{\"@type\":\"ImageObject\",\"inLanguage\":\"fr-FR\",\"@id\":\"https:\\\/\\\/dpress.ma\\\/fr\\\/2024\\\/02\\\/28\\\/lexportation-la-labellisation-et-la-perennisation-des-metiers-leviers-prioritaire-pour-le-developpement-de-lartisanat\\\/#primaryimage\",\"url\":\"https:\\\/\\\/dpress.ma\\\/fr\\\/wp-content\\\/uploads\\\/sites\\\/2\\\/2024\\\/02\\\/dimensions2-78.jpg\",\"contentUrl\":\"https:\\\/\\\/dpress.ma\\\/fr\\\/wp-content\\\/uploads\\\/sites\\\/2\\\/2024\\\/02\\\/dimensions2-78.jpg\",\"width\":2539,\"height\":1594},{\"@type\":\"BreadcrumbList\",\"@id\":\"https:\\\/\\\/dpress.ma\\\/fr\\\/2024\\\/02\\\/28\\\/lexportation-la-labellisation-et-la-perennisation-des-metiers-leviers-prioritaire-pour-le-developpement-de-lartisanat\\\/#breadcrumb\",\"itemListElement\":[{\"@type\":\"ListItem\",\"position\":1,\"name\":\"Home\",\"item\":\"https:\\\/\\\/dpress.ma\\\/fr\\\/\"},{\"@type\":\"ListItem\",\"position\":2,\"name\":\"L\u2019exportation, la labellisation, et la p\u00e9rennisation des m\u00e9tiers, leviers prioritaire pour le d\u00e9veloppement de l\u2019artisanat\"}]},{\"@type\":\"WebSite\",\"@id\":\"https:\\\/\\\/dpress.ma\\\/fr\\\/#website\",\"url\":\"https:\\\/\\\/dpress.ma\\\/fr\\\/\",\"name\":\"Dpress.ma\\\/fr\",\"description\":\"\",\"potentialAction\":[{\"@type\":\"SearchAction\",\"target\":{\"@type\":\"EntryPoint\",\"urlTemplate\":\"https:\\\/\\\/dpress.ma\\\/fr\\\/?s={search_term_string}\"},\"query-input\":{\"@type\":\"PropertyValueSpecification\",\"valueRequired\":true,\"valueName\":\"search_term_string\"}}],\"inLanguage\":\"fr-FR\"},{\"@type\":\"Person\",\"@id\":\"https:\\\/\\\/dpress.ma\\\/fr\\\/#\\\/schema\\\/person\\\/4898febf3ccd59e6578d838656a306a0\",\"name\":\"Dpress.ma\",\"image\":{\"@type\":\"ImageObject\",\"inLanguage\":\"fr-FR\",\"@id\":\"https:\\\/\\\/secure.gravatar.com\\\/avatar\\\/72ecc30e9db047a2e0e7176561eb9d564ed77c8108376495b19bd8336405198a?s=96&d=mm&r=g\",\"url\":\"https:\\\/\\\/secure.gravatar.com\\\/avatar\\\/72ecc30e9db047a2e0e7176561eb9d564ed77c8108376495b19bd8336405198a?s=96&d=mm&r=g\",\"contentUrl\":\"https:\\\/\\\/secure.gravatar.com\\\/avatar\\\/72ecc30e9db047a2e0e7176561eb9d564ed77c8108376495b19bd8336405198a?s=96&d=mm&r=g\",\"caption\":\"Dpress.ma\"},\"sameAs\":[\"https:\\\/\\\/www.dpress.ma\"],\"url\":\"https:\\\/\\\/dpress.ma\\\/fr\\\/author\\\/dpress-ma\\\/\"}]}<\/script>\n<!-- \/ Yoast SEO plugin. -->","yoast_head_json":{"title":"L\u2019exportation, la labellisation, et la p\u00e9rennisation des m\u00e9tiers, leviers prioritaire pour le d\u00e9veloppement de l\u2019artisanat - Dpress.ma\/fr","robots":{"index":"index","follow":"follow","max-snippet":"max-snippet:-1","max-image-preview":"max-image-preview:large","max-video-preview":"max-video-preview:-1"},"canonical":"https:\/\/dpress.ma\/fr\/2024\/02\/28\/lexportation-la-labellisation-et-la-perennisation-des-metiers-leviers-prioritaire-pour-le-developpement-de-lartisanat\/","og_locale":"fr_FR","og_type":"article","og_title":"L\u2019exportation, la labellisation, et la p\u00e9rennisation des m\u00e9tiers, leviers prioritaire pour le d\u00e9veloppement de l\u2019artisanat - Dpress.ma\/fr","og_description":"Dpress L\u2019exportation, la labellisation et la p\u00e9rennisation des m\u00e9tiers sont les trois leviers prioritaires pour le d\u00e9veloppement de l\u2019artisanat marocain, a affirm\u00e9, mercredi \u00e0 Casablanca, la ministre du Tourisme, de l\u2019Artisanat et de l\u2019\u00c9conomie sociale et solidaire, Fatima Zahra Ammor, \u00e0 l\u2019ouverture de la 8\u00e8me \u00e9dition de la Semaine Nationale de l\u2019Artisanat (SNA). \u201cPour accompagner &hellip;","og_url":"https:\/\/dpress.ma\/fr\/2024\/02\/28\/lexportation-la-labellisation-et-la-perennisation-des-metiers-leviers-prioritaire-pour-le-developpement-de-lartisanat\/","og_site_name":"Dpress.ma\/fr","article_published_time":"2024-02-28T17:16:00+00:00","article_modified_time":"2024-02-28T17:16:01+00:00","og_image":[{"width":2539,"height":1594,"url":"https:\/\/dpress.ma\/fr\/wp-content\/uploads\/sites\/2\/2024\/02\/dimensions2-78.jpg","type":"image\/jpeg"}],"author":"Dpress.ma","twitter_card":"summary_large_image","twitter_misc":{"\u00c9crit par":"Dpress.ma","Dur\u00e9e de lecture estim\u00e9e":"4 minutes"},"schema":{"@context":"https:\/\/schema.org","@graph":[{"@type":"Article","@id":"https:\/\/dpress.ma\/fr\/2024\/02\/28\/lexportation-la-labellisation-et-la-perennisation-des-metiers-leviers-prioritaire-pour-le-developpement-de-lartisanat\/#article","isPartOf":{"@id":"https:\/\/dpress.ma\/fr\/2024\/02\/28\/lexportation-la-labellisation-et-la-perennisation-des-metiers-leviers-prioritaire-pour-le-developpement-de-lartisanat\/"},"author":{"name":"Dpress.ma","@id":"https:\/\/dpress.ma\/fr\/#\/schema\/person\/4898febf3ccd59e6578d838656a306a0"},"headline":"L\u2019exportation, la labellisation, et la p\u00e9rennisation des m\u00e9tiers, leviers prioritaire pour le d\u00e9veloppement de l\u2019artisanat","datePublished":"2024-02-28T17:16:00+00:00","dateModified":"2024-02-28T17:16:01+00:00","mainEntityOfPage":{"@id":"https:\/\/dpress.ma\/fr\/2024\/02\/28\/lexportation-la-labellisation-et-la-perennisation-des-metiers-leviers-prioritaire-pour-le-developpement-de-lartisanat\/"},"wordCount":809,"commentCount":0,"image":{"@id":"https:\/\/dpress.ma\/fr\/2024\/02\/28\/lexportation-la-labellisation-et-la-perennisation-des-metiers-leviers-prioritaire-pour-le-developpement-de-lartisanat\/#primaryimage"},"thumbnailUrl":"https:\/\/dpress.ma\/fr\/wp-content\/uploads\/sites\/2\/2024\/02\/dimensions2-78.jpg","articleSection":["\u00c9conomie"],"inLanguage":"fr-FR","potentialAction":[{"@type":"CommentAction","name":"Comment","target":["https:\/\/dpress.ma\/fr\/2024\/02\/28\/lexportation-la-labellisation-et-la-perennisation-des-metiers-leviers-prioritaire-pour-le-developpement-de-lartisanat\/#respond"]}]},{"@type":"WebPage","@id":"https:\/\/dpress.ma\/fr\/2024\/02\/28\/lexportation-la-labellisation-et-la-perennisation-des-metiers-leviers-prioritaire-pour-le-developpement-de-lartisanat\/","url":"https:\/\/dpress.ma\/fr\/2024\/02\/28\/lexportation-la-labellisation-et-la-perennisation-des-metiers-leviers-prioritaire-pour-le-developpement-de-lartisanat\/","name":"L\u2019exportation, la labellisation, et la p\u00e9rennisation des m\u00e9tiers, leviers prioritaire pour le d\u00e9veloppement de l\u2019artisanat - Dpress.ma\/fr","isPartOf":{"@id":"https:\/\/dpress.ma\/fr\/#website"},"primaryImageOfPage":{"@id":"https:\/\/dpress.ma\/fr\/2024\/02\/28\/lexportation-la-labellisation-et-la-perennisation-des-metiers-leviers-prioritaire-pour-le-developpement-de-lartisanat\/#primaryimage"},"image":{"@id":"https:\/\/dpress.ma\/fr\/2024\/02\/28\/lexportation-la-labellisation-et-la-perennisation-des-metiers-leviers-prioritaire-pour-le-developpement-de-lartisanat\/#primaryimage"},"thumbnailUrl":"https:\/\/dpress.ma\/fr\/wp-content\/uploads\/sites\/2\/2024\/02\/dimensions2-78.jpg","datePublished":"2024-02-28T17:16:00+00:00","dateModified":"2024-02-28T17:16:01+00:00","author":{"@id":"https:\/\/dpress.ma\/fr\/#\/schema\/person\/4898febf3ccd59e6578d838656a306a0"},"breadcrumb":{"@id":"https:\/\/dpress.ma\/fr\/2024\/02\/28\/lexportation-la-labellisation-et-la-perennisation-des-metiers-leviers-prioritaire-pour-le-developpement-de-lartisanat\/#breadcrumb"},"inLanguage":"fr-FR","potentialAction":[{"@type":"ReadAction","target":["https:\/\/dpress.ma\/fr\/2024\/02\/28\/lexportation-la-labellisation-et-la-perennisation-des-metiers-leviers-prioritaire-pour-le-developpement-de-lartisanat\/"]}]},{"@type":"ImageObject","inLanguage":"fr-FR","@id":"https:\/\/dpress.ma\/fr\/2024\/02\/28\/lexportation-la-labellisation-et-la-perennisation-des-metiers-leviers-prioritaire-pour-le-developpement-de-lartisanat\/#primaryimage","url":"https:\/\/dpress.ma\/fr\/wp-content\/uploads\/sites\/2\/2024\/02\/dimensions2-78.jpg","contentUrl":"https:\/\/dpress.ma\/fr\/wp-content\/uploads\/sites\/2\/2024\/02\/dimensions2-78.jpg","width":2539,"height":1594},{"@type":"BreadcrumbList","@id":"https:\/\/dpress.ma\/fr\/2024\/02\/28\/lexportation-la-labellisation-et-la-perennisation-des-metiers-leviers-prioritaire-pour-le-developpement-de-lartisanat\/#breadcrumb","itemListElement":[{"@type":"ListItem","position":1,"name":"Home","item":"https:\/\/dpress.ma\/fr\/"},{"@type":"ListItem","position":2,"name":"L\u2019exportation, la labellisation, et la p\u00e9rennisation des m\u00e9tiers, leviers prioritaire pour le d\u00e9veloppement de l\u2019artisanat"}]},{"@type":"WebSite","@id":"https:\/\/dpress.ma\/fr\/#website","url":"https:\/\/dpress.ma\/fr\/","name":"Dpress.ma\/fr","description":"","potentialAction":[{"@type":"SearchAction","target":{"@type":"EntryPoint","urlTemplate":"https:\/\/dpress.ma\/fr\/?s={search_term_string}"},"query-input":{"@type":"PropertyValueSpecification","valueRequired":true,"valueName":"search_term_string"}}],"inLanguage":"fr-FR"},{"@type":"Person","@id":"https:\/\/dpress.ma\/fr\/#\/schema\/person\/4898febf3ccd59e6578d838656a306a0","name":"Dpress.ma","image":{"@type":"ImageObject","inLanguage":"fr-FR","@id":"https:\/\/secure.gravatar.com\/avatar\/72ecc30e9db047a2e0e7176561eb9d564ed77c8108376495b19bd8336405198a?s=96&d=mm&r=g","url":"https:\/\/secure.gravatar.com\/avatar\/72ecc30e9db047a2e0e7176561eb9d564ed77c8108376495b19bd8336405198a?s=96&d=mm&r=g","contentUrl":"https:\/\/secure.gravatar.com\/avatar\/72ecc30e9db047a2e0e7176561eb9d564ed77c8108376495b19bd8336405198a?s=96&d=mm&r=g","caption":"Dpress.ma"},"sameAs":["https:\/\/www.dpress.ma"],"url":"https:\/\/dpress.ma\/fr\/author\/dpress-ma\/"}]}},"amp_enabled":true,"_links":{"self":[{"href":"https:\/\/dpress.ma\/fr\/wp-json\/wp\/v2\/posts\/8252","targetHints":{"allow":["GET"]}}],"collection":[{"href":"https:\/\/dpress.ma\/fr\/wp-json\/wp\/v2\/posts"}],"about":[{"href":"https:\/\/dpress.ma\/fr\/wp-json\/wp\/v2\/types\/post"}],"author":[{"embeddable":true,"href":"https:\/\/dpress.ma\/fr\/wp-json\/wp\/v2\/users\/2"}],"replies":[{"embeddable":true,"href":"https:\/\/dpress.ma\/fr\/wp-json\/wp\/v2\/comments?post=8252"}],"version-history":[{"count":1,"href":"https:\/\/dpress.ma\/fr\/wp-json\/wp\/v2\/posts\/8252\/revisions"}],"predecessor-version":[{"id":8253,"href":"https:\/\/dpress.ma\/fr\/wp-json\/wp\/v2\/posts\/8252\/revisions\/8253"}],"wp:featuredmedia":[{"embeddable":true,"href":"https:\/\/dpress.ma\/fr\/wp-json\/wp\/v2\/media\/8225"}],"wp:attachment":[{"href":"https:\/\/dpress.ma\/fr\/wp-json\/wp\/v2\/media?parent=8252"}],"wp:term":[{"taxonomy":"category","embeddable":true,"href":"https:\/\/dpress.ma\/fr\/wp-json\/wp\/v2\/categories?post=8252"},{"taxonomy":"post_tag","embeddable":true,"href":"https:\/\/dpress.ma\/fr\/wp-json\/wp\/v2\/tags?post=8252"}],"curies":[{"name":"wp","href":"https:\/\/api.w.org\/{rel}","templated":true}]}}