{"id":8250,"date":"2024-02-28T17:14:34","date_gmt":"2024-02-28T17:14:34","guid":{"rendered":"https:\/\/dpress.ma\/fr\/?p=8250"},"modified":"2024-02-28T17:14:34","modified_gmt":"2024-02-28T17:14:34","slug":"lartisanat-pilier-essentiel-de-preservation-du-patrimoine-materiel-et-immateriel","status":"publish","type":"post","link":"https:\/\/dpress.ma\/fr\/2024\/02\/28\/lartisanat-pilier-essentiel-de-preservation-du-patrimoine-materiel-et-immateriel\/","title":{"rendered":"L\u2019artisanat, pilier essentiel de pr\u00e9servation du patrimoine mat\u00e9riel et immat\u00e9riel"},"content":{"rendered":"\n<p class=\"wp-block-paragraph\">Dpress<\/p>\n\n\n\n<p class=\"wp-block-paragraph\">Le Chef du gouvernement, Aziz Akhannouch, a soulign\u00e9, mercredi \u00e0 Casablanca, l&rsquo;importance cruciale de l&rsquo;artisanat pour la pr\u00e9servation du patrimoine mat\u00e9riel et immat\u00e9riel du Royaume.<\/p>\n\n\n\n<p class=\"wp-block-paragraph\">&nbsp;L&rsquo;artisanat marocain est un moteur cl\u00e9 de l&rsquo;\u00e9conomie nationale qui contribue \u00e0 hauteur de 7% du PIB, emploie pr\u00e8s de 20% de la population active, et dont les exportations ont r\u00e9cemment franchi le cap du milliard de dirhams entre 2022 et 2023, avec une croissance estim\u00e9e \u00e0 7%, a relev\u00e9 M. Akhannouch, lors de l&rsquo;ouverture de la 8\u00e8me \u00e9dition de la Semaine Nationale de l&rsquo;Artisanat (SNA).<\/p>\n\n\n\n<p class=\"wp-block-paragraph\">Il a not\u00e9 que le secteur de l&rsquo;artisanat, qui renforce l&rsquo;attrait touristique du pays, repr\u00e9sente pr\u00e8s de 10% des recettes touristiques en devises.<\/p>\n\n\n\n<p class=\"wp-block-paragraph\">Ainsi, le Chef du gouvernement a soulign\u00e9 les efforts continus du gouvernement pour la structuration du secteur et l&rsquo;am\u00e9lioration de la comp\u00e9titivit\u00e9 des artisans qui s&rsquo;impliquent dans la transmission de leur savoir-faire, de g\u00e9n\u00e9ration en g\u00e9n\u00e9ration, afin de pr\u00e9server cet h\u00e9ritage.<\/p>\n\n\n\n<p class=\"wp-block-paragraph\">Pour soutenir les artisans, le gouvernement a mis en place des textes l\u00e9gaux et r\u00e9glementaires, dont la loi-cadre 50-17 sur les activit\u00e9s artisanales, la cr\u00e9ation du Registre National de l&rsquo;Artisanat qui a vu l&rsquo;enregistrement de plus de 389.000 artisans, et la mise en place de l&rsquo;Assurance Maladie Obligatoire qui compte plus de 641.000 b\u00e9n\u00e9ficiaires, a-t-il ajout\u00e9.<\/p>\n\n\n\n<p class=\"wp-block-paragraph\">Et de poursuivre que le gouvernement a \u00e9galement renforc\u00e9 son soutien en d\u00e9veloppant des programmes visant \u00e0 am\u00e9liorer la production artisanale, la connaissance des march\u00e9s et l&rsquo;orientation vers l&rsquo;exportation, notamment \u00e0 travers la cr\u00e9ation de centres d&rsquo;excellence pour des secteurs comme les tapis et la poterie.<\/p>\n\n\n\n<p class=\"wp-block-paragraph\">Des programmes de certification et des labels de qualit\u00e9 ont \u00e9t\u00e9 mis en place, avec plus de 69 marques collectives, a rappel\u00e9 M. Akhannouch, relevant que le gouvernement a augment\u00e9 de 55% le nombre d&rsquo;inscrits dans les \u00e9tablissements de formation pour pr\u00e9parer la prochaine g\u00e9n\u00e9ration d&rsquo;artisans.<\/p>\n\n\n\n<p class=\"wp-block-paragraph\">Le Chef du gouvernement a, par ailleurs, r\u00e9it\u00e9r\u00e9 l&rsquo;engagement ferme de l\u2019ex\u00e9cutif de d\u00e9velopper les m\u00e9canismes n\u00e9cessaires pour former la prochaine g\u00e9n\u00e9ration d&rsquo;artisans, de moderniser le secteur artisanal et de relever les diff\u00e9rents d\u00e9fis tels que la comp\u00e9titivit\u00e9, la num\u00e9risation, l&rsquo;inclusion et l&rsquo;int\u00e9gration des jeunes.<\/p>\n\n\n\n<p class=\"wp-block-paragraph\">M. Akhannouch a, en outre, salu\u00e9 l&rsquo;organisation de la Semaine Nationale de l&rsquo;Artisanat qui constitue un rendez-vous incontournable, r\u00e9unissant tous les acteurs du secteur pour consolider les acquis, valoriser les capacit\u00e9s et relever les d\u00e9fis.<\/p>\n\n\n\n<p class=\"wp-block-paragraph\">La 8\u00e8me \u00e9dition de la Semaine Nationale de l&rsquo;Artisanat, organis\u00e9e par le minist\u00e8re du Tourisme, de l\u2019Artisanat et de l\u2019\u00c9conomie sociale et solidaire, sous le Haut Patronage de Sa Majest\u00e9 le Roi Mohammed VI, attire plus de 350 participants de vingt pays diff\u00e9rents, confirmant ainsi l&rsquo;attrait international pour l&rsquo;artisanat marocain.<\/p>\n\n\n\n<p class=\"wp-block-paragraph\">Plac\u00e9e sous le th\u00e8me \u00ab\u00a0L&rsquo;artisanat, un levier de d\u00e9veloppement au service du rayonnement et de la protection des patrimoines mat\u00e9riel et immat\u00e9riel\u00a0\u00bb, la SNA offre aux artisans marocains l&rsquo;opportunit\u00e9 de rencontrer des acheteurs professionnels, des prescripteurs, des architectes, des designers et des repr\u00e9sentants de grandes enseignes et centrales de distribution internationales \u00e0 travers divers \u00e9v\u00e9nements et activit\u00e9s.<\/p>\n","protected":false},"excerpt":{"rendered":"<p>Dpress Le Chef du gouvernement, Aziz Akhannouch, a soulign\u00e9, mercredi \u00e0 Casablanca, l&rsquo;importance cruciale de l&rsquo;artisanat pour la pr\u00e9servation du patrimoine mat\u00e9riel et immat\u00e9riel du Royaume. &nbsp;L&rsquo;artisanat marocain est un moteur cl\u00e9 de l&rsquo;\u00e9conomie nationale qui contribue \u00e0 hauteur de 7% du PIB, emploie pr\u00e8s de 20% de la population active, et dont les exportations &hellip;<\/p>\n","protected":false},"author":2,"featured_media":7766,"comment_status":"open","ping_status":"open","sticky":false,"template":"","format":"standard","meta":{"footnotes":""},"categories":[26],"tags":[],"class_list":["post-8250","post","type-post","status-publish","format-standard","has-post-thumbnail","hentry","category-politiques"],"yoast_head":"<!-- This site is optimized with the Yoast SEO plugin v28.0 - https:\/\/yoast.com\/product\/yoast-seo-wordpress\/ -->\n<title>L\u2019artisanat, pilier essentiel de pr\u00e9servation du patrimoine mat\u00e9riel et immat\u00e9riel - Dpress.ma\/fr<\/title>\n<meta name=\"robots\" content=\"index, follow, max-snippet:-1, max-image-preview:large, max-video-preview:-1\" \/>\n<link rel=\"canonical\" href=\"https:\/\/dpress.ma\/fr\/2024\/02\/28\/lartisanat-pilier-essentiel-de-preservation-du-patrimoine-materiel-et-immateriel\/\" \/>\n<meta property=\"og:locale\" content=\"fr_FR\" \/>\n<meta property=\"og:type\" content=\"article\" \/>\n<meta property=\"og:title\" content=\"L\u2019artisanat, pilier essentiel de pr\u00e9servation du patrimoine mat\u00e9riel et immat\u00e9riel - Dpress.ma\/fr\" \/>\n<meta property=\"og:description\" content=\"Dpress Le Chef du gouvernement, Aziz Akhannouch, a soulign\u00e9, mercredi \u00e0 Casablanca, l&rsquo;importance cruciale de l&rsquo;artisanat pour la pr\u00e9servation du patrimoine mat\u00e9riel et immat\u00e9riel du Royaume. &nbsp;L&rsquo;artisanat marocain est un moteur cl\u00e9 de l&rsquo;\u00e9conomie nationale qui contribue \u00e0 hauteur de 7% du PIB, emploie pr\u00e8s de 20% de la population active, et dont les exportations &hellip;\" \/>\n<meta property=\"og:url\" content=\"https:\/\/dpress.ma\/fr\/2024\/02\/28\/lartisanat-pilier-essentiel-de-preservation-du-patrimoine-materiel-et-immateriel\/\" \/>\n<meta property=\"og:site_name\" content=\"Dpress.ma\/fr\" \/>\n<meta property=\"article:published_time\" content=\"2024-02-28T17:14:34+00:00\" \/>\n<meta property=\"og:image\" content=\"https:\/\/dpress.ma\/fr\/wp-content\/uploads\/sites\/2\/2024\/02\/image-120-480x270-1.png\" \/>\n\t<meta property=\"og:image:width\" content=\"780\" \/>\n\t<meta property=\"og:image:height\" content=\"470\" \/>\n\t<meta property=\"og:image:type\" content=\"image\/png\" \/>\n<meta name=\"author\" content=\"Dpress.ma\" \/>\n<meta name=\"twitter:card\" content=\"summary_large_image\" \/>\n<meta name=\"twitter:label1\" content=\"\u00c9crit par\" \/>\n\t<meta name=\"twitter:data1\" content=\"Dpress.ma\" \/>\n\t<meta name=\"twitter:label2\" content=\"Dur\u00e9e de lecture estim\u00e9e\" \/>\n\t<meta name=\"twitter:data2\" content=\"3 minutes\" \/>\n<script type=\"application\/ld+json\" class=\"yoast-schema-graph\">{\"@context\":\"https:\\\/\\\/schema.org\",\"@graph\":[{\"@type\":\"Article\",\"@id\":\"https:\\\/\\\/dpress.ma\\\/fr\\\/2024\\\/02\\\/28\\\/lartisanat-pilier-essentiel-de-preservation-du-patrimoine-materiel-et-immateriel\\\/#article\",\"isPartOf\":{\"@id\":\"https:\\\/\\\/dpress.ma\\\/fr\\\/2024\\\/02\\\/28\\\/lartisanat-pilier-essentiel-de-preservation-du-patrimoine-materiel-et-immateriel\\\/\"},\"author\":{\"name\":\"Dpress.ma\",\"@id\":\"https:\\\/\\\/dpress.ma\\\/fr\\\/#\\\/schema\\\/person\\\/4898febf3ccd59e6578d838656a306a0\"},\"headline\":\"L\u2019artisanat, pilier essentiel de pr\u00e9servation du patrimoine mat\u00e9riel et immat\u00e9riel\",\"datePublished\":\"2024-02-28T17:14:34+00:00\",\"mainEntityOfPage\":{\"@id\":\"https:\\\/\\\/dpress.ma\\\/fr\\\/2024\\\/02\\\/28\\\/lartisanat-pilier-essentiel-de-preservation-du-patrimoine-materiel-et-immateriel\\\/\"},\"wordCount\":549,\"commentCount\":0,\"image\":{\"@id\":\"https:\\\/\\\/dpress.ma\\\/fr\\\/2024\\\/02\\\/28\\\/lartisanat-pilier-essentiel-de-preservation-du-patrimoine-materiel-et-immateriel\\\/#primaryimage\"},\"thumbnailUrl\":\"https:\\\/\\\/dpress.ma\\\/fr\\\/wp-content\\\/uploads\\\/sites\\\/2\\\/2024\\\/02\\\/image-120-480x270-1.png\",\"articleSection\":[\"Politiques\"],\"inLanguage\":\"fr-FR\",\"potentialAction\":[{\"@type\":\"CommentAction\",\"name\":\"Comment\",\"target\":[\"https:\\\/\\\/dpress.ma\\\/fr\\\/2024\\\/02\\\/28\\\/lartisanat-pilier-essentiel-de-preservation-du-patrimoine-materiel-et-immateriel\\\/#respond\"]}]},{\"@type\":\"WebPage\",\"@id\":\"https:\\\/\\\/dpress.ma\\\/fr\\\/2024\\\/02\\\/28\\\/lartisanat-pilier-essentiel-de-preservation-du-patrimoine-materiel-et-immateriel\\\/\",\"url\":\"https:\\\/\\\/dpress.ma\\\/fr\\\/2024\\\/02\\\/28\\\/lartisanat-pilier-essentiel-de-preservation-du-patrimoine-materiel-et-immateriel\\\/\",\"name\":\"L\u2019artisanat, pilier essentiel de pr\u00e9servation du patrimoine mat\u00e9riel et immat\u00e9riel - Dpress.ma\\\/fr\",\"isPartOf\":{\"@id\":\"https:\\\/\\\/dpress.ma\\\/fr\\\/#website\"},\"primaryImageOfPage\":{\"@id\":\"https:\\\/\\\/dpress.ma\\\/fr\\\/2024\\\/02\\\/28\\\/lartisanat-pilier-essentiel-de-preservation-du-patrimoine-materiel-et-immateriel\\\/#primaryimage\"},\"image\":{\"@id\":\"https:\\\/\\\/dpress.ma\\\/fr\\\/2024\\\/02\\\/28\\\/lartisanat-pilier-essentiel-de-preservation-du-patrimoine-materiel-et-immateriel\\\/#primaryimage\"},\"thumbnailUrl\":\"https:\\\/\\\/dpress.ma\\\/fr\\\/wp-content\\\/uploads\\\/sites\\\/2\\\/2024\\\/02\\\/image-120-480x270-1.png\",\"datePublished\":\"2024-02-28T17:14:34+00:00\",\"author\":{\"@id\":\"https:\\\/\\\/dpress.ma\\\/fr\\\/#\\\/schema\\\/person\\\/4898febf3ccd59e6578d838656a306a0\"},\"breadcrumb\":{\"@id\":\"https:\\\/\\\/dpress.ma\\\/fr\\\/2024\\\/02\\\/28\\\/lartisanat-pilier-essentiel-de-preservation-du-patrimoine-materiel-et-immateriel\\\/#breadcrumb\"},\"inLanguage\":\"fr-FR\",\"potentialAction\":[{\"@type\":\"ReadAction\",\"target\":[\"https:\\\/\\\/dpress.ma\\\/fr\\\/2024\\\/02\\\/28\\\/lartisanat-pilier-essentiel-de-preservation-du-patrimoine-materiel-et-immateriel\\\/\"]}]},{\"@type\":\"ImageObject\",\"inLanguage\":\"fr-FR\",\"@id\":\"https:\\\/\\\/dpress.ma\\\/fr\\\/2024\\\/02\\\/28\\\/lartisanat-pilier-essentiel-de-preservation-du-patrimoine-materiel-et-immateriel\\\/#primaryimage\",\"url\":\"https:\\\/\\\/dpress.ma\\\/fr\\\/wp-content\\\/uploads\\\/sites\\\/2\\\/2024\\\/02\\\/image-120-480x270-1.png\",\"contentUrl\":\"https:\\\/\\\/dpress.ma\\\/fr\\\/wp-content\\\/uploads\\\/sites\\\/2\\\/2024\\\/02\\\/image-120-480x270-1.png\",\"width\":780,\"height\":470},{\"@type\":\"BreadcrumbList\",\"@id\":\"https:\\\/\\\/dpress.ma\\\/fr\\\/2024\\\/02\\\/28\\\/lartisanat-pilier-essentiel-de-preservation-du-patrimoine-materiel-et-immateriel\\\/#breadcrumb\",\"itemListElement\":[{\"@type\":\"ListItem\",\"position\":1,\"name\":\"Home\",\"item\":\"https:\\\/\\\/dpress.ma\\\/fr\\\/\"},{\"@type\":\"ListItem\",\"position\":2,\"name\":\"L\u2019artisanat, pilier essentiel de pr\u00e9servation du patrimoine mat\u00e9riel et immat\u00e9riel\"}]},{\"@type\":\"WebSite\",\"@id\":\"https:\\\/\\\/dpress.ma\\\/fr\\\/#website\",\"url\":\"https:\\\/\\\/dpress.ma\\\/fr\\\/\",\"name\":\"Dpress.ma\\\/fr\",\"description\":\"\",\"potentialAction\":[{\"@type\":\"SearchAction\",\"target\":{\"@type\":\"EntryPoint\",\"urlTemplate\":\"https:\\\/\\\/dpress.ma\\\/fr\\\/?s={search_term_string}\"},\"query-input\":{\"@type\":\"PropertyValueSpecification\",\"valueRequired\":true,\"valueName\":\"search_term_string\"}}],\"inLanguage\":\"fr-FR\"},{\"@type\":\"Person\",\"@id\":\"https:\\\/\\\/dpress.ma\\\/fr\\\/#\\\/schema\\\/person\\\/4898febf3ccd59e6578d838656a306a0\",\"name\":\"Dpress.ma\",\"image\":{\"@type\":\"ImageObject\",\"inLanguage\":\"fr-FR\",\"@id\":\"https:\\\/\\\/secure.gravatar.com\\\/avatar\\\/72ecc30e9db047a2e0e7176561eb9d564ed77c8108376495b19bd8336405198a?s=96&d=mm&r=g\",\"url\":\"https:\\\/\\\/secure.gravatar.com\\\/avatar\\\/72ecc30e9db047a2e0e7176561eb9d564ed77c8108376495b19bd8336405198a?s=96&d=mm&r=g\",\"contentUrl\":\"https:\\\/\\\/secure.gravatar.com\\\/avatar\\\/72ecc30e9db047a2e0e7176561eb9d564ed77c8108376495b19bd8336405198a?s=96&d=mm&r=g\",\"caption\":\"Dpress.ma\"},\"sameAs\":[\"https:\\\/\\\/www.dpress.ma\"],\"url\":\"https:\\\/\\\/dpress.ma\\\/fr\\\/author\\\/dpress-ma\\\/\"}]}<\/script>\n<!-- \/ Yoast SEO plugin. -->","yoast_head_json":{"title":"L\u2019artisanat, pilier essentiel de pr\u00e9servation du patrimoine mat\u00e9riel et immat\u00e9riel - Dpress.ma\/fr","robots":{"index":"index","follow":"follow","max-snippet":"max-snippet:-1","max-image-preview":"max-image-preview:large","max-video-preview":"max-video-preview:-1"},"canonical":"https:\/\/dpress.ma\/fr\/2024\/02\/28\/lartisanat-pilier-essentiel-de-preservation-du-patrimoine-materiel-et-immateriel\/","og_locale":"fr_FR","og_type":"article","og_title":"L\u2019artisanat, pilier essentiel de pr\u00e9servation du patrimoine mat\u00e9riel et immat\u00e9riel - Dpress.ma\/fr","og_description":"Dpress Le Chef du gouvernement, Aziz Akhannouch, a soulign\u00e9, mercredi \u00e0 Casablanca, l&rsquo;importance cruciale de l&rsquo;artisanat pour la pr\u00e9servation du patrimoine mat\u00e9riel et immat\u00e9riel du Royaume. &nbsp;L&rsquo;artisanat marocain est un moteur cl\u00e9 de l&rsquo;\u00e9conomie nationale qui contribue \u00e0 hauteur de 7% du PIB, emploie pr\u00e8s de 20% de la population active, et dont les exportations &hellip;","og_url":"https:\/\/dpress.ma\/fr\/2024\/02\/28\/lartisanat-pilier-essentiel-de-preservation-du-patrimoine-materiel-et-immateriel\/","og_site_name":"Dpress.ma\/fr","article_published_time":"2024-02-28T17:14:34+00:00","og_image":[{"width":780,"height":470,"url":"https:\/\/dpress.ma\/fr\/wp-content\/uploads\/sites\/2\/2024\/02\/image-120-480x270-1.png","type":"image\/png"}],"author":"Dpress.ma","twitter_card":"summary_large_image","twitter_misc":{"\u00c9crit par":"Dpress.ma","Dur\u00e9e de lecture estim\u00e9e":"3 minutes"},"schema":{"@context":"https:\/\/schema.org","@graph":[{"@type":"Article","@id":"https:\/\/dpress.ma\/fr\/2024\/02\/28\/lartisanat-pilier-essentiel-de-preservation-du-patrimoine-materiel-et-immateriel\/#article","isPartOf":{"@id":"https:\/\/dpress.ma\/fr\/2024\/02\/28\/lartisanat-pilier-essentiel-de-preservation-du-patrimoine-materiel-et-immateriel\/"},"author":{"name":"Dpress.ma","@id":"https:\/\/dpress.ma\/fr\/#\/schema\/person\/4898febf3ccd59e6578d838656a306a0"},"headline":"L\u2019artisanat, pilier essentiel de pr\u00e9servation du patrimoine mat\u00e9riel et immat\u00e9riel","datePublished":"2024-02-28T17:14:34+00:00","mainEntityOfPage":{"@id":"https:\/\/dpress.ma\/fr\/2024\/02\/28\/lartisanat-pilier-essentiel-de-preservation-du-patrimoine-materiel-et-immateriel\/"},"wordCount":549,"commentCount":0,"image":{"@id":"https:\/\/dpress.ma\/fr\/2024\/02\/28\/lartisanat-pilier-essentiel-de-preservation-du-patrimoine-materiel-et-immateriel\/#primaryimage"},"thumbnailUrl":"https:\/\/dpress.ma\/fr\/wp-content\/uploads\/sites\/2\/2024\/02\/image-120-480x270-1.png","articleSection":["Politiques"],"inLanguage":"fr-FR","potentialAction":[{"@type":"CommentAction","name":"Comment","target":["https:\/\/dpress.ma\/fr\/2024\/02\/28\/lartisanat-pilier-essentiel-de-preservation-du-patrimoine-materiel-et-immateriel\/#respond"]}]},{"@type":"WebPage","@id":"https:\/\/dpress.ma\/fr\/2024\/02\/28\/lartisanat-pilier-essentiel-de-preservation-du-patrimoine-materiel-et-immateriel\/","url":"https:\/\/dpress.ma\/fr\/2024\/02\/28\/lartisanat-pilier-essentiel-de-preservation-du-patrimoine-materiel-et-immateriel\/","name":"L\u2019artisanat, pilier essentiel de pr\u00e9servation du patrimoine mat\u00e9riel et immat\u00e9riel - Dpress.ma\/fr","isPartOf":{"@id":"https:\/\/dpress.ma\/fr\/#website"},"primaryImageOfPage":{"@id":"https:\/\/dpress.ma\/fr\/2024\/02\/28\/lartisanat-pilier-essentiel-de-preservation-du-patrimoine-materiel-et-immateriel\/#primaryimage"},"image":{"@id":"https:\/\/dpress.ma\/fr\/2024\/02\/28\/lartisanat-pilier-essentiel-de-preservation-du-patrimoine-materiel-et-immateriel\/#primaryimage"},"thumbnailUrl":"https:\/\/dpress.ma\/fr\/wp-content\/uploads\/sites\/2\/2024\/02\/image-120-480x270-1.png","datePublished":"2024-02-28T17:14:34+00:00","author":{"@id":"https:\/\/dpress.ma\/fr\/#\/schema\/person\/4898febf3ccd59e6578d838656a306a0"},"breadcrumb":{"@id":"https:\/\/dpress.ma\/fr\/2024\/02\/28\/lartisanat-pilier-essentiel-de-preservation-du-patrimoine-materiel-et-immateriel\/#breadcrumb"},"inLanguage":"fr-FR","potentialAction":[{"@type":"ReadAction","target":["https:\/\/dpress.ma\/fr\/2024\/02\/28\/lartisanat-pilier-essentiel-de-preservation-du-patrimoine-materiel-et-immateriel\/"]}]},{"@type":"ImageObject","inLanguage":"fr-FR","@id":"https:\/\/dpress.ma\/fr\/2024\/02\/28\/lartisanat-pilier-essentiel-de-preservation-du-patrimoine-materiel-et-immateriel\/#primaryimage","url":"https:\/\/dpress.ma\/fr\/wp-content\/uploads\/sites\/2\/2024\/02\/image-120-480x270-1.png","contentUrl":"https:\/\/dpress.ma\/fr\/wp-content\/uploads\/sites\/2\/2024\/02\/image-120-480x270-1.png","width":780,"height":470},{"@type":"BreadcrumbList","@id":"https:\/\/dpress.ma\/fr\/2024\/02\/28\/lartisanat-pilier-essentiel-de-preservation-du-patrimoine-materiel-et-immateriel\/#breadcrumb","itemListElement":[{"@type":"ListItem","position":1,"name":"Home","item":"https:\/\/dpress.ma\/fr\/"},{"@type":"ListItem","position":2,"name":"L\u2019artisanat, pilier essentiel de pr\u00e9servation du patrimoine mat\u00e9riel et immat\u00e9riel"}]},{"@type":"WebSite","@id":"https:\/\/dpress.ma\/fr\/#website","url":"https:\/\/dpress.ma\/fr\/","name":"Dpress.ma\/fr","description":"","potentialAction":[{"@type":"SearchAction","target":{"@type":"EntryPoint","urlTemplate":"https:\/\/dpress.ma\/fr\/?s={search_term_string}"},"query-input":{"@type":"PropertyValueSpecification","valueRequired":true,"valueName":"search_term_string"}}],"inLanguage":"fr-FR"},{"@type":"Person","@id":"https:\/\/dpress.ma\/fr\/#\/schema\/person\/4898febf3ccd59e6578d838656a306a0","name":"Dpress.ma","image":{"@type":"ImageObject","inLanguage":"fr-FR","@id":"https:\/\/secure.gravatar.com\/avatar\/72ecc30e9db047a2e0e7176561eb9d564ed77c8108376495b19bd8336405198a?s=96&d=mm&r=g","url":"https:\/\/secure.gravatar.com\/avatar\/72ecc30e9db047a2e0e7176561eb9d564ed77c8108376495b19bd8336405198a?s=96&d=mm&r=g","contentUrl":"https:\/\/secure.gravatar.com\/avatar\/72ecc30e9db047a2e0e7176561eb9d564ed77c8108376495b19bd8336405198a?s=96&d=mm&r=g","caption":"Dpress.ma"},"sameAs":["https:\/\/www.dpress.ma"],"url":"https:\/\/dpress.ma\/fr\/author\/dpress-ma\/"}]}},"amp_enabled":true,"_links":{"self":[{"href":"https:\/\/dpress.ma\/fr\/wp-json\/wp\/v2\/posts\/8250","targetHints":{"allow":["GET"]}}],"collection":[{"href":"https:\/\/dpress.ma\/fr\/wp-json\/wp\/v2\/posts"}],"about":[{"href":"https:\/\/dpress.ma\/fr\/wp-json\/wp\/v2\/types\/post"}],"author":[{"embeddable":true,"href":"https:\/\/dpress.ma\/fr\/wp-json\/wp\/v2\/users\/2"}],"replies":[{"embeddable":true,"href":"https:\/\/dpress.ma\/fr\/wp-json\/wp\/v2\/comments?post=8250"}],"version-history":[{"count":1,"href":"https:\/\/dpress.ma\/fr\/wp-json\/wp\/v2\/posts\/8250\/revisions"}],"predecessor-version":[{"id":8251,"href":"https:\/\/dpress.ma\/fr\/wp-json\/wp\/v2\/posts\/8250\/revisions\/8251"}],"wp:featuredmedia":[{"embeddable":true,"href":"https:\/\/dpress.ma\/fr\/wp-json\/wp\/v2\/media\/7766"}],"wp:attachment":[{"href":"https:\/\/dpress.ma\/fr\/wp-json\/wp\/v2\/media?parent=8250"}],"wp:term":[{"taxonomy":"category","embeddable":true,"href":"https:\/\/dpress.ma\/fr\/wp-json\/wp\/v2\/categories?post=8250"},{"taxonomy":"post_tag","embeddable":true,"href":"https:\/\/dpress.ma\/fr\/wp-json\/wp\/v2\/tags?post=8250"}],"curies":[{"name":"wp","href":"https:\/\/api.w.org\/{rel}","templated":true}]}}