{"id":8246,"date":"2024-02-28T16:36:16","date_gmt":"2024-02-28T16:36:16","guid":{"rendered":"https:\/\/dpress.ma\/fr\/?p=8246"},"modified":"2024-02-28T16:36:17","modified_gmt":"2024-02-28T16:36:17","slug":"signature-de-trois-conventions-de-partenariat-pour-laccompagnement-des-artisans","status":"publish","type":"post","link":"https:\/\/dpress.ma\/fr\/2024\/02\/28\/signature-de-trois-conventions-de-partenariat-pour-laccompagnement-des-artisans\/","title":{"rendered":"Signature de trois conventions de partenariat pour l\u2019accompagnement des artisans"},"content":{"rendered":"\n<p class=\"wp-block-paragraph\">Dpress<\/p>\n\n\n\n<p class=\"wp-block-paragraph\">Le minist\u00e8re du Tourisme, de l\u2019Artisanat, la Maison de l\u2019Artisan, le Groupe Barid Al-Maghrib et l\u2019Organisation mondiale du commerce \u00e9quitable ont proc\u00e9d\u00e9, mercredi \u00e0 Casablanca, \u00e0 la signature de trois conventions de partenariat visant \u00e0 renforcer l\u2019accompagnement des artisans.<\/p>\n\n\n\n<p class=\"wp-block-paragraph\">Ces conventions sign\u00e9es dans le cadre de la Semaine Nationale de l\u2019Artisanat (SNA) ont pour objectif de soutenir la comp\u00e9titivit\u00e9 des acteurs de l\u2019artisanat.<\/p>\n\n\n\n<p class=\"wp-block-paragraph\">Les deux premi\u00e8res conventions ont \u00e9t\u00e9 paraph\u00e9es par la ministre du Tourisme, de l\u2019Artisanat et de l\u2019\u00c9conomie sociale et solidaire, Fatima Zahra Ammor, le directeur g\u00e9n\u00e9ral de la Maison de l\u2019Artisan, Tarik Sadik, et le directeur g\u00e9n\u00e9ral du Groupe Barid Al-Maghrib, Amin Benjelloun Touimi.<\/p>\n\n\n\n<p class=\"wp-block-paragraph\">La premi\u00e8re vise \u00e0 am\u00e9liorer la performance op\u00e9rationnelle des acteurs du secteur de l\u2019artisanat marocain, notamment par la promotion des exportations vers les march\u00e9s internationaux. Elle porte principalement sur la mise en place d\u2019une tarification pr\u00e9f\u00e9rentielle au profit des acteurs de l\u2019artisanat marocain.<\/p>\n\n\n\n<p class=\"wp-block-paragraph\">La deuxi\u00e8me convention concerne, quant \u00e0 elle, l\u2019\u00e9mission d\u2019une s\u00e9rie de timbres-poste, dans le cadre des programmes philat\u00e9liques de Barid Al-Maghrib \u00e0 partir de 2024, dans le but de promouvoir et de mettre en valeur la richesse du patrimoine artisanal marocain et du savoir-faire exceptionnel de ses artisans.<\/p>\n\n\n\n<p class=\"wp-block-paragraph\">Conclue entre le minist\u00e8re du Tourisme, de l\u2019Artisanat et de l\u2019\u00c9conomie sociale et solidaire, la Maison de l\u2019Artisan et l\u2019Organisation Mondiale du Commerce \u00c9quitable, la troisi\u00e8me convention vise \u00e0 faciliter les op\u00e9rations d\u2019exportation des produits artisanaux marocains.<\/p>\n\n\n\n<p class=\"wp-block-paragraph\">La signature de ces conventions de partenariat \u00e9tablit un cadre g\u00e9n\u00e9ral de coop\u00e9ration entre ces institutions et concr\u00e9tise leur volont\u00e9 commune de contribuer au d\u00e9veloppement du secteur de l\u2019artisanat.<\/p>\n","protected":false},"excerpt":{"rendered":"<p>Dpress Le minist\u00e8re du Tourisme, de l\u2019Artisanat, la Maison de l\u2019Artisan, le Groupe Barid Al-Maghrib et l\u2019Organisation mondiale du commerce \u00e9quitable ont proc\u00e9d\u00e9, mercredi \u00e0 Casablanca, \u00e0 la signature de trois conventions de partenariat visant \u00e0 renforcer l\u2019accompagnement des artisans. Ces conventions sign\u00e9es dans le cadre de la Semaine Nationale de l\u2019Artisanat (SNA) ont pour &hellip;<\/p>\n","protected":false},"author":2,"featured_media":7732,"comment_status":"open","ping_status":"open","sticky":false,"template":"","format":"standard","meta":{"footnotes":""},"categories":[25],"tags":[],"class_list":["post-8246","post","type-post","status-publish","format-standard","has-post-thumbnail","hentry","category-economie"],"yoast_head":"<!-- This site is optimized with the Yoast SEO plugin v28.0 - https:\/\/yoast.com\/product\/yoast-seo-wordpress\/ -->\n<title>Signature de trois conventions de partenariat pour l\u2019accompagnement des artisans - Dpress.ma\/fr<\/title>\n<meta name=\"robots\" content=\"index, follow, max-snippet:-1, max-image-preview:large, max-video-preview:-1\" \/>\n<link rel=\"canonical\" href=\"https:\/\/dpress.ma\/fr\/2024\/02\/28\/signature-de-trois-conventions-de-partenariat-pour-laccompagnement-des-artisans\/\" \/>\n<meta property=\"og:locale\" content=\"fr_FR\" \/>\n<meta property=\"og:type\" content=\"article\" \/>\n<meta property=\"og:title\" content=\"Signature de trois conventions de partenariat pour l\u2019accompagnement des artisans - Dpress.ma\/fr\" \/>\n<meta property=\"og:description\" content=\"Dpress Le minist\u00e8re du Tourisme, de l\u2019Artisanat, la Maison de l\u2019Artisan, le Groupe Barid Al-Maghrib et l\u2019Organisation mondiale du commerce \u00e9quitable ont proc\u00e9d\u00e9, mercredi \u00e0 Casablanca, \u00e0 la signature de trois conventions de partenariat visant \u00e0 renforcer l\u2019accompagnement des artisans. Ces conventions sign\u00e9es dans le cadre de la Semaine Nationale de l\u2019Artisanat (SNA) ont pour &hellip;\" \/>\n<meta property=\"og:url\" content=\"https:\/\/dpress.ma\/fr\/2024\/02\/28\/signature-de-trois-conventions-de-partenariat-pour-laccompagnement-des-artisans\/\" \/>\n<meta property=\"og:site_name\" content=\"Dpress.ma\/fr\" \/>\n<meta property=\"article:published_time\" content=\"2024-02-28T16:36:16+00:00\" \/>\n<meta property=\"article:modified_time\" content=\"2024-02-28T16:36:17+00:00\" \/>\n<meta property=\"og:image\" content=\"https:\/\/dpress.ma\/fr\/wp-content\/uploads\/sites\/2\/2024\/01\/dimensions2-85.jpg\" \/>\n\t<meta property=\"og:image:width\" content=\"2539\" \/>\n\t<meta property=\"og:image:height\" content=\"1594\" \/>\n\t<meta property=\"og:image:type\" content=\"image\/jpeg\" \/>\n<meta name=\"author\" content=\"Dpress.ma\" \/>\n<meta name=\"twitter:card\" content=\"summary_large_image\" \/>\n<meta name=\"twitter:label1\" content=\"\u00c9crit par\" \/>\n\t<meta name=\"twitter:data1\" content=\"Dpress.ma\" \/>\n\t<meta name=\"twitter:label2\" content=\"Dur\u00e9e de lecture estim\u00e9e\" \/>\n\t<meta name=\"twitter:data2\" content=\"2 minutes\" \/>\n<script type=\"application\/ld+json\" class=\"yoast-schema-graph\">{\"@context\":\"https:\\\/\\\/schema.org\",\"@graph\":[{\"@type\":\"Article\",\"@id\":\"https:\\\/\\\/dpress.ma\\\/fr\\\/2024\\\/02\\\/28\\\/signature-de-trois-conventions-de-partenariat-pour-laccompagnement-des-artisans\\\/#article\",\"isPartOf\":{\"@id\":\"https:\\\/\\\/dpress.ma\\\/fr\\\/2024\\\/02\\\/28\\\/signature-de-trois-conventions-de-partenariat-pour-laccompagnement-des-artisans\\\/\"},\"author\":{\"name\":\"Dpress.ma\",\"@id\":\"https:\\\/\\\/dpress.ma\\\/fr\\\/#\\\/schema\\\/person\\\/4898febf3ccd59e6578d838656a306a0\"},\"headline\":\"Signature de trois conventions de partenariat pour l\u2019accompagnement des artisans\",\"datePublished\":\"2024-02-28T16:36:16+00:00\",\"dateModified\":\"2024-02-28T16:36:17+00:00\",\"mainEntityOfPage\":{\"@id\":\"https:\\\/\\\/dpress.ma\\\/fr\\\/2024\\\/02\\\/28\\\/signature-de-trois-conventions-de-partenariat-pour-laccompagnement-des-artisans\\\/\"},\"wordCount\":315,\"commentCount\":0,\"image\":{\"@id\":\"https:\\\/\\\/dpress.ma\\\/fr\\\/2024\\\/02\\\/28\\\/signature-de-trois-conventions-de-partenariat-pour-laccompagnement-des-artisans\\\/#primaryimage\"},\"thumbnailUrl\":\"https:\\\/\\\/dpress.ma\\\/fr\\\/wp-content\\\/uploads\\\/sites\\\/2\\\/2024\\\/01\\\/dimensions2-85.jpg\",\"articleSection\":[\"\u00c9conomie\"],\"inLanguage\":\"fr-FR\",\"potentialAction\":[{\"@type\":\"CommentAction\",\"name\":\"Comment\",\"target\":[\"https:\\\/\\\/dpress.ma\\\/fr\\\/2024\\\/02\\\/28\\\/signature-de-trois-conventions-de-partenariat-pour-laccompagnement-des-artisans\\\/#respond\"]}]},{\"@type\":\"WebPage\",\"@id\":\"https:\\\/\\\/dpress.ma\\\/fr\\\/2024\\\/02\\\/28\\\/signature-de-trois-conventions-de-partenariat-pour-laccompagnement-des-artisans\\\/\",\"url\":\"https:\\\/\\\/dpress.ma\\\/fr\\\/2024\\\/02\\\/28\\\/signature-de-trois-conventions-de-partenariat-pour-laccompagnement-des-artisans\\\/\",\"name\":\"Signature de trois conventions de partenariat pour l\u2019accompagnement des artisans - Dpress.ma\\\/fr\",\"isPartOf\":{\"@id\":\"https:\\\/\\\/dpress.ma\\\/fr\\\/#website\"},\"primaryImageOfPage\":{\"@id\":\"https:\\\/\\\/dpress.ma\\\/fr\\\/2024\\\/02\\\/28\\\/signature-de-trois-conventions-de-partenariat-pour-laccompagnement-des-artisans\\\/#primaryimage\"},\"image\":{\"@id\":\"https:\\\/\\\/dpress.ma\\\/fr\\\/2024\\\/02\\\/28\\\/signature-de-trois-conventions-de-partenariat-pour-laccompagnement-des-artisans\\\/#primaryimage\"},\"thumbnailUrl\":\"https:\\\/\\\/dpress.ma\\\/fr\\\/wp-content\\\/uploads\\\/sites\\\/2\\\/2024\\\/01\\\/dimensions2-85.jpg\",\"datePublished\":\"2024-02-28T16:36:16+00:00\",\"dateModified\":\"2024-02-28T16:36:17+00:00\",\"author\":{\"@id\":\"https:\\\/\\\/dpress.ma\\\/fr\\\/#\\\/schema\\\/person\\\/4898febf3ccd59e6578d838656a306a0\"},\"breadcrumb\":{\"@id\":\"https:\\\/\\\/dpress.ma\\\/fr\\\/2024\\\/02\\\/28\\\/signature-de-trois-conventions-de-partenariat-pour-laccompagnement-des-artisans\\\/#breadcrumb\"},\"inLanguage\":\"fr-FR\",\"potentialAction\":[{\"@type\":\"ReadAction\",\"target\":[\"https:\\\/\\\/dpress.ma\\\/fr\\\/2024\\\/02\\\/28\\\/signature-de-trois-conventions-de-partenariat-pour-laccompagnement-des-artisans\\\/\"]}]},{\"@type\":\"ImageObject\",\"inLanguage\":\"fr-FR\",\"@id\":\"https:\\\/\\\/dpress.ma\\\/fr\\\/2024\\\/02\\\/28\\\/signature-de-trois-conventions-de-partenariat-pour-laccompagnement-des-artisans\\\/#primaryimage\",\"url\":\"https:\\\/\\\/dpress.ma\\\/fr\\\/wp-content\\\/uploads\\\/sites\\\/2\\\/2024\\\/01\\\/dimensions2-85.jpg\",\"contentUrl\":\"https:\\\/\\\/dpress.ma\\\/fr\\\/wp-content\\\/uploads\\\/sites\\\/2\\\/2024\\\/01\\\/dimensions2-85.jpg\",\"width\":2539,\"height\":1594},{\"@type\":\"BreadcrumbList\",\"@id\":\"https:\\\/\\\/dpress.ma\\\/fr\\\/2024\\\/02\\\/28\\\/signature-de-trois-conventions-de-partenariat-pour-laccompagnement-des-artisans\\\/#breadcrumb\",\"itemListElement\":[{\"@type\":\"ListItem\",\"position\":1,\"name\":\"Home\",\"item\":\"https:\\\/\\\/dpress.ma\\\/fr\\\/\"},{\"@type\":\"ListItem\",\"position\":2,\"name\":\"Signature de trois conventions de partenariat pour l\u2019accompagnement des artisans\"}]},{\"@type\":\"WebSite\",\"@id\":\"https:\\\/\\\/dpress.ma\\\/fr\\\/#website\",\"url\":\"https:\\\/\\\/dpress.ma\\\/fr\\\/\",\"name\":\"Dpress.ma\\\/fr\",\"description\":\"\",\"potentialAction\":[{\"@type\":\"SearchAction\",\"target\":{\"@type\":\"EntryPoint\",\"urlTemplate\":\"https:\\\/\\\/dpress.ma\\\/fr\\\/?s={search_term_string}\"},\"query-input\":{\"@type\":\"PropertyValueSpecification\",\"valueRequired\":true,\"valueName\":\"search_term_string\"}}],\"inLanguage\":\"fr-FR\"},{\"@type\":\"Person\",\"@id\":\"https:\\\/\\\/dpress.ma\\\/fr\\\/#\\\/schema\\\/person\\\/4898febf3ccd59e6578d838656a306a0\",\"name\":\"Dpress.ma\",\"image\":{\"@type\":\"ImageObject\",\"inLanguage\":\"fr-FR\",\"@id\":\"https:\\\/\\\/secure.gravatar.com\\\/avatar\\\/72ecc30e9db047a2e0e7176561eb9d564ed77c8108376495b19bd8336405198a?s=96&d=mm&r=g\",\"url\":\"https:\\\/\\\/secure.gravatar.com\\\/avatar\\\/72ecc30e9db047a2e0e7176561eb9d564ed77c8108376495b19bd8336405198a?s=96&d=mm&r=g\",\"contentUrl\":\"https:\\\/\\\/secure.gravatar.com\\\/avatar\\\/72ecc30e9db047a2e0e7176561eb9d564ed77c8108376495b19bd8336405198a?s=96&d=mm&r=g\",\"caption\":\"Dpress.ma\"},\"sameAs\":[\"https:\\\/\\\/www.dpress.ma\"],\"url\":\"https:\\\/\\\/dpress.ma\\\/fr\\\/author\\\/dpress-ma\\\/\"}]}<\/script>\n<!-- \/ Yoast SEO plugin. -->","yoast_head_json":{"title":"Signature de trois conventions de partenariat pour l\u2019accompagnement des artisans - Dpress.ma\/fr","robots":{"index":"index","follow":"follow","max-snippet":"max-snippet:-1","max-image-preview":"max-image-preview:large","max-video-preview":"max-video-preview:-1"},"canonical":"https:\/\/dpress.ma\/fr\/2024\/02\/28\/signature-de-trois-conventions-de-partenariat-pour-laccompagnement-des-artisans\/","og_locale":"fr_FR","og_type":"article","og_title":"Signature de trois conventions de partenariat pour l\u2019accompagnement des artisans - Dpress.ma\/fr","og_description":"Dpress Le minist\u00e8re du Tourisme, de l\u2019Artisanat, la Maison de l\u2019Artisan, le Groupe Barid Al-Maghrib et l\u2019Organisation mondiale du commerce \u00e9quitable ont proc\u00e9d\u00e9, mercredi \u00e0 Casablanca, \u00e0 la signature de trois conventions de partenariat visant \u00e0 renforcer l\u2019accompagnement des artisans. Ces conventions sign\u00e9es dans le cadre de la Semaine Nationale de l\u2019Artisanat (SNA) ont pour &hellip;","og_url":"https:\/\/dpress.ma\/fr\/2024\/02\/28\/signature-de-trois-conventions-de-partenariat-pour-laccompagnement-des-artisans\/","og_site_name":"Dpress.ma\/fr","article_published_time":"2024-02-28T16:36:16+00:00","article_modified_time":"2024-02-28T16:36:17+00:00","og_image":[{"width":2539,"height":1594,"url":"https:\/\/dpress.ma\/fr\/wp-content\/uploads\/sites\/2\/2024\/01\/dimensions2-85.jpg","type":"image\/jpeg"}],"author":"Dpress.ma","twitter_card":"summary_large_image","twitter_misc":{"\u00c9crit par":"Dpress.ma","Dur\u00e9e de lecture estim\u00e9e":"2 minutes"},"schema":{"@context":"https:\/\/schema.org","@graph":[{"@type":"Article","@id":"https:\/\/dpress.ma\/fr\/2024\/02\/28\/signature-de-trois-conventions-de-partenariat-pour-laccompagnement-des-artisans\/#article","isPartOf":{"@id":"https:\/\/dpress.ma\/fr\/2024\/02\/28\/signature-de-trois-conventions-de-partenariat-pour-laccompagnement-des-artisans\/"},"author":{"name":"Dpress.ma","@id":"https:\/\/dpress.ma\/fr\/#\/schema\/person\/4898febf3ccd59e6578d838656a306a0"},"headline":"Signature de trois conventions de partenariat pour l\u2019accompagnement des artisans","datePublished":"2024-02-28T16:36:16+00:00","dateModified":"2024-02-28T16:36:17+00:00","mainEntityOfPage":{"@id":"https:\/\/dpress.ma\/fr\/2024\/02\/28\/signature-de-trois-conventions-de-partenariat-pour-laccompagnement-des-artisans\/"},"wordCount":315,"commentCount":0,"image":{"@id":"https:\/\/dpress.ma\/fr\/2024\/02\/28\/signature-de-trois-conventions-de-partenariat-pour-laccompagnement-des-artisans\/#primaryimage"},"thumbnailUrl":"https:\/\/dpress.ma\/fr\/wp-content\/uploads\/sites\/2\/2024\/01\/dimensions2-85.jpg","articleSection":["\u00c9conomie"],"inLanguage":"fr-FR","potentialAction":[{"@type":"CommentAction","name":"Comment","target":["https:\/\/dpress.ma\/fr\/2024\/02\/28\/signature-de-trois-conventions-de-partenariat-pour-laccompagnement-des-artisans\/#respond"]}]},{"@type":"WebPage","@id":"https:\/\/dpress.ma\/fr\/2024\/02\/28\/signature-de-trois-conventions-de-partenariat-pour-laccompagnement-des-artisans\/","url":"https:\/\/dpress.ma\/fr\/2024\/02\/28\/signature-de-trois-conventions-de-partenariat-pour-laccompagnement-des-artisans\/","name":"Signature de trois conventions de partenariat pour l\u2019accompagnement des artisans - Dpress.ma\/fr","isPartOf":{"@id":"https:\/\/dpress.ma\/fr\/#website"},"primaryImageOfPage":{"@id":"https:\/\/dpress.ma\/fr\/2024\/02\/28\/signature-de-trois-conventions-de-partenariat-pour-laccompagnement-des-artisans\/#primaryimage"},"image":{"@id":"https:\/\/dpress.ma\/fr\/2024\/02\/28\/signature-de-trois-conventions-de-partenariat-pour-laccompagnement-des-artisans\/#primaryimage"},"thumbnailUrl":"https:\/\/dpress.ma\/fr\/wp-content\/uploads\/sites\/2\/2024\/01\/dimensions2-85.jpg","datePublished":"2024-02-28T16:36:16+00:00","dateModified":"2024-02-28T16:36:17+00:00","author":{"@id":"https:\/\/dpress.ma\/fr\/#\/schema\/person\/4898febf3ccd59e6578d838656a306a0"},"breadcrumb":{"@id":"https:\/\/dpress.ma\/fr\/2024\/02\/28\/signature-de-trois-conventions-de-partenariat-pour-laccompagnement-des-artisans\/#breadcrumb"},"inLanguage":"fr-FR","potentialAction":[{"@type":"ReadAction","target":["https:\/\/dpress.ma\/fr\/2024\/02\/28\/signature-de-trois-conventions-de-partenariat-pour-laccompagnement-des-artisans\/"]}]},{"@type":"ImageObject","inLanguage":"fr-FR","@id":"https:\/\/dpress.ma\/fr\/2024\/02\/28\/signature-de-trois-conventions-de-partenariat-pour-laccompagnement-des-artisans\/#primaryimage","url":"https:\/\/dpress.ma\/fr\/wp-content\/uploads\/sites\/2\/2024\/01\/dimensions2-85.jpg","contentUrl":"https:\/\/dpress.ma\/fr\/wp-content\/uploads\/sites\/2\/2024\/01\/dimensions2-85.jpg","width":2539,"height":1594},{"@type":"BreadcrumbList","@id":"https:\/\/dpress.ma\/fr\/2024\/02\/28\/signature-de-trois-conventions-de-partenariat-pour-laccompagnement-des-artisans\/#breadcrumb","itemListElement":[{"@type":"ListItem","position":1,"name":"Home","item":"https:\/\/dpress.ma\/fr\/"},{"@type":"ListItem","position":2,"name":"Signature de trois conventions de partenariat pour l\u2019accompagnement des artisans"}]},{"@type":"WebSite","@id":"https:\/\/dpress.ma\/fr\/#website","url":"https:\/\/dpress.ma\/fr\/","name":"Dpress.ma\/fr","description":"","potentialAction":[{"@type":"SearchAction","target":{"@type":"EntryPoint","urlTemplate":"https:\/\/dpress.ma\/fr\/?s={search_term_string}"},"query-input":{"@type":"PropertyValueSpecification","valueRequired":true,"valueName":"search_term_string"}}],"inLanguage":"fr-FR"},{"@type":"Person","@id":"https:\/\/dpress.ma\/fr\/#\/schema\/person\/4898febf3ccd59e6578d838656a306a0","name":"Dpress.ma","image":{"@type":"ImageObject","inLanguage":"fr-FR","@id":"https:\/\/secure.gravatar.com\/avatar\/72ecc30e9db047a2e0e7176561eb9d564ed77c8108376495b19bd8336405198a?s=96&d=mm&r=g","url":"https:\/\/secure.gravatar.com\/avatar\/72ecc30e9db047a2e0e7176561eb9d564ed77c8108376495b19bd8336405198a?s=96&d=mm&r=g","contentUrl":"https:\/\/secure.gravatar.com\/avatar\/72ecc30e9db047a2e0e7176561eb9d564ed77c8108376495b19bd8336405198a?s=96&d=mm&r=g","caption":"Dpress.ma"},"sameAs":["https:\/\/www.dpress.ma"],"url":"https:\/\/dpress.ma\/fr\/author\/dpress-ma\/"}]}},"amp_enabled":true,"_links":{"self":[{"href":"https:\/\/dpress.ma\/fr\/wp-json\/wp\/v2\/posts\/8246","targetHints":{"allow":["GET"]}}],"collection":[{"href":"https:\/\/dpress.ma\/fr\/wp-json\/wp\/v2\/posts"}],"about":[{"href":"https:\/\/dpress.ma\/fr\/wp-json\/wp\/v2\/types\/post"}],"author":[{"embeddable":true,"href":"https:\/\/dpress.ma\/fr\/wp-json\/wp\/v2\/users\/2"}],"replies":[{"embeddable":true,"href":"https:\/\/dpress.ma\/fr\/wp-json\/wp\/v2\/comments?post=8246"}],"version-history":[{"count":1,"href":"https:\/\/dpress.ma\/fr\/wp-json\/wp\/v2\/posts\/8246\/revisions"}],"predecessor-version":[{"id":8247,"href":"https:\/\/dpress.ma\/fr\/wp-json\/wp\/v2\/posts\/8246\/revisions\/8247"}],"wp:featuredmedia":[{"embeddable":true,"href":"https:\/\/dpress.ma\/fr\/wp-json\/wp\/v2\/media\/7732"}],"wp:attachment":[{"href":"https:\/\/dpress.ma\/fr\/wp-json\/wp\/v2\/media?parent=8246"}],"wp:term":[{"taxonomy":"category","embeddable":true,"href":"https:\/\/dpress.ma\/fr\/wp-json\/wp\/v2\/categories?post=8246"},{"taxonomy":"post_tag","embeddable":true,"href":"https:\/\/dpress.ma\/fr\/wp-json\/wp\/v2\/tags?post=8246"}],"curies":[{"name":"wp","href":"https:\/\/api.w.org\/{rel}","templated":true}]}}