{"id":7976,"date":"2024-02-14T13:31:39","date_gmt":"2024-02-14T13:31:39","guid":{"rendered":"https:\/\/dpress.ma\/fr\/?p=7976"},"modified":"2024-02-14T13:31:40","modified_gmt":"2024-02-14T13:31:40","slug":"reunion-jeudi-du-conseil-de-gouvernement-27","status":"publish","type":"post","link":"https:\/\/dpress.ma\/fr\/2024\/02\/14\/reunion-jeudi-du-conseil-de-gouvernement-27\/","title":{"rendered":"R\u00e9union jeudi du Conseil de gouvernement"},"content":{"rendered":"\n<p class=\"wp-block-paragraph\">Dpress<\/p>\n\n\n\n<p class=\"wp-block-paragraph\">Un Conseil de gouvernement se tiendra jeudi sous la pr\u00e9sidence du Chef du gouvernement, Aziz Akhannouch, indique un communiqu\u00e9 du D\u00e9partement du Chef de gouvernement.<\/p>\n\n\n\n<p class=\"wp-block-paragraph\">Selon le communiqu\u00e9, le Conseil examinera sept projets de d\u00e9cret, dont le premier modifiant et compl\u00e9tant le d\u00e9cret relatif \u00e0 l\u2019application de la loi instituant un r\u00e9gime de couverture des cons\u00e9quences d\u2019\u00e9v\u00e8nements catastrophiques, et modifiant et compl\u00e9tant la loi portant code des assurances.<\/p>\n\n\n\n<p class=\"wp-block-paragraph\">Le deuxi\u00e8me projet de d\u00e9cret concerne le statut des fonctionnaires du minist\u00e8re de l\u2019\u00e9ducation nationale, le troisi\u00e8me portant promulgation de diverses mesures relatives aux indemnit\u00e9s allou\u00e9es \u00e0 ces fonctionnaires, alors que le quatri\u00e8me texte modifie le d\u00e9cret portant cr\u00e9ation d\u2019une indemnit\u00e9 compl\u00e9mentaire d\u2019inspection au profit des inspecteurs du minist\u00e8re de l\u2019\u00e9ducation nationale, ajoute la m\u00eame source.<\/p>\n\n\n\n<p class=\"wp-block-paragraph\">S\u2019agissant du cinqui\u00e8me projet de d\u00e9cret, il porte promulgation de mesures provisoires relatives aux cours de soutien p\u00e9dagogique, tandis que le sixi\u00e8me modifie le d\u00e9cret relatif \u00e0 l\u2019application de la loi portant cr\u00e9ation des Acad\u00e9mies r\u00e9gionales d\u2019\u00e9ducation et de formation (AREF).<\/p>\n\n\n\n<p class=\"wp-block-paragraph\">Concernant le dernier projet de d\u00e9cret, il porte sur la supervision de l\u2019organisation de certains examens et concours au niveau du minist\u00e8re de l\u2019\u00e9duction nationale.<\/p>\n\n\n\n<p class=\"wp-block-paragraph\">Le Conseil ach\u00e8vera ses travaux par l\u2019examen de propositions de nomination \u00e0 des fonctions sup\u00e9rieures, conform\u00e9ment aux dispositions de l\u2019article 92 de la Constitution, conclut le communiqu\u00e9.<\/p>\n","protected":false},"excerpt":{"rendered":"<p>Dpress Un Conseil de gouvernement se tiendra jeudi sous la pr\u00e9sidence du Chef du gouvernement, Aziz Akhannouch, indique un communiqu\u00e9 du D\u00e9partement du Chef de gouvernement. Selon le communiqu\u00e9, le Conseil examinera sept projets de d\u00e9cret, dont le premier modifiant et compl\u00e9tant le d\u00e9cret relatif \u00e0 l\u2019application de la loi instituant un r\u00e9gime de couverture &hellip;<\/p>\n","protected":false},"author":2,"featured_media":6699,"comment_status":"open","ping_status":"open","sticky":false,"template":"","format":"standard","meta":{"footnotes":""},"categories":[26],"tags":[],"class_list":["post-7976","post","type-post","status-publish","format-standard","has-post-thumbnail","hentry","category-politiques"],"yoast_head":"<!-- This site is optimized with the Yoast SEO plugin v28.0 - https:\/\/yoast.com\/product\/yoast-seo-wordpress\/ -->\n<title>R\u00e9union jeudi du Conseil de gouvernement - Dpress.ma\/fr<\/title>\n<meta name=\"robots\" content=\"index, follow, max-snippet:-1, max-image-preview:large, max-video-preview:-1\" \/>\n<link rel=\"canonical\" href=\"https:\/\/dpress.ma\/fr\/2024\/02\/14\/reunion-jeudi-du-conseil-de-gouvernement-27\/\" \/>\n<meta property=\"og:locale\" content=\"fr_FR\" \/>\n<meta property=\"og:type\" content=\"article\" \/>\n<meta property=\"og:title\" content=\"R\u00e9union jeudi du Conseil de gouvernement - Dpress.ma\/fr\" \/>\n<meta property=\"og:description\" content=\"Dpress Un Conseil de gouvernement se tiendra jeudi sous la pr\u00e9sidence du Chef du gouvernement, Aziz Akhannouch, indique un communiqu\u00e9 du D\u00e9partement du Chef de gouvernement. Selon le communiqu\u00e9, le Conseil examinera sept projets de d\u00e9cret, dont le premier modifiant et compl\u00e9tant le d\u00e9cret relatif \u00e0 l\u2019application de la loi instituant un r\u00e9gime de couverture &hellip;\" \/>\n<meta property=\"og:url\" content=\"https:\/\/dpress.ma\/fr\/2024\/02\/14\/reunion-jeudi-du-conseil-de-gouvernement-27\/\" \/>\n<meta property=\"og:site_name\" content=\"Dpress.ma\/fr\" \/>\n<meta property=\"article:published_time\" content=\"2024-02-14T13:31:39+00:00\" \/>\n<meta property=\"article:modified_time\" content=\"2024-02-14T13:31:40+00:00\" \/>\n<meta property=\"og:image\" content=\"https:\/\/dpress.ma\/fr\/wp-content\/uploads\/sites\/2\/2023\/11\/dimensions2-71.jpg\" \/>\n\t<meta property=\"og:image:width\" content=\"2539\" \/>\n\t<meta property=\"og:image:height\" content=\"1594\" \/>\n\t<meta property=\"og:image:type\" content=\"image\/jpeg\" \/>\n<meta name=\"author\" content=\"Dpress.ma\" \/>\n<meta name=\"twitter:card\" content=\"summary_large_image\" \/>\n<meta name=\"twitter:label1\" content=\"\u00c9crit par\" \/>\n\t<meta name=\"twitter:data1\" content=\"Dpress.ma\" \/>\n\t<meta name=\"twitter:label2\" content=\"Dur\u00e9e de lecture estim\u00e9e\" \/>\n\t<meta name=\"twitter:data2\" content=\"2 minutes\" \/>\n<script type=\"application\/ld+json\" class=\"yoast-schema-graph\">{\"@context\":\"https:\\\/\\\/schema.org\",\"@graph\":[{\"@type\":\"Article\",\"@id\":\"https:\\\/\\\/dpress.ma\\\/fr\\\/2024\\\/02\\\/14\\\/reunion-jeudi-du-conseil-de-gouvernement-27\\\/#article\",\"isPartOf\":{\"@id\":\"https:\\\/\\\/dpress.ma\\\/fr\\\/2024\\\/02\\\/14\\\/reunion-jeudi-du-conseil-de-gouvernement-27\\\/\"},\"author\":{\"name\":\"Dpress.ma\",\"@id\":\"https:\\\/\\\/dpress.ma\\\/fr\\\/#\\\/schema\\\/person\\\/4898febf3ccd59e6578d838656a306a0\"},\"headline\":\"R\u00e9union jeudi du Conseil de gouvernement\",\"datePublished\":\"2024-02-14T13:31:39+00:00\",\"dateModified\":\"2024-02-14T13:31:40+00:00\",\"mainEntityOfPage\":{\"@id\":\"https:\\\/\\\/dpress.ma\\\/fr\\\/2024\\\/02\\\/14\\\/reunion-jeudi-du-conseil-de-gouvernement-27\\\/\"},\"wordCount\":267,\"commentCount\":0,\"image\":{\"@id\":\"https:\\\/\\\/dpress.ma\\\/fr\\\/2024\\\/02\\\/14\\\/reunion-jeudi-du-conseil-de-gouvernement-27\\\/#primaryimage\"},\"thumbnailUrl\":\"https:\\\/\\\/dpress.ma\\\/fr\\\/wp-content\\\/uploads\\\/sites\\\/2\\\/2023\\\/11\\\/dimensions2-71.jpg\",\"articleSection\":[\"Politiques\"],\"inLanguage\":\"fr-FR\",\"potentialAction\":[{\"@type\":\"CommentAction\",\"name\":\"Comment\",\"target\":[\"https:\\\/\\\/dpress.ma\\\/fr\\\/2024\\\/02\\\/14\\\/reunion-jeudi-du-conseil-de-gouvernement-27\\\/#respond\"]}]},{\"@type\":\"WebPage\",\"@id\":\"https:\\\/\\\/dpress.ma\\\/fr\\\/2024\\\/02\\\/14\\\/reunion-jeudi-du-conseil-de-gouvernement-27\\\/\",\"url\":\"https:\\\/\\\/dpress.ma\\\/fr\\\/2024\\\/02\\\/14\\\/reunion-jeudi-du-conseil-de-gouvernement-27\\\/\",\"name\":\"R\u00e9union jeudi du Conseil de gouvernement - Dpress.ma\\\/fr\",\"isPartOf\":{\"@id\":\"https:\\\/\\\/dpress.ma\\\/fr\\\/#website\"},\"primaryImageOfPage\":{\"@id\":\"https:\\\/\\\/dpress.ma\\\/fr\\\/2024\\\/02\\\/14\\\/reunion-jeudi-du-conseil-de-gouvernement-27\\\/#primaryimage\"},\"image\":{\"@id\":\"https:\\\/\\\/dpress.ma\\\/fr\\\/2024\\\/02\\\/14\\\/reunion-jeudi-du-conseil-de-gouvernement-27\\\/#primaryimage\"},\"thumbnailUrl\":\"https:\\\/\\\/dpress.ma\\\/fr\\\/wp-content\\\/uploads\\\/sites\\\/2\\\/2023\\\/11\\\/dimensions2-71.jpg\",\"datePublished\":\"2024-02-14T13:31:39+00:00\",\"dateModified\":\"2024-02-14T13:31:40+00:00\",\"author\":{\"@id\":\"https:\\\/\\\/dpress.ma\\\/fr\\\/#\\\/schema\\\/person\\\/4898febf3ccd59e6578d838656a306a0\"},\"breadcrumb\":{\"@id\":\"https:\\\/\\\/dpress.ma\\\/fr\\\/2024\\\/02\\\/14\\\/reunion-jeudi-du-conseil-de-gouvernement-27\\\/#breadcrumb\"},\"inLanguage\":\"fr-FR\",\"potentialAction\":[{\"@type\":\"ReadAction\",\"target\":[\"https:\\\/\\\/dpress.ma\\\/fr\\\/2024\\\/02\\\/14\\\/reunion-jeudi-du-conseil-de-gouvernement-27\\\/\"]}]},{\"@type\":\"ImageObject\",\"inLanguage\":\"fr-FR\",\"@id\":\"https:\\\/\\\/dpress.ma\\\/fr\\\/2024\\\/02\\\/14\\\/reunion-jeudi-du-conseil-de-gouvernement-27\\\/#primaryimage\",\"url\":\"https:\\\/\\\/dpress.ma\\\/fr\\\/wp-content\\\/uploads\\\/sites\\\/2\\\/2023\\\/11\\\/dimensions2-71.jpg\",\"contentUrl\":\"https:\\\/\\\/dpress.ma\\\/fr\\\/wp-content\\\/uploads\\\/sites\\\/2\\\/2023\\\/11\\\/dimensions2-71.jpg\",\"width\":2539,\"height\":1594},{\"@type\":\"BreadcrumbList\",\"@id\":\"https:\\\/\\\/dpress.ma\\\/fr\\\/2024\\\/02\\\/14\\\/reunion-jeudi-du-conseil-de-gouvernement-27\\\/#breadcrumb\",\"itemListElement\":[{\"@type\":\"ListItem\",\"position\":1,\"name\":\"Home\",\"item\":\"https:\\\/\\\/dpress.ma\\\/fr\\\/\"},{\"@type\":\"ListItem\",\"position\":2,\"name\":\"R\u00e9union jeudi du Conseil de gouvernement\"}]},{\"@type\":\"WebSite\",\"@id\":\"https:\\\/\\\/dpress.ma\\\/fr\\\/#website\",\"url\":\"https:\\\/\\\/dpress.ma\\\/fr\\\/\",\"name\":\"Dpress.ma\\\/fr\",\"description\":\"\",\"potentialAction\":[{\"@type\":\"SearchAction\",\"target\":{\"@type\":\"EntryPoint\",\"urlTemplate\":\"https:\\\/\\\/dpress.ma\\\/fr\\\/?s={search_term_string}\"},\"query-input\":{\"@type\":\"PropertyValueSpecification\",\"valueRequired\":true,\"valueName\":\"search_term_string\"}}],\"inLanguage\":\"fr-FR\"},{\"@type\":\"Person\",\"@id\":\"https:\\\/\\\/dpress.ma\\\/fr\\\/#\\\/schema\\\/person\\\/4898febf3ccd59e6578d838656a306a0\",\"name\":\"Dpress.ma\",\"image\":{\"@type\":\"ImageObject\",\"inLanguage\":\"fr-FR\",\"@id\":\"https:\\\/\\\/secure.gravatar.com\\\/avatar\\\/72ecc30e9db047a2e0e7176561eb9d564ed77c8108376495b19bd8336405198a?s=96&d=mm&r=g\",\"url\":\"https:\\\/\\\/secure.gravatar.com\\\/avatar\\\/72ecc30e9db047a2e0e7176561eb9d564ed77c8108376495b19bd8336405198a?s=96&d=mm&r=g\",\"contentUrl\":\"https:\\\/\\\/secure.gravatar.com\\\/avatar\\\/72ecc30e9db047a2e0e7176561eb9d564ed77c8108376495b19bd8336405198a?s=96&d=mm&r=g\",\"caption\":\"Dpress.ma\"},\"sameAs\":[\"https:\\\/\\\/www.dpress.ma\"],\"url\":\"https:\\\/\\\/dpress.ma\\\/fr\\\/author\\\/dpress-ma\\\/\"}]}<\/script>\n<!-- \/ Yoast SEO plugin. -->","yoast_head_json":{"title":"R\u00e9union jeudi du Conseil de gouvernement - Dpress.ma\/fr","robots":{"index":"index","follow":"follow","max-snippet":"max-snippet:-1","max-image-preview":"max-image-preview:large","max-video-preview":"max-video-preview:-1"},"canonical":"https:\/\/dpress.ma\/fr\/2024\/02\/14\/reunion-jeudi-du-conseil-de-gouvernement-27\/","og_locale":"fr_FR","og_type":"article","og_title":"R\u00e9union jeudi du Conseil de gouvernement - Dpress.ma\/fr","og_description":"Dpress Un Conseil de gouvernement se tiendra jeudi sous la pr\u00e9sidence du Chef du gouvernement, Aziz Akhannouch, indique un communiqu\u00e9 du D\u00e9partement du Chef de gouvernement. Selon le communiqu\u00e9, le Conseil examinera sept projets de d\u00e9cret, dont le premier modifiant et compl\u00e9tant le d\u00e9cret relatif \u00e0 l\u2019application de la loi instituant un r\u00e9gime de couverture &hellip;","og_url":"https:\/\/dpress.ma\/fr\/2024\/02\/14\/reunion-jeudi-du-conseil-de-gouvernement-27\/","og_site_name":"Dpress.ma\/fr","article_published_time":"2024-02-14T13:31:39+00:00","article_modified_time":"2024-02-14T13:31:40+00:00","og_image":[{"width":2539,"height":1594,"url":"https:\/\/dpress.ma\/fr\/wp-content\/uploads\/sites\/2\/2023\/11\/dimensions2-71.jpg","type":"image\/jpeg"}],"author":"Dpress.ma","twitter_card":"summary_large_image","twitter_misc":{"\u00c9crit par":"Dpress.ma","Dur\u00e9e de lecture estim\u00e9e":"2 minutes"},"schema":{"@context":"https:\/\/schema.org","@graph":[{"@type":"Article","@id":"https:\/\/dpress.ma\/fr\/2024\/02\/14\/reunion-jeudi-du-conseil-de-gouvernement-27\/#article","isPartOf":{"@id":"https:\/\/dpress.ma\/fr\/2024\/02\/14\/reunion-jeudi-du-conseil-de-gouvernement-27\/"},"author":{"name":"Dpress.ma","@id":"https:\/\/dpress.ma\/fr\/#\/schema\/person\/4898febf3ccd59e6578d838656a306a0"},"headline":"R\u00e9union jeudi du Conseil de gouvernement","datePublished":"2024-02-14T13:31:39+00:00","dateModified":"2024-02-14T13:31:40+00:00","mainEntityOfPage":{"@id":"https:\/\/dpress.ma\/fr\/2024\/02\/14\/reunion-jeudi-du-conseil-de-gouvernement-27\/"},"wordCount":267,"commentCount":0,"image":{"@id":"https:\/\/dpress.ma\/fr\/2024\/02\/14\/reunion-jeudi-du-conseil-de-gouvernement-27\/#primaryimage"},"thumbnailUrl":"https:\/\/dpress.ma\/fr\/wp-content\/uploads\/sites\/2\/2023\/11\/dimensions2-71.jpg","articleSection":["Politiques"],"inLanguage":"fr-FR","potentialAction":[{"@type":"CommentAction","name":"Comment","target":["https:\/\/dpress.ma\/fr\/2024\/02\/14\/reunion-jeudi-du-conseil-de-gouvernement-27\/#respond"]}]},{"@type":"WebPage","@id":"https:\/\/dpress.ma\/fr\/2024\/02\/14\/reunion-jeudi-du-conseil-de-gouvernement-27\/","url":"https:\/\/dpress.ma\/fr\/2024\/02\/14\/reunion-jeudi-du-conseil-de-gouvernement-27\/","name":"R\u00e9union jeudi du Conseil de gouvernement - Dpress.ma\/fr","isPartOf":{"@id":"https:\/\/dpress.ma\/fr\/#website"},"primaryImageOfPage":{"@id":"https:\/\/dpress.ma\/fr\/2024\/02\/14\/reunion-jeudi-du-conseil-de-gouvernement-27\/#primaryimage"},"image":{"@id":"https:\/\/dpress.ma\/fr\/2024\/02\/14\/reunion-jeudi-du-conseil-de-gouvernement-27\/#primaryimage"},"thumbnailUrl":"https:\/\/dpress.ma\/fr\/wp-content\/uploads\/sites\/2\/2023\/11\/dimensions2-71.jpg","datePublished":"2024-02-14T13:31:39+00:00","dateModified":"2024-02-14T13:31:40+00:00","author":{"@id":"https:\/\/dpress.ma\/fr\/#\/schema\/person\/4898febf3ccd59e6578d838656a306a0"},"breadcrumb":{"@id":"https:\/\/dpress.ma\/fr\/2024\/02\/14\/reunion-jeudi-du-conseil-de-gouvernement-27\/#breadcrumb"},"inLanguage":"fr-FR","potentialAction":[{"@type":"ReadAction","target":["https:\/\/dpress.ma\/fr\/2024\/02\/14\/reunion-jeudi-du-conseil-de-gouvernement-27\/"]}]},{"@type":"ImageObject","inLanguage":"fr-FR","@id":"https:\/\/dpress.ma\/fr\/2024\/02\/14\/reunion-jeudi-du-conseil-de-gouvernement-27\/#primaryimage","url":"https:\/\/dpress.ma\/fr\/wp-content\/uploads\/sites\/2\/2023\/11\/dimensions2-71.jpg","contentUrl":"https:\/\/dpress.ma\/fr\/wp-content\/uploads\/sites\/2\/2023\/11\/dimensions2-71.jpg","width":2539,"height":1594},{"@type":"BreadcrumbList","@id":"https:\/\/dpress.ma\/fr\/2024\/02\/14\/reunion-jeudi-du-conseil-de-gouvernement-27\/#breadcrumb","itemListElement":[{"@type":"ListItem","position":1,"name":"Home","item":"https:\/\/dpress.ma\/fr\/"},{"@type":"ListItem","position":2,"name":"R\u00e9union jeudi du Conseil de gouvernement"}]},{"@type":"WebSite","@id":"https:\/\/dpress.ma\/fr\/#website","url":"https:\/\/dpress.ma\/fr\/","name":"Dpress.ma\/fr","description":"","potentialAction":[{"@type":"SearchAction","target":{"@type":"EntryPoint","urlTemplate":"https:\/\/dpress.ma\/fr\/?s={search_term_string}"},"query-input":{"@type":"PropertyValueSpecification","valueRequired":true,"valueName":"search_term_string"}}],"inLanguage":"fr-FR"},{"@type":"Person","@id":"https:\/\/dpress.ma\/fr\/#\/schema\/person\/4898febf3ccd59e6578d838656a306a0","name":"Dpress.ma","image":{"@type":"ImageObject","inLanguage":"fr-FR","@id":"https:\/\/secure.gravatar.com\/avatar\/72ecc30e9db047a2e0e7176561eb9d564ed77c8108376495b19bd8336405198a?s=96&d=mm&r=g","url":"https:\/\/secure.gravatar.com\/avatar\/72ecc30e9db047a2e0e7176561eb9d564ed77c8108376495b19bd8336405198a?s=96&d=mm&r=g","contentUrl":"https:\/\/secure.gravatar.com\/avatar\/72ecc30e9db047a2e0e7176561eb9d564ed77c8108376495b19bd8336405198a?s=96&d=mm&r=g","caption":"Dpress.ma"},"sameAs":["https:\/\/www.dpress.ma"],"url":"https:\/\/dpress.ma\/fr\/author\/dpress-ma\/"}]}},"amp_enabled":true,"_links":{"self":[{"href":"https:\/\/dpress.ma\/fr\/wp-json\/wp\/v2\/posts\/7976","targetHints":{"allow":["GET"]}}],"collection":[{"href":"https:\/\/dpress.ma\/fr\/wp-json\/wp\/v2\/posts"}],"about":[{"href":"https:\/\/dpress.ma\/fr\/wp-json\/wp\/v2\/types\/post"}],"author":[{"embeddable":true,"href":"https:\/\/dpress.ma\/fr\/wp-json\/wp\/v2\/users\/2"}],"replies":[{"embeddable":true,"href":"https:\/\/dpress.ma\/fr\/wp-json\/wp\/v2\/comments?post=7976"}],"version-history":[{"count":1,"href":"https:\/\/dpress.ma\/fr\/wp-json\/wp\/v2\/posts\/7976\/revisions"}],"predecessor-version":[{"id":7977,"href":"https:\/\/dpress.ma\/fr\/wp-json\/wp\/v2\/posts\/7976\/revisions\/7977"}],"wp:featuredmedia":[{"embeddable":true,"href":"https:\/\/dpress.ma\/fr\/wp-json\/wp\/v2\/media\/6699"}],"wp:attachment":[{"href":"https:\/\/dpress.ma\/fr\/wp-json\/wp\/v2\/media?parent=7976"}],"wp:term":[{"taxonomy":"category","embeddable":true,"href":"https:\/\/dpress.ma\/fr\/wp-json\/wp\/v2\/categories?post=7976"},{"taxonomy":"post_tag","embeddable":true,"href":"https:\/\/dpress.ma\/fr\/wp-json\/wp\/v2\/tags?post=7976"}],"curies":[{"name":"wp","href":"https:\/\/api.w.org\/{rel}","templated":true}]}}