{"id":7973,"date":"2024-02-14T10:36:16","date_gmt":"2024-02-14T10:36:16","guid":{"rendered":"https:\/\/dpress.ma\/fr\/?p=7973"},"modified":"2024-02-14T10:36:17","modified_gmt":"2024-02-14T10:36:17","slug":"m-talbi-el-alami-sentretient-avec-une-delegation-du-conseil-de-la-choura-du-qatar","status":"publish","type":"post","link":"https:\/\/dpress.ma\/fr\/2024\/02\/14\/m-talbi-el-alami-sentretient-avec-une-delegation-du-conseil-de-la-choura-du-qatar\/","title":{"rendered":"M. Talbi El Alami s\u2019entretient avec une d\u00e9l\u00e9gation du Conseil de la Choura du Qatar"},"content":{"rendered":"\n<p class=\"wp-block-paragraph\">Dpress<\/p>\n\n\n\n<p class=\"wp-block-paragraph\">Le renforcement de la coop\u00e9ration parlementaire a \u00e9t\u00e9 au centre d\u2019entretiens, mardi \u00e0 Rabat, entre le pr\u00e9sident de la Chambre des repr\u00e9sentants, Rachid Talbi El Alami et une d\u00e9l\u00e9gation du Conseil de la Choura de l\u2019\u00c9tat du Qatar, conduite par la vice-pr\u00e9sidente du Conseil, Hamda bint Hassan Al-Sulaiti.<\/p>\n\n\n\n<p class=\"wp-block-paragraph\">Dans un communiqu\u00e9, la Chambre des repr\u00e9sentants indique que ces entretiens, auxquels a notamment pris part la pr\u00e9sidente du groupe d\u2019amiti\u00e9 parlementaire Maroc-Qatar, Najwa Koukouss, ont \u00e9t\u00e9 l\u2019occasion de souligner les relations historiques entre le Royaume du Maroc et l\u2019\u00c9tat du Qatar, ainsi que les liens de fraternit\u00e9 unissant les deux Chefs d\u2019Etat.<\/p>\n\n\n\n<p class=\"wp-block-paragraph\">Les discussions ont \u00e9galement port\u00e9 sur les relations parlementaires solides et l\u2019importance de les renforcer davantage par l\u2019\u00e9change d\u2019exp\u00e9riences, d\u2019expertises et de visites de travail, ainsi qu\u2019\u00e0 travers la dynamisation du groupe d\u2019amiti\u00e9 parlementaire et la coordination parlementaire r\u00e9gionale et internationale.<\/p>\n\n\n\n<p class=\"wp-block-paragraph\">Ces entretiens interviennent dans le cadre de la visite de travail qu\u2019effectue la d\u00e9l\u00e9gation du Conseil de la Choura du Qatar au Maroc, qui comprend \u00e9galement Essa bin Arar Al-Rumaihi, membre du Conseil.<\/p>\n","protected":false},"excerpt":{"rendered":"<p>Dpress Le renforcement de la coop\u00e9ration parlementaire a \u00e9t\u00e9 au centre d\u2019entretiens, mardi \u00e0 Rabat, entre le pr\u00e9sident de la Chambre des repr\u00e9sentants, Rachid Talbi El Alami et une d\u00e9l\u00e9gation du Conseil de la Choura de l\u2019\u00c9tat du Qatar, conduite par la vice-pr\u00e9sidente du Conseil, Hamda bint Hassan Al-Sulaiti. Dans un communiqu\u00e9, la Chambre des &hellip;<\/p>\n","protected":false},"author":2,"featured_media":7974,"comment_status":"open","ping_status":"open","sticky":false,"template":"","format":"standard","meta":{"footnotes":""},"categories":[26],"tags":[],"class_list":["post-7973","post","type-post","status-publish","format-standard","has-post-thumbnail","hentry","category-politiques"],"yoast_head":"<!-- This site is optimized with the Yoast SEO plugin v28.0 - https:\/\/yoast.com\/product\/yoast-seo-wordpress\/ -->\n<title>M. Talbi El Alami s\u2019entretient avec une d\u00e9l\u00e9gation du Conseil de la Choura du Qatar - Dpress.ma\/fr<\/title>\n<meta name=\"robots\" content=\"index, follow, max-snippet:-1, max-image-preview:large, max-video-preview:-1\" \/>\n<link rel=\"canonical\" href=\"https:\/\/dpress.ma\/fr\/2024\/02\/14\/m-talbi-el-alami-sentretient-avec-une-delegation-du-conseil-de-la-choura-du-qatar\/\" \/>\n<meta property=\"og:locale\" content=\"fr_FR\" \/>\n<meta property=\"og:type\" content=\"article\" \/>\n<meta property=\"og:title\" content=\"M. Talbi El Alami s\u2019entretient avec une d\u00e9l\u00e9gation du Conseil de la Choura du Qatar - Dpress.ma\/fr\" \/>\n<meta property=\"og:description\" content=\"Dpress Le renforcement de la coop\u00e9ration parlementaire a \u00e9t\u00e9 au centre d\u2019entretiens, mardi \u00e0 Rabat, entre le pr\u00e9sident de la Chambre des repr\u00e9sentants, Rachid Talbi El Alami et une d\u00e9l\u00e9gation du Conseil de la Choura de l\u2019\u00c9tat du Qatar, conduite par la vice-pr\u00e9sidente du Conseil, Hamda bint Hassan Al-Sulaiti. Dans un communiqu\u00e9, la Chambre des &hellip;\" \/>\n<meta property=\"og:url\" content=\"https:\/\/dpress.ma\/fr\/2024\/02\/14\/m-talbi-el-alami-sentretient-avec-une-delegation-du-conseil-de-la-choura-du-qatar\/\" \/>\n<meta property=\"og:site_name\" content=\"Dpress.ma\/fr\" \/>\n<meta property=\"article:published_time\" content=\"2024-02-14T10:36:16+00:00\" \/>\n<meta property=\"article:modified_time\" content=\"2024-02-14T10:36:17+00:00\" \/>\n<meta property=\"og:image\" content=\"https:\/\/dpress.ma\/fr\/wp-content\/uploads\/sites\/2\/2024\/02\/dimensions2-35.jpg\" \/>\n\t<meta property=\"og:image:width\" content=\"2539\" \/>\n\t<meta property=\"og:image:height\" content=\"1594\" \/>\n\t<meta property=\"og:image:type\" content=\"image\/jpeg\" \/>\n<meta name=\"author\" content=\"Dpress.ma\" \/>\n<meta name=\"twitter:card\" content=\"summary_large_image\" \/>\n<meta name=\"twitter:label1\" content=\"\u00c9crit par\" \/>\n\t<meta name=\"twitter:data1\" content=\"Dpress.ma\" \/>\n\t<meta name=\"twitter:label2\" content=\"Dur\u00e9e de lecture estim\u00e9e\" \/>\n\t<meta name=\"twitter:data2\" content=\"2 minutes\" \/>\n<script type=\"application\/ld+json\" class=\"yoast-schema-graph\">{\"@context\":\"https:\\\/\\\/schema.org\",\"@graph\":[{\"@type\":\"Article\",\"@id\":\"https:\\\/\\\/dpress.ma\\\/fr\\\/2024\\\/02\\\/14\\\/m-talbi-el-alami-sentretient-avec-une-delegation-du-conseil-de-la-choura-du-qatar\\\/#article\",\"isPartOf\":{\"@id\":\"https:\\\/\\\/dpress.ma\\\/fr\\\/2024\\\/02\\\/14\\\/m-talbi-el-alami-sentretient-avec-une-delegation-du-conseil-de-la-choura-du-qatar\\\/\"},\"author\":{\"name\":\"Dpress.ma\",\"@id\":\"https:\\\/\\\/dpress.ma\\\/fr\\\/#\\\/schema\\\/person\\\/4898febf3ccd59e6578d838656a306a0\"},\"headline\":\"M. Talbi El Alami s\u2019entretient avec une d\u00e9l\u00e9gation du Conseil de la Choura du Qatar\",\"datePublished\":\"2024-02-14T10:36:16+00:00\",\"dateModified\":\"2024-02-14T10:36:17+00:00\",\"mainEntityOfPage\":{\"@id\":\"https:\\\/\\\/dpress.ma\\\/fr\\\/2024\\\/02\\\/14\\\/m-talbi-el-alami-sentretient-avec-une-delegation-du-conseil-de-la-choura-du-qatar\\\/\"},\"wordCount\":217,\"commentCount\":0,\"image\":{\"@id\":\"https:\\\/\\\/dpress.ma\\\/fr\\\/2024\\\/02\\\/14\\\/m-talbi-el-alami-sentretient-avec-une-delegation-du-conseil-de-la-choura-du-qatar\\\/#primaryimage\"},\"thumbnailUrl\":\"https:\\\/\\\/dpress.ma\\\/fr\\\/wp-content\\\/uploads\\\/sites\\\/2\\\/2024\\\/02\\\/dimensions2-35.jpg\",\"articleSection\":[\"Politiques\"],\"inLanguage\":\"fr-FR\",\"potentialAction\":[{\"@type\":\"CommentAction\",\"name\":\"Comment\",\"target\":[\"https:\\\/\\\/dpress.ma\\\/fr\\\/2024\\\/02\\\/14\\\/m-talbi-el-alami-sentretient-avec-une-delegation-du-conseil-de-la-choura-du-qatar\\\/#respond\"]}]},{\"@type\":\"WebPage\",\"@id\":\"https:\\\/\\\/dpress.ma\\\/fr\\\/2024\\\/02\\\/14\\\/m-talbi-el-alami-sentretient-avec-une-delegation-du-conseil-de-la-choura-du-qatar\\\/\",\"url\":\"https:\\\/\\\/dpress.ma\\\/fr\\\/2024\\\/02\\\/14\\\/m-talbi-el-alami-sentretient-avec-une-delegation-du-conseil-de-la-choura-du-qatar\\\/\",\"name\":\"M. Talbi El Alami s\u2019entretient avec une d\u00e9l\u00e9gation du Conseil de la Choura du Qatar - Dpress.ma\\\/fr\",\"isPartOf\":{\"@id\":\"https:\\\/\\\/dpress.ma\\\/fr\\\/#website\"},\"primaryImageOfPage\":{\"@id\":\"https:\\\/\\\/dpress.ma\\\/fr\\\/2024\\\/02\\\/14\\\/m-talbi-el-alami-sentretient-avec-une-delegation-du-conseil-de-la-choura-du-qatar\\\/#primaryimage\"},\"image\":{\"@id\":\"https:\\\/\\\/dpress.ma\\\/fr\\\/2024\\\/02\\\/14\\\/m-talbi-el-alami-sentretient-avec-une-delegation-du-conseil-de-la-choura-du-qatar\\\/#primaryimage\"},\"thumbnailUrl\":\"https:\\\/\\\/dpress.ma\\\/fr\\\/wp-content\\\/uploads\\\/sites\\\/2\\\/2024\\\/02\\\/dimensions2-35.jpg\",\"datePublished\":\"2024-02-14T10:36:16+00:00\",\"dateModified\":\"2024-02-14T10:36:17+00:00\",\"author\":{\"@id\":\"https:\\\/\\\/dpress.ma\\\/fr\\\/#\\\/schema\\\/person\\\/4898febf3ccd59e6578d838656a306a0\"},\"breadcrumb\":{\"@id\":\"https:\\\/\\\/dpress.ma\\\/fr\\\/2024\\\/02\\\/14\\\/m-talbi-el-alami-sentretient-avec-une-delegation-du-conseil-de-la-choura-du-qatar\\\/#breadcrumb\"},\"inLanguage\":\"fr-FR\",\"potentialAction\":[{\"@type\":\"ReadAction\",\"target\":[\"https:\\\/\\\/dpress.ma\\\/fr\\\/2024\\\/02\\\/14\\\/m-talbi-el-alami-sentretient-avec-une-delegation-du-conseil-de-la-choura-du-qatar\\\/\"]}]},{\"@type\":\"ImageObject\",\"inLanguage\":\"fr-FR\",\"@id\":\"https:\\\/\\\/dpress.ma\\\/fr\\\/2024\\\/02\\\/14\\\/m-talbi-el-alami-sentretient-avec-une-delegation-du-conseil-de-la-choura-du-qatar\\\/#primaryimage\",\"url\":\"https:\\\/\\\/dpress.ma\\\/fr\\\/wp-content\\\/uploads\\\/sites\\\/2\\\/2024\\\/02\\\/dimensions2-35.jpg\",\"contentUrl\":\"https:\\\/\\\/dpress.ma\\\/fr\\\/wp-content\\\/uploads\\\/sites\\\/2\\\/2024\\\/02\\\/dimensions2-35.jpg\",\"width\":2539,\"height\":1594},{\"@type\":\"BreadcrumbList\",\"@id\":\"https:\\\/\\\/dpress.ma\\\/fr\\\/2024\\\/02\\\/14\\\/m-talbi-el-alami-sentretient-avec-une-delegation-du-conseil-de-la-choura-du-qatar\\\/#breadcrumb\",\"itemListElement\":[{\"@type\":\"ListItem\",\"position\":1,\"name\":\"Home\",\"item\":\"https:\\\/\\\/dpress.ma\\\/fr\\\/\"},{\"@type\":\"ListItem\",\"position\":2,\"name\":\"M. Talbi El Alami s\u2019entretient avec une d\u00e9l\u00e9gation du Conseil de la Choura du Qatar\"}]},{\"@type\":\"WebSite\",\"@id\":\"https:\\\/\\\/dpress.ma\\\/fr\\\/#website\",\"url\":\"https:\\\/\\\/dpress.ma\\\/fr\\\/\",\"name\":\"Dpress.ma\\\/fr\",\"description\":\"\",\"potentialAction\":[{\"@type\":\"SearchAction\",\"target\":{\"@type\":\"EntryPoint\",\"urlTemplate\":\"https:\\\/\\\/dpress.ma\\\/fr\\\/?s={search_term_string}\"},\"query-input\":{\"@type\":\"PropertyValueSpecification\",\"valueRequired\":true,\"valueName\":\"search_term_string\"}}],\"inLanguage\":\"fr-FR\"},{\"@type\":\"Person\",\"@id\":\"https:\\\/\\\/dpress.ma\\\/fr\\\/#\\\/schema\\\/person\\\/4898febf3ccd59e6578d838656a306a0\",\"name\":\"Dpress.ma\",\"image\":{\"@type\":\"ImageObject\",\"inLanguage\":\"fr-FR\",\"@id\":\"https:\\\/\\\/secure.gravatar.com\\\/avatar\\\/72ecc30e9db047a2e0e7176561eb9d564ed77c8108376495b19bd8336405198a?s=96&d=mm&r=g\",\"url\":\"https:\\\/\\\/secure.gravatar.com\\\/avatar\\\/72ecc30e9db047a2e0e7176561eb9d564ed77c8108376495b19bd8336405198a?s=96&d=mm&r=g\",\"contentUrl\":\"https:\\\/\\\/secure.gravatar.com\\\/avatar\\\/72ecc30e9db047a2e0e7176561eb9d564ed77c8108376495b19bd8336405198a?s=96&d=mm&r=g\",\"caption\":\"Dpress.ma\"},\"sameAs\":[\"https:\\\/\\\/www.dpress.ma\"],\"url\":\"https:\\\/\\\/dpress.ma\\\/fr\\\/author\\\/dpress-ma\\\/\"}]}<\/script>\n<!-- \/ Yoast SEO plugin. -->","yoast_head_json":{"title":"M. Talbi El Alami s\u2019entretient avec une d\u00e9l\u00e9gation du Conseil de la Choura du Qatar - Dpress.ma\/fr","robots":{"index":"index","follow":"follow","max-snippet":"max-snippet:-1","max-image-preview":"max-image-preview:large","max-video-preview":"max-video-preview:-1"},"canonical":"https:\/\/dpress.ma\/fr\/2024\/02\/14\/m-talbi-el-alami-sentretient-avec-une-delegation-du-conseil-de-la-choura-du-qatar\/","og_locale":"fr_FR","og_type":"article","og_title":"M. Talbi El Alami s\u2019entretient avec une d\u00e9l\u00e9gation du Conseil de la Choura du Qatar - Dpress.ma\/fr","og_description":"Dpress Le renforcement de la coop\u00e9ration parlementaire a \u00e9t\u00e9 au centre d\u2019entretiens, mardi \u00e0 Rabat, entre le pr\u00e9sident de la Chambre des repr\u00e9sentants, Rachid Talbi El Alami et une d\u00e9l\u00e9gation du Conseil de la Choura de l\u2019\u00c9tat du Qatar, conduite par la vice-pr\u00e9sidente du Conseil, Hamda bint Hassan Al-Sulaiti. Dans un communiqu\u00e9, la Chambre des &hellip;","og_url":"https:\/\/dpress.ma\/fr\/2024\/02\/14\/m-talbi-el-alami-sentretient-avec-une-delegation-du-conseil-de-la-choura-du-qatar\/","og_site_name":"Dpress.ma\/fr","article_published_time":"2024-02-14T10:36:16+00:00","article_modified_time":"2024-02-14T10:36:17+00:00","og_image":[{"width":2539,"height":1594,"url":"https:\/\/dpress.ma\/fr\/wp-content\/uploads\/sites\/2\/2024\/02\/dimensions2-35.jpg","type":"image\/jpeg"}],"author":"Dpress.ma","twitter_card":"summary_large_image","twitter_misc":{"\u00c9crit par":"Dpress.ma","Dur\u00e9e de lecture estim\u00e9e":"2 minutes"},"schema":{"@context":"https:\/\/schema.org","@graph":[{"@type":"Article","@id":"https:\/\/dpress.ma\/fr\/2024\/02\/14\/m-talbi-el-alami-sentretient-avec-une-delegation-du-conseil-de-la-choura-du-qatar\/#article","isPartOf":{"@id":"https:\/\/dpress.ma\/fr\/2024\/02\/14\/m-talbi-el-alami-sentretient-avec-une-delegation-du-conseil-de-la-choura-du-qatar\/"},"author":{"name":"Dpress.ma","@id":"https:\/\/dpress.ma\/fr\/#\/schema\/person\/4898febf3ccd59e6578d838656a306a0"},"headline":"M. Talbi El Alami s\u2019entretient avec une d\u00e9l\u00e9gation du Conseil de la Choura du Qatar","datePublished":"2024-02-14T10:36:16+00:00","dateModified":"2024-02-14T10:36:17+00:00","mainEntityOfPage":{"@id":"https:\/\/dpress.ma\/fr\/2024\/02\/14\/m-talbi-el-alami-sentretient-avec-une-delegation-du-conseil-de-la-choura-du-qatar\/"},"wordCount":217,"commentCount":0,"image":{"@id":"https:\/\/dpress.ma\/fr\/2024\/02\/14\/m-talbi-el-alami-sentretient-avec-une-delegation-du-conseil-de-la-choura-du-qatar\/#primaryimage"},"thumbnailUrl":"https:\/\/dpress.ma\/fr\/wp-content\/uploads\/sites\/2\/2024\/02\/dimensions2-35.jpg","articleSection":["Politiques"],"inLanguage":"fr-FR","potentialAction":[{"@type":"CommentAction","name":"Comment","target":["https:\/\/dpress.ma\/fr\/2024\/02\/14\/m-talbi-el-alami-sentretient-avec-une-delegation-du-conseil-de-la-choura-du-qatar\/#respond"]}]},{"@type":"WebPage","@id":"https:\/\/dpress.ma\/fr\/2024\/02\/14\/m-talbi-el-alami-sentretient-avec-une-delegation-du-conseil-de-la-choura-du-qatar\/","url":"https:\/\/dpress.ma\/fr\/2024\/02\/14\/m-talbi-el-alami-sentretient-avec-une-delegation-du-conseil-de-la-choura-du-qatar\/","name":"M. Talbi El Alami s\u2019entretient avec une d\u00e9l\u00e9gation du Conseil de la Choura du Qatar - Dpress.ma\/fr","isPartOf":{"@id":"https:\/\/dpress.ma\/fr\/#website"},"primaryImageOfPage":{"@id":"https:\/\/dpress.ma\/fr\/2024\/02\/14\/m-talbi-el-alami-sentretient-avec-une-delegation-du-conseil-de-la-choura-du-qatar\/#primaryimage"},"image":{"@id":"https:\/\/dpress.ma\/fr\/2024\/02\/14\/m-talbi-el-alami-sentretient-avec-une-delegation-du-conseil-de-la-choura-du-qatar\/#primaryimage"},"thumbnailUrl":"https:\/\/dpress.ma\/fr\/wp-content\/uploads\/sites\/2\/2024\/02\/dimensions2-35.jpg","datePublished":"2024-02-14T10:36:16+00:00","dateModified":"2024-02-14T10:36:17+00:00","author":{"@id":"https:\/\/dpress.ma\/fr\/#\/schema\/person\/4898febf3ccd59e6578d838656a306a0"},"breadcrumb":{"@id":"https:\/\/dpress.ma\/fr\/2024\/02\/14\/m-talbi-el-alami-sentretient-avec-une-delegation-du-conseil-de-la-choura-du-qatar\/#breadcrumb"},"inLanguage":"fr-FR","potentialAction":[{"@type":"ReadAction","target":["https:\/\/dpress.ma\/fr\/2024\/02\/14\/m-talbi-el-alami-sentretient-avec-une-delegation-du-conseil-de-la-choura-du-qatar\/"]}]},{"@type":"ImageObject","inLanguage":"fr-FR","@id":"https:\/\/dpress.ma\/fr\/2024\/02\/14\/m-talbi-el-alami-sentretient-avec-une-delegation-du-conseil-de-la-choura-du-qatar\/#primaryimage","url":"https:\/\/dpress.ma\/fr\/wp-content\/uploads\/sites\/2\/2024\/02\/dimensions2-35.jpg","contentUrl":"https:\/\/dpress.ma\/fr\/wp-content\/uploads\/sites\/2\/2024\/02\/dimensions2-35.jpg","width":2539,"height":1594},{"@type":"BreadcrumbList","@id":"https:\/\/dpress.ma\/fr\/2024\/02\/14\/m-talbi-el-alami-sentretient-avec-une-delegation-du-conseil-de-la-choura-du-qatar\/#breadcrumb","itemListElement":[{"@type":"ListItem","position":1,"name":"Home","item":"https:\/\/dpress.ma\/fr\/"},{"@type":"ListItem","position":2,"name":"M. Talbi El Alami s\u2019entretient avec une d\u00e9l\u00e9gation du Conseil de la Choura du Qatar"}]},{"@type":"WebSite","@id":"https:\/\/dpress.ma\/fr\/#website","url":"https:\/\/dpress.ma\/fr\/","name":"Dpress.ma\/fr","description":"","potentialAction":[{"@type":"SearchAction","target":{"@type":"EntryPoint","urlTemplate":"https:\/\/dpress.ma\/fr\/?s={search_term_string}"},"query-input":{"@type":"PropertyValueSpecification","valueRequired":true,"valueName":"search_term_string"}}],"inLanguage":"fr-FR"},{"@type":"Person","@id":"https:\/\/dpress.ma\/fr\/#\/schema\/person\/4898febf3ccd59e6578d838656a306a0","name":"Dpress.ma","image":{"@type":"ImageObject","inLanguage":"fr-FR","@id":"https:\/\/secure.gravatar.com\/avatar\/72ecc30e9db047a2e0e7176561eb9d564ed77c8108376495b19bd8336405198a?s=96&d=mm&r=g","url":"https:\/\/secure.gravatar.com\/avatar\/72ecc30e9db047a2e0e7176561eb9d564ed77c8108376495b19bd8336405198a?s=96&d=mm&r=g","contentUrl":"https:\/\/secure.gravatar.com\/avatar\/72ecc30e9db047a2e0e7176561eb9d564ed77c8108376495b19bd8336405198a?s=96&d=mm&r=g","caption":"Dpress.ma"},"sameAs":["https:\/\/www.dpress.ma"],"url":"https:\/\/dpress.ma\/fr\/author\/dpress-ma\/"}]}},"amp_enabled":true,"_links":{"self":[{"href":"https:\/\/dpress.ma\/fr\/wp-json\/wp\/v2\/posts\/7973","targetHints":{"allow":["GET"]}}],"collection":[{"href":"https:\/\/dpress.ma\/fr\/wp-json\/wp\/v2\/posts"}],"about":[{"href":"https:\/\/dpress.ma\/fr\/wp-json\/wp\/v2\/types\/post"}],"author":[{"embeddable":true,"href":"https:\/\/dpress.ma\/fr\/wp-json\/wp\/v2\/users\/2"}],"replies":[{"embeddable":true,"href":"https:\/\/dpress.ma\/fr\/wp-json\/wp\/v2\/comments?post=7973"}],"version-history":[{"count":1,"href":"https:\/\/dpress.ma\/fr\/wp-json\/wp\/v2\/posts\/7973\/revisions"}],"predecessor-version":[{"id":7975,"href":"https:\/\/dpress.ma\/fr\/wp-json\/wp\/v2\/posts\/7973\/revisions\/7975"}],"wp:featuredmedia":[{"embeddable":true,"href":"https:\/\/dpress.ma\/fr\/wp-json\/wp\/v2\/media\/7974"}],"wp:attachment":[{"href":"https:\/\/dpress.ma\/fr\/wp-json\/wp\/v2\/media?parent=7973"}],"wp:term":[{"taxonomy":"category","embeddable":true,"href":"https:\/\/dpress.ma\/fr\/wp-json\/wp\/v2\/categories?post=7973"},{"taxonomy":"post_tag","embeddable":true,"href":"https:\/\/dpress.ma\/fr\/wp-json\/wp\/v2\/tags?post=7973"}],"curies":[{"name":"wp","href":"https:\/\/api.w.org\/{rel}","templated":true}]}}