{"id":7959,"date":"2024-02-14T09:36:58","date_gmt":"2024-02-14T09:36:58","guid":{"rendered":"https:\/\/dpress.ma\/fr\/?p=7959"},"modified":"2024-02-14T09:36:59","modified_gmt":"2024-02-14T09:36:59","slug":"fromageries-bel-maroc-inaugure-une-unite-de-production-denergie-verte-a-tanger","status":"publish","type":"post","link":"https:\/\/dpress.ma\/fr\/2024\/02\/14\/fromageries-bel-maroc-inaugure-une-unite-de-production-denergie-verte-a-tanger\/","title":{"rendered":"Fromageries Bel Maroc inaugure une unit\u00e9 de production d\u2019\u00e9nergie verte \u00e0 Tanger"},"content":{"rendered":"\n<p class=\"wp-block-paragraph\">Dpress<\/p>\n\n\n\n<p class=\"wp-block-paragraph\">Le Groupe Fromageries Bel Maroc a inaugur\u00e9, mardi, sa nouvelle unit\u00e9 de production \u00e9nerg\u00e9tique, bas\u00e9e sur la technologie de chaudi\u00e8re \u00e0 biomasse, au sein de son usine de Tanger.<\/p>\n\n\n\n<p class=\"wp-block-paragraph\">Dot\u00e9e d\u2019un investissement de 30 millions de dirhams, cette installation pionni\u00e8re de 3 tonnes\/h de puissance permettra de remplacer l\u2019utilisation de 9.241 MWh PCI de fioul, ce qui correspond \u00e0 80% de la consommation actuelle du site de Tanger, pour produire de la vapeur. Tout en s\u2019inscrivant en droite ligne des ambitions du Maroc en mati\u00e8re de transition \u00e9nerg\u00e9tique, l\u2019usine de Tanger devient ainsi la premi\u00e8re unit\u00e9 internationale du Groupe Bel \u00e0 d\u00e9ployer la strat\u00e9gie de d\u00e9carbonation du Groupe, visant la neutralit\u00e9 carbone de toutes ses usines d\u2019ici 2025.<\/p>\n\n\n\n<p class=\"wp-block-paragraph\">La c\u00e9r\u00e9monie d\u2019inauguration de cette installation, pr\u00e9sid\u00e9e par le ministre de l\u2019Industrie et du commerce, Ryad Mezzour, et le pr\u00e9sident du Groupe Bel, Antoine Fi\u00e9vet, en pr\u00e9sence du pr\u00e9sident du conseil de la r\u00e9gion Tanger-T\u00e9touan-Al Hoceima, de l\u2019ambassadeur de France au Maroc, de la directrice g\u00e9n\u00e9rale du Groupe Bel, du pr\u00e9sident du conseil d\u2019administration de Fromageries Bel Maroc, et de plusieurs responsables du Groupe, ainsi que nombreuses personnalit\u00e9s et partenaires de l\u2019\u00e9cosyst\u00e8me de l\u2019entreprise.<\/p>\n\n\n\n<p class=\"wp-block-paragraph\">S\u2019exprimant \u00e0 cette occasion, le ministre a soulign\u00e9 que l\u2019inauguration de cette chaudi\u00e8re \u00e0 biomasse est en phase avec l\u2019engagement et les ambitions du Maroc en mati\u00e8re de transition \u00e9nerg\u00e9tique, notant qu\u2019elle rev\u00eat une importance particuli\u00e8re, puisqu\u2019elle est li\u00e9e \u00e0 une entreprise qui fabrique un produit pr\u00e9sent \u00e0 la table des familles marocaines depuis plus de 50 ans. \u00ab&nbsp;L\u2019inauguration de cette installation s\u2019inscrit \u00e9galement en droite ligne avec les Hautes orientations royales visant \u00e0 encourager la production d\u00e9carbon\u00e9e, qui posent les jalons d\u2019une nouvelle \u00e8re industrielle au Maroc&nbsp;\u00bb, a not\u00e9 M. Mezzour dans une d\u00e9claration \u00e0 la presse, ajoutant:&nbsp;\u00bbil ne s\u2019agit pas seulement d\u2019une n\u00e9cessit\u00e9 internationale, mais plut\u00f4t d\u2019une orientation purement marocaine visant \u00e0 permettre aux Marocains de consommer des produits neutres en carbone&nbsp;\u00bb.<\/p>\n\n\n\n<p class=\"wp-block-paragraph\">Le ministre a, \u00e0 cet \u00e9gard, fait savoir que cette chaudi\u00e8re \u00e0 biomasse, un proc\u00e9d\u00e9 innovant bas\u00e9 sur des combustibles renouvelables, permettra d\u2019assurer 80% de la consommation actuelle du site de Tanger d\u00e9di\u00e9e \u00e0 la production de vapeur, gr\u00e2ce \u00e0 l\u2019utilisation des grignons d\u2019olives, soulignant, dans ce sens, que 100% de l\u2019\u00e9lectricit\u00e9 utilis\u00e9e sur ce site est issue de sources renouvelables.<\/p>\n\n\n\n<p class=\"wp-block-paragraph\">Pour sa part, M. Fi\u00e9vet a salu\u00e9 l\u2019engagement sans faille des \u00e9quipes de Fromageries Bel Maroc au service du d\u00e9veloppement du groupe et ses filiales \u00e0 travers le monde, qui incarne parfaitement la mission du groupe visant \u00e0 offrir une alimentation plus saine et responsable pour tous, notant qu\u2019il s\u2019agit d&rsquo;&nbsp;\u00bbune particularit\u00e9 typiquement marocaine, puisque cet \u00e9tat d\u2019esprit n\u2019existe pas dans les autres filiales du groupe&nbsp;\u00bb. \u00ab&nbsp;Lorsque le Groupe installe une usine au Canada, ce sont les \u00e9quipes venues du Maroc qui vont s\u2019y installer et partager leur savoir faire et assurer la r\u00e9ussite du lancement de l\u2019usine sur place&nbsp;\u00bb, a-t-il enchain\u00e9, soulignant que Bel Maroc a repr\u00e9sent\u00e9, depuis plus de 50 ans, un mod\u00e8le de croissance historique pour le Groupe, ainsi qu\u2019un p\u00f4le de d\u00e9veloppement industriel et d\u2019innovation, un centre d\u2019excellence marketing et commerciale, et surtout un p\u00f4le de d\u00e9veloppement de ressources humaines et des comp\u00e9tences locales au service du Maroc comme du Groupe.<\/p>\n\n\n\n<p class=\"wp-block-paragraph\">M. Fi\u00e9vet a, par ailleurs, relev\u00e9 que le Groupe Bel avait rejoint, en 2017, l\u2019initiative Science Based Target d\u00e9montrant sa volont\u00e9 d\u2019agir pour contribuer \u00e0 l\u2019atteinte des objectifs de l\u2019Accord de Paris, et ce en fixant comme objectif le maintien du r\u00e9chauffement climatique sous la barre des 1,5 \u00b0C, affirmant que le Groupe se fixe comme objectif d\u2019atteindre la neutralit\u00e9 carbone de ses usines d\u2019ici 2025. \u00ab&nbsp;Le plan de d\u00e9ploiement des chaudi\u00e8res \u00e0 biomasse est une \u00e9tape fondamentale sur ce chemin, et je suis particuli\u00e8rement fier de venir assister ici au Maroc \u00e0 l\u2019inauguration de la premi\u00e8re chaudi\u00e8re biomasse install\u00e9e en dehors d\u2019Europe&nbsp;\u00bb, a-t-il poursuivi.<\/p>\n\n\n\n<p class=\"wp-block-paragraph\">De son c\u00f4t\u00e9, la directrice des programmes et des r\u00e9alisations au minist\u00e8re de la Transition \u00e9nerg\u00e9tique et du d\u00e9veloppement durable, Hafsa Lakhlifi, a indiqu\u00e9 que l\u2019inauguration de cette unit\u00e9 s\u2019inscrit en droite ligne des strat\u00e9gies \u00e9conomiques et environnementales du Royaume, notant que cette installation d\u00e9montre de l\u2019engagement du groupe au service de la d\u00e9carbonation industrielle, qui est devenue aujourd\u2019hui un d\u00e9fi pour plusieurs pays, en l\u2019occurrence le Maroc.<\/p>\n\n\n\n<p class=\"wp-block-paragraph\">La responsable a not\u00e9 que les d\u00e9partements minist\u00e9riels sont en train de travailler sur la mise en place des outils juridiques et strat\u00e9giques pour les pratiques de l\u2019\u00e9conomie circulaire, qui visent en particulier la pr\u00e9servation des ressources naturelles, notamment la mise en place de la \u00ab&nbsp;responsabilit\u00e9 \u00e9largie du producteur&nbsp;\u00bb, formulant le souhait que le Groupe puisse s\u2019inscrire dans cette d\u00e9marche.<\/p>\n\n\n\n<p class=\"wp-block-paragraph\">Ce projet, a-t-elle poursuivi, permettra non seulement de r\u00e9duire l\u2019empreinte \u00e9cologique de l\u2019entreprise, mais \u00e9galement de r\u00e9soudre le probl\u00e8me des d\u00e9chets li\u00e9s \u00e0 la trituration d\u2019olives, qui constituent des risques pour les ressources du pays, notamment hydriques. \u00ab&nbsp;C\u2019est une \u00e9tape importante qui est franchie par Fromageries Bel Maroc pour le d\u00e9ploiement de solutions industrielles toujours plus respectueuses de l\u2019environnement. Nous sommes particuli\u00e8rement heureux que ce soit ce site de Tanger qui occupe une position de premier plan dans le dispositif international de Bel qui soit, une fois encore, pionnier \u00e0 l\u2019international dans le cadre de la strat\u00e9gie de d\u00e9carbonation du Groupe&nbsp;\u00bb, a indiqu\u00e9, quant \u00e0 lui, le pr\u00e9sident du conseil d\u2019administration de Fromageries Bel Maroc, Chakib Seddiki.<\/p>\n\n\n\n<p class=\"wp-block-paragraph\">\u00ab&nbsp;C\u2019est une fiert\u00e9 particuli\u00e8re pour tous les collaborateurs de Bel au Maroc de marquer leur engagement en faveur du programme de transition \u00e9nerg\u00e9tique du Maroc, initi\u00e9 sous l\u2019impulsion de SM le Roi Mohammed VI&nbsp;\u00bb, a-t-il dit, soulignant que cette unit\u00e9 permet la g\u00e9n\u00e9ration de la vapeur utile pour la fabrication du fromage fondu d\u2019une mani\u00e8re tr\u00e8s \u00e9cologique, ainsi que la substitution de l\u2019utilisation de trois chaudi\u00e8res fuel pr\u00e9existantes.<\/p>\n\n\n\n<p class=\"wp-block-paragraph\">Quant au directeur des ressources humaines de Fromageries Bel Maroc, Ahmed Andaloussi, il a soulign\u00e9 que le Groupe Bel, dans le cadre de sa politique RSE, donne une grande importance \u00e0 l\u2019environnement, notant, dans ce sens, que plusieurs projets ont \u00e9t\u00e9 initi\u00e9s par l\u2019usine de Tanger, qui sont en harmonie avec la politique du Maroc en mati\u00e8re de transition \u00e9nerg\u00e9tique.<\/p>\n\n\n\n<p class=\"wp-block-paragraph\">L\u2019usine a ainsi r\u00e9duit de 30% sa consommation d\u2019eau et vise \u00e0 atteindre un taux de 50% \u00e0 l\u2019horizon 2025, en plus du recyclage et de la valorisation de 100% de ses d\u00e9chets, a-t-il not\u00e9, relevant que cette installation, ayant n\u00e9cessit\u00e9 18 mois de travail, va permettre d\u2019utiliser les grignons d\u2019olives pour la production de la vapeur en substitution au fioul.<\/p>\n\n\n\n<p class=\"wp-block-paragraph\">Lors d\u2019une visite d\u2019usine ayant suivi la c\u00e9r\u00e9monie d\u2019inauguration de la nouvelle unit\u00e9 \u00e9nerg\u00e9tique, les invit\u00e9s ont pu constater la d\u00e9marche d\u2019am\u00e9lioration continue d\u00e9ploy\u00e9e sur les lignes de production, notamment \u00e0 travers l\u2019organisation des \u00e9quipes en \u00ab&nbsp;\u00celots autonomes de production&nbsp;\u00bb, permettant d\u2019optimiser le flux de production par une gestion des ressources mieux responsabilis\u00e9e en autonomie.<\/p>\n\n\n\n<p class=\"wp-block-paragraph\">En inaugurant cette nouvelle unit\u00e9 de production \u00e9nerg\u00e9tique \u00e9coresponsable, le Groupe Bel affirme sa volont\u00e9 d\u2019accroitre en permanence ses standards en mati\u00e8re de production respectueuse de l\u2019environnement, avec des impacts notables sur ses co\u00fbts de production, sur le bien-\u00eatre et la sant\u00e9 des consommateurs et en termes de d\u00e9marche vertueuse qui se veut exemplaire au sein de l\u2019\u00e9cosyst\u00e8me agro-alimentaire marocain.<\/p>\n","protected":false},"excerpt":{"rendered":"<p>Dpress Le Groupe Fromageries Bel Maroc a inaugur\u00e9, mardi, sa nouvelle unit\u00e9 de production \u00e9nerg\u00e9tique, bas\u00e9e sur la technologie de chaudi\u00e8re \u00e0 biomasse, au sein de son usine de Tanger. Dot\u00e9e d\u2019un investissement de 30 millions de dirhams, cette installation pionni\u00e8re de 3 tonnes\/h de puissance permettra de remplacer l\u2019utilisation de 9.241 MWh PCI de &hellip;<\/p>\n","protected":false},"author":2,"featured_media":7960,"comment_status":"open","ping_status":"open","sticky":false,"template":"","format":"standard","meta":{"footnotes":""},"categories":[25],"tags":[],"class_list":["post-7959","post","type-post","status-publish","format-standard","has-post-thumbnail","hentry","category-economie"],"yoast_head":"<!-- This site is optimized with the Yoast SEO plugin v28.0 - https:\/\/yoast.com\/product\/yoast-seo-wordpress\/ -->\n<title>Fromageries Bel Maroc inaugure une unit\u00e9 de production d\u2019\u00e9nergie verte \u00e0 Tanger - Dpress.ma\/fr<\/title>\n<meta name=\"robots\" content=\"index, follow, max-snippet:-1, max-image-preview:large, max-video-preview:-1\" \/>\n<link rel=\"canonical\" href=\"https:\/\/dpress.ma\/fr\/2024\/02\/14\/fromageries-bel-maroc-inaugure-une-unite-de-production-denergie-verte-a-tanger\/\" \/>\n<meta property=\"og:locale\" content=\"fr_FR\" \/>\n<meta property=\"og:type\" content=\"article\" \/>\n<meta property=\"og:title\" content=\"Fromageries Bel Maroc inaugure une unit\u00e9 de production d\u2019\u00e9nergie verte \u00e0 Tanger - Dpress.ma\/fr\" \/>\n<meta property=\"og:description\" content=\"Dpress Le Groupe Fromageries Bel Maroc a inaugur\u00e9, mardi, sa nouvelle unit\u00e9 de production \u00e9nerg\u00e9tique, bas\u00e9e sur la technologie de chaudi\u00e8re \u00e0 biomasse, au sein de son usine de Tanger. Dot\u00e9e d\u2019un investissement de 30 millions de dirhams, cette installation pionni\u00e8re de 3 tonnes\/h de puissance permettra de remplacer l\u2019utilisation de 9.241 MWh PCI de &hellip;\" \/>\n<meta property=\"og:url\" content=\"https:\/\/dpress.ma\/fr\/2024\/02\/14\/fromageries-bel-maroc-inaugure-une-unite-de-production-denergie-verte-a-tanger\/\" \/>\n<meta property=\"og:site_name\" content=\"Dpress.ma\/fr\" \/>\n<meta property=\"article:published_time\" content=\"2024-02-14T09:36:58+00:00\" \/>\n<meta property=\"article:modified_time\" content=\"2024-02-14T09:36:59+00:00\" \/>\n<meta property=\"og:image\" content=\"https:\/\/dpress.ma\/fr\/wp-content\/uploads\/sites\/2\/2024\/02\/dimensions2-31.jpg\" \/>\n\t<meta property=\"og:image:width\" content=\"2539\" \/>\n\t<meta property=\"og:image:height\" content=\"1594\" \/>\n\t<meta property=\"og:image:type\" content=\"image\/jpeg\" \/>\n<meta name=\"author\" content=\"Dpress.ma\" \/>\n<meta name=\"twitter:card\" content=\"summary_large_image\" \/>\n<meta name=\"twitter:label1\" content=\"\u00c9crit par\" \/>\n\t<meta name=\"twitter:data1\" content=\"Dpress.ma\" \/>\n\t<meta name=\"twitter:label2\" content=\"Dur\u00e9e de lecture estim\u00e9e\" \/>\n\t<meta name=\"twitter:data2\" content=\"7 minutes\" \/>\n<script type=\"application\/ld+json\" class=\"yoast-schema-graph\">{\"@context\":\"https:\\\/\\\/schema.org\",\"@graph\":[{\"@type\":\"Article\",\"@id\":\"https:\\\/\\\/dpress.ma\\\/fr\\\/2024\\\/02\\\/14\\\/fromageries-bel-maroc-inaugure-une-unite-de-production-denergie-verte-a-tanger\\\/#article\",\"isPartOf\":{\"@id\":\"https:\\\/\\\/dpress.ma\\\/fr\\\/2024\\\/02\\\/14\\\/fromageries-bel-maroc-inaugure-une-unite-de-production-denergie-verte-a-tanger\\\/\"},\"author\":{\"name\":\"Dpress.ma\",\"@id\":\"https:\\\/\\\/dpress.ma\\\/fr\\\/#\\\/schema\\\/person\\\/4898febf3ccd59e6578d838656a306a0\"},\"headline\":\"Fromageries Bel Maroc inaugure une unit\u00e9 de production d\u2019\u00e9nergie verte \u00e0 Tanger\",\"datePublished\":\"2024-02-14T09:36:58+00:00\",\"dateModified\":\"2024-02-14T09:36:59+00:00\",\"mainEntityOfPage\":{\"@id\":\"https:\\\/\\\/dpress.ma\\\/fr\\\/2024\\\/02\\\/14\\\/fromageries-bel-maroc-inaugure-une-unite-de-production-denergie-verte-a-tanger\\\/\"},\"wordCount\":1371,\"commentCount\":0,\"image\":{\"@id\":\"https:\\\/\\\/dpress.ma\\\/fr\\\/2024\\\/02\\\/14\\\/fromageries-bel-maroc-inaugure-une-unite-de-production-denergie-verte-a-tanger\\\/#primaryimage\"},\"thumbnailUrl\":\"https:\\\/\\\/dpress.ma\\\/fr\\\/wp-content\\\/uploads\\\/sites\\\/2\\\/2024\\\/02\\\/dimensions2-31.jpg\",\"articleSection\":[\"\u00c9conomie\"],\"inLanguage\":\"fr-FR\",\"potentialAction\":[{\"@type\":\"CommentAction\",\"name\":\"Comment\",\"target\":[\"https:\\\/\\\/dpress.ma\\\/fr\\\/2024\\\/02\\\/14\\\/fromageries-bel-maroc-inaugure-une-unite-de-production-denergie-verte-a-tanger\\\/#respond\"]}]},{\"@type\":\"WebPage\",\"@id\":\"https:\\\/\\\/dpress.ma\\\/fr\\\/2024\\\/02\\\/14\\\/fromageries-bel-maroc-inaugure-une-unite-de-production-denergie-verte-a-tanger\\\/\",\"url\":\"https:\\\/\\\/dpress.ma\\\/fr\\\/2024\\\/02\\\/14\\\/fromageries-bel-maroc-inaugure-une-unite-de-production-denergie-verte-a-tanger\\\/\",\"name\":\"Fromageries Bel Maroc inaugure une unit\u00e9 de production d\u2019\u00e9nergie verte \u00e0 Tanger - Dpress.ma\\\/fr\",\"isPartOf\":{\"@id\":\"https:\\\/\\\/dpress.ma\\\/fr\\\/#website\"},\"primaryImageOfPage\":{\"@id\":\"https:\\\/\\\/dpress.ma\\\/fr\\\/2024\\\/02\\\/14\\\/fromageries-bel-maroc-inaugure-une-unite-de-production-denergie-verte-a-tanger\\\/#primaryimage\"},\"image\":{\"@id\":\"https:\\\/\\\/dpress.ma\\\/fr\\\/2024\\\/02\\\/14\\\/fromageries-bel-maroc-inaugure-une-unite-de-production-denergie-verte-a-tanger\\\/#primaryimage\"},\"thumbnailUrl\":\"https:\\\/\\\/dpress.ma\\\/fr\\\/wp-content\\\/uploads\\\/sites\\\/2\\\/2024\\\/02\\\/dimensions2-31.jpg\",\"datePublished\":\"2024-02-14T09:36:58+00:00\",\"dateModified\":\"2024-02-14T09:36:59+00:00\",\"author\":{\"@id\":\"https:\\\/\\\/dpress.ma\\\/fr\\\/#\\\/schema\\\/person\\\/4898febf3ccd59e6578d838656a306a0\"},\"breadcrumb\":{\"@id\":\"https:\\\/\\\/dpress.ma\\\/fr\\\/2024\\\/02\\\/14\\\/fromageries-bel-maroc-inaugure-une-unite-de-production-denergie-verte-a-tanger\\\/#breadcrumb\"},\"inLanguage\":\"fr-FR\",\"potentialAction\":[{\"@type\":\"ReadAction\",\"target\":[\"https:\\\/\\\/dpress.ma\\\/fr\\\/2024\\\/02\\\/14\\\/fromageries-bel-maroc-inaugure-une-unite-de-production-denergie-verte-a-tanger\\\/\"]}]},{\"@type\":\"ImageObject\",\"inLanguage\":\"fr-FR\",\"@id\":\"https:\\\/\\\/dpress.ma\\\/fr\\\/2024\\\/02\\\/14\\\/fromageries-bel-maroc-inaugure-une-unite-de-production-denergie-verte-a-tanger\\\/#primaryimage\",\"url\":\"https:\\\/\\\/dpress.ma\\\/fr\\\/wp-content\\\/uploads\\\/sites\\\/2\\\/2024\\\/02\\\/dimensions2-31.jpg\",\"contentUrl\":\"https:\\\/\\\/dpress.ma\\\/fr\\\/wp-content\\\/uploads\\\/sites\\\/2\\\/2024\\\/02\\\/dimensions2-31.jpg\",\"width\":2539,\"height\":1594},{\"@type\":\"BreadcrumbList\",\"@id\":\"https:\\\/\\\/dpress.ma\\\/fr\\\/2024\\\/02\\\/14\\\/fromageries-bel-maroc-inaugure-une-unite-de-production-denergie-verte-a-tanger\\\/#breadcrumb\",\"itemListElement\":[{\"@type\":\"ListItem\",\"position\":1,\"name\":\"Home\",\"item\":\"https:\\\/\\\/dpress.ma\\\/fr\\\/\"},{\"@type\":\"ListItem\",\"position\":2,\"name\":\"Fromageries Bel Maroc inaugure une unit\u00e9 de production d\u2019\u00e9nergie verte \u00e0 Tanger\"}]},{\"@type\":\"WebSite\",\"@id\":\"https:\\\/\\\/dpress.ma\\\/fr\\\/#website\",\"url\":\"https:\\\/\\\/dpress.ma\\\/fr\\\/\",\"name\":\"Dpress.ma\\\/fr\",\"description\":\"\",\"potentialAction\":[{\"@type\":\"SearchAction\",\"target\":{\"@type\":\"EntryPoint\",\"urlTemplate\":\"https:\\\/\\\/dpress.ma\\\/fr\\\/?s={search_term_string}\"},\"query-input\":{\"@type\":\"PropertyValueSpecification\",\"valueRequired\":true,\"valueName\":\"search_term_string\"}}],\"inLanguage\":\"fr-FR\"},{\"@type\":\"Person\",\"@id\":\"https:\\\/\\\/dpress.ma\\\/fr\\\/#\\\/schema\\\/person\\\/4898febf3ccd59e6578d838656a306a0\",\"name\":\"Dpress.ma\",\"image\":{\"@type\":\"ImageObject\",\"inLanguage\":\"fr-FR\",\"@id\":\"https:\\\/\\\/secure.gravatar.com\\\/avatar\\\/72ecc30e9db047a2e0e7176561eb9d564ed77c8108376495b19bd8336405198a?s=96&d=mm&r=g\",\"url\":\"https:\\\/\\\/secure.gravatar.com\\\/avatar\\\/72ecc30e9db047a2e0e7176561eb9d564ed77c8108376495b19bd8336405198a?s=96&d=mm&r=g\",\"contentUrl\":\"https:\\\/\\\/secure.gravatar.com\\\/avatar\\\/72ecc30e9db047a2e0e7176561eb9d564ed77c8108376495b19bd8336405198a?s=96&d=mm&r=g\",\"caption\":\"Dpress.ma\"},\"sameAs\":[\"https:\\\/\\\/www.dpress.ma\"],\"url\":\"https:\\\/\\\/dpress.ma\\\/fr\\\/author\\\/dpress-ma\\\/\"}]}<\/script>\n<!-- \/ Yoast SEO plugin. -->","yoast_head_json":{"title":"Fromageries Bel Maroc inaugure une unit\u00e9 de production d\u2019\u00e9nergie verte \u00e0 Tanger - Dpress.ma\/fr","robots":{"index":"index","follow":"follow","max-snippet":"max-snippet:-1","max-image-preview":"max-image-preview:large","max-video-preview":"max-video-preview:-1"},"canonical":"https:\/\/dpress.ma\/fr\/2024\/02\/14\/fromageries-bel-maroc-inaugure-une-unite-de-production-denergie-verte-a-tanger\/","og_locale":"fr_FR","og_type":"article","og_title":"Fromageries Bel Maroc inaugure une unit\u00e9 de production d\u2019\u00e9nergie verte \u00e0 Tanger - Dpress.ma\/fr","og_description":"Dpress Le Groupe Fromageries Bel Maroc a inaugur\u00e9, mardi, sa nouvelle unit\u00e9 de production \u00e9nerg\u00e9tique, bas\u00e9e sur la technologie de chaudi\u00e8re \u00e0 biomasse, au sein de son usine de Tanger. Dot\u00e9e d\u2019un investissement de 30 millions de dirhams, cette installation pionni\u00e8re de 3 tonnes\/h de puissance permettra de remplacer l\u2019utilisation de 9.241 MWh PCI de &hellip;","og_url":"https:\/\/dpress.ma\/fr\/2024\/02\/14\/fromageries-bel-maroc-inaugure-une-unite-de-production-denergie-verte-a-tanger\/","og_site_name":"Dpress.ma\/fr","article_published_time":"2024-02-14T09:36:58+00:00","article_modified_time":"2024-02-14T09:36:59+00:00","og_image":[{"width":2539,"height":1594,"url":"https:\/\/dpress.ma\/fr\/wp-content\/uploads\/sites\/2\/2024\/02\/dimensions2-31.jpg","type":"image\/jpeg"}],"author":"Dpress.ma","twitter_card":"summary_large_image","twitter_misc":{"\u00c9crit par":"Dpress.ma","Dur\u00e9e de lecture estim\u00e9e":"7 minutes"},"schema":{"@context":"https:\/\/schema.org","@graph":[{"@type":"Article","@id":"https:\/\/dpress.ma\/fr\/2024\/02\/14\/fromageries-bel-maroc-inaugure-une-unite-de-production-denergie-verte-a-tanger\/#article","isPartOf":{"@id":"https:\/\/dpress.ma\/fr\/2024\/02\/14\/fromageries-bel-maroc-inaugure-une-unite-de-production-denergie-verte-a-tanger\/"},"author":{"name":"Dpress.ma","@id":"https:\/\/dpress.ma\/fr\/#\/schema\/person\/4898febf3ccd59e6578d838656a306a0"},"headline":"Fromageries Bel Maroc inaugure une unit\u00e9 de production d\u2019\u00e9nergie verte \u00e0 Tanger","datePublished":"2024-02-14T09:36:58+00:00","dateModified":"2024-02-14T09:36:59+00:00","mainEntityOfPage":{"@id":"https:\/\/dpress.ma\/fr\/2024\/02\/14\/fromageries-bel-maroc-inaugure-une-unite-de-production-denergie-verte-a-tanger\/"},"wordCount":1371,"commentCount":0,"image":{"@id":"https:\/\/dpress.ma\/fr\/2024\/02\/14\/fromageries-bel-maroc-inaugure-une-unite-de-production-denergie-verte-a-tanger\/#primaryimage"},"thumbnailUrl":"https:\/\/dpress.ma\/fr\/wp-content\/uploads\/sites\/2\/2024\/02\/dimensions2-31.jpg","articleSection":["\u00c9conomie"],"inLanguage":"fr-FR","potentialAction":[{"@type":"CommentAction","name":"Comment","target":["https:\/\/dpress.ma\/fr\/2024\/02\/14\/fromageries-bel-maroc-inaugure-une-unite-de-production-denergie-verte-a-tanger\/#respond"]}]},{"@type":"WebPage","@id":"https:\/\/dpress.ma\/fr\/2024\/02\/14\/fromageries-bel-maroc-inaugure-une-unite-de-production-denergie-verte-a-tanger\/","url":"https:\/\/dpress.ma\/fr\/2024\/02\/14\/fromageries-bel-maroc-inaugure-une-unite-de-production-denergie-verte-a-tanger\/","name":"Fromageries Bel Maroc inaugure une unit\u00e9 de production d\u2019\u00e9nergie verte \u00e0 Tanger - Dpress.ma\/fr","isPartOf":{"@id":"https:\/\/dpress.ma\/fr\/#website"},"primaryImageOfPage":{"@id":"https:\/\/dpress.ma\/fr\/2024\/02\/14\/fromageries-bel-maroc-inaugure-une-unite-de-production-denergie-verte-a-tanger\/#primaryimage"},"image":{"@id":"https:\/\/dpress.ma\/fr\/2024\/02\/14\/fromageries-bel-maroc-inaugure-une-unite-de-production-denergie-verte-a-tanger\/#primaryimage"},"thumbnailUrl":"https:\/\/dpress.ma\/fr\/wp-content\/uploads\/sites\/2\/2024\/02\/dimensions2-31.jpg","datePublished":"2024-02-14T09:36:58+00:00","dateModified":"2024-02-14T09:36:59+00:00","author":{"@id":"https:\/\/dpress.ma\/fr\/#\/schema\/person\/4898febf3ccd59e6578d838656a306a0"},"breadcrumb":{"@id":"https:\/\/dpress.ma\/fr\/2024\/02\/14\/fromageries-bel-maroc-inaugure-une-unite-de-production-denergie-verte-a-tanger\/#breadcrumb"},"inLanguage":"fr-FR","potentialAction":[{"@type":"ReadAction","target":["https:\/\/dpress.ma\/fr\/2024\/02\/14\/fromageries-bel-maroc-inaugure-une-unite-de-production-denergie-verte-a-tanger\/"]}]},{"@type":"ImageObject","inLanguage":"fr-FR","@id":"https:\/\/dpress.ma\/fr\/2024\/02\/14\/fromageries-bel-maroc-inaugure-une-unite-de-production-denergie-verte-a-tanger\/#primaryimage","url":"https:\/\/dpress.ma\/fr\/wp-content\/uploads\/sites\/2\/2024\/02\/dimensions2-31.jpg","contentUrl":"https:\/\/dpress.ma\/fr\/wp-content\/uploads\/sites\/2\/2024\/02\/dimensions2-31.jpg","width":2539,"height":1594},{"@type":"BreadcrumbList","@id":"https:\/\/dpress.ma\/fr\/2024\/02\/14\/fromageries-bel-maroc-inaugure-une-unite-de-production-denergie-verte-a-tanger\/#breadcrumb","itemListElement":[{"@type":"ListItem","position":1,"name":"Home","item":"https:\/\/dpress.ma\/fr\/"},{"@type":"ListItem","position":2,"name":"Fromageries Bel Maroc inaugure une unit\u00e9 de production d\u2019\u00e9nergie verte \u00e0 Tanger"}]},{"@type":"WebSite","@id":"https:\/\/dpress.ma\/fr\/#website","url":"https:\/\/dpress.ma\/fr\/","name":"Dpress.ma\/fr","description":"","potentialAction":[{"@type":"SearchAction","target":{"@type":"EntryPoint","urlTemplate":"https:\/\/dpress.ma\/fr\/?s={search_term_string}"},"query-input":{"@type":"PropertyValueSpecification","valueRequired":true,"valueName":"search_term_string"}}],"inLanguage":"fr-FR"},{"@type":"Person","@id":"https:\/\/dpress.ma\/fr\/#\/schema\/person\/4898febf3ccd59e6578d838656a306a0","name":"Dpress.ma","image":{"@type":"ImageObject","inLanguage":"fr-FR","@id":"https:\/\/secure.gravatar.com\/avatar\/72ecc30e9db047a2e0e7176561eb9d564ed77c8108376495b19bd8336405198a?s=96&d=mm&r=g","url":"https:\/\/secure.gravatar.com\/avatar\/72ecc30e9db047a2e0e7176561eb9d564ed77c8108376495b19bd8336405198a?s=96&d=mm&r=g","contentUrl":"https:\/\/secure.gravatar.com\/avatar\/72ecc30e9db047a2e0e7176561eb9d564ed77c8108376495b19bd8336405198a?s=96&d=mm&r=g","caption":"Dpress.ma"},"sameAs":["https:\/\/www.dpress.ma"],"url":"https:\/\/dpress.ma\/fr\/author\/dpress-ma\/"}]}},"amp_enabled":true,"_links":{"self":[{"href":"https:\/\/dpress.ma\/fr\/wp-json\/wp\/v2\/posts\/7959","targetHints":{"allow":["GET"]}}],"collection":[{"href":"https:\/\/dpress.ma\/fr\/wp-json\/wp\/v2\/posts"}],"about":[{"href":"https:\/\/dpress.ma\/fr\/wp-json\/wp\/v2\/types\/post"}],"author":[{"embeddable":true,"href":"https:\/\/dpress.ma\/fr\/wp-json\/wp\/v2\/users\/2"}],"replies":[{"embeddable":true,"href":"https:\/\/dpress.ma\/fr\/wp-json\/wp\/v2\/comments?post=7959"}],"version-history":[{"count":1,"href":"https:\/\/dpress.ma\/fr\/wp-json\/wp\/v2\/posts\/7959\/revisions"}],"predecessor-version":[{"id":7961,"href":"https:\/\/dpress.ma\/fr\/wp-json\/wp\/v2\/posts\/7959\/revisions\/7961"}],"wp:featuredmedia":[{"embeddable":true,"href":"https:\/\/dpress.ma\/fr\/wp-json\/wp\/v2\/media\/7960"}],"wp:attachment":[{"href":"https:\/\/dpress.ma\/fr\/wp-json\/wp\/v2\/media?parent=7959"}],"wp:term":[{"taxonomy":"category","embeddable":true,"href":"https:\/\/dpress.ma\/fr\/wp-json\/wp\/v2\/categories?post=7959"},{"taxonomy":"post_tag","embeddable":true,"href":"https:\/\/dpress.ma\/fr\/wp-json\/wp\/v2\/tags?post=7959"}],"curies":[{"name":"wp","href":"https:\/\/api.w.org\/{rel}","templated":true}]}}