{"id":7503,"date":"2024-01-18T09:21:16","date_gmt":"2024-01-18T09:21:16","guid":{"rendered":"https:\/\/dpress.ma\/fr\/?p=7503"},"modified":"2024-01-18T09:21:17","modified_gmt":"2024-01-18T09:21:17","slug":"soixantenaire-du-parlement-des-panelistes-se-penchent-sur-la-realite-et-les-defis-de-laction-parlementaire","status":"publish","type":"post","link":"https:\/\/dpress.ma\/fr\/2024\/01\/18\/soixantenaire-du-parlement-des-panelistes-se-penchent-sur-la-realite-et-les-defis-de-laction-parlementaire\/","title":{"rendered":"Soixantenaire du Parlement : Des pan\u00e9listes se penchent sur la r\u00e9alit\u00e9 et les d\u00e9fis de l\u2019action parlementaire"},"content":{"rendered":"\n<p class=\"wp-block-paragraph\">Dpress<\/p>\n\n\n\n<p class=\"wp-block-paragraph\">Les d\u00e9fis de l\u2019action parlementaire et les perspectives de sa promotion et am\u00e9lioration ont constitu\u00e9 le th\u00e8me du deuxi\u00e8me panel du Symposium comm\u00e9morant le 60\u00e8me anniversaire de la constitution du 1er Parlement \u00e9lu au Maroc, organis\u00e9 mercredi, sous le Haut patronage de Sa Majest\u00e9 le Roi Mohammed VI.<\/p>\n\n\n\n<p class=\"wp-block-paragraph\">Des acad\u00e9miciens et des chercheurs ont d\u00e9battu, lors de cette s\u00e9ance, pr\u00e9sid\u00e9e par le Pr\u00e9sident de la Chambre des repr\u00e9sentants, Rachid Talbi Alami, et le pr\u00e9sident de la Chambre des conseillers, Enaam Mayara, un nombre de questions portant sur le renforcement de l\u2019action parlementaire et les m\u00e9canismes et perspectives de l\u2019ouverture de l\u2019institution l\u00e9gislative sur son environnement, outre les probl\u00e9matiques entourant la d\u00e9mocratie repr\u00e9sentative.<\/p>\n\n\n\n<p class=\"wp-block-paragraph\">Ces intervenants ont soulign\u00e9 les \u00e9tapes importantes franchies par l\u2019institution parlementaire marocaine durant 60 ann\u00e9es, aux niveaux l\u00e9gislatif, de contr\u00f4le, d\u2019\u00e9valuation et de diplomatie, ainsi que les d\u00e9fis et les obstacles se dressant devant la d\u00e9mocratie parlementaire et le positionnement de l\u2019institution l\u00e9gislative sur le plan international.<\/p>\n\n\n\n<p class=\"wp-block-paragraph\">L\u2019enseignant-chercheur Abdellah Saaf a indiqu\u00e9, dans ce sens, que le positionnement de l\u2019institution parlementaire s\u2019est renforc\u00e9 au fil du temps, que ce soit au niveau des pr\u00e9rogatives octroy\u00e9es par la Constitution et du progr\u00e8s r\u00e9alis\u00e9 en mati\u00e8re de renforcement de ses r\u00f4les l\u00e9gislatif, de contr\u00f4le et d\u2019\u00e9valuation, ou au niveau des structures et des moyens de travail.<\/p>\n\n\n\n<p class=\"wp-block-paragraph\">Il a not\u00e9 dans ce sens, que le Parlement marocain, apr\u00e8s 60 ans de sa constitution, remplit un nouveau r\u00f4le qui se distingue des pr\u00e9c\u00e9dentes \u00e9tapes, particuli\u00e8rement apr\u00e8s la Constitution de 2011 ayant renforc\u00e9 le r\u00f4le diplomatique de l\u2019institution l\u00e9gislative.<\/p>\n\n\n\n<p class=\"wp-block-paragraph\">Le Parlement a contribu\u00e9 \u00e0 travers ses diff\u00e9rentes \u00e9tapes \u00e0 \u00e9largir les cercles des \u00e9lites, tant au niveau central que local, renforc\u00e9 la pr\u00e9sence f\u00e9minine et les vagues de rajeunissement, la participation des instances syndicales, des hommes d\u2019affaires et de plusieurs cat\u00e9gories n\u2019ayant pas eu par le pass\u00e9 une pr\u00e9sence dans l\u2019institution l\u00e9gislative, a rappel\u00e9 M. Saaf, saluant le progr\u00e8s de l\u2019institution au niveau de la recherche et de l\u2019analyse des questions parlementaires \u00e0 travers la mise en place du Centre de recherche et d\u2019\u00e9tudes parlementaires.<\/p>\n\n\n\n<p class=\"wp-block-paragraph\">L\u2019enseignant-chercheur Omar Cherkaoui a, pour sa part, pass\u00e9 en revue les facteurs d\u2019ouverture de l\u2019institution parlementaire sur son environnement, \u00e9voquant une s\u00e9rie d\u2019indicateurs, dont les flux d\u2019informations entrant et sortant du Parlement, la mesure dans laquelle se refl\u00e8tent les questions de soci\u00e9t\u00e9 dans le d\u00e9bat au sein de l\u2019institution l\u00e9gislative, la possibilit\u00e9 pour le public d\u2019avoir acc\u00e8s aux comptes-rendus parlementaires, l\u2019ouverture du Parlement sur les m\u00e9dias, le caract\u00e8re public des s\u00e9ances de vote et le fait pour le Parlement de disposer d\u2019une source propre pour avoir acc\u00e8s aux informations.<\/p>\n\n\n\n<p class=\"wp-block-paragraph\">Il a appel\u00e9, dans ce sens, \u00e0 fournir davantage d\u2019efforts pour renforcer l\u2019impact et l\u2019efficacit\u00e9 des m\u00e9canismes de l\u2019institution l\u00e9gislative en mati\u00e8re d\u2019ouverture et de communication avec les citoyens, pr\u00e9sentant une s\u00e9rie de propositions, dont la cr\u00e9ation d\u2019une revue parlementaire, l\u2019activation de la chaine parlementaire, la facilitation des voies de pr\u00e9sentation des requ\u00eates et des p\u00e9titions, la mise en place d\u2019un forum parlementaire civil ouvert sur les r\u00e9gions et la publication de rapports d\u2019\u00e9valuation de l\u2019ouverture du Parlement sur son environnement.<\/p>\n\n\n\n<p class=\"wp-block-paragraph\">L\u2019enseignant-chercheur Abdelhay Moudden a, pour sa part, abord\u00e9 les d\u00e9fis auxquels fait face l\u2019action parlementaire au niveau international \u00e0 la lumi\u00e8re des transformations que connait depuis certaines ann\u00e9es le monde, soulignant qu\u2019il s\u2019agit de d\u00e9fis dangereux pour la pratique d\u00e9mocratique et parlementaire, que ce soit pour les syst\u00e8mes non d\u00e9mocratiques o\u00f9 le Parlement constitue une institution marginale, ou m\u00eame pour les r\u00e9gimes o\u00f9 le Parlement n\u2019est pas au centre des pr\u00e9occupations.<\/p>\n\n\n\n<p class=\"wp-block-paragraph\">La transition d\u00e9mocratique qu\u2019a connu le monde apr\u00e8s la chute de l\u2019Union Sovi\u00e9tique n\u2019a pas r\u00e9sist\u00e9 longtemps avant de reculer, notamment pour les syst\u00e8mes non d\u00e9mocratiques classiques o\u00f9 un changement d\u00e9mocratique \u00e9tait esp\u00e9r\u00e9, a soulign\u00e9 l\u2019acad\u00e9micien, ajoutant que les d\u00e9mocraties classiques ont \u00e9galement connu \u00e0 des degr\u00e9s variables des crises pour ensuite se muer en \u201cd\u00e9mocraties creuses\u201d ne r\u00e9alisant pas des exploits au profit des individus, mais reproduisant les choix politiques sur lesquels reposent ces syst\u00e8mes.<\/p>\n\n\n\n<p class=\"wp-block-paragraph\">L\u2019enseignante-chercheuse Saloua Zerhouni a, de son c\u00f4t\u00e9, soulign\u00e9 les d\u00e9fis et les probl\u00e9matiques se dressant devant la d\u00e9mocratie repr\u00e9sentative, faisant observer que la d\u00e9mocratie fait face \u00e0 un paradoxe, entre le r\u00f4le d\u00e9volu en principe au citoyen et la r\u00e9alit\u00e9 sur le terrain.<\/p>\n\n\n\n<p class=\"wp-block-paragraph\">Cette session a \u00e9t\u00e9 marqu\u00e9e par un hommage rendu aux anciennes parlementaires, Latifa Bennani-Smires et Badia Skalli, en tant que premi\u00e8res femmes parlementaires \u00e9lues au Parlement marocain lors des ann\u00e9es 1990.<\/p>\n","protected":false},"excerpt":{"rendered":"<p>Dpress Les d\u00e9fis de l\u2019action parlementaire et les perspectives de sa promotion et am\u00e9lioration ont constitu\u00e9 le th\u00e8me du deuxi\u00e8me panel du Symposium comm\u00e9morant le 60\u00e8me anniversaire de la constitution du 1er Parlement \u00e9lu au Maroc, organis\u00e9 mercredi, sous le Haut patronage de Sa Majest\u00e9 le Roi Mohammed VI. Des acad\u00e9miciens et des chercheurs ont &hellip;<\/p>\n","protected":false},"author":2,"featured_media":6342,"comment_status":"open","ping_status":"open","sticky":false,"template":"","format":"standard","meta":{"footnotes":""},"categories":[34],"tags":[],"class_list":["post-7503","post","type-post","status-publish","format-standard","has-post-thumbnail","hentry","category-diplomatie-parlementaire"],"yoast_head":"<!-- This site is optimized with the Yoast SEO plugin v28.0 - https:\/\/yoast.com\/product\/yoast-seo-wordpress\/ -->\n<title>Soixantenaire du Parlement : Des pan\u00e9listes se penchent sur la r\u00e9alit\u00e9 et les d\u00e9fis de l\u2019action parlementaire - Dpress.ma\/fr<\/title>\n<meta name=\"robots\" content=\"index, follow, max-snippet:-1, max-image-preview:large, max-video-preview:-1\" \/>\n<link rel=\"canonical\" href=\"https:\/\/dpress.ma\/fr\/2024\/01\/18\/soixantenaire-du-parlement-des-panelistes-se-penchent-sur-la-realite-et-les-defis-de-laction-parlementaire\/\" \/>\n<meta property=\"og:locale\" content=\"fr_FR\" \/>\n<meta property=\"og:type\" content=\"article\" \/>\n<meta property=\"og:title\" content=\"Soixantenaire du Parlement : Des pan\u00e9listes se penchent sur la r\u00e9alit\u00e9 et les d\u00e9fis de l\u2019action parlementaire - Dpress.ma\/fr\" \/>\n<meta property=\"og:description\" content=\"Dpress Les d\u00e9fis de l\u2019action parlementaire et les perspectives de sa promotion et am\u00e9lioration ont constitu\u00e9 le th\u00e8me du deuxi\u00e8me panel du Symposium comm\u00e9morant le 60\u00e8me anniversaire de la constitution du 1er Parlement \u00e9lu au Maroc, organis\u00e9 mercredi, sous le Haut patronage de Sa Majest\u00e9 le Roi Mohammed VI. Des acad\u00e9miciens et des chercheurs ont &hellip;\" \/>\n<meta property=\"og:url\" content=\"https:\/\/dpress.ma\/fr\/2024\/01\/18\/soixantenaire-du-parlement-des-panelistes-se-penchent-sur-la-realite-et-les-defis-de-laction-parlementaire\/\" \/>\n<meta property=\"og:site_name\" content=\"Dpress.ma\/fr\" \/>\n<meta property=\"article:published_time\" content=\"2024-01-18T09:21:16+00:00\" \/>\n<meta property=\"article:modified_time\" content=\"2024-01-18T09:21:17+00:00\" \/>\n<meta property=\"og:image\" content=\"https:\/\/dpress.ma\/fr\/wp-content\/uploads\/sites\/2\/2023\/11\/dimensions2-1.jpg\" \/>\n\t<meta property=\"og:image:width\" content=\"2539\" \/>\n\t<meta property=\"og:image:height\" content=\"1594\" \/>\n\t<meta property=\"og:image:type\" content=\"image\/jpeg\" \/>\n<meta name=\"author\" content=\"Dpress.ma\" \/>\n<meta name=\"twitter:card\" content=\"summary_large_image\" \/>\n<meta name=\"twitter:label1\" content=\"\u00c9crit par\" \/>\n\t<meta name=\"twitter:data1\" content=\"Dpress.ma\" \/>\n\t<meta name=\"twitter:label2\" content=\"Dur\u00e9e de lecture estim\u00e9e\" \/>\n\t<meta name=\"twitter:data2\" content=\"4 minutes\" \/>\n<script type=\"application\/ld+json\" class=\"yoast-schema-graph\">{\"@context\":\"https:\\\/\\\/schema.org\",\"@graph\":[{\"@type\":\"Article\",\"@id\":\"https:\\\/\\\/dpress.ma\\\/fr\\\/2024\\\/01\\\/18\\\/soixantenaire-du-parlement-des-panelistes-se-penchent-sur-la-realite-et-les-defis-de-laction-parlementaire\\\/#article\",\"isPartOf\":{\"@id\":\"https:\\\/\\\/dpress.ma\\\/fr\\\/2024\\\/01\\\/18\\\/soixantenaire-du-parlement-des-panelistes-se-penchent-sur-la-realite-et-les-defis-de-laction-parlementaire\\\/\"},\"author\":{\"name\":\"Dpress.ma\",\"@id\":\"https:\\\/\\\/dpress.ma\\\/fr\\\/#\\\/schema\\\/person\\\/4898febf3ccd59e6578d838656a306a0\"},\"headline\":\"Soixantenaire du Parlement : Des pan\u00e9listes se penchent sur la r\u00e9alit\u00e9 et les d\u00e9fis de l\u2019action parlementaire\",\"datePublished\":\"2024-01-18T09:21:16+00:00\",\"dateModified\":\"2024-01-18T09:21:17+00:00\",\"mainEntityOfPage\":{\"@id\":\"https:\\\/\\\/dpress.ma\\\/fr\\\/2024\\\/01\\\/18\\\/soixantenaire-du-parlement-des-panelistes-se-penchent-sur-la-realite-et-les-defis-de-laction-parlementaire\\\/\"},\"wordCount\":893,\"commentCount\":0,\"image\":{\"@id\":\"https:\\\/\\\/dpress.ma\\\/fr\\\/2024\\\/01\\\/18\\\/soixantenaire-du-parlement-des-panelistes-se-penchent-sur-la-realite-et-les-defis-de-laction-parlementaire\\\/#primaryimage\"},\"thumbnailUrl\":\"https:\\\/\\\/dpress.ma\\\/fr\\\/wp-content\\\/uploads\\\/sites\\\/2\\\/2023\\\/11\\\/dimensions2-1.jpg\",\"articleSection\":[\"Diplomatie Parlementaire\"],\"inLanguage\":\"fr-FR\",\"potentialAction\":[{\"@type\":\"CommentAction\",\"name\":\"Comment\",\"target\":[\"https:\\\/\\\/dpress.ma\\\/fr\\\/2024\\\/01\\\/18\\\/soixantenaire-du-parlement-des-panelistes-se-penchent-sur-la-realite-et-les-defis-de-laction-parlementaire\\\/#respond\"]}]},{\"@type\":\"WebPage\",\"@id\":\"https:\\\/\\\/dpress.ma\\\/fr\\\/2024\\\/01\\\/18\\\/soixantenaire-du-parlement-des-panelistes-se-penchent-sur-la-realite-et-les-defis-de-laction-parlementaire\\\/\",\"url\":\"https:\\\/\\\/dpress.ma\\\/fr\\\/2024\\\/01\\\/18\\\/soixantenaire-du-parlement-des-panelistes-se-penchent-sur-la-realite-et-les-defis-de-laction-parlementaire\\\/\",\"name\":\"Soixantenaire du Parlement : Des pan\u00e9listes se penchent sur la r\u00e9alit\u00e9 et les d\u00e9fis de l\u2019action parlementaire - Dpress.ma\\\/fr\",\"isPartOf\":{\"@id\":\"https:\\\/\\\/dpress.ma\\\/fr\\\/#website\"},\"primaryImageOfPage\":{\"@id\":\"https:\\\/\\\/dpress.ma\\\/fr\\\/2024\\\/01\\\/18\\\/soixantenaire-du-parlement-des-panelistes-se-penchent-sur-la-realite-et-les-defis-de-laction-parlementaire\\\/#primaryimage\"},\"image\":{\"@id\":\"https:\\\/\\\/dpress.ma\\\/fr\\\/2024\\\/01\\\/18\\\/soixantenaire-du-parlement-des-panelistes-se-penchent-sur-la-realite-et-les-defis-de-laction-parlementaire\\\/#primaryimage\"},\"thumbnailUrl\":\"https:\\\/\\\/dpress.ma\\\/fr\\\/wp-content\\\/uploads\\\/sites\\\/2\\\/2023\\\/11\\\/dimensions2-1.jpg\",\"datePublished\":\"2024-01-18T09:21:16+00:00\",\"dateModified\":\"2024-01-18T09:21:17+00:00\",\"author\":{\"@id\":\"https:\\\/\\\/dpress.ma\\\/fr\\\/#\\\/schema\\\/person\\\/4898febf3ccd59e6578d838656a306a0\"},\"breadcrumb\":{\"@id\":\"https:\\\/\\\/dpress.ma\\\/fr\\\/2024\\\/01\\\/18\\\/soixantenaire-du-parlement-des-panelistes-se-penchent-sur-la-realite-et-les-defis-de-laction-parlementaire\\\/#breadcrumb\"},\"inLanguage\":\"fr-FR\",\"potentialAction\":[{\"@type\":\"ReadAction\",\"target\":[\"https:\\\/\\\/dpress.ma\\\/fr\\\/2024\\\/01\\\/18\\\/soixantenaire-du-parlement-des-panelistes-se-penchent-sur-la-realite-et-les-defis-de-laction-parlementaire\\\/\"]}]},{\"@type\":\"ImageObject\",\"inLanguage\":\"fr-FR\",\"@id\":\"https:\\\/\\\/dpress.ma\\\/fr\\\/2024\\\/01\\\/18\\\/soixantenaire-du-parlement-des-panelistes-se-penchent-sur-la-realite-et-les-defis-de-laction-parlementaire\\\/#primaryimage\",\"url\":\"https:\\\/\\\/dpress.ma\\\/fr\\\/wp-content\\\/uploads\\\/sites\\\/2\\\/2023\\\/11\\\/dimensions2-1.jpg\",\"contentUrl\":\"https:\\\/\\\/dpress.ma\\\/fr\\\/wp-content\\\/uploads\\\/sites\\\/2\\\/2023\\\/11\\\/dimensions2-1.jpg\",\"width\":2539,\"height\":1594},{\"@type\":\"BreadcrumbList\",\"@id\":\"https:\\\/\\\/dpress.ma\\\/fr\\\/2024\\\/01\\\/18\\\/soixantenaire-du-parlement-des-panelistes-se-penchent-sur-la-realite-et-les-defis-de-laction-parlementaire\\\/#breadcrumb\",\"itemListElement\":[{\"@type\":\"ListItem\",\"position\":1,\"name\":\"Home\",\"item\":\"https:\\\/\\\/dpress.ma\\\/fr\\\/\"},{\"@type\":\"ListItem\",\"position\":2,\"name\":\"Soixantenaire du Parlement : Des pan\u00e9listes se penchent sur la r\u00e9alit\u00e9 et les d\u00e9fis de l\u2019action parlementaire\"}]},{\"@type\":\"WebSite\",\"@id\":\"https:\\\/\\\/dpress.ma\\\/fr\\\/#website\",\"url\":\"https:\\\/\\\/dpress.ma\\\/fr\\\/\",\"name\":\"Dpress.ma\\\/fr\",\"description\":\"\",\"potentialAction\":[{\"@type\":\"SearchAction\",\"target\":{\"@type\":\"EntryPoint\",\"urlTemplate\":\"https:\\\/\\\/dpress.ma\\\/fr\\\/?s={search_term_string}\"},\"query-input\":{\"@type\":\"PropertyValueSpecification\",\"valueRequired\":true,\"valueName\":\"search_term_string\"}}],\"inLanguage\":\"fr-FR\"},{\"@type\":\"Person\",\"@id\":\"https:\\\/\\\/dpress.ma\\\/fr\\\/#\\\/schema\\\/person\\\/4898febf3ccd59e6578d838656a306a0\",\"name\":\"Dpress.ma\",\"image\":{\"@type\":\"ImageObject\",\"inLanguage\":\"fr-FR\",\"@id\":\"https:\\\/\\\/secure.gravatar.com\\\/avatar\\\/72ecc30e9db047a2e0e7176561eb9d564ed77c8108376495b19bd8336405198a?s=96&d=mm&r=g\",\"url\":\"https:\\\/\\\/secure.gravatar.com\\\/avatar\\\/72ecc30e9db047a2e0e7176561eb9d564ed77c8108376495b19bd8336405198a?s=96&d=mm&r=g\",\"contentUrl\":\"https:\\\/\\\/secure.gravatar.com\\\/avatar\\\/72ecc30e9db047a2e0e7176561eb9d564ed77c8108376495b19bd8336405198a?s=96&d=mm&r=g\",\"caption\":\"Dpress.ma\"},\"sameAs\":[\"https:\\\/\\\/www.dpress.ma\"],\"url\":\"https:\\\/\\\/dpress.ma\\\/fr\\\/author\\\/dpress-ma\\\/\"}]}<\/script>\n<!-- \/ Yoast SEO plugin. -->","yoast_head_json":{"title":"Soixantenaire du Parlement : Des pan\u00e9listes se penchent sur la r\u00e9alit\u00e9 et les d\u00e9fis de l\u2019action parlementaire - Dpress.ma\/fr","robots":{"index":"index","follow":"follow","max-snippet":"max-snippet:-1","max-image-preview":"max-image-preview:large","max-video-preview":"max-video-preview:-1"},"canonical":"https:\/\/dpress.ma\/fr\/2024\/01\/18\/soixantenaire-du-parlement-des-panelistes-se-penchent-sur-la-realite-et-les-defis-de-laction-parlementaire\/","og_locale":"fr_FR","og_type":"article","og_title":"Soixantenaire du Parlement : Des pan\u00e9listes se penchent sur la r\u00e9alit\u00e9 et les d\u00e9fis de l\u2019action parlementaire - Dpress.ma\/fr","og_description":"Dpress Les d\u00e9fis de l\u2019action parlementaire et les perspectives de sa promotion et am\u00e9lioration ont constitu\u00e9 le th\u00e8me du deuxi\u00e8me panel du Symposium comm\u00e9morant le 60\u00e8me anniversaire de la constitution du 1er Parlement \u00e9lu au Maroc, organis\u00e9 mercredi, sous le Haut patronage de Sa Majest\u00e9 le Roi Mohammed VI. Des acad\u00e9miciens et des chercheurs ont &hellip;","og_url":"https:\/\/dpress.ma\/fr\/2024\/01\/18\/soixantenaire-du-parlement-des-panelistes-se-penchent-sur-la-realite-et-les-defis-de-laction-parlementaire\/","og_site_name":"Dpress.ma\/fr","article_published_time":"2024-01-18T09:21:16+00:00","article_modified_time":"2024-01-18T09:21:17+00:00","og_image":[{"width":2539,"height":1594,"url":"https:\/\/dpress.ma\/fr\/wp-content\/uploads\/sites\/2\/2023\/11\/dimensions2-1.jpg","type":"image\/jpeg"}],"author":"Dpress.ma","twitter_card":"summary_large_image","twitter_misc":{"\u00c9crit par":"Dpress.ma","Dur\u00e9e de lecture estim\u00e9e":"4 minutes"},"schema":{"@context":"https:\/\/schema.org","@graph":[{"@type":"Article","@id":"https:\/\/dpress.ma\/fr\/2024\/01\/18\/soixantenaire-du-parlement-des-panelistes-se-penchent-sur-la-realite-et-les-defis-de-laction-parlementaire\/#article","isPartOf":{"@id":"https:\/\/dpress.ma\/fr\/2024\/01\/18\/soixantenaire-du-parlement-des-panelistes-se-penchent-sur-la-realite-et-les-defis-de-laction-parlementaire\/"},"author":{"name":"Dpress.ma","@id":"https:\/\/dpress.ma\/fr\/#\/schema\/person\/4898febf3ccd59e6578d838656a306a0"},"headline":"Soixantenaire du Parlement : Des pan\u00e9listes se penchent sur la r\u00e9alit\u00e9 et les d\u00e9fis de l\u2019action parlementaire","datePublished":"2024-01-18T09:21:16+00:00","dateModified":"2024-01-18T09:21:17+00:00","mainEntityOfPage":{"@id":"https:\/\/dpress.ma\/fr\/2024\/01\/18\/soixantenaire-du-parlement-des-panelistes-se-penchent-sur-la-realite-et-les-defis-de-laction-parlementaire\/"},"wordCount":893,"commentCount":0,"image":{"@id":"https:\/\/dpress.ma\/fr\/2024\/01\/18\/soixantenaire-du-parlement-des-panelistes-se-penchent-sur-la-realite-et-les-defis-de-laction-parlementaire\/#primaryimage"},"thumbnailUrl":"https:\/\/dpress.ma\/fr\/wp-content\/uploads\/sites\/2\/2023\/11\/dimensions2-1.jpg","articleSection":["Diplomatie Parlementaire"],"inLanguage":"fr-FR","potentialAction":[{"@type":"CommentAction","name":"Comment","target":["https:\/\/dpress.ma\/fr\/2024\/01\/18\/soixantenaire-du-parlement-des-panelistes-se-penchent-sur-la-realite-et-les-defis-de-laction-parlementaire\/#respond"]}]},{"@type":"WebPage","@id":"https:\/\/dpress.ma\/fr\/2024\/01\/18\/soixantenaire-du-parlement-des-panelistes-se-penchent-sur-la-realite-et-les-defis-de-laction-parlementaire\/","url":"https:\/\/dpress.ma\/fr\/2024\/01\/18\/soixantenaire-du-parlement-des-panelistes-se-penchent-sur-la-realite-et-les-defis-de-laction-parlementaire\/","name":"Soixantenaire du Parlement : Des pan\u00e9listes se penchent sur la r\u00e9alit\u00e9 et les d\u00e9fis de l\u2019action parlementaire - Dpress.ma\/fr","isPartOf":{"@id":"https:\/\/dpress.ma\/fr\/#website"},"primaryImageOfPage":{"@id":"https:\/\/dpress.ma\/fr\/2024\/01\/18\/soixantenaire-du-parlement-des-panelistes-se-penchent-sur-la-realite-et-les-defis-de-laction-parlementaire\/#primaryimage"},"image":{"@id":"https:\/\/dpress.ma\/fr\/2024\/01\/18\/soixantenaire-du-parlement-des-panelistes-se-penchent-sur-la-realite-et-les-defis-de-laction-parlementaire\/#primaryimage"},"thumbnailUrl":"https:\/\/dpress.ma\/fr\/wp-content\/uploads\/sites\/2\/2023\/11\/dimensions2-1.jpg","datePublished":"2024-01-18T09:21:16+00:00","dateModified":"2024-01-18T09:21:17+00:00","author":{"@id":"https:\/\/dpress.ma\/fr\/#\/schema\/person\/4898febf3ccd59e6578d838656a306a0"},"breadcrumb":{"@id":"https:\/\/dpress.ma\/fr\/2024\/01\/18\/soixantenaire-du-parlement-des-panelistes-se-penchent-sur-la-realite-et-les-defis-de-laction-parlementaire\/#breadcrumb"},"inLanguage":"fr-FR","potentialAction":[{"@type":"ReadAction","target":["https:\/\/dpress.ma\/fr\/2024\/01\/18\/soixantenaire-du-parlement-des-panelistes-se-penchent-sur-la-realite-et-les-defis-de-laction-parlementaire\/"]}]},{"@type":"ImageObject","inLanguage":"fr-FR","@id":"https:\/\/dpress.ma\/fr\/2024\/01\/18\/soixantenaire-du-parlement-des-panelistes-se-penchent-sur-la-realite-et-les-defis-de-laction-parlementaire\/#primaryimage","url":"https:\/\/dpress.ma\/fr\/wp-content\/uploads\/sites\/2\/2023\/11\/dimensions2-1.jpg","contentUrl":"https:\/\/dpress.ma\/fr\/wp-content\/uploads\/sites\/2\/2023\/11\/dimensions2-1.jpg","width":2539,"height":1594},{"@type":"BreadcrumbList","@id":"https:\/\/dpress.ma\/fr\/2024\/01\/18\/soixantenaire-du-parlement-des-panelistes-se-penchent-sur-la-realite-et-les-defis-de-laction-parlementaire\/#breadcrumb","itemListElement":[{"@type":"ListItem","position":1,"name":"Home","item":"https:\/\/dpress.ma\/fr\/"},{"@type":"ListItem","position":2,"name":"Soixantenaire du Parlement : Des pan\u00e9listes se penchent sur la r\u00e9alit\u00e9 et les d\u00e9fis de l\u2019action parlementaire"}]},{"@type":"WebSite","@id":"https:\/\/dpress.ma\/fr\/#website","url":"https:\/\/dpress.ma\/fr\/","name":"Dpress.ma\/fr","description":"","potentialAction":[{"@type":"SearchAction","target":{"@type":"EntryPoint","urlTemplate":"https:\/\/dpress.ma\/fr\/?s={search_term_string}"},"query-input":{"@type":"PropertyValueSpecification","valueRequired":true,"valueName":"search_term_string"}}],"inLanguage":"fr-FR"},{"@type":"Person","@id":"https:\/\/dpress.ma\/fr\/#\/schema\/person\/4898febf3ccd59e6578d838656a306a0","name":"Dpress.ma","image":{"@type":"ImageObject","inLanguage":"fr-FR","@id":"https:\/\/secure.gravatar.com\/avatar\/72ecc30e9db047a2e0e7176561eb9d564ed77c8108376495b19bd8336405198a?s=96&d=mm&r=g","url":"https:\/\/secure.gravatar.com\/avatar\/72ecc30e9db047a2e0e7176561eb9d564ed77c8108376495b19bd8336405198a?s=96&d=mm&r=g","contentUrl":"https:\/\/secure.gravatar.com\/avatar\/72ecc30e9db047a2e0e7176561eb9d564ed77c8108376495b19bd8336405198a?s=96&d=mm&r=g","caption":"Dpress.ma"},"sameAs":["https:\/\/www.dpress.ma"],"url":"https:\/\/dpress.ma\/fr\/author\/dpress-ma\/"}]}},"amp_enabled":true,"_links":{"self":[{"href":"https:\/\/dpress.ma\/fr\/wp-json\/wp\/v2\/posts\/7503","targetHints":{"allow":["GET"]}}],"collection":[{"href":"https:\/\/dpress.ma\/fr\/wp-json\/wp\/v2\/posts"}],"about":[{"href":"https:\/\/dpress.ma\/fr\/wp-json\/wp\/v2\/types\/post"}],"author":[{"embeddable":true,"href":"https:\/\/dpress.ma\/fr\/wp-json\/wp\/v2\/users\/2"}],"replies":[{"embeddable":true,"href":"https:\/\/dpress.ma\/fr\/wp-json\/wp\/v2\/comments?post=7503"}],"version-history":[{"count":1,"href":"https:\/\/dpress.ma\/fr\/wp-json\/wp\/v2\/posts\/7503\/revisions"}],"predecessor-version":[{"id":7504,"href":"https:\/\/dpress.ma\/fr\/wp-json\/wp\/v2\/posts\/7503\/revisions\/7504"}],"wp:featuredmedia":[{"embeddable":true,"href":"https:\/\/dpress.ma\/fr\/wp-json\/wp\/v2\/media\/6342"}],"wp:attachment":[{"href":"https:\/\/dpress.ma\/fr\/wp-json\/wp\/v2\/media?parent=7503"}],"wp:term":[{"taxonomy":"category","embeddable":true,"href":"https:\/\/dpress.ma\/fr\/wp-json\/wp\/v2\/categories?post=7503"},{"taxonomy":"post_tag","embeddable":true,"href":"https:\/\/dpress.ma\/fr\/wp-json\/wp\/v2\/tags?post=7503"}],"curies":[{"name":"wp","href":"https:\/\/api.w.org\/{rel}","templated":true}]}}