{"id":7469,"date":"2024-01-16T08:48:04","date_gmt":"2024-01-16T08:48:04","guid":{"rendered":"https:\/\/dpress.ma\/fr\/?p=7469"},"modified":"2024-01-16T08:48:05","modified_gmt":"2024-01-16T08:48:05","slug":"la-strategie-nationale-de-transition-numerique-2030-vise-a-eriger-le-digital-en-levier-du-developpement-socioeconomique","status":"publish","type":"post","link":"https:\/\/dpress.ma\/fr\/2024\/01\/16\/la-strategie-nationale-de-transition-numerique-2030-vise-a-eriger-le-digital-en-levier-du-developpement-socioeconomique\/","title":{"rendered":"La strat\u00e9gie nationale de transition num\u00e9rique 2030 vise \u00e0 \u00e9riger le digital en levier du d\u00e9veloppement socio\u00e9conomique"},"content":{"rendered":"\n<p class=\"wp-block-paragraph\">Dpress<\/p>\n\n\n\n<p class=\"wp-block-paragraph\">La strat\u00e9gie nationale de transition num\u00e9rique \u201cMaroc Digital\u201d 2030, en cours d\u2019approbation, vise \u00e0 \u00e9riger le digital en levier cl\u00e9 du d\u00e9veloppement socio\u00e9conomique et \u00e0 r\u00e9pondre aux attentes des citoyens, a affirm\u00e9, lundi \u00e0 la Chambre des repr\u00e9sentants, la ministre de la transition num\u00e9rique et de la r\u00e9forme de l\u2019administration, Ghita Mezzour.<\/p>\n","protected":false},"excerpt":{"rendered":"<p>Dpress La strat\u00e9gie nationale de transition num\u00e9rique \u201cMaroc Digital\u201d 2030, en cours d\u2019approbation, vise \u00e0 \u00e9riger le digital en levier cl\u00e9 du d\u00e9veloppement socio\u00e9conomique et \u00e0 r\u00e9pondre aux attentes des citoyens, a affirm\u00e9, lundi \u00e0 la Chambre des repr\u00e9sentants, la ministre de la transition num\u00e9rique et de la r\u00e9forme de l\u2019administration, Ghita Mezzour.<\/p>\n","protected":false},"author":2,"featured_media":7360,"comment_status":"open","ping_status":"open","sticky":false,"template":"","format":"standard","meta":{"footnotes":""},"categories":[25],"tags":[],"class_list":["post-7469","post","type-post","status-publish","format-standard","has-post-thumbnail","hentry","category-economie"],"yoast_head":"<!-- This site is optimized with the Yoast SEO plugin v28.0 - https:\/\/yoast.com\/product\/yoast-seo-wordpress\/ -->\n<title>La strat\u00e9gie nationale de transition num\u00e9rique 2030 vise \u00e0 \u00e9riger le digital en levier du d\u00e9veloppement socio\u00e9conomique - Dpress.ma\/fr<\/title>\n<meta name=\"robots\" content=\"index, follow, max-snippet:-1, max-image-preview:large, max-video-preview:-1\" \/>\n<link rel=\"canonical\" href=\"https:\/\/dpress.ma\/fr\/2024\/01\/16\/la-strategie-nationale-de-transition-numerique-2030-vise-a-eriger-le-digital-en-levier-du-developpement-socioeconomique\/\" \/>\n<meta property=\"og:locale\" content=\"fr_FR\" \/>\n<meta property=\"og:type\" content=\"article\" \/>\n<meta property=\"og:title\" content=\"La strat\u00e9gie nationale de transition num\u00e9rique 2030 vise \u00e0 \u00e9riger le digital en levier du d\u00e9veloppement socio\u00e9conomique - Dpress.ma\/fr\" \/>\n<meta property=\"og:description\" content=\"Dpress La strat\u00e9gie nationale de transition num\u00e9rique \u201cMaroc Digital\u201d 2030, en cours d\u2019approbation, vise \u00e0 \u00e9riger le digital en levier cl\u00e9 du d\u00e9veloppement socio\u00e9conomique et \u00e0 r\u00e9pondre aux attentes des citoyens, a affirm\u00e9, lundi \u00e0 la Chambre des repr\u00e9sentants, la ministre de la transition num\u00e9rique et de la r\u00e9forme de l\u2019administration, Ghita Mezzour.\" \/>\n<meta property=\"og:url\" content=\"https:\/\/dpress.ma\/fr\/2024\/01\/16\/la-strategie-nationale-de-transition-numerique-2030-vise-a-eriger-le-digital-en-levier-du-developpement-socioeconomique\/\" \/>\n<meta property=\"og:site_name\" content=\"Dpress.ma\/fr\" \/>\n<meta property=\"article:published_time\" content=\"2024-01-16T08:48:04+00:00\" \/>\n<meta property=\"article:modified_time\" content=\"2024-01-16T08:48:05+00:00\" \/>\n<meta property=\"og:image\" content=\"https:\/\/dpress.ma\/fr\/wp-content\/uploads\/sites\/2\/2024\/01\/dimensions2-13.jpg\" \/>\n\t<meta property=\"og:image:width\" content=\"2539\" \/>\n\t<meta property=\"og:image:height\" content=\"1594\" \/>\n\t<meta property=\"og:image:type\" content=\"image\/jpeg\" \/>\n<meta name=\"author\" content=\"Dpress.ma\" \/>\n<meta name=\"twitter:card\" content=\"summary_large_image\" \/>\n<meta name=\"twitter:label1\" content=\"\u00c9crit par\" \/>\n\t<meta name=\"twitter:data1\" content=\"Dpress.ma\" \/>\n\t<meta name=\"twitter:label2\" content=\"Dur\u00e9e de lecture estim\u00e9e\" \/>\n\t<meta name=\"twitter:data2\" content=\"1 minute\" \/>\n<script type=\"application\/ld+json\" class=\"yoast-schema-graph\">{\"@context\":\"https:\\\/\\\/schema.org\",\"@graph\":[{\"@type\":\"Article\",\"@id\":\"https:\\\/\\\/dpress.ma\\\/fr\\\/2024\\\/01\\\/16\\\/la-strategie-nationale-de-transition-numerique-2030-vise-a-eriger-le-digital-en-levier-du-developpement-socioeconomique\\\/#article\",\"isPartOf\":{\"@id\":\"https:\\\/\\\/dpress.ma\\\/fr\\\/2024\\\/01\\\/16\\\/la-strategie-nationale-de-transition-numerique-2030-vise-a-eriger-le-digital-en-levier-du-developpement-socioeconomique\\\/\"},\"author\":{\"name\":\"Dpress.ma\",\"@id\":\"https:\\\/\\\/dpress.ma\\\/fr\\\/#\\\/schema\\\/person\\\/4898febf3ccd59e6578d838656a306a0\"},\"headline\":\"La strat\u00e9gie nationale de transition num\u00e9rique 2030 vise \u00e0 \u00e9riger le digital en levier du d\u00e9veloppement socio\u00e9conomique\",\"datePublished\":\"2024-01-16T08:48:04+00:00\",\"dateModified\":\"2024-01-16T08:48:05+00:00\",\"mainEntityOfPage\":{\"@id\":\"https:\\\/\\\/dpress.ma\\\/fr\\\/2024\\\/01\\\/16\\\/la-strategie-nationale-de-transition-numerique-2030-vise-a-eriger-le-digital-en-levier-du-developpement-socioeconomique\\\/\"},\"wordCount\":78,\"commentCount\":0,\"image\":{\"@id\":\"https:\\\/\\\/dpress.ma\\\/fr\\\/2024\\\/01\\\/16\\\/la-strategie-nationale-de-transition-numerique-2030-vise-a-eriger-le-digital-en-levier-du-developpement-socioeconomique\\\/#primaryimage\"},\"thumbnailUrl\":\"https:\\\/\\\/dpress.ma\\\/fr\\\/wp-content\\\/uploads\\\/sites\\\/2\\\/2024\\\/01\\\/dimensions2-13.jpg\",\"articleSection\":[\"\u00c9conomie\"],\"inLanguage\":\"fr-FR\",\"potentialAction\":[{\"@type\":\"CommentAction\",\"name\":\"Comment\",\"target\":[\"https:\\\/\\\/dpress.ma\\\/fr\\\/2024\\\/01\\\/16\\\/la-strategie-nationale-de-transition-numerique-2030-vise-a-eriger-le-digital-en-levier-du-developpement-socioeconomique\\\/#respond\"]}]},{\"@type\":\"WebPage\",\"@id\":\"https:\\\/\\\/dpress.ma\\\/fr\\\/2024\\\/01\\\/16\\\/la-strategie-nationale-de-transition-numerique-2030-vise-a-eriger-le-digital-en-levier-du-developpement-socioeconomique\\\/\",\"url\":\"https:\\\/\\\/dpress.ma\\\/fr\\\/2024\\\/01\\\/16\\\/la-strategie-nationale-de-transition-numerique-2030-vise-a-eriger-le-digital-en-levier-du-developpement-socioeconomique\\\/\",\"name\":\"La strat\u00e9gie nationale de transition num\u00e9rique 2030 vise \u00e0 \u00e9riger le digital en levier du d\u00e9veloppement socio\u00e9conomique - Dpress.ma\\\/fr\",\"isPartOf\":{\"@id\":\"https:\\\/\\\/dpress.ma\\\/fr\\\/#website\"},\"primaryImageOfPage\":{\"@id\":\"https:\\\/\\\/dpress.ma\\\/fr\\\/2024\\\/01\\\/16\\\/la-strategie-nationale-de-transition-numerique-2030-vise-a-eriger-le-digital-en-levier-du-developpement-socioeconomique\\\/#primaryimage\"},\"image\":{\"@id\":\"https:\\\/\\\/dpress.ma\\\/fr\\\/2024\\\/01\\\/16\\\/la-strategie-nationale-de-transition-numerique-2030-vise-a-eriger-le-digital-en-levier-du-developpement-socioeconomique\\\/#primaryimage\"},\"thumbnailUrl\":\"https:\\\/\\\/dpress.ma\\\/fr\\\/wp-content\\\/uploads\\\/sites\\\/2\\\/2024\\\/01\\\/dimensions2-13.jpg\",\"datePublished\":\"2024-01-16T08:48:04+00:00\",\"dateModified\":\"2024-01-16T08:48:05+00:00\",\"author\":{\"@id\":\"https:\\\/\\\/dpress.ma\\\/fr\\\/#\\\/schema\\\/person\\\/4898febf3ccd59e6578d838656a306a0\"},\"breadcrumb\":{\"@id\":\"https:\\\/\\\/dpress.ma\\\/fr\\\/2024\\\/01\\\/16\\\/la-strategie-nationale-de-transition-numerique-2030-vise-a-eriger-le-digital-en-levier-du-developpement-socioeconomique\\\/#breadcrumb\"},\"inLanguage\":\"fr-FR\",\"potentialAction\":[{\"@type\":\"ReadAction\",\"target\":[\"https:\\\/\\\/dpress.ma\\\/fr\\\/2024\\\/01\\\/16\\\/la-strategie-nationale-de-transition-numerique-2030-vise-a-eriger-le-digital-en-levier-du-developpement-socioeconomique\\\/\"]}]},{\"@type\":\"ImageObject\",\"inLanguage\":\"fr-FR\",\"@id\":\"https:\\\/\\\/dpress.ma\\\/fr\\\/2024\\\/01\\\/16\\\/la-strategie-nationale-de-transition-numerique-2030-vise-a-eriger-le-digital-en-levier-du-developpement-socioeconomique\\\/#primaryimage\",\"url\":\"https:\\\/\\\/dpress.ma\\\/fr\\\/wp-content\\\/uploads\\\/sites\\\/2\\\/2024\\\/01\\\/dimensions2-13.jpg\",\"contentUrl\":\"https:\\\/\\\/dpress.ma\\\/fr\\\/wp-content\\\/uploads\\\/sites\\\/2\\\/2024\\\/01\\\/dimensions2-13.jpg\",\"width\":2539,\"height\":1594},{\"@type\":\"BreadcrumbList\",\"@id\":\"https:\\\/\\\/dpress.ma\\\/fr\\\/2024\\\/01\\\/16\\\/la-strategie-nationale-de-transition-numerique-2030-vise-a-eriger-le-digital-en-levier-du-developpement-socioeconomique\\\/#breadcrumb\",\"itemListElement\":[{\"@type\":\"ListItem\",\"position\":1,\"name\":\"Home\",\"item\":\"https:\\\/\\\/dpress.ma\\\/fr\\\/\"},{\"@type\":\"ListItem\",\"position\":2,\"name\":\"La strat\u00e9gie nationale de transition num\u00e9rique 2030 vise \u00e0 \u00e9riger le digital en levier du d\u00e9veloppement socio\u00e9conomique\"}]},{\"@type\":\"WebSite\",\"@id\":\"https:\\\/\\\/dpress.ma\\\/fr\\\/#website\",\"url\":\"https:\\\/\\\/dpress.ma\\\/fr\\\/\",\"name\":\"Dpress.ma\\\/fr\",\"description\":\"\",\"potentialAction\":[{\"@type\":\"SearchAction\",\"target\":{\"@type\":\"EntryPoint\",\"urlTemplate\":\"https:\\\/\\\/dpress.ma\\\/fr\\\/?s={search_term_string}\"},\"query-input\":{\"@type\":\"PropertyValueSpecification\",\"valueRequired\":true,\"valueName\":\"search_term_string\"}}],\"inLanguage\":\"fr-FR\"},{\"@type\":\"Person\",\"@id\":\"https:\\\/\\\/dpress.ma\\\/fr\\\/#\\\/schema\\\/person\\\/4898febf3ccd59e6578d838656a306a0\",\"name\":\"Dpress.ma\",\"image\":{\"@type\":\"ImageObject\",\"inLanguage\":\"fr-FR\",\"@id\":\"https:\\\/\\\/secure.gravatar.com\\\/avatar\\\/72ecc30e9db047a2e0e7176561eb9d564ed77c8108376495b19bd8336405198a?s=96&d=mm&r=g\",\"url\":\"https:\\\/\\\/secure.gravatar.com\\\/avatar\\\/72ecc30e9db047a2e0e7176561eb9d564ed77c8108376495b19bd8336405198a?s=96&d=mm&r=g\",\"contentUrl\":\"https:\\\/\\\/secure.gravatar.com\\\/avatar\\\/72ecc30e9db047a2e0e7176561eb9d564ed77c8108376495b19bd8336405198a?s=96&d=mm&r=g\",\"caption\":\"Dpress.ma\"},\"sameAs\":[\"https:\\\/\\\/www.dpress.ma\"],\"url\":\"https:\\\/\\\/dpress.ma\\\/fr\\\/author\\\/dpress-ma\\\/\"}]}<\/script>\n<!-- \/ Yoast SEO plugin. -->","yoast_head_json":{"title":"La strat\u00e9gie nationale de transition num\u00e9rique 2030 vise \u00e0 \u00e9riger le digital en levier du d\u00e9veloppement socio\u00e9conomique - Dpress.ma\/fr","robots":{"index":"index","follow":"follow","max-snippet":"max-snippet:-1","max-image-preview":"max-image-preview:large","max-video-preview":"max-video-preview:-1"},"canonical":"https:\/\/dpress.ma\/fr\/2024\/01\/16\/la-strategie-nationale-de-transition-numerique-2030-vise-a-eriger-le-digital-en-levier-du-developpement-socioeconomique\/","og_locale":"fr_FR","og_type":"article","og_title":"La strat\u00e9gie nationale de transition num\u00e9rique 2030 vise \u00e0 \u00e9riger le digital en levier du d\u00e9veloppement socio\u00e9conomique - Dpress.ma\/fr","og_description":"Dpress La strat\u00e9gie nationale de transition num\u00e9rique \u201cMaroc Digital\u201d 2030, en cours d\u2019approbation, vise \u00e0 \u00e9riger le digital en levier cl\u00e9 du d\u00e9veloppement socio\u00e9conomique et \u00e0 r\u00e9pondre aux attentes des citoyens, a affirm\u00e9, lundi \u00e0 la Chambre des repr\u00e9sentants, la ministre de la transition num\u00e9rique et de la r\u00e9forme de l\u2019administration, Ghita Mezzour.","og_url":"https:\/\/dpress.ma\/fr\/2024\/01\/16\/la-strategie-nationale-de-transition-numerique-2030-vise-a-eriger-le-digital-en-levier-du-developpement-socioeconomique\/","og_site_name":"Dpress.ma\/fr","article_published_time":"2024-01-16T08:48:04+00:00","article_modified_time":"2024-01-16T08:48:05+00:00","og_image":[{"width":2539,"height":1594,"url":"https:\/\/dpress.ma\/fr\/wp-content\/uploads\/sites\/2\/2024\/01\/dimensions2-13.jpg","type":"image\/jpeg"}],"author":"Dpress.ma","twitter_card":"summary_large_image","twitter_misc":{"\u00c9crit par":"Dpress.ma","Dur\u00e9e de lecture estim\u00e9e":"1 minute"},"schema":{"@context":"https:\/\/schema.org","@graph":[{"@type":"Article","@id":"https:\/\/dpress.ma\/fr\/2024\/01\/16\/la-strategie-nationale-de-transition-numerique-2030-vise-a-eriger-le-digital-en-levier-du-developpement-socioeconomique\/#article","isPartOf":{"@id":"https:\/\/dpress.ma\/fr\/2024\/01\/16\/la-strategie-nationale-de-transition-numerique-2030-vise-a-eriger-le-digital-en-levier-du-developpement-socioeconomique\/"},"author":{"name":"Dpress.ma","@id":"https:\/\/dpress.ma\/fr\/#\/schema\/person\/4898febf3ccd59e6578d838656a306a0"},"headline":"La strat\u00e9gie nationale de transition num\u00e9rique 2030 vise \u00e0 \u00e9riger le digital en levier du d\u00e9veloppement socio\u00e9conomique","datePublished":"2024-01-16T08:48:04+00:00","dateModified":"2024-01-16T08:48:05+00:00","mainEntityOfPage":{"@id":"https:\/\/dpress.ma\/fr\/2024\/01\/16\/la-strategie-nationale-de-transition-numerique-2030-vise-a-eriger-le-digital-en-levier-du-developpement-socioeconomique\/"},"wordCount":78,"commentCount":0,"image":{"@id":"https:\/\/dpress.ma\/fr\/2024\/01\/16\/la-strategie-nationale-de-transition-numerique-2030-vise-a-eriger-le-digital-en-levier-du-developpement-socioeconomique\/#primaryimage"},"thumbnailUrl":"https:\/\/dpress.ma\/fr\/wp-content\/uploads\/sites\/2\/2024\/01\/dimensions2-13.jpg","articleSection":["\u00c9conomie"],"inLanguage":"fr-FR","potentialAction":[{"@type":"CommentAction","name":"Comment","target":["https:\/\/dpress.ma\/fr\/2024\/01\/16\/la-strategie-nationale-de-transition-numerique-2030-vise-a-eriger-le-digital-en-levier-du-developpement-socioeconomique\/#respond"]}]},{"@type":"WebPage","@id":"https:\/\/dpress.ma\/fr\/2024\/01\/16\/la-strategie-nationale-de-transition-numerique-2030-vise-a-eriger-le-digital-en-levier-du-developpement-socioeconomique\/","url":"https:\/\/dpress.ma\/fr\/2024\/01\/16\/la-strategie-nationale-de-transition-numerique-2030-vise-a-eriger-le-digital-en-levier-du-developpement-socioeconomique\/","name":"La strat\u00e9gie nationale de transition num\u00e9rique 2030 vise \u00e0 \u00e9riger le digital en levier du d\u00e9veloppement socio\u00e9conomique - Dpress.ma\/fr","isPartOf":{"@id":"https:\/\/dpress.ma\/fr\/#website"},"primaryImageOfPage":{"@id":"https:\/\/dpress.ma\/fr\/2024\/01\/16\/la-strategie-nationale-de-transition-numerique-2030-vise-a-eriger-le-digital-en-levier-du-developpement-socioeconomique\/#primaryimage"},"image":{"@id":"https:\/\/dpress.ma\/fr\/2024\/01\/16\/la-strategie-nationale-de-transition-numerique-2030-vise-a-eriger-le-digital-en-levier-du-developpement-socioeconomique\/#primaryimage"},"thumbnailUrl":"https:\/\/dpress.ma\/fr\/wp-content\/uploads\/sites\/2\/2024\/01\/dimensions2-13.jpg","datePublished":"2024-01-16T08:48:04+00:00","dateModified":"2024-01-16T08:48:05+00:00","author":{"@id":"https:\/\/dpress.ma\/fr\/#\/schema\/person\/4898febf3ccd59e6578d838656a306a0"},"breadcrumb":{"@id":"https:\/\/dpress.ma\/fr\/2024\/01\/16\/la-strategie-nationale-de-transition-numerique-2030-vise-a-eriger-le-digital-en-levier-du-developpement-socioeconomique\/#breadcrumb"},"inLanguage":"fr-FR","potentialAction":[{"@type":"ReadAction","target":["https:\/\/dpress.ma\/fr\/2024\/01\/16\/la-strategie-nationale-de-transition-numerique-2030-vise-a-eriger-le-digital-en-levier-du-developpement-socioeconomique\/"]}]},{"@type":"ImageObject","inLanguage":"fr-FR","@id":"https:\/\/dpress.ma\/fr\/2024\/01\/16\/la-strategie-nationale-de-transition-numerique-2030-vise-a-eriger-le-digital-en-levier-du-developpement-socioeconomique\/#primaryimage","url":"https:\/\/dpress.ma\/fr\/wp-content\/uploads\/sites\/2\/2024\/01\/dimensions2-13.jpg","contentUrl":"https:\/\/dpress.ma\/fr\/wp-content\/uploads\/sites\/2\/2024\/01\/dimensions2-13.jpg","width":2539,"height":1594},{"@type":"BreadcrumbList","@id":"https:\/\/dpress.ma\/fr\/2024\/01\/16\/la-strategie-nationale-de-transition-numerique-2030-vise-a-eriger-le-digital-en-levier-du-developpement-socioeconomique\/#breadcrumb","itemListElement":[{"@type":"ListItem","position":1,"name":"Home","item":"https:\/\/dpress.ma\/fr\/"},{"@type":"ListItem","position":2,"name":"La strat\u00e9gie nationale de transition num\u00e9rique 2030 vise \u00e0 \u00e9riger le digital en levier du d\u00e9veloppement socio\u00e9conomique"}]},{"@type":"WebSite","@id":"https:\/\/dpress.ma\/fr\/#website","url":"https:\/\/dpress.ma\/fr\/","name":"Dpress.ma\/fr","description":"","potentialAction":[{"@type":"SearchAction","target":{"@type":"EntryPoint","urlTemplate":"https:\/\/dpress.ma\/fr\/?s={search_term_string}"},"query-input":{"@type":"PropertyValueSpecification","valueRequired":true,"valueName":"search_term_string"}}],"inLanguage":"fr-FR"},{"@type":"Person","@id":"https:\/\/dpress.ma\/fr\/#\/schema\/person\/4898febf3ccd59e6578d838656a306a0","name":"Dpress.ma","image":{"@type":"ImageObject","inLanguage":"fr-FR","@id":"https:\/\/secure.gravatar.com\/avatar\/72ecc30e9db047a2e0e7176561eb9d564ed77c8108376495b19bd8336405198a?s=96&d=mm&r=g","url":"https:\/\/secure.gravatar.com\/avatar\/72ecc30e9db047a2e0e7176561eb9d564ed77c8108376495b19bd8336405198a?s=96&d=mm&r=g","contentUrl":"https:\/\/secure.gravatar.com\/avatar\/72ecc30e9db047a2e0e7176561eb9d564ed77c8108376495b19bd8336405198a?s=96&d=mm&r=g","caption":"Dpress.ma"},"sameAs":["https:\/\/www.dpress.ma"],"url":"https:\/\/dpress.ma\/fr\/author\/dpress-ma\/"}]}},"amp_enabled":true,"_links":{"self":[{"href":"https:\/\/dpress.ma\/fr\/wp-json\/wp\/v2\/posts\/7469","targetHints":{"allow":["GET"]}}],"collection":[{"href":"https:\/\/dpress.ma\/fr\/wp-json\/wp\/v2\/posts"}],"about":[{"href":"https:\/\/dpress.ma\/fr\/wp-json\/wp\/v2\/types\/post"}],"author":[{"embeddable":true,"href":"https:\/\/dpress.ma\/fr\/wp-json\/wp\/v2\/users\/2"}],"replies":[{"embeddable":true,"href":"https:\/\/dpress.ma\/fr\/wp-json\/wp\/v2\/comments?post=7469"}],"version-history":[{"count":1,"href":"https:\/\/dpress.ma\/fr\/wp-json\/wp\/v2\/posts\/7469\/revisions"}],"predecessor-version":[{"id":7470,"href":"https:\/\/dpress.ma\/fr\/wp-json\/wp\/v2\/posts\/7469\/revisions\/7470"}],"wp:featuredmedia":[{"embeddable":true,"href":"https:\/\/dpress.ma\/fr\/wp-json\/wp\/v2\/media\/7360"}],"wp:attachment":[{"href":"https:\/\/dpress.ma\/fr\/wp-json\/wp\/v2\/media?parent=7469"}],"wp:term":[{"taxonomy":"category","embeddable":true,"href":"https:\/\/dpress.ma\/fr\/wp-json\/wp\/v2\/categories?post=7469"},{"taxonomy":"post_tag","embeddable":true,"href":"https:\/\/dpress.ma\/fr\/wp-json\/wp\/v2\/tags?post=7469"}],"curies":[{"name":"wp","href":"https:\/\/api.w.org\/{rel}","templated":true}]}}