{"id":7344,"date":"2024-01-08T11:34:48","date_gmt":"2024-01-08T11:34:48","guid":{"rendered":"https:\/\/dpress.ma\/fr\/?p=7344"},"modified":"2024-01-08T11:34:49","modified_gmt":"2024-01-08T11:34:49","slug":"amo-annulation-des-creances-dues-a-la-cnss-au-profit-des-travailleurs-non-salaries","status":"publish","type":"post","link":"https:\/\/dpress.ma\/fr\/2024\/01\/08\/amo-annulation-des-creances-dues-a-la-cnss-au-profit-des-travailleurs-non-salaries\/","title":{"rendered":"AMO: annulation des cr\u00e9ances dues \u00e0 la CNSS au profit des travailleurs non salari\u00e9s"},"content":{"rendered":"\n<p class=\"wp-block-paragraph\">Dpress<\/p>\n\n\n\n<p class=\"wp-block-paragraph\">Les \u201cTravailleurs non salari\u00e9\u201d, ayant au moins trois mois d\u2019impay\u00e9s pour la p\u00e9riode de novembre 2023 et ant\u00e9rieur, peuvent d\u00e9sormais b\u00e9n\u00e9ficier, d\u2019une annulation des cr\u00e9ances dues de la Caisse Nationale de S\u00e9curit\u00e9 Sociale (CNSS) au titre du r\u00e9gime de l\u2019assurance maladie obligatoire de base (AMO).<\/p>\n\n\n\n<p class=\"wp-block-paragraph\">Cette mesure, annonc\u00e9e ce lundi par la CNSS dans un communiqu\u00e9, intervient en application de la loi n\u00b0 41.23 du 04\/12\/2023 et concerne l\u2019annulation les cr\u00e9ances relatives aux cotisations, p\u00e9nalit\u00e9s de retard et frais de poursuites, au profit des professionnels, des travailleurs ind\u00e9pendants et des personnes non salari\u00e9es exer\u00e7ant une activit\u00e9 lib\u00e9rale (Travailleurs non salari\u00e9s).<\/p>\n\n\n\n<p class=\"wp-block-paragraph\">Selon la m\u00eame source, les travailleurs non salari\u00e9s souhaitant b\u00e9n\u00e9ficier des dispositions de cette mesure doivent entamer le paiement des cotisations dues \u00e0 partir de d\u00e9cembre 2023, pendant la p\u00e9riode d\u2019\u00e9ligibilit\u00e9 allant de janvier 2024 \u00e0 avril 2024.<\/p>\n\n\n\n<p class=\"wp-block-paragraph\">Ils sont aussi tenus de payer r\u00e9guli\u00e8rement les cotisations pendant une p\u00e9riode de douze mois cons\u00e9cutifs, qui commence \u00e0 partir du mois qui suit le mois du premier paiement effectu\u00e9 par les travailleurs non salari\u00e9s.<\/p>\n\n\n\n<p class=\"wp-block-paragraph\">Le communiqu\u00e9 explique que les travailleurs non salari\u00e9s, \u00e9ligibles \u00e0 l\u2019annulation, seront soumis \u00e0 une p\u00e9riode de stage pour l\u2019ouverture de droit \u00e0 l\u2019assurance maladie obligatoire de base, fix\u00e9e \u00e0 trois mois, \u00e0 compter du mois qui suit le mois du premier paiement.<\/p>\n\n\n\n<p class=\"wp-block-paragraph\">Par ailleurs, la CNSS souligne que le paiement des cotisations courantes dues est effectu\u00e9 via le lien \u00e9lectronique d\u00e9di\u00e9 aux travailleurs non salari\u00e9s https:\/\/www.cnss.ma\/bpc-payement\/assure\/tns\/ ou \u00e0 travers les points de proximit\u00e9. La Caisse de s\u00e9curit\u00e9 sociale a \u00e9galement mis \u00e0 la disposition des travailleurs concern\u00e9s un num\u00e9ro t\u00e9l\u00e9phonique (3939) pour qu\u2019ils s\u2019informent davantage sur cette mesure.<\/p>\n","protected":false},"excerpt":{"rendered":"<p>Dpress Les \u201cTravailleurs non salari\u00e9\u201d, ayant au moins trois mois d\u2019impay\u00e9s pour la p\u00e9riode de novembre 2023 et ant\u00e9rieur, peuvent d\u00e9sormais b\u00e9n\u00e9ficier, d\u2019une annulation des cr\u00e9ances dues de la Caisse Nationale de S\u00e9curit\u00e9 Sociale (CNSS) au titre du r\u00e9gime de l\u2019assurance maladie obligatoire de base (AMO). Cette mesure, annonc\u00e9e ce lundi par la CNSS dans &hellip;<\/p>\n","protected":false},"author":2,"featured_media":7345,"comment_status":"open","ping_status":"open","sticky":false,"template":"","format":"standard","meta":{"footnotes":""},"categories":[1],"tags":[],"class_list":["post-7344","post","type-post","status-publish","format-standard","has-post-thumbnail","hentry","category-video"],"yoast_head":"<!-- This site is optimized with the Yoast SEO plugin v28.0 - https:\/\/yoast.com\/product\/yoast-seo-wordpress\/ -->\n<title>AMO: annulation des cr\u00e9ances dues \u00e0 la CNSS au profit des travailleurs non salari\u00e9s - Dpress.ma\/fr<\/title>\n<meta name=\"robots\" content=\"index, follow, max-snippet:-1, max-image-preview:large, max-video-preview:-1\" \/>\n<link rel=\"canonical\" href=\"https:\/\/dpress.ma\/fr\/2024\/01\/08\/amo-annulation-des-creances-dues-a-la-cnss-au-profit-des-travailleurs-non-salaries\/\" \/>\n<meta property=\"og:locale\" content=\"fr_FR\" \/>\n<meta property=\"og:type\" content=\"article\" \/>\n<meta property=\"og:title\" content=\"AMO: annulation des cr\u00e9ances dues \u00e0 la CNSS au profit des travailleurs non salari\u00e9s - Dpress.ma\/fr\" \/>\n<meta property=\"og:description\" content=\"Dpress Les \u201cTravailleurs non salari\u00e9\u201d, ayant au moins trois mois d\u2019impay\u00e9s pour la p\u00e9riode de novembre 2023 et ant\u00e9rieur, peuvent d\u00e9sormais b\u00e9n\u00e9ficier, d\u2019une annulation des cr\u00e9ances dues de la Caisse Nationale de S\u00e9curit\u00e9 Sociale (CNSS) au titre du r\u00e9gime de l\u2019assurance maladie obligatoire de base (AMO). Cette mesure, annonc\u00e9e ce lundi par la CNSS dans &hellip;\" \/>\n<meta property=\"og:url\" content=\"https:\/\/dpress.ma\/fr\/2024\/01\/08\/amo-annulation-des-creances-dues-a-la-cnss-au-profit-des-travailleurs-non-salaries\/\" \/>\n<meta property=\"og:site_name\" content=\"Dpress.ma\/fr\" \/>\n<meta property=\"article:published_time\" content=\"2024-01-08T11:34:48+00:00\" \/>\n<meta property=\"article:modified_time\" content=\"2024-01-08T11:34:49+00:00\" \/>\n<meta property=\"og:image\" content=\"https:\/\/dpress.ma\/fr\/wp-content\/uploads\/sites\/2\/2024\/01\/dimensions2-10.jpg\" \/>\n\t<meta property=\"og:image:width\" content=\"2539\" \/>\n\t<meta property=\"og:image:height\" content=\"1594\" \/>\n\t<meta property=\"og:image:type\" content=\"image\/jpeg\" \/>\n<meta name=\"author\" content=\"Dpress.ma\" \/>\n<meta name=\"twitter:card\" content=\"summary_large_image\" \/>\n<meta name=\"twitter:label1\" content=\"\u00c9crit par\" \/>\n\t<meta name=\"twitter:data1\" content=\"Dpress.ma\" \/>\n\t<meta name=\"twitter:label2\" content=\"Dur\u00e9e de lecture estim\u00e9e\" \/>\n\t<meta name=\"twitter:data2\" content=\"2 minutes\" \/>\n<script type=\"application\/ld+json\" class=\"yoast-schema-graph\">{\"@context\":\"https:\\\/\\\/schema.org\",\"@graph\":[{\"@type\":\"Article\",\"@id\":\"https:\\\/\\\/dpress.ma\\\/fr\\\/2024\\\/01\\\/08\\\/amo-annulation-des-creances-dues-a-la-cnss-au-profit-des-travailleurs-non-salaries\\\/#article\",\"isPartOf\":{\"@id\":\"https:\\\/\\\/dpress.ma\\\/fr\\\/2024\\\/01\\\/08\\\/amo-annulation-des-creances-dues-a-la-cnss-au-profit-des-travailleurs-non-salaries\\\/\"},\"author\":{\"name\":\"Dpress.ma\",\"@id\":\"https:\\\/\\\/dpress.ma\\\/fr\\\/#\\\/schema\\\/person\\\/4898febf3ccd59e6578d838656a306a0\"},\"headline\":\"AMO: annulation des cr\u00e9ances dues \u00e0 la CNSS au profit des travailleurs non salari\u00e9s\",\"datePublished\":\"2024-01-08T11:34:48+00:00\",\"dateModified\":\"2024-01-08T11:34:49+00:00\",\"mainEntityOfPage\":{\"@id\":\"https:\\\/\\\/dpress.ma\\\/fr\\\/2024\\\/01\\\/08\\\/amo-annulation-des-creances-dues-a-la-cnss-au-profit-des-travailleurs-non-salaries\\\/\"},\"wordCount\":326,\"commentCount\":0,\"image\":{\"@id\":\"https:\\\/\\\/dpress.ma\\\/fr\\\/2024\\\/01\\\/08\\\/amo-annulation-des-creances-dues-a-la-cnss-au-profit-des-travailleurs-non-salaries\\\/#primaryimage\"},\"thumbnailUrl\":\"https:\\\/\\\/dpress.ma\\\/fr\\\/wp-content\\\/uploads\\\/sites\\\/2\\\/2024\\\/01\\\/dimensions2-10.jpg\",\"articleSection\":[\"Video\"],\"inLanguage\":\"fr-FR\",\"potentialAction\":[{\"@type\":\"CommentAction\",\"name\":\"Comment\",\"target\":[\"https:\\\/\\\/dpress.ma\\\/fr\\\/2024\\\/01\\\/08\\\/amo-annulation-des-creances-dues-a-la-cnss-au-profit-des-travailleurs-non-salaries\\\/#respond\"]}]},{\"@type\":\"WebPage\",\"@id\":\"https:\\\/\\\/dpress.ma\\\/fr\\\/2024\\\/01\\\/08\\\/amo-annulation-des-creances-dues-a-la-cnss-au-profit-des-travailleurs-non-salaries\\\/\",\"url\":\"https:\\\/\\\/dpress.ma\\\/fr\\\/2024\\\/01\\\/08\\\/amo-annulation-des-creances-dues-a-la-cnss-au-profit-des-travailleurs-non-salaries\\\/\",\"name\":\"AMO: annulation des cr\u00e9ances dues \u00e0 la CNSS au profit des travailleurs non salari\u00e9s - Dpress.ma\\\/fr\",\"isPartOf\":{\"@id\":\"https:\\\/\\\/dpress.ma\\\/fr\\\/#website\"},\"primaryImageOfPage\":{\"@id\":\"https:\\\/\\\/dpress.ma\\\/fr\\\/2024\\\/01\\\/08\\\/amo-annulation-des-creances-dues-a-la-cnss-au-profit-des-travailleurs-non-salaries\\\/#primaryimage\"},\"image\":{\"@id\":\"https:\\\/\\\/dpress.ma\\\/fr\\\/2024\\\/01\\\/08\\\/amo-annulation-des-creances-dues-a-la-cnss-au-profit-des-travailleurs-non-salaries\\\/#primaryimage\"},\"thumbnailUrl\":\"https:\\\/\\\/dpress.ma\\\/fr\\\/wp-content\\\/uploads\\\/sites\\\/2\\\/2024\\\/01\\\/dimensions2-10.jpg\",\"datePublished\":\"2024-01-08T11:34:48+00:00\",\"dateModified\":\"2024-01-08T11:34:49+00:00\",\"author\":{\"@id\":\"https:\\\/\\\/dpress.ma\\\/fr\\\/#\\\/schema\\\/person\\\/4898febf3ccd59e6578d838656a306a0\"},\"breadcrumb\":{\"@id\":\"https:\\\/\\\/dpress.ma\\\/fr\\\/2024\\\/01\\\/08\\\/amo-annulation-des-creances-dues-a-la-cnss-au-profit-des-travailleurs-non-salaries\\\/#breadcrumb\"},\"inLanguage\":\"fr-FR\",\"potentialAction\":[{\"@type\":\"ReadAction\",\"target\":[\"https:\\\/\\\/dpress.ma\\\/fr\\\/2024\\\/01\\\/08\\\/amo-annulation-des-creances-dues-a-la-cnss-au-profit-des-travailleurs-non-salaries\\\/\"]}]},{\"@type\":\"ImageObject\",\"inLanguage\":\"fr-FR\",\"@id\":\"https:\\\/\\\/dpress.ma\\\/fr\\\/2024\\\/01\\\/08\\\/amo-annulation-des-creances-dues-a-la-cnss-au-profit-des-travailleurs-non-salaries\\\/#primaryimage\",\"url\":\"https:\\\/\\\/dpress.ma\\\/fr\\\/wp-content\\\/uploads\\\/sites\\\/2\\\/2024\\\/01\\\/dimensions2-10.jpg\",\"contentUrl\":\"https:\\\/\\\/dpress.ma\\\/fr\\\/wp-content\\\/uploads\\\/sites\\\/2\\\/2024\\\/01\\\/dimensions2-10.jpg\",\"width\":2539,\"height\":1594},{\"@type\":\"BreadcrumbList\",\"@id\":\"https:\\\/\\\/dpress.ma\\\/fr\\\/2024\\\/01\\\/08\\\/amo-annulation-des-creances-dues-a-la-cnss-au-profit-des-travailleurs-non-salaries\\\/#breadcrumb\",\"itemListElement\":[{\"@type\":\"ListItem\",\"position\":1,\"name\":\"Home\",\"item\":\"https:\\\/\\\/dpress.ma\\\/fr\\\/\"},{\"@type\":\"ListItem\",\"position\":2,\"name\":\"AMO: annulation des cr\u00e9ances dues \u00e0 la CNSS au profit des travailleurs non salari\u00e9s\"}]},{\"@type\":\"WebSite\",\"@id\":\"https:\\\/\\\/dpress.ma\\\/fr\\\/#website\",\"url\":\"https:\\\/\\\/dpress.ma\\\/fr\\\/\",\"name\":\"Dpress.ma\\\/fr\",\"description\":\"\",\"potentialAction\":[{\"@type\":\"SearchAction\",\"target\":{\"@type\":\"EntryPoint\",\"urlTemplate\":\"https:\\\/\\\/dpress.ma\\\/fr\\\/?s={search_term_string}\"},\"query-input\":{\"@type\":\"PropertyValueSpecification\",\"valueRequired\":true,\"valueName\":\"search_term_string\"}}],\"inLanguage\":\"fr-FR\"},{\"@type\":\"Person\",\"@id\":\"https:\\\/\\\/dpress.ma\\\/fr\\\/#\\\/schema\\\/person\\\/4898febf3ccd59e6578d838656a306a0\",\"name\":\"Dpress.ma\",\"image\":{\"@type\":\"ImageObject\",\"inLanguage\":\"fr-FR\",\"@id\":\"https:\\\/\\\/secure.gravatar.com\\\/avatar\\\/72ecc30e9db047a2e0e7176561eb9d564ed77c8108376495b19bd8336405198a?s=96&d=mm&r=g\",\"url\":\"https:\\\/\\\/secure.gravatar.com\\\/avatar\\\/72ecc30e9db047a2e0e7176561eb9d564ed77c8108376495b19bd8336405198a?s=96&d=mm&r=g\",\"contentUrl\":\"https:\\\/\\\/secure.gravatar.com\\\/avatar\\\/72ecc30e9db047a2e0e7176561eb9d564ed77c8108376495b19bd8336405198a?s=96&d=mm&r=g\",\"caption\":\"Dpress.ma\"},\"sameAs\":[\"https:\\\/\\\/www.dpress.ma\"],\"url\":\"https:\\\/\\\/dpress.ma\\\/fr\\\/author\\\/dpress-ma\\\/\"}]}<\/script>\n<!-- \/ Yoast SEO plugin. -->","yoast_head_json":{"title":"AMO: annulation des cr\u00e9ances dues \u00e0 la CNSS au profit des travailleurs non salari\u00e9s - Dpress.ma\/fr","robots":{"index":"index","follow":"follow","max-snippet":"max-snippet:-1","max-image-preview":"max-image-preview:large","max-video-preview":"max-video-preview:-1"},"canonical":"https:\/\/dpress.ma\/fr\/2024\/01\/08\/amo-annulation-des-creances-dues-a-la-cnss-au-profit-des-travailleurs-non-salaries\/","og_locale":"fr_FR","og_type":"article","og_title":"AMO: annulation des cr\u00e9ances dues \u00e0 la CNSS au profit des travailleurs non salari\u00e9s - Dpress.ma\/fr","og_description":"Dpress Les \u201cTravailleurs non salari\u00e9\u201d, ayant au moins trois mois d\u2019impay\u00e9s pour la p\u00e9riode de novembre 2023 et ant\u00e9rieur, peuvent d\u00e9sormais b\u00e9n\u00e9ficier, d\u2019une annulation des cr\u00e9ances dues de la Caisse Nationale de S\u00e9curit\u00e9 Sociale (CNSS) au titre du r\u00e9gime de l\u2019assurance maladie obligatoire de base (AMO). Cette mesure, annonc\u00e9e ce lundi par la CNSS dans &hellip;","og_url":"https:\/\/dpress.ma\/fr\/2024\/01\/08\/amo-annulation-des-creances-dues-a-la-cnss-au-profit-des-travailleurs-non-salaries\/","og_site_name":"Dpress.ma\/fr","article_published_time":"2024-01-08T11:34:48+00:00","article_modified_time":"2024-01-08T11:34:49+00:00","og_image":[{"width":2539,"height":1594,"url":"https:\/\/dpress.ma\/fr\/wp-content\/uploads\/sites\/2\/2024\/01\/dimensions2-10.jpg","type":"image\/jpeg"}],"author":"Dpress.ma","twitter_card":"summary_large_image","twitter_misc":{"\u00c9crit par":"Dpress.ma","Dur\u00e9e de lecture estim\u00e9e":"2 minutes"},"schema":{"@context":"https:\/\/schema.org","@graph":[{"@type":"Article","@id":"https:\/\/dpress.ma\/fr\/2024\/01\/08\/amo-annulation-des-creances-dues-a-la-cnss-au-profit-des-travailleurs-non-salaries\/#article","isPartOf":{"@id":"https:\/\/dpress.ma\/fr\/2024\/01\/08\/amo-annulation-des-creances-dues-a-la-cnss-au-profit-des-travailleurs-non-salaries\/"},"author":{"name":"Dpress.ma","@id":"https:\/\/dpress.ma\/fr\/#\/schema\/person\/4898febf3ccd59e6578d838656a306a0"},"headline":"AMO: annulation des cr\u00e9ances dues \u00e0 la CNSS au profit des travailleurs non salari\u00e9s","datePublished":"2024-01-08T11:34:48+00:00","dateModified":"2024-01-08T11:34:49+00:00","mainEntityOfPage":{"@id":"https:\/\/dpress.ma\/fr\/2024\/01\/08\/amo-annulation-des-creances-dues-a-la-cnss-au-profit-des-travailleurs-non-salaries\/"},"wordCount":326,"commentCount":0,"image":{"@id":"https:\/\/dpress.ma\/fr\/2024\/01\/08\/amo-annulation-des-creances-dues-a-la-cnss-au-profit-des-travailleurs-non-salaries\/#primaryimage"},"thumbnailUrl":"https:\/\/dpress.ma\/fr\/wp-content\/uploads\/sites\/2\/2024\/01\/dimensions2-10.jpg","articleSection":["Video"],"inLanguage":"fr-FR","potentialAction":[{"@type":"CommentAction","name":"Comment","target":["https:\/\/dpress.ma\/fr\/2024\/01\/08\/amo-annulation-des-creances-dues-a-la-cnss-au-profit-des-travailleurs-non-salaries\/#respond"]}]},{"@type":"WebPage","@id":"https:\/\/dpress.ma\/fr\/2024\/01\/08\/amo-annulation-des-creances-dues-a-la-cnss-au-profit-des-travailleurs-non-salaries\/","url":"https:\/\/dpress.ma\/fr\/2024\/01\/08\/amo-annulation-des-creances-dues-a-la-cnss-au-profit-des-travailleurs-non-salaries\/","name":"AMO: annulation des cr\u00e9ances dues \u00e0 la CNSS au profit des travailleurs non salari\u00e9s - Dpress.ma\/fr","isPartOf":{"@id":"https:\/\/dpress.ma\/fr\/#website"},"primaryImageOfPage":{"@id":"https:\/\/dpress.ma\/fr\/2024\/01\/08\/amo-annulation-des-creances-dues-a-la-cnss-au-profit-des-travailleurs-non-salaries\/#primaryimage"},"image":{"@id":"https:\/\/dpress.ma\/fr\/2024\/01\/08\/amo-annulation-des-creances-dues-a-la-cnss-au-profit-des-travailleurs-non-salaries\/#primaryimage"},"thumbnailUrl":"https:\/\/dpress.ma\/fr\/wp-content\/uploads\/sites\/2\/2024\/01\/dimensions2-10.jpg","datePublished":"2024-01-08T11:34:48+00:00","dateModified":"2024-01-08T11:34:49+00:00","author":{"@id":"https:\/\/dpress.ma\/fr\/#\/schema\/person\/4898febf3ccd59e6578d838656a306a0"},"breadcrumb":{"@id":"https:\/\/dpress.ma\/fr\/2024\/01\/08\/amo-annulation-des-creances-dues-a-la-cnss-au-profit-des-travailleurs-non-salaries\/#breadcrumb"},"inLanguage":"fr-FR","potentialAction":[{"@type":"ReadAction","target":["https:\/\/dpress.ma\/fr\/2024\/01\/08\/amo-annulation-des-creances-dues-a-la-cnss-au-profit-des-travailleurs-non-salaries\/"]}]},{"@type":"ImageObject","inLanguage":"fr-FR","@id":"https:\/\/dpress.ma\/fr\/2024\/01\/08\/amo-annulation-des-creances-dues-a-la-cnss-au-profit-des-travailleurs-non-salaries\/#primaryimage","url":"https:\/\/dpress.ma\/fr\/wp-content\/uploads\/sites\/2\/2024\/01\/dimensions2-10.jpg","contentUrl":"https:\/\/dpress.ma\/fr\/wp-content\/uploads\/sites\/2\/2024\/01\/dimensions2-10.jpg","width":2539,"height":1594},{"@type":"BreadcrumbList","@id":"https:\/\/dpress.ma\/fr\/2024\/01\/08\/amo-annulation-des-creances-dues-a-la-cnss-au-profit-des-travailleurs-non-salaries\/#breadcrumb","itemListElement":[{"@type":"ListItem","position":1,"name":"Home","item":"https:\/\/dpress.ma\/fr\/"},{"@type":"ListItem","position":2,"name":"AMO: annulation des cr\u00e9ances dues \u00e0 la CNSS au profit des travailleurs non salari\u00e9s"}]},{"@type":"WebSite","@id":"https:\/\/dpress.ma\/fr\/#website","url":"https:\/\/dpress.ma\/fr\/","name":"Dpress.ma\/fr","description":"","potentialAction":[{"@type":"SearchAction","target":{"@type":"EntryPoint","urlTemplate":"https:\/\/dpress.ma\/fr\/?s={search_term_string}"},"query-input":{"@type":"PropertyValueSpecification","valueRequired":true,"valueName":"search_term_string"}}],"inLanguage":"fr-FR"},{"@type":"Person","@id":"https:\/\/dpress.ma\/fr\/#\/schema\/person\/4898febf3ccd59e6578d838656a306a0","name":"Dpress.ma","image":{"@type":"ImageObject","inLanguage":"fr-FR","@id":"https:\/\/secure.gravatar.com\/avatar\/72ecc30e9db047a2e0e7176561eb9d564ed77c8108376495b19bd8336405198a?s=96&d=mm&r=g","url":"https:\/\/secure.gravatar.com\/avatar\/72ecc30e9db047a2e0e7176561eb9d564ed77c8108376495b19bd8336405198a?s=96&d=mm&r=g","contentUrl":"https:\/\/secure.gravatar.com\/avatar\/72ecc30e9db047a2e0e7176561eb9d564ed77c8108376495b19bd8336405198a?s=96&d=mm&r=g","caption":"Dpress.ma"},"sameAs":["https:\/\/www.dpress.ma"],"url":"https:\/\/dpress.ma\/fr\/author\/dpress-ma\/"}]}},"amp_enabled":true,"_links":{"self":[{"href":"https:\/\/dpress.ma\/fr\/wp-json\/wp\/v2\/posts\/7344","targetHints":{"allow":["GET"]}}],"collection":[{"href":"https:\/\/dpress.ma\/fr\/wp-json\/wp\/v2\/posts"}],"about":[{"href":"https:\/\/dpress.ma\/fr\/wp-json\/wp\/v2\/types\/post"}],"author":[{"embeddable":true,"href":"https:\/\/dpress.ma\/fr\/wp-json\/wp\/v2\/users\/2"}],"replies":[{"embeddable":true,"href":"https:\/\/dpress.ma\/fr\/wp-json\/wp\/v2\/comments?post=7344"}],"version-history":[{"count":1,"href":"https:\/\/dpress.ma\/fr\/wp-json\/wp\/v2\/posts\/7344\/revisions"}],"predecessor-version":[{"id":7346,"href":"https:\/\/dpress.ma\/fr\/wp-json\/wp\/v2\/posts\/7344\/revisions\/7346"}],"wp:featuredmedia":[{"embeddable":true,"href":"https:\/\/dpress.ma\/fr\/wp-json\/wp\/v2\/media\/7345"}],"wp:attachment":[{"href":"https:\/\/dpress.ma\/fr\/wp-json\/wp\/v2\/media?parent=7344"}],"wp:term":[{"taxonomy":"category","embeddable":true,"href":"https:\/\/dpress.ma\/fr\/wp-json\/wp\/v2\/categories?post=7344"},{"taxonomy":"post_tag","embeddable":true,"href":"https:\/\/dpress.ma\/fr\/wp-json\/wp\/v2\/tags?post=7344"}],"curies":[{"name":"wp","href":"https:\/\/api.w.org\/{rel}","templated":true}]}}