{"id":6312,"date":"2023-10-30T10:53:46","date_gmt":"2023-10-30T10:53:46","guid":{"rendered":"https:\/\/dpress.ma\/fr\/?p=6312"},"modified":"2023-10-30T10:53:47","modified_gmt":"2023-10-30T10:53:47","slug":"inauguration-dune-nouvelle-ligne-aerienne-errachidia-paris","status":"publish","type":"post","link":"https:\/\/dpress.ma\/fr\/2023\/10\/30\/inauguration-dune-nouvelle-ligne-aerienne-errachidia-paris\/","title":{"rendered":"Inauguration d\u2019une nouvelle ligne a\u00e9rienne Errachidia-Paris"},"content":{"rendered":"\n<p class=\"wp-block-paragraph\">Dpress<\/p>\n\n\n\n<p class=\"wp-block-paragraph\">Un avion de la compagnie a\u00e9rienne \u201cTransavia\u201d a atterri, dimanche, \u00e0 l\u2019a\u00e9roport Moulay Ali Cherif, marquant l\u2019inauguration d\u2019une nouvelle desserte entre Paris et la ville d\u2019Errachidia.<\/p>\n\n\n\n<p class=\"wp-block-paragraph\"><em><strong>L<\/strong><\/em>e vol inaugural de cette nouvelle liaison a\u00e9rienne a atterri \u00e0 Errachidia en provenance de l\u2019a\u00e9roport international Paris-Orly avec \u00e0 son bord 136 passagers, dont des membres de la communaut\u00e9 marocaine \u00e9tablie en France et des touristes venus d\u00e9couvrir les charmes du Sud-Est marocain.\u2028\u2028<\/p>\n\n\n\n<p class=\"wp-block-paragraph\">Une c\u00e9r\u00e9monie a \u00e9t\u00e9 organis\u00e9e \u00e0 cette occasion, en pr\u00e9sence notamment du pr\u00e9sident du Conseil provincial du tourisme d\u2019Errachidia, Sadoq Abdedaim, du directeur de l&rsquo;a\u00e9roport Moulay Ali Cherif, Brahim Haterbouch, et de plusieurs responsables locaux.<\/p>\n\n\n\n<p class=\"wp-block-paragraph\">\u2028\u2028Le pr\u00e9sident du Conseil provincial du tourisme s\u2019est f\u00e9licit\u00e9 de l\u2019inauguration de cette nouvelle liaison a\u00e9rienne, qui, selon lui, traduit les efforts d\u00e9ploy\u00e9s par les diff\u00e9rentes parties prenantes pour conforter la destination Errachidia.<\/p>\n\n\n\n<p class=\"wp-block-paragraph\">\u2028\u2028\u00a0\u00bbL\u2019ouverture de cette nouvelle desserte vient r\u00e9pondre \u00e0 la demande croissante de la destination Errachidia qui regorge d\u2019importantes potentialit\u00e9s touristiques\u00a0\u00bb, a-t-il soulign\u00e9 dans une d\u00e9claration \u00e0 la presse.<\/p>\n\n\n\n<p class=\"wp-block-paragraph\">\u2028\u2028Pour sa part, le directeur de l&rsquo;a\u00e9roport Moulay Ali Cherif, a indiqu\u00e9 que cette nouvelle liaison a\u00e9rienne reliera Errachidia \u00e0 la capitale fran\u00e7aise avec une fr\u00e9quence d\u2019un vol par semaine.<\/p>\n\n\n\n<p class=\"wp-block-paragraph\">\u2028\u2028Le responsable a fait savoir qu\u2019au cours des neuf premiers mois de l\u2019ann\u00e9e 2023, l&rsquo;a\u00e9roport Moulay Ali Cherif a accueilli environ 47.000 passagers, soit une hausse de 33% par rapport \u00e0 la m\u00eame p\u00e9riode de 2022 et 25% par rapport \u00e0 1019.<\/p>\n\n\n\n<p class=\"wp-block-paragraph\">De leur c\u00f4t\u00e9, des membres de la communaut\u00e9 marocaine \u00e9tablie en France, venus \u00e0 bord de ce vol, se sont f\u00e9licit\u00e9s de l\u2019inauguration de cette nouvelle ligne et de l\u2019accueil chaleureux qui leur a \u00e9t\u00e9 r\u00e9serv\u00e9, tout en se r\u00e9jouissant de retrouver \u00ab\u00a0leur cher pays\u00a0\u00bb en compagnie de leurs familles.<\/p>\n","protected":false},"excerpt":{"rendered":"<p>Dpress Un avion de la compagnie a\u00e9rienne \u201cTransavia\u201d a atterri, dimanche, \u00e0 l\u2019a\u00e9roport Moulay Ali Cherif, marquant l\u2019inauguration d\u2019une nouvelle desserte entre Paris et la ville d\u2019Errachidia. Le vol inaugural de cette nouvelle liaison a\u00e9rienne a atterri \u00e0 Errachidia en provenance de l\u2019a\u00e9roport international Paris-Orly avec \u00e0 son bord 136 passagers, dont des membres de &hellip;<\/p>\n","protected":false},"author":2,"featured_media":6313,"comment_status":"open","ping_status":"open","sticky":false,"template":"","format":"standard","meta":{"footnotes":""},"categories":[25],"tags":[],"class_list":["post-6312","post","type-post","status-publish","format-standard","has-post-thumbnail","hentry","category-economie"],"yoast_head":"<!-- This site is optimized with the Yoast SEO plugin v28.0 - https:\/\/yoast.com\/product\/yoast-seo-wordpress\/ -->\n<title>Inauguration d\u2019une nouvelle ligne a\u00e9rienne Errachidia-Paris - Dpress.ma\/fr<\/title>\n<meta name=\"robots\" content=\"index, follow, max-snippet:-1, max-image-preview:large, max-video-preview:-1\" \/>\n<link rel=\"canonical\" href=\"https:\/\/dpress.ma\/fr\/2023\/10\/30\/inauguration-dune-nouvelle-ligne-aerienne-errachidia-paris\/\" \/>\n<meta property=\"og:locale\" content=\"fr_FR\" \/>\n<meta property=\"og:type\" content=\"article\" \/>\n<meta property=\"og:title\" content=\"Inauguration d\u2019une nouvelle ligne a\u00e9rienne Errachidia-Paris - Dpress.ma\/fr\" \/>\n<meta property=\"og:description\" content=\"Dpress Un avion de la compagnie a\u00e9rienne \u201cTransavia\u201d a atterri, dimanche, \u00e0 l\u2019a\u00e9roport Moulay Ali Cherif, marquant l\u2019inauguration d\u2019une nouvelle desserte entre Paris et la ville d\u2019Errachidia. Le vol inaugural de cette nouvelle liaison a\u00e9rienne a atterri \u00e0 Errachidia en provenance de l\u2019a\u00e9roport international Paris-Orly avec \u00e0 son bord 136 passagers, dont des membres de &hellip;\" \/>\n<meta property=\"og:url\" content=\"https:\/\/dpress.ma\/fr\/2023\/10\/30\/inauguration-dune-nouvelle-ligne-aerienne-errachidia-paris\/\" \/>\n<meta property=\"og:site_name\" content=\"Dpress.ma\/fr\" \/>\n<meta property=\"article:published_time\" content=\"2023-10-30T10:53:46+00:00\" \/>\n<meta property=\"article:modified_time\" content=\"2023-10-30T10:53:47+00:00\" \/>\n<meta property=\"og:image\" content=\"https:\/\/dpress.ma\/fr\/wp-content\/uploads\/sites\/2\/2023\/10\/dimensions2-85.jpg\" \/>\n\t<meta property=\"og:image:width\" content=\"2539\" \/>\n\t<meta property=\"og:image:height\" content=\"1594\" \/>\n\t<meta property=\"og:image:type\" content=\"image\/jpeg\" \/>\n<meta name=\"author\" content=\"Dpress.ma\" \/>\n<meta name=\"twitter:card\" content=\"summary_large_image\" \/>\n<meta name=\"twitter:label1\" content=\"\u00c9crit par\" \/>\n\t<meta name=\"twitter:data1\" content=\"Dpress.ma\" \/>\n\t<meta name=\"twitter:label2\" content=\"Dur\u00e9e de lecture estim\u00e9e\" \/>\n\t<meta name=\"twitter:data2\" content=\"2 minutes\" \/>\n<script type=\"application\/ld+json\" class=\"yoast-schema-graph\">{\"@context\":\"https:\\\/\\\/schema.org\",\"@graph\":[{\"@type\":\"Article\",\"@id\":\"https:\\\/\\\/dpress.ma\\\/fr\\\/2023\\\/10\\\/30\\\/inauguration-dune-nouvelle-ligne-aerienne-errachidia-paris\\\/#article\",\"isPartOf\":{\"@id\":\"https:\\\/\\\/dpress.ma\\\/fr\\\/2023\\\/10\\\/30\\\/inauguration-dune-nouvelle-ligne-aerienne-errachidia-paris\\\/\"},\"author\":{\"name\":\"Dpress.ma\",\"@id\":\"https:\\\/\\\/dpress.ma\\\/fr\\\/#\\\/schema\\\/person\\\/4898febf3ccd59e6578d838656a306a0\"},\"headline\":\"Inauguration d\u2019une nouvelle ligne a\u00e9rienne Errachidia-Paris\",\"datePublished\":\"2023-10-30T10:53:46+00:00\",\"dateModified\":\"2023-10-30T10:53:47+00:00\",\"mainEntityOfPage\":{\"@id\":\"https:\\\/\\\/dpress.ma\\\/fr\\\/2023\\\/10\\\/30\\\/inauguration-dune-nouvelle-ligne-aerienne-errachidia-paris\\\/\"},\"wordCount\":329,\"commentCount\":0,\"image\":{\"@id\":\"https:\\\/\\\/dpress.ma\\\/fr\\\/2023\\\/10\\\/30\\\/inauguration-dune-nouvelle-ligne-aerienne-errachidia-paris\\\/#primaryimage\"},\"thumbnailUrl\":\"https:\\\/\\\/dpress.ma\\\/fr\\\/wp-content\\\/uploads\\\/sites\\\/2\\\/2023\\\/10\\\/dimensions2-85.jpg\",\"articleSection\":[\"\u00c9conomie\"],\"inLanguage\":\"fr-FR\",\"potentialAction\":[{\"@type\":\"CommentAction\",\"name\":\"Comment\",\"target\":[\"https:\\\/\\\/dpress.ma\\\/fr\\\/2023\\\/10\\\/30\\\/inauguration-dune-nouvelle-ligne-aerienne-errachidia-paris\\\/#respond\"]}]},{\"@type\":\"WebPage\",\"@id\":\"https:\\\/\\\/dpress.ma\\\/fr\\\/2023\\\/10\\\/30\\\/inauguration-dune-nouvelle-ligne-aerienne-errachidia-paris\\\/\",\"url\":\"https:\\\/\\\/dpress.ma\\\/fr\\\/2023\\\/10\\\/30\\\/inauguration-dune-nouvelle-ligne-aerienne-errachidia-paris\\\/\",\"name\":\"Inauguration d\u2019une nouvelle ligne a\u00e9rienne Errachidia-Paris - Dpress.ma\\\/fr\",\"isPartOf\":{\"@id\":\"https:\\\/\\\/dpress.ma\\\/fr\\\/#website\"},\"primaryImageOfPage\":{\"@id\":\"https:\\\/\\\/dpress.ma\\\/fr\\\/2023\\\/10\\\/30\\\/inauguration-dune-nouvelle-ligne-aerienne-errachidia-paris\\\/#primaryimage\"},\"image\":{\"@id\":\"https:\\\/\\\/dpress.ma\\\/fr\\\/2023\\\/10\\\/30\\\/inauguration-dune-nouvelle-ligne-aerienne-errachidia-paris\\\/#primaryimage\"},\"thumbnailUrl\":\"https:\\\/\\\/dpress.ma\\\/fr\\\/wp-content\\\/uploads\\\/sites\\\/2\\\/2023\\\/10\\\/dimensions2-85.jpg\",\"datePublished\":\"2023-10-30T10:53:46+00:00\",\"dateModified\":\"2023-10-30T10:53:47+00:00\",\"author\":{\"@id\":\"https:\\\/\\\/dpress.ma\\\/fr\\\/#\\\/schema\\\/person\\\/4898febf3ccd59e6578d838656a306a0\"},\"breadcrumb\":{\"@id\":\"https:\\\/\\\/dpress.ma\\\/fr\\\/2023\\\/10\\\/30\\\/inauguration-dune-nouvelle-ligne-aerienne-errachidia-paris\\\/#breadcrumb\"},\"inLanguage\":\"fr-FR\",\"potentialAction\":[{\"@type\":\"ReadAction\",\"target\":[\"https:\\\/\\\/dpress.ma\\\/fr\\\/2023\\\/10\\\/30\\\/inauguration-dune-nouvelle-ligne-aerienne-errachidia-paris\\\/\"]}]},{\"@type\":\"ImageObject\",\"inLanguage\":\"fr-FR\",\"@id\":\"https:\\\/\\\/dpress.ma\\\/fr\\\/2023\\\/10\\\/30\\\/inauguration-dune-nouvelle-ligne-aerienne-errachidia-paris\\\/#primaryimage\",\"url\":\"https:\\\/\\\/dpress.ma\\\/fr\\\/wp-content\\\/uploads\\\/sites\\\/2\\\/2023\\\/10\\\/dimensions2-85.jpg\",\"contentUrl\":\"https:\\\/\\\/dpress.ma\\\/fr\\\/wp-content\\\/uploads\\\/sites\\\/2\\\/2023\\\/10\\\/dimensions2-85.jpg\",\"width\":2539,\"height\":1594},{\"@type\":\"BreadcrumbList\",\"@id\":\"https:\\\/\\\/dpress.ma\\\/fr\\\/2023\\\/10\\\/30\\\/inauguration-dune-nouvelle-ligne-aerienne-errachidia-paris\\\/#breadcrumb\",\"itemListElement\":[{\"@type\":\"ListItem\",\"position\":1,\"name\":\"Home\",\"item\":\"https:\\\/\\\/dpress.ma\\\/fr\\\/\"},{\"@type\":\"ListItem\",\"position\":2,\"name\":\"Inauguration d\u2019une nouvelle ligne a\u00e9rienne Errachidia-Paris\"}]},{\"@type\":\"WebSite\",\"@id\":\"https:\\\/\\\/dpress.ma\\\/fr\\\/#website\",\"url\":\"https:\\\/\\\/dpress.ma\\\/fr\\\/\",\"name\":\"Dpress.ma\\\/fr\",\"description\":\"\",\"potentialAction\":[{\"@type\":\"SearchAction\",\"target\":{\"@type\":\"EntryPoint\",\"urlTemplate\":\"https:\\\/\\\/dpress.ma\\\/fr\\\/?s={search_term_string}\"},\"query-input\":{\"@type\":\"PropertyValueSpecification\",\"valueRequired\":true,\"valueName\":\"search_term_string\"}}],\"inLanguage\":\"fr-FR\"},{\"@type\":\"Person\",\"@id\":\"https:\\\/\\\/dpress.ma\\\/fr\\\/#\\\/schema\\\/person\\\/4898febf3ccd59e6578d838656a306a0\",\"name\":\"Dpress.ma\",\"image\":{\"@type\":\"ImageObject\",\"inLanguage\":\"fr-FR\",\"@id\":\"https:\\\/\\\/secure.gravatar.com\\\/avatar\\\/72ecc30e9db047a2e0e7176561eb9d564ed77c8108376495b19bd8336405198a?s=96&d=mm&r=g\",\"url\":\"https:\\\/\\\/secure.gravatar.com\\\/avatar\\\/72ecc30e9db047a2e0e7176561eb9d564ed77c8108376495b19bd8336405198a?s=96&d=mm&r=g\",\"contentUrl\":\"https:\\\/\\\/secure.gravatar.com\\\/avatar\\\/72ecc30e9db047a2e0e7176561eb9d564ed77c8108376495b19bd8336405198a?s=96&d=mm&r=g\",\"caption\":\"Dpress.ma\"},\"sameAs\":[\"https:\\\/\\\/www.dpress.ma\"],\"url\":\"https:\\\/\\\/dpress.ma\\\/fr\\\/author\\\/dpress-ma\\\/\"}]}<\/script>\n<!-- \/ Yoast SEO plugin. -->","yoast_head_json":{"title":"Inauguration d\u2019une nouvelle ligne a\u00e9rienne Errachidia-Paris - Dpress.ma\/fr","robots":{"index":"index","follow":"follow","max-snippet":"max-snippet:-1","max-image-preview":"max-image-preview:large","max-video-preview":"max-video-preview:-1"},"canonical":"https:\/\/dpress.ma\/fr\/2023\/10\/30\/inauguration-dune-nouvelle-ligne-aerienne-errachidia-paris\/","og_locale":"fr_FR","og_type":"article","og_title":"Inauguration d\u2019une nouvelle ligne a\u00e9rienne Errachidia-Paris - Dpress.ma\/fr","og_description":"Dpress Un avion de la compagnie a\u00e9rienne \u201cTransavia\u201d a atterri, dimanche, \u00e0 l\u2019a\u00e9roport Moulay Ali Cherif, marquant l\u2019inauguration d\u2019une nouvelle desserte entre Paris et la ville d\u2019Errachidia. Le vol inaugural de cette nouvelle liaison a\u00e9rienne a atterri \u00e0 Errachidia en provenance de l\u2019a\u00e9roport international Paris-Orly avec \u00e0 son bord 136 passagers, dont des membres de &hellip;","og_url":"https:\/\/dpress.ma\/fr\/2023\/10\/30\/inauguration-dune-nouvelle-ligne-aerienne-errachidia-paris\/","og_site_name":"Dpress.ma\/fr","article_published_time":"2023-10-30T10:53:46+00:00","article_modified_time":"2023-10-30T10:53:47+00:00","og_image":[{"width":2539,"height":1594,"url":"https:\/\/dpress.ma\/fr\/wp-content\/uploads\/sites\/2\/2023\/10\/dimensions2-85.jpg","type":"image\/jpeg"}],"author":"Dpress.ma","twitter_card":"summary_large_image","twitter_misc":{"\u00c9crit par":"Dpress.ma","Dur\u00e9e de lecture estim\u00e9e":"2 minutes"},"schema":{"@context":"https:\/\/schema.org","@graph":[{"@type":"Article","@id":"https:\/\/dpress.ma\/fr\/2023\/10\/30\/inauguration-dune-nouvelle-ligne-aerienne-errachidia-paris\/#article","isPartOf":{"@id":"https:\/\/dpress.ma\/fr\/2023\/10\/30\/inauguration-dune-nouvelle-ligne-aerienne-errachidia-paris\/"},"author":{"name":"Dpress.ma","@id":"https:\/\/dpress.ma\/fr\/#\/schema\/person\/4898febf3ccd59e6578d838656a306a0"},"headline":"Inauguration d\u2019une nouvelle ligne a\u00e9rienne Errachidia-Paris","datePublished":"2023-10-30T10:53:46+00:00","dateModified":"2023-10-30T10:53:47+00:00","mainEntityOfPage":{"@id":"https:\/\/dpress.ma\/fr\/2023\/10\/30\/inauguration-dune-nouvelle-ligne-aerienne-errachidia-paris\/"},"wordCount":329,"commentCount":0,"image":{"@id":"https:\/\/dpress.ma\/fr\/2023\/10\/30\/inauguration-dune-nouvelle-ligne-aerienne-errachidia-paris\/#primaryimage"},"thumbnailUrl":"https:\/\/dpress.ma\/fr\/wp-content\/uploads\/sites\/2\/2023\/10\/dimensions2-85.jpg","articleSection":["\u00c9conomie"],"inLanguage":"fr-FR","potentialAction":[{"@type":"CommentAction","name":"Comment","target":["https:\/\/dpress.ma\/fr\/2023\/10\/30\/inauguration-dune-nouvelle-ligne-aerienne-errachidia-paris\/#respond"]}]},{"@type":"WebPage","@id":"https:\/\/dpress.ma\/fr\/2023\/10\/30\/inauguration-dune-nouvelle-ligne-aerienne-errachidia-paris\/","url":"https:\/\/dpress.ma\/fr\/2023\/10\/30\/inauguration-dune-nouvelle-ligne-aerienne-errachidia-paris\/","name":"Inauguration d\u2019une nouvelle ligne a\u00e9rienne Errachidia-Paris - Dpress.ma\/fr","isPartOf":{"@id":"https:\/\/dpress.ma\/fr\/#website"},"primaryImageOfPage":{"@id":"https:\/\/dpress.ma\/fr\/2023\/10\/30\/inauguration-dune-nouvelle-ligne-aerienne-errachidia-paris\/#primaryimage"},"image":{"@id":"https:\/\/dpress.ma\/fr\/2023\/10\/30\/inauguration-dune-nouvelle-ligne-aerienne-errachidia-paris\/#primaryimage"},"thumbnailUrl":"https:\/\/dpress.ma\/fr\/wp-content\/uploads\/sites\/2\/2023\/10\/dimensions2-85.jpg","datePublished":"2023-10-30T10:53:46+00:00","dateModified":"2023-10-30T10:53:47+00:00","author":{"@id":"https:\/\/dpress.ma\/fr\/#\/schema\/person\/4898febf3ccd59e6578d838656a306a0"},"breadcrumb":{"@id":"https:\/\/dpress.ma\/fr\/2023\/10\/30\/inauguration-dune-nouvelle-ligne-aerienne-errachidia-paris\/#breadcrumb"},"inLanguage":"fr-FR","potentialAction":[{"@type":"ReadAction","target":["https:\/\/dpress.ma\/fr\/2023\/10\/30\/inauguration-dune-nouvelle-ligne-aerienne-errachidia-paris\/"]}]},{"@type":"ImageObject","inLanguage":"fr-FR","@id":"https:\/\/dpress.ma\/fr\/2023\/10\/30\/inauguration-dune-nouvelle-ligne-aerienne-errachidia-paris\/#primaryimage","url":"https:\/\/dpress.ma\/fr\/wp-content\/uploads\/sites\/2\/2023\/10\/dimensions2-85.jpg","contentUrl":"https:\/\/dpress.ma\/fr\/wp-content\/uploads\/sites\/2\/2023\/10\/dimensions2-85.jpg","width":2539,"height":1594},{"@type":"BreadcrumbList","@id":"https:\/\/dpress.ma\/fr\/2023\/10\/30\/inauguration-dune-nouvelle-ligne-aerienne-errachidia-paris\/#breadcrumb","itemListElement":[{"@type":"ListItem","position":1,"name":"Home","item":"https:\/\/dpress.ma\/fr\/"},{"@type":"ListItem","position":2,"name":"Inauguration d\u2019une nouvelle ligne a\u00e9rienne Errachidia-Paris"}]},{"@type":"WebSite","@id":"https:\/\/dpress.ma\/fr\/#website","url":"https:\/\/dpress.ma\/fr\/","name":"Dpress.ma\/fr","description":"","potentialAction":[{"@type":"SearchAction","target":{"@type":"EntryPoint","urlTemplate":"https:\/\/dpress.ma\/fr\/?s={search_term_string}"},"query-input":{"@type":"PropertyValueSpecification","valueRequired":true,"valueName":"search_term_string"}}],"inLanguage":"fr-FR"},{"@type":"Person","@id":"https:\/\/dpress.ma\/fr\/#\/schema\/person\/4898febf3ccd59e6578d838656a306a0","name":"Dpress.ma","image":{"@type":"ImageObject","inLanguage":"fr-FR","@id":"https:\/\/secure.gravatar.com\/avatar\/72ecc30e9db047a2e0e7176561eb9d564ed77c8108376495b19bd8336405198a?s=96&d=mm&r=g","url":"https:\/\/secure.gravatar.com\/avatar\/72ecc30e9db047a2e0e7176561eb9d564ed77c8108376495b19bd8336405198a?s=96&d=mm&r=g","contentUrl":"https:\/\/secure.gravatar.com\/avatar\/72ecc30e9db047a2e0e7176561eb9d564ed77c8108376495b19bd8336405198a?s=96&d=mm&r=g","caption":"Dpress.ma"},"sameAs":["https:\/\/www.dpress.ma"],"url":"https:\/\/dpress.ma\/fr\/author\/dpress-ma\/"}]}},"amp_enabled":true,"_links":{"self":[{"href":"https:\/\/dpress.ma\/fr\/wp-json\/wp\/v2\/posts\/6312","targetHints":{"allow":["GET"]}}],"collection":[{"href":"https:\/\/dpress.ma\/fr\/wp-json\/wp\/v2\/posts"}],"about":[{"href":"https:\/\/dpress.ma\/fr\/wp-json\/wp\/v2\/types\/post"}],"author":[{"embeddable":true,"href":"https:\/\/dpress.ma\/fr\/wp-json\/wp\/v2\/users\/2"}],"replies":[{"embeddable":true,"href":"https:\/\/dpress.ma\/fr\/wp-json\/wp\/v2\/comments?post=6312"}],"version-history":[{"count":1,"href":"https:\/\/dpress.ma\/fr\/wp-json\/wp\/v2\/posts\/6312\/revisions"}],"predecessor-version":[{"id":6314,"href":"https:\/\/dpress.ma\/fr\/wp-json\/wp\/v2\/posts\/6312\/revisions\/6314"}],"wp:featuredmedia":[{"embeddable":true,"href":"https:\/\/dpress.ma\/fr\/wp-json\/wp\/v2\/media\/6313"}],"wp:attachment":[{"href":"https:\/\/dpress.ma\/fr\/wp-json\/wp\/v2\/media?parent=6312"}],"wp:term":[{"taxonomy":"category","embeddable":true,"href":"https:\/\/dpress.ma\/fr\/wp-json\/wp\/v2\/categories?post=6312"},{"taxonomy":"post_tag","embeddable":true,"href":"https:\/\/dpress.ma\/fr\/wp-json\/wp\/v2\/tags?post=6312"}],"curies":[{"name":"wp","href":"https:\/\/api.w.org\/{rel}","templated":true}]}}