{"id":3997,"date":"2023-03-14T17:04:58","date_gmt":"2023-03-14T17:04:58","guid":{"rendered":"https:\/\/dpress.ma\/fr\/?p=3997"},"modified":"2023-03-14T17:05:01","modified_gmt":"2023-03-14T17:05:01","slug":"sm-le-roi-amir-al-mouminine-felicite-le-pape-francois-a-loccasion-de-lanniversaire-de-son-investiture-a-la-mission-papale-2","status":"publish","type":"post","link":"https:\/\/dpress.ma\/fr\/2023\/03\/14\/sm-le-roi-amir-al-mouminine-felicite-le-pape-francois-a-loccasion-de-lanniversaire-de-son-investiture-a-la-mission-papale-2\/","title":{"rendered":"SM le Roi, Amir Al-Mouminine, f\u00e9licite le Pape Fran\u00e7ois \u00e0 l\u2019occasion de l\u2019anniversaire de son investiture \u00e0 la mission papale"},"content":{"rendered":"\n<p>Dpress<\/p>\n\n\n\n<p>Sa Majest\u00e9 le Roi Mohammed VI, Amir Al-Mouminine, a adress\u00e9 un message de v\u0153ux et de f\u00e9licitations \u00e0 Sa Saintet\u00e9 le Pape Fran\u00e7ois, \u00e0 l\u2019occasion du dixi\u00e8me anniversaire de son investiture \u00e0 la mission papale.<\/p>\n\n\n\n<p>Dans ce message, le Souverain exprime \u00e0 Sa Saintet\u00e9 le Pape Fran\u00e7ois Ses chaleureuses f\u00e9licitations et Ses v\u0153ux les meilleurs de sant\u00e9 et de bonheur, faisant part de Son estime \u00e0 l\u2019action louable engag\u00e9e par Sa saintet\u00e9 pour la promotion des nobles valeurs humaines.<\/p>\n\n\n\n<p>SM le Roi saisit cette occasion pour Se r\u00e9jouir des relations distingu\u00e9es unissant le Royaume du Maroc et la Cit\u00e9 du Vatican, exprimant Sa d\u00e9termination \u00e0 continuer \u00e0 \u0153uvrer de concert avec Sa Saintet\u00e9 le Pape Fran\u00e7ois au service de la paix, des relations fraternelles et de la solidarit\u00e9 dans le monde entier.<\/p>\n","protected":false},"excerpt":{"rendered":"<p>Dpress Sa Majest\u00e9 le Roi Mohammed VI, Amir Al-Mouminine, a adress\u00e9 un message de v\u0153ux et de f\u00e9licitations \u00e0 Sa Saintet\u00e9 le Pape Fran\u00e7ois, \u00e0 l\u2019occasion du dixi\u00e8me anniversaire de son investiture \u00e0 la mission papale. Dans ce message, le Souverain exprime \u00e0 Sa Saintet\u00e9 le Pape Fran\u00e7ois Ses chaleureuses f\u00e9licitations et Ses v\u0153ux les &hellip;<\/p>\n","protected":false},"author":2,"featured_media":2507,"comment_status":"open","ping_status":"open","sticky":false,"template":"","format":"standard","meta":{"footnotes":""},"categories":[29],"tags":[],"class_list":["post-3997","post","type-post","status-publish","format-standard","has-post-thumbnail","hentry","category-activites-royales"],"yoast_head":"<!-- This site is optimized with the Yoast SEO plugin v27.5 - https:\/\/yoast.com\/product\/yoast-seo-wordpress\/ -->\n<title>SM le Roi, Amir Al-Mouminine, f\u00e9licite le Pape Fran\u00e7ois \u00e0 l\u2019occasion de l\u2019anniversaire de son investiture \u00e0 la mission papale - Dpress.ma\/fr<\/title>\n<meta name=\"description\" content=\"Sa Majest\u00e9 le Roi Mohammed VI, Amir Al-Mouminine, a adress\u00e9 un message de v\u0153ux et de f\u00e9licitations \u00e0 Sa Saintet\u00e9 le Pape Fran\u00e7ois, \u00e0 l\u2019occasion du dixi\u00e8me anniversaire de son investiture \u00e0 la mission papale.\" \/>\n<meta name=\"robots\" content=\"index, follow, max-snippet:-1, max-image-preview:large, max-video-preview:-1\" \/>\n<link rel=\"canonical\" href=\"https:\/\/dpress.ma\/fr\/2023\/03\/14\/sm-le-roi-amir-al-mouminine-felicite-le-pape-francois-a-loccasion-de-lanniversaire-de-son-investiture-a-la-mission-papale-2\/\" \/>\n<meta property=\"og:locale\" content=\"fr_FR\" \/>\n<meta property=\"og:type\" content=\"article\" \/>\n<meta property=\"og:title\" content=\"SM le Roi, Amir Al-Mouminine, f\u00e9licite le Pape Fran\u00e7ois \u00e0 l\u2019occasion de l\u2019anniversaire de son investiture \u00e0 la mission papale - Dpress.ma\/fr\" \/>\n<meta property=\"og:description\" content=\"Sa Majest\u00e9 le Roi Mohammed VI, Amir Al-Mouminine, a adress\u00e9 un message de v\u0153ux et de f\u00e9licitations \u00e0 Sa Saintet\u00e9 le Pape Fran\u00e7ois, \u00e0 l\u2019occasion du dixi\u00e8me anniversaire de son investiture \u00e0 la mission papale.\" \/>\n<meta property=\"og:url\" content=\"https:\/\/dpress.ma\/fr\/2023\/03\/14\/sm-le-roi-amir-al-mouminine-felicite-le-pape-francois-a-loccasion-de-lanniversaire-de-son-investiture-a-la-mission-papale-2\/\" \/>\n<meta property=\"og:site_name\" content=\"Dpress.ma\/fr\" \/>\n<meta property=\"article:published_time\" content=\"2023-03-14T17:04:58+00:00\" \/>\n<meta property=\"article:modified_time\" content=\"2023-03-14T17:05:01+00:00\" \/>\n<meta property=\"og:image\" content=\"https:\/\/dpress.ma\/fr\/wp-content\/uploads\/sites\/2\/2022\/11\/dimensions2-25.jpg\" \/>\n\t<meta property=\"og:image:width\" content=\"2539\" \/>\n\t<meta property=\"og:image:height\" content=\"1594\" \/>\n\t<meta property=\"og:image:type\" content=\"image\/jpeg\" \/>\n<meta name=\"author\" content=\"Dpress.ma\" \/>\n<meta name=\"twitter:card\" content=\"summary_large_image\" \/>\n<meta name=\"twitter:label1\" content=\"\u00c9crit par\" \/>\n\t<meta name=\"twitter:data1\" content=\"Dpress.ma\" \/>\n\t<meta name=\"twitter:label2\" content=\"Dur\u00e9e de lecture estim\u00e9e\" \/>\n\t<meta name=\"twitter:data2\" content=\"1 minute\" \/>\n<script type=\"application\/ld+json\" class=\"yoast-schema-graph\">{\"@context\":\"https:\\\/\\\/schema.org\",\"@graph\":[{\"@type\":\"Article\",\"@id\":\"https:\\\/\\\/dpress.ma\\\/fr\\\/2023\\\/03\\\/14\\\/sm-le-roi-amir-al-mouminine-felicite-le-pape-francois-a-loccasion-de-lanniversaire-de-son-investiture-a-la-mission-papale-2\\\/#article\",\"isPartOf\":{\"@id\":\"https:\\\/\\\/dpress.ma\\\/fr\\\/2023\\\/03\\\/14\\\/sm-le-roi-amir-al-mouminine-felicite-le-pape-francois-a-loccasion-de-lanniversaire-de-son-investiture-a-la-mission-papale-2\\\/\"},\"author\":{\"name\":\"Dpress.ma\",\"@id\":\"https:\\\/\\\/dpress.ma\\\/fr\\\/#\\\/schema\\\/person\\\/4898febf3ccd59e6578d838656a306a0\"},\"headline\":\"SM le Roi, Amir Al-Mouminine, f\u00e9licite le Pape Fran\u00e7ois \u00e0 l\u2019occasion de l\u2019anniversaire de son investiture \u00e0 la mission papale\",\"datePublished\":\"2023-03-14T17:04:58+00:00\",\"dateModified\":\"2023-03-14T17:05:01+00:00\",\"mainEntityOfPage\":{\"@id\":\"https:\\\/\\\/dpress.ma\\\/fr\\\/2023\\\/03\\\/14\\\/sm-le-roi-amir-al-mouminine-felicite-le-pape-francois-a-loccasion-de-lanniversaire-de-son-investiture-a-la-mission-papale-2\\\/\"},\"wordCount\":162,\"commentCount\":0,\"image\":{\"@id\":\"https:\\\/\\\/dpress.ma\\\/fr\\\/2023\\\/03\\\/14\\\/sm-le-roi-amir-al-mouminine-felicite-le-pape-francois-a-loccasion-de-lanniversaire-de-son-investiture-a-la-mission-papale-2\\\/#primaryimage\"},\"thumbnailUrl\":\"https:\\\/\\\/dpress.ma\\\/fr\\\/wp-content\\\/uploads\\\/sites\\\/2\\\/2022\\\/11\\\/dimensions2-25.jpg\",\"articleSection\":[\"Activit\u00e9s Royales\"],\"inLanguage\":\"fr-FR\",\"potentialAction\":[{\"@type\":\"CommentAction\",\"name\":\"Comment\",\"target\":[\"https:\\\/\\\/dpress.ma\\\/fr\\\/2023\\\/03\\\/14\\\/sm-le-roi-amir-al-mouminine-felicite-le-pape-francois-a-loccasion-de-lanniversaire-de-son-investiture-a-la-mission-papale-2\\\/#respond\"]}]},{\"@type\":\"WebPage\",\"@id\":\"https:\\\/\\\/dpress.ma\\\/fr\\\/2023\\\/03\\\/14\\\/sm-le-roi-amir-al-mouminine-felicite-le-pape-francois-a-loccasion-de-lanniversaire-de-son-investiture-a-la-mission-papale-2\\\/\",\"url\":\"https:\\\/\\\/dpress.ma\\\/fr\\\/2023\\\/03\\\/14\\\/sm-le-roi-amir-al-mouminine-felicite-le-pape-francois-a-loccasion-de-lanniversaire-de-son-investiture-a-la-mission-papale-2\\\/\",\"name\":\"SM le Roi, Amir Al-Mouminine, f\u00e9licite le Pape Fran\u00e7ois \u00e0 l\u2019occasion de l\u2019anniversaire de son investiture \u00e0 la mission papale - Dpress.ma\\\/fr\",\"isPartOf\":{\"@id\":\"https:\\\/\\\/dpress.ma\\\/fr\\\/#website\"},\"primaryImageOfPage\":{\"@id\":\"https:\\\/\\\/dpress.ma\\\/fr\\\/2023\\\/03\\\/14\\\/sm-le-roi-amir-al-mouminine-felicite-le-pape-francois-a-loccasion-de-lanniversaire-de-son-investiture-a-la-mission-papale-2\\\/#primaryimage\"},\"image\":{\"@id\":\"https:\\\/\\\/dpress.ma\\\/fr\\\/2023\\\/03\\\/14\\\/sm-le-roi-amir-al-mouminine-felicite-le-pape-francois-a-loccasion-de-lanniversaire-de-son-investiture-a-la-mission-papale-2\\\/#primaryimage\"},\"thumbnailUrl\":\"https:\\\/\\\/dpress.ma\\\/fr\\\/wp-content\\\/uploads\\\/sites\\\/2\\\/2022\\\/11\\\/dimensions2-25.jpg\",\"datePublished\":\"2023-03-14T17:04:58+00:00\",\"dateModified\":\"2023-03-14T17:05:01+00:00\",\"author\":{\"@id\":\"https:\\\/\\\/dpress.ma\\\/fr\\\/#\\\/schema\\\/person\\\/4898febf3ccd59e6578d838656a306a0\"},\"description\":\"Sa Majest\u00e9 le Roi Mohammed VI, Amir Al-Mouminine, a adress\u00e9 un message de v\u0153ux et de f\u00e9licitations \u00e0 Sa Saintet\u00e9 le Pape Fran\u00e7ois, \u00e0 l\u2019occasion du dixi\u00e8me anniversaire de son investiture \u00e0 la mission papale.\",\"breadcrumb\":{\"@id\":\"https:\\\/\\\/dpress.ma\\\/fr\\\/2023\\\/03\\\/14\\\/sm-le-roi-amir-al-mouminine-felicite-le-pape-francois-a-loccasion-de-lanniversaire-de-son-investiture-a-la-mission-papale-2\\\/#breadcrumb\"},\"inLanguage\":\"fr-FR\",\"potentialAction\":[{\"@type\":\"ReadAction\",\"target\":[\"https:\\\/\\\/dpress.ma\\\/fr\\\/2023\\\/03\\\/14\\\/sm-le-roi-amir-al-mouminine-felicite-le-pape-francois-a-loccasion-de-lanniversaire-de-son-investiture-a-la-mission-papale-2\\\/\"]}]},{\"@type\":\"ImageObject\",\"inLanguage\":\"fr-FR\",\"@id\":\"https:\\\/\\\/dpress.ma\\\/fr\\\/2023\\\/03\\\/14\\\/sm-le-roi-amir-al-mouminine-felicite-le-pape-francois-a-loccasion-de-lanniversaire-de-son-investiture-a-la-mission-papale-2\\\/#primaryimage\",\"url\":\"https:\\\/\\\/dpress.ma\\\/fr\\\/wp-content\\\/uploads\\\/sites\\\/2\\\/2022\\\/11\\\/dimensions2-25.jpg\",\"contentUrl\":\"https:\\\/\\\/dpress.ma\\\/fr\\\/wp-content\\\/uploads\\\/sites\\\/2\\\/2022\\\/11\\\/dimensions2-25.jpg\",\"width\":2539,\"height\":1594},{\"@type\":\"BreadcrumbList\",\"@id\":\"https:\\\/\\\/dpress.ma\\\/fr\\\/2023\\\/03\\\/14\\\/sm-le-roi-amir-al-mouminine-felicite-le-pape-francois-a-loccasion-de-lanniversaire-de-son-investiture-a-la-mission-papale-2\\\/#breadcrumb\",\"itemListElement\":[{\"@type\":\"ListItem\",\"position\":1,\"name\":\"Home\",\"item\":\"https:\\\/\\\/dpress.ma\\\/fr\\\/\"},{\"@type\":\"ListItem\",\"position\":2,\"name\":\"SM le Roi, Amir Al-Mouminine, f\u00e9licite le Pape Fran\u00e7ois \u00e0 l\u2019occasion de l\u2019anniversaire de son investiture \u00e0 la mission papale\"}]},{\"@type\":\"WebSite\",\"@id\":\"https:\\\/\\\/dpress.ma\\\/fr\\\/#website\",\"url\":\"https:\\\/\\\/dpress.ma\\\/fr\\\/\",\"name\":\"Dpress.ma\\\/fr\",\"description\":\"\",\"potentialAction\":[{\"@type\":\"SearchAction\",\"target\":{\"@type\":\"EntryPoint\",\"urlTemplate\":\"https:\\\/\\\/dpress.ma\\\/fr\\\/?s={search_term_string}\"},\"query-input\":{\"@type\":\"PropertyValueSpecification\",\"valueRequired\":true,\"valueName\":\"search_term_string\"}}],\"inLanguage\":\"fr-FR\"},{\"@type\":\"Person\",\"@id\":\"https:\\\/\\\/dpress.ma\\\/fr\\\/#\\\/schema\\\/person\\\/4898febf3ccd59e6578d838656a306a0\",\"name\":\"Dpress.ma\",\"image\":{\"@type\":\"ImageObject\",\"inLanguage\":\"fr-FR\",\"@id\":\"https:\\\/\\\/secure.gravatar.com\\\/avatar\\\/72ecc30e9db047a2e0e7176561eb9d564ed77c8108376495b19bd8336405198a?s=96&d=mm&r=g\",\"url\":\"https:\\\/\\\/secure.gravatar.com\\\/avatar\\\/72ecc30e9db047a2e0e7176561eb9d564ed77c8108376495b19bd8336405198a?s=96&d=mm&r=g\",\"contentUrl\":\"https:\\\/\\\/secure.gravatar.com\\\/avatar\\\/72ecc30e9db047a2e0e7176561eb9d564ed77c8108376495b19bd8336405198a?s=96&d=mm&r=g\",\"caption\":\"Dpress.ma\"},\"sameAs\":[\"https:\\\/\\\/www.dpress.ma\"],\"url\":\"https:\\\/\\\/dpress.ma\\\/fr\\\/author\\\/dpress-ma\\\/\"}]}<\/script>\n<!-- \/ Yoast SEO plugin. -->","yoast_head_json":{"title":"SM le Roi, Amir Al-Mouminine, f\u00e9licite le Pape Fran\u00e7ois \u00e0 l\u2019occasion de l\u2019anniversaire de son investiture \u00e0 la mission papale - Dpress.ma\/fr","description":"Sa Majest\u00e9 le Roi Mohammed VI, Amir Al-Mouminine, a adress\u00e9 un message de v\u0153ux et de f\u00e9licitations \u00e0 Sa Saintet\u00e9 le Pape Fran\u00e7ois, \u00e0 l\u2019occasion du dixi\u00e8me anniversaire de son investiture \u00e0 la mission papale.","robots":{"index":"index","follow":"follow","max-snippet":"max-snippet:-1","max-image-preview":"max-image-preview:large","max-video-preview":"max-video-preview:-1"},"canonical":"https:\/\/dpress.ma\/fr\/2023\/03\/14\/sm-le-roi-amir-al-mouminine-felicite-le-pape-francois-a-loccasion-de-lanniversaire-de-son-investiture-a-la-mission-papale-2\/","og_locale":"fr_FR","og_type":"article","og_title":"SM le Roi, Amir Al-Mouminine, f\u00e9licite le Pape Fran\u00e7ois \u00e0 l\u2019occasion de l\u2019anniversaire de son investiture \u00e0 la mission papale - Dpress.ma\/fr","og_description":"Sa Majest\u00e9 le Roi Mohammed VI, Amir Al-Mouminine, a adress\u00e9 un message de v\u0153ux et de f\u00e9licitations \u00e0 Sa Saintet\u00e9 le Pape Fran\u00e7ois, \u00e0 l\u2019occasion du dixi\u00e8me anniversaire de son investiture \u00e0 la mission papale.","og_url":"https:\/\/dpress.ma\/fr\/2023\/03\/14\/sm-le-roi-amir-al-mouminine-felicite-le-pape-francois-a-loccasion-de-lanniversaire-de-son-investiture-a-la-mission-papale-2\/","og_site_name":"Dpress.ma\/fr","article_published_time":"2023-03-14T17:04:58+00:00","article_modified_time":"2023-03-14T17:05:01+00:00","og_image":[{"width":2539,"height":1594,"url":"https:\/\/dpress.ma\/fr\/wp-content\/uploads\/sites\/2\/2022\/11\/dimensions2-25.jpg","type":"image\/jpeg"}],"author":"Dpress.ma","twitter_card":"summary_large_image","twitter_misc":{"\u00c9crit par":"Dpress.ma","Dur\u00e9e de lecture estim\u00e9e":"1 minute"},"schema":{"@context":"https:\/\/schema.org","@graph":[{"@type":"Article","@id":"https:\/\/dpress.ma\/fr\/2023\/03\/14\/sm-le-roi-amir-al-mouminine-felicite-le-pape-francois-a-loccasion-de-lanniversaire-de-son-investiture-a-la-mission-papale-2\/#article","isPartOf":{"@id":"https:\/\/dpress.ma\/fr\/2023\/03\/14\/sm-le-roi-amir-al-mouminine-felicite-le-pape-francois-a-loccasion-de-lanniversaire-de-son-investiture-a-la-mission-papale-2\/"},"author":{"name":"Dpress.ma","@id":"https:\/\/dpress.ma\/fr\/#\/schema\/person\/4898febf3ccd59e6578d838656a306a0"},"headline":"SM le Roi, Amir Al-Mouminine, f\u00e9licite le Pape Fran\u00e7ois \u00e0 l\u2019occasion de l\u2019anniversaire de son investiture \u00e0 la mission papale","datePublished":"2023-03-14T17:04:58+00:00","dateModified":"2023-03-14T17:05:01+00:00","mainEntityOfPage":{"@id":"https:\/\/dpress.ma\/fr\/2023\/03\/14\/sm-le-roi-amir-al-mouminine-felicite-le-pape-francois-a-loccasion-de-lanniversaire-de-son-investiture-a-la-mission-papale-2\/"},"wordCount":162,"commentCount":0,"image":{"@id":"https:\/\/dpress.ma\/fr\/2023\/03\/14\/sm-le-roi-amir-al-mouminine-felicite-le-pape-francois-a-loccasion-de-lanniversaire-de-son-investiture-a-la-mission-papale-2\/#primaryimage"},"thumbnailUrl":"https:\/\/dpress.ma\/fr\/wp-content\/uploads\/sites\/2\/2022\/11\/dimensions2-25.jpg","articleSection":["Activit\u00e9s Royales"],"inLanguage":"fr-FR","potentialAction":[{"@type":"CommentAction","name":"Comment","target":["https:\/\/dpress.ma\/fr\/2023\/03\/14\/sm-le-roi-amir-al-mouminine-felicite-le-pape-francois-a-loccasion-de-lanniversaire-de-son-investiture-a-la-mission-papale-2\/#respond"]}]},{"@type":"WebPage","@id":"https:\/\/dpress.ma\/fr\/2023\/03\/14\/sm-le-roi-amir-al-mouminine-felicite-le-pape-francois-a-loccasion-de-lanniversaire-de-son-investiture-a-la-mission-papale-2\/","url":"https:\/\/dpress.ma\/fr\/2023\/03\/14\/sm-le-roi-amir-al-mouminine-felicite-le-pape-francois-a-loccasion-de-lanniversaire-de-son-investiture-a-la-mission-papale-2\/","name":"SM le Roi, Amir Al-Mouminine, f\u00e9licite le Pape Fran\u00e7ois \u00e0 l\u2019occasion de l\u2019anniversaire de son investiture \u00e0 la mission papale - Dpress.ma\/fr","isPartOf":{"@id":"https:\/\/dpress.ma\/fr\/#website"},"primaryImageOfPage":{"@id":"https:\/\/dpress.ma\/fr\/2023\/03\/14\/sm-le-roi-amir-al-mouminine-felicite-le-pape-francois-a-loccasion-de-lanniversaire-de-son-investiture-a-la-mission-papale-2\/#primaryimage"},"image":{"@id":"https:\/\/dpress.ma\/fr\/2023\/03\/14\/sm-le-roi-amir-al-mouminine-felicite-le-pape-francois-a-loccasion-de-lanniversaire-de-son-investiture-a-la-mission-papale-2\/#primaryimage"},"thumbnailUrl":"https:\/\/dpress.ma\/fr\/wp-content\/uploads\/sites\/2\/2022\/11\/dimensions2-25.jpg","datePublished":"2023-03-14T17:04:58+00:00","dateModified":"2023-03-14T17:05:01+00:00","author":{"@id":"https:\/\/dpress.ma\/fr\/#\/schema\/person\/4898febf3ccd59e6578d838656a306a0"},"description":"Sa Majest\u00e9 le Roi Mohammed VI, Amir Al-Mouminine, a adress\u00e9 un message de v\u0153ux et de f\u00e9licitations \u00e0 Sa Saintet\u00e9 le Pape Fran\u00e7ois, \u00e0 l\u2019occasion du dixi\u00e8me anniversaire de son investiture \u00e0 la mission papale.","breadcrumb":{"@id":"https:\/\/dpress.ma\/fr\/2023\/03\/14\/sm-le-roi-amir-al-mouminine-felicite-le-pape-francois-a-loccasion-de-lanniversaire-de-son-investiture-a-la-mission-papale-2\/#breadcrumb"},"inLanguage":"fr-FR","potentialAction":[{"@type":"ReadAction","target":["https:\/\/dpress.ma\/fr\/2023\/03\/14\/sm-le-roi-amir-al-mouminine-felicite-le-pape-francois-a-loccasion-de-lanniversaire-de-son-investiture-a-la-mission-papale-2\/"]}]},{"@type":"ImageObject","inLanguage":"fr-FR","@id":"https:\/\/dpress.ma\/fr\/2023\/03\/14\/sm-le-roi-amir-al-mouminine-felicite-le-pape-francois-a-loccasion-de-lanniversaire-de-son-investiture-a-la-mission-papale-2\/#primaryimage","url":"https:\/\/dpress.ma\/fr\/wp-content\/uploads\/sites\/2\/2022\/11\/dimensions2-25.jpg","contentUrl":"https:\/\/dpress.ma\/fr\/wp-content\/uploads\/sites\/2\/2022\/11\/dimensions2-25.jpg","width":2539,"height":1594},{"@type":"BreadcrumbList","@id":"https:\/\/dpress.ma\/fr\/2023\/03\/14\/sm-le-roi-amir-al-mouminine-felicite-le-pape-francois-a-loccasion-de-lanniversaire-de-son-investiture-a-la-mission-papale-2\/#breadcrumb","itemListElement":[{"@type":"ListItem","position":1,"name":"Home","item":"https:\/\/dpress.ma\/fr\/"},{"@type":"ListItem","position":2,"name":"SM le Roi, Amir Al-Mouminine, f\u00e9licite le Pape Fran\u00e7ois \u00e0 l\u2019occasion de l\u2019anniversaire de son investiture \u00e0 la mission papale"}]},{"@type":"WebSite","@id":"https:\/\/dpress.ma\/fr\/#website","url":"https:\/\/dpress.ma\/fr\/","name":"Dpress.ma\/fr","description":"","potentialAction":[{"@type":"SearchAction","target":{"@type":"EntryPoint","urlTemplate":"https:\/\/dpress.ma\/fr\/?s={search_term_string}"},"query-input":{"@type":"PropertyValueSpecification","valueRequired":true,"valueName":"search_term_string"}}],"inLanguage":"fr-FR"},{"@type":"Person","@id":"https:\/\/dpress.ma\/fr\/#\/schema\/person\/4898febf3ccd59e6578d838656a306a0","name":"Dpress.ma","image":{"@type":"ImageObject","inLanguage":"fr-FR","@id":"https:\/\/secure.gravatar.com\/avatar\/72ecc30e9db047a2e0e7176561eb9d564ed77c8108376495b19bd8336405198a?s=96&d=mm&r=g","url":"https:\/\/secure.gravatar.com\/avatar\/72ecc30e9db047a2e0e7176561eb9d564ed77c8108376495b19bd8336405198a?s=96&d=mm&r=g","contentUrl":"https:\/\/secure.gravatar.com\/avatar\/72ecc30e9db047a2e0e7176561eb9d564ed77c8108376495b19bd8336405198a?s=96&d=mm&r=g","caption":"Dpress.ma"},"sameAs":["https:\/\/www.dpress.ma"],"url":"https:\/\/dpress.ma\/fr\/author\/dpress-ma\/"}]}},"amp_enabled":true,"_links":{"self":[{"href":"https:\/\/dpress.ma\/fr\/wp-json\/wp\/v2\/posts\/3997","targetHints":{"allow":["GET"]}}],"collection":[{"href":"https:\/\/dpress.ma\/fr\/wp-json\/wp\/v2\/posts"}],"about":[{"href":"https:\/\/dpress.ma\/fr\/wp-json\/wp\/v2\/types\/post"}],"author":[{"embeddable":true,"href":"https:\/\/dpress.ma\/fr\/wp-json\/wp\/v2\/users\/2"}],"replies":[{"embeddable":true,"href":"https:\/\/dpress.ma\/fr\/wp-json\/wp\/v2\/comments?post=3997"}],"version-history":[{"count":1,"href":"https:\/\/dpress.ma\/fr\/wp-json\/wp\/v2\/posts\/3997\/revisions"}],"predecessor-version":[{"id":3998,"href":"https:\/\/dpress.ma\/fr\/wp-json\/wp\/v2\/posts\/3997\/revisions\/3998"}],"wp:featuredmedia":[{"embeddable":true,"href":"https:\/\/dpress.ma\/fr\/wp-json\/wp\/v2\/media\/2507"}],"wp:attachment":[{"href":"https:\/\/dpress.ma\/fr\/wp-json\/wp\/v2\/media?parent=3997"}],"wp:term":[{"taxonomy":"category","embeddable":true,"href":"https:\/\/dpress.ma\/fr\/wp-json\/wp\/v2\/categories?post=3997"},{"taxonomy":"post_tag","embeddable":true,"href":"https:\/\/dpress.ma\/fr\/wp-json\/wp\/v2\/tags?post=3997"}],"curies":[{"name":"wp","href":"https:\/\/api.w.org\/{rel}","templated":true}]}}