{"id":3967,"date":"2023-03-10T16:59:41","date_gmt":"2023-03-10T16:59:41","guid":{"rendered":"https:\/\/dpress.ma\/fr\/?p=3967"},"modified":"2023-03-10T16:59:43","modified_gmt":"2023-03-10T16:59:43","slug":"casablanca-la-cciscs-examine-avec-une-delegation-dhommes-daffaires-allemands-les-moyens-de-renforcer-les-liens-avec-la-region","status":"publish","type":"post","link":"https:\/\/dpress.ma\/fr\/2023\/03\/10\/casablanca-la-cciscs-examine-avec-une-delegation-dhommes-daffaires-allemands-les-moyens-de-renforcer-les-liens-avec-la-region\/","title":{"rendered":"Casablanca : La CCISCS examine avec une d\u00e9l\u00e9gation d\u2019hommes d\u2019affaires allemands les moyens de renforcer les liens avec la r\u00e9gion"},"content":{"rendered":"\n<p>Dpress<\/p>\n\n\n\n<p>Les moyens de renforcer la coop\u00e9ration \u00e9conomique, commerciale et d\u2019affaires ont \u00e9t\u00e9 au coeur d\u2019une rencontre, au cours de la semaine, entre les responsables de la Chambre de Commerce, d\u2019Industrie et de Services de Casablanca-Settat (CCISCS) et une d\u00e9l\u00e9gation d\u2019hommes d\u2019affaires allemands repr\u00e9sentant l\u2019Association allemande pour le Proche et Moyen-Orient.<\/p>\n","protected":false},"excerpt":{"rendered":"<p>Dpress Les moyens de renforcer la coop\u00e9ration \u00e9conomique, commerciale et d\u2019affaires ont \u00e9t\u00e9 au coeur d\u2019une rencontre, au cours de la semaine, entre les responsables de la Chambre de Commerce, d\u2019Industrie et de Services de Casablanca-Settat (CCISCS) et une d\u00e9l\u00e9gation d\u2019hommes d\u2019affaires allemands repr\u00e9sentant l\u2019Association allemande pour le Proche et Moyen-Orient.<\/p>\n","protected":false},"author":2,"featured_media":3968,"comment_status":"open","ping_status":"open","sticky":false,"template":"","format":"standard","meta":{"footnotes":""},"categories":[25],"tags":[],"class_list":["post-3967","post","type-post","status-publish","format-standard","has-post-thumbnail","hentry","category-economie"],"yoast_head":"<!-- This site is optimized with the Yoast SEO plugin v27.5 - https:\/\/yoast.com\/product\/yoast-seo-wordpress\/ -->\n<title>Casablanca : La CCISCS examine avec une d\u00e9l\u00e9gation d\u2019hommes d\u2019affaires allemands les moyens de renforcer les liens avec la r\u00e9gion - Dpress.ma\/fr<\/title>\n<meta name=\"robots\" content=\"index, follow, max-snippet:-1, max-image-preview:large, max-video-preview:-1\" \/>\n<link rel=\"canonical\" href=\"https:\/\/dpress.ma\/fr\/2023\/03\/10\/casablanca-la-cciscs-examine-avec-une-delegation-dhommes-daffaires-allemands-les-moyens-de-renforcer-les-liens-avec-la-region\/\" \/>\n<meta property=\"og:locale\" content=\"fr_FR\" \/>\n<meta property=\"og:type\" content=\"article\" \/>\n<meta property=\"og:title\" content=\"Casablanca : La CCISCS examine avec une d\u00e9l\u00e9gation d\u2019hommes d\u2019affaires allemands les moyens de renforcer les liens avec la r\u00e9gion - Dpress.ma\/fr\" \/>\n<meta property=\"og:description\" content=\"Dpress Les moyens de renforcer la coop\u00e9ration \u00e9conomique, commerciale et d\u2019affaires ont \u00e9t\u00e9 au coeur d\u2019une rencontre, au cours de la semaine, entre les responsables de la Chambre de Commerce, d\u2019Industrie et de Services de Casablanca-Settat (CCISCS) et une d\u00e9l\u00e9gation d\u2019hommes d\u2019affaires allemands repr\u00e9sentant l\u2019Association allemande pour le Proche et Moyen-Orient.\" \/>\n<meta property=\"og:url\" content=\"https:\/\/dpress.ma\/fr\/2023\/03\/10\/casablanca-la-cciscs-examine-avec-une-delegation-dhommes-daffaires-allemands-les-moyens-de-renforcer-les-liens-avec-la-region\/\" \/>\n<meta property=\"og:site_name\" content=\"Dpress.ma\/fr\" \/>\n<meta property=\"article:published_time\" content=\"2023-03-10T16:59:41+00:00\" \/>\n<meta property=\"article:modified_time\" content=\"2023-03-10T16:59:43+00:00\" \/>\n<meta property=\"og:image\" content=\"https:\/\/dpress.ma\/fr\/wp-content\/uploads\/sites\/2\/2023\/03\/dimensions2-26.jpg\" \/>\n\t<meta property=\"og:image:width\" content=\"2539\" \/>\n\t<meta property=\"og:image:height\" content=\"1594\" \/>\n\t<meta property=\"og:image:type\" content=\"image\/jpeg\" \/>\n<meta name=\"author\" content=\"Dpress.ma\" \/>\n<meta name=\"twitter:card\" content=\"summary_large_image\" \/>\n<meta name=\"twitter:label1\" content=\"\u00c9crit par\" \/>\n\t<meta name=\"twitter:data1\" content=\"Dpress.ma\" \/>\n\t<meta name=\"twitter:label2\" content=\"Dur\u00e9e de lecture estim\u00e9e\" \/>\n\t<meta name=\"twitter:data2\" content=\"1 minute\" \/>\n<script type=\"application\/ld+json\" class=\"yoast-schema-graph\">{\"@context\":\"https:\\\/\\\/schema.org\",\"@graph\":[{\"@type\":\"Article\",\"@id\":\"https:\\\/\\\/dpress.ma\\\/fr\\\/2023\\\/03\\\/10\\\/casablanca-la-cciscs-examine-avec-une-delegation-dhommes-daffaires-allemands-les-moyens-de-renforcer-les-liens-avec-la-region\\\/#article\",\"isPartOf\":{\"@id\":\"https:\\\/\\\/dpress.ma\\\/fr\\\/2023\\\/03\\\/10\\\/casablanca-la-cciscs-examine-avec-une-delegation-dhommes-daffaires-allemands-les-moyens-de-renforcer-les-liens-avec-la-region\\\/\"},\"author\":{\"name\":\"Dpress.ma\",\"@id\":\"https:\\\/\\\/dpress.ma\\\/fr\\\/#\\\/schema\\\/person\\\/4898febf3ccd59e6578d838656a306a0\"},\"headline\":\"Casablanca : La CCISCS examine avec une d\u00e9l\u00e9gation d\u2019hommes d\u2019affaires allemands les moyens de renforcer les liens avec la r\u00e9gion\",\"datePublished\":\"2023-03-10T16:59:41+00:00\",\"dateModified\":\"2023-03-10T16:59:43+00:00\",\"mainEntityOfPage\":{\"@id\":\"https:\\\/\\\/dpress.ma\\\/fr\\\/2023\\\/03\\\/10\\\/casablanca-la-cciscs-examine-avec-une-delegation-dhommes-daffaires-allemands-les-moyens-de-renforcer-les-liens-avec-la-region\\\/\"},\"wordCount\":85,\"commentCount\":0,\"image\":{\"@id\":\"https:\\\/\\\/dpress.ma\\\/fr\\\/2023\\\/03\\\/10\\\/casablanca-la-cciscs-examine-avec-une-delegation-dhommes-daffaires-allemands-les-moyens-de-renforcer-les-liens-avec-la-region\\\/#primaryimage\"},\"thumbnailUrl\":\"https:\\\/\\\/dpress.ma\\\/fr\\\/wp-content\\\/uploads\\\/sites\\\/2\\\/2023\\\/03\\\/dimensions2-26.jpg\",\"articleSection\":[\"\u00c9conomie\"],\"inLanguage\":\"fr-FR\",\"potentialAction\":[{\"@type\":\"CommentAction\",\"name\":\"Comment\",\"target\":[\"https:\\\/\\\/dpress.ma\\\/fr\\\/2023\\\/03\\\/10\\\/casablanca-la-cciscs-examine-avec-une-delegation-dhommes-daffaires-allemands-les-moyens-de-renforcer-les-liens-avec-la-region\\\/#respond\"]}]},{\"@type\":\"WebPage\",\"@id\":\"https:\\\/\\\/dpress.ma\\\/fr\\\/2023\\\/03\\\/10\\\/casablanca-la-cciscs-examine-avec-une-delegation-dhommes-daffaires-allemands-les-moyens-de-renforcer-les-liens-avec-la-region\\\/\",\"url\":\"https:\\\/\\\/dpress.ma\\\/fr\\\/2023\\\/03\\\/10\\\/casablanca-la-cciscs-examine-avec-une-delegation-dhommes-daffaires-allemands-les-moyens-de-renforcer-les-liens-avec-la-region\\\/\",\"name\":\"Casablanca : La CCISCS examine avec une d\u00e9l\u00e9gation d\u2019hommes d\u2019affaires allemands les moyens de renforcer les liens avec la r\u00e9gion - Dpress.ma\\\/fr\",\"isPartOf\":{\"@id\":\"https:\\\/\\\/dpress.ma\\\/fr\\\/#website\"},\"primaryImageOfPage\":{\"@id\":\"https:\\\/\\\/dpress.ma\\\/fr\\\/2023\\\/03\\\/10\\\/casablanca-la-cciscs-examine-avec-une-delegation-dhommes-daffaires-allemands-les-moyens-de-renforcer-les-liens-avec-la-region\\\/#primaryimage\"},\"image\":{\"@id\":\"https:\\\/\\\/dpress.ma\\\/fr\\\/2023\\\/03\\\/10\\\/casablanca-la-cciscs-examine-avec-une-delegation-dhommes-daffaires-allemands-les-moyens-de-renforcer-les-liens-avec-la-region\\\/#primaryimage\"},\"thumbnailUrl\":\"https:\\\/\\\/dpress.ma\\\/fr\\\/wp-content\\\/uploads\\\/sites\\\/2\\\/2023\\\/03\\\/dimensions2-26.jpg\",\"datePublished\":\"2023-03-10T16:59:41+00:00\",\"dateModified\":\"2023-03-10T16:59:43+00:00\",\"author\":{\"@id\":\"https:\\\/\\\/dpress.ma\\\/fr\\\/#\\\/schema\\\/person\\\/4898febf3ccd59e6578d838656a306a0\"},\"breadcrumb\":{\"@id\":\"https:\\\/\\\/dpress.ma\\\/fr\\\/2023\\\/03\\\/10\\\/casablanca-la-cciscs-examine-avec-une-delegation-dhommes-daffaires-allemands-les-moyens-de-renforcer-les-liens-avec-la-region\\\/#breadcrumb\"},\"inLanguage\":\"fr-FR\",\"potentialAction\":[{\"@type\":\"ReadAction\",\"target\":[\"https:\\\/\\\/dpress.ma\\\/fr\\\/2023\\\/03\\\/10\\\/casablanca-la-cciscs-examine-avec-une-delegation-dhommes-daffaires-allemands-les-moyens-de-renforcer-les-liens-avec-la-region\\\/\"]}]},{\"@type\":\"ImageObject\",\"inLanguage\":\"fr-FR\",\"@id\":\"https:\\\/\\\/dpress.ma\\\/fr\\\/2023\\\/03\\\/10\\\/casablanca-la-cciscs-examine-avec-une-delegation-dhommes-daffaires-allemands-les-moyens-de-renforcer-les-liens-avec-la-region\\\/#primaryimage\",\"url\":\"https:\\\/\\\/dpress.ma\\\/fr\\\/wp-content\\\/uploads\\\/sites\\\/2\\\/2023\\\/03\\\/dimensions2-26.jpg\",\"contentUrl\":\"https:\\\/\\\/dpress.ma\\\/fr\\\/wp-content\\\/uploads\\\/sites\\\/2\\\/2023\\\/03\\\/dimensions2-26.jpg\",\"width\":2539,\"height\":1594},{\"@type\":\"BreadcrumbList\",\"@id\":\"https:\\\/\\\/dpress.ma\\\/fr\\\/2023\\\/03\\\/10\\\/casablanca-la-cciscs-examine-avec-une-delegation-dhommes-daffaires-allemands-les-moyens-de-renforcer-les-liens-avec-la-region\\\/#breadcrumb\",\"itemListElement\":[{\"@type\":\"ListItem\",\"position\":1,\"name\":\"Home\",\"item\":\"https:\\\/\\\/dpress.ma\\\/fr\\\/\"},{\"@type\":\"ListItem\",\"position\":2,\"name\":\"Casablanca : La CCISCS examine avec une d\u00e9l\u00e9gation d\u2019hommes d\u2019affaires allemands les moyens de renforcer les liens avec la r\u00e9gion\"}]},{\"@type\":\"WebSite\",\"@id\":\"https:\\\/\\\/dpress.ma\\\/fr\\\/#website\",\"url\":\"https:\\\/\\\/dpress.ma\\\/fr\\\/\",\"name\":\"Dpress.ma\\\/fr\",\"description\":\"\",\"potentialAction\":[{\"@type\":\"SearchAction\",\"target\":{\"@type\":\"EntryPoint\",\"urlTemplate\":\"https:\\\/\\\/dpress.ma\\\/fr\\\/?s={search_term_string}\"},\"query-input\":{\"@type\":\"PropertyValueSpecification\",\"valueRequired\":true,\"valueName\":\"search_term_string\"}}],\"inLanguage\":\"fr-FR\"},{\"@type\":\"Person\",\"@id\":\"https:\\\/\\\/dpress.ma\\\/fr\\\/#\\\/schema\\\/person\\\/4898febf3ccd59e6578d838656a306a0\",\"name\":\"Dpress.ma\",\"image\":{\"@type\":\"ImageObject\",\"inLanguage\":\"fr-FR\",\"@id\":\"https:\\\/\\\/secure.gravatar.com\\\/avatar\\\/72ecc30e9db047a2e0e7176561eb9d564ed77c8108376495b19bd8336405198a?s=96&d=mm&r=g\",\"url\":\"https:\\\/\\\/secure.gravatar.com\\\/avatar\\\/72ecc30e9db047a2e0e7176561eb9d564ed77c8108376495b19bd8336405198a?s=96&d=mm&r=g\",\"contentUrl\":\"https:\\\/\\\/secure.gravatar.com\\\/avatar\\\/72ecc30e9db047a2e0e7176561eb9d564ed77c8108376495b19bd8336405198a?s=96&d=mm&r=g\",\"caption\":\"Dpress.ma\"},\"sameAs\":[\"https:\\\/\\\/www.dpress.ma\"],\"url\":\"https:\\\/\\\/dpress.ma\\\/fr\\\/author\\\/dpress-ma\\\/\"}]}<\/script>\n<!-- \/ Yoast SEO plugin. -->","yoast_head_json":{"title":"Casablanca : La CCISCS examine avec une d\u00e9l\u00e9gation d\u2019hommes d\u2019affaires allemands les moyens de renforcer les liens avec la r\u00e9gion - Dpress.ma\/fr","robots":{"index":"index","follow":"follow","max-snippet":"max-snippet:-1","max-image-preview":"max-image-preview:large","max-video-preview":"max-video-preview:-1"},"canonical":"https:\/\/dpress.ma\/fr\/2023\/03\/10\/casablanca-la-cciscs-examine-avec-une-delegation-dhommes-daffaires-allemands-les-moyens-de-renforcer-les-liens-avec-la-region\/","og_locale":"fr_FR","og_type":"article","og_title":"Casablanca : La CCISCS examine avec une d\u00e9l\u00e9gation d\u2019hommes d\u2019affaires allemands les moyens de renforcer les liens avec la r\u00e9gion - Dpress.ma\/fr","og_description":"Dpress Les moyens de renforcer la coop\u00e9ration \u00e9conomique, commerciale et d\u2019affaires ont \u00e9t\u00e9 au coeur d\u2019une rencontre, au cours de la semaine, entre les responsables de la Chambre de Commerce, d\u2019Industrie et de Services de Casablanca-Settat (CCISCS) et une d\u00e9l\u00e9gation d\u2019hommes d\u2019affaires allemands repr\u00e9sentant l\u2019Association allemande pour le Proche et Moyen-Orient.","og_url":"https:\/\/dpress.ma\/fr\/2023\/03\/10\/casablanca-la-cciscs-examine-avec-une-delegation-dhommes-daffaires-allemands-les-moyens-de-renforcer-les-liens-avec-la-region\/","og_site_name":"Dpress.ma\/fr","article_published_time":"2023-03-10T16:59:41+00:00","article_modified_time":"2023-03-10T16:59:43+00:00","og_image":[{"width":2539,"height":1594,"url":"https:\/\/dpress.ma\/fr\/wp-content\/uploads\/sites\/2\/2023\/03\/dimensions2-26.jpg","type":"image\/jpeg"}],"author":"Dpress.ma","twitter_card":"summary_large_image","twitter_misc":{"\u00c9crit par":"Dpress.ma","Dur\u00e9e de lecture estim\u00e9e":"1 minute"},"schema":{"@context":"https:\/\/schema.org","@graph":[{"@type":"Article","@id":"https:\/\/dpress.ma\/fr\/2023\/03\/10\/casablanca-la-cciscs-examine-avec-une-delegation-dhommes-daffaires-allemands-les-moyens-de-renforcer-les-liens-avec-la-region\/#article","isPartOf":{"@id":"https:\/\/dpress.ma\/fr\/2023\/03\/10\/casablanca-la-cciscs-examine-avec-une-delegation-dhommes-daffaires-allemands-les-moyens-de-renforcer-les-liens-avec-la-region\/"},"author":{"name":"Dpress.ma","@id":"https:\/\/dpress.ma\/fr\/#\/schema\/person\/4898febf3ccd59e6578d838656a306a0"},"headline":"Casablanca : La CCISCS examine avec une d\u00e9l\u00e9gation d\u2019hommes d\u2019affaires allemands les moyens de renforcer les liens avec la r\u00e9gion","datePublished":"2023-03-10T16:59:41+00:00","dateModified":"2023-03-10T16:59:43+00:00","mainEntityOfPage":{"@id":"https:\/\/dpress.ma\/fr\/2023\/03\/10\/casablanca-la-cciscs-examine-avec-une-delegation-dhommes-daffaires-allemands-les-moyens-de-renforcer-les-liens-avec-la-region\/"},"wordCount":85,"commentCount":0,"image":{"@id":"https:\/\/dpress.ma\/fr\/2023\/03\/10\/casablanca-la-cciscs-examine-avec-une-delegation-dhommes-daffaires-allemands-les-moyens-de-renforcer-les-liens-avec-la-region\/#primaryimage"},"thumbnailUrl":"https:\/\/dpress.ma\/fr\/wp-content\/uploads\/sites\/2\/2023\/03\/dimensions2-26.jpg","articleSection":["\u00c9conomie"],"inLanguage":"fr-FR","potentialAction":[{"@type":"CommentAction","name":"Comment","target":["https:\/\/dpress.ma\/fr\/2023\/03\/10\/casablanca-la-cciscs-examine-avec-une-delegation-dhommes-daffaires-allemands-les-moyens-de-renforcer-les-liens-avec-la-region\/#respond"]}]},{"@type":"WebPage","@id":"https:\/\/dpress.ma\/fr\/2023\/03\/10\/casablanca-la-cciscs-examine-avec-une-delegation-dhommes-daffaires-allemands-les-moyens-de-renforcer-les-liens-avec-la-region\/","url":"https:\/\/dpress.ma\/fr\/2023\/03\/10\/casablanca-la-cciscs-examine-avec-une-delegation-dhommes-daffaires-allemands-les-moyens-de-renforcer-les-liens-avec-la-region\/","name":"Casablanca : La CCISCS examine avec une d\u00e9l\u00e9gation d\u2019hommes d\u2019affaires allemands les moyens de renforcer les liens avec la r\u00e9gion - Dpress.ma\/fr","isPartOf":{"@id":"https:\/\/dpress.ma\/fr\/#website"},"primaryImageOfPage":{"@id":"https:\/\/dpress.ma\/fr\/2023\/03\/10\/casablanca-la-cciscs-examine-avec-une-delegation-dhommes-daffaires-allemands-les-moyens-de-renforcer-les-liens-avec-la-region\/#primaryimage"},"image":{"@id":"https:\/\/dpress.ma\/fr\/2023\/03\/10\/casablanca-la-cciscs-examine-avec-une-delegation-dhommes-daffaires-allemands-les-moyens-de-renforcer-les-liens-avec-la-region\/#primaryimage"},"thumbnailUrl":"https:\/\/dpress.ma\/fr\/wp-content\/uploads\/sites\/2\/2023\/03\/dimensions2-26.jpg","datePublished":"2023-03-10T16:59:41+00:00","dateModified":"2023-03-10T16:59:43+00:00","author":{"@id":"https:\/\/dpress.ma\/fr\/#\/schema\/person\/4898febf3ccd59e6578d838656a306a0"},"breadcrumb":{"@id":"https:\/\/dpress.ma\/fr\/2023\/03\/10\/casablanca-la-cciscs-examine-avec-une-delegation-dhommes-daffaires-allemands-les-moyens-de-renforcer-les-liens-avec-la-region\/#breadcrumb"},"inLanguage":"fr-FR","potentialAction":[{"@type":"ReadAction","target":["https:\/\/dpress.ma\/fr\/2023\/03\/10\/casablanca-la-cciscs-examine-avec-une-delegation-dhommes-daffaires-allemands-les-moyens-de-renforcer-les-liens-avec-la-region\/"]}]},{"@type":"ImageObject","inLanguage":"fr-FR","@id":"https:\/\/dpress.ma\/fr\/2023\/03\/10\/casablanca-la-cciscs-examine-avec-une-delegation-dhommes-daffaires-allemands-les-moyens-de-renforcer-les-liens-avec-la-region\/#primaryimage","url":"https:\/\/dpress.ma\/fr\/wp-content\/uploads\/sites\/2\/2023\/03\/dimensions2-26.jpg","contentUrl":"https:\/\/dpress.ma\/fr\/wp-content\/uploads\/sites\/2\/2023\/03\/dimensions2-26.jpg","width":2539,"height":1594},{"@type":"BreadcrumbList","@id":"https:\/\/dpress.ma\/fr\/2023\/03\/10\/casablanca-la-cciscs-examine-avec-une-delegation-dhommes-daffaires-allemands-les-moyens-de-renforcer-les-liens-avec-la-region\/#breadcrumb","itemListElement":[{"@type":"ListItem","position":1,"name":"Home","item":"https:\/\/dpress.ma\/fr\/"},{"@type":"ListItem","position":2,"name":"Casablanca : La CCISCS examine avec une d\u00e9l\u00e9gation d\u2019hommes d\u2019affaires allemands les moyens de renforcer les liens avec la r\u00e9gion"}]},{"@type":"WebSite","@id":"https:\/\/dpress.ma\/fr\/#website","url":"https:\/\/dpress.ma\/fr\/","name":"Dpress.ma\/fr","description":"","potentialAction":[{"@type":"SearchAction","target":{"@type":"EntryPoint","urlTemplate":"https:\/\/dpress.ma\/fr\/?s={search_term_string}"},"query-input":{"@type":"PropertyValueSpecification","valueRequired":true,"valueName":"search_term_string"}}],"inLanguage":"fr-FR"},{"@type":"Person","@id":"https:\/\/dpress.ma\/fr\/#\/schema\/person\/4898febf3ccd59e6578d838656a306a0","name":"Dpress.ma","image":{"@type":"ImageObject","inLanguage":"fr-FR","@id":"https:\/\/secure.gravatar.com\/avatar\/72ecc30e9db047a2e0e7176561eb9d564ed77c8108376495b19bd8336405198a?s=96&d=mm&r=g","url":"https:\/\/secure.gravatar.com\/avatar\/72ecc30e9db047a2e0e7176561eb9d564ed77c8108376495b19bd8336405198a?s=96&d=mm&r=g","contentUrl":"https:\/\/secure.gravatar.com\/avatar\/72ecc30e9db047a2e0e7176561eb9d564ed77c8108376495b19bd8336405198a?s=96&d=mm&r=g","caption":"Dpress.ma"},"sameAs":["https:\/\/www.dpress.ma"],"url":"https:\/\/dpress.ma\/fr\/author\/dpress-ma\/"}]}},"amp_enabled":true,"_links":{"self":[{"href":"https:\/\/dpress.ma\/fr\/wp-json\/wp\/v2\/posts\/3967","targetHints":{"allow":["GET"]}}],"collection":[{"href":"https:\/\/dpress.ma\/fr\/wp-json\/wp\/v2\/posts"}],"about":[{"href":"https:\/\/dpress.ma\/fr\/wp-json\/wp\/v2\/types\/post"}],"author":[{"embeddable":true,"href":"https:\/\/dpress.ma\/fr\/wp-json\/wp\/v2\/users\/2"}],"replies":[{"embeddable":true,"href":"https:\/\/dpress.ma\/fr\/wp-json\/wp\/v2\/comments?post=3967"}],"version-history":[{"count":1,"href":"https:\/\/dpress.ma\/fr\/wp-json\/wp\/v2\/posts\/3967\/revisions"}],"predecessor-version":[{"id":3969,"href":"https:\/\/dpress.ma\/fr\/wp-json\/wp\/v2\/posts\/3967\/revisions\/3969"}],"wp:featuredmedia":[{"embeddable":true,"href":"https:\/\/dpress.ma\/fr\/wp-json\/wp\/v2\/media\/3968"}],"wp:attachment":[{"href":"https:\/\/dpress.ma\/fr\/wp-json\/wp\/v2\/media?parent=3967"}],"wp:term":[{"taxonomy":"category","embeddable":true,"href":"https:\/\/dpress.ma\/fr\/wp-json\/wp\/v2\/categories?post=3967"},{"taxonomy":"post_tag","embeddable":true,"href":"https:\/\/dpress.ma\/fr\/wp-json\/wp\/v2\/tags?post=3967"}],"curies":[{"name":"wp","href":"https:\/\/api.w.org\/{rel}","templated":true}]}}