{"id":3943,"date":"2023-03-08T16:24:12","date_gmt":"2023-03-08T16:24:12","guid":{"rendered":"https:\/\/dpress.ma\/fr\/?p=3943"},"modified":"2023-03-08T16:24:14","modified_gmt":"2023-03-08T16:24:14","slug":"la-loi-de-la-concurrence-un-levier-de-la-transformation-numerique","status":"publish","type":"post","link":"https:\/\/dpress.ma\/fr\/2023\/03\/08\/la-loi-de-la-concurrence-un-levier-de-la-transformation-numerique\/","title":{"rendered":"La loi de la concurrence, un levier de la transformation num\u00e9rique"},"content":{"rendered":"\n<p>Dpress<\/p>\n\n\n\n<p>La loi de la concurrence peut \u00eatre un levier de la transformation num\u00e9rique \u00e0 travers l\u2019encouragement de la concurrence loyale et l\u2019innovation dans le secteur des technologies de l\u2019information et de la communication (TIC), a soulign\u00e9, mercredi \u00e0 Rabat, le ministre de l\u2019Industrie et du Commerce, Ryad Mezzour.<\/p>\n\n\n\n<p>\u00ab&nbsp;La plupart des pays arabes connaissent une transformation num\u00e9rique importante, et donc la loi de la concurrence peut \u00eatre un levier de cette transformation num\u00e9rique en encourageant la concurrence loyale et l\u2019innovation dans le secteur des TIC&nbsp;\u00bb, a dit M. Mezzour \u00e0 l\u2019ouverture des travaux de la deuxi\u00e8me \u00e9dition du Forum du R\u00e9seau de la concurrence arabe.<\/p>\n\n\n\n<p>Une concurrence loyale peut \u00e9galement stimuler la cr\u00e9ativit\u00e9 et l\u2019innovation dans le secteur des TIC, ce qui peut aider les entreprises \u00e0 d\u00e9velopper de nouvelles technologies et de nouveaux produits num\u00e9riques pour r\u00e9pondre aux besoins changeants des consommateurs, a-t-il ajout\u00e9.<\/p>\n","protected":false},"excerpt":{"rendered":"<p>Dpress La loi de la concurrence peut \u00eatre un levier de la transformation num\u00e9rique \u00e0 travers l\u2019encouragement de la concurrence loyale et l\u2019innovation dans le secteur des technologies de l\u2019information et de la communication (TIC), a soulign\u00e9, mercredi \u00e0 Rabat, le ministre de l\u2019Industrie et du Commerce, Ryad Mezzour. \u00ab&nbsp;La plupart des pays arabes connaissent &hellip;<\/p>\n","protected":false},"author":2,"featured_media":3944,"comment_status":"open","ping_status":"open","sticky":false,"template":"","format":"standard","meta":{"footnotes":""},"categories":[25],"tags":[],"class_list":["post-3943","post","type-post","status-publish","format-standard","has-post-thumbnail","hentry","category-economie"],"yoast_head":"<!-- This site is optimized with the Yoast SEO plugin v27.5 - https:\/\/yoast.com\/product\/yoast-seo-wordpress\/ -->\n<title>La loi de la concurrence, un levier de la transformation num\u00e9rique - Dpress.ma\/fr<\/title>\n<meta name=\"description\" content=\"La loi de la concurrence peut \u00eatre un levier de la transformation num\u00e9rique \u00e0 travers l\u2019encouragement de la concurrence loyale et l\u2019innovation dans le secteur des technologies de l\u2019information et de la communication (TIC), a soulign\u00e9, mercredi \u00e0 Rabat, le ministre de l\u2019Industrie et du Commerce, Ryad Mezzour.\" \/>\n<meta name=\"robots\" content=\"index, follow, max-snippet:-1, max-image-preview:large, max-video-preview:-1\" \/>\n<link rel=\"canonical\" href=\"https:\/\/dpress.ma\/fr\/2023\/03\/08\/la-loi-de-la-concurrence-un-levier-de-la-transformation-numerique\/\" \/>\n<meta property=\"og:locale\" content=\"fr_FR\" \/>\n<meta property=\"og:type\" content=\"article\" \/>\n<meta property=\"og:title\" content=\"La loi de la concurrence, un levier de la transformation num\u00e9rique - Dpress.ma\/fr\" \/>\n<meta property=\"og:description\" content=\"La loi de la concurrence peut \u00eatre un levier de la transformation num\u00e9rique \u00e0 travers l\u2019encouragement de la concurrence loyale et l\u2019innovation dans le secteur des technologies de l\u2019information et de la communication (TIC), a soulign\u00e9, mercredi \u00e0 Rabat, le ministre de l\u2019Industrie et du Commerce, Ryad Mezzour.\" \/>\n<meta property=\"og:url\" content=\"https:\/\/dpress.ma\/fr\/2023\/03\/08\/la-loi-de-la-concurrence-un-levier-de-la-transformation-numerique\/\" \/>\n<meta property=\"og:site_name\" content=\"Dpress.ma\/fr\" \/>\n<meta property=\"article:published_time\" content=\"2023-03-08T16:24:12+00:00\" \/>\n<meta property=\"article:modified_time\" content=\"2023-03-08T16:24:14+00:00\" \/>\n<meta property=\"og:image\" content=\"https:\/\/dpress.ma\/fr\/wp-content\/uploads\/sites\/2\/2023\/03\/dimensions2-21.jpg\" \/>\n\t<meta property=\"og:image:width\" content=\"2539\" \/>\n\t<meta property=\"og:image:height\" content=\"1594\" \/>\n\t<meta property=\"og:image:type\" content=\"image\/jpeg\" \/>\n<meta name=\"author\" content=\"Dpress.ma\" \/>\n<meta name=\"twitter:card\" content=\"summary_large_image\" \/>\n<meta name=\"twitter:label1\" content=\"\u00c9crit par\" \/>\n\t<meta name=\"twitter:data1\" content=\"Dpress.ma\" \/>\n\t<meta name=\"twitter:label2\" content=\"Dur\u00e9e de lecture estim\u00e9e\" \/>\n\t<meta name=\"twitter:data2\" content=\"1 minute\" \/>\n<script type=\"application\/ld+json\" class=\"yoast-schema-graph\">{\"@context\":\"https:\\\/\\\/schema.org\",\"@graph\":[{\"@type\":\"Article\",\"@id\":\"https:\\\/\\\/dpress.ma\\\/fr\\\/2023\\\/03\\\/08\\\/la-loi-de-la-concurrence-un-levier-de-la-transformation-numerique\\\/#article\",\"isPartOf\":{\"@id\":\"https:\\\/\\\/dpress.ma\\\/fr\\\/2023\\\/03\\\/08\\\/la-loi-de-la-concurrence-un-levier-de-la-transformation-numerique\\\/\"},\"author\":{\"name\":\"Dpress.ma\",\"@id\":\"https:\\\/\\\/dpress.ma\\\/fr\\\/#\\\/schema\\\/person\\\/4898febf3ccd59e6578d838656a306a0\"},\"headline\":\"La loi de la concurrence, un levier de la transformation num\u00e9rique\",\"datePublished\":\"2023-03-08T16:24:12+00:00\",\"dateModified\":\"2023-03-08T16:24:14+00:00\",\"mainEntityOfPage\":{\"@id\":\"https:\\\/\\\/dpress.ma\\\/fr\\\/2023\\\/03\\\/08\\\/la-loi-de-la-concurrence-un-levier-de-la-transformation-numerique\\\/\"},\"wordCount\":172,\"commentCount\":0,\"image\":{\"@id\":\"https:\\\/\\\/dpress.ma\\\/fr\\\/2023\\\/03\\\/08\\\/la-loi-de-la-concurrence-un-levier-de-la-transformation-numerique\\\/#primaryimage\"},\"thumbnailUrl\":\"https:\\\/\\\/dpress.ma\\\/fr\\\/wp-content\\\/uploads\\\/sites\\\/2\\\/2023\\\/03\\\/dimensions2-21.jpg\",\"articleSection\":[\"\u00c9conomie\"],\"inLanguage\":\"fr-FR\",\"potentialAction\":[{\"@type\":\"CommentAction\",\"name\":\"Comment\",\"target\":[\"https:\\\/\\\/dpress.ma\\\/fr\\\/2023\\\/03\\\/08\\\/la-loi-de-la-concurrence-un-levier-de-la-transformation-numerique\\\/#respond\"]}]},{\"@type\":\"WebPage\",\"@id\":\"https:\\\/\\\/dpress.ma\\\/fr\\\/2023\\\/03\\\/08\\\/la-loi-de-la-concurrence-un-levier-de-la-transformation-numerique\\\/\",\"url\":\"https:\\\/\\\/dpress.ma\\\/fr\\\/2023\\\/03\\\/08\\\/la-loi-de-la-concurrence-un-levier-de-la-transformation-numerique\\\/\",\"name\":\"La loi de la concurrence, un levier de la transformation num\u00e9rique - Dpress.ma\\\/fr\",\"isPartOf\":{\"@id\":\"https:\\\/\\\/dpress.ma\\\/fr\\\/#website\"},\"primaryImageOfPage\":{\"@id\":\"https:\\\/\\\/dpress.ma\\\/fr\\\/2023\\\/03\\\/08\\\/la-loi-de-la-concurrence-un-levier-de-la-transformation-numerique\\\/#primaryimage\"},\"image\":{\"@id\":\"https:\\\/\\\/dpress.ma\\\/fr\\\/2023\\\/03\\\/08\\\/la-loi-de-la-concurrence-un-levier-de-la-transformation-numerique\\\/#primaryimage\"},\"thumbnailUrl\":\"https:\\\/\\\/dpress.ma\\\/fr\\\/wp-content\\\/uploads\\\/sites\\\/2\\\/2023\\\/03\\\/dimensions2-21.jpg\",\"datePublished\":\"2023-03-08T16:24:12+00:00\",\"dateModified\":\"2023-03-08T16:24:14+00:00\",\"author\":{\"@id\":\"https:\\\/\\\/dpress.ma\\\/fr\\\/#\\\/schema\\\/person\\\/4898febf3ccd59e6578d838656a306a0\"},\"description\":\"La loi de la concurrence peut \u00eatre un levier de la transformation num\u00e9rique \u00e0 travers l\u2019encouragement de la concurrence loyale et l\u2019innovation dans le secteur des technologies de l\u2019information et de la communication (TIC), a soulign\u00e9, mercredi \u00e0 Rabat, le ministre de l\u2019Industrie et du Commerce, Ryad Mezzour.\",\"breadcrumb\":{\"@id\":\"https:\\\/\\\/dpress.ma\\\/fr\\\/2023\\\/03\\\/08\\\/la-loi-de-la-concurrence-un-levier-de-la-transformation-numerique\\\/#breadcrumb\"},\"inLanguage\":\"fr-FR\",\"potentialAction\":[{\"@type\":\"ReadAction\",\"target\":[\"https:\\\/\\\/dpress.ma\\\/fr\\\/2023\\\/03\\\/08\\\/la-loi-de-la-concurrence-un-levier-de-la-transformation-numerique\\\/\"]}]},{\"@type\":\"ImageObject\",\"inLanguage\":\"fr-FR\",\"@id\":\"https:\\\/\\\/dpress.ma\\\/fr\\\/2023\\\/03\\\/08\\\/la-loi-de-la-concurrence-un-levier-de-la-transformation-numerique\\\/#primaryimage\",\"url\":\"https:\\\/\\\/dpress.ma\\\/fr\\\/wp-content\\\/uploads\\\/sites\\\/2\\\/2023\\\/03\\\/dimensions2-21.jpg\",\"contentUrl\":\"https:\\\/\\\/dpress.ma\\\/fr\\\/wp-content\\\/uploads\\\/sites\\\/2\\\/2023\\\/03\\\/dimensions2-21.jpg\",\"width\":2539,\"height\":1594},{\"@type\":\"BreadcrumbList\",\"@id\":\"https:\\\/\\\/dpress.ma\\\/fr\\\/2023\\\/03\\\/08\\\/la-loi-de-la-concurrence-un-levier-de-la-transformation-numerique\\\/#breadcrumb\",\"itemListElement\":[{\"@type\":\"ListItem\",\"position\":1,\"name\":\"Home\",\"item\":\"https:\\\/\\\/dpress.ma\\\/fr\\\/\"},{\"@type\":\"ListItem\",\"position\":2,\"name\":\"La loi de la concurrence, un levier de la transformation num\u00e9rique\"}]},{\"@type\":\"WebSite\",\"@id\":\"https:\\\/\\\/dpress.ma\\\/fr\\\/#website\",\"url\":\"https:\\\/\\\/dpress.ma\\\/fr\\\/\",\"name\":\"Dpress.ma\\\/fr\",\"description\":\"\",\"potentialAction\":[{\"@type\":\"SearchAction\",\"target\":{\"@type\":\"EntryPoint\",\"urlTemplate\":\"https:\\\/\\\/dpress.ma\\\/fr\\\/?s={search_term_string}\"},\"query-input\":{\"@type\":\"PropertyValueSpecification\",\"valueRequired\":true,\"valueName\":\"search_term_string\"}}],\"inLanguage\":\"fr-FR\"},{\"@type\":\"Person\",\"@id\":\"https:\\\/\\\/dpress.ma\\\/fr\\\/#\\\/schema\\\/person\\\/4898febf3ccd59e6578d838656a306a0\",\"name\":\"Dpress.ma\",\"image\":{\"@type\":\"ImageObject\",\"inLanguage\":\"fr-FR\",\"@id\":\"https:\\\/\\\/secure.gravatar.com\\\/avatar\\\/72ecc30e9db047a2e0e7176561eb9d564ed77c8108376495b19bd8336405198a?s=96&d=mm&r=g\",\"url\":\"https:\\\/\\\/secure.gravatar.com\\\/avatar\\\/72ecc30e9db047a2e0e7176561eb9d564ed77c8108376495b19bd8336405198a?s=96&d=mm&r=g\",\"contentUrl\":\"https:\\\/\\\/secure.gravatar.com\\\/avatar\\\/72ecc30e9db047a2e0e7176561eb9d564ed77c8108376495b19bd8336405198a?s=96&d=mm&r=g\",\"caption\":\"Dpress.ma\"},\"sameAs\":[\"https:\\\/\\\/www.dpress.ma\"],\"url\":\"https:\\\/\\\/dpress.ma\\\/fr\\\/author\\\/dpress-ma\\\/\"}]}<\/script>\n<!-- \/ Yoast SEO plugin. -->","yoast_head_json":{"title":"La loi de la concurrence, un levier de la transformation num\u00e9rique - Dpress.ma\/fr","description":"La loi de la concurrence peut \u00eatre un levier de la transformation num\u00e9rique \u00e0 travers l\u2019encouragement de la concurrence loyale et l\u2019innovation dans le secteur des technologies de l\u2019information et de la communication (TIC), a soulign\u00e9, mercredi \u00e0 Rabat, le ministre de l\u2019Industrie et du Commerce, Ryad Mezzour.","robots":{"index":"index","follow":"follow","max-snippet":"max-snippet:-1","max-image-preview":"max-image-preview:large","max-video-preview":"max-video-preview:-1"},"canonical":"https:\/\/dpress.ma\/fr\/2023\/03\/08\/la-loi-de-la-concurrence-un-levier-de-la-transformation-numerique\/","og_locale":"fr_FR","og_type":"article","og_title":"La loi de la concurrence, un levier de la transformation num\u00e9rique - Dpress.ma\/fr","og_description":"La loi de la concurrence peut \u00eatre un levier de la transformation num\u00e9rique \u00e0 travers l\u2019encouragement de la concurrence loyale et l\u2019innovation dans le secteur des technologies de l\u2019information et de la communication (TIC), a soulign\u00e9, mercredi \u00e0 Rabat, le ministre de l\u2019Industrie et du Commerce, Ryad Mezzour.","og_url":"https:\/\/dpress.ma\/fr\/2023\/03\/08\/la-loi-de-la-concurrence-un-levier-de-la-transformation-numerique\/","og_site_name":"Dpress.ma\/fr","article_published_time":"2023-03-08T16:24:12+00:00","article_modified_time":"2023-03-08T16:24:14+00:00","og_image":[{"width":2539,"height":1594,"url":"https:\/\/dpress.ma\/fr\/wp-content\/uploads\/sites\/2\/2023\/03\/dimensions2-21.jpg","type":"image\/jpeg"}],"author":"Dpress.ma","twitter_card":"summary_large_image","twitter_misc":{"\u00c9crit par":"Dpress.ma","Dur\u00e9e de lecture estim\u00e9e":"1 minute"},"schema":{"@context":"https:\/\/schema.org","@graph":[{"@type":"Article","@id":"https:\/\/dpress.ma\/fr\/2023\/03\/08\/la-loi-de-la-concurrence-un-levier-de-la-transformation-numerique\/#article","isPartOf":{"@id":"https:\/\/dpress.ma\/fr\/2023\/03\/08\/la-loi-de-la-concurrence-un-levier-de-la-transformation-numerique\/"},"author":{"name":"Dpress.ma","@id":"https:\/\/dpress.ma\/fr\/#\/schema\/person\/4898febf3ccd59e6578d838656a306a0"},"headline":"La loi de la concurrence, un levier de la transformation num\u00e9rique","datePublished":"2023-03-08T16:24:12+00:00","dateModified":"2023-03-08T16:24:14+00:00","mainEntityOfPage":{"@id":"https:\/\/dpress.ma\/fr\/2023\/03\/08\/la-loi-de-la-concurrence-un-levier-de-la-transformation-numerique\/"},"wordCount":172,"commentCount":0,"image":{"@id":"https:\/\/dpress.ma\/fr\/2023\/03\/08\/la-loi-de-la-concurrence-un-levier-de-la-transformation-numerique\/#primaryimage"},"thumbnailUrl":"https:\/\/dpress.ma\/fr\/wp-content\/uploads\/sites\/2\/2023\/03\/dimensions2-21.jpg","articleSection":["\u00c9conomie"],"inLanguage":"fr-FR","potentialAction":[{"@type":"CommentAction","name":"Comment","target":["https:\/\/dpress.ma\/fr\/2023\/03\/08\/la-loi-de-la-concurrence-un-levier-de-la-transformation-numerique\/#respond"]}]},{"@type":"WebPage","@id":"https:\/\/dpress.ma\/fr\/2023\/03\/08\/la-loi-de-la-concurrence-un-levier-de-la-transformation-numerique\/","url":"https:\/\/dpress.ma\/fr\/2023\/03\/08\/la-loi-de-la-concurrence-un-levier-de-la-transformation-numerique\/","name":"La loi de la concurrence, un levier de la transformation num\u00e9rique - Dpress.ma\/fr","isPartOf":{"@id":"https:\/\/dpress.ma\/fr\/#website"},"primaryImageOfPage":{"@id":"https:\/\/dpress.ma\/fr\/2023\/03\/08\/la-loi-de-la-concurrence-un-levier-de-la-transformation-numerique\/#primaryimage"},"image":{"@id":"https:\/\/dpress.ma\/fr\/2023\/03\/08\/la-loi-de-la-concurrence-un-levier-de-la-transformation-numerique\/#primaryimage"},"thumbnailUrl":"https:\/\/dpress.ma\/fr\/wp-content\/uploads\/sites\/2\/2023\/03\/dimensions2-21.jpg","datePublished":"2023-03-08T16:24:12+00:00","dateModified":"2023-03-08T16:24:14+00:00","author":{"@id":"https:\/\/dpress.ma\/fr\/#\/schema\/person\/4898febf3ccd59e6578d838656a306a0"},"description":"La loi de la concurrence peut \u00eatre un levier de la transformation num\u00e9rique \u00e0 travers l\u2019encouragement de la concurrence loyale et l\u2019innovation dans le secteur des technologies de l\u2019information et de la communication (TIC), a soulign\u00e9, mercredi \u00e0 Rabat, le ministre de l\u2019Industrie et du Commerce, Ryad Mezzour.","breadcrumb":{"@id":"https:\/\/dpress.ma\/fr\/2023\/03\/08\/la-loi-de-la-concurrence-un-levier-de-la-transformation-numerique\/#breadcrumb"},"inLanguage":"fr-FR","potentialAction":[{"@type":"ReadAction","target":["https:\/\/dpress.ma\/fr\/2023\/03\/08\/la-loi-de-la-concurrence-un-levier-de-la-transformation-numerique\/"]}]},{"@type":"ImageObject","inLanguage":"fr-FR","@id":"https:\/\/dpress.ma\/fr\/2023\/03\/08\/la-loi-de-la-concurrence-un-levier-de-la-transformation-numerique\/#primaryimage","url":"https:\/\/dpress.ma\/fr\/wp-content\/uploads\/sites\/2\/2023\/03\/dimensions2-21.jpg","contentUrl":"https:\/\/dpress.ma\/fr\/wp-content\/uploads\/sites\/2\/2023\/03\/dimensions2-21.jpg","width":2539,"height":1594},{"@type":"BreadcrumbList","@id":"https:\/\/dpress.ma\/fr\/2023\/03\/08\/la-loi-de-la-concurrence-un-levier-de-la-transformation-numerique\/#breadcrumb","itemListElement":[{"@type":"ListItem","position":1,"name":"Home","item":"https:\/\/dpress.ma\/fr\/"},{"@type":"ListItem","position":2,"name":"La loi de la concurrence, un levier de la transformation num\u00e9rique"}]},{"@type":"WebSite","@id":"https:\/\/dpress.ma\/fr\/#website","url":"https:\/\/dpress.ma\/fr\/","name":"Dpress.ma\/fr","description":"","potentialAction":[{"@type":"SearchAction","target":{"@type":"EntryPoint","urlTemplate":"https:\/\/dpress.ma\/fr\/?s={search_term_string}"},"query-input":{"@type":"PropertyValueSpecification","valueRequired":true,"valueName":"search_term_string"}}],"inLanguage":"fr-FR"},{"@type":"Person","@id":"https:\/\/dpress.ma\/fr\/#\/schema\/person\/4898febf3ccd59e6578d838656a306a0","name":"Dpress.ma","image":{"@type":"ImageObject","inLanguage":"fr-FR","@id":"https:\/\/secure.gravatar.com\/avatar\/72ecc30e9db047a2e0e7176561eb9d564ed77c8108376495b19bd8336405198a?s=96&d=mm&r=g","url":"https:\/\/secure.gravatar.com\/avatar\/72ecc30e9db047a2e0e7176561eb9d564ed77c8108376495b19bd8336405198a?s=96&d=mm&r=g","contentUrl":"https:\/\/secure.gravatar.com\/avatar\/72ecc30e9db047a2e0e7176561eb9d564ed77c8108376495b19bd8336405198a?s=96&d=mm&r=g","caption":"Dpress.ma"},"sameAs":["https:\/\/www.dpress.ma"],"url":"https:\/\/dpress.ma\/fr\/author\/dpress-ma\/"}]}},"amp_enabled":true,"_links":{"self":[{"href":"https:\/\/dpress.ma\/fr\/wp-json\/wp\/v2\/posts\/3943","targetHints":{"allow":["GET"]}}],"collection":[{"href":"https:\/\/dpress.ma\/fr\/wp-json\/wp\/v2\/posts"}],"about":[{"href":"https:\/\/dpress.ma\/fr\/wp-json\/wp\/v2\/types\/post"}],"author":[{"embeddable":true,"href":"https:\/\/dpress.ma\/fr\/wp-json\/wp\/v2\/users\/2"}],"replies":[{"embeddable":true,"href":"https:\/\/dpress.ma\/fr\/wp-json\/wp\/v2\/comments?post=3943"}],"version-history":[{"count":1,"href":"https:\/\/dpress.ma\/fr\/wp-json\/wp\/v2\/posts\/3943\/revisions"}],"predecessor-version":[{"id":3945,"href":"https:\/\/dpress.ma\/fr\/wp-json\/wp\/v2\/posts\/3943\/revisions\/3945"}],"wp:featuredmedia":[{"embeddable":true,"href":"https:\/\/dpress.ma\/fr\/wp-json\/wp\/v2\/media\/3944"}],"wp:attachment":[{"href":"https:\/\/dpress.ma\/fr\/wp-json\/wp\/v2\/media?parent=3943"}],"wp:term":[{"taxonomy":"category","embeddable":true,"href":"https:\/\/dpress.ma\/fr\/wp-json\/wp\/v2\/categories?post=3943"},{"taxonomy":"post_tag","embeddable":true,"href":"https:\/\/dpress.ma\/fr\/wp-json\/wp\/v2\/tags?post=3943"}],"curies":[{"name":"wp","href":"https:\/\/api.w.org\/{rel}","templated":true}]}}