{"id":3934,"date":"2023-03-08T16:11:10","date_gmt":"2023-03-08T16:11:10","guid":{"rendered":"https:\/\/dpress.ma\/fr\/?p=3934"},"modified":"2023-03-08T16:11:12","modified_gmt":"2023-03-08T16:11:12","slug":"le-conseil-de-gouvernement-approuve-des-propositions-de-nomination-a-de-hautes-fonctions-4","status":"publish","type":"post","link":"https:\/\/dpress.ma\/fr\/2023\/03\/08\/le-conseil-de-gouvernement-approuve-des-propositions-de-nomination-a-de-hautes-fonctions-4\/","title":{"rendered":"Le Conseil de gouvernement approuve des propositions de nomination \u00e0 de hautes fonctions"},"content":{"rendered":"\n<p>Dpress<\/p>\n\n\n\n<p>Le Conseil de gouvernement, r\u00e9uni mercredi, sous la pr\u00e9sidence du chef du gouvernement, Aziz Akhannouch, a approuv\u00e9 des propositions de nomination \u00e0 de hautes fonctions, conform\u00e9ment \u00e0 l\u2019article 92 de la Constitution.<\/p>\n\n\n\n<p>Ainsi, au minist\u00e8re d\u00e9l\u00e9gu\u00e9 charg\u00e9 de la Transition num\u00e9rique et de la R\u00e9forme de l\u2019administration, Aziz Khalladi a \u00e9t\u00e9 nomm\u00e9 \u00e0 la t\u00eate de la Direction des ressources humaines et financi\u00e8res, a indiqu\u00e9 le ministre d\u00e9l\u00e9gu\u00e9 charg\u00e9 des Relations avec le Parlement, porte-parole du gouvernement, Mustapha Ba\u00eftas, lors d\u2019un point de presse tenu \u00e0 l\u2019issue du Conseil.<\/p>\n\n\n\n<p>Au minist\u00e8re du Tourisme, de l\u2019Artisanat, de l\u2019\u00c9conomie Sociale et Solidaire- Secteur du tourisme, Mohamed Maslak a \u00e9t\u00e9 nomm\u00e9 Directeur-Secr\u00e9taire g\u00e9n\u00e9ral, tandis qu\u2019au niveau du Haut Commissariat au Plan, Samir Isara a \u00e9t\u00e9 nomm\u00e9 directeur du Centre national de documentation, a-t-il poursuivi.<\/p>\n\n\n\n<p>Le Conseil a \u00e9galement approuv\u00e9, au niveau du minist\u00e8re de l\u2019Enseignement sup\u00e9rieur, de la Recherche scientifique et de l\u2019Innovation, la nomination de Maria Boujadaine, en tant que Doyen de la Facult\u00e9 des Sciences Juridiques, \u00c9conomiques et Sociales de T\u00e9touan.<\/p>\n\n\n\n<p>Au niveau du minist\u00e8re de la Solidarit\u00e9, de l\u2019Insertion Sociale et de la Famille, Fatima Hmamou a \u00e9t\u00e9 nomm\u00e9e directrice de l\u2019Agence du d\u00e9veloppement social.<\/p>\n","protected":false},"excerpt":{"rendered":"<p>Dpress Le Conseil de gouvernement, r\u00e9uni mercredi, sous la pr\u00e9sidence du chef du gouvernement, Aziz Akhannouch, a approuv\u00e9 des propositions de nomination \u00e0 de hautes fonctions, conform\u00e9ment \u00e0 l\u2019article 92 de la Constitution. Ainsi, au minist\u00e8re d\u00e9l\u00e9gu\u00e9 charg\u00e9 de la Transition num\u00e9rique et de la R\u00e9forme de l\u2019administration, Aziz Khalladi a \u00e9t\u00e9 nomm\u00e9 \u00e0 la &hellip;<\/p>\n","protected":false},"author":2,"featured_media":2821,"comment_status":"open","ping_status":"open","sticky":false,"template":"","format":"standard","meta":{"footnotes":""},"categories":[26],"tags":[],"class_list":["post-3934","post","type-post","status-publish","format-standard","has-post-thumbnail","hentry","category-politiques"],"yoast_head":"<!-- This site is optimized with the Yoast SEO plugin v27.5 - https:\/\/yoast.com\/product\/yoast-seo-wordpress\/ -->\n<title>Le Conseil de gouvernement approuve des propositions de nomination \u00e0 de hautes fonctions - Dpress.ma\/fr<\/title>\n<meta name=\"description\" content=\"Le Conseil de gouvernement, r\u00e9uni mercredi, sous la pr\u00e9sidence du chef du gouvernement, Aziz Akhannouch, a approuv\u00e9 des propositions de nomination \u00e0 de hautes fonctions, conform\u00e9ment \u00e0 l\u2019article 92 de la Constitution.\" \/>\n<meta name=\"robots\" content=\"index, follow, max-snippet:-1, max-image-preview:large, max-video-preview:-1\" \/>\n<link rel=\"canonical\" href=\"https:\/\/dpress.ma\/fr\/2023\/03\/08\/le-conseil-de-gouvernement-approuve-des-propositions-de-nomination-a-de-hautes-fonctions-4\/\" \/>\n<meta property=\"og:locale\" content=\"fr_FR\" \/>\n<meta property=\"og:type\" content=\"article\" \/>\n<meta property=\"og:title\" content=\"Le Conseil de gouvernement approuve des propositions de nomination \u00e0 de hautes fonctions - Dpress.ma\/fr\" \/>\n<meta property=\"og:description\" content=\"Le Conseil de gouvernement, r\u00e9uni mercredi, sous la pr\u00e9sidence du chef du gouvernement, Aziz Akhannouch, a approuv\u00e9 des propositions de nomination \u00e0 de hautes fonctions, conform\u00e9ment \u00e0 l\u2019article 92 de la Constitution.\" \/>\n<meta property=\"og:url\" content=\"https:\/\/dpress.ma\/fr\/2023\/03\/08\/le-conseil-de-gouvernement-approuve-des-propositions-de-nomination-a-de-hautes-fonctions-4\/\" \/>\n<meta property=\"og:site_name\" content=\"Dpress.ma\/fr\" \/>\n<meta property=\"article:published_time\" content=\"2023-03-08T16:11:10+00:00\" \/>\n<meta property=\"article:modified_time\" content=\"2023-03-08T16:11:12+00:00\" \/>\n<meta property=\"og:image\" content=\"https:\/\/dpress.ma\/fr\/wp-content\/uploads\/sites\/2\/2022\/12\/dimensions2-28.jpg\" \/>\n\t<meta property=\"og:image:width\" content=\"2539\" \/>\n\t<meta property=\"og:image:height\" content=\"1594\" \/>\n\t<meta property=\"og:image:type\" content=\"image\/jpeg\" \/>\n<meta name=\"author\" content=\"Dpress.ma\" \/>\n<meta name=\"twitter:card\" content=\"summary_large_image\" \/>\n<meta name=\"twitter:label1\" content=\"\u00c9crit par\" \/>\n\t<meta name=\"twitter:data1\" content=\"Dpress.ma\" \/>\n\t<meta name=\"twitter:label2\" content=\"Dur\u00e9e de lecture estim\u00e9e\" \/>\n\t<meta name=\"twitter:data2\" content=\"2 minutes\" \/>\n<script type=\"application\/ld+json\" class=\"yoast-schema-graph\">{\"@context\":\"https:\\\/\\\/schema.org\",\"@graph\":[{\"@type\":\"Article\",\"@id\":\"https:\\\/\\\/dpress.ma\\\/fr\\\/2023\\\/03\\\/08\\\/le-conseil-de-gouvernement-approuve-des-propositions-de-nomination-a-de-hautes-fonctions-4\\\/#article\",\"isPartOf\":{\"@id\":\"https:\\\/\\\/dpress.ma\\\/fr\\\/2023\\\/03\\\/08\\\/le-conseil-de-gouvernement-approuve-des-propositions-de-nomination-a-de-hautes-fonctions-4\\\/\"},\"author\":{\"name\":\"Dpress.ma\",\"@id\":\"https:\\\/\\\/dpress.ma\\\/fr\\\/#\\\/schema\\\/person\\\/4898febf3ccd59e6578d838656a306a0\"},\"headline\":\"Le Conseil de gouvernement approuve des propositions de nomination \u00e0 de hautes fonctions\",\"datePublished\":\"2023-03-08T16:11:10+00:00\",\"dateModified\":\"2023-03-08T16:11:12+00:00\",\"mainEntityOfPage\":{\"@id\":\"https:\\\/\\\/dpress.ma\\\/fr\\\/2023\\\/03\\\/08\\\/le-conseil-de-gouvernement-approuve-des-propositions-de-nomination-a-de-hautes-fonctions-4\\\/\"},\"wordCount\":237,\"commentCount\":0,\"image\":{\"@id\":\"https:\\\/\\\/dpress.ma\\\/fr\\\/2023\\\/03\\\/08\\\/le-conseil-de-gouvernement-approuve-des-propositions-de-nomination-a-de-hautes-fonctions-4\\\/#primaryimage\"},\"thumbnailUrl\":\"https:\\\/\\\/dpress.ma\\\/fr\\\/wp-content\\\/uploads\\\/sites\\\/2\\\/2022\\\/12\\\/dimensions2-28.jpg\",\"articleSection\":[\"Politiques\"],\"inLanguage\":\"fr-FR\",\"potentialAction\":[{\"@type\":\"CommentAction\",\"name\":\"Comment\",\"target\":[\"https:\\\/\\\/dpress.ma\\\/fr\\\/2023\\\/03\\\/08\\\/le-conseil-de-gouvernement-approuve-des-propositions-de-nomination-a-de-hautes-fonctions-4\\\/#respond\"]}]},{\"@type\":\"WebPage\",\"@id\":\"https:\\\/\\\/dpress.ma\\\/fr\\\/2023\\\/03\\\/08\\\/le-conseil-de-gouvernement-approuve-des-propositions-de-nomination-a-de-hautes-fonctions-4\\\/\",\"url\":\"https:\\\/\\\/dpress.ma\\\/fr\\\/2023\\\/03\\\/08\\\/le-conseil-de-gouvernement-approuve-des-propositions-de-nomination-a-de-hautes-fonctions-4\\\/\",\"name\":\"Le Conseil de gouvernement approuve des propositions de nomination \u00e0 de hautes fonctions - Dpress.ma\\\/fr\",\"isPartOf\":{\"@id\":\"https:\\\/\\\/dpress.ma\\\/fr\\\/#website\"},\"primaryImageOfPage\":{\"@id\":\"https:\\\/\\\/dpress.ma\\\/fr\\\/2023\\\/03\\\/08\\\/le-conseil-de-gouvernement-approuve-des-propositions-de-nomination-a-de-hautes-fonctions-4\\\/#primaryimage\"},\"image\":{\"@id\":\"https:\\\/\\\/dpress.ma\\\/fr\\\/2023\\\/03\\\/08\\\/le-conseil-de-gouvernement-approuve-des-propositions-de-nomination-a-de-hautes-fonctions-4\\\/#primaryimage\"},\"thumbnailUrl\":\"https:\\\/\\\/dpress.ma\\\/fr\\\/wp-content\\\/uploads\\\/sites\\\/2\\\/2022\\\/12\\\/dimensions2-28.jpg\",\"datePublished\":\"2023-03-08T16:11:10+00:00\",\"dateModified\":\"2023-03-08T16:11:12+00:00\",\"author\":{\"@id\":\"https:\\\/\\\/dpress.ma\\\/fr\\\/#\\\/schema\\\/person\\\/4898febf3ccd59e6578d838656a306a0\"},\"description\":\"Le Conseil de gouvernement, r\u00e9uni mercredi, sous la pr\u00e9sidence du chef du gouvernement, Aziz Akhannouch, a approuv\u00e9 des propositions de nomination \u00e0 de hautes fonctions, conform\u00e9ment \u00e0 l\u2019article 92 de la Constitution.\",\"breadcrumb\":{\"@id\":\"https:\\\/\\\/dpress.ma\\\/fr\\\/2023\\\/03\\\/08\\\/le-conseil-de-gouvernement-approuve-des-propositions-de-nomination-a-de-hautes-fonctions-4\\\/#breadcrumb\"},\"inLanguage\":\"fr-FR\",\"potentialAction\":[{\"@type\":\"ReadAction\",\"target\":[\"https:\\\/\\\/dpress.ma\\\/fr\\\/2023\\\/03\\\/08\\\/le-conseil-de-gouvernement-approuve-des-propositions-de-nomination-a-de-hautes-fonctions-4\\\/\"]}]},{\"@type\":\"ImageObject\",\"inLanguage\":\"fr-FR\",\"@id\":\"https:\\\/\\\/dpress.ma\\\/fr\\\/2023\\\/03\\\/08\\\/le-conseil-de-gouvernement-approuve-des-propositions-de-nomination-a-de-hautes-fonctions-4\\\/#primaryimage\",\"url\":\"https:\\\/\\\/dpress.ma\\\/fr\\\/wp-content\\\/uploads\\\/sites\\\/2\\\/2022\\\/12\\\/dimensions2-28.jpg\",\"contentUrl\":\"https:\\\/\\\/dpress.ma\\\/fr\\\/wp-content\\\/uploads\\\/sites\\\/2\\\/2022\\\/12\\\/dimensions2-28.jpg\",\"width\":2539,\"height\":1594},{\"@type\":\"BreadcrumbList\",\"@id\":\"https:\\\/\\\/dpress.ma\\\/fr\\\/2023\\\/03\\\/08\\\/le-conseil-de-gouvernement-approuve-des-propositions-de-nomination-a-de-hautes-fonctions-4\\\/#breadcrumb\",\"itemListElement\":[{\"@type\":\"ListItem\",\"position\":1,\"name\":\"Home\",\"item\":\"https:\\\/\\\/dpress.ma\\\/fr\\\/\"},{\"@type\":\"ListItem\",\"position\":2,\"name\":\"Le Conseil de gouvernement approuve des propositions de nomination \u00e0 de hautes fonctions\"}]},{\"@type\":\"WebSite\",\"@id\":\"https:\\\/\\\/dpress.ma\\\/fr\\\/#website\",\"url\":\"https:\\\/\\\/dpress.ma\\\/fr\\\/\",\"name\":\"Dpress.ma\\\/fr\",\"description\":\"\",\"potentialAction\":[{\"@type\":\"SearchAction\",\"target\":{\"@type\":\"EntryPoint\",\"urlTemplate\":\"https:\\\/\\\/dpress.ma\\\/fr\\\/?s={search_term_string}\"},\"query-input\":{\"@type\":\"PropertyValueSpecification\",\"valueRequired\":true,\"valueName\":\"search_term_string\"}}],\"inLanguage\":\"fr-FR\"},{\"@type\":\"Person\",\"@id\":\"https:\\\/\\\/dpress.ma\\\/fr\\\/#\\\/schema\\\/person\\\/4898febf3ccd59e6578d838656a306a0\",\"name\":\"Dpress.ma\",\"image\":{\"@type\":\"ImageObject\",\"inLanguage\":\"fr-FR\",\"@id\":\"https:\\\/\\\/secure.gravatar.com\\\/avatar\\\/72ecc30e9db047a2e0e7176561eb9d564ed77c8108376495b19bd8336405198a?s=96&d=mm&r=g\",\"url\":\"https:\\\/\\\/secure.gravatar.com\\\/avatar\\\/72ecc30e9db047a2e0e7176561eb9d564ed77c8108376495b19bd8336405198a?s=96&d=mm&r=g\",\"contentUrl\":\"https:\\\/\\\/secure.gravatar.com\\\/avatar\\\/72ecc30e9db047a2e0e7176561eb9d564ed77c8108376495b19bd8336405198a?s=96&d=mm&r=g\",\"caption\":\"Dpress.ma\"},\"sameAs\":[\"https:\\\/\\\/www.dpress.ma\"],\"url\":\"https:\\\/\\\/dpress.ma\\\/fr\\\/author\\\/dpress-ma\\\/\"}]}<\/script>\n<!-- \/ Yoast SEO plugin. -->","yoast_head_json":{"title":"Le Conseil de gouvernement approuve des propositions de nomination \u00e0 de hautes fonctions - Dpress.ma\/fr","description":"Le Conseil de gouvernement, r\u00e9uni mercredi, sous la pr\u00e9sidence du chef du gouvernement, Aziz Akhannouch, a approuv\u00e9 des propositions de nomination \u00e0 de hautes fonctions, conform\u00e9ment \u00e0 l\u2019article 92 de la Constitution.","robots":{"index":"index","follow":"follow","max-snippet":"max-snippet:-1","max-image-preview":"max-image-preview:large","max-video-preview":"max-video-preview:-1"},"canonical":"https:\/\/dpress.ma\/fr\/2023\/03\/08\/le-conseil-de-gouvernement-approuve-des-propositions-de-nomination-a-de-hautes-fonctions-4\/","og_locale":"fr_FR","og_type":"article","og_title":"Le Conseil de gouvernement approuve des propositions de nomination \u00e0 de hautes fonctions - Dpress.ma\/fr","og_description":"Le Conseil de gouvernement, r\u00e9uni mercredi, sous la pr\u00e9sidence du chef du gouvernement, Aziz Akhannouch, a approuv\u00e9 des propositions de nomination \u00e0 de hautes fonctions, conform\u00e9ment \u00e0 l\u2019article 92 de la Constitution.","og_url":"https:\/\/dpress.ma\/fr\/2023\/03\/08\/le-conseil-de-gouvernement-approuve-des-propositions-de-nomination-a-de-hautes-fonctions-4\/","og_site_name":"Dpress.ma\/fr","article_published_time":"2023-03-08T16:11:10+00:00","article_modified_time":"2023-03-08T16:11:12+00:00","og_image":[{"width":2539,"height":1594,"url":"https:\/\/dpress.ma\/fr\/wp-content\/uploads\/sites\/2\/2022\/12\/dimensions2-28.jpg","type":"image\/jpeg"}],"author":"Dpress.ma","twitter_card":"summary_large_image","twitter_misc":{"\u00c9crit par":"Dpress.ma","Dur\u00e9e de lecture estim\u00e9e":"2 minutes"},"schema":{"@context":"https:\/\/schema.org","@graph":[{"@type":"Article","@id":"https:\/\/dpress.ma\/fr\/2023\/03\/08\/le-conseil-de-gouvernement-approuve-des-propositions-de-nomination-a-de-hautes-fonctions-4\/#article","isPartOf":{"@id":"https:\/\/dpress.ma\/fr\/2023\/03\/08\/le-conseil-de-gouvernement-approuve-des-propositions-de-nomination-a-de-hautes-fonctions-4\/"},"author":{"name":"Dpress.ma","@id":"https:\/\/dpress.ma\/fr\/#\/schema\/person\/4898febf3ccd59e6578d838656a306a0"},"headline":"Le Conseil de gouvernement approuve des propositions de nomination \u00e0 de hautes fonctions","datePublished":"2023-03-08T16:11:10+00:00","dateModified":"2023-03-08T16:11:12+00:00","mainEntityOfPage":{"@id":"https:\/\/dpress.ma\/fr\/2023\/03\/08\/le-conseil-de-gouvernement-approuve-des-propositions-de-nomination-a-de-hautes-fonctions-4\/"},"wordCount":237,"commentCount":0,"image":{"@id":"https:\/\/dpress.ma\/fr\/2023\/03\/08\/le-conseil-de-gouvernement-approuve-des-propositions-de-nomination-a-de-hautes-fonctions-4\/#primaryimage"},"thumbnailUrl":"https:\/\/dpress.ma\/fr\/wp-content\/uploads\/sites\/2\/2022\/12\/dimensions2-28.jpg","articleSection":["Politiques"],"inLanguage":"fr-FR","potentialAction":[{"@type":"CommentAction","name":"Comment","target":["https:\/\/dpress.ma\/fr\/2023\/03\/08\/le-conseil-de-gouvernement-approuve-des-propositions-de-nomination-a-de-hautes-fonctions-4\/#respond"]}]},{"@type":"WebPage","@id":"https:\/\/dpress.ma\/fr\/2023\/03\/08\/le-conseil-de-gouvernement-approuve-des-propositions-de-nomination-a-de-hautes-fonctions-4\/","url":"https:\/\/dpress.ma\/fr\/2023\/03\/08\/le-conseil-de-gouvernement-approuve-des-propositions-de-nomination-a-de-hautes-fonctions-4\/","name":"Le Conseil de gouvernement approuve des propositions de nomination \u00e0 de hautes fonctions - Dpress.ma\/fr","isPartOf":{"@id":"https:\/\/dpress.ma\/fr\/#website"},"primaryImageOfPage":{"@id":"https:\/\/dpress.ma\/fr\/2023\/03\/08\/le-conseil-de-gouvernement-approuve-des-propositions-de-nomination-a-de-hautes-fonctions-4\/#primaryimage"},"image":{"@id":"https:\/\/dpress.ma\/fr\/2023\/03\/08\/le-conseil-de-gouvernement-approuve-des-propositions-de-nomination-a-de-hautes-fonctions-4\/#primaryimage"},"thumbnailUrl":"https:\/\/dpress.ma\/fr\/wp-content\/uploads\/sites\/2\/2022\/12\/dimensions2-28.jpg","datePublished":"2023-03-08T16:11:10+00:00","dateModified":"2023-03-08T16:11:12+00:00","author":{"@id":"https:\/\/dpress.ma\/fr\/#\/schema\/person\/4898febf3ccd59e6578d838656a306a0"},"description":"Le Conseil de gouvernement, r\u00e9uni mercredi, sous la pr\u00e9sidence du chef du gouvernement, Aziz Akhannouch, a approuv\u00e9 des propositions de nomination \u00e0 de hautes fonctions, conform\u00e9ment \u00e0 l\u2019article 92 de la Constitution.","breadcrumb":{"@id":"https:\/\/dpress.ma\/fr\/2023\/03\/08\/le-conseil-de-gouvernement-approuve-des-propositions-de-nomination-a-de-hautes-fonctions-4\/#breadcrumb"},"inLanguage":"fr-FR","potentialAction":[{"@type":"ReadAction","target":["https:\/\/dpress.ma\/fr\/2023\/03\/08\/le-conseil-de-gouvernement-approuve-des-propositions-de-nomination-a-de-hautes-fonctions-4\/"]}]},{"@type":"ImageObject","inLanguage":"fr-FR","@id":"https:\/\/dpress.ma\/fr\/2023\/03\/08\/le-conseil-de-gouvernement-approuve-des-propositions-de-nomination-a-de-hautes-fonctions-4\/#primaryimage","url":"https:\/\/dpress.ma\/fr\/wp-content\/uploads\/sites\/2\/2022\/12\/dimensions2-28.jpg","contentUrl":"https:\/\/dpress.ma\/fr\/wp-content\/uploads\/sites\/2\/2022\/12\/dimensions2-28.jpg","width":2539,"height":1594},{"@type":"BreadcrumbList","@id":"https:\/\/dpress.ma\/fr\/2023\/03\/08\/le-conseil-de-gouvernement-approuve-des-propositions-de-nomination-a-de-hautes-fonctions-4\/#breadcrumb","itemListElement":[{"@type":"ListItem","position":1,"name":"Home","item":"https:\/\/dpress.ma\/fr\/"},{"@type":"ListItem","position":2,"name":"Le Conseil de gouvernement approuve des propositions de nomination \u00e0 de hautes fonctions"}]},{"@type":"WebSite","@id":"https:\/\/dpress.ma\/fr\/#website","url":"https:\/\/dpress.ma\/fr\/","name":"Dpress.ma\/fr","description":"","potentialAction":[{"@type":"SearchAction","target":{"@type":"EntryPoint","urlTemplate":"https:\/\/dpress.ma\/fr\/?s={search_term_string}"},"query-input":{"@type":"PropertyValueSpecification","valueRequired":true,"valueName":"search_term_string"}}],"inLanguage":"fr-FR"},{"@type":"Person","@id":"https:\/\/dpress.ma\/fr\/#\/schema\/person\/4898febf3ccd59e6578d838656a306a0","name":"Dpress.ma","image":{"@type":"ImageObject","inLanguage":"fr-FR","@id":"https:\/\/secure.gravatar.com\/avatar\/72ecc30e9db047a2e0e7176561eb9d564ed77c8108376495b19bd8336405198a?s=96&d=mm&r=g","url":"https:\/\/secure.gravatar.com\/avatar\/72ecc30e9db047a2e0e7176561eb9d564ed77c8108376495b19bd8336405198a?s=96&d=mm&r=g","contentUrl":"https:\/\/secure.gravatar.com\/avatar\/72ecc30e9db047a2e0e7176561eb9d564ed77c8108376495b19bd8336405198a?s=96&d=mm&r=g","caption":"Dpress.ma"},"sameAs":["https:\/\/www.dpress.ma"],"url":"https:\/\/dpress.ma\/fr\/author\/dpress-ma\/"}]}},"amp_enabled":true,"_links":{"self":[{"href":"https:\/\/dpress.ma\/fr\/wp-json\/wp\/v2\/posts\/3934","targetHints":{"allow":["GET"]}}],"collection":[{"href":"https:\/\/dpress.ma\/fr\/wp-json\/wp\/v2\/posts"}],"about":[{"href":"https:\/\/dpress.ma\/fr\/wp-json\/wp\/v2\/types\/post"}],"author":[{"embeddable":true,"href":"https:\/\/dpress.ma\/fr\/wp-json\/wp\/v2\/users\/2"}],"replies":[{"embeddable":true,"href":"https:\/\/dpress.ma\/fr\/wp-json\/wp\/v2\/comments?post=3934"}],"version-history":[{"count":1,"href":"https:\/\/dpress.ma\/fr\/wp-json\/wp\/v2\/posts\/3934\/revisions"}],"predecessor-version":[{"id":3935,"href":"https:\/\/dpress.ma\/fr\/wp-json\/wp\/v2\/posts\/3934\/revisions\/3935"}],"wp:featuredmedia":[{"embeddable":true,"href":"https:\/\/dpress.ma\/fr\/wp-json\/wp\/v2\/media\/2821"}],"wp:attachment":[{"href":"https:\/\/dpress.ma\/fr\/wp-json\/wp\/v2\/media?parent=3934"}],"wp:term":[{"taxonomy":"category","embeddable":true,"href":"https:\/\/dpress.ma\/fr\/wp-json\/wp\/v2\/categories?post=3934"},{"taxonomy":"post_tag","embeddable":true,"href":"https:\/\/dpress.ma\/fr\/wp-json\/wp\/v2\/tags?post=3934"}],"curies":[{"name":"wp","href":"https:\/\/api.w.org\/{rel}","templated":true}]}}