{"id":3906,"date":"2023-03-07T15:30:07","date_gmt":"2023-03-07T15:30:07","guid":{"rendered":"https:\/\/dpress.ma\/fr\/?p=3906"},"modified":"2023-03-07T15:30:08","modified_gmt":"2023-03-07T15:30:08","slug":"dix-huit-partis-politiques-ont-depose-leurs-comptes-annuels-dans-les-delais-legaux-cour-des-comptes","status":"publish","type":"post","link":"https:\/\/dpress.ma\/fr\/2023\/03\/07\/dix-huit-partis-politiques-ont-depose-leurs-comptes-annuels-dans-les-delais-legaux-cour-des-comptes\/","title":{"rendered":"Dix-huit partis politiques ont d\u00e9pos\u00e9 leurs comptes annuels dans les d\u00e9lais l\u00e9gaux (Cour des comptes)"},"content":{"rendered":"\n<p>Dpress<\/p>\n\n\n\n<p>Dix-huit partis politiques sur 34 ont d\u00e9pos\u00e9 leurs comptes annuels dans les d\u00e9lais l\u00e9gaux, indique un rapport de la Cour des comptes.<\/p>\n\n\n\n<p>Dans le volet relatif \u00e0 l\u2019audit des comptes annuels des partis politiques au titre de l\u2019ann\u00e9e 2021, le rapport pr\u00e9cise que 29 partis politiques ont d\u00e9pos\u00e9 leurs comptes annuels dont 18 partis dans les d\u00e9lais l\u00e9gaux tandis que cinq autres n\u2019ont pas d\u00e9pos\u00e9 leurs comptes annuels \u00e0 la Cour.<\/p>\n\n\n\n<p>Le rapport ajoute que le total des ressources d\u00e9clar\u00e9es par les partis politiques s\u2019\u00e9l\u00e8ve \u00e0 499,69 millions de dirhams alors que celui des d\u00e9penses d\u00e9clar\u00e9es est estim\u00e9 \u00e0 502,26 millions de dirhams.<\/p>\n\n\n\n<p>Concernant la v\u00e9rification des comptes des campagnes \u00e9lectorales, la Cour fait savoir que le taux de production des comptes des campagnes \u00e9lectorales des candidats est de 85 pc (4358 candidats sur un total de 5146 candidats ayant l\u2019obligation de produire leurs comptes de campagnes \u00e9lectorales).<\/p>\n\n\n\n<p>Pour les candidats qui ont failli \u00e0 cette obligation, la Cour des comptes les a mis en demeure en vue de produire leurs comptes dans un d\u00e9lai maximum de 60 jours \u00e0 compter de la date de notification.<\/p>\n\n\n\n<p>La v\u00e9rification des comptes produits a donn\u00e9 lieu \u00e0 l\u2019envoi de 1046 notes d\u2019observations aux candidats concern\u00e9s.<\/p>\n","protected":false},"excerpt":{"rendered":"<p>Dpress Dix-huit partis politiques sur 34 ont d\u00e9pos\u00e9 leurs comptes annuels dans les d\u00e9lais l\u00e9gaux, indique un rapport de la Cour des comptes. Dans le volet relatif \u00e0 l\u2019audit des comptes annuels des partis politiques au titre de l\u2019ann\u00e9e 2021, le rapport pr\u00e9cise que 29 partis politiques ont d\u00e9pos\u00e9 leurs comptes annuels dont 18 partis &hellip;<\/p>\n","protected":false},"author":2,"featured_media":3907,"comment_status":"open","ping_status":"open","sticky":false,"template":"","format":"standard","meta":{"footnotes":""},"categories":[25],"tags":[],"class_list":["post-3906","post","type-post","status-publish","format-standard","has-post-thumbnail","hentry","category-economie"],"yoast_head":"<!-- This site is optimized with the Yoast SEO plugin v27.5 - https:\/\/yoast.com\/product\/yoast-seo-wordpress\/ -->\n<title>Dix-huit partis politiques ont d\u00e9pos\u00e9 leurs comptes annuels dans les d\u00e9lais l\u00e9gaux (Cour des comptes) - Dpress.ma\/fr<\/title>\n<meta name=\"description\" content=\"Dix-huit partis politiques sur 34 ont d\u00e9pos\u00e9 leurs comptes annuels dans les d\u00e9lais l\u00e9gaux, indique un rapport de la Cour des comptes.\" \/>\n<meta name=\"robots\" content=\"index, follow, max-snippet:-1, max-image-preview:large, max-video-preview:-1\" \/>\n<link rel=\"canonical\" href=\"https:\/\/dpress.ma\/fr\/2023\/03\/07\/dix-huit-partis-politiques-ont-depose-leurs-comptes-annuels-dans-les-delais-legaux-cour-des-comptes\/\" \/>\n<meta property=\"og:locale\" content=\"fr_FR\" \/>\n<meta property=\"og:type\" content=\"article\" \/>\n<meta property=\"og:title\" content=\"Dix-huit partis politiques ont d\u00e9pos\u00e9 leurs comptes annuels dans les d\u00e9lais l\u00e9gaux (Cour des comptes) - Dpress.ma\/fr\" \/>\n<meta property=\"og:description\" content=\"Dix-huit partis politiques sur 34 ont d\u00e9pos\u00e9 leurs comptes annuels dans les d\u00e9lais l\u00e9gaux, indique un rapport de la Cour des comptes.\" \/>\n<meta property=\"og:url\" content=\"https:\/\/dpress.ma\/fr\/2023\/03\/07\/dix-huit-partis-politiques-ont-depose-leurs-comptes-annuels-dans-les-delais-legaux-cour-des-comptes\/\" \/>\n<meta property=\"og:site_name\" content=\"Dpress.ma\/fr\" \/>\n<meta property=\"article:published_time\" content=\"2023-03-07T15:30:07+00:00\" \/>\n<meta property=\"article:modified_time\" content=\"2023-03-07T15:30:08+00:00\" \/>\n<meta property=\"og:image\" content=\"https:\/\/dpress.ma\/fr\/wp-content\/uploads\/sites\/2\/2023\/03\/dimensions2-13.jpg\" \/>\n\t<meta property=\"og:image:width\" content=\"2539\" \/>\n\t<meta property=\"og:image:height\" content=\"1594\" \/>\n\t<meta property=\"og:image:type\" content=\"image\/jpeg\" \/>\n<meta name=\"author\" content=\"Dpress.ma\" \/>\n<meta name=\"twitter:card\" content=\"summary_large_image\" \/>\n<meta name=\"twitter:label1\" content=\"\u00c9crit par\" \/>\n\t<meta name=\"twitter:data1\" content=\"Dpress.ma\" \/>\n\t<meta name=\"twitter:label2\" content=\"Dur\u00e9e de lecture estim\u00e9e\" \/>\n\t<meta name=\"twitter:data2\" content=\"2 minutes\" \/>\n<script type=\"application\/ld+json\" class=\"yoast-schema-graph\">{\"@context\":\"https:\\\/\\\/schema.org\",\"@graph\":[{\"@type\":\"Article\",\"@id\":\"https:\\\/\\\/dpress.ma\\\/fr\\\/2023\\\/03\\\/07\\\/dix-huit-partis-politiques-ont-depose-leurs-comptes-annuels-dans-les-delais-legaux-cour-des-comptes\\\/#article\",\"isPartOf\":{\"@id\":\"https:\\\/\\\/dpress.ma\\\/fr\\\/2023\\\/03\\\/07\\\/dix-huit-partis-politiques-ont-depose-leurs-comptes-annuels-dans-les-delais-legaux-cour-des-comptes\\\/\"},\"author\":{\"name\":\"Dpress.ma\",\"@id\":\"https:\\\/\\\/dpress.ma\\\/fr\\\/#\\\/schema\\\/person\\\/4898febf3ccd59e6578d838656a306a0\"},\"headline\":\"Dix-huit partis politiques ont d\u00e9pos\u00e9 leurs comptes annuels dans les d\u00e9lais l\u00e9gaux (Cour des comptes)\",\"datePublished\":\"2023-03-07T15:30:07+00:00\",\"dateModified\":\"2023-03-07T15:30:08+00:00\",\"mainEntityOfPage\":{\"@id\":\"https:\\\/\\\/dpress.ma\\\/fr\\\/2023\\\/03\\\/07\\\/dix-huit-partis-politiques-ont-depose-leurs-comptes-annuels-dans-les-delais-legaux-cour-des-comptes\\\/\"},\"wordCount\":230,\"commentCount\":0,\"image\":{\"@id\":\"https:\\\/\\\/dpress.ma\\\/fr\\\/2023\\\/03\\\/07\\\/dix-huit-partis-politiques-ont-depose-leurs-comptes-annuels-dans-les-delais-legaux-cour-des-comptes\\\/#primaryimage\"},\"thumbnailUrl\":\"https:\\\/\\\/dpress.ma\\\/fr\\\/wp-content\\\/uploads\\\/sites\\\/2\\\/2023\\\/03\\\/dimensions2-13.jpg\",\"articleSection\":[\"\u00c9conomie\"],\"inLanguage\":\"fr-FR\",\"potentialAction\":[{\"@type\":\"CommentAction\",\"name\":\"Comment\",\"target\":[\"https:\\\/\\\/dpress.ma\\\/fr\\\/2023\\\/03\\\/07\\\/dix-huit-partis-politiques-ont-depose-leurs-comptes-annuels-dans-les-delais-legaux-cour-des-comptes\\\/#respond\"]}]},{\"@type\":\"WebPage\",\"@id\":\"https:\\\/\\\/dpress.ma\\\/fr\\\/2023\\\/03\\\/07\\\/dix-huit-partis-politiques-ont-depose-leurs-comptes-annuels-dans-les-delais-legaux-cour-des-comptes\\\/\",\"url\":\"https:\\\/\\\/dpress.ma\\\/fr\\\/2023\\\/03\\\/07\\\/dix-huit-partis-politiques-ont-depose-leurs-comptes-annuels-dans-les-delais-legaux-cour-des-comptes\\\/\",\"name\":\"Dix-huit partis politiques ont d\u00e9pos\u00e9 leurs comptes annuels dans les d\u00e9lais l\u00e9gaux (Cour des comptes) - Dpress.ma\\\/fr\",\"isPartOf\":{\"@id\":\"https:\\\/\\\/dpress.ma\\\/fr\\\/#website\"},\"primaryImageOfPage\":{\"@id\":\"https:\\\/\\\/dpress.ma\\\/fr\\\/2023\\\/03\\\/07\\\/dix-huit-partis-politiques-ont-depose-leurs-comptes-annuels-dans-les-delais-legaux-cour-des-comptes\\\/#primaryimage\"},\"image\":{\"@id\":\"https:\\\/\\\/dpress.ma\\\/fr\\\/2023\\\/03\\\/07\\\/dix-huit-partis-politiques-ont-depose-leurs-comptes-annuels-dans-les-delais-legaux-cour-des-comptes\\\/#primaryimage\"},\"thumbnailUrl\":\"https:\\\/\\\/dpress.ma\\\/fr\\\/wp-content\\\/uploads\\\/sites\\\/2\\\/2023\\\/03\\\/dimensions2-13.jpg\",\"datePublished\":\"2023-03-07T15:30:07+00:00\",\"dateModified\":\"2023-03-07T15:30:08+00:00\",\"author\":{\"@id\":\"https:\\\/\\\/dpress.ma\\\/fr\\\/#\\\/schema\\\/person\\\/4898febf3ccd59e6578d838656a306a0\"},\"description\":\"Dix-huit partis politiques sur 34 ont d\u00e9pos\u00e9 leurs comptes annuels dans les d\u00e9lais l\u00e9gaux, indique un rapport de la Cour des comptes.\",\"breadcrumb\":{\"@id\":\"https:\\\/\\\/dpress.ma\\\/fr\\\/2023\\\/03\\\/07\\\/dix-huit-partis-politiques-ont-depose-leurs-comptes-annuels-dans-les-delais-legaux-cour-des-comptes\\\/#breadcrumb\"},\"inLanguage\":\"fr-FR\",\"potentialAction\":[{\"@type\":\"ReadAction\",\"target\":[\"https:\\\/\\\/dpress.ma\\\/fr\\\/2023\\\/03\\\/07\\\/dix-huit-partis-politiques-ont-depose-leurs-comptes-annuels-dans-les-delais-legaux-cour-des-comptes\\\/\"]}]},{\"@type\":\"ImageObject\",\"inLanguage\":\"fr-FR\",\"@id\":\"https:\\\/\\\/dpress.ma\\\/fr\\\/2023\\\/03\\\/07\\\/dix-huit-partis-politiques-ont-depose-leurs-comptes-annuels-dans-les-delais-legaux-cour-des-comptes\\\/#primaryimage\",\"url\":\"https:\\\/\\\/dpress.ma\\\/fr\\\/wp-content\\\/uploads\\\/sites\\\/2\\\/2023\\\/03\\\/dimensions2-13.jpg\",\"contentUrl\":\"https:\\\/\\\/dpress.ma\\\/fr\\\/wp-content\\\/uploads\\\/sites\\\/2\\\/2023\\\/03\\\/dimensions2-13.jpg\",\"width\":2539,\"height\":1594},{\"@type\":\"BreadcrumbList\",\"@id\":\"https:\\\/\\\/dpress.ma\\\/fr\\\/2023\\\/03\\\/07\\\/dix-huit-partis-politiques-ont-depose-leurs-comptes-annuels-dans-les-delais-legaux-cour-des-comptes\\\/#breadcrumb\",\"itemListElement\":[{\"@type\":\"ListItem\",\"position\":1,\"name\":\"Home\",\"item\":\"https:\\\/\\\/dpress.ma\\\/fr\\\/\"},{\"@type\":\"ListItem\",\"position\":2,\"name\":\"Dix-huit partis politiques ont d\u00e9pos\u00e9 leurs comptes annuels dans les d\u00e9lais l\u00e9gaux (Cour des comptes)\"}]},{\"@type\":\"WebSite\",\"@id\":\"https:\\\/\\\/dpress.ma\\\/fr\\\/#website\",\"url\":\"https:\\\/\\\/dpress.ma\\\/fr\\\/\",\"name\":\"Dpress.ma\\\/fr\",\"description\":\"\",\"potentialAction\":[{\"@type\":\"SearchAction\",\"target\":{\"@type\":\"EntryPoint\",\"urlTemplate\":\"https:\\\/\\\/dpress.ma\\\/fr\\\/?s={search_term_string}\"},\"query-input\":{\"@type\":\"PropertyValueSpecification\",\"valueRequired\":true,\"valueName\":\"search_term_string\"}}],\"inLanguage\":\"fr-FR\"},{\"@type\":\"Person\",\"@id\":\"https:\\\/\\\/dpress.ma\\\/fr\\\/#\\\/schema\\\/person\\\/4898febf3ccd59e6578d838656a306a0\",\"name\":\"Dpress.ma\",\"image\":{\"@type\":\"ImageObject\",\"inLanguage\":\"fr-FR\",\"@id\":\"https:\\\/\\\/secure.gravatar.com\\\/avatar\\\/72ecc30e9db047a2e0e7176561eb9d564ed77c8108376495b19bd8336405198a?s=96&d=mm&r=g\",\"url\":\"https:\\\/\\\/secure.gravatar.com\\\/avatar\\\/72ecc30e9db047a2e0e7176561eb9d564ed77c8108376495b19bd8336405198a?s=96&d=mm&r=g\",\"contentUrl\":\"https:\\\/\\\/secure.gravatar.com\\\/avatar\\\/72ecc30e9db047a2e0e7176561eb9d564ed77c8108376495b19bd8336405198a?s=96&d=mm&r=g\",\"caption\":\"Dpress.ma\"},\"sameAs\":[\"https:\\\/\\\/www.dpress.ma\"],\"url\":\"https:\\\/\\\/dpress.ma\\\/fr\\\/author\\\/dpress-ma\\\/\"}]}<\/script>\n<!-- \/ Yoast SEO plugin. -->","yoast_head_json":{"title":"Dix-huit partis politiques ont d\u00e9pos\u00e9 leurs comptes annuels dans les d\u00e9lais l\u00e9gaux (Cour des comptes) - Dpress.ma\/fr","description":"Dix-huit partis politiques sur 34 ont d\u00e9pos\u00e9 leurs comptes annuels dans les d\u00e9lais l\u00e9gaux, indique un rapport de la Cour des comptes.","robots":{"index":"index","follow":"follow","max-snippet":"max-snippet:-1","max-image-preview":"max-image-preview:large","max-video-preview":"max-video-preview:-1"},"canonical":"https:\/\/dpress.ma\/fr\/2023\/03\/07\/dix-huit-partis-politiques-ont-depose-leurs-comptes-annuels-dans-les-delais-legaux-cour-des-comptes\/","og_locale":"fr_FR","og_type":"article","og_title":"Dix-huit partis politiques ont d\u00e9pos\u00e9 leurs comptes annuels dans les d\u00e9lais l\u00e9gaux (Cour des comptes) - Dpress.ma\/fr","og_description":"Dix-huit partis politiques sur 34 ont d\u00e9pos\u00e9 leurs comptes annuels dans les d\u00e9lais l\u00e9gaux, indique un rapport de la Cour des comptes.","og_url":"https:\/\/dpress.ma\/fr\/2023\/03\/07\/dix-huit-partis-politiques-ont-depose-leurs-comptes-annuels-dans-les-delais-legaux-cour-des-comptes\/","og_site_name":"Dpress.ma\/fr","article_published_time":"2023-03-07T15:30:07+00:00","article_modified_time":"2023-03-07T15:30:08+00:00","og_image":[{"width":2539,"height":1594,"url":"https:\/\/dpress.ma\/fr\/wp-content\/uploads\/sites\/2\/2023\/03\/dimensions2-13.jpg","type":"image\/jpeg"}],"author":"Dpress.ma","twitter_card":"summary_large_image","twitter_misc":{"\u00c9crit par":"Dpress.ma","Dur\u00e9e de lecture estim\u00e9e":"2 minutes"},"schema":{"@context":"https:\/\/schema.org","@graph":[{"@type":"Article","@id":"https:\/\/dpress.ma\/fr\/2023\/03\/07\/dix-huit-partis-politiques-ont-depose-leurs-comptes-annuels-dans-les-delais-legaux-cour-des-comptes\/#article","isPartOf":{"@id":"https:\/\/dpress.ma\/fr\/2023\/03\/07\/dix-huit-partis-politiques-ont-depose-leurs-comptes-annuels-dans-les-delais-legaux-cour-des-comptes\/"},"author":{"name":"Dpress.ma","@id":"https:\/\/dpress.ma\/fr\/#\/schema\/person\/4898febf3ccd59e6578d838656a306a0"},"headline":"Dix-huit partis politiques ont d\u00e9pos\u00e9 leurs comptes annuels dans les d\u00e9lais l\u00e9gaux (Cour des comptes)","datePublished":"2023-03-07T15:30:07+00:00","dateModified":"2023-03-07T15:30:08+00:00","mainEntityOfPage":{"@id":"https:\/\/dpress.ma\/fr\/2023\/03\/07\/dix-huit-partis-politiques-ont-depose-leurs-comptes-annuels-dans-les-delais-legaux-cour-des-comptes\/"},"wordCount":230,"commentCount":0,"image":{"@id":"https:\/\/dpress.ma\/fr\/2023\/03\/07\/dix-huit-partis-politiques-ont-depose-leurs-comptes-annuels-dans-les-delais-legaux-cour-des-comptes\/#primaryimage"},"thumbnailUrl":"https:\/\/dpress.ma\/fr\/wp-content\/uploads\/sites\/2\/2023\/03\/dimensions2-13.jpg","articleSection":["\u00c9conomie"],"inLanguage":"fr-FR","potentialAction":[{"@type":"CommentAction","name":"Comment","target":["https:\/\/dpress.ma\/fr\/2023\/03\/07\/dix-huit-partis-politiques-ont-depose-leurs-comptes-annuels-dans-les-delais-legaux-cour-des-comptes\/#respond"]}]},{"@type":"WebPage","@id":"https:\/\/dpress.ma\/fr\/2023\/03\/07\/dix-huit-partis-politiques-ont-depose-leurs-comptes-annuels-dans-les-delais-legaux-cour-des-comptes\/","url":"https:\/\/dpress.ma\/fr\/2023\/03\/07\/dix-huit-partis-politiques-ont-depose-leurs-comptes-annuels-dans-les-delais-legaux-cour-des-comptes\/","name":"Dix-huit partis politiques ont d\u00e9pos\u00e9 leurs comptes annuels dans les d\u00e9lais l\u00e9gaux (Cour des comptes) - Dpress.ma\/fr","isPartOf":{"@id":"https:\/\/dpress.ma\/fr\/#website"},"primaryImageOfPage":{"@id":"https:\/\/dpress.ma\/fr\/2023\/03\/07\/dix-huit-partis-politiques-ont-depose-leurs-comptes-annuels-dans-les-delais-legaux-cour-des-comptes\/#primaryimage"},"image":{"@id":"https:\/\/dpress.ma\/fr\/2023\/03\/07\/dix-huit-partis-politiques-ont-depose-leurs-comptes-annuels-dans-les-delais-legaux-cour-des-comptes\/#primaryimage"},"thumbnailUrl":"https:\/\/dpress.ma\/fr\/wp-content\/uploads\/sites\/2\/2023\/03\/dimensions2-13.jpg","datePublished":"2023-03-07T15:30:07+00:00","dateModified":"2023-03-07T15:30:08+00:00","author":{"@id":"https:\/\/dpress.ma\/fr\/#\/schema\/person\/4898febf3ccd59e6578d838656a306a0"},"description":"Dix-huit partis politiques sur 34 ont d\u00e9pos\u00e9 leurs comptes annuels dans les d\u00e9lais l\u00e9gaux, indique un rapport de la Cour des comptes.","breadcrumb":{"@id":"https:\/\/dpress.ma\/fr\/2023\/03\/07\/dix-huit-partis-politiques-ont-depose-leurs-comptes-annuels-dans-les-delais-legaux-cour-des-comptes\/#breadcrumb"},"inLanguage":"fr-FR","potentialAction":[{"@type":"ReadAction","target":["https:\/\/dpress.ma\/fr\/2023\/03\/07\/dix-huit-partis-politiques-ont-depose-leurs-comptes-annuels-dans-les-delais-legaux-cour-des-comptes\/"]}]},{"@type":"ImageObject","inLanguage":"fr-FR","@id":"https:\/\/dpress.ma\/fr\/2023\/03\/07\/dix-huit-partis-politiques-ont-depose-leurs-comptes-annuels-dans-les-delais-legaux-cour-des-comptes\/#primaryimage","url":"https:\/\/dpress.ma\/fr\/wp-content\/uploads\/sites\/2\/2023\/03\/dimensions2-13.jpg","contentUrl":"https:\/\/dpress.ma\/fr\/wp-content\/uploads\/sites\/2\/2023\/03\/dimensions2-13.jpg","width":2539,"height":1594},{"@type":"BreadcrumbList","@id":"https:\/\/dpress.ma\/fr\/2023\/03\/07\/dix-huit-partis-politiques-ont-depose-leurs-comptes-annuels-dans-les-delais-legaux-cour-des-comptes\/#breadcrumb","itemListElement":[{"@type":"ListItem","position":1,"name":"Home","item":"https:\/\/dpress.ma\/fr\/"},{"@type":"ListItem","position":2,"name":"Dix-huit partis politiques ont d\u00e9pos\u00e9 leurs comptes annuels dans les d\u00e9lais l\u00e9gaux (Cour des comptes)"}]},{"@type":"WebSite","@id":"https:\/\/dpress.ma\/fr\/#website","url":"https:\/\/dpress.ma\/fr\/","name":"Dpress.ma\/fr","description":"","potentialAction":[{"@type":"SearchAction","target":{"@type":"EntryPoint","urlTemplate":"https:\/\/dpress.ma\/fr\/?s={search_term_string}"},"query-input":{"@type":"PropertyValueSpecification","valueRequired":true,"valueName":"search_term_string"}}],"inLanguage":"fr-FR"},{"@type":"Person","@id":"https:\/\/dpress.ma\/fr\/#\/schema\/person\/4898febf3ccd59e6578d838656a306a0","name":"Dpress.ma","image":{"@type":"ImageObject","inLanguage":"fr-FR","@id":"https:\/\/secure.gravatar.com\/avatar\/72ecc30e9db047a2e0e7176561eb9d564ed77c8108376495b19bd8336405198a?s=96&d=mm&r=g","url":"https:\/\/secure.gravatar.com\/avatar\/72ecc30e9db047a2e0e7176561eb9d564ed77c8108376495b19bd8336405198a?s=96&d=mm&r=g","contentUrl":"https:\/\/secure.gravatar.com\/avatar\/72ecc30e9db047a2e0e7176561eb9d564ed77c8108376495b19bd8336405198a?s=96&d=mm&r=g","caption":"Dpress.ma"},"sameAs":["https:\/\/www.dpress.ma"],"url":"https:\/\/dpress.ma\/fr\/author\/dpress-ma\/"}]}},"amp_enabled":true,"_links":{"self":[{"href":"https:\/\/dpress.ma\/fr\/wp-json\/wp\/v2\/posts\/3906","targetHints":{"allow":["GET"]}}],"collection":[{"href":"https:\/\/dpress.ma\/fr\/wp-json\/wp\/v2\/posts"}],"about":[{"href":"https:\/\/dpress.ma\/fr\/wp-json\/wp\/v2\/types\/post"}],"author":[{"embeddable":true,"href":"https:\/\/dpress.ma\/fr\/wp-json\/wp\/v2\/users\/2"}],"replies":[{"embeddable":true,"href":"https:\/\/dpress.ma\/fr\/wp-json\/wp\/v2\/comments?post=3906"}],"version-history":[{"count":1,"href":"https:\/\/dpress.ma\/fr\/wp-json\/wp\/v2\/posts\/3906\/revisions"}],"predecessor-version":[{"id":3908,"href":"https:\/\/dpress.ma\/fr\/wp-json\/wp\/v2\/posts\/3906\/revisions\/3908"}],"wp:featuredmedia":[{"embeddable":true,"href":"https:\/\/dpress.ma\/fr\/wp-json\/wp\/v2\/media\/3907"}],"wp:attachment":[{"href":"https:\/\/dpress.ma\/fr\/wp-json\/wp\/v2\/media?parent=3906"}],"wp:term":[{"taxonomy":"category","embeddable":true,"href":"https:\/\/dpress.ma\/fr\/wp-json\/wp\/v2\/categories?post=3906"},{"taxonomy":"post_tag","embeddable":true,"href":"https:\/\/dpress.ma\/fr\/wp-json\/wp\/v2\/tags?post=3906"}],"curies":[{"name":"wp","href":"https:\/\/api.w.org\/{rel}","templated":true}]}}