{"id":39031,"date":"2026-09-05T10:40:19","date_gmt":"2026-09-05T10:40:19","guid":{"rendered":"https:\/\/dpress.ma\/fr\/?p=39031"},"modified":"2026-09-05T10:40:22","modified_gmt":"2026-09-05T10:40:22","slug":"mohammedia-tenue-du-conseil-dadministration-et-de-lassemblee-generale-de-la-frdisi","status":"publish","type":"post","link":"https:\/\/dpress.ma\/fr\/2026\/09\/05\/mohammedia-tenue-du-conseil-dadministration-et-de-lassemblee-generale-de-la-frdisi\/","title":{"rendered":"Mohammedia : Tenue du Conseil d\u2019Administration et de l\u2019Assembl\u00e9e g\u00e9n\u00e9rale de la FRDISI"},"content":{"rendered":"\n<p class=\"wp-block-paragraph\">Dpress<\/p>\n\n\n\n<p class=\"wp-block-paragraph\">La Fondation de Recherche, de D\u00e9veloppement et d&rsquo;Innovation en Sciences et Ing\u00e9nierie (FRDISI) a tenu, vendredi \u00e0 Mohammedia, son Conseil d&rsquo;administration et son Assembl\u00e9e g\u00e9n\u00e9rale, marqu\u00e9s par l&rsquo;approbation des rapports moral et financier au titre de l&rsquo;ann\u00e9e 2025.<\/p>\n\n\n\n<p class=\"wp-block-paragraph\">Pr\u00e9sid\u00e9e par M. Andr\u00e9 Azoulay, Conseiller de SM le Roi et pr\u00e9sident de la FRDISI, la r\u00e9union a \u00e9t\u00e9 marqu\u00e9e par la pr\u00e9sentation du bilan des actions, programmes et projets de la Fondation dans les domaines de la recherche scientifique, de la formation, du d\u00e9veloppement, de l&rsquo;innovation et de l&rsquo;ing\u00e9nierie, ainsi que par l&rsquo;examen des perspectives de d\u00e9veloppement de ses activit\u00e9s et de renforcement de ses partenariats avec les diff\u00e9rents acteurs institutionnels, \u00e9conomiques et acad\u00e9miques.<\/p>\n\n\n\n<p class=\"wp-block-paragraph\">En marge de cette r\u00e9union, il a \u00e9t\u00e9 proc\u00e9d\u00e9 \u00e0 l&rsquo;inauguration de l&rsquo;\u00c9cole SUPTECH Sciences Informatiques, de la cit\u00e9 universitaire relevant de l&rsquo;Universit\u00e9 Internationale Bleue (UIB), ainsi que de nouvelles infrastructures universitaires.<\/p>\n\n\n\n<p class=\"wp-block-paragraph\">Ces nouvelles structures viennent renforcer les infrastructures universitaires et de formation et contribuer \u00e0 la mise en place d&rsquo;un environnement acad\u00e9mique r\u00e9pondant aux exigences de la transformation num\u00e9rique et aux besoins du march\u00e9 du travail.<\/p>\n\n\n\n<p class=\"wp-block-paragraph\">Dans une d\u00e9claration \u00e0 la MAP, le pr\u00e9sident d\u00e9l\u00e9gu\u00e9 de la FRDISI et pr\u00e9sident de l&rsquo;Universit\u00e9 Internationale Bleue, Hicham Medromi, a soulign\u00e9 que l&rsquo;inauguration de l&rsquo;\u00c9cole SUPTECH Sciences Informatiques vient enrichir l&rsquo;offre de formation dans la r\u00e9gion Casablanca-Settat.<\/p>\n\n\n\n<p class=\"wp-block-paragraph\">Cette nouvelle \u00e9cole d&rsquo;ing\u00e9nieurs propose des formations destin\u00e9es notamment aux ing\u00e9nieurs et techniciens sup\u00e9rieurs, ainsi que des masters et des cycles doctoraux, a-t-il pr\u00e9cis\u00e9.<\/p>\n\n\n\n<p class=\"wp-block-paragraph\">M. Medromi a \u00e9galement mis en avant l&rsquo;inauguration de la cit\u00e9 universitaire, qui offre une capacit\u00e9 d&rsquo;accueil de 783 \u00e9tudiants, ainsi que d&rsquo;un restaurant universitaire pouvant accueillir jusqu&rsquo;\u00e0 450 personnes.<\/p>\n\n\n\n<p class=\"wp-block-paragraph\">Apr\u00e8s trois ann\u00e9es d&rsquo;existence, l&rsquo;UIB compte environ 2.570 \u00e9tudiants et propose des formations couvrant les cycles de licence, d&rsquo;ing\u00e9nieur, de master et de doctorat, a-t-il indiqu\u00e9, mettant \u00e9galement en avant les brevets, les articles et publications index\u00e9es ainsi que la participation \u00e0 des conf\u00e9rences internationales.<\/p>\n\n\n\n<p class=\"wp-block-paragraph\">La rencontre a \u00e9galement \u00e9t\u00e9 ponctu\u00e9e par la signature de six conventions de partenariat avec Cosumar, Label&rsquo;Vie Groupe, la F\u00e9d\u00e9ration Marocaine de Plasturgie, 3S, Atelier Vita et la Moroccan American Cultural Society of Florida.<\/p>\n\n\n\n<p class=\"wp-block-paragraph\">Ces partenariats s&rsquo;inscrivent dans la dynamique engag\u00e9e par la Fondation pour renforcer ses liens avec les acteurs \u00e9conomiques, professionnels et associatifs et consolider son action en mati\u00e8re de formation, de recherche scientifique et d&rsquo;innovation.<\/p>\n\n\n\n<p class=\"wp-block-paragraph\">Une c\u00e9r\u00e9monie de remise des dipl\u00f4mes \u00e0 la promotion 2026 des \u00e9coles de la Fondation a \u00e9galement \u00e9t\u00e9 organis\u00e9e \u00e0 cette occasion en pr\u00e9sence des laur\u00e9ats, de leurs familles et de nombreux partenaires.<\/p>\n\n\n\n<p class=\"wp-block-paragraph\">Le Conseil d&rsquo;administration et l\u2019Assembl\u00e9e g\u00e9n\u00e9rale de la FRDISI se sont d\u00e9roul\u00e9s en pr\u00e9sence notamment du ministre de la Sant\u00e9 et de la Protection sociale, Amine Tahraoui, du Wali coordinateur national de l\u2019Initiative Nationale pour le D\u00e9veloppement Humain (INDH), Mohamed Dardouri, du pr\u00e9sident du Conseil de la r\u00e9gion Casablanca-Settat, Abdellatif Ma\u00e2zouz et du gouverneur de la pr\u00e9fecture de Mohammedia, Adil El Maliki.<\/p>\n\n\n\n<p class=\"wp-block-paragraph\">Ont \u00e9galement \u00e9t\u00e9 pr\u00e9sents le directeur g\u00e9n\u00e9ral de la Caisse de D\u00e9p\u00f4t et de Gestion (CDG), le pr\u00e9sident du directoire du Cr\u00e9dit Agricole du Maroc et secr\u00e9taire g\u00e9n\u00e9ral de la FRDISI, Mohamed Fikrat, ainsi que plusieurs responsables et acteurs des milieux scientifique, acad\u00e9mique et \u00e9conomique.<\/p>\n","protected":false},"excerpt":{"rendered":"<p>Dpress La Fondation de Recherche, de D\u00e9veloppement et d&rsquo;Innovation en Sciences et Ing\u00e9nierie (FRDISI) a tenu, vendredi \u00e0 Mohammedia, son Conseil d&rsquo;administration et son Assembl\u00e9e g\u00e9n\u00e9rale, marqu\u00e9s par l&rsquo;approbation des rapports moral et financier au titre de l&rsquo;ann\u00e9e 2025. Pr\u00e9sid\u00e9e par M. Andr\u00e9 Azoulay, Conseiller de SM le Roi et pr\u00e9sident de la FRDISI, la &hellip;<\/p>\n","protected":false},"author":2,"featured_media":39032,"comment_status":"open","ping_status":"open","sticky":false,"template":"","format":"standard","meta":{"footnotes":""},"categories":[40],"tags":[],"class_list":["post-39031","post","type-post","status-publish","format-standard","has-post-thumbnail","hentry","category-societe-et-regions"],"yoast_head":"<!-- This site is optimized with the Yoast SEO plugin v28.0 - https:\/\/yoast.com\/product\/yoast-seo-wordpress\/ -->\n<title>Mohammedia : Tenue du Conseil d\u2019Administration et de l\u2019Assembl\u00e9e g\u00e9n\u00e9rale de la FRDISI - Dpress.ma\/fr<\/title>\n<meta name=\"robots\" content=\"index, follow, max-snippet:-1, max-image-preview:large, max-video-preview:-1\" \/>\n<link rel=\"canonical\" href=\"https:\/\/dpress.ma\/fr\/2026\/09\/05\/mohammedia-tenue-du-conseil-dadministration-et-de-lassemblee-generale-de-la-frdisi\/\" \/>\n<meta property=\"og:locale\" content=\"fr_FR\" \/>\n<meta property=\"og:type\" content=\"article\" \/>\n<meta property=\"og:title\" content=\"Mohammedia : Tenue du Conseil d\u2019Administration et de l\u2019Assembl\u00e9e g\u00e9n\u00e9rale de la FRDISI - Dpress.ma\/fr\" \/>\n<meta property=\"og:description\" content=\"Dpress La Fondation de Recherche, de D\u00e9veloppement et d&rsquo;Innovation en Sciences et Ing\u00e9nierie (FRDISI) a tenu, vendredi \u00e0 Mohammedia, son Conseil d&rsquo;administration et son Assembl\u00e9e g\u00e9n\u00e9rale, marqu\u00e9s par l&rsquo;approbation des rapports moral et financier au titre de l&rsquo;ann\u00e9e 2025. Pr\u00e9sid\u00e9e par M. Andr\u00e9 Azoulay, Conseiller de SM le Roi et pr\u00e9sident de la FRDISI, la &hellip;\" \/>\n<meta property=\"og:url\" content=\"https:\/\/dpress.ma\/fr\/2026\/09\/05\/mohammedia-tenue-du-conseil-dadministration-et-de-lassemblee-generale-de-la-frdisi\/\" \/>\n<meta property=\"og:site_name\" content=\"Dpress.ma\/fr\" \/>\n<meta property=\"article:published_time\" content=\"2026-09-05T10:40:19+00:00\" \/>\n<meta property=\"article:modified_time\" content=\"2026-09-05T10:40:22+00:00\" \/>\n<meta property=\"og:image\" content=\"https:\/\/dpress.ma\/fr\/wp-content\/uploads\/sites\/2\/2026\/09\/10.jpg\" \/>\n\t<meta property=\"og:image:width\" content=\"2539\" \/>\n\t<meta property=\"og:image:height\" content=\"1594\" \/>\n\t<meta property=\"og:image:type\" content=\"image\/jpeg\" \/>\n<meta name=\"author\" content=\"Dpress.ma\" \/>\n<meta name=\"twitter:card\" content=\"summary_large_image\" \/>\n<meta name=\"twitter:label1\" content=\"\u00c9crit par\" \/>\n\t<meta name=\"twitter:data1\" content=\"Dpress.ma\" \/>\n\t<meta name=\"twitter:label2\" content=\"Dur\u00e9e de lecture estim\u00e9e\" \/>\n\t<meta name=\"twitter:data2\" content=\"3 minutes\" \/>\n<script type=\"application\/ld+json\" class=\"yoast-schema-graph\">{\"@context\":\"https:\\\/\\\/schema.org\",\"@graph\":[{\"@type\":\"Article\",\"@id\":\"https:\\\/\\\/dpress.ma\\\/fr\\\/2026\\\/09\\\/05\\\/mohammedia-tenue-du-conseil-dadministration-et-de-lassemblee-generale-de-la-frdisi\\\/#article\",\"isPartOf\":{\"@id\":\"https:\\\/\\\/dpress.ma\\\/fr\\\/2026\\\/09\\\/05\\\/mohammedia-tenue-du-conseil-dadministration-et-de-lassemblee-generale-de-la-frdisi\\\/\"},\"author\":{\"name\":\"Dpress.ma\",\"@id\":\"https:\\\/\\\/dpress.ma\\\/fr\\\/#\\\/schema\\\/person\\\/4898febf3ccd59e6578d838656a306a0\"},\"headline\":\"Mohammedia : Tenue du Conseil d\u2019Administration et de l\u2019Assembl\u00e9e g\u00e9n\u00e9rale de la FRDISI\",\"datePublished\":\"2026-09-05T10:40:19+00:00\",\"dateModified\":\"2026-09-05T10:40:22+00:00\",\"mainEntityOfPage\":{\"@id\":\"https:\\\/\\\/dpress.ma\\\/fr\\\/2026\\\/09\\\/05\\\/mohammedia-tenue-du-conseil-dadministration-et-de-lassemblee-generale-de-la-frdisi\\\/\"},\"wordCount\":608,\"commentCount\":0,\"image\":{\"@id\":\"https:\\\/\\\/dpress.ma\\\/fr\\\/2026\\\/09\\\/05\\\/mohammedia-tenue-du-conseil-dadministration-et-de-lassemblee-generale-de-la-frdisi\\\/#primaryimage\"},\"thumbnailUrl\":\"https:\\\/\\\/dpress.ma\\\/fr\\\/wp-content\\\/uploads\\\/sites\\\/2\\\/2026\\\/09\\\/10.jpg\",\"articleSection\":[\"societe et regions\"],\"inLanguage\":\"fr-FR\",\"potentialAction\":[{\"@type\":\"CommentAction\",\"name\":\"Comment\",\"target\":[\"https:\\\/\\\/dpress.ma\\\/fr\\\/2026\\\/09\\\/05\\\/mohammedia-tenue-du-conseil-dadministration-et-de-lassemblee-generale-de-la-frdisi\\\/#respond\"]}]},{\"@type\":\"WebPage\",\"@id\":\"https:\\\/\\\/dpress.ma\\\/fr\\\/2026\\\/09\\\/05\\\/mohammedia-tenue-du-conseil-dadministration-et-de-lassemblee-generale-de-la-frdisi\\\/\",\"url\":\"https:\\\/\\\/dpress.ma\\\/fr\\\/2026\\\/09\\\/05\\\/mohammedia-tenue-du-conseil-dadministration-et-de-lassemblee-generale-de-la-frdisi\\\/\",\"name\":\"Mohammedia : Tenue du Conseil d\u2019Administration et de l\u2019Assembl\u00e9e g\u00e9n\u00e9rale de la FRDISI - Dpress.ma\\\/fr\",\"isPartOf\":{\"@id\":\"https:\\\/\\\/dpress.ma\\\/fr\\\/#website\"},\"primaryImageOfPage\":{\"@id\":\"https:\\\/\\\/dpress.ma\\\/fr\\\/2026\\\/09\\\/05\\\/mohammedia-tenue-du-conseil-dadministration-et-de-lassemblee-generale-de-la-frdisi\\\/#primaryimage\"},\"image\":{\"@id\":\"https:\\\/\\\/dpress.ma\\\/fr\\\/2026\\\/09\\\/05\\\/mohammedia-tenue-du-conseil-dadministration-et-de-lassemblee-generale-de-la-frdisi\\\/#primaryimage\"},\"thumbnailUrl\":\"https:\\\/\\\/dpress.ma\\\/fr\\\/wp-content\\\/uploads\\\/sites\\\/2\\\/2026\\\/09\\\/10.jpg\",\"datePublished\":\"2026-09-05T10:40:19+00:00\",\"dateModified\":\"2026-09-05T10:40:22+00:00\",\"author\":{\"@id\":\"https:\\\/\\\/dpress.ma\\\/fr\\\/#\\\/schema\\\/person\\\/4898febf3ccd59e6578d838656a306a0\"},\"breadcrumb\":{\"@id\":\"https:\\\/\\\/dpress.ma\\\/fr\\\/2026\\\/09\\\/05\\\/mohammedia-tenue-du-conseil-dadministration-et-de-lassemblee-generale-de-la-frdisi\\\/#breadcrumb\"},\"inLanguage\":\"fr-FR\",\"potentialAction\":[{\"@type\":\"ReadAction\",\"target\":[\"https:\\\/\\\/dpress.ma\\\/fr\\\/2026\\\/09\\\/05\\\/mohammedia-tenue-du-conseil-dadministration-et-de-lassemblee-generale-de-la-frdisi\\\/\"]}]},{\"@type\":\"ImageObject\",\"inLanguage\":\"fr-FR\",\"@id\":\"https:\\\/\\\/dpress.ma\\\/fr\\\/2026\\\/09\\\/05\\\/mohammedia-tenue-du-conseil-dadministration-et-de-lassemblee-generale-de-la-frdisi\\\/#primaryimage\",\"url\":\"https:\\\/\\\/dpress.ma\\\/fr\\\/wp-content\\\/uploads\\\/sites\\\/2\\\/2026\\\/09\\\/10.jpg\",\"contentUrl\":\"https:\\\/\\\/dpress.ma\\\/fr\\\/wp-content\\\/uploads\\\/sites\\\/2\\\/2026\\\/09\\\/10.jpg\",\"width\":2539,\"height\":1594},{\"@type\":\"BreadcrumbList\",\"@id\":\"https:\\\/\\\/dpress.ma\\\/fr\\\/2026\\\/09\\\/05\\\/mohammedia-tenue-du-conseil-dadministration-et-de-lassemblee-generale-de-la-frdisi\\\/#breadcrumb\",\"itemListElement\":[{\"@type\":\"ListItem\",\"position\":1,\"name\":\"Home\",\"item\":\"https:\\\/\\\/dpress.ma\\\/fr\\\/\"},{\"@type\":\"ListItem\",\"position\":2,\"name\":\"Mohammedia : Tenue du Conseil d\u2019Administration et de l\u2019Assembl\u00e9e g\u00e9n\u00e9rale de la FRDISI\"}]},{\"@type\":\"WebSite\",\"@id\":\"https:\\\/\\\/dpress.ma\\\/fr\\\/#website\",\"url\":\"https:\\\/\\\/dpress.ma\\\/fr\\\/\",\"name\":\"Dpress.ma\\\/fr\",\"description\":\"\",\"potentialAction\":[{\"@type\":\"SearchAction\",\"target\":{\"@type\":\"EntryPoint\",\"urlTemplate\":\"https:\\\/\\\/dpress.ma\\\/fr\\\/?s={search_term_string}\"},\"query-input\":{\"@type\":\"PropertyValueSpecification\",\"valueRequired\":true,\"valueName\":\"search_term_string\"}}],\"inLanguage\":\"fr-FR\"},{\"@type\":\"Person\",\"@id\":\"https:\\\/\\\/dpress.ma\\\/fr\\\/#\\\/schema\\\/person\\\/4898febf3ccd59e6578d838656a306a0\",\"name\":\"Dpress.ma\",\"image\":{\"@type\":\"ImageObject\",\"inLanguage\":\"fr-FR\",\"@id\":\"https:\\\/\\\/secure.gravatar.com\\\/avatar\\\/72ecc30e9db047a2e0e7176561eb9d564ed77c8108376495b19bd8336405198a?s=96&d=mm&r=g\",\"url\":\"https:\\\/\\\/secure.gravatar.com\\\/avatar\\\/72ecc30e9db047a2e0e7176561eb9d564ed77c8108376495b19bd8336405198a?s=96&d=mm&r=g\",\"contentUrl\":\"https:\\\/\\\/secure.gravatar.com\\\/avatar\\\/72ecc30e9db047a2e0e7176561eb9d564ed77c8108376495b19bd8336405198a?s=96&d=mm&r=g\",\"caption\":\"Dpress.ma\"},\"sameAs\":[\"https:\\\/\\\/www.dpress.ma\"],\"url\":\"https:\\\/\\\/dpress.ma\\\/fr\\\/author\\\/dpress-ma\\\/\"}]}<\/script>\n<!-- \/ Yoast SEO plugin. -->","yoast_head_json":{"title":"Mohammedia : Tenue du Conseil d\u2019Administration et de l\u2019Assembl\u00e9e g\u00e9n\u00e9rale de la FRDISI - Dpress.ma\/fr","robots":{"index":"index","follow":"follow","max-snippet":"max-snippet:-1","max-image-preview":"max-image-preview:large","max-video-preview":"max-video-preview:-1"},"canonical":"https:\/\/dpress.ma\/fr\/2026\/09\/05\/mohammedia-tenue-du-conseil-dadministration-et-de-lassemblee-generale-de-la-frdisi\/","og_locale":"fr_FR","og_type":"article","og_title":"Mohammedia : Tenue du Conseil d\u2019Administration et de l\u2019Assembl\u00e9e g\u00e9n\u00e9rale de la FRDISI - Dpress.ma\/fr","og_description":"Dpress La Fondation de Recherche, de D\u00e9veloppement et d&rsquo;Innovation en Sciences et Ing\u00e9nierie (FRDISI) a tenu, vendredi \u00e0 Mohammedia, son Conseil d&rsquo;administration et son Assembl\u00e9e g\u00e9n\u00e9rale, marqu\u00e9s par l&rsquo;approbation des rapports moral et financier au titre de l&rsquo;ann\u00e9e 2025. Pr\u00e9sid\u00e9e par M. Andr\u00e9 Azoulay, Conseiller de SM le Roi et pr\u00e9sident de la FRDISI, la &hellip;","og_url":"https:\/\/dpress.ma\/fr\/2026\/09\/05\/mohammedia-tenue-du-conseil-dadministration-et-de-lassemblee-generale-de-la-frdisi\/","og_site_name":"Dpress.ma\/fr","article_published_time":"2026-09-05T10:40:19+00:00","article_modified_time":"2026-09-05T10:40:22+00:00","og_image":[{"width":2539,"height":1594,"url":"https:\/\/dpress.ma\/fr\/wp-content\/uploads\/sites\/2\/2026\/09\/10.jpg","type":"image\/jpeg"}],"author":"Dpress.ma","twitter_card":"summary_large_image","twitter_misc":{"\u00c9crit par":"Dpress.ma","Dur\u00e9e de lecture estim\u00e9e":"3 minutes"},"schema":{"@context":"https:\/\/schema.org","@graph":[{"@type":"Article","@id":"https:\/\/dpress.ma\/fr\/2026\/09\/05\/mohammedia-tenue-du-conseil-dadministration-et-de-lassemblee-generale-de-la-frdisi\/#article","isPartOf":{"@id":"https:\/\/dpress.ma\/fr\/2026\/09\/05\/mohammedia-tenue-du-conseil-dadministration-et-de-lassemblee-generale-de-la-frdisi\/"},"author":{"name":"Dpress.ma","@id":"https:\/\/dpress.ma\/fr\/#\/schema\/person\/4898febf3ccd59e6578d838656a306a0"},"headline":"Mohammedia : Tenue du Conseil d\u2019Administration et de l\u2019Assembl\u00e9e g\u00e9n\u00e9rale de la FRDISI","datePublished":"2026-09-05T10:40:19+00:00","dateModified":"2026-09-05T10:40:22+00:00","mainEntityOfPage":{"@id":"https:\/\/dpress.ma\/fr\/2026\/09\/05\/mohammedia-tenue-du-conseil-dadministration-et-de-lassemblee-generale-de-la-frdisi\/"},"wordCount":608,"commentCount":0,"image":{"@id":"https:\/\/dpress.ma\/fr\/2026\/09\/05\/mohammedia-tenue-du-conseil-dadministration-et-de-lassemblee-generale-de-la-frdisi\/#primaryimage"},"thumbnailUrl":"https:\/\/dpress.ma\/fr\/wp-content\/uploads\/sites\/2\/2026\/09\/10.jpg","articleSection":["societe et regions"],"inLanguage":"fr-FR","potentialAction":[{"@type":"CommentAction","name":"Comment","target":["https:\/\/dpress.ma\/fr\/2026\/09\/05\/mohammedia-tenue-du-conseil-dadministration-et-de-lassemblee-generale-de-la-frdisi\/#respond"]}]},{"@type":"WebPage","@id":"https:\/\/dpress.ma\/fr\/2026\/09\/05\/mohammedia-tenue-du-conseil-dadministration-et-de-lassemblee-generale-de-la-frdisi\/","url":"https:\/\/dpress.ma\/fr\/2026\/09\/05\/mohammedia-tenue-du-conseil-dadministration-et-de-lassemblee-generale-de-la-frdisi\/","name":"Mohammedia : Tenue du Conseil d\u2019Administration et de l\u2019Assembl\u00e9e g\u00e9n\u00e9rale de la FRDISI - Dpress.ma\/fr","isPartOf":{"@id":"https:\/\/dpress.ma\/fr\/#website"},"primaryImageOfPage":{"@id":"https:\/\/dpress.ma\/fr\/2026\/09\/05\/mohammedia-tenue-du-conseil-dadministration-et-de-lassemblee-generale-de-la-frdisi\/#primaryimage"},"image":{"@id":"https:\/\/dpress.ma\/fr\/2026\/09\/05\/mohammedia-tenue-du-conseil-dadministration-et-de-lassemblee-generale-de-la-frdisi\/#primaryimage"},"thumbnailUrl":"https:\/\/dpress.ma\/fr\/wp-content\/uploads\/sites\/2\/2026\/09\/10.jpg","datePublished":"2026-09-05T10:40:19+00:00","dateModified":"2026-09-05T10:40:22+00:00","author":{"@id":"https:\/\/dpress.ma\/fr\/#\/schema\/person\/4898febf3ccd59e6578d838656a306a0"},"breadcrumb":{"@id":"https:\/\/dpress.ma\/fr\/2026\/09\/05\/mohammedia-tenue-du-conseil-dadministration-et-de-lassemblee-generale-de-la-frdisi\/#breadcrumb"},"inLanguage":"fr-FR","potentialAction":[{"@type":"ReadAction","target":["https:\/\/dpress.ma\/fr\/2026\/09\/05\/mohammedia-tenue-du-conseil-dadministration-et-de-lassemblee-generale-de-la-frdisi\/"]}]},{"@type":"ImageObject","inLanguage":"fr-FR","@id":"https:\/\/dpress.ma\/fr\/2026\/09\/05\/mohammedia-tenue-du-conseil-dadministration-et-de-lassemblee-generale-de-la-frdisi\/#primaryimage","url":"https:\/\/dpress.ma\/fr\/wp-content\/uploads\/sites\/2\/2026\/09\/10.jpg","contentUrl":"https:\/\/dpress.ma\/fr\/wp-content\/uploads\/sites\/2\/2026\/09\/10.jpg","width":2539,"height":1594},{"@type":"BreadcrumbList","@id":"https:\/\/dpress.ma\/fr\/2026\/09\/05\/mohammedia-tenue-du-conseil-dadministration-et-de-lassemblee-generale-de-la-frdisi\/#breadcrumb","itemListElement":[{"@type":"ListItem","position":1,"name":"Home","item":"https:\/\/dpress.ma\/fr\/"},{"@type":"ListItem","position":2,"name":"Mohammedia : Tenue du Conseil d\u2019Administration et de l\u2019Assembl\u00e9e g\u00e9n\u00e9rale de la FRDISI"}]},{"@type":"WebSite","@id":"https:\/\/dpress.ma\/fr\/#website","url":"https:\/\/dpress.ma\/fr\/","name":"Dpress.ma\/fr","description":"","potentialAction":[{"@type":"SearchAction","target":{"@type":"EntryPoint","urlTemplate":"https:\/\/dpress.ma\/fr\/?s={search_term_string}"},"query-input":{"@type":"PropertyValueSpecification","valueRequired":true,"valueName":"search_term_string"}}],"inLanguage":"fr-FR"},{"@type":"Person","@id":"https:\/\/dpress.ma\/fr\/#\/schema\/person\/4898febf3ccd59e6578d838656a306a0","name":"Dpress.ma","image":{"@type":"ImageObject","inLanguage":"fr-FR","@id":"https:\/\/secure.gravatar.com\/avatar\/72ecc30e9db047a2e0e7176561eb9d564ed77c8108376495b19bd8336405198a?s=96&d=mm&r=g","url":"https:\/\/secure.gravatar.com\/avatar\/72ecc30e9db047a2e0e7176561eb9d564ed77c8108376495b19bd8336405198a?s=96&d=mm&r=g","contentUrl":"https:\/\/secure.gravatar.com\/avatar\/72ecc30e9db047a2e0e7176561eb9d564ed77c8108376495b19bd8336405198a?s=96&d=mm&r=g","caption":"Dpress.ma"},"sameAs":["https:\/\/www.dpress.ma"],"url":"https:\/\/dpress.ma\/fr\/author\/dpress-ma\/"}]}},"amp_enabled":true,"_links":{"self":[{"href":"https:\/\/dpress.ma\/fr\/wp-json\/wp\/v2\/posts\/39031","targetHints":{"allow":["GET"]}}],"collection":[{"href":"https:\/\/dpress.ma\/fr\/wp-json\/wp\/v2\/posts"}],"about":[{"href":"https:\/\/dpress.ma\/fr\/wp-json\/wp\/v2\/types\/post"}],"author":[{"embeddable":true,"href":"https:\/\/dpress.ma\/fr\/wp-json\/wp\/v2\/users\/2"}],"replies":[{"embeddable":true,"href":"https:\/\/dpress.ma\/fr\/wp-json\/wp\/v2\/comments?post=39031"}],"version-history":[{"count":1,"href":"https:\/\/dpress.ma\/fr\/wp-json\/wp\/v2\/posts\/39031\/revisions"}],"predecessor-version":[{"id":39033,"href":"https:\/\/dpress.ma\/fr\/wp-json\/wp\/v2\/posts\/39031\/revisions\/39033"}],"wp:featuredmedia":[{"embeddable":true,"href":"https:\/\/dpress.ma\/fr\/wp-json\/wp\/v2\/media\/39032"}],"wp:attachment":[{"href":"https:\/\/dpress.ma\/fr\/wp-json\/wp\/v2\/media?parent=39031"}],"wp:term":[{"taxonomy":"category","embeddable":true,"href":"https:\/\/dpress.ma\/fr\/wp-json\/wp\/v2\/categories?post=39031"},{"taxonomy":"post_tag","embeddable":true,"href":"https:\/\/dpress.ma\/fr\/wp-json\/wp\/v2\/tags?post=39031"}],"curies":[{"name":"wp","href":"https:\/\/api.w.org\/{rel}","templated":true}]}}