{"id":39013,"date":"2026-09-05T10:04:09","date_gmt":"2026-09-05T10:04:09","guid":{"rendered":"https:\/\/dpress.ma\/fr\/?p=39013"},"modified":"2026-09-05T10:04:12","modified_gmt":"2026-09-05T10:04:12","slug":"narsa-le-31-decembre-2026-nest-pas-une-echeance-generale-pour-le-remplacement-de-toutes-les-plaques-dimmatriculation-des-vehicules-au-maroc","status":"publish","type":"post","link":"https:\/\/dpress.ma\/fr\/2026\/09\/05\/narsa-le-31-decembre-2026-nest-pas-une-echeance-generale-pour-le-remplacement-de-toutes-les-plaques-dimmatriculation-des-vehicules-au-maroc\/","title":{"rendered":"NARSA: le 31 d\u00e9cembre 2026 n\u2019est pas une \u00e9ch\u00e9ance g\u00e9n\u00e9rale pour le remplacement de toutes les plaques d\u2019immatriculation des v\u00e9hicules au Maroc"},"content":{"rendered":"\n<p class=\"wp-block-paragraph\">Dpress<\/p>\n\n\n\n<p class=\"wp-block-paragraph\">L\u2019Agence nationale de la s\u00e9curit\u00e9 routi\u00e8re (NARSA) a affirm\u00e9, vendredi, que la date du 31 d\u00e9cembre 2026 n\u2019est pas une \u00e9ch\u00e9ance g\u00e9n\u00e9rale pour le remplacement de l&rsquo;ensemble des plaques d\u2019immatriculation des v\u00e9hicules au Maroc, soulignant que la d\u00e9cision n\u00b0640.26, publi\u00e9e le 03 ao\u00fbt dernier, pr\u00e9voit des dispositions transitoires fixant la date \u00e0 laquelle le remplacement des plaques d\u2019immatriculation devient obligatoire selon la situation du v\u00e9hicule.<\/p>\n\n\n\n<p class=\"wp-block-paragraph\">Dans un communiqu\u00e9, en r\u00e9action \u00e0 la diffusion d&rsquo;informations inexactes concernant les nouvelles dispositions relatives aux plaques d\u2019immatriculation des v\u00e9hicules, \u00ab\u00a0la NARSA porte \u00e0 la connaissance de l&rsquo;ensemble des usagers de la route que l\u2019information faisant \u00e9tat de l\u2019obligation de remplacer toutes les plaques d\u2019immatriculation des v\u00e9hicules actuellement en circulation avant le 31 d\u00e9cembre 2026 est erron\u00e9e\u00a0\u00bb.<\/p>\n\n\n\n<p class=\"wp-block-paragraph\">En ce qui concerne les v\u00e9hicules immatricul\u00e9s dans la s\u00e9rie normale et portant des plaques d\u2019immatriculation d\u00e9pourvues de caract\u00e8res latins, utilis\u00e9es pour la circulation sur le territoire national, ces plaques restent valables jusqu\u2019\u00e0 la premi\u00e8re op\u00e9ration de transfert de propri\u00e9t\u00e9 du v\u00e9hicule, ajoute la m\u00eame source.<\/p>\n\n\n\n<p class=\"wp-block-paragraph\">Pour les v\u00e9hicules immatricul\u00e9s dans la s\u00e9rie normale et portant des plaques utilis\u00e9es pour la circulation internationale, comprenant des caract\u00e8res latins ainsi que le signe distinctif du Royaume du Maroc \u00ab\u00a0MA\u00a0\u00bb s\u00e9par\u00e9 de la plaque, ces plaques demeureront valables jusqu\u2019au 31 d\u00e9cembre 2026.<\/p>\n\n\n\n<p class=\"wp-block-paragraph\">La NARSA a, par ailleurs, appel\u00e9 l&rsquo;ensemble des usagers \u00e0 se r\u00e9f\u00e9rer aux informations \u00e9manant de sources officielles afin d\u2019\u00e9viter toute confusion ou interpr\u00e9tation inexacte des dispositions de la d\u00e9cision n\u00b0640.26.<\/p>\n","protected":false},"excerpt":{"rendered":"<p>Dpress L\u2019Agence nationale de la s\u00e9curit\u00e9 routi\u00e8re (NARSA) a affirm\u00e9, vendredi, que la date du 31 d\u00e9cembre 2026 n\u2019est pas une \u00e9ch\u00e9ance g\u00e9n\u00e9rale pour le remplacement de l&rsquo;ensemble des plaques d\u2019immatriculation des v\u00e9hicules au Maroc, soulignant que la d\u00e9cision n\u00b0640.26, publi\u00e9e le 03 ao\u00fbt dernier, pr\u00e9voit des dispositions transitoires fixant la date \u00e0 laquelle le &hellip;<\/p>\n","protected":false},"author":2,"featured_media":39014,"comment_status":"open","ping_status":"open","sticky":false,"template":"","format":"standard","meta":{"footnotes":""},"categories":[40],"tags":[],"class_list":["post-39013","post","type-post","status-publish","format-standard","has-post-thumbnail","hentry","category-societe-et-regions"],"yoast_head":"<!-- This site is optimized with the Yoast SEO plugin v28.0 - https:\/\/yoast.com\/product\/yoast-seo-wordpress\/ -->\n<title>NARSA: le 31 d\u00e9cembre 2026 n\u2019est pas une \u00e9ch\u00e9ance g\u00e9n\u00e9rale pour le remplacement de toutes les plaques d\u2019immatriculation des v\u00e9hicules au Maroc - Dpress.ma\/fr<\/title>\n<meta name=\"robots\" content=\"index, follow, max-snippet:-1, max-image-preview:large, max-video-preview:-1\" \/>\n<link rel=\"canonical\" href=\"https:\/\/dpress.ma\/fr\/2026\/09\/05\/narsa-le-31-decembre-2026-nest-pas-une-echeance-generale-pour-le-remplacement-de-toutes-les-plaques-dimmatriculation-des-vehicules-au-maroc\/\" \/>\n<meta property=\"og:locale\" content=\"fr_FR\" \/>\n<meta property=\"og:type\" content=\"article\" \/>\n<meta property=\"og:title\" content=\"NARSA: le 31 d\u00e9cembre 2026 n\u2019est pas une \u00e9ch\u00e9ance g\u00e9n\u00e9rale pour le remplacement de toutes les plaques d\u2019immatriculation des v\u00e9hicules au Maroc - Dpress.ma\/fr\" \/>\n<meta property=\"og:description\" content=\"Dpress L\u2019Agence nationale de la s\u00e9curit\u00e9 routi\u00e8re (NARSA) a affirm\u00e9, vendredi, que la date du 31 d\u00e9cembre 2026 n\u2019est pas une \u00e9ch\u00e9ance g\u00e9n\u00e9rale pour le remplacement de l&rsquo;ensemble des plaques d\u2019immatriculation des v\u00e9hicules au Maroc, soulignant que la d\u00e9cision n\u00b0640.26, publi\u00e9e le 03 ao\u00fbt dernier, pr\u00e9voit des dispositions transitoires fixant la date \u00e0 laquelle le &hellip;\" \/>\n<meta property=\"og:url\" content=\"https:\/\/dpress.ma\/fr\/2026\/09\/05\/narsa-le-31-decembre-2026-nest-pas-une-echeance-generale-pour-le-remplacement-de-toutes-les-plaques-dimmatriculation-des-vehicules-au-maroc\/\" \/>\n<meta property=\"og:site_name\" content=\"Dpress.ma\/fr\" \/>\n<meta property=\"article:published_time\" content=\"2026-09-05T10:04:09+00:00\" \/>\n<meta property=\"article:modified_time\" content=\"2026-09-05T10:04:12+00:00\" \/>\n<meta property=\"og:image\" content=\"https:\/\/dpress.ma\/fr\/wp-content\/uploads\/sites\/2\/2026\/09\/9-1.jpg\" \/>\n\t<meta property=\"og:image:width\" content=\"2539\" \/>\n\t<meta property=\"og:image:height\" content=\"1594\" \/>\n\t<meta property=\"og:image:type\" content=\"image\/jpeg\" \/>\n<meta name=\"author\" content=\"Dpress.ma\" \/>\n<meta name=\"twitter:card\" content=\"summary_large_image\" \/>\n<meta name=\"twitter:label1\" content=\"\u00c9crit par\" \/>\n\t<meta name=\"twitter:data1\" content=\"Dpress.ma\" \/>\n\t<meta name=\"twitter:label2\" content=\"Dur\u00e9e de lecture estim\u00e9e\" \/>\n\t<meta name=\"twitter:data2\" content=\"2 minutes\" \/>\n<script type=\"application\/ld+json\" class=\"yoast-schema-graph\">{\"@context\":\"https:\\\/\\\/schema.org\",\"@graph\":[{\"@type\":\"Article\",\"@id\":\"https:\\\/\\\/dpress.ma\\\/fr\\\/2026\\\/09\\\/05\\\/narsa-le-31-decembre-2026-nest-pas-une-echeance-generale-pour-le-remplacement-de-toutes-les-plaques-dimmatriculation-des-vehicules-au-maroc\\\/#article\",\"isPartOf\":{\"@id\":\"https:\\\/\\\/dpress.ma\\\/fr\\\/2026\\\/09\\\/05\\\/narsa-le-31-decembre-2026-nest-pas-une-echeance-generale-pour-le-remplacement-de-toutes-les-plaques-dimmatriculation-des-vehicules-au-maroc\\\/\"},\"author\":{\"name\":\"Dpress.ma\",\"@id\":\"https:\\\/\\\/dpress.ma\\\/fr\\\/#\\\/schema\\\/person\\\/4898febf3ccd59e6578d838656a306a0\"},\"headline\":\"NARSA: le 31 d\u00e9cembre 2026 n\u2019est pas une \u00e9ch\u00e9ance g\u00e9n\u00e9rale pour le remplacement de toutes les plaques d\u2019immatriculation des v\u00e9hicules au Maroc\",\"datePublished\":\"2026-09-05T10:04:09+00:00\",\"dateModified\":\"2026-09-05T10:04:12+00:00\",\"mainEntityOfPage\":{\"@id\":\"https:\\\/\\\/dpress.ma\\\/fr\\\/2026\\\/09\\\/05\\\/narsa-le-31-decembre-2026-nest-pas-une-echeance-generale-pour-le-remplacement-de-toutes-les-plaques-dimmatriculation-des-vehicules-au-maroc\\\/\"},\"wordCount\":309,\"commentCount\":0,\"image\":{\"@id\":\"https:\\\/\\\/dpress.ma\\\/fr\\\/2026\\\/09\\\/05\\\/narsa-le-31-decembre-2026-nest-pas-une-echeance-generale-pour-le-remplacement-de-toutes-les-plaques-dimmatriculation-des-vehicules-au-maroc\\\/#primaryimage\"},\"thumbnailUrl\":\"https:\\\/\\\/dpress.ma\\\/fr\\\/wp-content\\\/uploads\\\/sites\\\/2\\\/2026\\\/09\\\/9-1.jpg\",\"articleSection\":[\"societe et regions\"],\"inLanguage\":\"fr-FR\",\"potentialAction\":[{\"@type\":\"CommentAction\",\"name\":\"Comment\",\"target\":[\"https:\\\/\\\/dpress.ma\\\/fr\\\/2026\\\/09\\\/05\\\/narsa-le-31-decembre-2026-nest-pas-une-echeance-generale-pour-le-remplacement-de-toutes-les-plaques-dimmatriculation-des-vehicules-au-maroc\\\/#respond\"]}]},{\"@type\":\"WebPage\",\"@id\":\"https:\\\/\\\/dpress.ma\\\/fr\\\/2026\\\/09\\\/05\\\/narsa-le-31-decembre-2026-nest-pas-une-echeance-generale-pour-le-remplacement-de-toutes-les-plaques-dimmatriculation-des-vehicules-au-maroc\\\/\",\"url\":\"https:\\\/\\\/dpress.ma\\\/fr\\\/2026\\\/09\\\/05\\\/narsa-le-31-decembre-2026-nest-pas-une-echeance-generale-pour-le-remplacement-de-toutes-les-plaques-dimmatriculation-des-vehicules-au-maroc\\\/\",\"name\":\"NARSA: le 31 d\u00e9cembre 2026 n\u2019est pas une \u00e9ch\u00e9ance g\u00e9n\u00e9rale pour le remplacement de toutes les plaques d\u2019immatriculation des v\u00e9hicules au Maroc - Dpress.ma\\\/fr\",\"isPartOf\":{\"@id\":\"https:\\\/\\\/dpress.ma\\\/fr\\\/#website\"},\"primaryImageOfPage\":{\"@id\":\"https:\\\/\\\/dpress.ma\\\/fr\\\/2026\\\/09\\\/05\\\/narsa-le-31-decembre-2026-nest-pas-une-echeance-generale-pour-le-remplacement-de-toutes-les-plaques-dimmatriculation-des-vehicules-au-maroc\\\/#primaryimage\"},\"image\":{\"@id\":\"https:\\\/\\\/dpress.ma\\\/fr\\\/2026\\\/09\\\/05\\\/narsa-le-31-decembre-2026-nest-pas-une-echeance-generale-pour-le-remplacement-de-toutes-les-plaques-dimmatriculation-des-vehicules-au-maroc\\\/#primaryimage\"},\"thumbnailUrl\":\"https:\\\/\\\/dpress.ma\\\/fr\\\/wp-content\\\/uploads\\\/sites\\\/2\\\/2026\\\/09\\\/9-1.jpg\",\"datePublished\":\"2026-09-05T10:04:09+00:00\",\"dateModified\":\"2026-09-05T10:04:12+00:00\",\"author\":{\"@id\":\"https:\\\/\\\/dpress.ma\\\/fr\\\/#\\\/schema\\\/person\\\/4898febf3ccd59e6578d838656a306a0\"},\"breadcrumb\":{\"@id\":\"https:\\\/\\\/dpress.ma\\\/fr\\\/2026\\\/09\\\/05\\\/narsa-le-31-decembre-2026-nest-pas-une-echeance-generale-pour-le-remplacement-de-toutes-les-plaques-dimmatriculation-des-vehicules-au-maroc\\\/#breadcrumb\"},\"inLanguage\":\"fr-FR\",\"potentialAction\":[{\"@type\":\"ReadAction\",\"target\":[\"https:\\\/\\\/dpress.ma\\\/fr\\\/2026\\\/09\\\/05\\\/narsa-le-31-decembre-2026-nest-pas-une-echeance-generale-pour-le-remplacement-de-toutes-les-plaques-dimmatriculation-des-vehicules-au-maroc\\\/\"]}]},{\"@type\":\"ImageObject\",\"inLanguage\":\"fr-FR\",\"@id\":\"https:\\\/\\\/dpress.ma\\\/fr\\\/2026\\\/09\\\/05\\\/narsa-le-31-decembre-2026-nest-pas-une-echeance-generale-pour-le-remplacement-de-toutes-les-plaques-dimmatriculation-des-vehicules-au-maroc\\\/#primaryimage\",\"url\":\"https:\\\/\\\/dpress.ma\\\/fr\\\/wp-content\\\/uploads\\\/sites\\\/2\\\/2026\\\/09\\\/9-1.jpg\",\"contentUrl\":\"https:\\\/\\\/dpress.ma\\\/fr\\\/wp-content\\\/uploads\\\/sites\\\/2\\\/2026\\\/09\\\/9-1.jpg\",\"width\":2539,\"height\":1594},{\"@type\":\"BreadcrumbList\",\"@id\":\"https:\\\/\\\/dpress.ma\\\/fr\\\/2026\\\/09\\\/05\\\/narsa-le-31-decembre-2026-nest-pas-une-echeance-generale-pour-le-remplacement-de-toutes-les-plaques-dimmatriculation-des-vehicules-au-maroc\\\/#breadcrumb\",\"itemListElement\":[{\"@type\":\"ListItem\",\"position\":1,\"name\":\"Home\",\"item\":\"https:\\\/\\\/dpress.ma\\\/fr\\\/\"},{\"@type\":\"ListItem\",\"position\":2,\"name\":\"NARSA: le 31 d\u00e9cembre 2026 n\u2019est pas une \u00e9ch\u00e9ance g\u00e9n\u00e9rale pour le remplacement de toutes les plaques d\u2019immatriculation des v\u00e9hicules au Maroc\"}]},{\"@type\":\"WebSite\",\"@id\":\"https:\\\/\\\/dpress.ma\\\/fr\\\/#website\",\"url\":\"https:\\\/\\\/dpress.ma\\\/fr\\\/\",\"name\":\"Dpress.ma\\\/fr\",\"description\":\"\",\"potentialAction\":[{\"@type\":\"SearchAction\",\"target\":{\"@type\":\"EntryPoint\",\"urlTemplate\":\"https:\\\/\\\/dpress.ma\\\/fr\\\/?s={search_term_string}\"},\"query-input\":{\"@type\":\"PropertyValueSpecification\",\"valueRequired\":true,\"valueName\":\"search_term_string\"}}],\"inLanguage\":\"fr-FR\"},{\"@type\":\"Person\",\"@id\":\"https:\\\/\\\/dpress.ma\\\/fr\\\/#\\\/schema\\\/person\\\/4898febf3ccd59e6578d838656a306a0\",\"name\":\"Dpress.ma\",\"image\":{\"@type\":\"ImageObject\",\"inLanguage\":\"fr-FR\",\"@id\":\"https:\\\/\\\/secure.gravatar.com\\\/avatar\\\/72ecc30e9db047a2e0e7176561eb9d564ed77c8108376495b19bd8336405198a?s=96&d=mm&r=g\",\"url\":\"https:\\\/\\\/secure.gravatar.com\\\/avatar\\\/72ecc30e9db047a2e0e7176561eb9d564ed77c8108376495b19bd8336405198a?s=96&d=mm&r=g\",\"contentUrl\":\"https:\\\/\\\/secure.gravatar.com\\\/avatar\\\/72ecc30e9db047a2e0e7176561eb9d564ed77c8108376495b19bd8336405198a?s=96&d=mm&r=g\",\"caption\":\"Dpress.ma\"},\"sameAs\":[\"https:\\\/\\\/www.dpress.ma\"],\"url\":\"https:\\\/\\\/dpress.ma\\\/fr\\\/author\\\/dpress-ma\\\/\"}]}<\/script>\n<!-- \/ Yoast SEO plugin. -->","yoast_head_json":{"title":"NARSA: le 31 d\u00e9cembre 2026 n\u2019est pas une \u00e9ch\u00e9ance g\u00e9n\u00e9rale pour le remplacement de toutes les plaques d\u2019immatriculation des v\u00e9hicules au Maroc - Dpress.ma\/fr","robots":{"index":"index","follow":"follow","max-snippet":"max-snippet:-1","max-image-preview":"max-image-preview:large","max-video-preview":"max-video-preview:-1"},"canonical":"https:\/\/dpress.ma\/fr\/2026\/09\/05\/narsa-le-31-decembre-2026-nest-pas-une-echeance-generale-pour-le-remplacement-de-toutes-les-plaques-dimmatriculation-des-vehicules-au-maroc\/","og_locale":"fr_FR","og_type":"article","og_title":"NARSA: le 31 d\u00e9cembre 2026 n\u2019est pas une \u00e9ch\u00e9ance g\u00e9n\u00e9rale pour le remplacement de toutes les plaques d\u2019immatriculation des v\u00e9hicules au Maroc - Dpress.ma\/fr","og_description":"Dpress L\u2019Agence nationale de la s\u00e9curit\u00e9 routi\u00e8re (NARSA) a affirm\u00e9, vendredi, que la date du 31 d\u00e9cembre 2026 n\u2019est pas une \u00e9ch\u00e9ance g\u00e9n\u00e9rale pour le remplacement de l&rsquo;ensemble des plaques d\u2019immatriculation des v\u00e9hicules au Maroc, soulignant que la d\u00e9cision n\u00b0640.26, publi\u00e9e le 03 ao\u00fbt dernier, pr\u00e9voit des dispositions transitoires fixant la date \u00e0 laquelle le &hellip;","og_url":"https:\/\/dpress.ma\/fr\/2026\/09\/05\/narsa-le-31-decembre-2026-nest-pas-une-echeance-generale-pour-le-remplacement-de-toutes-les-plaques-dimmatriculation-des-vehicules-au-maroc\/","og_site_name":"Dpress.ma\/fr","article_published_time":"2026-09-05T10:04:09+00:00","article_modified_time":"2026-09-05T10:04:12+00:00","og_image":[{"width":2539,"height":1594,"url":"https:\/\/dpress.ma\/fr\/wp-content\/uploads\/sites\/2\/2026\/09\/9-1.jpg","type":"image\/jpeg"}],"author":"Dpress.ma","twitter_card":"summary_large_image","twitter_misc":{"\u00c9crit par":"Dpress.ma","Dur\u00e9e de lecture estim\u00e9e":"2 minutes"},"schema":{"@context":"https:\/\/schema.org","@graph":[{"@type":"Article","@id":"https:\/\/dpress.ma\/fr\/2026\/09\/05\/narsa-le-31-decembre-2026-nest-pas-une-echeance-generale-pour-le-remplacement-de-toutes-les-plaques-dimmatriculation-des-vehicules-au-maroc\/#article","isPartOf":{"@id":"https:\/\/dpress.ma\/fr\/2026\/09\/05\/narsa-le-31-decembre-2026-nest-pas-une-echeance-generale-pour-le-remplacement-de-toutes-les-plaques-dimmatriculation-des-vehicules-au-maroc\/"},"author":{"name":"Dpress.ma","@id":"https:\/\/dpress.ma\/fr\/#\/schema\/person\/4898febf3ccd59e6578d838656a306a0"},"headline":"NARSA: le 31 d\u00e9cembre 2026 n\u2019est pas une \u00e9ch\u00e9ance g\u00e9n\u00e9rale pour le remplacement de toutes les plaques d\u2019immatriculation des v\u00e9hicules au Maroc","datePublished":"2026-09-05T10:04:09+00:00","dateModified":"2026-09-05T10:04:12+00:00","mainEntityOfPage":{"@id":"https:\/\/dpress.ma\/fr\/2026\/09\/05\/narsa-le-31-decembre-2026-nest-pas-une-echeance-generale-pour-le-remplacement-de-toutes-les-plaques-dimmatriculation-des-vehicules-au-maroc\/"},"wordCount":309,"commentCount":0,"image":{"@id":"https:\/\/dpress.ma\/fr\/2026\/09\/05\/narsa-le-31-decembre-2026-nest-pas-une-echeance-generale-pour-le-remplacement-de-toutes-les-plaques-dimmatriculation-des-vehicules-au-maroc\/#primaryimage"},"thumbnailUrl":"https:\/\/dpress.ma\/fr\/wp-content\/uploads\/sites\/2\/2026\/09\/9-1.jpg","articleSection":["societe et regions"],"inLanguage":"fr-FR","potentialAction":[{"@type":"CommentAction","name":"Comment","target":["https:\/\/dpress.ma\/fr\/2026\/09\/05\/narsa-le-31-decembre-2026-nest-pas-une-echeance-generale-pour-le-remplacement-de-toutes-les-plaques-dimmatriculation-des-vehicules-au-maroc\/#respond"]}]},{"@type":"WebPage","@id":"https:\/\/dpress.ma\/fr\/2026\/09\/05\/narsa-le-31-decembre-2026-nest-pas-une-echeance-generale-pour-le-remplacement-de-toutes-les-plaques-dimmatriculation-des-vehicules-au-maroc\/","url":"https:\/\/dpress.ma\/fr\/2026\/09\/05\/narsa-le-31-decembre-2026-nest-pas-une-echeance-generale-pour-le-remplacement-de-toutes-les-plaques-dimmatriculation-des-vehicules-au-maroc\/","name":"NARSA: le 31 d\u00e9cembre 2026 n\u2019est pas une \u00e9ch\u00e9ance g\u00e9n\u00e9rale pour le remplacement de toutes les plaques d\u2019immatriculation des v\u00e9hicules au Maroc - Dpress.ma\/fr","isPartOf":{"@id":"https:\/\/dpress.ma\/fr\/#website"},"primaryImageOfPage":{"@id":"https:\/\/dpress.ma\/fr\/2026\/09\/05\/narsa-le-31-decembre-2026-nest-pas-une-echeance-generale-pour-le-remplacement-de-toutes-les-plaques-dimmatriculation-des-vehicules-au-maroc\/#primaryimage"},"image":{"@id":"https:\/\/dpress.ma\/fr\/2026\/09\/05\/narsa-le-31-decembre-2026-nest-pas-une-echeance-generale-pour-le-remplacement-de-toutes-les-plaques-dimmatriculation-des-vehicules-au-maroc\/#primaryimage"},"thumbnailUrl":"https:\/\/dpress.ma\/fr\/wp-content\/uploads\/sites\/2\/2026\/09\/9-1.jpg","datePublished":"2026-09-05T10:04:09+00:00","dateModified":"2026-09-05T10:04:12+00:00","author":{"@id":"https:\/\/dpress.ma\/fr\/#\/schema\/person\/4898febf3ccd59e6578d838656a306a0"},"breadcrumb":{"@id":"https:\/\/dpress.ma\/fr\/2026\/09\/05\/narsa-le-31-decembre-2026-nest-pas-une-echeance-generale-pour-le-remplacement-de-toutes-les-plaques-dimmatriculation-des-vehicules-au-maroc\/#breadcrumb"},"inLanguage":"fr-FR","potentialAction":[{"@type":"ReadAction","target":["https:\/\/dpress.ma\/fr\/2026\/09\/05\/narsa-le-31-decembre-2026-nest-pas-une-echeance-generale-pour-le-remplacement-de-toutes-les-plaques-dimmatriculation-des-vehicules-au-maroc\/"]}]},{"@type":"ImageObject","inLanguage":"fr-FR","@id":"https:\/\/dpress.ma\/fr\/2026\/09\/05\/narsa-le-31-decembre-2026-nest-pas-une-echeance-generale-pour-le-remplacement-de-toutes-les-plaques-dimmatriculation-des-vehicules-au-maroc\/#primaryimage","url":"https:\/\/dpress.ma\/fr\/wp-content\/uploads\/sites\/2\/2026\/09\/9-1.jpg","contentUrl":"https:\/\/dpress.ma\/fr\/wp-content\/uploads\/sites\/2\/2026\/09\/9-1.jpg","width":2539,"height":1594},{"@type":"BreadcrumbList","@id":"https:\/\/dpress.ma\/fr\/2026\/09\/05\/narsa-le-31-decembre-2026-nest-pas-une-echeance-generale-pour-le-remplacement-de-toutes-les-plaques-dimmatriculation-des-vehicules-au-maroc\/#breadcrumb","itemListElement":[{"@type":"ListItem","position":1,"name":"Home","item":"https:\/\/dpress.ma\/fr\/"},{"@type":"ListItem","position":2,"name":"NARSA: le 31 d\u00e9cembre 2026 n\u2019est pas une \u00e9ch\u00e9ance g\u00e9n\u00e9rale pour le remplacement de toutes les plaques d\u2019immatriculation des v\u00e9hicules au Maroc"}]},{"@type":"WebSite","@id":"https:\/\/dpress.ma\/fr\/#website","url":"https:\/\/dpress.ma\/fr\/","name":"Dpress.ma\/fr","description":"","potentialAction":[{"@type":"SearchAction","target":{"@type":"EntryPoint","urlTemplate":"https:\/\/dpress.ma\/fr\/?s={search_term_string}"},"query-input":{"@type":"PropertyValueSpecification","valueRequired":true,"valueName":"search_term_string"}}],"inLanguage":"fr-FR"},{"@type":"Person","@id":"https:\/\/dpress.ma\/fr\/#\/schema\/person\/4898febf3ccd59e6578d838656a306a0","name":"Dpress.ma","image":{"@type":"ImageObject","inLanguage":"fr-FR","@id":"https:\/\/secure.gravatar.com\/avatar\/72ecc30e9db047a2e0e7176561eb9d564ed77c8108376495b19bd8336405198a?s=96&d=mm&r=g","url":"https:\/\/secure.gravatar.com\/avatar\/72ecc30e9db047a2e0e7176561eb9d564ed77c8108376495b19bd8336405198a?s=96&d=mm&r=g","contentUrl":"https:\/\/secure.gravatar.com\/avatar\/72ecc30e9db047a2e0e7176561eb9d564ed77c8108376495b19bd8336405198a?s=96&d=mm&r=g","caption":"Dpress.ma"},"sameAs":["https:\/\/www.dpress.ma"],"url":"https:\/\/dpress.ma\/fr\/author\/dpress-ma\/"}]}},"amp_enabled":true,"_links":{"self":[{"href":"https:\/\/dpress.ma\/fr\/wp-json\/wp\/v2\/posts\/39013","targetHints":{"allow":["GET"]}}],"collection":[{"href":"https:\/\/dpress.ma\/fr\/wp-json\/wp\/v2\/posts"}],"about":[{"href":"https:\/\/dpress.ma\/fr\/wp-json\/wp\/v2\/types\/post"}],"author":[{"embeddable":true,"href":"https:\/\/dpress.ma\/fr\/wp-json\/wp\/v2\/users\/2"}],"replies":[{"embeddable":true,"href":"https:\/\/dpress.ma\/fr\/wp-json\/wp\/v2\/comments?post=39013"}],"version-history":[{"count":1,"href":"https:\/\/dpress.ma\/fr\/wp-json\/wp\/v2\/posts\/39013\/revisions"}],"predecessor-version":[{"id":39015,"href":"https:\/\/dpress.ma\/fr\/wp-json\/wp\/v2\/posts\/39013\/revisions\/39015"}],"wp:featuredmedia":[{"embeddable":true,"href":"https:\/\/dpress.ma\/fr\/wp-json\/wp\/v2\/media\/39014"}],"wp:attachment":[{"href":"https:\/\/dpress.ma\/fr\/wp-json\/wp\/v2\/media?parent=39013"}],"wp:term":[{"taxonomy":"category","embeddable":true,"href":"https:\/\/dpress.ma\/fr\/wp-json\/wp\/v2\/categories?post=39013"},{"taxonomy":"post_tag","embeddable":true,"href":"https:\/\/dpress.ma\/fr\/wp-json\/wp\/v2\/tags?post=39013"}],"curies":[{"name":"wp","href":"https:\/\/api.w.org\/{rel}","templated":true}]}}