{"id":3900,"date":"2023-03-07T15:05:59","date_gmt":"2023-03-07T15:05:59","guid":{"rendered":"https:\/\/dpress.ma\/fr\/?p=3900"},"modified":"2023-03-07T15:06:00","modified_gmt":"2023-03-07T15:06:00","slug":"la-dg-du-fmi-recommande-daccorder-une-ligne-de-credit-au-maroc","status":"publish","type":"post","link":"https:\/\/dpress.ma\/fr\/2023\/03\/07\/la-dg-du-fmi-recommande-daccorder-une-ligne-de-credit-au-maroc\/","title":{"rendered":"La DG du FMI recommande d\u2019accorder une ligne de cr\u00e9dit au Maroc"},"content":{"rendered":"\n<p>Dpress<\/p>\n\n\n\n<p>La Directrice g\u00e9n\u00e9rale du Fonds mon\u00e9taire international (FMI), Kristalina Georgieva va recommander au Conseil d\u2019administration du FMI d\u2019accorder au Maroc une ligne de cr\u00e9dit modulable de 5 milliards de dollars sur deux ans, indique lundi un communiqu\u00e9 du Fonds publi\u00e9 \u00e0 Washington.<\/p>\n\n\n\n<p>\u00ab&nbsp;Compte tenu de la solidit\u00e9 des cadres de politique \u00e9conomique et du bilan du Maroc, la directrice g\u00e9n\u00e9rale du FMI, Kristalina Georgieva, a l\u2019intention de recommander l\u2019approbation d\u2019un accord au titre de la ligne de cr\u00e9dit modulable en faveur du Maroc lorsque le conseil d\u2019administration du FMI se r\u00e9unira de nouveau dans les prochaines semaines pour prendre une d\u00e9cision\u201d, indique l\u2019institution financi\u00e8re internationale.<\/p>\n\n\n\n<p>Selon le communiqu\u00e9, \u201cle conseil d\u2019administration du FMI s\u2019est r\u00e9uni aujourd\u2019hui en s\u00e9ance informelle afin d\u2019examiner une demande des autorit\u00e9s marocaines relative \u00e0 un accord biennal au titre de la ligne de cr\u00e9dit modulable (LCM) avec le FMI, pour un montant \u00e9quivalent \u00e0 3,7 262 milliards de DTS (environ 417 % de la quote-part du Maroc, soit 5 milliards de dollars)\u201d.<\/p>\n\n\n\n<p>\u201cCette ligne de cr\u00e9dit aide les pays \u00e0 se pr\u00e9munir contre des chocs ext\u00e9rieurs en adoptant des cadres de politique \u00e9conomique tr\u00e8s solides et en \u00e9tablissant un bilan de bons r\u00e9sultats \u00e9conomiques gr\u00e2ce \u00e0 un acc\u00e8s consid\u00e9rable et imm\u00e9diat \u00e0 des ressources du FMI, sans conditionnalit\u00e9 a posteriori\u201d, pr\u00e9cise le Fonds, ajoutant que les autorit\u00e9s marocaines ont \u201cl\u2019intention de traiter la ligne de cr\u00e9dit comme un dispositif de pr\u00e9caution\u201d.<\/p>\n\n\n\n<p>\u201cLe FMI est dispos\u00e9 \u00e0 continuer d\u2019aider le Maroc \u00e0 faire face aux risques d\u00e9coulant d\u2019une conjoncture mondiale tr\u00e8s incertaine\u201d, conclut le communiqu\u00e9.<\/p>\n\n\n\n<p>Le Wali de Bank Al-Maghrib, Abdellatif Jouahri, avait annonc\u00e9 qu\u2019une ligne de cr\u00e9dit modulable avec le FMI est envisag\u00e9e en mars 2023. Lors du point de presse \u00e0 l\u2019issue de la 4e et derni\u00e8re r\u00e9union trimestrielle de 2022 de BAM, M. Jouahri a expliqu\u00e9 que ce \u00ab&nbsp;m\u00e9canisme de financement est r\u00e9put\u00e9 pour sa souplesse et assure aux pays admissibles l\u2019acc\u00e8s imm\u00e9diat \u00e0 un montant \u00e9lev\u00e9 de ressources du FMI sans conditionnalit\u00e9 continue&nbsp;\u00bb.<\/p>\n\n\n\n<p>L\u2019\u00e9ligibilit\u00e9 du Maroc \u00e0 la LCM d\u00e9pendra en grande partie de sa sortie de la liste grise du Groupe d\u2019action financi\u00e8re (GAFI), avait encore pr\u00e9cis\u00e9 le gouverneur de la Banque centrale.<\/p>\n\n\n\n<p>Le Groupe d\u2019Action Financi\u00e8re a d\u00e9cid\u00e9, \u00e0 l\u2019unanimit\u00e9 de ses membres, la sortie du Maroc de la liste grise, et ce lors de l\u2019Assembl\u00e9e G\u00e9n\u00e9rale du GAFI, tenue \u00e0 Paris, du 20 au 24 f\u00e9vrier 2023.<\/p>\n","protected":false},"excerpt":{"rendered":"<p>Dpress La Directrice g\u00e9n\u00e9rale du Fonds mon\u00e9taire international (FMI), Kristalina Georgieva va recommander au Conseil d\u2019administration du FMI d\u2019accorder au Maroc une ligne de cr\u00e9dit modulable de 5 milliards de dollars sur deux ans, indique lundi un communiqu\u00e9 du Fonds publi\u00e9 \u00e0 Washington. \u00ab&nbsp;Compte tenu de la solidit\u00e9 des cadres de politique \u00e9conomique et du &hellip;<\/p>\n","protected":false},"author":2,"featured_media":3901,"comment_status":"open","ping_status":"open","sticky":false,"template":"","format":"standard","meta":{"footnotes":""},"categories":[25],"tags":[],"class_list":["post-3900","post","type-post","status-publish","format-standard","has-post-thumbnail","hentry","category-economie"],"yoast_head":"<!-- This site is optimized with the Yoast SEO plugin v27.5 - https:\/\/yoast.com\/product\/yoast-seo-wordpress\/ -->\n<title>La DG du FMI recommande d\u2019accorder une ligne de cr\u00e9dit au Maroc - Dpress.ma\/fr<\/title>\n<meta name=\"description\" content=\"La Directrice g\u00e9n\u00e9rale du Fonds mon\u00e9taire international (FMI), Kristalina Georgieva va recommander au Conseil d\u2019administration du FMI d\u2019accorder au Maroc une ligne de cr\u00e9dit modulable de 5 milliards de dollars sur deux ans, indique lundi un communiqu\u00e9 du Fonds publi\u00e9 \u00e0 Washington.\" \/>\n<meta name=\"robots\" content=\"index, follow, max-snippet:-1, max-image-preview:large, max-video-preview:-1\" \/>\n<link rel=\"canonical\" href=\"https:\/\/dpress.ma\/fr\/2023\/03\/07\/la-dg-du-fmi-recommande-daccorder-une-ligne-de-credit-au-maroc\/\" \/>\n<meta property=\"og:locale\" content=\"fr_FR\" \/>\n<meta property=\"og:type\" content=\"article\" \/>\n<meta property=\"og:title\" content=\"La DG du FMI recommande d\u2019accorder une ligne de cr\u00e9dit au Maroc - Dpress.ma\/fr\" \/>\n<meta property=\"og:description\" content=\"La Directrice g\u00e9n\u00e9rale du Fonds mon\u00e9taire international (FMI), Kristalina Georgieva va recommander au Conseil d\u2019administration du FMI d\u2019accorder au Maroc une ligne de cr\u00e9dit modulable de 5 milliards de dollars sur deux ans, indique lundi un communiqu\u00e9 du Fonds publi\u00e9 \u00e0 Washington.\" \/>\n<meta property=\"og:url\" content=\"https:\/\/dpress.ma\/fr\/2023\/03\/07\/la-dg-du-fmi-recommande-daccorder-une-ligne-de-credit-au-maroc\/\" \/>\n<meta property=\"og:site_name\" content=\"Dpress.ma\/fr\" \/>\n<meta property=\"article:published_time\" content=\"2023-03-07T15:05:59+00:00\" \/>\n<meta property=\"article:modified_time\" content=\"2023-03-07T15:06:00+00:00\" \/>\n<meta property=\"og:image\" content=\"https:\/\/dpress.ma\/fr\/wp-content\/uploads\/sites\/2\/2023\/03\/dimensions2-11.jpg\" \/>\n\t<meta property=\"og:image:width\" content=\"2539\" \/>\n\t<meta property=\"og:image:height\" content=\"1594\" \/>\n\t<meta property=\"og:image:type\" content=\"image\/jpeg\" \/>\n<meta name=\"author\" content=\"Dpress.ma\" \/>\n<meta name=\"twitter:card\" content=\"summary_large_image\" \/>\n<meta name=\"twitter:label1\" content=\"\u00c9crit par\" \/>\n\t<meta name=\"twitter:data1\" content=\"Dpress.ma\" \/>\n\t<meta name=\"twitter:label2\" content=\"Dur\u00e9e de lecture estim\u00e9e\" \/>\n\t<meta name=\"twitter:data2\" content=\"3 minutes\" \/>\n<script type=\"application\/ld+json\" class=\"yoast-schema-graph\">{\"@context\":\"https:\\\/\\\/schema.org\",\"@graph\":[{\"@type\":\"Article\",\"@id\":\"https:\\\/\\\/dpress.ma\\\/fr\\\/2023\\\/03\\\/07\\\/la-dg-du-fmi-recommande-daccorder-une-ligne-de-credit-au-maroc\\\/#article\",\"isPartOf\":{\"@id\":\"https:\\\/\\\/dpress.ma\\\/fr\\\/2023\\\/03\\\/07\\\/la-dg-du-fmi-recommande-daccorder-une-ligne-de-credit-au-maroc\\\/\"},\"author\":{\"name\":\"Dpress.ma\",\"@id\":\"https:\\\/\\\/dpress.ma\\\/fr\\\/#\\\/schema\\\/person\\\/4898febf3ccd59e6578d838656a306a0\"},\"headline\":\"La DG du FMI recommande d\u2019accorder une ligne de cr\u00e9dit au Maroc\",\"datePublished\":\"2023-03-07T15:05:59+00:00\",\"dateModified\":\"2023-03-07T15:06:00+00:00\",\"mainEntityOfPage\":{\"@id\":\"https:\\\/\\\/dpress.ma\\\/fr\\\/2023\\\/03\\\/07\\\/la-dg-du-fmi-recommande-daccorder-une-ligne-de-credit-au-maroc\\\/\"},\"wordCount\":459,\"commentCount\":0,\"image\":{\"@id\":\"https:\\\/\\\/dpress.ma\\\/fr\\\/2023\\\/03\\\/07\\\/la-dg-du-fmi-recommande-daccorder-une-ligne-de-credit-au-maroc\\\/#primaryimage\"},\"thumbnailUrl\":\"https:\\\/\\\/dpress.ma\\\/fr\\\/wp-content\\\/uploads\\\/sites\\\/2\\\/2023\\\/03\\\/dimensions2-11.jpg\",\"articleSection\":[\"\u00c9conomie\"],\"inLanguage\":\"fr-FR\",\"potentialAction\":[{\"@type\":\"CommentAction\",\"name\":\"Comment\",\"target\":[\"https:\\\/\\\/dpress.ma\\\/fr\\\/2023\\\/03\\\/07\\\/la-dg-du-fmi-recommande-daccorder-une-ligne-de-credit-au-maroc\\\/#respond\"]}]},{\"@type\":\"WebPage\",\"@id\":\"https:\\\/\\\/dpress.ma\\\/fr\\\/2023\\\/03\\\/07\\\/la-dg-du-fmi-recommande-daccorder-une-ligne-de-credit-au-maroc\\\/\",\"url\":\"https:\\\/\\\/dpress.ma\\\/fr\\\/2023\\\/03\\\/07\\\/la-dg-du-fmi-recommande-daccorder-une-ligne-de-credit-au-maroc\\\/\",\"name\":\"La DG du FMI recommande d\u2019accorder une ligne de cr\u00e9dit au Maroc - Dpress.ma\\\/fr\",\"isPartOf\":{\"@id\":\"https:\\\/\\\/dpress.ma\\\/fr\\\/#website\"},\"primaryImageOfPage\":{\"@id\":\"https:\\\/\\\/dpress.ma\\\/fr\\\/2023\\\/03\\\/07\\\/la-dg-du-fmi-recommande-daccorder-une-ligne-de-credit-au-maroc\\\/#primaryimage\"},\"image\":{\"@id\":\"https:\\\/\\\/dpress.ma\\\/fr\\\/2023\\\/03\\\/07\\\/la-dg-du-fmi-recommande-daccorder-une-ligne-de-credit-au-maroc\\\/#primaryimage\"},\"thumbnailUrl\":\"https:\\\/\\\/dpress.ma\\\/fr\\\/wp-content\\\/uploads\\\/sites\\\/2\\\/2023\\\/03\\\/dimensions2-11.jpg\",\"datePublished\":\"2023-03-07T15:05:59+00:00\",\"dateModified\":\"2023-03-07T15:06:00+00:00\",\"author\":{\"@id\":\"https:\\\/\\\/dpress.ma\\\/fr\\\/#\\\/schema\\\/person\\\/4898febf3ccd59e6578d838656a306a0\"},\"description\":\"La Directrice g\u00e9n\u00e9rale du Fonds mon\u00e9taire international (FMI), Kristalina Georgieva va recommander au Conseil d\u2019administration du FMI d\u2019accorder au Maroc une ligne de cr\u00e9dit modulable de 5 milliards de dollars sur deux ans, indique lundi un communiqu\u00e9 du Fonds publi\u00e9 \u00e0 Washington.\",\"breadcrumb\":{\"@id\":\"https:\\\/\\\/dpress.ma\\\/fr\\\/2023\\\/03\\\/07\\\/la-dg-du-fmi-recommande-daccorder-une-ligne-de-credit-au-maroc\\\/#breadcrumb\"},\"inLanguage\":\"fr-FR\",\"potentialAction\":[{\"@type\":\"ReadAction\",\"target\":[\"https:\\\/\\\/dpress.ma\\\/fr\\\/2023\\\/03\\\/07\\\/la-dg-du-fmi-recommande-daccorder-une-ligne-de-credit-au-maroc\\\/\"]}]},{\"@type\":\"ImageObject\",\"inLanguage\":\"fr-FR\",\"@id\":\"https:\\\/\\\/dpress.ma\\\/fr\\\/2023\\\/03\\\/07\\\/la-dg-du-fmi-recommande-daccorder-une-ligne-de-credit-au-maroc\\\/#primaryimage\",\"url\":\"https:\\\/\\\/dpress.ma\\\/fr\\\/wp-content\\\/uploads\\\/sites\\\/2\\\/2023\\\/03\\\/dimensions2-11.jpg\",\"contentUrl\":\"https:\\\/\\\/dpress.ma\\\/fr\\\/wp-content\\\/uploads\\\/sites\\\/2\\\/2023\\\/03\\\/dimensions2-11.jpg\",\"width\":2539,\"height\":1594},{\"@type\":\"BreadcrumbList\",\"@id\":\"https:\\\/\\\/dpress.ma\\\/fr\\\/2023\\\/03\\\/07\\\/la-dg-du-fmi-recommande-daccorder-une-ligne-de-credit-au-maroc\\\/#breadcrumb\",\"itemListElement\":[{\"@type\":\"ListItem\",\"position\":1,\"name\":\"Home\",\"item\":\"https:\\\/\\\/dpress.ma\\\/fr\\\/\"},{\"@type\":\"ListItem\",\"position\":2,\"name\":\"La DG du FMI recommande d\u2019accorder une ligne de cr\u00e9dit au Maroc\"}]},{\"@type\":\"WebSite\",\"@id\":\"https:\\\/\\\/dpress.ma\\\/fr\\\/#website\",\"url\":\"https:\\\/\\\/dpress.ma\\\/fr\\\/\",\"name\":\"Dpress.ma\\\/fr\",\"description\":\"\",\"potentialAction\":[{\"@type\":\"SearchAction\",\"target\":{\"@type\":\"EntryPoint\",\"urlTemplate\":\"https:\\\/\\\/dpress.ma\\\/fr\\\/?s={search_term_string}\"},\"query-input\":{\"@type\":\"PropertyValueSpecification\",\"valueRequired\":true,\"valueName\":\"search_term_string\"}}],\"inLanguage\":\"fr-FR\"},{\"@type\":\"Person\",\"@id\":\"https:\\\/\\\/dpress.ma\\\/fr\\\/#\\\/schema\\\/person\\\/4898febf3ccd59e6578d838656a306a0\",\"name\":\"Dpress.ma\",\"image\":{\"@type\":\"ImageObject\",\"inLanguage\":\"fr-FR\",\"@id\":\"https:\\\/\\\/secure.gravatar.com\\\/avatar\\\/72ecc30e9db047a2e0e7176561eb9d564ed77c8108376495b19bd8336405198a?s=96&d=mm&r=g\",\"url\":\"https:\\\/\\\/secure.gravatar.com\\\/avatar\\\/72ecc30e9db047a2e0e7176561eb9d564ed77c8108376495b19bd8336405198a?s=96&d=mm&r=g\",\"contentUrl\":\"https:\\\/\\\/secure.gravatar.com\\\/avatar\\\/72ecc30e9db047a2e0e7176561eb9d564ed77c8108376495b19bd8336405198a?s=96&d=mm&r=g\",\"caption\":\"Dpress.ma\"},\"sameAs\":[\"https:\\\/\\\/www.dpress.ma\"],\"url\":\"https:\\\/\\\/dpress.ma\\\/fr\\\/author\\\/dpress-ma\\\/\"}]}<\/script>\n<!-- \/ Yoast SEO plugin. -->","yoast_head_json":{"title":"La DG du FMI recommande d\u2019accorder une ligne de cr\u00e9dit au Maroc - Dpress.ma\/fr","description":"La Directrice g\u00e9n\u00e9rale du Fonds mon\u00e9taire international (FMI), Kristalina Georgieva va recommander au Conseil d\u2019administration du FMI d\u2019accorder au Maroc une ligne de cr\u00e9dit modulable de 5 milliards de dollars sur deux ans, indique lundi un communiqu\u00e9 du Fonds publi\u00e9 \u00e0 Washington.","robots":{"index":"index","follow":"follow","max-snippet":"max-snippet:-1","max-image-preview":"max-image-preview:large","max-video-preview":"max-video-preview:-1"},"canonical":"https:\/\/dpress.ma\/fr\/2023\/03\/07\/la-dg-du-fmi-recommande-daccorder-une-ligne-de-credit-au-maroc\/","og_locale":"fr_FR","og_type":"article","og_title":"La DG du FMI recommande d\u2019accorder une ligne de cr\u00e9dit au Maroc - Dpress.ma\/fr","og_description":"La Directrice g\u00e9n\u00e9rale du Fonds mon\u00e9taire international (FMI), Kristalina Georgieva va recommander au Conseil d\u2019administration du FMI d\u2019accorder au Maroc une ligne de cr\u00e9dit modulable de 5 milliards de dollars sur deux ans, indique lundi un communiqu\u00e9 du Fonds publi\u00e9 \u00e0 Washington.","og_url":"https:\/\/dpress.ma\/fr\/2023\/03\/07\/la-dg-du-fmi-recommande-daccorder-une-ligne-de-credit-au-maroc\/","og_site_name":"Dpress.ma\/fr","article_published_time":"2023-03-07T15:05:59+00:00","article_modified_time":"2023-03-07T15:06:00+00:00","og_image":[{"width":2539,"height":1594,"url":"https:\/\/dpress.ma\/fr\/wp-content\/uploads\/sites\/2\/2023\/03\/dimensions2-11.jpg","type":"image\/jpeg"}],"author":"Dpress.ma","twitter_card":"summary_large_image","twitter_misc":{"\u00c9crit par":"Dpress.ma","Dur\u00e9e de lecture estim\u00e9e":"3 minutes"},"schema":{"@context":"https:\/\/schema.org","@graph":[{"@type":"Article","@id":"https:\/\/dpress.ma\/fr\/2023\/03\/07\/la-dg-du-fmi-recommande-daccorder-une-ligne-de-credit-au-maroc\/#article","isPartOf":{"@id":"https:\/\/dpress.ma\/fr\/2023\/03\/07\/la-dg-du-fmi-recommande-daccorder-une-ligne-de-credit-au-maroc\/"},"author":{"name":"Dpress.ma","@id":"https:\/\/dpress.ma\/fr\/#\/schema\/person\/4898febf3ccd59e6578d838656a306a0"},"headline":"La DG du FMI recommande d\u2019accorder une ligne de cr\u00e9dit au Maroc","datePublished":"2023-03-07T15:05:59+00:00","dateModified":"2023-03-07T15:06:00+00:00","mainEntityOfPage":{"@id":"https:\/\/dpress.ma\/fr\/2023\/03\/07\/la-dg-du-fmi-recommande-daccorder-une-ligne-de-credit-au-maroc\/"},"wordCount":459,"commentCount":0,"image":{"@id":"https:\/\/dpress.ma\/fr\/2023\/03\/07\/la-dg-du-fmi-recommande-daccorder-une-ligne-de-credit-au-maroc\/#primaryimage"},"thumbnailUrl":"https:\/\/dpress.ma\/fr\/wp-content\/uploads\/sites\/2\/2023\/03\/dimensions2-11.jpg","articleSection":["\u00c9conomie"],"inLanguage":"fr-FR","potentialAction":[{"@type":"CommentAction","name":"Comment","target":["https:\/\/dpress.ma\/fr\/2023\/03\/07\/la-dg-du-fmi-recommande-daccorder-une-ligne-de-credit-au-maroc\/#respond"]}]},{"@type":"WebPage","@id":"https:\/\/dpress.ma\/fr\/2023\/03\/07\/la-dg-du-fmi-recommande-daccorder-une-ligne-de-credit-au-maroc\/","url":"https:\/\/dpress.ma\/fr\/2023\/03\/07\/la-dg-du-fmi-recommande-daccorder-une-ligne-de-credit-au-maroc\/","name":"La DG du FMI recommande d\u2019accorder une ligne de cr\u00e9dit au Maroc - Dpress.ma\/fr","isPartOf":{"@id":"https:\/\/dpress.ma\/fr\/#website"},"primaryImageOfPage":{"@id":"https:\/\/dpress.ma\/fr\/2023\/03\/07\/la-dg-du-fmi-recommande-daccorder-une-ligne-de-credit-au-maroc\/#primaryimage"},"image":{"@id":"https:\/\/dpress.ma\/fr\/2023\/03\/07\/la-dg-du-fmi-recommande-daccorder-une-ligne-de-credit-au-maroc\/#primaryimage"},"thumbnailUrl":"https:\/\/dpress.ma\/fr\/wp-content\/uploads\/sites\/2\/2023\/03\/dimensions2-11.jpg","datePublished":"2023-03-07T15:05:59+00:00","dateModified":"2023-03-07T15:06:00+00:00","author":{"@id":"https:\/\/dpress.ma\/fr\/#\/schema\/person\/4898febf3ccd59e6578d838656a306a0"},"description":"La Directrice g\u00e9n\u00e9rale du Fonds mon\u00e9taire international (FMI), Kristalina Georgieva va recommander au Conseil d\u2019administration du FMI d\u2019accorder au Maroc une ligne de cr\u00e9dit modulable de 5 milliards de dollars sur deux ans, indique lundi un communiqu\u00e9 du Fonds publi\u00e9 \u00e0 Washington.","breadcrumb":{"@id":"https:\/\/dpress.ma\/fr\/2023\/03\/07\/la-dg-du-fmi-recommande-daccorder-une-ligne-de-credit-au-maroc\/#breadcrumb"},"inLanguage":"fr-FR","potentialAction":[{"@type":"ReadAction","target":["https:\/\/dpress.ma\/fr\/2023\/03\/07\/la-dg-du-fmi-recommande-daccorder-une-ligne-de-credit-au-maroc\/"]}]},{"@type":"ImageObject","inLanguage":"fr-FR","@id":"https:\/\/dpress.ma\/fr\/2023\/03\/07\/la-dg-du-fmi-recommande-daccorder-une-ligne-de-credit-au-maroc\/#primaryimage","url":"https:\/\/dpress.ma\/fr\/wp-content\/uploads\/sites\/2\/2023\/03\/dimensions2-11.jpg","contentUrl":"https:\/\/dpress.ma\/fr\/wp-content\/uploads\/sites\/2\/2023\/03\/dimensions2-11.jpg","width":2539,"height":1594},{"@type":"BreadcrumbList","@id":"https:\/\/dpress.ma\/fr\/2023\/03\/07\/la-dg-du-fmi-recommande-daccorder-une-ligne-de-credit-au-maroc\/#breadcrumb","itemListElement":[{"@type":"ListItem","position":1,"name":"Home","item":"https:\/\/dpress.ma\/fr\/"},{"@type":"ListItem","position":2,"name":"La DG du FMI recommande d\u2019accorder une ligne de cr\u00e9dit au Maroc"}]},{"@type":"WebSite","@id":"https:\/\/dpress.ma\/fr\/#website","url":"https:\/\/dpress.ma\/fr\/","name":"Dpress.ma\/fr","description":"","potentialAction":[{"@type":"SearchAction","target":{"@type":"EntryPoint","urlTemplate":"https:\/\/dpress.ma\/fr\/?s={search_term_string}"},"query-input":{"@type":"PropertyValueSpecification","valueRequired":true,"valueName":"search_term_string"}}],"inLanguage":"fr-FR"},{"@type":"Person","@id":"https:\/\/dpress.ma\/fr\/#\/schema\/person\/4898febf3ccd59e6578d838656a306a0","name":"Dpress.ma","image":{"@type":"ImageObject","inLanguage":"fr-FR","@id":"https:\/\/secure.gravatar.com\/avatar\/72ecc30e9db047a2e0e7176561eb9d564ed77c8108376495b19bd8336405198a?s=96&d=mm&r=g","url":"https:\/\/secure.gravatar.com\/avatar\/72ecc30e9db047a2e0e7176561eb9d564ed77c8108376495b19bd8336405198a?s=96&d=mm&r=g","contentUrl":"https:\/\/secure.gravatar.com\/avatar\/72ecc30e9db047a2e0e7176561eb9d564ed77c8108376495b19bd8336405198a?s=96&d=mm&r=g","caption":"Dpress.ma"},"sameAs":["https:\/\/www.dpress.ma"],"url":"https:\/\/dpress.ma\/fr\/author\/dpress-ma\/"}]}},"amp_enabled":true,"_links":{"self":[{"href":"https:\/\/dpress.ma\/fr\/wp-json\/wp\/v2\/posts\/3900","targetHints":{"allow":["GET"]}}],"collection":[{"href":"https:\/\/dpress.ma\/fr\/wp-json\/wp\/v2\/posts"}],"about":[{"href":"https:\/\/dpress.ma\/fr\/wp-json\/wp\/v2\/types\/post"}],"author":[{"embeddable":true,"href":"https:\/\/dpress.ma\/fr\/wp-json\/wp\/v2\/users\/2"}],"replies":[{"embeddable":true,"href":"https:\/\/dpress.ma\/fr\/wp-json\/wp\/v2\/comments?post=3900"}],"version-history":[{"count":1,"href":"https:\/\/dpress.ma\/fr\/wp-json\/wp\/v2\/posts\/3900\/revisions"}],"predecessor-version":[{"id":3902,"href":"https:\/\/dpress.ma\/fr\/wp-json\/wp\/v2\/posts\/3900\/revisions\/3902"}],"wp:featuredmedia":[{"embeddable":true,"href":"https:\/\/dpress.ma\/fr\/wp-json\/wp\/v2\/media\/3901"}],"wp:attachment":[{"href":"https:\/\/dpress.ma\/fr\/wp-json\/wp\/v2\/media?parent=3900"}],"wp:term":[{"taxonomy":"category","embeddable":true,"href":"https:\/\/dpress.ma\/fr\/wp-json\/wp\/v2\/categories?post=3900"},{"taxonomy":"post_tag","embeddable":true,"href":"https:\/\/dpress.ma\/fr\/wp-json\/wp\/v2\/tags?post=3900"}],"curies":[{"name":"wp","href":"https:\/\/api.w.org\/{rel}","templated":true}]}}