{"id":38998,"date":"2026-09-05T09:51:23","date_gmt":"2026-09-05T09:51:23","guid":{"rendered":"https:\/\/dpress.ma\/fr\/?p=38998"},"modified":"2026-09-05T09:51:25","modified_gmt":"2026-09-05T09:51:25","slug":"m-sekkouri-sentretient-a-rabat-avec-le-ministre-yemenite-de-la-formation-professionnelle","status":"publish","type":"post","link":"https:\/\/dpress.ma\/fr\/2026\/09\/05\/m-sekkouri-sentretient-a-rabat-avec-le-ministre-yemenite-de-la-formation-professionnelle\/","title":{"rendered":"M. Sekkouri s\u2019entretient \u00e0 Rabat avec le ministre y\u00e9m\u00e9nite de la Formation professionnelle"},"content":{"rendered":"\n<p class=\"wp-block-paragraph\">Dpress<\/p>\n\n\n\n<p class=\"wp-block-paragraph\">Le ministre de l&rsquo;Inclusion \u00e9conomique, de la Petite Entreprise, de l&rsquo;Emploi et des Comp\u00e9tences, Younes Sekkouri, s\u2019est entretenu, vendredi \u00e0 Rabat, avec le ministre de l&rsquo;Enseignement technique et de la Formation professionnelle du Y\u00e9men, Anwar Mohammed Ali Kalshat al-Mahri.<\/p>\n\n\n\n<p class=\"wp-block-paragraph\">Les entretiens ont port\u00e9 sur les perspectives de renforcer la coop\u00e9ration dans les domaines de la formation professionnelle, de l&rsquo;enseignement technique, de la formation des formateurs et du d\u00e9veloppement des comp\u00e9tences, notamment en ce qui concerne la gouvernance des syst\u00e8mes de formation, l&rsquo;ing\u00e9nierie des programmes d&rsquo;\u00e9tudes, la formation par apprentissage et par alternance entre l&rsquo;\u00e9tablissement de formation et l&rsquo;entreprise, l&rsquo;anticipation des besoins du march\u00e9 du travail en comp\u00e9tences, ainsi que le renforcement de l&#8217;employabilit\u00e9 des jeunes et de leur insertion professionnelle.<\/p>\n\n\n\n<p class=\"wp-block-paragraph\">Cette rencontre a \u00e9t\u00e9 l&rsquo;occasion \u00e9galement de passer en revue l&rsquo;exp\u00e9rience marocaine en mati\u00e8re de modernisation de l&rsquo;offre de formation professionnelle, \u00e0 travers, entre autres, la cr\u00e9ation et le d\u00e9veloppement des Cit\u00e9s des M\u00e9tiers et des Comp\u00e9tences, la consolidation de l&rsquo;ouverture des \u00e9tablissements de formation sur leur environnement \u00e9conomique et la cons\u00e9cration de l&rsquo;ad\u00e9quation de la formation avec les besoins du march\u00e9 du travail.<\/p>\n\n\n\n<p class=\"wp-block-paragraph\">Dans ce sillage, les deux parties ont convenu de la cr\u00e9ation d\u2019une commission mixte de suivi et de mise en oeuvre, charg\u00e9e d\u2019accompagner l\u2019ex\u00e9cution des dispositions de l\u2019accord-cadre et de l&rsquo;accord d&rsquo;ex\u00e9cution, de mani\u00e8re \u00e0 garantir la concr\u00e9tisation des engagements convenus et \u00e0 renforcer la coordination entre les deux parties, particuli\u00e8rement dans les domaines de l\u2019\u00e9change des expertises, du renforcement des capacit\u00e9s des cadres et des formateurs, du partage des m\u00e9thodes p\u00e9dagogiques, ainsi que l\u2019\u00e9tude de projets conjoints dans des domaines d\u2019int\u00e9r\u00eat commun.<\/p>\n\n\n\n<p class=\"wp-block-paragraph\">Dans une d\u00e9claration \u00e0 la presse, M. Sekkouri a indiqu\u00e9 que la visite de la d\u00e9l\u00e9gation y\u00e9m\u00e9nite au Maroc a constitu\u00e9 une occasion de s\u2019enqu\u00e9rir de pr\u00e8s de l&rsquo;exp\u00e9rience marocaine dans le domaine de la formation professionnelle et du d\u00e9veloppement des comp\u00e9tences, \u00e0 travers un programme comprenant des rencontres avec plusieurs responsables, cadres et institutions concern\u00e9es, ainsi que des visites de terrain dans des \u00e9tablissements et centres de formation professionnelle et des unit\u00e9s industrielles et \u00e9conomiques.<\/p>\n\n\n\n<p class=\"wp-block-paragraph\">Pour sa part, M. Kalshat Al-Mahri a soulign\u00e9 la volont\u00e9 de son pays de tirer profit de l&rsquo;exp\u00e9rience marocaine dans le domaine de la formation professionnelle en vue de l&rsquo;\u00e9laboration d&rsquo;une strat\u00e9gie de d\u00e9veloppement de l&rsquo;enseignement technique et de la formation professionnelle au Y\u00e9men.<\/p>\n\n\n\n<p class=\"wp-block-paragraph\">Cette visite de travail s&rsquo;inscrit dans le cadre du raffermissement de la coop\u00e9ration bilat\u00e9rale et du renforcement du partenariat dans le domaine du d\u00e9veloppement du capital humain, de la qualification des jeunes et du d\u00e9veloppement des comp\u00e9tences, en tant que levier fondamental de l&rsquo;insertion professionnelle et du d\u00e9veloppement \u00e9conomique et social.<\/p>\n","protected":false},"excerpt":{"rendered":"<p>Dpress Le ministre de l&rsquo;Inclusion \u00e9conomique, de la Petite Entreprise, de l&rsquo;Emploi et des Comp\u00e9tences, Younes Sekkouri, s\u2019est entretenu, vendredi \u00e0 Rabat, avec le ministre de l&rsquo;Enseignement technique et de la Formation professionnelle du Y\u00e9men, Anwar Mohammed Ali Kalshat al-Mahri. Les entretiens ont port\u00e9 sur les perspectives de renforcer la coop\u00e9ration dans les domaines de &hellip;<\/p>\n","protected":false},"author":2,"featured_media":38999,"comment_status":"open","ping_status":"open","sticky":false,"template":"","format":"standard","meta":{"footnotes":""},"categories":[33],"tags":[],"class_list":["post-38998","post","type-post","status-publish","format-standard","has-post-thumbnail","hentry","category-diplomatie-parallele"],"yoast_head":"<!-- This site is optimized with the Yoast SEO plugin v28.0 - https:\/\/yoast.com\/product\/yoast-seo-wordpress\/ -->\n<title>M. Sekkouri s\u2019entretient \u00e0 Rabat avec le ministre y\u00e9m\u00e9nite de la Formation professionnelle - Dpress.ma\/fr<\/title>\n<meta name=\"robots\" content=\"index, follow, max-snippet:-1, max-image-preview:large, max-video-preview:-1\" \/>\n<link rel=\"canonical\" href=\"https:\/\/dpress.ma\/fr\/2026\/09\/05\/m-sekkouri-sentretient-a-rabat-avec-le-ministre-yemenite-de-la-formation-professionnelle\/\" \/>\n<meta property=\"og:locale\" content=\"fr_FR\" \/>\n<meta property=\"og:type\" content=\"article\" \/>\n<meta property=\"og:title\" content=\"M. Sekkouri s\u2019entretient \u00e0 Rabat avec le ministre y\u00e9m\u00e9nite de la Formation professionnelle - Dpress.ma\/fr\" \/>\n<meta property=\"og:description\" content=\"Dpress Le ministre de l&rsquo;Inclusion \u00e9conomique, de la Petite Entreprise, de l&rsquo;Emploi et des Comp\u00e9tences, Younes Sekkouri, s\u2019est entretenu, vendredi \u00e0 Rabat, avec le ministre de l&rsquo;Enseignement technique et de la Formation professionnelle du Y\u00e9men, Anwar Mohammed Ali Kalshat al-Mahri. Les entretiens ont port\u00e9 sur les perspectives de renforcer la coop\u00e9ration dans les domaines de &hellip;\" \/>\n<meta property=\"og:url\" content=\"https:\/\/dpress.ma\/fr\/2026\/09\/05\/m-sekkouri-sentretient-a-rabat-avec-le-ministre-yemenite-de-la-formation-professionnelle\/\" \/>\n<meta property=\"og:site_name\" content=\"Dpress.ma\/fr\" \/>\n<meta property=\"article:published_time\" content=\"2026-09-05T09:51:23+00:00\" \/>\n<meta property=\"article:modified_time\" content=\"2026-09-05T09:51:25+00:00\" \/>\n<meta property=\"og:image\" content=\"https:\/\/dpress.ma\/fr\/wp-content\/uploads\/sites\/2\/2026\/09\/Sekkouri.jpg\" \/>\n\t<meta property=\"og:image:width\" content=\"2539\" \/>\n\t<meta property=\"og:image:height\" content=\"1594\" \/>\n\t<meta property=\"og:image:type\" content=\"image\/jpeg\" \/>\n<meta name=\"author\" content=\"Dpress.ma\" \/>\n<meta name=\"twitter:card\" content=\"summary_large_image\" \/>\n<meta name=\"twitter:label1\" content=\"\u00c9crit par\" \/>\n\t<meta name=\"twitter:data1\" content=\"Dpress.ma\" \/>\n\t<meta name=\"twitter:label2\" content=\"Dur\u00e9e de lecture estim\u00e9e\" \/>\n\t<meta name=\"twitter:data2\" content=\"3 minutes\" \/>\n<script type=\"application\/ld+json\" class=\"yoast-schema-graph\">{\"@context\":\"https:\\\/\\\/schema.org\",\"@graph\":[{\"@type\":\"Article\",\"@id\":\"https:\\\/\\\/dpress.ma\\\/fr\\\/2026\\\/09\\\/05\\\/m-sekkouri-sentretient-a-rabat-avec-le-ministre-yemenite-de-la-formation-professionnelle\\\/#article\",\"isPartOf\":{\"@id\":\"https:\\\/\\\/dpress.ma\\\/fr\\\/2026\\\/09\\\/05\\\/m-sekkouri-sentretient-a-rabat-avec-le-ministre-yemenite-de-la-formation-professionnelle\\\/\"},\"author\":{\"name\":\"Dpress.ma\",\"@id\":\"https:\\\/\\\/dpress.ma\\\/fr\\\/#\\\/schema\\\/person\\\/4898febf3ccd59e6578d838656a306a0\"},\"headline\":\"M. Sekkouri s\u2019entretient \u00e0 Rabat avec le ministre y\u00e9m\u00e9nite de la Formation professionnelle\",\"datePublished\":\"2026-09-05T09:51:23+00:00\",\"dateModified\":\"2026-09-05T09:51:25+00:00\",\"mainEntityOfPage\":{\"@id\":\"https:\\\/\\\/dpress.ma\\\/fr\\\/2026\\\/09\\\/05\\\/m-sekkouri-sentretient-a-rabat-avec-le-ministre-yemenite-de-la-formation-professionnelle\\\/\"},\"wordCount\":511,\"commentCount\":0,\"image\":{\"@id\":\"https:\\\/\\\/dpress.ma\\\/fr\\\/2026\\\/09\\\/05\\\/m-sekkouri-sentretient-a-rabat-avec-le-ministre-yemenite-de-la-formation-professionnelle\\\/#primaryimage\"},\"thumbnailUrl\":\"https:\\\/\\\/dpress.ma\\\/fr\\\/wp-content\\\/uploads\\\/sites\\\/2\\\/2026\\\/09\\\/Sekkouri.jpg\",\"articleSection\":[\"Diplomatie Parall\u00e8le\"],\"inLanguage\":\"fr-FR\",\"potentialAction\":[{\"@type\":\"CommentAction\",\"name\":\"Comment\",\"target\":[\"https:\\\/\\\/dpress.ma\\\/fr\\\/2026\\\/09\\\/05\\\/m-sekkouri-sentretient-a-rabat-avec-le-ministre-yemenite-de-la-formation-professionnelle\\\/#respond\"]}]},{\"@type\":\"WebPage\",\"@id\":\"https:\\\/\\\/dpress.ma\\\/fr\\\/2026\\\/09\\\/05\\\/m-sekkouri-sentretient-a-rabat-avec-le-ministre-yemenite-de-la-formation-professionnelle\\\/\",\"url\":\"https:\\\/\\\/dpress.ma\\\/fr\\\/2026\\\/09\\\/05\\\/m-sekkouri-sentretient-a-rabat-avec-le-ministre-yemenite-de-la-formation-professionnelle\\\/\",\"name\":\"M. Sekkouri s\u2019entretient \u00e0 Rabat avec le ministre y\u00e9m\u00e9nite de la Formation professionnelle - Dpress.ma\\\/fr\",\"isPartOf\":{\"@id\":\"https:\\\/\\\/dpress.ma\\\/fr\\\/#website\"},\"primaryImageOfPage\":{\"@id\":\"https:\\\/\\\/dpress.ma\\\/fr\\\/2026\\\/09\\\/05\\\/m-sekkouri-sentretient-a-rabat-avec-le-ministre-yemenite-de-la-formation-professionnelle\\\/#primaryimage\"},\"image\":{\"@id\":\"https:\\\/\\\/dpress.ma\\\/fr\\\/2026\\\/09\\\/05\\\/m-sekkouri-sentretient-a-rabat-avec-le-ministre-yemenite-de-la-formation-professionnelle\\\/#primaryimage\"},\"thumbnailUrl\":\"https:\\\/\\\/dpress.ma\\\/fr\\\/wp-content\\\/uploads\\\/sites\\\/2\\\/2026\\\/09\\\/Sekkouri.jpg\",\"datePublished\":\"2026-09-05T09:51:23+00:00\",\"dateModified\":\"2026-09-05T09:51:25+00:00\",\"author\":{\"@id\":\"https:\\\/\\\/dpress.ma\\\/fr\\\/#\\\/schema\\\/person\\\/4898febf3ccd59e6578d838656a306a0\"},\"breadcrumb\":{\"@id\":\"https:\\\/\\\/dpress.ma\\\/fr\\\/2026\\\/09\\\/05\\\/m-sekkouri-sentretient-a-rabat-avec-le-ministre-yemenite-de-la-formation-professionnelle\\\/#breadcrumb\"},\"inLanguage\":\"fr-FR\",\"potentialAction\":[{\"@type\":\"ReadAction\",\"target\":[\"https:\\\/\\\/dpress.ma\\\/fr\\\/2026\\\/09\\\/05\\\/m-sekkouri-sentretient-a-rabat-avec-le-ministre-yemenite-de-la-formation-professionnelle\\\/\"]}]},{\"@type\":\"ImageObject\",\"inLanguage\":\"fr-FR\",\"@id\":\"https:\\\/\\\/dpress.ma\\\/fr\\\/2026\\\/09\\\/05\\\/m-sekkouri-sentretient-a-rabat-avec-le-ministre-yemenite-de-la-formation-professionnelle\\\/#primaryimage\",\"url\":\"https:\\\/\\\/dpress.ma\\\/fr\\\/wp-content\\\/uploads\\\/sites\\\/2\\\/2026\\\/09\\\/Sekkouri.jpg\",\"contentUrl\":\"https:\\\/\\\/dpress.ma\\\/fr\\\/wp-content\\\/uploads\\\/sites\\\/2\\\/2026\\\/09\\\/Sekkouri.jpg\",\"width\":2539,\"height\":1594},{\"@type\":\"BreadcrumbList\",\"@id\":\"https:\\\/\\\/dpress.ma\\\/fr\\\/2026\\\/09\\\/05\\\/m-sekkouri-sentretient-a-rabat-avec-le-ministre-yemenite-de-la-formation-professionnelle\\\/#breadcrumb\",\"itemListElement\":[{\"@type\":\"ListItem\",\"position\":1,\"name\":\"Home\",\"item\":\"https:\\\/\\\/dpress.ma\\\/fr\\\/\"},{\"@type\":\"ListItem\",\"position\":2,\"name\":\"M. Sekkouri s\u2019entretient \u00e0 Rabat avec le ministre y\u00e9m\u00e9nite de la Formation professionnelle\"}]},{\"@type\":\"WebSite\",\"@id\":\"https:\\\/\\\/dpress.ma\\\/fr\\\/#website\",\"url\":\"https:\\\/\\\/dpress.ma\\\/fr\\\/\",\"name\":\"Dpress.ma\\\/fr\",\"description\":\"\",\"potentialAction\":[{\"@type\":\"SearchAction\",\"target\":{\"@type\":\"EntryPoint\",\"urlTemplate\":\"https:\\\/\\\/dpress.ma\\\/fr\\\/?s={search_term_string}\"},\"query-input\":{\"@type\":\"PropertyValueSpecification\",\"valueRequired\":true,\"valueName\":\"search_term_string\"}}],\"inLanguage\":\"fr-FR\"},{\"@type\":\"Person\",\"@id\":\"https:\\\/\\\/dpress.ma\\\/fr\\\/#\\\/schema\\\/person\\\/4898febf3ccd59e6578d838656a306a0\",\"name\":\"Dpress.ma\",\"image\":{\"@type\":\"ImageObject\",\"inLanguage\":\"fr-FR\",\"@id\":\"https:\\\/\\\/secure.gravatar.com\\\/avatar\\\/72ecc30e9db047a2e0e7176561eb9d564ed77c8108376495b19bd8336405198a?s=96&d=mm&r=g\",\"url\":\"https:\\\/\\\/secure.gravatar.com\\\/avatar\\\/72ecc30e9db047a2e0e7176561eb9d564ed77c8108376495b19bd8336405198a?s=96&d=mm&r=g\",\"contentUrl\":\"https:\\\/\\\/secure.gravatar.com\\\/avatar\\\/72ecc30e9db047a2e0e7176561eb9d564ed77c8108376495b19bd8336405198a?s=96&d=mm&r=g\",\"caption\":\"Dpress.ma\"},\"sameAs\":[\"https:\\\/\\\/www.dpress.ma\"],\"url\":\"https:\\\/\\\/dpress.ma\\\/fr\\\/author\\\/dpress-ma\\\/\"}]}<\/script>\n<!-- \/ Yoast SEO plugin. -->","yoast_head_json":{"title":"M. Sekkouri s\u2019entretient \u00e0 Rabat avec le ministre y\u00e9m\u00e9nite de la Formation professionnelle - Dpress.ma\/fr","robots":{"index":"index","follow":"follow","max-snippet":"max-snippet:-1","max-image-preview":"max-image-preview:large","max-video-preview":"max-video-preview:-1"},"canonical":"https:\/\/dpress.ma\/fr\/2026\/09\/05\/m-sekkouri-sentretient-a-rabat-avec-le-ministre-yemenite-de-la-formation-professionnelle\/","og_locale":"fr_FR","og_type":"article","og_title":"M. Sekkouri s\u2019entretient \u00e0 Rabat avec le ministre y\u00e9m\u00e9nite de la Formation professionnelle - Dpress.ma\/fr","og_description":"Dpress Le ministre de l&rsquo;Inclusion \u00e9conomique, de la Petite Entreprise, de l&rsquo;Emploi et des Comp\u00e9tences, Younes Sekkouri, s\u2019est entretenu, vendredi \u00e0 Rabat, avec le ministre de l&rsquo;Enseignement technique et de la Formation professionnelle du Y\u00e9men, Anwar Mohammed Ali Kalshat al-Mahri. Les entretiens ont port\u00e9 sur les perspectives de renforcer la coop\u00e9ration dans les domaines de &hellip;","og_url":"https:\/\/dpress.ma\/fr\/2026\/09\/05\/m-sekkouri-sentretient-a-rabat-avec-le-ministre-yemenite-de-la-formation-professionnelle\/","og_site_name":"Dpress.ma\/fr","article_published_time":"2026-09-05T09:51:23+00:00","article_modified_time":"2026-09-05T09:51:25+00:00","og_image":[{"width":2539,"height":1594,"url":"https:\/\/dpress.ma\/fr\/wp-content\/uploads\/sites\/2\/2026\/09\/Sekkouri.jpg","type":"image\/jpeg"}],"author":"Dpress.ma","twitter_card":"summary_large_image","twitter_misc":{"\u00c9crit par":"Dpress.ma","Dur\u00e9e de lecture estim\u00e9e":"3 minutes"},"schema":{"@context":"https:\/\/schema.org","@graph":[{"@type":"Article","@id":"https:\/\/dpress.ma\/fr\/2026\/09\/05\/m-sekkouri-sentretient-a-rabat-avec-le-ministre-yemenite-de-la-formation-professionnelle\/#article","isPartOf":{"@id":"https:\/\/dpress.ma\/fr\/2026\/09\/05\/m-sekkouri-sentretient-a-rabat-avec-le-ministre-yemenite-de-la-formation-professionnelle\/"},"author":{"name":"Dpress.ma","@id":"https:\/\/dpress.ma\/fr\/#\/schema\/person\/4898febf3ccd59e6578d838656a306a0"},"headline":"M. Sekkouri s\u2019entretient \u00e0 Rabat avec le ministre y\u00e9m\u00e9nite de la Formation professionnelle","datePublished":"2026-09-05T09:51:23+00:00","dateModified":"2026-09-05T09:51:25+00:00","mainEntityOfPage":{"@id":"https:\/\/dpress.ma\/fr\/2026\/09\/05\/m-sekkouri-sentretient-a-rabat-avec-le-ministre-yemenite-de-la-formation-professionnelle\/"},"wordCount":511,"commentCount":0,"image":{"@id":"https:\/\/dpress.ma\/fr\/2026\/09\/05\/m-sekkouri-sentretient-a-rabat-avec-le-ministre-yemenite-de-la-formation-professionnelle\/#primaryimage"},"thumbnailUrl":"https:\/\/dpress.ma\/fr\/wp-content\/uploads\/sites\/2\/2026\/09\/Sekkouri.jpg","articleSection":["Diplomatie Parall\u00e8le"],"inLanguage":"fr-FR","potentialAction":[{"@type":"CommentAction","name":"Comment","target":["https:\/\/dpress.ma\/fr\/2026\/09\/05\/m-sekkouri-sentretient-a-rabat-avec-le-ministre-yemenite-de-la-formation-professionnelle\/#respond"]}]},{"@type":"WebPage","@id":"https:\/\/dpress.ma\/fr\/2026\/09\/05\/m-sekkouri-sentretient-a-rabat-avec-le-ministre-yemenite-de-la-formation-professionnelle\/","url":"https:\/\/dpress.ma\/fr\/2026\/09\/05\/m-sekkouri-sentretient-a-rabat-avec-le-ministre-yemenite-de-la-formation-professionnelle\/","name":"M. Sekkouri s\u2019entretient \u00e0 Rabat avec le ministre y\u00e9m\u00e9nite de la Formation professionnelle - Dpress.ma\/fr","isPartOf":{"@id":"https:\/\/dpress.ma\/fr\/#website"},"primaryImageOfPage":{"@id":"https:\/\/dpress.ma\/fr\/2026\/09\/05\/m-sekkouri-sentretient-a-rabat-avec-le-ministre-yemenite-de-la-formation-professionnelle\/#primaryimage"},"image":{"@id":"https:\/\/dpress.ma\/fr\/2026\/09\/05\/m-sekkouri-sentretient-a-rabat-avec-le-ministre-yemenite-de-la-formation-professionnelle\/#primaryimage"},"thumbnailUrl":"https:\/\/dpress.ma\/fr\/wp-content\/uploads\/sites\/2\/2026\/09\/Sekkouri.jpg","datePublished":"2026-09-05T09:51:23+00:00","dateModified":"2026-09-05T09:51:25+00:00","author":{"@id":"https:\/\/dpress.ma\/fr\/#\/schema\/person\/4898febf3ccd59e6578d838656a306a0"},"breadcrumb":{"@id":"https:\/\/dpress.ma\/fr\/2026\/09\/05\/m-sekkouri-sentretient-a-rabat-avec-le-ministre-yemenite-de-la-formation-professionnelle\/#breadcrumb"},"inLanguage":"fr-FR","potentialAction":[{"@type":"ReadAction","target":["https:\/\/dpress.ma\/fr\/2026\/09\/05\/m-sekkouri-sentretient-a-rabat-avec-le-ministre-yemenite-de-la-formation-professionnelle\/"]}]},{"@type":"ImageObject","inLanguage":"fr-FR","@id":"https:\/\/dpress.ma\/fr\/2026\/09\/05\/m-sekkouri-sentretient-a-rabat-avec-le-ministre-yemenite-de-la-formation-professionnelle\/#primaryimage","url":"https:\/\/dpress.ma\/fr\/wp-content\/uploads\/sites\/2\/2026\/09\/Sekkouri.jpg","contentUrl":"https:\/\/dpress.ma\/fr\/wp-content\/uploads\/sites\/2\/2026\/09\/Sekkouri.jpg","width":2539,"height":1594},{"@type":"BreadcrumbList","@id":"https:\/\/dpress.ma\/fr\/2026\/09\/05\/m-sekkouri-sentretient-a-rabat-avec-le-ministre-yemenite-de-la-formation-professionnelle\/#breadcrumb","itemListElement":[{"@type":"ListItem","position":1,"name":"Home","item":"https:\/\/dpress.ma\/fr\/"},{"@type":"ListItem","position":2,"name":"M. Sekkouri s\u2019entretient \u00e0 Rabat avec le ministre y\u00e9m\u00e9nite de la Formation professionnelle"}]},{"@type":"WebSite","@id":"https:\/\/dpress.ma\/fr\/#website","url":"https:\/\/dpress.ma\/fr\/","name":"Dpress.ma\/fr","description":"","potentialAction":[{"@type":"SearchAction","target":{"@type":"EntryPoint","urlTemplate":"https:\/\/dpress.ma\/fr\/?s={search_term_string}"},"query-input":{"@type":"PropertyValueSpecification","valueRequired":true,"valueName":"search_term_string"}}],"inLanguage":"fr-FR"},{"@type":"Person","@id":"https:\/\/dpress.ma\/fr\/#\/schema\/person\/4898febf3ccd59e6578d838656a306a0","name":"Dpress.ma","image":{"@type":"ImageObject","inLanguage":"fr-FR","@id":"https:\/\/secure.gravatar.com\/avatar\/72ecc30e9db047a2e0e7176561eb9d564ed77c8108376495b19bd8336405198a?s=96&d=mm&r=g","url":"https:\/\/secure.gravatar.com\/avatar\/72ecc30e9db047a2e0e7176561eb9d564ed77c8108376495b19bd8336405198a?s=96&d=mm&r=g","contentUrl":"https:\/\/secure.gravatar.com\/avatar\/72ecc30e9db047a2e0e7176561eb9d564ed77c8108376495b19bd8336405198a?s=96&d=mm&r=g","caption":"Dpress.ma"},"sameAs":["https:\/\/www.dpress.ma"],"url":"https:\/\/dpress.ma\/fr\/author\/dpress-ma\/"}]}},"amp_enabled":true,"_links":{"self":[{"href":"https:\/\/dpress.ma\/fr\/wp-json\/wp\/v2\/posts\/38998","targetHints":{"allow":["GET"]}}],"collection":[{"href":"https:\/\/dpress.ma\/fr\/wp-json\/wp\/v2\/posts"}],"about":[{"href":"https:\/\/dpress.ma\/fr\/wp-json\/wp\/v2\/types\/post"}],"author":[{"embeddable":true,"href":"https:\/\/dpress.ma\/fr\/wp-json\/wp\/v2\/users\/2"}],"replies":[{"embeddable":true,"href":"https:\/\/dpress.ma\/fr\/wp-json\/wp\/v2\/comments?post=38998"}],"version-history":[{"count":1,"href":"https:\/\/dpress.ma\/fr\/wp-json\/wp\/v2\/posts\/38998\/revisions"}],"predecessor-version":[{"id":39000,"href":"https:\/\/dpress.ma\/fr\/wp-json\/wp\/v2\/posts\/38998\/revisions\/39000"}],"wp:featuredmedia":[{"embeddable":true,"href":"https:\/\/dpress.ma\/fr\/wp-json\/wp\/v2\/media\/38999"}],"wp:attachment":[{"href":"https:\/\/dpress.ma\/fr\/wp-json\/wp\/v2\/media?parent=38998"}],"wp:term":[{"taxonomy":"category","embeddable":true,"href":"https:\/\/dpress.ma\/fr\/wp-json\/wp\/v2\/categories?post=38998"},{"taxonomy":"post_tag","embeddable":true,"href":"https:\/\/dpress.ma\/fr\/wp-json\/wp\/v2\/tags?post=38998"}],"curies":[{"name":"wp","href":"https:\/\/api.w.org\/{rel}","templated":true}]}}