{"id":38995,"date":"2026-09-05T09:46:48","date_gmt":"2026-09-05T09:46:48","guid":{"rendered":"https:\/\/dpress.ma\/fr\/?p=38995"},"modified":"2026-09-05T09:46:50","modified_gmt":"2026-09-05T09:46:50","slug":"danemark-maroc-une-dynamique-soutenue-qui-favorise-letablissement-dun-partenariat-strategique","status":"publish","type":"post","link":"https:\/\/dpress.ma\/fr\/2026\/09\/05\/danemark-maroc-une-dynamique-soutenue-qui-favorise-letablissement-dun-partenariat-strategique\/","title":{"rendered":"Danemark \u2013 Maroc : Une dynamique soutenue qui favorise l\u2019\u00e9tablissement d\u2019un partenariat strat\u00e9gique"},"content":{"rendered":"\n<p class=\"wp-block-paragraph\">Dpress<\/p>\n\n\n\n<p class=\"wp-block-paragraph\">Le Danemark et le Maroc ont r\u00e9affirm\u00e9, vendredi \u00e0 Copenhague, l\u2019excellence et le caract\u00e8re strat\u00e9gique de leurs relations bilat\u00e9rales, marqu\u00e9es par une dynamique soutenue et une volont\u00e9 commune de hisser ce partenariat vers un niveau strat\u00e9gique.<\/p>\n\n\n\n<p class=\"wp-block-paragraph\">Cette volont\u00e9 a \u00e9t\u00e9 exprim\u00e9e lors d\u2019une rencontre entre le ministre danois des Affaires \u00e9trang\u00e8res, Lars L\u00f8kke Rasmussen, et le ministre des Affaires \u00e9trang\u00e8res, de la Coop\u00e9ration africaine et des Marocains r\u00e9sidant \u00e0 l\u2019\u00e9tranger, Nasser Bourita.<\/p>\n\n\n\n<p class=\"wp-block-paragraph\">Les deux ministres ont soulign\u00e9 le caract\u00e8re historique, excellent et strat\u00e9gique des relations entre les deux Royaumes et ont convenu d\u2019une visite au Maroc du ministre danois des Affaires \u00e9trang\u00e8res pour conclure un partenariat strat\u00e9gique ax\u00e9 sur le renforcement du dialogue politique.<\/p>\n\n\n\n<p class=\"wp-block-paragraph\">Le chef de la diplomatie danoise a soulign\u00e9, \u00e0 cet \u00e9gard, l\u2019importance du partenariat entre le Danemark et le Maroc, qualifiant le Royaume de \u201cpartenaire fiable\u201d et de \u201crelais pour la croissance et le d\u00e9veloppement\u201d dans la r\u00e9gion et en Afrique en g\u00e9n\u00e9ral.<\/p>\n\n\n\n<p class=\"wp-block-paragraph\">Le nouveau partenariat maroco-danois visera \u00e9galement \u00e0 promouvoir les liens \u00e9conomiques et commerciaux dans plusieurs secteurs, notamment les technologies de l\u2019eau, les \u00e9nergies renouvelables, les produits pharmaceutiques, l\u2019agriculture et l\u2019agroalimentaire, ainsi que les infrastructures.<\/p>\n\n\n\n<p class=\"wp-block-paragraph\">Les deux ministres ont relev\u00e9, \u00e0 cette occasion, l\u2019importance des investissements danois au Maroc et convenu de promouvoir davantage les contacts entre les entreprises et la communaut\u00e9 des affaires, \u00e0 travers la cr\u00e9ation d\u2019un conseil d\u2019affaires maroco-danois.<\/p>\n\n\n\n<p class=\"wp-block-paragraph\">Le nouveau partenariat strat\u00e9gique comprendra \u00e9galement un volet migration, qui servira \u00e0 consolider la coop\u00e9ration excellente entre les deux pays en la mati\u00e8re et \u00e0 la renforcer davantage \u00e0 travers des m\u00e9canismes et des outils adapt\u00e9s.<\/p>\n","protected":false},"excerpt":{"rendered":"<p>Dpress Le Danemark et le Maroc ont r\u00e9affirm\u00e9, vendredi \u00e0 Copenhague, l\u2019excellence et le caract\u00e8re strat\u00e9gique de leurs relations bilat\u00e9rales, marqu\u00e9es par une dynamique soutenue et une volont\u00e9 commune de hisser ce partenariat vers un niveau strat\u00e9gique. Cette volont\u00e9 a \u00e9t\u00e9 exprim\u00e9e lors d\u2019une rencontre entre le ministre danois des Affaires \u00e9trang\u00e8res, Lars L\u00f8kke Rasmussen, &hellip;<\/p>\n","protected":false},"author":2,"featured_media":38996,"comment_status":"open","ping_status":"open","sticky":false,"template":"","format":"standard","meta":{"footnotes":""},"categories":[26],"tags":[],"class_list":["post-38995","post","type-post","status-publish","format-standard","has-post-thumbnail","hentry","category-politiques"],"yoast_head":"<!-- This site is optimized with the Yoast SEO plugin v28.0 - https:\/\/yoast.com\/product\/yoast-seo-wordpress\/ -->\n<title>Danemark \u2013 Maroc : Une dynamique soutenue qui favorise l\u2019\u00e9tablissement d\u2019un partenariat strat\u00e9gique - Dpress.ma\/fr<\/title>\n<meta name=\"robots\" content=\"index, follow, max-snippet:-1, max-image-preview:large, max-video-preview:-1\" \/>\n<link rel=\"canonical\" href=\"https:\/\/dpress.ma\/fr\/2026\/09\/05\/danemark-maroc-une-dynamique-soutenue-qui-favorise-letablissement-dun-partenariat-strategique\/\" \/>\n<meta property=\"og:locale\" content=\"fr_FR\" \/>\n<meta property=\"og:type\" content=\"article\" \/>\n<meta property=\"og:title\" content=\"Danemark \u2013 Maroc : Une dynamique soutenue qui favorise l\u2019\u00e9tablissement d\u2019un partenariat strat\u00e9gique - Dpress.ma\/fr\" \/>\n<meta property=\"og:description\" content=\"Dpress Le Danemark et le Maroc ont r\u00e9affirm\u00e9, vendredi \u00e0 Copenhague, l\u2019excellence et le caract\u00e8re strat\u00e9gique de leurs relations bilat\u00e9rales, marqu\u00e9es par une dynamique soutenue et une volont\u00e9 commune de hisser ce partenariat vers un niveau strat\u00e9gique. Cette volont\u00e9 a \u00e9t\u00e9 exprim\u00e9e lors d\u2019une rencontre entre le ministre danois des Affaires \u00e9trang\u00e8res, Lars L\u00f8kke Rasmussen, &hellip;\" \/>\n<meta property=\"og:url\" content=\"https:\/\/dpress.ma\/fr\/2026\/09\/05\/danemark-maroc-une-dynamique-soutenue-qui-favorise-letablissement-dun-partenariat-strategique\/\" \/>\n<meta property=\"og:site_name\" content=\"Dpress.ma\/fr\" \/>\n<meta property=\"article:published_time\" content=\"2026-09-05T09:46:48+00:00\" \/>\n<meta property=\"article:modified_time\" content=\"2026-09-05T09:46:50+00:00\" \/>\n<meta property=\"og:image\" content=\"https:\/\/dpress.ma\/fr\/wp-content\/uploads\/sites\/2\/2026\/09\/1-2.jpg\" \/>\n\t<meta property=\"og:image:width\" content=\"2539\" \/>\n\t<meta property=\"og:image:height\" content=\"1594\" \/>\n\t<meta property=\"og:image:type\" content=\"image\/jpeg\" \/>\n<meta name=\"author\" content=\"Dpress.ma\" \/>\n<meta name=\"twitter:card\" content=\"summary_large_image\" \/>\n<meta name=\"twitter:label1\" content=\"\u00c9crit par\" \/>\n\t<meta name=\"twitter:data1\" content=\"Dpress.ma\" \/>\n\t<meta name=\"twitter:label2\" content=\"Dur\u00e9e de lecture estim\u00e9e\" \/>\n\t<meta name=\"twitter:data2\" content=\"2 minutes\" \/>\n<script type=\"application\/ld+json\" class=\"yoast-schema-graph\">{\"@context\":\"https:\\\/\\\/schema.org\",\"@graph\":[{\"@type\":\"Article\",\"@id\":\"https:\\\/\\\/dpress.ma\\\/fr\\\/2026\\\/09\\\/05\\\/danemark-maroc-une-dynamique-soutenue-qui-favorise-letablissement-dun-partenariat-strategique\\\/#article\",\"isPartOf\":{\"@id\":\"https:\\\/\\\/dpress.ma\\\/fr\\\/2026\\\/09\\\/05\\\/danemark-maroc-une-dynamique-soutenue-qui-favorise-letablissement-dun-partenariat-strategique\\\/\"},\"author\":{\"name\":\"Dpress.ma\",\"@id\":\"https:\\\/\\\/dpress.ma\\\/fr\\\/#\\\/schema\\\/person\\\/4898febf3ccd59e6578d838656a306a0\"},\"headline\":\"Danemark \u2013 Maroc : Une dynamique soutenue qui favorise l\u2019\u00e9tablissement d\u2019un partenariat strat\u00e9gique\",\"datePublished\":\"2026-09-05T09:46:48+00:00\",\"dateModified\":\"2026-09-05T09:46:50+00:00\",\"mainEntityOfPage\":{\"@id\":\"https:\\\/\\\/dpress.ma\\\/fr\\\/2026\\\/09\\\/05\\\/danemark-maroc-une-dynamique-soutenue-qui-favorise-letablissement-dun-partenariat-strategique\\\/\"},\"wordCount\":307,\"commentCount\":0,\"image\":{\"@id\":\"https:\\\/\\\/dpress.ma\\\/fr\\\/2026\\\/09\\\/05\\\/danemark-maroc-une-dynamique-soutenue-qui-favorise-letablissement-dun-partenariat-strategique\\\/#primaryimage\"},\"thumbnailUrl\":\"https:\\\/\\\/dpress.ma\\\/fr\\\/wp-content\\\/uploads\\\/sites\\\/2\\\/2026\\\/09\\\/1-2.jpg\",\"articleSection\":[\"Politiques\"],\"inLanguage\":\"fr-FR\",\"potentialAction\":[{\"@type\":\"CommentAction\",\"name\":\"Comment\",\"target\":[\"https:\\\/\\\/dpress.ma\\\/fr\\\/2026\\\/09\\\/05\\\/danemark-maroc-une-dynamique-soutenue-qui-favorise-letablissement-dun-partenariat-strategique\\\/#respond\"]}]},{\"@type\":\"WebPage\",\"@id\":\"https:\\\/\\\/dpress.ma\\\/fr\\\/2026\\\/09\\\/05\\\/danemark-maroc-une-dynamique-soutenue-qui-favorise-letablissement-dun-partenariat-strategique\\\/\",\"url\":\"https:\\\/\\\/dpress.ma\\\/fr\\\/2026\\\/09\\\/05\\\/danemark-maroc-une-dynamique-soutenue-qui-favorise-letablissement-dun-partenariat-strategique\\\/\",\"name\":\"Danemark \u2013 Maroc : Une dynamique soutenue qui favorise l\u2019\u00e9tablissement d\u2019un partenariat strat\u00e9gique - Dpress.ma\\\/fr\",\"isPartOf\":{\"@id\":\"https:\\\/\\\/dpress.ma\\\/fr\\\/#website\"},\"primaryImageOfPage\":{\"@id\":\"https:\\\/\\\/dpress.ma\\\/fr\\\/2026\\\/09\\\/05\\\/danemark-maroc-une-dynamique-soutenue-qui-favorise-letablissement-dun-partenariat-strategique\\\/#primaryimage\"},\"image\":{\"@id\":\"https:\\\/\\\/dpress.ma\\\/fr\\\/2026\\\/09\\\/05\\\/danemark-maroc-une-dynamique-soutenue-qui-favorise-letablissement-dun-partenariat-strategique\\\/#primaryimage\"},\"thumbnailUrl\":\"https:\\\/\\\/dpress.ma\\\/fr\\\/wp-content\\\/uploads\\\/sites\\\/2\\\/2026\\\/09\\\/1-2.jpg\",\"datePublished\":\"2026-09-05T09:46:48+00:00\",\"dateModified\":\"2026-09-05T09:46:50+00:00\",\"author\":{\"@id\":\"https:\\\/\\\/dpress.ma\\\/fr\\\/#\\\/schema\\\/person\\\/4898febf3ccd59e6578d838656a306a0\"},\"breadcrumb\":{\"@id\":\"https:\\\/\\\/dpress.ma\\\/fr\\\/2026\\\/09\\\/05\\\/danemark-maroc-une-dynamique-soutenue-qui-favorise-letablissement-dun-partenariat-strategique\\\/#breadcrumb\"},\"inLanguage\":\"fr-FR\",\"potentialAction\":[{\"@type\":\"ReadAction\",\"target\":[\"https:\\\/\\\/dpress.ma\\\/fr\\\/2026\\\/09\\\/05\\\/danemark-maroc-une-dynamique-soutenue-qui-favorise-letablissement-dun-partenariat-strategique\\\/\"]}]},{\"@type\":\"ImageObject\",\"inLanguage\":\"fr-FR\",\"@id\":\"https:\\\/\\\/dpress.ma\\\/fr\\\/2026\\\/09\\\/05\\\/danemark-maroc-une-dynamique-soutenue-qui-favorise-letablissement-dun-partenariat-strategique\\\/#primaryimage\",\"url\":\"https:\\\/\\\/dpress.ma\\\/fr\\\/wp-content\\\/uploads\\\/sites\\\/2\\\/2026\\\/09\\\/1-2.jpg\",\"contentUrl\":\"https:\\\/\\\/dpress.ma\\\/fr\\\/wp-content\\\/uploads\\\/sites\\\/2\\\/2026\\\/09\\\/1-2.jpg\",\"width\":2539,\"height\":1594},{\"@type\":\"BreadcrumbList\",\"@id\":\"https:\\\/\\\/dpress.ma\\\/fr\\\/2026\\\/09\\\/05\\\/danemark-maroc-une-dynamique-soutenue-qui-favorise-letablissement-dun-partenariat-strategique\\\/#breadcrumb\",\"itemListElement\":[{\"@type\":\"ListItem\",\"position\":1,\"name\":\"Home\",\"item\":\"https:\\\/\\\/dpress.ma\\\/fr\\\/\"},{\"@type\":\"ListItem\",\"position\":2,\"name\":\"Danemark \u2013 Maroc : Une dynamique soutenue qui favorise l\u2019\u00e9tablissement d\u2019un partenariat strat\u00e9gique\"}]},{\"@type\":\"WebSite\",\"@id\":\"https:\\\/\\\/dpress.ma\\\/fr\\\/#website\",\"url\":\"https:\\\/\\\/dpress.ma\\\/fr\\\/\",\"name\":\"Dpress.ma\\\/fr\",\"description\":\"\",\"potentialAction\":[{\"@type\":\"SearchAction\",\"target\":{\"@type\":\"EntryPoint\",\"urlTemplate\":\"https:\\\/\\\/dpress.ma\\\/fr\\\/?s={search_term_string}\"},\"query-input\":{\"@type\":\"PropertyValueSpecification\",\"valueRequired\":true,\"valueName\":\"search_term_string\"}}],\"inLanguage\":\"fr-FR\"},{\"@type\":\"Person\",\"@id\":\"https:\\\/\\\/dpress.ma\\\/fr\\\/#\\\/schema\\\/person\\\/4898febf3ccd59e6578d838656a306a0\",\"name\":\"Dpress.ma\",\"image\":{\"@type\":\"ImageObject\",\"inLanguage\":\"fr-FR\",\"@id\":\"https:\\\/\\\/secure.gravatar.com\\\/avatar\\\/72ecc30e9db047a2e0e7176561eb9d564ed77c8108376495b19bd8336405198a?s=96&d=mm&r=g\",\"url\":\"https:\\\/\\\/secure.gravatar.com\\\/avatar\\\/72ecc30e9db047a2e0e7176561eb9d564ed77c8108376495b19bd8336405198a?s=96&d=mm&r=g\",\"contentUrl\":\"https:\\\/\\\/secure.gravatar.com\\\/avatar\\\/72ecc30e9db047a2e0e7176561eb9d564ed77c8108376495b19bd8336405198a?s=96&d=mm&r=g\",\"caption\":\"Dpress.ma\"},\"sameAs\":[\"https:\\\/\\\/www.dpress.ma\"],\"url\":\"https:\\\/\\\/dpress.ma\\\/fr\\\/author\\\/dpress-ma\\\/\"}]}<\/script>\n<!-- \/ Yoast SEO plugin. -->","yoast_head_json":{"title":"Danemark \u2013 Maroc : Une dynamique soutenue qui favorise l\u2019\u00e9tablissement d\u2019un partenariat strat\u00e9gique - Dpress.ma\/fr","robots":{"index":"index","follow":"follow","max-snippet":"max-snippet:-1","max-image-preview":"max-image-preview:large","max-video-preview":"max-video-preview:-1"},"canonical":"https:\/\/dpress.ma\/fr\/2026\/09\/05\/danemark-maroc-une-dynamique-soutenue-qui-favorise-letablissement-dun-partenariat-strategique\/","og_locale":"fr_FR","og_type":"article","og_title":"Danemark \u2013 Maroc : Une dynamique soutenue qui favorise l\u2019\u00e9tablissement d\u2019un partenariat strat\u00e9gique - Dpress.ma\/fr","og_description":"Dpress Le Danemark et le Maroc ont r\u00e9affirm\u00e9, vendredi \u00e0 Copenhague, l\u2019excellence et le caract\u00e8re strat\u00e9gique de leurs relations bilat\u00e9rales, marqu\u00e9es par une dynamique soutenue et une volont\u00e9 commune de hisser ce partenariat vers un niveau strat\u00e9gique. Cette volont\u00e9 a \u00e9t\u00e9 exprim\u00e9e lors d\u2019une rencontre entre le ministre danois des Affaires \u00e9trang\u00e8res, Lars L\u00f8kke Rasmussen, &hellip;","og_url":"https:\/\/dpress.ma\/fr\/2026\/09\/05\/danemark-maroc-une-dynamique-soutenue-qui-favorise-letablissement-dun-partenariat-strategique\/","og_site_name":"Dpress.ma\/fr","article_published_time":"2026-09-05T09:46:48+00:00","article_modified_time":"2026-09-05T09:46:50+00:00","og_image":[{"width":2539,"height":1594,"url":"https:\/\/dpress.ma\/fr\/wp-content\/uploads\/sites\/2\/2026\/09\/1-2.jpg","type":"image\/jpeg"}],"author":"Dpress.ma","twitter_card":"summary_large_image","twitter_misc":{"\u00c9crit par":"Dpress.ma","Dur\u00e9e de lecture estim\u00e9e":"2 minutes"},"schema":{"@context":"https:\/\/schema.org","@graph":[{"@type":"Article","@id":"https:\/\/dpress.ma\/fr\/2026\/09\/05\/danemark-maroc-une-dynamique-soutenue-qui-favorise-letablissement-dun-partenariat-strategique\/#article","isPartOf":{"@id":"https:\/\/dpress.ma\/fr\/2026\/09\/05\/danemark-maroc-une-dynamique-soutenue-qui-favorise-letablissement-dun-partenariat-strategique\/"},"author":{"name":"Dpress.ma","@id":"https:\/\/dpress.ma\/fr\/#\/schema\/person\/4898febf3ccd59e6578d838656a306a0"},"headline":"Danemark \u2013 Maroc : Une dynamique soutenue qui favorise l\u2019\u00e9tablissement d\u2019un partenariat strat\u00e9gique","datePublished":"2026-09-05T09:46:48+00:00","dateModified":"2026-09-05T09:46:50+00:00","mainEntityOfPage":{"@id":"https:\/\/dpress.ma\/fr\/2026\/09\/05\/danemark-maroc-une-dynamique-soutenue-qui-favorise-letablissement-dun-partenariat-strategique\/"},"wordCount":307,"commentCount":0,"image":{"@id":"https:\/\/dpress.ma\/fr\/2026\/09\/05\/danemark-maroc-une-dynamique-soutenue-qui-favorise-letablissement-dun-partenariat-strategique\/#primaryimage"},"thumbnailUrl":"https:\/\/dpress.ma\/fr\/wp-content\/uploads\/sites\/2\/2026\/09\/1-2.jpg","articleSection":["Politiques"],"inLanguage":"fr-FR","potentialAction":[{"@type":"CommentAction","name":"Comment","target":["https:\/\/dpress.ma\/fr\/2026\/09\/05\/danemark-maroc-une-dynamique-soutenue-qui-favorise-letablissement-dun-partenariat-strategique\/#respond"]}]},{"@type":"WebPage","@id":"https:\/\/dpress.ma\/fr\/2026\/09\/05\/danemark-maroc-une-dynamique-soutenue-qui-favorise-letablissement-dun-partenariat-strategique\/","url":"https:\/\/dpress.ma\/fr\/2026\/09\/05\/danemark-maroc-une-dynamique-soutenue-qui-favorise-letablissement-dun-partenariat-strategique\/","name":"Danemark \u2013 Maroc : Une dynamique soutenue qui favorise l\u2019\u00e9tablissement d\u2019un partenariat strat\u00e9gique - Dpress.ma\/fr","isPartOf":{"@id":"https:\/\/dpress.ma\/fr\/#website"},"primaryImageOfPage":{"@id":"https:\/\/dpress.ma\/fr\/2026\/09\/05\/danemark-maroc-une-dynamique-soutenue-qui-favorise-letablissement-dun-partenariat-strategique\/#primaryimage"},"image":{"@id":"https:\/\/dpress.ma\/fr\/2026\/09\/05\/danemark-maroc-une-dynamique-soutenue-qui-favorise-letablissement-dun-partenariat-strategique\/#primaryimage"},"thumbnailUrl":"https:\/\/dpress.ma\/fr\/wp-content\/uploads\/sites\/2\/2026\/09\/1-2.jpg","datePublished":"2026-09-05T09:46:48+00:00","dateModified":"2026-09-05T09:46:50+00:00","author":{"@id":"https:\/\/dpress.ma\/fr\/#\/schema\/person\/4898febf3ccd59e6578d838656a306a0"},"breadcrumb":{"@id":"https:\/\/dpress.ma\/fr\/2026\/09\/05\/danemark-maroc-une-dynamique-soutenue-qui-favorise-letablissement-dun-partenariat-strategique\/#breadcrumb"},"inLanguage":"fr-FR","potentialAction":[{"@type":"ReadAction","target":["https:\/\/dpress.ma\/fr\/2026\/09\/05\/danemark-maroc-une-dynamique-soutenue-qui-favorise-letablissement-dun-partenariat-strategique\/"]}]},{"@type":"ImageObject","inLanguage":"fr-FR","@id":"https:\/\/dpress.ma\/fr\/2026\/09\/05\/danemark-maroc-une-dynamique-soutenue-qui-favorise-letablissement-dun-partenariat-strategique\/#primaryimage","url":"https:\/\/dpress.ma\/fr\/wp-content\/uploads\/sites\/2\/2026\/09\/1-2.jpg","contentUrl":"https:\/\/dpress.ma\/fr\/wp-content\/uploads\/sites\/2\/2026\/09\/1-2.jpg","width":2539,"height":1594},{"@type":"BreadcrumbList","@id":"https:\/\/dpress.ma\/fr\/2026\/09\/05\/danemark-maroc-une-dynamique-soutenue-qui-favorise-letablissement-dun-partenariat-strategique\/#breadcrumb","itemListElement":[{"@type":"ListItem","position":1,"name":"Home","item":"https:\/\/dpress.ma\/fr\/"},{"@type":"ListItem","position":2,"name":"Danemark \u2013 Maroc : Une dynamique soutenue qui favorise l\u2019\u00e9tablissement d\u2019un partenariat strat\u00e9gique"}]},{"@type":"WebSite","@id":"https:\/\/dpress.ma\/fr\/#website","url":"https:\/\/dpress.ma\/fr\/","name":"Dpress.ma\/fr","description":"","potentialAction":[{"@type":"SearchAction","target":{"@type":"EntryPoint","urlTemplate":"https:\/\/dpress.ma\/fr\/?s={search_term_string}"},"query-input":{"@type":"PropertyValueSpecification","valueRequired":true,"valueName":"search_term_string"}}],"inLanguage":"fr-FR"},{"@type":"Person","@id":"https:\/\/dpress.ma\/fr\/#\/schema\/person\/4898febf3ccd59e6578d838656a306a0","name":"Dpress.ma","image":{"@type":"ImageObject","inLanguage":"fr-FR","@id":"https:\/\/secure.gravatar.com\/avatar\/72ecc30e9db047a2e0e7176561eb9d564ed77c8108376495b19bd8336405198a?s=96&d=mm&r=g","url":"https:\/\/secure.gravatar.com\/avatar\/72ecc30e9db047a2e0e7176561eb9d564ed77c8108376495b19bd8336405198a?s=96&d=mm&r=g","contentUrl":"https:\/\/secure.gravatar.com\/avatar\/72ecc30e9db047a2e0e7176561eb9d564ed77c8108376495b19bd8336405198a?s=96&d=mm&r=g","caption":"Dpress.ma"},"sameAs":["https:\/\/www.dpress.ma"],"url":"https:\/\/dpress.ma\/fr\/author\/dpress-ma\/"}]}},"amp_enabled":true,"_links":{"self":[{"href":"https:\/\/dpress.ma\/fr\/wp-json\/wp\/v2\/posts\/38995","targetHints":{"allow":["GET"]}}],"collection":[{"href":"https:\/\/dpress.ma\/fr\/wp-json\/wp\/v2\/posts"}],"about":[{"href":"https:\/\/dpress.ma\/fr\/wp-json\/wp\/v2\/types\/post"}],"author":[{"embeddable":true,"href":"https:\/\/dpress.ma\/fr\/wp-json\/wp\/v2\/users\/2"}],"replies":[{"embeddable":true,"href":"https:\/\/dpress.ma\/fr\/wp-json\/wp\/v2\/comments?post=38995"}],"version-history":[{"count":1,"href":"https:\/\/dpress.ma\/fr\/wp-json\/wp\/v2\/posts\/38995\/revisions"}],"predecessor-version":[{"id":38997,"href":"https:\/\/dpress.ma\/fr\/wp-json\/wp\/v2\/posts\/38995\/revisions\/38997"}],"wp:featuredmedia":[{"embeddable":true,"href":"https:\/\/dpress.ma\/fr\/wp-json\/wp\/v2\/media\/38996"}],"wp:attachment":[{"href":"https:\/\/dpress.ma\/fr\/wp-json\/wp\/v2\/media?parent=38995"}],"wp:term":[{"taxonomy":"category","embeddable":true,"href":"https:\/\/dpress.ma\/fr\/wp-json\/wp\/v2\/categories?post=38995"},{"taxonomy":"post_tag","embeddable":true,"href":"https:\/\/dpress.ma\/fr\/wp-json\/wp\/v2\/tags?post=38995"}],"curies":[{"name":"wp","href":"https:\/\/api.w.org\/{rel}","templated":true}]}}