{"id":38992,"date":"2026-09-05T09:43:29","date_gmt":"2026-09-05T09:43:29","guid":{"rendered":"https:\/\/dpress.ma\/fr\/?p=38992"},"modified":"2026-09-05T09:43:32","modified_gmt":"2026-09-05T09:43:32","slug":"sahara-marocain-le-danemark-salue-le-plan-marocain-dautonomie-comme-bonne-base-pour-une-solution-agreee-par-les-parties","status":"publish","type":"post","link":"https:\/\/dpress.ma\/fr\/2026\/09\/05\/sahara-marocain-le-danemark-salue-le-plan-marocain-dautonomie-comme-bonne-base-pour-une-solution-agreee-par-les-parties\/","title":{"rendered":"Sahara marocain : Le Danemark salue le plan marocain d\u2019autonomie comme bonne base pour une solution agr\u00e9\u00e9e par les parties"},"content":{"rendered":"\n<p class=\"wp-block-paragraph\">Dpress<\/p>\n\n\n\n<p class=\"wp-block-paragraph\">Le Danemark salue le plan marocain d\u2019autonomie comme bonne base pour une solution agr\u00e9\u00e9e par les parties \u00e0 la question du Sahara marocain.<\/p>\n\n\n\n<p class=\"wp-block-paragraph\">Cette position a \u00e9t\u00e9 exprim\u00e9e par le ministre danois des Affaires \u00e9trang\u00e8res, M. Lars L\u00f8kke Rasmussen, lors d\u2019une d\u00e9claration \u00e0 la presse \u00e0 l\u2019occasion de la visite de travail du ministre des Affaires \u00e9trang\u00e8res, de la Coop\u00e9ration africaine et des Marocains r\u00e9sidant \u00e0 l\u2019\u00e9tranger, M. Nasser Bourita vendredi \u00e0 Copenhague.<\/p>\n\n\n\n<p class=\"wp-block-paragraph\">A cet \u00e9gard, M. Rasmussen a d\u00e9clar\u00e9 que le \u201cDanemark salue, conform\u00e9ment \u00e0 la position de l\u2019Union europ\u00e9enne, l\u2019adoption de la r\u00e9solution 2797 du Conseil de s\u00e9curit\u00e9 des Nations Unies\u201d.<\/p>\n\n\n\n<p class=\"wp-block-paragraph\">Le chef de la diplomatie danoise a, par ailleurs, salu\u00e9 la proposition marocaine d\u2019autonomie qui est \u201ccr\u00e9dible\u201d et qui \u201capporte une contribution s\u00e9rieuse et essentielle au processus onusien en cours\u201d, r\u00e9it\u00e9rant que le plan marocain d\u2019autonomie est \u201cune bonne base pour une solution agr\u00e9\u00e9e par les parties\u201d.<\/p>\n\n\n\n<p class=\"wp-block-paragraph\">Par cette position, le Danemark, membre du Conseil de s\u00e9curit\u00e9 des Nations-unies, r\u00e9affirme son inscription dans la dynamique internationale cr\u00e9\u00e9e sous l\u2019impulsion de Sa Majest\u00e9 le Roi Mohammed VI, que Dieu L\u2019assiste, en soutien \u00e0 la souverainet\u00e9 du Maroc sur son Sahara et au Plan marocain d\u2019autonomie.<\/p>\n","protected":false},"excerpt":{"rendered":"<p>Dpress Le Danemark salue le plan marocain d\u2019autonomie comme bonne base pour une solution agr\u00e9\u00e9e par les parties \u00e0 la question du Sahara marocain. Cette position a \u00e9t\u00e9 exprim\u00e9e par le ministre danois des Affaires \u00e9trang\u00e8res, M. Lars L\u00f8kke Rasmussen, lors d\u2019une d\u00e9claration \u00e0 la presse \u00e0 l\u2019occasion de la visite de travail du ministre &hellip;<\/p>\n","protected":false},"author":2,"featured_media":38993,"comment_status":"open","ping_status":"open","sticky":false,"template":"","format":"standard","meta":{"footnotes":""},"categories":[30],"tags":[],"class_list":["post-38992","post","type-post","status-publish","format-standard","has-post-thumbnail","hentry","category-sahara-marocain"],"yoast_head":"<!-- This site is optimized with the Yoast SEO plugin v28.0 - https:\/\/yoast.com\/product\/yoast-seo-wordpress\/ -->\n<title>Sahara marocain : Le Danemark salue le plan marocain d\u2019autonomie comme bonne base pour une solution agr\u00e9\u00e9e par les parties - Dpress.ma\/fr<\/title>\n<meta name=\"robots\" content=\"index, follow, max-snippet:-1, max-image-preview:large, max-video-preview:-1\" \/>\n<link rel=\"canonical\" href=\"https:\/\/dpress.ma\/fr\/2026\/09\/05\/sahara-marocain-le-danemark-salue-le-plan-marocain-dautonomie-comme-bonne-base-pour-une-solution-agreee-par-les-parties\/\" \/>\n<meta property=\"og:locale\" content=\"fr_FR\" \/>\n<meta property=\"og:type\" content=\"article\" \/>\n<meta property=\"og:title\" content=\"Sahara marocain : Le Danemark salue le plan marocain d\u2019autonomie comme bonne base pour une solution agr\u00e9\u00e9e par les parties - Dpress.ma\/fr\" \/>\n<meta property=\"og:description\" content=\"Dpress Le Danemark salue le plan marocain d\u2019autonomie comme bonne base pour une solution agr\u00e9\u00e9e par les parties \u00e0 la question du Sahara marocain. Cette position a \u00e9t\u00e9 exprim\u00e9e par le ministre danois des Affaires \u00e9trang\u00e8res, M. Lars L\u00f8kke Rasmussen, lors d\u2019une d\u00e9claration \u00e0 la presse \u00e0 l\u2019occasion de la visite de travail du ministre &hellip;\" \/>\n<meta property=\"og:url\" content=\"https:\/\/dpress.ma\/fr\/2026\/09\/05\/sahara-marocain-le-danemark-salue-le-plan-marocain-dautonomie-comme-bonne-base-pour-une-solution-agreee-par-les-parties\/\" \/>\n<meta property=\"og:site_name\" content=\"Dpress.ma\/fr\" \/>\n<meta property=\"article:published_time\" content=\"2026-09-05T09:43:29+00:00\" \/>\n<meta property=\"article:modified_time\" content=\"2026-09-05T09:43:32+00:00\" \/>\n<meta property=\"og:image\" content=\"https:\/\/dpress.ma\/fr\/wp-content\/uploads\/sites\/2\/2026\/09\/Dpress3-Copie-3.jpg\" \/>\n\t<meta property=\"og:image:width\" content=\"2539\" \/>\n\t<meta property=\"og:image:height\" content=\"1594\" \/>\n\t<meta property=\"og:image:type\" content=\"image\/jpeg\" \/>\n<meta name=\"author\" content=\"Dpress.ma\" \/>\n<meta name=\"twitter:card\" content=\"summary_large_image\" \/>\n<meta name=\"twitter:label1\" content=\"\u00c9crit par\" \/>\n\t<meta name=\"twitter:data1\" content=\"Dpress.ma\" \/>\n\t<meta name=\"twitter:label2\" content=\"Dur\u00e9e de lecture estim\u00e9e\" \/>\n\t<meta name=\"twitter:data2\" content=\"2 minutes\" \/>\n<script type=\"application\/ld+json\" class=\"yoast-schema-graph\">{\"@context\":\"https:\\\/\\\/schema.org\",\"@graph\":[{\"@type\":\"Article\",\"@id\":\"https:\\\/\\\/dpress.ma\\\/fr\\\/2026\\\/09\\\/05\\\/sahara-marocain-le-danemark-salue-le-plan-marocain-dautonomie-comme-bonne-base-pour-une-solution-agreee-par-les-parties\\\/#article\",\"isPartOf\":{\"@id\":\"https:\\\/\\\/dpress.ma\\\/fr\\\/2026\\\/09\\\/05\\\/sahara-marocain-le-danemark-salue-le-plan-marocain-dautonomie-comme-bonne-base-pour-une-solution-agreee-par-les-parties\\\/\"},\"author\":{\"name\":\"Dpress.ma\",\"@id\":\"https:\\\/\\\/dpress.ma\\\/fr\\\/#\\\/schema\\\/person\\\/4898febf3ccd59e6578d838656a306a0\"},\"headline\":\"Sahara marocain : Le Danemark salue le plan marocain d\u2019autonomie comme bonne base pour une solution agr\u00e9\u00e9e par les parties\",\"datePublished\":\"2026-09-05T09:43:29+00:00\",\"dateModified\":\"2026-09-05T09:43:32+00:00\",\"mainEntityOfPage\":{\"@id\":\"https:\\\/\\\/dpress.ma\\\/fr\\\/2026\\\/09\\\/05\\\/sahara-marocain-le-danemark-salue-le-plan-marocain-dautonomie-comme-bonne-base-pour-une-solution-agreee-par-les-parties\\\/\"},\"wordCount\":243,\"commentCount\":0,\"image\":{\"@id\":\"https:\\\/\\\/dpress.ma\\\/fr\\\/2026\\\/09\\\/05\\\/sahara-marocain-le-danemark-salue-le-plan-marocain-dautonomie-comme-bonne-base-pour-une-solution-agreee-par-les-parties\\\/#primaryimage\"},\"thumbnailUrl\":\"https:\\\/\\\/dpress.ma\\\/fr\\\/wp-content\\\/uploads\\\/sites\\\/2\\\/2026\\\/09\\\/Dpress3-Copie-3.jpg\",\"articleSection\":[\"Sahara Marocain\"],\"inLanguage\":\"fr-FR\",\"potentialAction\":[{\"@type\":\"CommentAction\",\"name\":\"Comment\",\"target\":[\"https:\\\/\\\/dpress.ma\\\/fr\\\/2026\\\/09\\\/05\\\/sahara-marocain-le-danemark-salue-le-plan-marocain-dautonomie-comme-bonne-base-pour-une-solution-agreee-par-les-parties\\\/#respond\"]}]},{\"@type\":\"WebPage\",\"@id\":\"https:\\\/\\\/dpress.ma\\\/fr\\\/2026\\\/09\\\/05\\\/sahara-marocain-le-danemark-salue-le-plan-marocain-dautonomie-comme-bonne-base-pour-une-solution-agreee-par-les-parties\\\/\",\"url\":\"https:\\\/\\\/dpress.ma\\\/fr\\\/2026\\\/09\\\/05\\\/sahara-marocain-le-danemark-salue-le-plan-marocain-dautonomie-comme-bonne-base-pour-une-solution-agreee-par-les-parties\\\/\",\"name\":\"Sahara marocain : Le Danemark salue le plan marocain d\u2019autonomie comme bonne base pour une solution agr\u00e9\u00e9e par les parties - Dpress.ma\\\/fr\",\"isPartOf\":{\"@id\":\"https:\\\/\\\/dpress.ma\\\/fr\\\/#website\"},\"primaryImageOfPage\":{\"@id\":\"https:\\\/\\\/dpress.ma\\\/fr\\\/2026\\\/09\\\/05\\\/sahara-marocain-le-danemark-salue-le-plan-marocain-dautonomie-comme-bonne-base-pour-une-solution-agreee-par-les-parties\\\/#primaryimage\"},\"image\":{\"@id\":\"https:\\\/\\\/dpress.ma\\\/fr\\\/2026\\\/09\\\/05\\\/sahara-marocain-le-danemark-salue-le-plan-marocain-dautonomie-comme-bonne-base-pour-une-solution-agreee-par-les-parties\\\/#primaryimage\"},\"thumbnailUrl\":\"https:\\\/\\\/dpress.ma\\\/fr\\\/wp-content\\\/uploads\\\/sites\\\/2\\\/2026\\\/09\\\/Dpress3-Copie-3.jpg\",\"datePublished\":\"2026-09-05T09:43:29+00:00\",\"dateModified\":\"2026-09-05T09:43:32+00:00\",\"author\":{\"@id\":\"https:\\\/\\\/dpress.ma\\\/fr\\\/#\\\/schema\\\/person\\\/4898febf3ccd59e6578d838656a306a0\"},\"breadcrumb\":{\"@id\":\"https:\\\/\\\/dpress.ma\\\/fr\\\/2026\\\/09\\\/05\\\/sahara-marocain-le-danemark-salue-le-plan-marocain-dautonomie-comme-bonne-base-pour-une-solution-agreee-par-les-parties\\\/#breadcrumb\"},\"inLanguage\":\"fr-FR\",\"potentialAction\":[{\"@type\":\"ReadAction\",\"target\":[\"https:\\\/\\\/dpress.ma\\\/fr\\\/2026\\\/09\\\/05\\\/sahara-marocain-le-danemark-salue-le-plan-marocain-dautonomie-comme-bonne-base-pour-une-solution-agreee-par-les-parties\\\/\"]}]},{\"@type\":\"ImageObject\",\"inLanguage\":\"fr-FR\",\"@id\":\"https:\\\/\\\/dpress.ma\\\/fr\\\/2026\\\/09\\\/05\\\/sahara-marocain-le-danemark-salue-le-plan-marocain-dautonomie-comme-bonne-base-pour-une-solution-agreee-par-les-parties\\\/#primaryimage\",\"url\":\"https:\\\/\\\/dpress.ma\\\/fr\\\/wp-content\\\/uploads\\\/sites\\\/2\\\/2026\\\/09\\\/Dpress3-Copie-3.jpg\",\"contentUrl\":\"https:\\\/\\\/dpress.ma\\\/fr\\\/wp-content\\\/uploads\\\/sites\\\/2\\\/2026\\\/09\\\/Dpress3-Copie-3.jpg\",\"width\":2539,\"height\":1594},{\"@type\":\"BreadcrumbList\",\"@id\":\"https:\\\/\\\/dpress.ma\\\/fr\\\/2026\\\/09\\\/05\\\/sahara-marocain-le-danemark-salue-le-plan-marocain-dautonomie-comme-bonne-base-pour-une-solution-agreee-par-les-parties\\\/#breadcrumb\",\"itemListElement\":[{\"@type\":\"ListItem\",\"position\":1,\"name\":\"Home\",\"item\":\"https:\\\/\\\/dpress.ma\\\/fr\\\/\"},{\"@type\":\"ListItem\",\"position\":2,\"name\":\"Sahara marocain : Le Danemark salue le plan marocain d\u2019autonomie comme bonne base pour une solution agr\u00e9\u00e9e par les parties\"}]},{\"@type\":\"WebSite\",\"@id\":\"https:\\\/\\\/dpress.ma\\\/fr\\\/#website\",\"url\":\"https:\\\/\\\/dpress.ma\\\/fr\\\/\",\"name\":\"Dpress.ma\\\/fr\",\"description\":\"\",\"potentialAction\":[{\"@type\":\"SearchAction\",\"target\":{\"@type\":\"EntryPoint\",\"urlTemplate\":\"https:\\\/\\\/dpress.ma\\\/fr\\\/?s={search_term_string}\"},\"query-input\":{\"@type\":\"PropertyValueSpecification\",\"valueRequired\":true,\"valueName\":\"search_term_string\"}}],\"inLanguage\":\"fr-FR\"},{\"@type\":\"Person\",\"@id\":\"https:\\\/\\\/dpress.ma\\\/fr\\\/#\\\/schema\\\/person\\\/4898febf3ccd59e6578d838656a306a0\",\"name\":\"Dpress.ma\",\"image\":{\"@type\":\"ImageObject\",\"inLanguage\":\"fr-FR\",\"@id\":\"https:\\\/\\\/secure.gravatar.com\\\/avatar\\\/72ecc30e9db047a2e0e7176561eb9d564ed77c8108376495b19bd8336405198a?s=96&d=mm&r=g\",\"url\":\"https:\\\/\\\/secure.gravatar.com\\\/avatar\\\/72ecc30e9db047a2e0e7176561eb9d564ed77c8108376495b19bd8336405198a?s=96&d=mm&r=g\",\"contentUrl\":\"https:\\\/\\\/secure.gravatar.com\\\/avatar\\\/72ecc30e9db047a2e0e7176561eb9d564ed77c8108376495b19bd8336405198a?s=96&d=mm&r=g\",\"caption\":\"Dpress.ma\"},\"sameAs\":[\"https:\\\/\\\/www.dpress.ma\"],\"url\":\"https:\\\/\\\/dpress.ma\\\/fr\\\/author\\\/dpress-ma\\\/\"}]}<\/script>\n<!-- \/ Yoast SEO plugin. -->","yoast_head_json":{"title":"Sahara marocain : Le Danemark salue le plan marocain d\u2019autonomie comme bonne base pour une solution agr\u00e9\u00e9e par les parties - Dpress.ma\/fr","robots":{"index":"index","follow":"follow","max-snippet":"max-snippet:-1","max-image-preview":"max-image-preview:large","max-video-preview":"max-video-preview:-1"},"canonical":"https:\/\/dpress.ma\/fr\/2026\/09\/05\/sahara-marocain-le-danemark-salue-le-plan-marocain-dautonomie-comme-bonne-base-pour-une-solution-agreee-par-les-parties\/","og_locale":"fr_FR","og_type":"article","og_title":"Sahara marocain : Le Danemark salue le plan marocain d\u2019autonomie comme bonne base pour une solution agr\u00e9\u00e9e par les parties - Dpress.ma\/fr","og_description":"Dpress Le Danemark salue le plan marocain d\u2019autonomie comme bonne base pour une solution agr\u00e9\u00e9e par les parties \u00e0 la question du Sahara marocain. Cette position a \u00e9t\u00e9 exprim\u00e9e par le ministre danois des Affaires \u00e9trang\u00e8res, M. Lars L\u00f8kke Rasmussen, lors d\u2019une d\u00e9claration \u00e0 la presse \u00e0 l\u2019occasion de la visite de travail du ministre &hellip;","og_url":"https:\/\/dpress.ma\/fr\/2026\/09\/05\/sahara-marocain-le-danemark-salue-le-plan-marocain-dautonomie-comme-bonne-base-pour-une-solution-agreee-par-les-parties\/","og_site_name":"Dpress.ma\/fr","article_published_time":"2026-09-05T09:43:29+00:00","article_modified_time":"2026-09-05T09:43:32+00:00","og_image":[{"width":2539,"height":1594,"url":"https:\/\/dpress.ma\/fr\/wp-content\/uploads\/sites\/2\/2026\/09\/Dpress3-Copie-3.jpg","type":"image\/jpeg"}],"author":"Dpress.ma","twitter_card":"summary_large_image","twitter_misc":{"\u00c9crit par":"Dpress.ma","Dur\u00e9e de lecture estim\u00e9e":"2 minutes"},"schema":{"@context":"https:\/\/schema.org","@graph":[{"@type":"Article","@id":"https:\/\/dpress.ma\/fr\/2026\/09\/05\/sahara-marocain-le-danemark-salue-le-plan-marocain-dautonomie-comme-bonne-base-pour-une-solution-agreee-par-les-parties\/#article","isPartOf":{"@id":"https:\/\/dpress.ma\/fr\/2026\/09\/05\/sahara-marocain-le-danemark-salue-le-plan-marocain-dautonomie-comme-bonne-base-pour-une-solution-agreee-par-les-parties\/"},"author":{"name":"Dpress.ma","@id":"https:\/\/dpress.ma\/fr\/#\/schema\/person\/4898febf3ccd59e6578d838656a306a0"},"headline":"Sahara marocain : Le Danemark salue le plan marocain d\u2019autonomie comme bonne base pour une solution agr\u00e9\u00e9e par les parties","datePublished":"2026-09-05T09:43:29+00:00","dateModified":"2026-09-05T09:43:32+00:00","mainEntityOfPage":{"@id":"https:\/\/dpress.ma\/fr\/2026\/09\/05\/sahara-marocain-le-danemark-salue-le-plan-marocain-dautonomie-comme-bonne-base-pour-une-solution-agreee-par-les-parties\/"},"wordCount":243,"commentCount":0,"image":{"@id":"https:\/\/dpress.ma\/fr\/2026\/09\/05\/sahara-marocain-le-danemark-salue-le-plan-marocain-dautonomie-comme-bonne-base-pour-une-solution-agreee-par-les-parties\/#primaryimage"},"thumbnailUrl":"https:\/\/dpress.ma\/fr\/wp-content\/uploads\/sites\/2\/2026\/09\/Dpress3-Copie-3.jpg","articleSection":["Sahara Marocain"],"inLanguage":"fr-FR","potentialAction":[{"@type":"CommentAction","name":"Comment","target":["https:\/\/dpress.ma\/fr\/2026\/09\/05\/sahara-marocain-le-danemark-salue-le-plan-marocain-dautonomie-comme-bonne-base-pour-une-solution-agreee-par-les-parties\/#respond"]}]},{"@type":"WebPage","@id":"https:\/\/dpress.ma\/fr\/2026\/09\/05\/sahara-marocain-le-danemark-salue-le-plan-marocain-dautonomie-comme-bonne-base-pour-une-solution-agreee-par-les-parties\/","url":"https:\/\/dpress.ma\/fr\/2026\/09\/05\/sahara-marocain-le-danemark-salue-le-plan-marocain-dautonomie-comme-bonne-base-pour-une-solution-agreee-par-les-parties\/","name":"Sahara marocain : Le Danemark salue le plan marocain d\u2019autonomie comme bonne base pour une solution agr\u00e9\u00e9e par les parties - Dpress.ma\/fr","isPartOf":{"@id":"https:\/\/dpress.ma\/fr\/#website"},"primaryImageOfPage":{"@id":"https:\/\/dpress.ma\/fr\/2026\/09\/05\/sahara-marocain-le-danemark-salue-le-plan-marocain-dautonomie-comme-bonne-base-pour-une-solution-agreee-par-les-parties\/#primaryimage"},"image":{"@id":"https:\/\/dpress.ma\/fr\/2026\/09\/05\/sahara-marocain-le-danemark-salue-le-plan-marocain-dautonomie-comme-bonne-base-pour-une-solution-agreee-par-les-parties\/#primaryimage"},"thumbnailUrl":"https:\/\/dpress.ma\/fr\/wp-content\/uploads\/sites\/2\/2026\/09\/Dpress3-Copie-3.jpg","datePublished":"2026-09-05T09:43:29+00:00","dateModified":"2026-09-05T09:43:32+00:00","author":{"@id":"https:\/\/dpress.ma\/fr\/#\/schema\/person\/4898febf3ccd59e6578d838656a306a0"},"breadcrumb":{"@id":"https:\/\/dpress.ma\/fr\/2026\/09\/05\/sahara-marocain-le-danemark-salue-le-plan-marocain-dautonomie-comme-bonne-base-pour-une-solution-agreee-par-les-parties\/#breadcrumb"},"inLanguage":"fr-FR","potentialAction":[{"@type":"ReadAction","target":["https:\/\/dpress.ma\/fr\/2026\/09\/05\/sahara-marocain-le-danemark-salue-le-plan-marocain-dautonomie-comme-bonne-base-pour-une-solution-agreee-par-les-parties\/"]}]},{"@type":"ImageObject","inLanguage":"fr-FR","@id":"https:\/\/dpress.ma\/fr\/2026\/09\/05\/sahara-marocain-le-danemark-salue-le-plan-marocain-dautonomie-comme-bonne-base-pour-une-solution-agreee-par-les-parties\/#primaryimage","url":"https:\/\/dpress.ma\/fr\/wp-content\/uploads\/sites\/2\/2026\/09\/Dpress3-Copie-3.jpg","contentUrl":"https:\/\/dpress.ma\/fr\/wp-content\/uploads\/sites\/2\/2026\/09\/Dpress3-Copie-3.jpg","width":2539,"height":1594},{"@type":"BreadcrumbList","@id":"https:\/\/dpress.ma\/fr\/2026\/09\/05\/sahara-marocain-le-danemark-salue-le-plan-marocain-dautonomie-comme-bonne-base-pour-une-solution-agreee-par-les-parties\/#breadcrumb","itemListElement":[{"@type":"ListItem","position":1,"name":"Home","item":"https:\/\/dpress.ma\/fr\/"},{"@type":"ListItem","position":2,"name":"Sahara marocain : Le Danemark salue le plan marocain d\u2019autonomie comme bonne base pour une solution agr\u00e9\u00e9e par les parties"}]},{"@type":"WebSite","@id":"https:\/\/dpress.ma\/fr\/#website","url":"https:\/\/dpress.ma\/fr\/","name":"Dpress.ma\/fr","description":"","potentialAction":[{"@type":"SearchAction","target":{"@type":"EntryPoint","urlTemplate":"https:\/\/dpress.ma\/fr\/?s={search_term_string}"},"query-input":{"@type":"PropertyValueSpecification","valueRequired":true,"valueName":"search_term_string"}}],"inLanguage":"fr-FR"},{"@type":"Person","@id":"https:\/\/dpress.ma\/fr\/#\/schema\/person\/4898febf3ccd59e6578d838656a306a0","name":"Dpress.ma","image":{"@type":"ImageObject","inLanguage":"fr-FR","@id":"https:\/\/secure.gravatar.com\/avatar\/72ecc30e9db047a2e0e7176561eb9d564ed77c8108376495b19bd8336405198a?s=96&d=mm&r=g","url":"https:\/\/secure.gravatar.com\/avatar\/72ecc30e9db047a2e0e7176561eb9d564ed77c8108376495b19bd8336405198a?s=96&d=mm&r=g","contentUrl":"https:\/\/secure.gravatar.com\/avatar\/72ecc30e9db047a2e0e7176561eb9d564ed77c8108376495b19bd8336405198a?s=96&d=mm&r=g","caption":"Dpress.ma"},"sameAs":["https:\/\/www.dpress.ma"],"url":"https:\/\/dpress.ma\/fr\/author\/dpress-ma\/"}]}},"amp_enabled":true,"_links":{"self":[{"href":"https:\/\/dpress.ma\/fr\/wp-json\/wp\/v2\/posts\/38992","targetHints":{"allow":["GET"]}}],"collection":[{"href":"https:\/\/dpress.ma\/fr\/wp-json\/wp\/v2\/posts"}],"about":[{"href":"https:\/\/dpress.ma\/fr\/wp-json\/wp\/v2\/types\/post"}],"author":[{"embeddable":true,"href":"https:\/\/dpress.ma\/fr\/wp-json\/wp\/v2\/users\/2"}],"replies":[{"embeddable":true,"href":"https:\/\/dpress.ma\/fr\/wp-json\/wp\/v2\/comments?post=38992"}],"version-history":[{"count":1,"href":"https:\/\/dpress.ma\/fr\/wp-json\/wp\/v2\/posts\/38992\/revisions"}],"predecessor-version":[{"id":38994,"href":"https:\/\/dpress.ma\/fr\/wp-json\/wp\/v2\/posts\/38992\/revisions\/38994"}],"wp:featuredmedia":[{"embeddable":true,"href":"https:\/\/dpress.ma\/fr\/wp-json\/wp\/v2\/media\/38993"}],"wp:attachment":[{"href":"https:\/\/dpress.ma\/fr\/wp-json\/wp\/v2\/media?parent=38992"}],"wp:term":[{"taxonomy":"category","embeddable":true,"href":"https:\/\/dpress.ma\/fr\/wp-json\/wp\/v2\/categories?post=38992"},{"taxonomy":"post_tag","embeddable":true,"href":"https:\/\/dpress.ma\/fr\/wp-json\/wp\/v2\/tags?post=38992"}],"curies":[{"name":"wp","href":"https:\/\/api.w.org\/{rel}","templated":true}]}}