{"id":38982,"date":"2026-09-04T14:06:17","date_gmt":"2026-09-04T14:06:17","guid":{"rendered":"https:\/\/dpress.ma\/fr\/?p=38982"},"modified":"2026-09-04T14:06:21","modified_gmt":"2026-09-04T14:06:21","slug":"essaouira-interdiction-de-la-recolte-et-de-la-commercialisation-des-produits-conchylicoles-de-la-zone-oum-toyour-chouika","status":"publish","type":"post","link":"https:\/\/dpress.ma\/fr\/2026\/09\/04\/essaouira-interdiction-de-la-recolte-et-de-la-commercialisation-des-produits-conchylicoles-de-la-zone-oum-toyour-chouika\/","title":{"rendered":"Essaouira : Interdiction de la r\u00e9colte et de la commercialisation des produits conchylicoles de la zone Oum Toyour-Chouika"},"content":{"rendered":"\n<p class=\"wp-block-paragraph\">Dpress<\/p>\n\n\n\n<p class=\"wp-block-paragraph\">&nbsp;Le secr\u00e9tariat d\u2019\u00c9tat charg\u00e9 de la P\u00eache maritime a annonc\u00e9, vendredi, l&rsquo;interdiction de la r\u00e9colte et de la commercialisation des produits conchylicoles issus de la zone conchylicole class\u00e9e Oum Toyour-Chouika, relevant de la r\u00e9gion d&rsquo;Essaouira, et ce jusqu&rsquo;\u00e0 \u00e9puration totale du milieu.<\/p>\n\n\n\n<p class=\"wp-block-paragraph\">Cette d\u00e9cision intervient \u00e0 la lumi\u00e8re des r\u00e9sultats d&rsquo;analyses effectu\u00e9es par l&rsquo;Institut National de Recherche Halieutique (INRH) au niveau de ladite zone, qui d\u00e9notent la pr\u00e9sence de toxines marines dans les moules \u00e0 des teneurs d\u00e9passant les normes admises, indique un communiqu\u00e9 du secr\u00e9tariat d\u2019\u00c9tat charg\u00e9 de la P\u00eache maritime.<\/p>\n\n\n\n<p class=\"wp-block-paragraph\">En cons\u00e9quence, il est recommand\u00e9 aux consommateurs de ne s&rsquo;approvisionner qu&rsquo;en produits conditionn\u00e9s, portant les \u00e9tiquettes sanitaires d&rsquo;identification et commercialis\u00e9s dans les points de vente autoris\u00e9s (march\u00e9s officiels).<\/p>\n\n\n\n<p class=\"wp-block-paragraph\">Les produits conchylicoles colport\u00e9s ou vendus en vrac ne pr\u00e9sentent aucune garantie de salubrit\u00e9 et constituent un danger pour la sant\u00e9 publique.<\/p>\n","protected":false},"excerpt":{"rendered":"<p>Dpress &nbsp;Le secr\u00e9tariat d\u2019\u00c9tat charg\u00e9 de la P\u00eache maritime a annonc\u00e9, vendredi, l&rsquo;interdiction de la r\u00e9colte et de la commercialisation des produits conchylicoles issus de la zone conchylicole class\u00e9e Oum Toyour-Chouika, relevant de la r\u00e9gion d&rsquo;Essaouira, et ce jusqu&rsquo;\u00e0 \u00e9puration totale du milieu. Cette d\u00e9cision intervient \u00e0 la lumi\u00e8re des r\u00e9sultats d&rsquo;analyses effectu\u00e9es par l&rsquo;Institut &hellip;<\/p>\n","protected":false},"author":2,"featured_media":38983,"comment_status":"open","ping_status":"open","sticky":false,"template":"","format":"standard","meta":{"footnotes":""},"categories":[40],"tags":[],"class_list":["post-38982","post","type-post","status-publish","format-standard","has-post-thumbnail","hentry","category-societe-et-regions"],"yoast_head":"<!-- This site is optimized with the Yoast SEO plugin v28.0 - https:\/\/yoast.com\/product\/yoast-seo-wordpress\/ -->\n<title>Essaouira : Interdiction de la r\u00e9colte et de la commercialisation des produits conchylicoles de la zone Oum Toyour-Chouika - Dpress.ma\/fr<\/title>\n<meta name=\"robots\" content=\"index, follow, max-snippet:-1, max-image-preview:large, max-video-preview:-1\" \/>\n<link rel=\"canonical\" href=\"https:\/\/dpress.ma\/fr\/2026\/09\/04\/essaouira-interdiction-de-la-recolte-et-de-la-commercialisation-des-produits-conchylicoles-de-la-zone-oum-toyour-chouika\/\" \/>\n<meta property=\"og:locale\" content=\"fr_FR\" \/>\n<meta property=\"og:type\" content=\"article\" \/>\n<meta property=\"og:title\" content=\"Essaouira : Interdiction de la r\u00e9colte et de la commercialisation des produits conchylicoles de la zone Oum Toyour-Chouika - Dpress.ma\/fr\" \/>\n<meta property=\"og:description\" content=\"Dpress &nbsp;Le secr\u00e9tariat d\u2019\u00c9tat charg\u00e9 de la P\u00eache maritime a annonc\u00e9, vendredi, l&rsquo;interdiction de la r\u00e9colte et de la commercialisation des produits conchylicoles issus de la zone conchylicole class\u00e9e Oum Toyour-Chouika, relevant de la r\u00e9gion d&rsquo;Essaouira, et ce jusqu&rsquo;\u00e0 \u00e9puration totale du milieu. Cette d\u00e9cision intervient \u00e0 la lumi\u00e8re des r\u00e9sultats d&rsquo;analyses effectu\u00e9es par l&rsquo;Institut &hellip;\" \/>\n<meta property=\"og:url\" content=\"https:\/\/dpress.ma\/fr\/2026\/09\/04\/essaouira-interdiction-de-la-recolte-et-de-la-commercialisation-des-produits-conchylicoles-de-la-zone-oum-toyour-chouika\/\" \/>\n<meta property=\"og:site_name\" content=\"Dpress.ma\/fr\" \/>\n<meta property=\"article:published_time\" content=\"2026-09-04T14:06:17+00:00\" \/>\n<meta property=\"article:modified_time\" content=\"2026-09-04T14:06:21+00:00\" \/>\n<meta property=\"og:image\" content=\"https:\/\/dpress.ma\/fr\/wp-content\/uploads\/sites\/2\/2026\/09\/30-7-1024x643-1.jpg\" \/>\n\t<meta property=\"og:image:width\" content=\"1024\" \/>\n\t<meta property=\"og:image:height\" content=\"643\" \/>\n\t<meta property=\"og:image:type\" content=\"image\/jpeg\" \/>\n<meta name=\"author\" content=\"Dpress.ma\" \/>\n<meta name=\"twitter:card\" content=\"summary_large_image\" \/>\n<meta name=\"twitter:label1\" content=\"\u00c9crit par\" \/>\n\t<meta name=\"twitter:data1\" content=\"Dpress.ma\" \/>\n\t<meta name=\"twitter:label2\" content=\"Dur\u00e9e de lecture estim\u00e9e\" \/>\n\t<meta name=\"twitter:data2\" content=\"1 minute\" \/>\n<script type=\"application\/ld+json\" class=\"yoast-schema-graph\">{\"@context\":\"https:\\\/\\\/schema.org\",\"@graph\":[{\"@type\":\"Article\",\"@id\":\"https:\\\/\\\/dpress.ma\\\/fr\\\/2026\\\/09\\\/04\\\/essaouira-interdiction-de-la-recolte-et-de-la-commercialisation-des-produits-conchylicoles-de-la-zone-oum-toyour-chouika\\\/#article\",\"isPartOf\":{\"@id\":\"https:\\\/\\\/dpress.ma\\\/fr\\\/2026\\\/09\\\/04\\\/essaouira-interdiction-de-la-recolte-et-de-la-commercialisation-des-produits-conchylicoles-de-la-zone-oum-toyour-chouika\\\/\"},\"author\":{\"name\":\"Dpress.ma\",\"@id\":\"https:\\\/\\\/dpress.ma\\\/fr\\\/#\\\/schema\\\/person\\\/4898febf3ccd59e6578d838656a306a0\"},\"headline\":\"Essaouira : Interdiction de la r\u00e9colte et de la commercialisation des produits conchylicoles de la zone Oum Toyour-Chouika\",\"datePublished\":\"2026-09-04T14:06:17+00:00\",\"dateModified\":\"2026-09-04T14:06:21+00:00\",\"mainEntityOfPage\":{\"@id\":\"https:\\\/\\\/dpress.ma\\\/fr\\\/2026\\\/09\\\/04\\\/essaouira-interdiction-de-la-recolte-et-de-la-commercialisation-des-produits-conchylicoles-de-la-zone-oum-toyour-chouika\\\/\"},\"wordCount\":183,\"commentCount\":0,\"image\":{\"@id\":\"https:\\\/\\\/dpress.ma\\\/fr\\\/2026\\\/09\\\/04\\\/essaouira-interdiction-de-la-recolte-et-de-la-commercialisation-des-produits-conchylicoles-de-la-zone-oum-toyour-chouika\\\/#primaryimage\"},\"thumbnailUrl\":\"https:\\\/\\\/dpress.ma\\\/fr\\\/wp-content\\\/uploads\\\/sites\\\/2\\\/2026\\\/09\\\/30-7-1024x643-1.jpg\",\"articleSection\":[\"societe et regions\"],\"inLanguage\":\"fr-FR\",\"potentialAction\":[{\"@type\":\"CommentAction\",\"name\":\"Comment\",\"target\":[\"https:\\\/\\\/dpress.ma\\\/fr\\\/2026\\\/09\\\/04\\\/essaouira-interdiction-de-la-recolte-et-de-la-commercialisation-des-produits-conchylicoles-de-la-zone-oum-toyour-chouika\\\/#respond\"]}]},{\"@type\":\"WebPage\",\"@id\":\"https:\\\/\\\/dpress.ma\\\/fr\\\/2026\\\/09\\\/04\\\/essaouira-interdiction-de-la-recolte-et-de-la-commercialisation-des-produits-conchylicoles-de-la-zone-oum-toyour-chouika\\\/\",\"url\":\"https:\\\/\\\/dpress.ma\\\/fr\\\/2026\\\/09\\\/04\\\/essaouira-interdiction-de-la-recolte-et-de-la-commercialisation-des-produits-conchylicoles-de-la-zone-oum-toyour-chouika\\\/\",\"name\":\"Essaouira : Interdiction de la r\u00e9colte et de la commercialisation des produits conchylicoles de la zone Oum Toyour-Chouika - Dpress.ma\\\/fr\",\"isPartOf\":{\"@id\":\"https:\\\/\\\/dpress.ma\\\/fr\\\/#website\"},\"primaryImageOfPage\":{\"@id\":\"https:\\\/\\\/dpress.ma\\\/fr\\\/2026\\\/09\\\/04\\\/essaouira-interdiction-de-la-recolte-et-de-la-commercialisation-des-produits-conchylicoles-de-la-zone-oum-toyour-chouika\\\/#primaryimage\"},\"image\":{\"@id\":\"https:\\\/\\\/dpress.ma\\\/fr\\\/2026\\\/09\\\/04\\\/essaouira-interdiction-de-la-recolte-et-de-la-commercialisation-des-produits-conchylicoles-de-la-zone-oum-toyour-chouika\\\/#primaryimage\"},\"thumbnailUrl\":\"https:\\\/\\\/dpress.ma\\\/fr\\\/wp-content\\\/uploads\\\/sites\\\/2\\\/2026\\\/09\\\/30-7-1024x643-1.jpg\",\"datePublished\":\"2026-09-04T14:06:17+00:00\",\"dateModified\":\"2026-09-04T14:06:21+00:00\",\"author\":{\"@id\":\"https:\\\/\\\/dpress.ma\\\/fr\\\/#\\\/schema\\\/person\\\/4898febf3ccd59e6578d838656a306a0\"},\"breadcrumb\":{\"@id\":\"https:\\\/\\\/dpress.ma\\\/fr\\\/2026\\\/09\\\/04\\\/essaouira-interdiction-de-la-recolte-et-de-la-commercialisation-des-produits-conchylicoles-de-la-zone-oum-toyour-chouika\\\/#breadcrumb\"},\"inLanguage\":\"fr-FR\",\"potentialAction\":[{\"@type\":\"ReadAction\",\"target\":[\"https:\\\/\\\/dpress.ma\\\/fr\\\/2026\\\/09\\\/04\\\/essaouira-interdiction-de-la-recolte-et-de-la-commercialisation-des-produits-conchylicoles-de-la-zone-oum-toyour-chouika\\\/\"]}]},{\"@type\":\"ImageObject\",\"inLanguage\":\"fr-FR\",\"@id\":\"https:\\\/\\\/dpress.ma\\\/fr\\\/2026\\\/09\\\/04\\\/essaouira-interdiction-de-la-recolte-et-de-la-commercialisation-des-produits-conchylicoles-de-la-zone-oum-toyour-chouika\\\/#primaryimage\",\"url\":\"https:\\\/\\\/dpress.ma\\\/fr\\\/wp-content\\\/uploads\\\/sites\\\/2\\\/2026\\\/09\\\/30-7-1024x643-1.jpg\",\"contentUrl\":\"https:\\\/\\\/dpress.ma\\\/fr\\\/wp-content\\\/uploads\\\/sites\\\/2\\\/2026\\\/09\\\/30-7-1024x643-1.jpg\",\"width\":1024,\"height\":643},{\"@type\":\"BreadcrumbList\",\"@id\":\"https:\\\/\\\/dpress.ma\\\/fr\\\/2026\\\/09\\\/04\\\/essaouira-interdiction-de-la-recolte-et-de-la-commercialisation-des-produits-conchylicoles-de-la-zone-oum-toyour-chouika\\\/#breadcrumb\",\"itemListElement\":[{\"@type\":\"ListItem\",\"position\":1,\"name\":\"Home\",\"item\":\"https:\\\/\\\/dpress.ma\\\/fr\\\/\"},{\"@type\":\"ListItem\",\"position\":2,\"name\":\"Essaouira : Interdiction de la r\u00e9colte et de la commercialisation des produits conchylicoles de la zone Oum Toyour-Chouika\"}]},{\"@type\":\"WebSite\",\"@id\":\"https:\\\/\\\/dpress.ma\\\/fr\\\/#website\",\"url\":\"https:\\\/\\\/dpress.ma\\\/fr\\\/\",\"name\":\"Dpress.ma\\\/fr\",\"description\":\"\",\"potentialAction\":[{\"@type\":\"SearchAction\",\"target\":{\"@type\":\"EntryPoint\",\"urlTemplate\":\"https:\\\/\\\/dpress.ma\\\/fr\\\/?s={search_term_string}\"},\"query-input\":{\"@type\":\"PropertyValueSpecification\",\"valueRequired\":true,\"valueName\":\"search_term_string\"}}],\"inLanguage\":\"fr-FR\"},{\"@type\":\"Person\",\"@id\":\"https:\\\/\\\/dpress.ma\\\/fr\\\/#\\\/schema\\\/person\\\/4898febf3ccd59e6578d838656a306a0\",\"name\":\"Dpress.ma\",\"image\":{\"@type\":\"ImageObject\",\"inLanguage\":\"fr-FR\",\"@id\":\"https:\\\/\\\/secure.gravatar.com\\\/avatar\\\/72ecc30e9db047a2e0e7176561eb9d564ed77c8108376495b19bd8336405198a?s=96&d=mm&r=g\",\"url\":\"https:\\\/\\\/secure.gravatar.com\\\/avatar\\\/72ecc30e9db047a2e0e7176561eb9d564ed77c8108376495b19bd8336405198a?s=96&d=mm&r=g\",\"contentUrl\":\"https:\\\/\\\/secure.gravatar.com\\\/avatar\\\/72ecc30e9db047a2e0e7176561eb9d564ed77c8108376495b19bd8336405198a?s=96&d=mm&r=g\",\"caption\":\"Dpress.ma\"},\"sameAs\":[\"https:\\\/\\\/www.dpress.ma\"],\"url\":\"https:\\\/\\\/dpress.ma\\\/fr\\\/author\\\/dpress-ma\\\/\"}]}<\/script>\n<!-- \/ Yoast SEO plugin. -->","yoast_head_json":{"title":"Essaouira : Interdiction de la r\u00e9colte et de la commercialisation des produits conchylicoles de la zone Oum Toyour-Chouika - Dpress.ma\/fr","robots":{"index":"index","follow":"follow","max-snippet":"max-snippet:-1","max-image-preview":"max-image-preview:large","max-video-preview":"max-video-preview:-1"},"canonical":"https:\/\/dpress.ma\/fr\/2026\/09\/04\/essaouira-interdiction-de-la-recolte-et-de-la-commercialisation-des-produits-conchylicoles-de-la-zone-oum-toyour-chouika\/","og_locale":"fr_FR","og_type":"article","og_title":"Essaouira : Interdiction de la r\u00e9colte et de la commercialisation des produits conchylicoles de la zone Oum Toyour-Chouika - Dpress.ma\/fr","og_description":"Dpress &nbsp;Le secr\u00e9tariat d\u2019\u00c9tat charg\u00e9 de la P\u00eache maritime a annonc\u00e9, vendredi, l&rsquo;interdiction de la r\u00e9colte et de la commercialisation des produits conchylicoles issus de la zone conchylicole class\u00e9e Oum Toyour-Chouika, relevant de la r\u00e9gion d&rsquo;Essaouira, et ce jusqu&rsquo;\u00e0 \u00e9puration totale du milieu. Cette d\u00e9cision intervient \u00e0 la lumi\u00e8re des r\u00e9sultats d&rsquo;analyses effectu\u00e9es par l&rsquo;Institut &hellip;","og_url":"https:\/\/dpress.ma\/fr\/2026\/09\/04\/essaouira-interdiction-de-la-recolte-et-de-la-commercialisation-des-produits-conchylicoles-de-la-zone-oum-toyour-chouika\/","og_site_name":"Dpress.ma\/fr","article_published_time":"2026-09-04T14:06:17+00:00","article_modified_time":"2026-09-04T14:06:21+00:00","og_image":[{"width":1024,"height":643,"url":"https:\/\/dpress.ma\/fr\/wp-content\/uploads\/sites\/2\/2026\/09\/30-7-1024x643-1.jpg","type":"image\/jpeg"}],"author":"Dpress.ma","twitter_card":"summary_large_image","twitter_misc":{"\u00c9crit par":"Dpress.ma","Dur\u00e9e de lecture estim\u00e9e":"1 minute"},"schema":{"@context":"https:\/\/schema.org","@graph":[{"@type":"Article","@id":"https:\/\/dpress.ma\/fr\/2026\/09\/04\/essaouira-interdiction-de-la-recolte-et-de-la-commercialisation-des-produits-conchylicoles-de-la-zone-oum-toyour-chouika\/#article","isPartOf":{"@id":"https:\/\/dpress.ma\/fr\/2026\/09\/04\/essaouira-interdiction-de-la-recolte-et-de-la-commercialisation-des-produits-conchylicoles-de-la-zone-oum-toyour-chouika\/"},"author":{"name":"Dpress.ma","@id":"https:\/\/dpress.ma\/fr\/#\/schema\/person\/4898febf3ccd59e6578d838656a306a0"},"headline":"Essaouira : Interdiction de la r\u00e9colte et de la commercialisation des produits conchylicoles de la zone Oum Toyour-Chouika","datePublished":"2026-09-04T14:06:17+00:00","dateModified":"2026-09-04T14:06:21+00:00","mainEntityOfPage":{"@id":"https:\/\/dpress.ma\/fr\/2026\/09\/04\/essaouira-interdiction-de-la-recolte-et-de-la-commercialisation-des-produits-conchylicoles-de-la-zone-oum-toyour-chouika\/"},"wordCount":183,"commentCount":0,"image":{"@id":"https:\/\/dpress.ma\/fr\/2026\/09\/04\/essaouira-interdiction-de-la-recolte-et-de-la-commercialisation-des-produits-conchylicoles-de-la-zone-oum-toyour-chouika\/#primaryimage"},"thumbnailUrl":"https:\/\/dpress.ma\/fr\/wp-content\/uploads\/sites\/2\/2026\/09\/30-7-1024x643-1.jpg","articleSection":["societe et regions"],"inLanguage":"fr-FR","potentialAction":[{"@type":"CommentAction","name":"Comment","target":["https:\/\/dpress.ma\/fr\/2026\/09\/04\/essaouira-interdiction-de-la-recolte-et-de-la-commercialisation-des-produits-conchylicoles-de-la-zone-oum-toyour-chouika\/#respond"]}]},{"@type":"WebPage","@id":"https:\/\/dpress.ma\/fr\/2026\/09\/04\/essaouira-interdiction-de-la-recolte-et-de-la-commercialisation-des-produits-conchylicoles-de-la-zone-oum-toyour-chouika\/","url":"https:\/\/dpress.ma\/fr\/2026\/09\/04\/essaouira-interdiction-de-la-recolte-et-de-la-commercialisation-des-produits-conchylicoles-de-la-zone-oum-toyour-chouika\/","name":"Essaouira : Interdiction de la r\u00e9colte et de la commercialisation des produits conchylicoles de la zone Oum Toyour-Chouika - Dpress.ma\/fr","isPartOf":{"@id":"https:\/\/dpress.ma\/fr\/#website"},"primaryImageOfPage":{"@id":"https:\/\/dpress.ma\/fr\/2026\/09\/04\/essaouira-interdiction-de-la-recolte-et-de-la-commercialisation-des-produits-conchylicoles-de-la-zone-oum-toyour-chouika\/#primaryimage"},"image":{"@id":"https:\/\/dpress.ma\/fr\/2026\/09\/04\/essaouira-interdiction-de-la-recolte-et-de-la-commercialisation-des-produits-conchylicoles-de-la-zone-oum-toyour-chouika\/#primaryimage"},"thumbnailUrl":"https:\/\/dpress.ma\/fr\/wp-content\/uploads\/sites\/2\/2026\/09\/30-7-1024x643-1.jpg","datePublished":"2026-09-04T14:06:17+00:00","dateModified":"2026-09-04T14:06:21+00:00","author":{"@id":"https:\/\/dpress.ma\/fr\/#\/schema\/person\/4898febf3ccd59e6578d838656a306a0"},"breadcrumb":{"@id":"https:\/\/dpress.ma\/fr\/2026\/09\/04\/essaouira-interdiction-de-la-recolte-et-de-la-commercialisation-des-produits-conchylicoles-de-la-zone-oum-toyour-chouika\/#breadcrumb"},"inLanguage":"fr-FR","potentialAction":[{"@type":"ReadAction","target":["https:\/\/dpress.ma\/fr\/2026\/09\/04\/essaouira-interdiction-de-la-recolte-et-de-la-commercialisation-des-produits-conchylicoles-de-la-zone-oum-toyour-chouika\/"]}]},{"@type":"ImageObject","inLanguage":"fr-FR","@id":"https:\/\/dpress.ma\/fr\/2026\/09\/04\/essaouira-interdiction-de-la-recolte-et-de-la-commercialisation-des-produits-conchylicoles-de-la-zone-oum-toyour-chouika\/#primaryimage","url":"https:\/\/dpress.ma\/fr\/wp-content\/uploads\/sites\/2\/2026\/09\/30-7-1024x643-1.jpg","contentUrl":"https:\/\/dpress.ma\/fr\/wp-content\/uploads\/sites\/2\/2026\/09\/30-7-1024x643-1.jpg","width":1024,"height":643},{"@type":"BreadcrumbList","@id":"https:\/\/dpress.ma\/fr\/2026\/09\/04\/essaouira-interdiction-de-la-recolte-et-de-la-commercialisation-des-produits-conchylicoles-de-la-zone-oum-toyour-chouika\/#breadcrumb","itemListElement":[{"@type":"ListItem","position":1,"name":"Home","item":"https:\/\/dpress.ma\/fr\/"},{"@type":"ListItem","position":2,"name":"Essaouira : Interdiction de la r\u00e9colte et de la commercialisation des produits conchylicoles de la zone Oum Toyour-Chouika"}]},{"@type":"WebSite","@id":"https:\/\/dpress.ma\/fr\/#website","url":"https:\/\/dpress.ma\/fr\/","name":"Dpress.ma\/fr","description":"","potentialAction":[{"@type":"SearchAction","target":{"@type":"EntryPoint","urlTemplate":"https:\/\/dpress.ma\/fr\/?s={search_term_string}"},"query-input":{"@type":"PropertyValueSpecification","valueRequired":true,"valueName":"search_term_string"}}],"inLanguage":"fr-FR"},{"@type":"Person","@id":"https:\/\/dpress.ma\/fr\/#\/schema\/person\/4898febf3ccd59e6578d838656a306a0","name":"Dpress.ma","image":{"@type":"ImageObject","inLanguage":"fr-FR","@id":"https:\/\/secure.gravatar.com\/avatar\/72ecc30e9db047a2e0e7176561eb9d564ed77c8108376495b19bd8336405198a?s=96&d=mm&r=g","url":"https:\/\/secure.gravatar.com\/avatar\/72ecc30e9db047a2e0e7176561eb9d564ed77c8108376495b19bd8336405198a?s=96&d=mm&r=g","contentUrl":"https:\/\/secure.gravatar.com\/avatar\/72ecc30e9db047a2e0e7176561eb9d564ed77c8108376495b19bd8336405198a?s=96&d=mm&r=g","caption":"Dpress.ma"},"sameAs":["https:\/\/www.dpress.ma"],"url":"https:\/\/dpress.ma\/fr\/author\/dpress-ma\/"}]}},"amp_enabled":true,"_links":{"self":[{"href":"https:\/\/dpress.ma\/fr\/wp-json\/wp\/v2\/posts\/38982","targetHints":{"allow":["GET"]}}],"collection":[{"href":"https:\/\/dpress.ma\/fr\/wp-json\/wp\/v2\/posts"}],"about":[{"href":"https:\/\/dpress.ma\/fr\/wp-json\/wp\/v2\/types\/post"}],"author":[{"embeddable":true,"href":"https:\/\/dpress.ma\/fr\/wp-json\/wp\/v2\/users\/2"}],"replies":[{"embeddable":true,"href":"https:\/\/dpress.ma\/fr\/wp-json\/wp\/v2\/comments?post=38982"}],"version-history":[{"count":1,"href":"https:\/\/dpress.ma\/fr\/wp-json\/wp\/v2\/posts\/38982\/revisions"}],"predecessor-version":[{"id":38984,"href":"https:\/\/dpress.ma\/fr\/wp-json\/wp\/v2\/posts\/38982\/revisions\/38984"}],"wp:featuredmedia":[{"embeddable":true,"href":"https:\/\/dpress.ma\/fr\/wp-json\/wp\/v2\/media\/38983"}],"wp:attachment":[{"href":"https:\/\/dpress.ma\/fr\/wp-json\/wp\/v2\/media?parent=38982"}],"wp:term":[{"taxonomy":"category","embeddable":true,"href":"https:\/\/dpress.ma\/fr\/wp-json\/wp\/v2\/categories?post=38982"},{"taxonomy":"post_tag","embeddable":true,"href":"https:\/\/dpress.ma\/fr\/wp-json\/wp\/v2\/tags?post=38982"}],"curies":[{"name":"wp","href":"https:\/\/api.w.org\/{rel}","templated":true}]}}