{"id":38974,"date":"2026-09-04T13:20:47","date_gmt":"2026-09-04T13:20:47","guid":{"rendered":"https:\/\/dpress.ma\/fr\/?p=38974"},"modified":"2026-09-04T13:20:50","modified_gmt":"2026-09-04T13:20:50","slug":"legislatives-2026-la-jeunesse-de-draa-tafilalet-entre-engagement-citoyen-et-attentes-pour-lavenir","status":"publish","type":"post","link":"https:\/\/dpress.ma\/fr\/2026\/09\/04\/legislatives-2026-la-jeunesse-de-draa-tafilalet-entre-engagement-citoyen-et-attentes-pour-lavenir\/","title":{"rendered":"L\u00e9gislatives 2026 : La jeunesse de Dr\u00e2a-Tafilalet entre engagement citoyen et attentes pour l\u2019avenir"},"content":{"rendered":"\n<p class=\"wp-block-paragraph\">Dpress<\/p>\n\n\n\n<p class=\"wp-block-paragraph\">\u00c0 l&rsquo;approche des \u00e9lections l\u00e9gislatives, pr\u00e9vues le mercredi 23 septembre, les attentes des jeunes de la r\u00e9gion Dr\u00e2a-Tafilalet sont au centre du d\u00e9bat public avec des enjeux qui vont au-del\u00e0 de la campagne \u00e9lectorale pour toucher aux sujets intrins\u00e8quement li\u00e9s \u00e0 l&#8217;emploi, la formation, la simplification des proc\u00e9dures administratives, le d\u00e9veloppement territorial, le soutien \u00e0 l\u2019action associative et le renforcement de la participation citoyenne.<\/p>\n\n\n\n<p class=\"wp-block-paragraph\">Pour nombre de jeunes, les slogans et les promesses g\u00e9n\u00e9rales ne suffisent pas s&rsquo;ils ne se traduisent pas par des programmes concrets et r\u00e9alisables. Ces programmes doivent r\u00e9pondre aux attentes d&rsquo;une population qui aspire \u00e0 un r\u00f4le plus clair dans les politiques publiques et \u00e0 un v\u00e9ritable engagement, lui permettant de devenir un partenaire \u00e0 part enti\u00e8re dans la proposition, l\u2019initiative et l\u2019\u00e9laboration de solutions.<\/p>\n\n\n\n<p class=\"wp-block-paragraph\">En fait, ces \u00e9ch\u00e9ances \u00e9lectorales rev\u00eatent une importance particuli\u00e8re en ce sens qu\u2019elles offrent l&rsquo;opportunit\u00e9 de renouveler les institutions repr\u00e9sentatives et de mettre \u00e0 l\u2019\u00e9preuve la capacit\u00e9 des acteurs politiques \u00e0 r\u00e9pondre aux pr\u00e9occupations des citoyens, notamment des jeunes.<\/p>\n\n\n\n<p class=\"wp-block-paragraph\">A cet \u00e9gard, l\u2019\u00e9tudiant Achraf Baslam, voit son premier vote comme l&rsquo;occasion de choisir un repr\u00e9sentant qui incarne ses aspirations de citoyen et, plus particuli\u00e8rement, celles des jeunes.<\/p>\n\n\n\n<p class=\"wp-block-paragraph\">Pour Achraf (23 ans), les priorit\u00e9s des jeunes de la r\u00e9gion de Dr\u00e2a-Tafilalet concernent principalement l&rsquo;\u00e9ducation, la sant\u00e9 et la formation, ainsi que l&rsquo;acc\u00e8s \u00e0 des espaces de culture et de sport, et le renforcement des perspectives d&#8217;emploi.<\/p>\n\n\n\n<p class=\"wp-block-paragraph\">Il souligne que la participation \u00e9lectorale des jeunes peut faire une r\u00e9elle diff\u00e9rence, compte tenu du poids d\u00e9mographique de cette tranche d&rsquo;\u00e2ge dans la soci\u00e9t\u00e9, tout en mettant en lumi\u00e8re l&rsquo;influence croissante des r\u00e9seaux sociaux sur la conception de leurs opinions concernant les candidats et les programmes \u00e9lectoraux.<\/p>\n\n\n\n<p class=\"wp-block-paragraph\">Il en est de m\u00eame pour Abdessamad, acteur associatif \u00e0 Errich, qui estime que les jeunes esp\u00e8rent que les prochaines \u00e9lections ouvriront un d\u00e9bat de fond sur le r\u00f4le de l&rsquo;engagement associatif dans leur accompagnement et leur d\u00e9veloppement. Les associations locales constituent, a-t-il dit, souvent le premier lieu o\u00f9 les jeunes d\u00e9couvrent le sens de la participation, du b\u00e9n\u00e9volat et de la prise de responsabilit\u00e9.<\/p>\n\n\n\n<p class=\"wp-block-paragraph\">Dans une d\u00e9claration \u00e0 la MAP, il affirme que le soutien \u00e0 l&rsquo;engagement associatif requiert des programmes r\u00e9guliers et des partenariats solides entre les communes territoriales, les \u00e9tablissements comp\u00e9tents et les associations actives. Cela, explique Abdessamad, permettrait une meilleure participation des jeunes aux activit\u00e9s culturelles, sportives et \u00e9ducatives, et leur offrirait de r\u00e9elles opportunit\u00e9s de formation et de mentorat.<\/p>\n\n\n\n<p class=\"wp-block-paragraph\">D&rsquo;un autre point de vue, Othmane, auto-entrepreneur de Midelt, place la simplification des d\u00e9marches administratives au c\u0153ur des attentes d&rsquo;une large partie des jeunes porteurs de projets.<\/p>\n\n\n\n<p class=\"wp-block-paragraph\">Pour lui, il est impossible de parler d&rsquo;encouragement \u00e0 l&rsquo;entrepreneuriat sans favoriser un processus administratif clair et simplifi\u00e9 qui all\u00e8ge le fardeau des petites entreprises et des auto-entrepreneurs.<\/p>\n\n\n\n<p class=\"wp-block-paragraph\">Othman souligne que les prochaines \u00e9lections devraient \u00e9galement \u00eatre l&rsquo;occasion de pr\u00e9senter des programmes concrets en faveur des jeunes entrepreneurs, ax\u00e9s sur la simplification administrative, la digitalisation, le rapprochement des services et la cr\u00e9ation de centres d&rsquo;accompagnement et de conseil.<\/p>\n\n\n\n<p class=\"wp-block-paragraph\">Ces diff\u00e9rents t\u00e9moignages, \u00e9manant de profils divers, convergent autour d\u2019une m\u00eame exigence, celle d\u2019une jeunesse qui aspire \u00e0 des r\u00e9ponses concr\u00e8tes et \u00e0 la qu\u00eate d\u2019une repr\u00e9sentation plus proche, des institutions interactives et des politiques qui \u00e9rigent les jeunes en v\u00e9ritables acteurs du d\u00e9veloppement local.<\/p>\n","protected":false},"excerpt":{"rendered":"<p>Dpress \u00c0 l&rsquo;approche des \u00e9lections l\u00e9gislatives, pr\u00e9vues le mercredi 23 septembre, les attentes des jeunes de la r\u00e9gion Dr\u00e2a-Tafilalet sont au centre du d\u00e9bat public avec des enjeux qui vont au-del\u00e0 de la campagne \u00e9lectorale pour toucher aux sujets intrins\u00e8quement li\u00e9s \u00e0 l&#8217;emploi, la formation, la simplification des proc\u00e9dures administratives, le d\u00e9veloppement territorial, le soutien &hellip;<\/p>\n","protected":false},"author":2,"featured_media":38967,"comment_status":"open","ping_status":"open","sticky":false,"template":"","format":"standard","meta":{"footnotes":""},"categories":[40],"tags":[],"class_list":["post-38974","post","type-post","status-publish","format-standard","has-post-thumbnail","hentry","category-societe-et-regions"],"yoast_head":"<!-- This site is optimized with the Yoast SEO plugin v28.0 - https:\/\/yoast.com\/product\/yoast-seo-wordpress\/ -->\n<title>L\u00e9gislatives 2026 : La jeunesse de Dr\u00e2a-Tafilalet entre engagement citoyen et attentes pour l\u2019avenir - Dpress.ma\/fr<\/title>\n<meta name=\"robots\" content=\"index, follow, max-snippet:-1, max-image-preview:large, max-video-preview:-1\" \/>\n<link rel=\"canonical\" href=\"https:\/\/dpress.ma\/fr\/2026\/09\/04\/legislatives-2026-la-jeunesse-de-draa-tafilalet-entre-engagement-citoyen-et-attentes-pour-lavenir\/\" \/>\n<meta property=\"og:locale\" content=\"fr_FR\" \/>\n<meta property=\"og:type\" content=\"article\" \/>\n<meta property=\"og:title\" content=\"L\u00e9gislatives 2026 : La jeunesse de Dr\u00e2a-Tafilalet entre engagement citoyen et attentes pour l\u2019avenir - Dpress.ma\/fr\" \/>\n<meta property=\"og:description\" content=\"Dpress \u00c0 l&rsquo;approche des \u00e9lections l\u00e9gislatives, pr\u00e9vues le mercredi 23 septembre, les attentes des jeunes de la r\u00e9gion Dr\u00e2a-Tafilalet sont au centre du d\u00e9bat public avec des enjeux qui vont au-del\u00e0 de la campagne \u00e9lectorale pour toucher aux sujets intrins\u00e8quement li\u00e9s \u00e0 l&#8217;emploi, la formation, la simplification des proc\u00e9dures administratives, le d\u00e9veloppement territorial, le soutien &hellip;\" \/>\n<meta property=\"og:url\" content=\"https:\/\/dpress.ma\/fr\/2026\/09\/04\/legislatives-2026-la-jeunesse-de-draa-tafilalet-entre-engagement-citoyen-et-attentes-pour-lavenir\/\" \/>\n<meta property=\"og:site_name\" content=\"Dpress.ma\/fr\" \/>\n<meta property=\"article:published_time\" content=\"2026-09-04T13:20:47+00:00\" \/>\n<meta property=\"article:modified_time\" content=\"2026-09-04T13:20:50+00:00\" \/>\n<meta property=\"og:image\" content=\"https:\/\/dpress.ma\/fr\/wp-content\/uploads\/sites\/2\/2026\/09\/la-vie-politique-et-partisane.jpg\" \/>\n\t<meta property=\"og:image:width\" content=\"2539\" \/>\n\t<meta property=\"og:image:height\" content=\"1594\" \/>\n\t<meta property=\"og:image:type\" content=\"image\/jpeg\" \/>\n<meta name=\"author\" content=\"Dpress.ma\" \/>\n<meta name=\"twitter:card\" content=\"summary_large_image\" \/>\n<meta name=\"twitter:label1\" content=\"\u00c9crit par\" \/>\n\t<meta name=\"twitter:data1\" content=\"Dpress.ma\" \/>\n\t<meta name=\"twitter:label2\" content=\"Dur\u00e9e de lecture estim\u00e9e\" \/>\n\t<meta name=\"twitter:data2\" content=\"4 minutes\" \/>\n<script type=\"application\/ld+json\" class=\"yoast-schema-graph\">{\"@context\":\"https:\\\/\\\/schema.org\",\"@graph\":[{\"@type\":\"Article\",\"@id\":\"https:\\\/\\\/dpress.ma\\\/fr\\\/2026\\\/09\\\/04\\\/legislatives-2026-la-jeunesse-de-draa-tafilalet-entre-engagement-citoyen-et-attentes-pour-lavenir\\\/#article\",\"isPartOf\":{\"@id\":\"https:\\\/\\\/dpress.ma\\\/fr\\\/2026\\\/09\\\/04\\\/legislatives-2026-la-jeunesse-de-draa-tafilalet-entre-engagement-citoyen-et-attentes-pour-lavenir\\\/\"},\"author\":{\"name\":\"Dpress.ma\",\"@id\":\"https:\\\/\\\/dpress.ma\\\/fr\\\/#\\\/schema\\\/person\\\/4898febf3ccd59e6578d838656a306a0\"},\"headline\":\"L\u00e9gislatives 2026 : La jeunesse de Dr\u00e2a-Tafilalet entre engagement citoyen et attentes pour l\u2019avenir\",\"datePublished\":\"2026-09-04T13:20:47+00:00\",\"dateModified\":\"2026-09-04T13:20:50+00:00\",\"mainEntityOfPage\":{\"@id\":\"https:\\\/\\\/dpress.ma\\\/fr\\\/2026\\\/09\\\/04\\\/legislatives-2026-la-jeunesse-de-draa-tafilalet-entre-engagement-citoyen-et-attentes-pour-lavenir\\\/\"},\"wordCount\":619,\"commentCount\":0,\"image\":{\"@id\":\"https:\\\/\\\/dpress.ma\\\/fr\\\/2026\\\/09\\\/04\\\/legislatives-2026-la-jeunesse-de-draa-tafilalet-entre-engagement-citoyen-et-attentes-pour-lavenir\\\/#primaryimage\"},\"thumbnailUrl\":\"https:\\\/\\\/dpress.ma\\\/fr\\\/wp-content\\\/uploads\\\/sites\\\/2\\\/2026\\\/09\\\/la-vie-politique-et-partisane.jpg\",\"articleSection\":[\"societe et regions\"],\"inLanguage\":\"fr-FR\",\"potentialAction\":[{\"@type\":\"CommentAction\",\"name\":\"Comment\",\"target\":[\"https:\\\/\\\/dpress.ma\\\/fr\\\/2026\\\/09\\\/04\\\/legislatives-2026-la-jeunesse-de-draa-tafilalet-entre-engagement-citoyen-et-attentes-pour-lavenir\\\/#respond\"]}]},{\"@type\":\"WebPage\",\"@id\":\"https:\\\/\\\/dpress.ma\\\/fr\\\/2026\\\/09\\\/04\\\/legislatives-2026-la-jeunesse-de-draa-tafilalet-entre-engagement-citoyen-et-attentes-pour-lavenir\\\/\",\"url\":\"https:\\\/\\\/dpress.ma\\\/fr\\\/2026\\\/09\\\/04\\\/legislatives-2026-la-jeunesse-de-draa-tafilalet-entre-engagement-citoyen-et-attentes-pour-lavenir\\\/\",\"name\":\"L\u00e9gislatives 2026 : La jeunesse de Dr\u00e2a-Tafilalet entre engagement citoyen et attentes pour l\u2019avenir - Dpress.ma\\\/fr\",\"isPartOf\":{\"@id\":\"https:\\\/\\\/dpress.ma\\\/fr\\\/#website\"},\"primaryImageOfPage\":{\"@id\":\"https:\\\/\\\/dpress.ma\\\/fr\\\/2026\\\/09\\\/04\\\/legislatives-2026-la-jeunesse-de-draa-tafilalet-entre-engagement-citoyen-et-attentes-pour-lavenir\\\/#primaryimage\"},\"image\":{\"@id\":\"https:\\\/\\\/dpress.ma\\\/fr\\\/2026\\\/09\\\/04\\\/legislatives-2026-la-jeunesse-de-draa-tafilalet-entre-engagement-citoyen-et-attentes-pour-lavenir\\\/#primaryimage\"},\"thumbnailUrl\":\"https:\\\/\\\/dpress.ma\\\/fr\\\/wp-content\\\/uploads\\\/sites\\\/2\\\/2026\\\/09\\\/la-vie-politique-et-partisane.jpg\",\"datePublished\":\"2026-09-04T13:20:47+00:00\",\"dateModified\":\"2026-09-04T13:20:50+00:00\",\"author\":{\"@id\":\"https:\\\/\\\/dpress.ma\\\/fr\\\/#\\\/schema\\\/person\\\/4898febf3ccd59e6578d838656a306a0\"},\"breadcrumb\":{\"@id\":\"https:\\\/\\\/dpress.ma\\\/fr\\\/2026\\\/09\\\/04\\\/legislatives-2026-la-jeunesse-de-draa-tafilalet-entre-engagement-citoyen-et-attentes-pour-lavenir\\\/#breadcrumb\"},\"inLanguage\":\"fr-FR\",\"potentialAction\":[{\"@type\":\"ReadAction\",\"target\":[\"https:\\\/\\\/dpress.ma\\\/fr\\\/2026\\\/09\\\/04\\\/legislatives-2026-la-jeunesse-de-draa-tafilalet-entre-engagement-citoyen-et-attentes-pour-lavenir\\\/\"]}]},{\"@type\":\"ImageObject\",\"inLanguage\":\"fr-FR\",\"@id\":\"https:\\\/\\\/dpress.ma\\\/fr\\\/2026\\\/09\\\/04\\\/legislatives-2026-la-jeunesse-de-draa-tafilalet-entre-engagement-citoyen-et-attentes-pour-lavenir\\\/#primaryimage\",\"url\":\"https:\\\/\\\/dpress.ma\\\/fr\\\/wp-content\\\/uploads\\\/sites\\\/2\\\/2026\\\/09\\\/la-vie-politique-et-partisane.jpg\",\"contentUrl\":\"https:\\\/\\\/dpress.ma\\\/fr\\\/wp-content\\\/uploads\\\/sites\\\/2\\\/2026\\\/09\\\/la-vie-politique-et-partisane.jpg\",\"width\":2539,\"height\":1594},{\"@type\":\"BreadcrumbList\",\"@id\":\"https:\\\/\\\/dpress.ma\\\/fr\\\/2026\\\/09\\\/04\\\/legislatives-2026-la-jeunesse-de-draa-tafilalet-entre-engagement-citoyen-et-attentes-pour-lavenir\\\/#breadcrumb\",\"itemListElement\":[{\"@type\":\"ListItem\",\"position\":1,\"name\":\"Home\",\"item\":\"https:\\\/\\\/dpress.ma\\\/fr\\\/\"},{\"@type\":\"ListItem\",\"position\":2,\"name\":\"L\u00e9gislatives 2026 : La jeunesse de Dr\u00e2a-Tafilalet entre engagement citoyen et attentes pour l\u2019avenir\"}]},{\"@type\":\"WebSite\",\"@id\":\"https:\\\/\\\/dpress.ma\\\/fr\\\/#website\",\"url\":\"https:\\\/\\\/dpress.ma\\\/fr\\\/\",\"name\":\"Dpress.ma\\\/fr\",\"description\":\"\",\"potentialAction\":[{\"@type\":\"SearchAction\",\"target\":{\"@type\":\"EntryPoint\",\"urlTemplate\":\"https:\\\/\\\/dpress.ma\\\/fr\\\/?s={search_term_string}\"},\"query-input\":{\"@type\":\"PropertyValueSpecification\",\"valueRequired\":true,\"valueName\":\"search_term_string\"}}],\"inLanguage\":\"fr-FR\"},{\"@type\":\"Person\",\"@id\":\"https:\\\/\\\/dpress.ma\\\/fr\\\/#\\\/schema\\\/person\\\/4898febf3ccd59e6578d838656a306a0\",\"name\":\"Dpress.ma\",\"image\":{\"@type\":\"ImageObject\",\"inLanguage\":\"fr-FR\",\"@id\":\"https:\\\/\\\/secure.gravatar.com\\\/avatar\\\/72ecc30e9db047a2e0e7176561eb9d564ed77c8108376495b19bd8336405198a?s=96&d=mm&r=g\",\"url\":\"https:\\\/\\\/secure.gravatar.com\\\/avatar\\\/72ecc30e9db047a2e0e7176561eb9d564ed77c8108376495b19bd8336405198a?s=96&d=mm&r=g\",\"contentUrl\":\"https:\\\/\\\/secure.gravatar.com\\\/avatar\\\/72ecc30e9db047a2e0e7176561eb9d564ed77c8108376495b19bd8336405198a?s=96&d=mm&r=g\",\"caption\":\"Dpress.ma\"},\"sameAs\":[\"https:\\\/\\\/www.dpress.ma\"],\"url\":\"https:\\\/\\\/dpress.ma\\\/fr\\\/author\\\/dpress-ma\\\/\"}]}<\/script>\n<!-- \/ Yoast SEO plugin. -->","yoast_head_json":{"title":"L\u00e9gislatives 2026 : La jeunesse de Dr\u00e2a-Tafilalet entre engagement citoyen et attentes pour l\u2019avenir - Dpress.ma\/fr","robots":{"index":"index","follow":"follow","max-snippet":"max-snippet:-1","max-image-preview":"max-image-preview:large","max-video-preview":"max-video-preview:-1"},"canonical":"https:\/\/dpress.ma\/fr\/2026\/09\/04\/legislatives-2026-la-jeunesse-de-draa-tafilalet-entre-engagement-citoyen-et-attentes-pour-lavenir\/","og_locale":"fr_FR","og_type":"article","og_title":"L\u00e9gislatives 2026 : La jeunesse de Dr\u00e2a-Tafilalet entre engagement citoyen et attentes pour l\u2019avenir - Dpress.ma\/fr","og_description":"Dpress \u00c0 l&rsquo;approche des \u00e9lections l\u00e9gislatives, pr\u00e9vues le mercredi 23 septembre, les attentes des jeunes de la r\u00e9gion Dr\u00e2a-Tafilalet sont au centre du d\u00e9bat public avec des enjeux qui vont au-del\u00e0 de la campagne \u00e9lectorale pour toucher aux sujets intrins\u00e8quement li\u00e9s \u00e0 l&#8217;emploi, la formation, la simplification des proc\u00e9dures administratives, le d\u00e9veloppement territorial, le soutien &hellip;","og_url":"https:\/\/dpress.ma\/fr\/2026\/09\/04\/legislatives-2026-la-jeunesse-de-draa-tafilalet-entre-engagement-citoyen-et-attentes-pour-lavenir\/","og_site_name":"Dpress.ma\/fr","article_published_time":"2026-09-04T13:20:47+00:00","article_modified_time":"2026-09-04T13:20:50+00:00","og_image":[{"width":2539,"height":1594,"url":"https:\/\/dpress.ma\/fr\/wp-content\/uploads\/sites\/2\/2026\/09\/la-vie-politique-et-partisane.jpg","type":"image\/jpeg"}],"author":"Dpress.ma","twitter_card":"summary_large_image","twitter_misc":{"\u00c9crit par":"Dpress.ma","Dur\u00e9e de lecture estim\u00e9e":"4 minutes"},"schema":{"@context":"https:\/\/schema.org","@graph":[{"@type":"Article","@id":"https:\/\/dpress.ma\/fr\/2026\/09\/04\/legislatives-2026-la-jeunesse-de-draa-tafilalet-entre-engagement-citoyen-et-attentes-pour-lavenir\/#article","isPartOf":{"@id":"https:\/\/dpress.ma\/fr\/2026\/09\/04\/legislatives-2026-la-jeunesse-de-draa-tafilalet-entre-engagement-citoyen-et-attentes-pour-lavenir\/"},"author":{"name":"Dpress.ma","@id":"https:\/\/dpress.ma\/fr\/#\/schema\/person\/4898febf3ccd59e6578d838656a306a0"},"headline":"L\u00e9gislatives 2026 : La jeunesse de Dr\u00e2a-Tafilalet entre engagement citoyen et attentes pour l\u2019avenir","datePublished":"2026-09-04T13:20:47+00:00","dateModified":"2026-09-04T13:20:50+00:00","mainEntityOfPage":{"@id":"https:\/\/dpress.ma\/fr\/2026\/09\/04\/legislatives-2026-la-jeunesse-de-draa-tafilalet-entre-engagement-citoyen-et-attentes-pour-lavenir\/"},"wordCount":619,"commentCount":0,"image":{"@id":"https:\/\/dpress.ma\/fr\/2026\/09\/04\/legislatives-2026-la-jeunesse-de-draa-tafilalet-entre-engagement-citoyen-et-attentes-pour-lavenir\/#primaryimage"},"thumbnailUrl":"https:\/\/dpress.ma\/fr\/wp-content\/uploads\/sites\/2\/2026\/09\/la-vie-politique-et-partisane.jpg","articleSection":["societe et regions"],"inLanguage":"fr-FR","potentialAction":[{"@type":"CommentAction","name":"Comment","target":["https:\/\/dpress.ma\/fr\/2026\/09\/04\/legislatives-2026-la-jeunesse-de-draa-tafilalet-entre-engagement-citoyen-et-attentes-pour-lavenir\/#respond"]}]},{"@type":"WebPage","@id":"https:\/\/dpress.ma\/fr\/2026\/09\/04\/legislatives-2026-la-jeunesse-de-draa-tafilalet-entre-engagement-citoyen-et-attentes-pour-lavenir\/","url":"https:\/\/dpress.ma\/fr\/2026\/09\/04\/legislatives-2026-la-jeunesse-de-draa-tafilalet-entre-engagement-citoyen-et-attentes-pour-lavenir\/","name":"L\u00e9gislatives 2026 : La jeunesse de Dr\u00e2a-Tafilalet entre engagement citoyen et attentes pour l\u2019avenir - Dpress.ma\/fr","isPartOf":{"@id":"https:\/\/dpress.ma\/fr\/#website"},"primaryImageOfPage":{"@id":"https:\/\/dpress.ma\/fr\/2026\/09\/04\/legislatives-2026-la-jeunesse-de-draa-tafilalet-entre-engagement-citoyen-et-attentes-pour-lavenir\/#primaryimage"},"image":{"@id":"https:\/\/dpress.ma\/fr\/2026\/09\/04\/legislatives-2026-la-jeunesse-de-draa-tafilalet-entre-engagement-citoyen-et-attentes-pour-lavenir\/#primaryimage"},"thumbnailUrl":"https:\/\/dpress.ma\/fr\/wp-content\/uploads\/sites\/2\/2026\/09\/la-vie-politique-et-partisane.jpg","datePublished":"2026-09-04T13:20:47+00:00","dateModified":"2026-09-04T13:20:50+00:00","author":{"@id":"https:\/\/dpress.ma\/fr\/#\/schema\/person\/4898febf3ccd59e6578d838656a306a0"},"breadcrumb":{"@id":"https:\/\/dpress.ma\/fr\/2026\/09\/04\/legislatives-2026-la-jeunesse-de-draa-tafilalet-entre-engagement-citoyen-et-attentes-pour-lavenir\/#breadcrumb"},"inLanguage":"fr-FR","potentialAction":[{"@type":"ReadAction","target":["https:\/\/dpress.ma\/fr\/2026\/09\/04\/legislatives-2026-la-jeunesse-de-draa-tafilalet-entre-engagement-citoyen-et-attentes-pour-lavenir\/"]}]},{"@type":"ImageObject","inLanguage":"fr-FR","@id":"https:\/\/dpress.ma\/fr\/2026\/09\/04\/legislatives-2026-la-jeunesse-de-draa-tafilalet-entre-engagement-citoyen-et-attentes-pour-lavenir\/#primaryimage","url":"https:\/\/dpress.ma\/fr\/wp-content\/uploads\/sites\/2\/2026\/09\/la-vie-politique-et-partisane.jpg","contentUrl":"https:\/\/dpress.ma\/fr\/wp-content\/uploads\/sites\/2\/2026\/09\/la-vie-politique-et-partisane.jpg","width":2539,"height":1594},{"@type":"BreadcrumbList","@id":"https:\/\/dpress.ma\/fr\/2026\/09\/04\/legislatives-2026-la-jeunesse-de-draa-tafilalet-entre-engagement-citoyen-et-attentes-pour-lavenir\/#breadcrumb","itemListElement":[{"@type":"ListItem","position":1,"name":"Home","item":"https:\/\/dpress.ma\/fr\/"},{"@type":"ListItem","position":2,"name":"L\u00e9gislatives 2026 : La jeunesse de Dr\u00e2a-Tafilalet entre engagement citoyen et attentes pour l\u2019avenir"}]},{"@type":"WebSite","@id":"https:\/\/dpress.ma\/fr\/#website","url":"https:\/\/dpress.ma\/fr\/","name":"Dpress.ma\/fr","description":"","potentialAction":[{"@type":"SearchAction","target":{"@type":"EntryPoint","urlTemplate":"https:\/\/dpress.ma\/fr\/?s={search_term_string}"},"query-input":{"@type":"PropertyValueSpecification","valueRequired":true,"valueName":"search_term_string"}}],"inLanguage":"fr-FR"},{"@type":"Person","@id":"https:\/\/dpress.ma\/fr\/#\/schema\/person\/4898febf3ccd59e6578d838656a306a0","name":"Dpress.ma","image":{"@type":"ImageObject","inLanguage":"fr-FR","@id":"https:\/\/secure.gravatar.com\/avatar\/72ecc30e9db047a2e0e7176561eb9d564ed77c8108376495b19bd8336405198a?s=96&d=mm&r=g","url":"https:\/\/secure.gravatar.com\/avatar\/72ecc30e9db047a2e0e7176561eb9d564ed77c8108376495b19bd8336405198a?s=96&d=mm&r=g","contentUrl":"https:\/\/secure.gravatar.com\/avatar\/72ecc30e9db047a2e0e7176561eb9d564ed77c8108376495b19bd8336405198a?s=96&d=mm&r=g","caption":"Dpress.ma"},"sameAs":["https:\/\/www.dpress.ma"],"url":"https:\/\/dpress.ma\/fr\/author\/dpress-ma\/"}]}},"amp_enabled":true,"_links":{"self":[{"href":"https:\/\/dpress.ma\/fr\/wp-json\/wp\/v2\/posts\/38974","targetHints":{"allow":["GET"]}}],"collection":[{"href":"https:\/\/dpress.ma\/fr\/wp-json\/wp\/v2\/posts"}],"about":[{"href":"https:\/\/dpress.ma\/fr\/wp-json\/wp\/v2\/types\/post"}],"author":[{"embeddable":true,"href":"https:\/\/dpress.ma\/fr\/wp-json\/wp\/v2\/users\/2"}],"replies":[{"embeddable":true,"href":"https:\/\/dpress.ma\/fr\/wp-json\/wp\/v2\/comments?post=38974"}],"version-history":[{"count":1,"href":"https:\/\/dpress.ma\/fr\/wp-json\/wp\/v2\/posts\/38974\/revisions"}],"predecessor-version":[{"id":38975,"href":"https:\/\/dpress.ma\/fr\/wp-json\/wp\/v2\/posts\/38974\/revisions\/38975"}],"wp:featuredmedia":[{"embeddable":true,"href":"https:\/\/dpress.ma\/fr\/wp-json\/wp\/v2\/media\/38967"}],"wp:attachment":[{"href":"https:\/\/dpress.ma\/fr\/wp-json\/wp\/v2\/media?parent=38974"}],"wp:term":[{"taxonomy":"category","embeddable":true,"href":"https:\/\/dpress.ma\/fr\/wp-json\/wp\/v2\/categories?post=38974"},{"taxonomy":"post_tag","embeddable":true,"href":"https:\/\/dpress.ma\/fr\/wp-json\/wp\/v2\/tags?post=38974"}],"curies":[{"name":"wp","href":"https:\/\/api.w.org\/{rel}","templated":true}]}}