{"id":38971,"date":"2026-09-04T13:20:06","date_gmt":"2026-09-04T13:20:06","guid":{"rendered":"https:\/\/dpress.ma\/fr\/?p=38971"},"modified":"2026-09-04T13:20:08","modified_gmt":"2026-09-04T13:20:08","slug":"tamesloht-la-valorisation-du-tissage-traditionnel-entre-preservation-dun-savoir-faire-ancestral-et-transmission-aux-nouvelles-generations","status":"publish","type":"post","link":"https:\/\/dpress.ma\/fr\/2026\/09\/04\/tamesloht-la-valorisation-du-tissage-traditionnel-entre-preservation-dun-savoir-faire-ancestral-et-transmission-aux-nouvelles-generations\/","title":{"rendered":"Tamesloht : la valorisation du tissage traditionnel, entre pr\u00e9servation d\u2019un savoir-faire ancestral et transmission aux nouvelles g\u00e9n\u00e9rations"},"content":{"rendered":"\n<p class=\"wp-block-paragraph\">Dpress<\/p>\n\n\n\n<p class=\"wp-block-paragraph\">\u00c0 Tamesloht, commune relevant de la province d\u2019Al Haouz, le tissage traditionnel s\u2019impose comme l\u2019un des savoir-faire artisanaux qui contribuent \u00e0 fa\u00e7onner l\u2019identit\u00e9 de cette localit\u00e9, connue de longue date pour la richesse de son patrimoine artisanal, notamment la poterie et les m\u00e9tiers li\u00e9s au textile.<\/p>\n\n\n\n<p class=\"wp-block-paragraph\">Favoris\u00e9e par l&rsquo;abondance de la laine (soufa) dans la commune, cette activit\u00e9 s\u2019est d\u00e9velopp\u00e9e au fil des g\u00e9n\u00e9rations autour de la transformation de cette mati\u00e8re premi\u00e8re en diff\u00e9rents produits traditionnels, notamment le ha\u00efk et d\u2019autres pi\u00e8ces destin\u00e9es \u00e0 l\u2019habillement, faisant du tissage un savoir-faire profond\u00e9ment ancr\u00e9 dans les pratiques et la m\u00e9moire artisanale locale.<\/p>\n\n\n\n<p class=\"wp-block-paragraph\">Longtemps transmis de mani\u00e8re traditionnelle, le m\u00e9tier de la dr\u00e2za conna\u00eet depuis quelques ann\u00e9es un regain d\u2019int\u00e9r\u00eat \u00e0 travers des initiatives visant \u00e0 valoriser, le faire conna\u00eetre davantage, \u00e0 renforcer les comp\u00e9tences des artisans et \u00e0 encourager la formation des jeunes.<\/p>\n\n\n\n<p class=\"wp-block-paragraph\">Pour Hassan Tihim, pr\u00e9sident de l\u2019Association Al Islah des artisans \u00e0 Tamesloht, cette dynamique de valorisation doit permettre de pr\u00e9server un patrimoine artisanal tout en donnant \u00e0 cette activit\u00e9 de nouvelles perspectives.<\/p>\n\n\n\n<p class=\"wp-block-paragraph\">\u00ab\u00a0Tamesloht est connue depuis longtemps pour son artisanat, notamment la poterie, mais \u00e9galement pour les m\u00e9tiers li\u00e9s au textile. La disponibilit\u00e9 de la laine dans la r\u00e9gion a favoris\u00e9 le d\u00e9veloppement de savoir-faire permettant aux artisans de produire diff\u00e9rents articles traditionnels, dont le ha\u00efk et d\u2019autres pi\u00e8ces destin\u00e9es \u00e0 l\u2019habillement\u00a0\u00bb, a-t-il expliqu\u00e9 dans une d\u00e9claration \u00e0 la MAP.<\/p>\n\n\n\n<p class=\"wp-block-paragraph\">Il a relev\u00e9 que le m\u00e9tier de la dr\u00e2za, qui a b\u00e9n\u00e9fici\u00e9 r\u00e9cemment d\u2019une attention accrue, constitue un savoir-faire qu\u2019il convient de pr\u00e9server et de transmettre, soulignant que les initiatives de formation repr\u00e9sentent un moyen essentiel pour assurer sa continuit\u00e9.<\/p>\n\n\n\n<p class=\"wp-block-paragraph\">\u00ab\u00a0Nous avons \u0153uvr\u00e9 \u00e0 mettre davantage en avant ce domaine et \u00e0 accompagner les personnes qui souhaitent apprendre ce m\u00e9tier. La formation des jeunes est aujourd\u2019hui particuli\u00e8rement importante, car ils sont de moins en moins nombreux \u00e0 s\u2019orienter vers les m\u00e9tiers de l\u2019artisanat. La commune a donc encore besoin d\u2019un accompagnement et d\u2019un soutien permettant de renforcer ce secteur et d\u2019offrir aux jeunes de v\u00e9ritables perspectives dans ces m\u00e9tiers\u00a0\u00bb, a-t-il poursuivi.<\/p>\n\n\n\n<p class=\"wp-block-paragraph\">Dans cette perspective, plusieurs initiatives locales sont consacr\u00e9es \u00e0 la transmission des techniques et \u00e0 l\u2019accompagnement des personnes d\u00e9sireuses de s\u2019investir dans cette activit\u00e9.<\/p>\n\n\n\n<p class=\"wp-block-paragraph\">Abdessadek Ezzeki, fondateur de la Coop\u00e9rative Art Tissage Tam, a indiqu\u00e9 que la coop\u00e9rative accorde une importance particuli\u00e8re \u00e0 la formation, en proposant un accompagnement aux personnes souhaitant apprendre les techniques du tissage et int\u00e9grer ce domaine.<\/p>\n\n\n\n<p class=\"wp-block-paragraph\">\u00ab\u00a0Notre coop\u00e9rative organise des formations au profit des personnes souhaitant se lancer dans ce domaine. Nous cherchons \u00e0 transmettre les techniques et les connaissances n\u00e9cessaires \u00e0 l\u2019exercice de ce m\u00e9tier, tout en encourageant les jeunes \u00e0 d\u00e9couvrir les opportunit\u00e9s qu\u2019offre l\u2019artisanat\u00a0\u00bb, a-t-il soulign\u00e9.<\/p>\n\n\n\n<p class=\"wp-block-paragraph\">Il a \u00e9galement mis l\u2019accent sur la n\u00e9cessit\u00e9 de faire \u00e9voluer les produits issus du tissage traditionnel en fonction des attentes des consommateurs, tout en veillant \u00e0 pr\u00e9server leur caract\u00e8re artisanal et leur identit\u00e9.<\/p>\n\n\n\n<p class=\"wp-block-paragraph\">De son c\u00f4t\u00e9, Hicham Berdouzi, directeur r\u00e9gional de l\u2019Artisanat de la r\u00e9gion Marrakech-Safi, a soulign\u00e9 que le secteur du tissage et de la dr\u00e2za constitue un savoir-faire ancien, profond\u00e9ment enracin\u00e9 dans la culture et le patrimoine artisanal marocains.<\/p>\n\n\n\n<p class=\"wp-block-paragraph\">\u00ab\u00a0Le secteur du tissage et de la dr\u00e2za est tr\u00e8s ancien. Il constitue une partie de notre culture et de notre patrimoine, ce qui impose de pr\u00e9server ces savoir-faire, de les valoriser et de travailler \u00e0 leur transmission aux nouvelles g\u00e9n\u00e9rations\u00a0\u00bb, a-t-il d\u00e9clar\u00e9.<\/p>\n\n\n\n<p class=\"wp-block-paragraph\">Berdouzi a relev\u00e9, \u00e0 cet \u00e9gard, le poids \u00e9conomique de cette fili\u00e8re, pr\u00e9cisant que les exportations ont atteint 13 millions de dirhams (MDH) en 2025, tandis que plus de 500 artisans sont enregistr\u00e9s au niveau de la pr\u00e9fecture de Marrakech et de la province d\u2019Al Haouz, dont une importante partie est \u00e9tablie \u00e0 Tamesloht.<\/p>\n\n\n\n<p class=\"wp-block-paragraph\">Il a, par ailleurs, mis en avant les efforts du Minist\u00e8re du Tourisme, de l\u2019Artisanat et de l\u2019\u00c9conomie sociale et solidaire en faveur du d\u00e9veloppement de cette activit\u00e9 et de l\u2019am\u00e9lioration des conditions de travail et de production des artisans.<\/p>\n\n\n\n<p class=\"wp-block-paragraph\">Dans ce cadre, il a fait \u00e9tat de l\u2019extension de l\u2019Ensemble d\u2019Artisanat de Tamesloht, r\u00e9alis\u00e9e pour un investissement de 7 MDH, afin de renforcer les infrastructures d\u00e9di\u00e9es aux professionnels et de leur offrir des espaces adapt\u00e9s \u00e0 la production et \u00e0 la formation.<\/p>\n\n\n\n<p class=\"wp-block-paragraph\">\u00ab\u00a0Le Minist\u00e8re du Tourisme, de l\u2019Artisanat et de l\u2019\u00c9conomie sociale et solidaire \u0153uvre \u00e0 accompagner les artisans, \u00e0 am\u00e9liorer leurs conditions de production et \u00e0 renforcer leurs comp\u00e9tences, notamment \u00e0 travers la formation\u00a0\u00bb, a-t-il indiqu\u00e9.<\/p>\n\n\n\n<p class=\"wp-block-paragraph\">Il a \u00e9galement soulign\u00e9 les actions engag\u00e9es pour am\u00e9liorer la qualit\u00e9 des produits artisanaux et renforcer leur comp\u00e9titivit\u00e9, notamment \u00e0 travers les d\u00e9marches de certification et de normalisation, ainsi que la diversification et l\u2019adaptation des produits aux besoins du march\u00e9.<\/p>\n\n\n\n<p class=\"wp-block-paragraph\">\u00ab\u00a0Nous travaillons sur l\u2019am\u00e9lioration de la qualit\u00e9 du produit \u00e0 travers notamment la certification et la normalisation, mais \u00e9galement sur sa diversification afin de r\u00e9pondre aux nouvelles utilisations et aux besoins des clients. Il est important que les produits artisanaux puissent conserver leur identit\u00e9 tout en s\u2019adaptant \u00e0 l\u2019\u00e9volution de la demande\u00a0\u00bb, a-t-il expliqu\u00e9.<\/p>\n\n\n\n<p class=\"wp-block-paragraph\">La formation des artisans et des jeunes constitue, selon lui, un autre axe majeur de cette d\u00e9marche, l\u2019objectif \u00e9tant de renforcer les comp\u00e9tences professionnelles, d\u2019am\u00e9liorer les techniques de production et d\u2019assurer la rel\u00e8ve dans les diff\u00e9rents m\u00e9tiers du secteur.<\/p>\n\n\n\n<p class=\"wp-block-paragraph\">\u00c0 Tamesloht, la pr\u00e9servation du tissage traditionnel d\u00e9passe ainsi la seule sauvegarde d\u2019une technique artisanale. Elle repr\u00e9sente un enjeu de transmission d\u2019un patrimoine culturel vivant, mais \u00e9galement une opportunit\u00e9 de cr\u00e9er de nouvelles perspectives \u00e9conomiques pour les artisans et les jeunes de la r\u00e9gion.<\/p>\n\n\n\n<p class=\"wp-block-paragraph\">Entre valorisation des savoir-faire ancestraux, am\u00e9lioration de la qualit\u00e9, diversification des produits, formation et accompagnement des professionnels, les efforts d\u00e9ploy\u00e9s visent \u00e0 donner un nouvel \u00e9lan au tissage et \u00e0 la dr\u00e2za, tout en conciliant pr\u00e9servation de l\u2019identit\u00e9 artisanale et adaptation aux exigences du march\u00e9.<\/p>\n","protected":false},"excerpt":{"rendered":"<p>Dpress \u00c0 Tamesloht, commune relevant de la province d\u2019Al Haouz, le tissage traditionnel s\u2019impose comme l\u2019un des savoir-faire artisanaux qui contribuent \u00e0 fa\u00e7onner l\u2019identit\u00e9 de cette localit\u00e9, connue de longue date pour la richesse de son patrimoine artisanal, notamment la poterie et les m\u00e9tiers li\u00e9s au textile. Favoris\u00e9e par l&rsquo;abondance de la laine (soufa) dans &hellip;<\/p>\n","protected":false},"author":2,"featured_media":38972,"comment_status":"open","ping_status":"open","sticky":false,"template":"","format":"standard","meta":{"footnotes":""},"categories":[40],"tags":[],"class_list":["post-38971","post","type-post","status-publish","format-standard","has-post-thumbnail","hentry","category-societe-et-regions"],"yoast_head":"<!-- This site is optimized with the Yoast SEO plugin v28.0 - https:\/\/yoast.com\/product\/yoast-seo-wordpress\/ -->\n<title>Tamesloht : la valorisation du tissage traditionnel, entre pr\u00e9servation d\u2019un savoir-faire ancestral et transmission aux nouvelles g\u00e9n\u00e9rations - Dpress.ma\/fr<\/title>\n<meta name=\"robots\" content=\"index, follow, max-snippet:-1, max-image-preview:large, max-video-preview:-1\" \/>\n<link rel=\"canonical\" href=\"https:\/\/dpress.ma\/fr\/2026\/09\/04\/tamesloht-la-valorisation-du-tissage-traditionnel-entre-preservation-dun-savoir-faire-ancestral-et-transmission-aux-nouvelles-generations\/\" \/>\n<meta property=\"og:locale\" content=\"fr_FR\" \/>\n<meta property=\"og:type\" content=\"article\" \/>\n<meta property=\"og:title\" content=\"Tamesloht : la valorisation du tissage traditionnel, entre pr\u00e9servation d\u2019un savoir-faire ancestral et transmission aux nouvelles g\u00e9n\u00e9rations - Dpress.ma\/fr\" \/>\n<meta property=\"og:description\" content=\"Dpress \u00c0 Tamesloht, commune relevant de la province d\u2019Al Haouz, le tissage traditionnel s\u2019impose comme l\u2019un des savoir-faire artisanaux qui contribuent \u00e0 fa\u00e7onner l\u2019identit\u00e9 de cette localit\u00e9, connue de longue date pour la richesse de son patrimoine artisanal, notamment la poterie et les m\u00e9tiers li\u00e9s au textile. Favoris\u00e9e par l&rsquo;abondance de la laine (soufa) dans &hellip;\" \/>\n<meta property=\"og:url\" content=\"https:\/\/dpress.ma\/fr\/2026\/09\/04\/tamesloht-la-valorisation-du-tissage-traditionnel-entre-preservation-dun-savoir-faire-ancestral-et-transmission-aux-nouvelles-generations\/\" \/>\n<meta property=\"og:site_name\" content=\"Dpress.ma\/fr\" \/>\n<meta property=\"article:published_time\" content=\"2026-09-04T13:20:06+00:00\" \/>\n<meta property=\"article:modified_time\" content=\"2026-09-04T13:20:08+00:00\" \/>\n<meta property=\"og:image\" content=\"https:\/\/dpress.ma\/fr\/wp-content\/uploads\/sites\/2\/2026\/09\/8.jpg\" \/>\n\t<meta property=\"og:image:width\" content=\"2539\" \/>\n\t<meta property=\"og:image:height\" content=\"1594\" \/>\n\t<meta property=\"og:image:type\" content=\"image\/jpeg\" \/>\n<meta name=\"author\" content=\"Dpress.ma\" \/>\n<meta name=\"twitter:card\" content=\"summary_large_image\" \/>\n<meta name=\"twitter:label1\" content=\"\u00c9crit par\" \/>\n\t<meta name=\"twitter:data1\" content=\"Dpress.ma\" \/>\n\t<meta name=\"twitter:label2\" content=\"Dur\u00e9e de lecture estim\u00e9e\" \/>\n\t<meta name=\"twitter:data2\" content=\"6 minutes\" \/>\n<script type=\"application\/ld+json\" class=\"yoast-schema-graph\">{\"@context\":\"https:\\\/\\\/schema.org\",\"@graph\":[{\"@type\":\"Article\",\"@id\":\"https:\\\/\\\/dpress.ma\\\/fr\\\/2026\\\/09\\\/04\\\/tamesloht-la-valorisation-du-tissage-traditionnel-entre-preservation-dun-savoir-faire-ancestral-et-transmission-aux-nouvelles-generations\\\/#article\",\"isPartOf\":{\"@id\":\"https:\\\/\\\/dpress.ma\\\/fr\\\/2026\\\/09\\\/04\\\/tamesloht-la-valorisation-du-tissage-traditionnel-entre-preservation-dun-savoir-faire-ancestral-et-transmission-aux-nouvelles-generations\\\/\"},\"author\":{\"name\":\"Dpress.ma\",\"@id\":\"https:\\\/\\\/dpress.ma\\\/fr\\\/#\\\/schema\\\/person\\\/4898febf3ccd59e6578d838656a306a0\"},\"headline\":\"Tamesloht : la valorisation du tissage traditionnel, entre pr\u00e9servation d\u2019un savoir-faire ancestral et transmission aux nouvelles g\u00e9n\u00e9rations\",\"datePublished\":\"2026-09-04T13:20:06+00:00\",\"dateModified\":\"2026-09-04T13:20:08+00:00\",\"mainEntityOfPage\":{\"@id\":\"https:\\\/\\\/dpress.ma\\\/fr\\\/2026\\\/09\\\/04\\\/tamesloht-la-valorisation-du-tissage-traditionnel-entre-preservation-dun-savoir-faire-ancestral-et-transmission-aux-nouvelles-generations\\\/\"},\"wordCount\":1091,\"commentCount\":0,\"image\":{\"@id\":\"https:\\\/\\\/dpress.ma\\\/fr\\\/2026\\\/09\\\/04\\\/tamesloht-la-valorisation-du-tissage-traditionnel-entre-preservation-dun-savoir-faire-ancestral-et-transmission-aux-nouvelles-generations\\\/#primaryimage\"},\"thumbnailUrl\":\"https:\\\/\\\/dpress.ma\\\/fr\\\/wp-content\\\/uploads\\\/sites\\\/2\\\/2026\\\/09\\\/8.jpg\",\"articleSection\":[\"societe et regions\"],\"inLanguage\":\"fr-FR\",\"potentialAction\":[{\"@type\":\"CommentAction\",\"name\":\"Comment\",\"target\":[\"https:\\\/\\\/dpress.ma\\\/fr\\\/2026\\\/09\\\/04\\\/tamesloht-la-valorisation-du-tissage-traditionnel-entre-preservation-dun-savoir-faire-ancestral-et-transmission-aux-nouvelles-generations\\\/#respond\"]}]},{\"@type\":\"WebPage\",\"@id\":\"https:\\\/\\\/dpress.ma\\\/fr\\\/2026\\\/09\\\/04\\\/tamesloht-la-valorisation-du-tissage-traditionnel-entre-preservation-dun-savoir-faire-ancestral-et-transmission-aux-nouvelles-generations\\\/\",\"url\":\"https:\\\/\\\/dpress.ma\\\/fr\\\/2026\\\/09\\\/04\\\/tamesloht-la-valorisation-du-tissage-traditionnel-entre-preservation-dun-savoir-faire-ancestral-et-transmission-aux-nouvelles-generations\\\/\",\"name\":\"Tamesloht : la valorisation du tissage traditionnel, entre pr\u00e9servation d\u2019un savoir-faire ancestral et transmission aux nouvelles g\u00e9n\u00e9rations - Dpress.ma\\\/fr\",\"isPartOf\":{\"@id\":\"https:\\\/\\\/dpress.ma\\\/fr\\\/#website\"},\"primaryImageOfPage\":{\"@id\":\"https:\\\/\\\/dpress.ma\\\/fr\\\/2026\\\/09\\\/04\\\/tamesloht-la-valorisation-du-tissage-traditionnel-entre-preservation-dun-savoir-faire-ancestral-et-transmission-aux-nouvelles-generations\\\/#primaryimage\"},\"image\":{\"@id\":\"https:\\\/\\\/dpress.ma\\\/fr\\\/2026\\\/09\\\/04\\\/tamesloht-la-valorisation-du-tissage-traditionnel-entre-preservation-dun-savoir-faire-ancestral-et-transmission-aux-nouvelles-generations\\\/#primaryimage\"},\"thumbnailUrl\":\"https:\\\/\\\/dpress.ma\\\/fr\\\/wp-content\\\/uploads\\\/sites\\\/2\\\/2026\\\/09\\\/8.jpg\",\"datePublished\":\"2026-09-04T13:20:06+00:00\",\"dateModified\":\"2026-09-04T13:20:08+00:00\",\"author\":{\"@id\":\"https:\\\/\\\/dpress.ma\\\/fr\\\/#\\\/schema\\\/person\\\/4898febf3ccd59e6578d838656a306a0\"},\"breadcrumb\":{\"@id\":\"https:\\\/\\\/dpress.ma\\\/fr\\\/2026\\\/09\\\/04\\\/tamesloht-la-valorisation-du-tissage-traditionnel-entre-preservation-dun-savoir-faire-ancestral-et-transmission-aux-nouvelles-generations\\\/#breadcrumb\"},\"inLanguage\":\"fr-FR\",\"potentialAction\":[{\"@type\":\"ReadAction\",\"target\":[\"https:\\\/\\\/dpress.ma\\\/fr\\\/2026\\\/09\\\/04\\\/tamesloht-la-valorisation-du-tissage-traditionnel-entre-preservation-dun-savoir-faire-ancestral-et-transmission-aux-nouvelles-generations\\\/\"]}]},{\"@type\":\"ImageObject\",\"inLanguage\":\"fr-FR\",\"@id\":\"https:\\\/\\\/dpress.ma\\\/fr\\\/2026\\\/09\\\/04\\\/tamesloht-la-valorisation-du-tissage-traditionnel-entre-preservation-dun-savoir-faire-ancestral-et-transmission-aux-nouvelles-generations\\\/#primaryimage\",\"url\":\"https:\\\/\\\/dpress.ma\\\/fr\\\/wp-content\\\/uploads\\\/sites\\\/2\\\/2026\\\/09\\\/8.jpg\",\"contentUrl\":\"https:\\\/\\\/dpress.ma\\\/fr\\\/wp-content\\\/uploads\\\/sites\\\/2\\\/2026\\\/09\\\/8.jpg\",\"width\":2539,\"height\":1594},{\"@type\":\"BreadcrumbList\",\"@id\":\"https:\\\/\\\/dpress.ma\\\/fr\\\/2026\\\/09\\\/04\\\/tamesloht-la-valorisation-du-tissage-traditionnel-entre-preservation-dun-savoir-faire-ancestral-et-transmission-aux-nouvelles-generations\\\/#breadcrumb\",\"itemListElement\":[{\"@type\":\"ListItem\",\"position\":1,\"name\":\"Home\",\"item\":\"https:\\\/\\\/dpress.ma\\\/fr\\\/\"},{\"@type\":\"ListItem\",\"position\":2,\"name\":\"Tamesloht : la valorisation du tissage traditionnel, entre pr\u00e9servation d\u2019un savoir-faire ancestral et transmission aux nouvelles g\u00e9n\u00e9rations\"}]},{\"@type\":\"WebSite\",\"@id\":\"https:\\\/\\\/dpress.ma\\\/fr\\\/#website\",\"url\":\"https:\\\/\\\/dpress.ma\\\/fr\\\/\",\"name\":\"Dpress.ma\\\/fr\",\"description\":\"\",\"potentialAction\":[{\"@type\":\"SearchAction\",\"target\":{\"@type\":\"EntryPoint\",\"urlTemplate\":\"https:\\\/\\\/dpress.ma\\\/fr\\\/?s={search_term_string}\"},\"query-input\":{\"@type\":\"PropertyValueSpecification\",\"valueRequired\":true,\"valueName\":\"search_term_string\"}}],\"inLanguage\":\"fr-FR\"},{\"@type\":\"Person\",\"@id\":\"https:\\\/\\\/dpress.ma\\\/fr\\\/#\\\/schema\\\/person\\\/4898febf3ccd59e6578d838656a306a0\",\"name\":\"Dpress.ma\",\"image\":{\"@type\":\"ImageObject\",\"inLanguage\":\"fr-FR\",\"@id\":\"https:\\\/\\\/secure.gravatar.com\\\/avatar\\\/72ecc30e9db047a2e0e7176561eb9d564ed77c8108376495b19bd8336405198a?s=96&d=mm&r=g\",\"url\":\"https:\\\/\\\/secure.gravatar.com\\\/avatar\\\/72ecc30e9db047a2e0e7176561eb9d564ed77c8108376495b19bd8336405198a?s=96&d=mm&r=g\",\"contentUrl\":\"https:\\\/\\\/secure.gravatar.com\\\/avatar\\\/72ecc30e9db047a2e0e7176561eb9d564ed77c8108376495b19bd8336405198a?s=96&d=mm&r=g\",\"caption\":\"Dpress.ma\"},\"sameAs\":[\"https:\\\/\\\/www.dpress.ma\"],\"url\":\"https:\\\/\\\/dpress.ma\\\/fr\\\/author\\\/dpress-ma\\\/\"}]}<\/script>\n<!-- \/ Yoast SEO plugin. -->","yoast_head_json":{"title":"Tamesloht : la valorisation du tissage traditionnel, entre pr\u00e9servation d\u2019un savoir-faire ancestral et transmission aux nouvelles g\u00e9n\u00e9rations - Dpress.ma\/fr","robots":{"index":"index","follow":"follow","max-snippet":"max-snippet:-1","max-image-preview":"max-image-preview:large","max-video-preview":"max-video-preview:-1"},"canonical":"https:\/\/dpress.ma\/fr\/2026\/09\/04\/tamesloht-la-valorisation-du-tissage-traditionnel-entre-preservation-dun-savoir-faire-ancestral-et-transmission-aux-nouvelles-generations\/","og_locale":"fr_FR","og_type":"article","og_title":"Tamesloht : la valorisation du tissage traditionnel, entre pr\u00e9servation d\u2019un savoir-faire ancestral et transmission aux nouvelles g\u00e9n\u00e9rations - Dpress.ma\/fr","og_description":"Dpress \u00c0 Tamesloht, commune relevant de la province d\u2019Al Haouz, le tissage traditionnel s\u2019impose comme l\u2019un des savoir-faire artisanaux qui contribuent \u00e0 fa\u00e7onner l\u2019identit\u00e9 de cette localit\u00e9, connue de longue date pour la richesse de son patrimoine artisanal, notamment la poterie et les m\u00e9tiers li\u00e9s au textile. Favoris\u00e9e par l&rsquo;abondance de la laine (soufa) dans &hellip;","og_url":"https:\/\/dpress.ma\/fr\/2026\/09\/04\/tamesloht-la-valorisation-du-tissage-traditionnel-entre-preservation-dun-savoir-faire-ancestral-et-transmission-aux-nouvelles-generations\/","og_site_name":"Dpress.ma\/fr","article_published_time":"2026-09-04T13:20:06+00:00","article_modified_time":"2026-09-04T13:20:08+00:00","og_image":[{"width":2539,"height":1594,"url":"https:\/\/dpress.ma\/fr\/wp-content\/uploads\/sites\/2\/2026\/09\/8.jpg","type":"image\/jpeg"}],"author":"Dpress.ma","twitter_card":"summary_large_image","twitter_misc":{"\u00c9crit par":"Dpress.ma","Dur\u00e9e de lecture estim\u00e9e":"6 minutes"},"schema":{"@context":"https:\/\/schema.org","@graph":[{"@type":"Article","@id":"https:\/\/dpress.ma\/fr\/2026\/09\/04\/tamesloht-la-valorisation-du-tissage-traditionnel-entre-preservation-dun-savoir-faire-ancestral-et-transmission-aux-nouvelles-generations\/#article","isPartOf":{"@id":"https:\/\/dpress.ma\/fr\/2026\/09\/04\/tamesloht-la-valorisation-du-tissage-traditionnel-entre-preservation-dun-savoir-faire-ancestral-et-transmission-aux-nouvelles-generations\/"},"author":{"name":"Dpress.ma","@id":"https:\/\/dpress.ma\/fr\/#\/schema\/person\/4898febf3ccd59e6578d838656a306a0"},"headline":"Tamesloht : la valorisation du tissage traditionnel, entre pr\u00e9servation d\u2019un savoir-faire ancestral et transmission aux nouvelles g\u00e9n\u00e9rations","datePublished":"2026-09-04T13:20:06+00:00","dateModified":"2026-09-04T13:20:08+00:00","mainEntityOfPage":{"@id":"https:\/\/dpress.ma\/fr\/2026\/09\/04\/tamesloht-la-valorisation-du-tissage-traditionnel-entre-preservation-dun-savoir-faire-ancestral-et-transmission-aux-nouvelles-generations\/"},"wordCount":1091,"commentCount":0,"image":{"@id":"https:\/\/dpress.ma\/fr\/2026\/09\/04\/tamesloht-la-valorisation-du-tissage-traditionnel-entre-preservation-dun-savoir-faire-ancestral-et-transmission-aux-nouvelles-generations\/#primaryimage"},"thumbnailUrl":"https:\/\/dpress.ma\/fr\/wp-content\/uploads\/sites\/2\/2026\/09\/8.jpg","articleSection":["societe et regions"],"inLanguage":"fr-FR","potentialAction":[{"@type":"CommentAction","name":"Comment","target":["https:\/\/dpress.ma\/fr\/2026\/09\/04\/tamesloht-la-valorisation-du-tissage-traditionnel-entre-preservation-dun-savoir-faire-ancestral-et-transmission-aux-nouvelles-generations\/#respond"]}]},{"@type":"WebPage","@id":"https:\/\/dpress.ma\/fr\/2026\/09\/04\/tamesloht-la-valorisation-du-tissage-traditionnel-entre-preservation-dun-savoir-faire-ancestral-et-transmission-aux-nouvelles-generations\/","url":"https:\/\/dpress.ma\/fr\/2026\/09\/04\/tamesloht-la-valorisation-du-tissage-traditionnel-entre-preservation-dun-savoir-faire-ancestral-et-transmission-aux-nouvelles-generations\/","name":"Tamesloht : la valorisation du tissage traditionnel, entre pr\u00e9servation d\u2019un savoir-faire ancestral et transmission aux nouvelles g\u00e9n\u00e9rations - Dpress.ma\/fr","isPartOf":{"@id":"https:\/\/dpress.ma\/fr\/#website"},"primaryImageOfPage":{"@id":"https:\/\/dpress.ma\/fr\/2026\/09\/04\/tamesloht-la-valorisation-du-tissage-traditionnel-entre-preservation-dun-savoir-faire-ancestral-et-transmission-aux-nouvelles-generations\/#primaryimage"},"image":{"@id":"https:\/\/dpress.ma\/fr\/2026\/09\/04\/tamesloht-la-valorisation-du-tissage-traditionnel-entre-preservation-dun-savoir-faire-ancestral-et-transmission-aux-nouvelles-generations\/#primaryimage"},"thumbnailUrl":"https:\/\/dpress.ma\/fr\/wp-content\/uploads\/sites\/2\/2026\/09\/8.jpg","datePublished":"2026-09-04T13:20:06+00:00","dateModified":"2026-09-04T13:20:08+00:00","author":{"@id":"https:\/\/dpress.ma\/fr\/#\/schema\/person\/4898febf3ccd59e6578d838656a306a0"},"breadcrumb":{"@id":"https:\/\/dpress.ma\/fr\/2026\/09\/04\/tamesloht-la-valorisation-du-tissage-traditionnel-entre-preservation-dun-savoir-faire-ancestral-et-transmission-aux-nouvelles-generations\/#breadcrumb"},"inLanguage":"fr-FR","potentialAction":[{"@type":"ReadAction","target":["https:\/\/dpress.ma\/fr\/2026\/09\/04\/tamesloht-la-valorisation-du-tissage-traditionnel-entre-preservation-dun-savoir-faire-ancestral-et-transmission-aux-nouvelles-generations\/"]}]},{"@type":"ImageObject","inLanguage":"fr-FR","@id":"https:\/\/dpress.ma\/fr\/2026\/09\/04\/tamesloht-la-valorisation-du-tissage-traditionnel-entre-preservation-dun-savoir-faire-ancestral-et-transmission-aux-nouvelles-generations\/#primaryimage","url":"https:\/\/dpress.ma\/fr\/wp-content\/uploads\/sites\/2\/2026\/09\/8.jpg","contentUrl":"https:\/\/dpress.ma\/fr\/wp-content\/uploads\/sites\/2\/2026\/09\/8.jpg","width":2539,"height":1594},{"@type":"BreadcrumbList","@id":"https:\/\/dpress.ma\/fr\/2026\/09\/04\/tamesloht-la-valorisation-du-tissage-traditionnel-entre-preservation-dun-savoir-faire-ancestral-et-transmission-aux-nouvelles-generations\/#breadcrumb","itemListElement":[{"@type":"ListItem","position":1,"name":"Home","item":"https:\/\/dpress.ma\/fr\/"},{"@type":"ListItem","position":2,"name":"Tamesloht : la valorisation du tissage traditionnel, entre pr\u00e9servation d\u2019un savoir-faire ancestral et transmission aux nouvelles g\u00e9n\u00e9rations"}]},{"@type":"WebSite","@id":"https:\/\/dpress.ma\/fr\/#website","url":"https:\/\/dpress.ma\/fr\/","name":"Dpress.ma\/fr","description":"","potentialAction":[{"@type":"SearchAction","target":{"@type":"EntryPoint","urlTemplate":"https:\/\/dpress.ma\/fr\/?s={search_term_string}"},"query-input":{"@type":"PropertyValueSpecification","valueRequired":true,"valueName":"search_term_string"}}],"inLanguage":"fr-FR"},{"@type":"Person","@id":"https:\/\/dpress.ma\/fr\/#\/schema\/person\/4898febf3ccd59e6578d838656a306a0","name":"Dpress.ma","image":{"@type":"ImageObject","inLanguage":"fr-FR","@id":"https:\/\/secure.gravatar.com\/avatar\/72ecc30e9db047a2e0e7176561eb9d564ed77c8108376495b19bd8336405198a?s=96&d=mm&r=g","url":"https:\/\/secure.gravatar.com\/avatar\/72ecc30e9db047a2e0e7176561eb9d564ed77c8108376495b19bd8336405198a?s=96&d=mm&r=g","contentUrl":"https:\/\/secure.gravatar.com\/avatar\/72ecc30e9db047a2e0e7176561eb9d564ed77c8108376495b19bd8336405198a?s=96&d=mm&r=g","caption":"Dpress.ma"},"sameAs":["https:\/\/www.dpress.ma"],"url":"https:\/\/dpress.ma\/fr\/author\/dpress-ma\/"}]}},"amp_enabled":true,"_links":{"self":[{"href":"https:\/\/dpress.ma\/fr\/wp-json\/wp\/v2\/posts\/38971","targetHints":{"allow":["GET"]}}],"collection":[{"href":"https:\/\/dpress.ma\/fr\/wp-json\/wp\/v2\/posts"}],"about":[{"href":"https:\/\/dpress.ma\/fr\/wp-json\/wp\/v2\/types\/post"}],"author":[{"embeddable":true,"href":"https:\/\/dpress.ma\/fr\/wp-json\/wp\/v2\/users\/2"}],"replies":[{"embeddable":true,"href":"https:\/\/dpress.ma\/fr\/wp-json\/wp\/v2\/comments?post=38971"}],"version-history":[{"count":1,"href":"https:\/\/dpress.ma\/fr\/wp-json\/wp\/v2\/posts\/38971\/revisions"}],"predecessor-version":[{"id":38973,"href":"https:\/\/dpress.ma\/fr\/wp-json\/wp\/v2\/posts\/38971\/revisions\/38973"}],"wp:featuredmedia":[{"embeddable":true,"href":"https:\/\/dpress.ma\/fr\/wp-json\/wp\/v2\/media\/38972"}],"wp:attachment":[{"href":"https:\/\/dpress.ma\/fr\/wp-json\/wp\/v2\/media?parent=38971"}],"wp:term":[{"taxonomy":"category","embeddable":true,"href":"https:\/\/dpress.ma\/fr\/wp-json\/wp\/v2\/categories?post=38971"},{"taxonomy":"post_tag","embeddable":true,"href":"https:\/\/dpress.ma\/fr\/wp-json\/wp\/v2\/tags?post=38971"}],"curies":[{"name":"wp","href":"https:\/\/api.w.org\/{rel}","templated":true}]}}