{"id":38961,"date":"2026-09-04T10:48:59","date_gmt":"2026-09-04T10:48:59","guid":{"rendered":"https:\/\/dpress.ma\/fr\/?p=38961"},"modified":"2026-09-04T10:49:01","modified_gmt":"2026-09-04T10:49:01","slug":"les-femmes-de-la-region-dakhla-oued-eddahab-un-role-a-consolider-lors-des-legislatives-du-23-septembre","status":"publish","type":"post","link":"https:\/\/dpress.ma\/fr\/2026\/09\/04\/les-femmes-de-la-region-dakhla-oued-eddahab-un-role-a-consolider-lors-des-legislatives-du-23-septembre\/","title":{"rendered":"Les femmes de la r\u00e9gion Dakhla-Oued Eddahab : Un r\u00f4le \u00e0 consolider lors des l\u00e9gislatives du 23 septembre"},"content":{"rendered":"\n<p class=\"wp-block-paragraph\">Dpress<\/p>\n\n\n\n<p class=\"wp-block-paragraph\">Actrice agissante dans la vie sociale et publique, la femme de la r\u00e9gion Dakhla-Oued Eddahab a progressivement confort\u00e9 sa pr\u00e9sence sur la sc\u00e8ne politique et \u00e9lectorale, avec une implication de plus en plus visible au sein des instances \u00e9lues.<\/p>\n\n\n\n<p class=\"wp-block-paragraph\">Les l\u00e9gislatives de 2026 viennent, en effet, remettre sous les feux des projecteurs ce constat et, surtout, les d\u00e9fis qui l\u2019accompagnent : capitaliser sur les acquis en mati\u00e8re de repr\u00e9sentativit\u00e9, favoriser l\u2019\u00e9mergence de nouvelles comp\u00e9tences f\u00e9minines et faire \u00e9voluer leur pr\u00e9sence d\u2019une logique purement quantitative vers une participation effective \u00e0 la prise de d\u00e9cision.<\/p>\n\n\n\n<p class=\"wp-block-paragraph\">Cette dynamique rev\u00eat une dimension toute particuli\u00e8re \u00e0 Dakhla-Oued Eddahab o\u00f9 les femmes ont toujours assum\u00e9 un r\u00f4le majeur dans les diff\u00e9rentes sph\u00e8res de la vie familiale, sociale et publique.<\/p>\n\n\n\n<p class=\"wp-block-paragraph\">Dans une d\u00e9claration \u00e0 la MAP, Mariam Ahl Kouri, une militante associative, a soulign\u00e9 que la pr\u00e9sence f\u00e9minine dans la vie politique et \u00e9lectorale r\u00e9gionale a connu une \u00e9volution \u00ab\u00a0importante et notable\u00a0\u00bb ces derni\u00e8res ann\u00e9es, dans le prolongement naturel de la place dont la femme a toujours b\u00e9n\u00e9fici\u00e9 au sein de la soci\u00e9t\u00e9 sahraouie.<\/p>\n\n\n\n<p class=\"wp-block-paragraph\">Cette progression doit d\u00e9sormais franchir un nouveau cap en passant d\u2019une logique de pr\u00e9sence quantitative \u00e0 une participation \u00ab\u00a0qualitative et influente\u00a0\u00bb, a-t-elle estim\u00e9, notant que la femme est appel\u00e9e \u00e0 \u00eatre non seulement repr\u00e9sent\u00e9e dans les conseils \u00e9lus, mais aussi \u00e0 \u00eatre pleinement associ\u00e9e \u00e0 la prise de d\u00e9cision et \u00e0 l\u2019\u00e9laboration des politiques publiques.<\/p>\n\n\n\n<p class=\"wp-block-paragraph\">Pour Mme Ahl Kouri, les priorit\u00e9s des femmes de la r\u00e9gion \u00e9voluent \u00e9galement au rythme des transformations \u00e9conomiques et de la dynamique de d\u00e9veloppement que conna\u00eet Dakhla-Oued Eddahab. Elles concernent notamment l\u2019acc\u00e8s \u00e0 l\u2019emploi, \u00e0 la formation et aux m\u00e9canismes de soutien, ainsi qu\u2019une implication accrue des jeunes femmes dans les secteurs \u00e9conomiques \u00e9mergents.<\/p>\n\n\n\n<p class=\"wp-block-paragraph\">Elle a \u00e9galement insist\u00e9 sur l\u2019importance de l\u2019encadrement et de la formation politiques, ainsi que sur le r\u00f4le des partis politiques, des conseils \u00e9lus et de la soci\u00e9t\u00e9 civile dans l\u2019accompagnement des comp\u00e9tences f\u00e9minines et leur encouragement \u00e0 prendre part aux diff\u00e9rentes \u00e9ch\u00e9ances \u00e9lectorales.<\/p>\n\n\n\n<p class=\"wp-block-paragraph\">De son c\u00f4t\u00e9, Mme Doucha Bekkar, journaliste \u00e0 la radio r\u00e9gionale de Dakhla, qui a relev\u00e9 une pr\u00e9sence accrue de la gent f\u00e9minine au sein des diff\u00e9rents conseils locaux et r\u00e9gionaux, a mis en avant certains d\u00e9fis li\u00e9s \u00e0 la participation politique des femmes, dont la n\u00e9cessit\u00e9 de poursuivre les efforts visant \u00e0 favoriser leur implication dans la vie politique et \u00e0 renforcer leur pr\u00e9sence au sein des formations politiques.<\/p>\n\n\n\n<p class=\"wp-block-paragraph\">\u00ab\u00a0L\u2019enjeu majeur consiste d\u00e9sormais \u00e0 aller au-del\u00e0 de la repr\u00e9sentativit\u00e9 pour favoriser une participation effective et influente des femmes\u00a0\u00bb, a-t-elle soulign\u00e9, mettant l\u2019accent sur l\u2019importance de renforcer leur contribution \u00e0 l\u2019\u00e9laboration des programmes, \u00e0 la prise de d\u00e9cision et \u00e0 la gestion des affaires locales.<\/p>\n\n\n\n<p class=\"wp-block-paragraph\">Mme Bekkar a estim\u00e9 \u00e9galement qu\u2019au-del\u00e0 du nombre de si\u00e8ges occup\u00e9s, la dynamique \u00e9lectorale de 2026 pose la question de la qualit\u00e9 de la participation f\u00e9minine et de la capacit\u00e9 des femmes \u00e0 peser davantage dans la d\u00e9cision publique.<\/p>\n\n\n\n<p class=\"wp-block-paragraph\"><a href=\"https:\/\/www.facebook.com\/sharer\/sharer.php?u=https:\/\/www.mapexpress.ma\/actualite\/societe-et-regions\/les-femmes-region-dakhla-oued-eddahab-role-consolider-lors-legislatives-du-23-septembre\/\" target=\"_blank\" rel=\"noopener\"><\/a> <a href=\"https:\/\/x.com\/intent\/tweet?url=https:\/\/www.mapexpress.ma\/actualite\/societe-et-regions\/les-femmes-region-dakhla-oued-eddahab-role-consolider-lors-legislatives-du-23-septembre\/&amp;text=Les+femmes+de+la+r%C3%A9gion+Dakhla-Oued+Eddahab+%3A+Un+r%C3%B4le+%C3%A0+consolider+lors+des+l%C3%A9gislatives+du+23+septembre\" target=\"_blank\" rel=\"noopener\"><\/a> <a href=\"https:\/\/www.linkedin.com\/feed\/?shareUrl=https:\/\/www.mapexpress.ma\/actualite\/societe-et-regions\/les-femmes-region-dakhla-oued-eddahab-role-consolider-lors-legislatives-du-23-septembre\/\" target=\"_blank\" rel=\"noopener\"><\/a><a href=\"https:\/\/api.whatsapp.com\/send?text=Les+femmes+de+la+r%C3%A9gion+Dakhla-Oued+Eddahab+%3A+Un+r%C3%B4le+%C3%A0+consolider+lors+des+l%C3%A9gislatives+du+23+septembre+https%3A%2F%2Fwww.mapexpress.ma%2Factualite%2Fsociete-et-regions%2Fles-femmes-region-dakhla-oued-eddahab-role-consolider-lors-legislatives-du-23-septembre%2F\" target=\"_blank\" rel=\"noopener\"><\/a><\/p>\n","protected":false},"excerpt":{"rendered":"<p>Dpress Actrice agissante dans la vie sociale et publique, la femme de la r\u00e9gion Dakhla-Oued Eddahab a progressivement confort\u00e9 sa pr\u00e9sence sur la sc\u00e8ne politique et \u00e9lectorale, avec une implication de plus en plus visible au sein des instances \u00e9lues. Les l\u00e9gislatives de 2026 viennent, en effet, remettre sous les feux des projecteurs ce constat &hellip;<\/p>\n","protected":false},"author":2,"featured_media":38545,"comment_status":"open","ping_status":"open","sticky":false,"template":"","format":"standard","meta":{"footnotes":""},"categories":[40],"tags":[],"class_list":["post-38961","post","type-post","status-publish","format-standard","has-post-thumbnail","hentry","category-societe-et-regions"],"yoast_head":"<!-- This site is optimized with the Yoast SEO plugin v28.0 - https:\/\/yoast.com\/product\/yoast-seo-wordpress\/ -->\n<title>Les femmes de la r\u00e9gion Dakhla-Oued Eddahab : Un r\u00f4le \u00e0 consolider lors des l\u00e9gislatives du 23 septembre - Dpress.ma\/fr<\/title>\n<meta name=\"robots\" content=\"index, follow, max-snippet:-1, max-image-preview:large, max-video-preview:-1\" \/>\n<link rel=\"canonical\" href=\"https:\/\/dpress.ma\/fr\/2026\/09\/04\/les-femmes-de-la-region-dakhla-oued-eddahab-un-role-a-consolider-lors-des-legislatives-du-23-septembre\/\" \/>\n<meta property=\"og:locale\" content=\"fr_FR\" \/>\n<meta property=\"og:type\" content=\"article\" \/>\n<meta property=\"og:title\" content=\"Les femmes de la r\u00e9gion Dakhla-Oued Eddahab : Un r\u00f4le \u00e0 consolider lors des l\u00e9gislatives du 23 septembre - Dpress.ma\/fr\" \/>\n<meta property=\"og:description\" content=\"Dpress Actrice agissante dans la vie sociale et publique, la femme de la r\u00e9gion Dakhla-Oued Eddahab a progressivement confort\u00e9 sa pr\u00e9sence sur la sc\u00e8ne politique et \u00e9lectorale, avec une implication de plus en plus visible au sein des instances \u00e9lues. Les l\u00e9gislatives de 2026 viennent, en effet, remettre sous les feux des projecteurs ce constat &hellip;\" \/>\n<meta property=\"og:url\" content=\"https:\/\/dpress.ma\/fr\/2026\/09\/04\/les-femmes-de-la-region-dakhla-oued-eddahab-un-role-a-consolider-lors-des-legislatives-du-23-septembre\/\" \/>\n<meta property=\"og:site_name\" content=\"Dpress.ma\/fr\" \/>\n<meta property=\"article:published_time\" content=\"2026-09-04T10:48:59+00:00\" \/>\n<meta property=\"article:modified_time\" content=\"2026-09-04T10:49:01+00:00\" \/>\n<meta property=\"og:image\" content=\"https:\/\/dpress.ma\/fr\/wp-content\/uploads\/sites\/2\/2026\/08\/Elections-legislatives-2026.jpg\" \/>\n\t<meta property=\"og:image:width\" content=\"2539\" \/>\n\t<meta property=\"og:image:height\" content=\"1594\" \/>\n\t<meta property=\"og:image:type\" content=\"image\/jpeg\" \/>\n<meta name=\"author\" content=\"Dpress.ma\" \/>\n<meta name=\"twitter:card\" content=\"summary_large_image\" \/>\n<meta name=\"twitter:label1\" content=\"\u00c9crit par\" \/>\n\t<meta name=\"twitter:data1\" content=\"Dpress.ma\" \/>\n\t<meta name=\"twitter:label2\" content=\"Dur\u00e9e de lecture estim\u00e9e\" \/>\n\t<meta name=\"twitter:data2\" content=\"3 minutes\" \/>\n<script type=\"application\/ld+json\" class=\"yoast-schema-graph\">{\"@context\":\"https:\\\/\\\/schema.org\",\"@graph\":[{\"@type\":\"Article\",\"@id\":\"https:\\\/\\\/dpress.ma\\\/fr\\\/2026\\\/09\\\/04\\\/les-femmes-de-la-region-dakhla-oued-eddahab-un-role-a-consolider-lors-des-legislatives-du-23-septembre\\\/#article\",\"isPartOf\":{\"@id\":\"https:\\\/\\\/dpress.ma\\\/fr\\\/2026\\\/09\\\/04\\\/les-femmes-de-la-region-dakhla-oued-eddahab-un-role-a-consolider-lors-des-legislatives-du-23-septembre\\\/\"},\"author\":{\"name\":\"Dpress.ma\",\"@id\":\"https:\\\/\\\/dpress.ma\\\/fr\\\/#\\\/schema\\\/person\\\/4898febf3ccd59e6578d838656a306a0\"},\"headline\":\"Les femmes de la r\u00e9gion Dakhla-Oued Eddahab : Un r\u00f4le \u00e0 consolider lors des l\u00e9gislatives du 23 septembre\",\"datePublished\":\"2026-09-04T10:48:59+00:00\",\"dateModified\":\"2026-09-04T10:49:01+00:00\",\"mainEntityOfPage\":{\"@id\":\"https:\\\/\\\/dpress.ma\\\/fr\\\/2026\\\/09\\\/04\\\/les-femmes-de-la-region-dakhla-oued-eddahab-un-role-a-consolider-lors-des-legislatives-du-23-septembre\\\/\"},\"wordCount\":557,\"commentCount\":0,\"image\":{\"@id\":\"https:\\\/\\\/dpress.ma\\\/fr\\\/2026\\\/09\\\/04\\\/les-femmes-de-la-region-dakhla-oued-eddahab-un-role-a-consolider-lors-des-legislatives-du-23-septembre\\\/#primaryimage\"},\"thumbnailUrl\":\"https:\\\/\\\/dpress.ma\\\/fr\\\/wp-content\\\/uploads\\\/sites\\\/2\\\/2026\\\/08\\\/Elections-legislatives-2026.jpg\",\"articleSection\":[\"societe et regions\"],\"inLanguage\":\"fr-FR\",\"potentialAction\":[{\"@type\":\"CommentAction\",\"name\":\"Comment\",\"target\":[\"https:\\\/\\\/dpress.ma\\\/fr\\\/2026\\\/09\\\/04\\\/les-femmes-de-la-region-dakhla-oued-eddahab-un-role-a-consolider-lors-des-legislatives-du-23-septembre\\\/#respond\"]}]},{\"@type\":\"WebPage\",\"@id\":\"https:\\\/\\\/dpress.ma\\\/fr\\\/2026\\\/09\\\/04\\\/les-femmes-de-la-region-dakhla-oued-eddahab-un-role-a-consolider-lors-des-legislatives-du-23-septembre\\\/\",\"url\":\"https:\\\/\\\/dpress.ma\\\/fr\\\/2026\\\/09\\\/04\\\/les-femmes-de-la-region-dakhla-oued-eddahab-un-role-a-consolider-lors-des-legislatives-du-23-septembre\\\/\",\"name\":\"Les femmes de la r\u00e9gion Dakhla-Oued Eddahab : Un r\u00f4le \u00e0 consolider lors des l\u00e9gislatives du 23 septembre - Dpress.ma\\\/fr\",\"isPartOf\":{\"@id\":\"https:\\\/\\\/dpress.ma\\\/fr\\\/#website\"},\"primaryImageOfPage\":{\"@id\":\"https:\\\/\\\/dpress.ma\\\/fr\\\/2026\\\/09\\\/04\\\/les-femmes-de-la-region-dakhla-oued-eddahab-un-role-a-consolider-lors-des-legislatives-du-23-septembre\\\/#primaryimage\"},\"image\":{\"@id\":\"https:\\\/\\\/dpress.ma\\\/fr\\\/2026\\\/09\\\/04\\\/les-femmes-de-la-region-dakhla-oued-eddahab-un-role-a-consolider-lors-des-legislatives-du-23-septembre\\\/#primaryimage\"},\"thumbnailUrl\":\"https:\\\/\\\/dpress.ma\\\/fr\\\/wp-content\\\/uploads\\\/sites\\\/2\\\/2026\\\/08\\\/Elections-legislatives-2026.jpg\",\"datePublished\":\"2026-09-04T10:48:59+00:00\",\"dateModified\":\"2026-09-04T10:49:01+00:00\",\"author\":{\"@id\":\"https:\\\/\\\/dpress.ma\\\/fr\\\/#\\\/schema\\\/person\\\/4898febf3ccd59e6578d838656a306a0\"},\"breadcrumb\":{\"@id\":\"https:\\\/\\\/dpress.ma\\\/fr\\\/2026\\\/09\\\/04\\\/les-femmes-de-la-region-dakhla-oued-eddahab-un-role-a-consolider-lors-des-legislatives-du-23-septembre\\\/#breadcrumb\"},\"inLanguage\":\"fr-FR\",\"potentialAction\":[{\"@type\":\"ReadAction\",\"target\":[\"https:\\\/\\\/dpress.ma\\\/fr\\\/2026\\\/09\\\/04\\\/les-femmes-de-la-region-dakhla-oued-eddahab-un-role-a-consolider-lors-des-legislatives-du-23-septembre\\\/\"]}]},{\"@type\":\"ImageObject\",\"inLanguage\":\"fr-FR\",\"@id\":\"https:\\\/\\\/dpress.ma\\\/fr\\\/2026\\\/09\\\/04\\\/les-femmes-de-la-region-dakhla-oued-eddahab-un-role-a-consolider-lors-des-legislatives-du-23-septembre\\\/#primaryimage\",\"url\":\"https:\\\/\\\/dpress.ma\\\/fr\\\/wp-content\\\/uploads\\\/sites\\\/2\\\/2026\\\/08\\\/Elections-legislatives-2026.jpg\",\"contentUrl\":\"https:\\\/\\\/dpress.ma\\\/fr\\\/wp-content\\\/uploads\\\/sites\\\/2\\\/2026\\\/08\\\/Elections-legislatives-2026.jpg\",\"width\":2539,\"height\":1594},{\"@type\":\"BreadcrumbList\",\"@id\":\"https:\\\/\\\/dpress.ma\\\/fr\\\/2026\\\/09\\\/04\\\/les-femmes-de-la-region-dakhla-oued-eddahab-un-role-a-consolider-lors-des-legislatives-du-23-septembre\\\/#breadcrumb\",\"itemListElement\":[{\"@type\":\"ListItem\",\"position\":1,\"name\":\"Home\",\"item\":\"https:\\\/\\\/dpress.ma\\\/fr\\\/\"},{\"@type\":\"ListItem\",\"position\":2,\"name\":\"Les femmes de la r\u00e9gion Dakhla-Oued Eddahab : Un r\u00f4le \u00e0 consolider lors des l\u00e9gislatives du 23 septembre\"}]},{\"@type\":\"WebSite\",\"@id\":\"https:\\\/\\\/dpress.ma\\\/fr\\\/#website\",\"url\":\"https:\\\/\\\/dpress.ma\\\/fr\\\/\",\"name\":\"Dpress.ma\\\/fr\",\"description\":\"\",\"potentialAction\":[{\"@type\":\"SearchAction\",\"target\":{\"@type\":\"EntryPoint\",\"urlTemplate\":\"https:\\\/\\\/dpress.ma\\\/fr\\\/?s={search_term_string}\"},\"query-input\":{\"@type\":\"PropertyValueSpecification\",\"valueRequired\":true,\"valueName\":\"search_term_string\"}}],\"inLanguage\":\"fr-FR\"},{\"@type\":\"Person\",\"@id\":\"https:\\\/\\\/dpress.ma\\\/fr\\\/#\\\/schema\\\/person\\\/4898febf3ccd59e6578d838656a306a0\",\"name\":\"Dpress.ma\",\"image\":{\"@type\":\"ImageObject\",\"inLanguage\":\"fr-FR\",\"@id\":\"https:\\\/\\\/secure.gravatar.com\\\/avatar\\\/72ecc30e9db047a2e0e7176561eb9d564ed77c8108376495b19bd8336405198a?s=96&d=mm&r=g\",\"url\":\"https:\\\/\\\/secure.gravatar.com\\\/avatar\\\/72ecc30e9db047a2e0e7176561eb9d564ed77c8108376495b19bd8336405198a?s=96&d=mm&r=g\",\"contentUrl\":\"https:\\\/\\\/secure.gravatar.com\\\/avatar\\\/72ecc30e9db047a2e0e7176561eb9d564ed77c8108376495b19bd8336405198a?s=96&d=mm&r=g\",\"caption\":\"Dpress.ma\"},\"sameAs\":[\"https:\\\/\\\/www.dpress.ma\"],\"url\":\"https:\\\/\\\/dpress.ma\\\/fr\\\/author\\\/dpress-ma\\\/\"}]}<\/script>\n<!-- \/ Yoast SEO plugin. -->","yoast_head_json":{"title":"Les femmes de la r\u00e9gion Dakhla-Oued Eddahab : Un r\u00f4le \u00e0 consolider lors des l\u00e9gislatives du 23 septembre - Dpress.ma\/fr","robots":{"index":"index","follow":"follow","max-snippet":"max-snippet:-1","max-image-preview":"max-image-preview:large","max-video-preview":"max-video-preview:-1"},"canonical":"https:\/\/dpress.ma\/fr\/2026\/09\/04\/les-femmes-de-la-region-dakhla-oued-eddahab-un-role-a-consolider-lors-des-legislatives-du-23-septembre\/","og_locale":"fr_FR","og_type":"article","og_title":"Les femmes de la r\u00e9gion Dakhla-Oued Eddahab : Un r\u00f4le \u00e0 consolider lors des l\u00e9gislatives du 23 septembre - Dpress.ma\/fr","og_description":"Dpress Actrice agissante dans la vie sociale et publique, la femme de la r\u00e9gion Dakhla-Oued Eddahab a progressivement confort\u00e9 sa pr\u00e9sence sur la sc\u00e8ne politique et \u00e9lectorale, avec une implication de plus en plus visible au sein des instances \u00e9lues. Les l\u00e9gislatives de 2026 viennent, en effet, remettre sous les feux des projecteurs ce constat &hellip;","og_url":"https:\/\/dpress.ma\/fr\/2026\/09\/04\/les-femmes-de-la-region-dakhla-oued-eddahab-un-role-a-consolider-lors-des-legislatives-du-23-septembre\/","og_site_name":"Dpress.ma\/fr","article_published_time":"2026-09-04T10:48:59+00:00","article_modified_time":"2026-09-04T10:49:01+00:00","og_image":[{"width":2539,"height":1594,"url":"https:\/\/dpress.ma\/fr\/wp-content\/uploads\/sites\/2\/2026\/08\/Elections-legislatives-2026.jpg","type":"image\/jpeg"}],"author":"Dpress.ma","twitter_card":"summary_large_image","twitter_misc":{"\u00c9crit par":"Dpress.ma","Dur\u00e9e de lecture estim\u00e9e":"3 minutes"},"schema":{"@context":"https:\/\/schema.org","@graph":[{"@type":"Article","@id":"https:\/\/dpress.ma\/fr\/2026\/09\/04\/les-femmes-de-la-region-dakhla-oued-eddahab-un-role-a-consolider-lors-des-legislatives-du-23-septembre\/#article","isPartOf":{"@id":"https:\/\/dpress.ma\/fr\/2026\/09\/04\/les-femmes-de-la-region-dakhla-oued-eddahab-un-role-a-consolider-lors-des-legislatives-du-23-septembre\/"},"author":{"name":"Dpress.ma","@id":"https:\/\/dpress.ma\/fr\/#\/schema\/person\/4898febf3ccd59e6578d838656a306a0"},"headline":"Les femmes de la r\u00e9gion Dakhla-Oued Eddahab : Un r\u00f4le \u00e0 consolider lors des l\u00e9gislatives du 23 septembre","datePublished":"2026-09-04T10:48:59+00:00","dateModified":"2026-09-04T10:49:01+00:00","mainEntityOfPage":{"@id":"https:\/\/dpress.ma\/fr\/2026\/09\/04\/les-femmes-de-la-region-dakhla-oued-eddahab-un-role-a-consolider-lors-des-legislatives-du-23-septembre\/"},"wordCount":557,"commentCount":0,"image":{"@id":"https:\/\/dpress.ma\/fr\/2026\/09\/04\/les-femmes-de-la-region-dakhla-oued-eddahab-un-role-a-consolider-lors-des-legislatives-du-23-septembre\/#primaryimage"},"thumbnailUrl":"https:\/\/dpress.ma\/fr\/wp-content\/uploads\/sites\/2\/2026\/08\/Elections-legislatives-2026.jpg","articleSection":["societe et regions"],"inLanguage":"fr-FR","potentialAction":[{"@type":"CommentAction","name":"Comment","target":["https:\/\/dpress.ma\/fr\/2026\/09\/04\/les-femmes-de-la-region-dakhla-oued-eddahab-un-role-a-consolider-lors-des-legislatives-du-23-septembre\/#respond"]}]},{"@type":"WebPage","@id":"https:\/\/dpress.ma\/fr\/2026\/09\/04\/les-femmes-de-la-region-dakhla-oued-eddahab-un-role-a-consolider-lors-des-legislatives-du-23-septembre\/","url":"https:\/\/dpress.ma\/fr\/2026\/09\/04\/les-femmes-de-la-region-dakhla-oued-eddahab-un-role-a-consolider-lors-des-legislatives-du-23-septembre\/","name":"Les femmes de la r\u00e9gion Dakhla-Oued Eddahab : Un r\u00f4le \u00e0 consolider lors des l\u00e9gislatives du 23 septembre - Dpress.ma\/fr","isPartOf":{"@id":"https:\/\/dpress.ma\/fr\/#website"},"primaryImageOfPage":{"@id":"https:\/\/dpress.ma\/fr\/2026\/09\/04\/les-femmes-de-la-region-dakhla-oued-eddahab-un-role-a-consolider-lors-des-legislatives-du-23-septembre\/#primaryimage"},"image":{"@id":"https:\/\/dpress.ma\/fr\/2026\/09\/04\/les-femmes-de-la-region-dakhla-oued-eddahab-un-role-a-consolider-lors-des-legislatives-du-23-septembre\/#primaryimage"},"thumbnailUrl":"https:\/\/dpress.ma\/fr\/wp-content\/uploads\/sites\/2\/2026\/08\/Elections-legislatives-2026.jpg","datePublished":"2026-09-04T10:48:59+00:00","dateModified":"2026-09-04T10:49:01+00:00","author":{"@id":"https:\/\/dpress.ma\/fr\/#\/schema\/person\/4898febf3ccd59e6578d838656a306a0"},"breadcrumb":{"@id":"https:\/\/dpress.ma\/fr\/2026\/09\/04\/les-femmes-de-la-region-dakhla-oued-eddahab-un-role-a-consolider-lors-des-legislatives-du-23-septembre\/#breadcrumb"},"inLanguage":"fr-FR","potentialAction":[{"@type":"ReadAction","target":["https:\/\/dpress.ma\/fr\/2026\/09\/04\/les-femmes-de-la-region-dakhla-oued-eddahab-un-role-a-consolider-lors-des-legislatives-du-23-septembre\/"]}]},{"@type":"ImageObject","inLanguage":"fr-FR","@id":"https:\/\/dpress.ma\/fr\/2026\/09\/04\/les-femmes-de-la-region-dakhla-oued-eddahab-un-role-a-consolider-lors-des-legislatives-du-23-septembre\/#primaryimage","url":"https:\/\/dpress.ma\/fr\/wp-content\/uploads\/sites\/2\/2026\/08\/Elections-legislatives-2026.jpg","contentUrl":"https:\/\/dpress.ma\/fr\/wp-content\/uploads\/sites\/2\/2026\/08\/Elections-legislatives-2026.jpg","width":2539,"height":1594},{"@type":"BreadcrumbList","@id":"https:\/\/dpress.ma\/fr\/2026\/09\/04\/les-femmes-de-la-region-dakhla-oued-eddahab-un-role-a-consolider-lors-des-legislatives-du-23-septembre\/#breadcrumb","itemListElement":[{"@type":"ListItem","position":1,"name":"Home","item":"https:\/\/dpress.ma\/fr\/"},{"@type":"ListItem","position":2,"name":"Les femmes de la r\u00e9gion Dakhla-Oued Eddahab : Un r\u00f4le \u00e0 consolider lors des l\u00e9gislatives du 23 septembre"}]},{"@type":"WebSite","@id":"https:\/\/dpress.ma\/fr\/#website","url":"https:\/\/dpress.ma\/fr\/","name":"Dpress.ma\/fr","description":"","potentialAction":[{"@type":"SearchAction","target":{"@type":"EntryPoint","urlTemplate":"https:\/\/dpress.ma\/fr\/?s={search_term_string}"},"query-input":{"@type":"PropertyValueSpecification","valueRequired":true,"valueName":"search_term_string"}}],"inLanguage":"fr-FR"},{"@type":"Person","@id":"https:\/\/dpress.ma\/fr\/#\/schema\/person\/4898febf3ccd59e6578d838656a306a0","name":"Dpress.ma","image":{"@type":"ImageObject","inLanguage":"fr-FR","@id":"https:\/\/secure.gravatar.com\/avatar\/72ecc30e9db047a2e0e7176561eb9d564ed77c8108376495b19bd8336405198a?s=96&d=mm&r=g","url":"https:\/\/secure.gravatar.com\/avatar\/72ecc30e9db047a2e0e7176561eb9d564ed77c8108376495b19bd8336405198a?s=96&d=mm&r=g","contentUrl":"https:\/\/secure.gravatar.com\/avatar\/72ecc30e9db047a2e0e7176561eb9d564ed77c8108376495b19bd8336405198a?s=96&d=mm&r=g","caption":"Dpress.ma"},"sameAs":["https:\/\/www.dpress.ma"],"url":"https:\/\/dpress.ma\/fr\/author\/dpress-ma\/"}]}},"amp_enabled":true,"_links":{"self":[{"href":"https:\/\/dpress.ma\/fr\/wp-json\/wp\/v2\/posts\/38961","targetHints":{"allow":["GET"]}}],"collection":[{"href":"https:\/\/dpress.ma\/fr\/wp-json\/wp\/v2\/posts"}],"about":[{"href":"https:\/\/dpress.ma\/fr\/wp-json\/wp\/v2\/types\/post"}],"author":[{"embeddable":true,"href":"https:\/\/dpress.ma\/fr\/wp-json\/wp\/v2\/users\/2"}],"replies":[{"embeddable":true,"href":"https:\/\/dpress.ma\/fr\/wp-json\/wp\/v2\/comments?post=38961"}],"version-history":[{"count":1,"href":"https:\/\/dpress.ma\/fr\/wp-json\/wp\/v2\/posts\/38961\/revisions"}],"predecessor-version":[{"id":38962,"href":"https:\/\/dpress.ma\/fr\/wp-json\/wp\/v2\/posts\/38961\/revisions\/38962"}],"wp:featuredmedia":[{"embeddable":true,"href":"https:\/\/dpress.ma\/fr\/wp-json\/wp\/v2\/media\/38545"}],"wp:attachment":[{"href":"https:\/\/dpress.ma\/fr\/wp-json\/wp\/v2\/media?parent=38961"}],"wp:term":[{"taxonomy":"category","embeddable":true,"href":"https:\/\/dpress.ma\/fr\/wp-json\/wp\/v2\/categories?post=38961"},{"taxonomy":"post_tag","embeddable":true,"href":"https:\/\/dpress.ma\/fr\/wp-json\/wp\/v2\/tags?post=38961"}],"curies":[{"name":"wp","href":"https:\/\/api.w.org\/{rel}","templated":true}]}}