{"id":38948,"date":"2026-09-04T09:23:22","date_gmt":"2026-09-04T09:23:22","guid":{"rendered":"https:\/\/dpress.ma\/fr\/?p=38948"},"modified":"2026-09-04T09:23:25","modified_gmt":"2026-09-04T09:23:25","slug":"le-taux-de-prevalence-du-handicap-au-maroc-atteint-87-en-2026","status":"publish","type":"post","link":"https:\/\/dpress.ma\/fr\/2026\/09\/04\/le-taux-de-prevalence-du-handicap-au-maroc-atteint-87-en-2026\/","title":{"rendered":"Le taux de pr\u00e9valence du handicap au Maroc atteint 8,7 % en 2026"},"content":{"rendered":"\n<p class=\"wp-block-paragraph\">Dpress<\/p>\n\n\n\n<p class=\"wp-block-paragraph\">Le taux de pr\u00e9valence du handicap au Maroc a atteint 8,7 % en 2026, dont 2,3 % souffrant d\u2019un handicap s\u00e9v\u00e8re, a indiqu\u00e9, jeudi \u00e0 Rabat, le Secr\u00e9taire d&rsquo;\u00c9tat charg\u00e9 de l&rsquo;Insertion sociale, Abdeljebbar Rachidi.<\/p>\n\n\n\n<p class=\"wp-block-paragraph\">Lors d\u2019une conf\u00e9rence de presse consacr\u00e9e \u00e0 la pr\u00e9sentation du bilan pr\u00e9liminaire des r\u00e9sultats de la troisi\u00e8me enqu\u00eate nationale sur le handicap, M. Rachidi a soulign\u00e9 que ce taux a marqu\u00e9 une hausse de 1,9 point par rapport aux r\u00e9sultats de l&rsquo;enqu\u00eate r\u00e9alis\u00e9e en 2014, qui avait fix\u00e9 \u00e0 6,8% la part des personnes en situation de handicap au Maroc.<\/p>\n\n\n\n<p class=\"wp-block-paragraph\">Cette \u00e9volution s\u2019explique principalement par l\u2019introduction de nouveaux outils de classification du handicap dans le cadre de la troisi\u00e8me enqu\u00eate nationale, notamment \u00e0 travers l\u2019inclusion des enfants \u00e2g\u00e9s de 2 \u00e0 17 ans, l\u2019adoption des normes du Fonds des Nations Unies pour l&rsquo;Enfance (Unicef), ainsi que la liste \u00e9largie du Groupe de Washington pour les adultes \u00e2g\u00e9s de 18 ans et plus, a expliqu\u00e9 M. Rachidi, ajoutant que l&rsquo;\u00e9volution se justifie \u00e9galement par le vieillissement croissant de la population.<\/p>\n\n\n\n<p class=\"wp-block-paragraph\">Le secr\u00e9taire d\u2019\u00c9tat a affirm\u00e9 qu\u2019environ 29% des m\u00e9nages marocains comptent au moins une personne en situation de handicap, soulignant que ce chiffre rev\u00eat une importance sociale particuli\u00e8re, puisqu\u2019il montre que les r\u00e9percussions du handicap d\u00e9passent la personne concern\u00e9e et touchent \u00e9galement sa famille, notamment en termes de soins, d\u2019accompagnement et de co\u00fbts directs et indirects.<\/p>\n\n\n\n<p class=\"wp-block-paragraph\">\u00c0 cet \u00e9gard, il a relev\u00e9 que 65,6% des personnes en situation de handicap d\u00e9clarent que les d\u00e9penses li\u00e9es aux m\u00e9dicaments et aux produits pharmaceutiques restent \u00e0 la charge de la famille.<\/p>\n\n\n\n<p class=\"wp-block-paragraph\">S\u2019agissant de la r\u00e9partition par sexe, M. Rachidi a indiqu\u00e9 que les r\u00e9sultats de l&rsquo;enqu\u00eate, dont la r\u00e9alisation a d\u00e9but\u00e9 en janvier 2026, montrent que les femmes en repr\u00e9sentent 53,6 %, contre 46,4 % pour les hommes.<\/p>\n\n\n\n<p class=\"wp-block-paragraph\">Il a \u00e9galement pr\u00e9cis\u00e9 que 60,5 % de cette cat\u00e9gorie de la population vit en milieu urbain, contre 39,5 % en milieu rural, d&rsquo;o\u00f9 la n\u00e9cessit\u00e9 de passer d\u2019une politique unifi\u00e9e \u00e0 des strat\u00e9gies mieux cibl\u00e9es, tenant compte des besoins r\u00e9els de chaque territoire.<\/p>\n\n\n\n<p class=\"wp-block-paragraph\">La troisi\u00e8me enqu\u00eate nationale sur le handicap vise \u00e0 actualiser les indicateurs relatifs \u00e0 la pr\u00e9valence du handicap au Maroc, \u00e0 analyser les conditions de vie de cette cat\u00e9gorie et \u00e0 identifier les contraintes entravant son int\u00e9gration socio-\u00e9conomique, tout en mesurant l&rsquo;\u00e9tendue de son acc\u00e8s aux services sociaux, \u00e0 l&rsquo;enseignement, \u00e0 l&#8217;emploi, \u00e0 la protection sociale, outre la mise en place d&rsquo;indicateurs pour l&rsquo;\u00e9laboration d&rsquo;une politique publique int\u00e9gr\u00e9e pour la promotion de ses droits, a-t-il fait savoir.<\/p>\n\n\n\n<p class=\"wp-block-paragraph\">Selon le document de pr\u00e9sentation du bilan pr\u00e9liminaire, cette troisi\u00e8me enqu\u00eate a connu un \u00e9largissement de la taille de l&rsquo;\u00e9chantillon, passant d&rsquo;environ 16.000 m\u00e9nages en 2014 \u00e0 20.412 en 2026, ce qui renforce la production de donn\u00e9es plus repr\u00e9sentatives, d&rsquo;autant plus qu&rsquo;il a \u00e9t\u00e9 proc\u00e9d\u00e9 \u00e0 l&rsquo;adoption d\u2019un cadre cartographique et d&rsquo;un \u00e9chantillon con\u00e7u selon des bases statistiques permettant de g\u00e9n\u00e9raliser les r\u00e9sultats sur la population cibl\u00e9e.<\/p>\n\n\n\n<p class=\"wp-block-paragraph\">Sur le plan op\u00e9rationnel, 47 \u00e9quipes et 236 enqu\u00eateurs ont \u00e9t\u00e9 mobilis\u00e9s, alors que les \u00e9quipes de terrain ont \u00e9t\u00e9 form\u00e9es et les outils de recherche ont \u00e9t\u00e9 s\u00e9lectionn\u00e9s avant le lancement effectif, l&rsquo;objectif \u00e9tant d&rsquo;am\u00e9liorer la compr\u00e9hension des questions et du cheminement logique du questionnaire et de garantir l&rsquo;harmonisation des conditions d&rsquo;application.<\/p>\n\n\n\n<p class=\"wp-block-paragraph\">Sur un autre registre, il ressort des r\u00e9sultats de cette enqu\u00eate que les attentes des personnes en situation de handicap et de leurs familles concernent principalement la garantie d&rsquo;un acc\u00e8s effectif aux droits et aux services de base, notamment dans les domaines de la sant\u00e9, de l&rsquo;\u00e9ducation et de l&#8217;emploi.<\/p>\n\n\n\n<p class=\"wp-block-paragraph\">La pr\u00e9sentation du bilan pr\u00e9liminaire des r\u00e9sultats de la troisi\u00e8me enqu\u00eate nationale sur le handicap, r\u00e9alis\u00e9 par le Secr\u00e9tariat d&rsquo;\u00c9tat charg\u00e9 de l&rsquo;Insertion sociale, en partenariat avec le Haut-Commissariat au Plan (HCP), l&rsquo;Observatoire National du D\u00e9veloppement Humain (ONDH) et le Fonds des Nations Unies pour la Population (UNFPA), a \u00e9t\u00e9 marqu\u00e9e par la pr\u00e9sence de plusieurs responsables, acteurs associatifs et intervenants dans le domaine.<\/p>\n","protected":false},"excerpt":{"rendered":"<p>Dpress Le taux de pr\u00e9valence du handicap au Maroc a atteint 8,7 % en 2026, dont 2,3 % souffrant d\u2019un handicap s\u00e9v\u00e8re, a indiqu\u00e9, jeudi \u00e0 Rabat, le Secr\u00e9taire d&rsquo;\u00c9tat charg\u00e9 de l&rsquo;Insertion sociale, Abdeljebbar Rachidi. Lors d\u2019une conf\u00e9rence de presse consacr\u00e9e \u00e0 la pr\u00e9sentation du bilan pr\u00e9liminaire des r\u00e9sultats de la troisi\u00e8me enqu\u00eate nationale &hellip;<\/p>\n","protected":false},"author":2,"featured_media":38949,"comment_status":"open","ping_status":"open","sticky":false,"template":"","format":"standard","meta":{"footnotes":""},"categories":[40],"tags":[],"class_list":["post-38948","post","type-post","status-publish","format-standard","has-post-thumbnail","hentry","category-societe-et-regions"],"yoast_head":"<!-- This site is optimized with the Yoast SEO plugin v28.0 - https:\/\/yoast.com\/product\/yoast-seo-wordpress\/ -->\n<title>Le taux de pr\u00e9valence du handicap au Maroc atteint 8,7 % en 2026 - Dpress.ma\/fr<\/title>\n<meta name=\"robots\" content=\"index, follow, max-snippet:-1, max-image-preview:large, max-video-preview:-1\" \/>\n<link rel=\"canonical\" href=\"https:\/\/dpress.ma\/fr\/2026\/09\/04\/le-taux-de-prevalence-du-handicap-au-maroc-atteint-87-en-2026\/\" \/>\n<meta property=\"og:locale\" content=\"fr_FR\" \/>\n<meta property=\"og:type\" content=\"article\" \/>\n<meta property=\"og:title\" content=\"Le taux de pr\u00e9valence du handicap au Maroc atteint 8,7 % en 2026 - Dpress.ma\/fr\" \/>\n<meta property=\"og:description\" content=\"Dpress Le taux de pr\u00e9valence du handicap au Maroc a atteint 8,7 % en 2026, dont 2,3 % souffrant d\u2019un handicap s\u00e9v\u00e8re, a indiqu\u00e9, jeudi \u00e0 Rabat, le Secr\u00e9taire d&rsquo;\u00c9tat charg\u00e9 de l&rsquo;Insertion sociale, Abdeljebbar Rachidi. Lors d\u2019une conf\u00e9rence de presse consacr\u00e9e \u00e0 la pr\u00e9sentation du bilan pr\u00e9liminaire des r\u00e9sultats de la troisi\u00e8me enqu\u00eate nationale &hellip;\" \/>\n<meta property=\"og:url\" content=\"https:\/\/dpress.ma\/fr\/2026\/09\/04\/le-taux-de-prevalence-du-handicap-au-maroc-atteint-87-en-2026\/\" \/>\n<meta property=\"og:site_name\" content=\"Dpress.ma\/fr\" \/>\n<meta property=\"article:published_time\" content=\"2026-09-04T09:23:22+00:00\" \/>\n<meta property=\"article:modified_time\" content=\"2026-09-04T09:23:25+00:00\" \/>\n<meta property=\"og:image\" content=\"https:\/\/dpress.ma\/fr\/wp-content\/uploads\/sites\/2\/2026\/09\/6-2.jpg\" \/>\n\t<meta property=\"og:image:width\" content=\"2539\" \/>\n\t<meta property=\"og:image:height\" content=\"1594\" \/>\n\t<meta property=\"og:image:type\" content=\"image\/jpeg\" \/>\n<meta name=\"author\" content=\"Dpress.ma\" \/>\n<meta name=\"twitter:card\" content=\"summary_large_image\" \/>\n<meta name=\"twitter:label1\" content=\"\u00c9crit par\" \/>\n\t<meta name=\"twitter:data1\" content=\"Dpress.ma\" \/>\n\t<meta name=\"twitter:label2\" content=\"Dur\u00e9e de lecture estim\u00e9e\" \/>\n\t<meta name=\"twitter:data2\" content=\"4 minutes\" \/>\n<script type=\"application\/ld+json\" class=\"yoast-schema-graph\">{\"@context\":\"https:\\\/\\\/schema.org\",\"@graph\":[{\"@type\":\"Article\",\"@id\":\"https:\\\/\\\/dpress.ma\\\/fr\\\/2026\\\/09\\\/04\\\/le-taux-de-prevalence-du-handicap-au-maroc-atteint-87-en-2026\\\/#article\",\"isPartOf\":{\"@id\":\"https:\\\/\\\/dpress.ma\\\/fr\\\/2026\\\/09\\\/04\\\/le-taux-de-prevalence-du-handicap-au-maroc-atteint-87-en-2026\\\/\"},\"author\":{\"name\":\"Dpress.ma\",\"@id\":\"https:\\\/\\\/dpress.ma\\\/fr\\\/#\\\/schema\\\/person\\\/4898febf3ccd59e6578d838656a306a0\"},\"headline\":\"Le taux de pr\u00e9valence du handicap au Maroc atteint 8,7 % en 2026\",\"datePublished\":\"2026-09-04T09:23:22+00:00\",\"dateModified\":\"2026-09-04T09:23:25+00:00\",\"mainEntityOfPage\":{\"@id\":\"https:\\\/\\\/dpress.ma\\\/fr\\\/2026\\\/09\\\/04\\\/le-taux-de-prevalence-du-handicap-au-maroc-atteint-87-en-2026\\\/\"},\"wordCount\":728,\"commentCount\":0,\"image\":{\"@id\":\"https:\\\/\\\/dpress.ma\\\/fr\\\/2026\\\/09\\\/04\\\/le-taux-de-prevalence-du-handicap-au-maroc-atteint-87-en-2026\\\/#primaryimage\"},\"thumbnailUrl\":\"https:\\\/\\\/dpress.ma\\\/fr\\\/wp-content\\\/uploads\\\/sites\\\/2\\\/2026\\\/09\\\/6-2.jpg\",\"articleSection\":[\"societe et regions\"],\"inLanguage\":\"fr-FR\",\"potentialAction\":[{\"@type\":\"CommentAction\",\"name\":\"Comment\",\"target\":[\"https:\\\/\\\/dpress.ma\\\/fr\\\/2026\\\/09\\\/04\\\/le-taux-de-prevalence-du-handicap-au-maroc-atteint-87-en-2026\\\/#respond\"]}]},{\"@type\":\"WebPage\",\"@id\":\"https:\\\/\\\/dpress.ma\\\/fr\\\/2026\\\/09\\\/04\\\/le-taux-de-prevalence-du-handicap-au-maroc-atteint-87-en-2026\\\/\",\"url\":\"https:\\\/\\\/dpress.ma\\\/fr\\\/2026\\\/09\\\/04\\\/le-taux-de-prevalence-du-handicap-au-maroc-atteint-87-en-2026\\\/\",\"name\":\"Le taux de pr\u00e9valence du handicap au Maroc atteint 8,7 % en 2026 - Dpress.ma\\\/fr\",\"isPartOf\":{\"@id\":\"https:\\\/\\\/dpress.ma\\\/fr\\\/#website\"},\"primaryImageOfPage\":{\"@id\":\"https:\\\/\\\/dpress.ma\\\/fr\\\/2026\\\/09\\\/04\\\/le-taux-de-prevalence-du-handicap-au-maroc-atteint-87-en-2026\\\/#primaryimage\"},\"image\":{\"@id\":\"https:\\\/\\\/dpress.ma\\\/fr\\\/2026\\\/09\\\/04\\\/le-taux-de-prevalence-du-handicap-au-maroc-atteint-87-en-2026\\\/#primaryimage\"},\"thumbnailUrl\":\"https:\\\/\\\/dpress.ma\\\/fr\\\/wp-content\\\/uploads\\\/sites\\\/2\\\/2026\\\/09\\\/6-2.jpg\",\"datePublished\":\"2026-09-04T09:23:22+00:00\",\"dateModified\":\"2026-09-04T09:23:25+00:00\",\"author\":{\"@id\":\"https:\\\/\\\/dpress.ma\\\/fr\\\/#\\\/schema\\\/person\\\/4898febf3ccd59e6578d838656a306a0\"},\"breadcrumb\":{\"@id\":\"https:\\\/\\\/dpress.ma\\\/fr\\\/2026\\\/09\\\/04\\\/le-taux-de-prevalence-du-handicap-au-maroc-atteint-87-en-2026\\\/#breadcrumb\"},\"inLanguage\":\"fr-FR\",\"potentialAction\":[{\"@type\":\"ReadAction\",\"target\":[\"https:\\\/\\\/dpress.ma\\\/fr\\\/2026\\\/09\\\/04\\\/le-taux-de-prevalence-du-handicap-au-maroc-atteint-87-en-2026\\\/\"]}]},{\"@type\":\"ImageObject\",\"inLanguage\":\"fr-FR\",\"@id\":\"https:\\\/\\\/dpress.ma\\\/fr\\\/2026\\\/09\\\/04\\\/le-taux-de-prevalence-du-handicap-au-maroc-atteint-87-en-2026\\\/#primaryimage\",\"url\":\"https:\\\/\\\/dpress.ma\\\/fr\\\/wp-content\\\/uploads\\\/sites\\\/2\\\/2026\\\/09\\\/6-2.jpg\",\"contentUrl\":\"https:\\\/\\\/dpress.ma\\\/fr\\\/wp-content\\\/uploads\\\/sites\\\/2\\\/2026\\\/09\\\/6-2.jpg\",\"width\":2539,\"height\":1594},{\"@type\":\"BreadcrumbList\",\"@id\":\"https:\\\/\\\/dpress.ma\\\/fr\\\/2026\\\/09\\\/04\\\/le-taux-de-prevalence-du-handicap-au-maroc-atteint-87-en-2026\\\/#breadcrumb\",\"itemListElement\":[{\"@type\":\"ListItem\",\"position\":1,\"name\":\"Home\",\"item\":\"https:\\\/\\\/dpress.ma\\\/fr\\\/\"},{\"@type\":\"ListItem\",\"position\":2,\"name\":\"Le taux de pr\u00e9valence du handicap au Maroc atteint 8,7 % en 2026\"}]},{\"@type\":\"WebSite\",\"@id\":\"https:\\\/\\\/dpress.ma\\\/fr\\\/#website\",\"url\":\"https:\\\/\\\/dpress.ma\\\/fr\\\/\",\"name\":\"Dpress.ma\\\/fr\",\"description\":\"\",\"potentialAction\":[{\"@type\":\"SearchAction\",\"target\":{\"@type\":\"EntryPoint\",\"urlTemplate\":\"https:\\\/\\\/dpress.ma\\\/fr\\\/?s={search_term_string}\"},\"query-input\":{\"@type\":\"PropertyValueSpecification\",\"valueRequired\":true,\"valueName\":\"search_term_string\"}}],\"inLanguage\":\"fr-FR\"},{\"@type\":\"Person\",\"@id\":\"https:\\\/\\\/dpress.ma\\\/fr\\\/#\\\/schema\\\/person\\\/4898febf3ccd59e6578d838656a306a0\",\"name\":\"Dpress.ma\",\"image\":{\"@type\":\"ImageObject\",\"inLanguage\":\"fr-FR\",\"@id\":\"https:\\\/\\\/secure.gravatar.com\\\/avatar\\\/72ecc30e9db047a2e0e7176561eb9d564ed77c8108376495b19bd8336405198a?s=96&d=mm&r=g\",\"url\":\"https:\\\/\\\/secure.gravatar.com\\\/avatar\\\/72ecc30e9db047a2e0e7176561eb9d564ed77c8108376495b19bd8336405198a?s=96&d=mm&r=g\",\"contentUrl\":\"https:\\\/\\\/secure.gravatar.com\\\/avatar\\\/72ecc30e9db047a2e0e7176561eb9d564ed77c8108376495b19bd8336405198a?s=96&d=mm&r=g\",\"caption\":\"Dpress.ma\"},\"sameAs\":[\"https:\\\/\\\/www.dpress.ma\"],\"url\":\"https:\\\/\\\/dpress.ma\\\/fr\\\/author\\\/dpress-ma\\\/\"}]}<\/script>\n<!-- \/ Yoast SEO plugin. -->","yoast_head_json":{"title":"Le taux de pr\u00e9valence du handicap au Maroc atteint 8,7 % en 2026 - Dpress.ma\/fr","robots":{"index":"index","follow":"follow","max-snippet":"max-snippet:-1","max-image-preview":"max-image-preview:large","max-video-preview":"max-video-preview:-1"},"canonical":"https:\/\/dpress.ma\/fr\/2026\/09\/04\/le-taux-de-prevalence-du-handicap-au-maroc-atteint-87-en-2026\/","og_locale":"fr_FR","og_type":"article","og_title":"Le taux de pr\u00e9valence du handicap au Maroc atteint 8,7 % en 2026 - Dpress.ma\/fr","og_description":"Dpress Le taux de pr\u00e9valence du handicap au Maroc a atteint 8,7 % en 2026, dont 2,3 % souffrant d\u2019un handicap s\u00e9v\u00e8re, a indiqu\u00e9, jeudi \u00e0 Rabat, le Secr\u00e9taire d&rsquo;\u00c9tat charg\u00e9 de l&rsquo;Insertion sociale, Abdeljebbar Rachidi. Lors d\u2019une conf\u00e9rence de presse consacr\u00e9e \u00e0 la pr\u00e9sentation du bilan pr\u00e9liminaire des r\u00e9sultats de la troisi\u00e8me enqu\u00eate nationale &hellip;","og_url":"https:\/\/dpress.ma\/fr\/2026\/09\/04\/le-taux-de-prevalence-du-handicap-au-maroc-atteint-87-en-2026\/","og_site_name":"Dpress.ma\/fr","article_published_time":"2026-09-04T09:23:22+00:00","article_modified_time":"2026-09-04T09:23:25+00:00","og_image":[{"width":2539,"height":1594,"url":"https:\/\/dpress.ma\/fr\/wp-content\/uploads\/sites\/2\/2026\/09\/6-2.jpg","type":"image\/jpeg"}],"author":"Dpress.ma","twitter_card":"summary_large_image","twitter_misc":{"\u00c9crit par":"Dpress.ma","Dur\u00e9e de lecture estim\u00e9e":"4 minutes"},"schema":{"@context":"https:\/\/schema.org","@graph":[{"@type":"Article","@id":"https:\/\/dpress.ma\/fr\/2026\/09\/04\/le-taux-de-prevalence-du-handicap-au-maroc-atteint-87-en-2026\/#article","isPartOf":{"@id":"https:\/\/dpress.ma\/fr\/2026\/09\/04\/le-taux-de-prevalence-du-handicap-au-maroc-atteint-87-en-2026\/"},"author":{"name":"Dpress.ma","@id":"https:\/\/dpress.ma\/fr\/#\/schema\/person\/4898febf3ccd59e6578d838656a306a0"},"headline":"Le taux de pr\u00e9valence du handicap au Maroc atteint 8,7 % en 2026","datePublished":"2026-09-04T09:23:22+00:00","dateModified":"2026-09-04T09:23:25+00:00","mainEntityOfPage":{"@id":"https:\/\/dpress.ma\/fr\/2026\/09\/04\/le-taux-de-prevalence-du-handicap-au-maroc-atteint-87-en-2026\/"},"wordCount":728,"commentCount":0,"image":{"@id":"https:\/\/dpress.ma\/fr\/2026\/09\/04\/le-taux-de-prevalence-du-handicap-au-maroc-atteint-87-en-2026\/#primaryimage"},"thumbnailUrl":"https:\/\/dpress.ma\/fr\/wp-content\/uploads\/sites\/2\/2026\/09\/6-2.jpg","articleSection":["societe et regions"],"inLanguage":"fr-FR","potentialAction":[{"@type":"CommentAction","name":"Comment","target":["https:\/\/dpress.ma\/fr\/2026\/09\/04\/le-taux-de-prevalence-du-handicap-au-maroc-atteint-87-en-2026\/#respond"]}]},{"@type":"WebPage","@id":"https:\/\/dpress.ma\/fr\/2026\/09\/04\/le-taux-de-prevalence-du-handicap-au-maroc-atteint-87-en-2026\/","url":"https:\/\/dpress.ma\/fr\/2026\/09\/04\/le-taux-de-prevalence-du-handicap-au-maroc-atteint-87-en-2026\/","name":"Le taux de pr\u00e9valence du handicap au Maroc atteint 8,7 % en 2026 - Dpress.ma\/fr","isPartOf":{"@id":"https:\/\/dpress.ma\/fr\/#website"},"primaryImageOfPage":{"@id":"https:\/\/dpress.ma\/fr\/2026\/09\/04\/le-taux-de-prevalence-du-handicap-au-maroc-atteint-87-en-2026\/#primaryimage"},"image":{"@id":"https:\/\/dpress.ma\/fr\/2026\/09\/04\/le-taux-de-prevalence-du-handicap-au-maroc-atteint-87-en-2026\/#primaryimage"},"thumbnailUrl":"https:\/\/dpress.ma\/fr\/wp-content\/uploads\/sites\/2\/2026\/09\/6-2.jpg","datePublished":"2026-09-04T09:23:22+00:00","dateModified":"2026-09-04T09:23:25+00:00","author":{"@id":"https:\/\/dpress.ma\/fr\/#\/schema\/person\/4898febf3ccd59e6578d838656a306a0"},"breadcrumb":{"@id":"https:\/\/dpress.ma\/fr\/2026\/09\/04\/le-taux-de-prevalence-du-handicap-au-maroc-atteint-87-en-2026\/#breadcrumb"},"inLanguage":"fr-FR","potentialAction":[{"@type":"ReadAction","target":["https:\/\/dpress.ma\/fr\/2026\/09\/04\/le-taux-de-prevalence-du-handicap-au-maroc-atteint-87-en-2026\/"]}]},{"@type":"ImageObject","inLanguage":"fr-FR","@id":"https:\/\/dpress.ma\/fr\/2026\/09\/04\/le-taux-de-prevalence-du-handicap-au-maroc-atteint-87-en-2026\/#primaryimage","url":"https:\/\/dpress.ma\/fr\/wp-content\/uploads\/sites\/2\/2026\/09\/6-2.jpg","contentUrl":"https:\/\/dpress.ma\/fr\/wp-content\/uploads\/sites\/2\/2026\/09\/6-2.jpg","width":2539,"height":1594},{"@type":"BreadcrumbList","@id":"https:\/\/dpress.ma\/fr\/2026\/09\/04\/le-taux-de-prevalence-du-handicap-au-maroc-atteint-87-en-2026\/#breadcrumb","itemListElement":[{"@type":"ListItem","position":1,"name":"Home","item":"https:\/\/dpress.ma\/fr\/"},{"@type":"ListItem","position":2,"name":"Le taux de pr\u00e9valence du handicap au Maroc atteint 8,7 % en 2026"}]},{"@type":"WebSite","@id":"https:\/\/dpress.ma\/fr\/#website","url":"https:\/\/dpress.ma\/fr\/","name":"Dpress.ma\/fr","description":"","potentialAction":[{"@type":"SearchAction","target":{"@type":"EntryPoint","urlTemplate":"https:\/\/dpress.ma\/fr\/?s={search_term_string}"},"query-input":{"@type":"PropertyValueSpecification","valueRequired":true,"valueName":"search_term_string"}}],"inLanguage":"fr-FR"},{"@type":"Person","@id":"https:\/\/dpress.ma\/fr\/#\/schema\/person\/4898febf3ccd59e6578d838656a306a0","name":"Dpress.ma","image":{"@type":"ImageObject","inLanguage":"fr-FR","@id":"https:\/\/secure.gravatar.com\/avatar\/72ecc30e9db047a2e0e7176561eb9d564ed77c8108376495b19bd8336405198a?s=96&d=mm&r=g","url":"https:\/\/secure.gravatar.com\/avatar\/72ecc30e9db047a2e0e7176561eb9d564ed77c8108376495b19bd8336405198a?s=96&d=mm&r=g","contentUrl":"https:\/\/secure.gravatar.com\/avatar\/72ecc30e9db047a2e0e7176561eb9d564ed77c8108376495b19bd8336405198a?s=96&d=mm&r=g","caption":"Dpress.ma"},"sameAs":["https:\/\/www.dpress.ma"],"url":"https:\/\/dpress.ma\/fr\/author\/dpress-ma\/"}]}},"amp_enabled":true,"_links":{"self":[{"href":"https:\/\/dpress.ma\/fr\/wp-json\/wp\/v2\/posts\/38948","targetHints":{"allow":["GET"]}}],"collection":[{"href":"https:\/\/dpress.ma\/fr\/wp-json\/wp\/v2\/posts"}],"about":[{"href":"https:\/\/dpress.ma\/fr\/wp-json\/wp\/v2\/types\/post"}],"author":[{"embeddable":true,"href":"https:\/\/dpress.ma\/fr\/wp-json\/wp\/v2\/users\/2"}],"replies":[{"embeddable":true,"href":"https:\/\/dpress.ma\/fr\/wp-json\/wp\/v2\/comments?post=38948"}],"version-history":[{"count":1,"href":"https:\/\/dpress.ma\/fr\/wp-json\/wp\/v2\/posts\/38948\/revisions"}],"predecessor-version":[{"id":38950,"href":"https:\/\/dpress.ma\/fr\/wp-json\/wp\/v2\/posts\/38948\/revisions\/38950"}],"wp:featuredmedia":[{"embeddable":true,"href":"https:\/\/dpress.ma\/fr\/wp-json\/wp\/v2\/media\/38949"}],"wp:attachment":[{"href":"https:\/\/dpress.ma\/fr\/wp-json\/wp\/v2\/media?parent=38948"}],"wp:term":[{"taxonomy":"category","embeddable":true,"href":"https:\/\/dpress.ma\/fr\/wp-json\/wp\/v2\/categories?post=38948"},{"taxonomy":"post_tag","embeddable":true,"href":"https:\/\/dpress.ma\/fr\/wp-json\/wp\/v2\/tags?post=38948"}],"curies":[{"name":"wp","href":"https:\/\/api.w.org\/{rel}","templated":true}]}}