{"id":38935,"date":"2026-09-04T09:16:39","date_gmt":"2026-09-04T09:16:39","guid":{"rendered":"https:\/\/dpress.ma\/fr\/?p=38935"},"modified":"2026-09-04T09:16:41","modified_gmt":"2026-09-04T09:16:41","slug":"le-ministere-de-la-sante-et-de-la-protection-sociale-lance-le-plan-sante-mentale-2030","status":"publish","type":"post","link":"https:\/\/dpress.ma\/fr\/2026\/09\/04\/le-ministere-de-la-sante-et-de-la-protection-sociale-lance-le-plan-sante-mentale-2030\/","title":{"rendered":"Le minist\u00e8re de la Sant\u00e9 et de la Protection sociale lance le Plan Sant\u00e9 Mentale 2030"},"content":{"rendered":"\n<p class=\"wp-block-paragraph\">Dpress<\/p>\n\n\n\n<p class=\"wp-block-paragraph\">Le minist\u00e8re de la Sant\u00e9 et de la Protection sociale a lanc\u00e9, jeudi \u00e0 Rabat, le Plan Sant\u00e9 Mentale 2030, un cadre national de r\u00e9f\u00e9rence visant \u00e0 renforcer l\u2019acc\u00e8s aux services de sant\u00e9 mentale, \u00e0 am\u00e9liorer la qualit\u00e9 de la prise en charge et \u00e0 promouvoir les prestations en la mati\u00e8re.<\/p>\n\n\n\n<p class=\"wp-block-paragraph\">Ce plan, lanc\u00e9 lors d\u2019une rencontre pr\u00e9sid\u00e9e par le ministre de la Sant\u00e9 et de la Protection sociale, Amine Tehraoui, marque une nouvelle \u00e9tape de la politique nationale en mati\u00e8re de sant\u00e9 publique avec pour objectif de promouvoir la sant\u00e9 mentale et pr\u00e9venir les troubles mentaux, tout en soutenant la r\u00e9habilitation et la r\u00e9insertion sociale.<\/p>\n\n\n\n<p class=\"wp-block-paragraph\">\u00c0 l\u2019horizon 2030, le plan vise \u00e0 renforcer de mani\u00e8re significative les capacit\u00e9s de prise en charge en sant\u00e9 mentale, \u00e0 travers l\u2019augmentation du nombre de lits de 2.466 \u00e0 environ 4.728, du nombre d\u2019h\u00f4pitaux psychiatriques, de 10 \u00e0 17 \u00e9tablissements, ainsi que des structures interm\u00e9diaires, de 4 \u00e0 24, afin d\u2019assurer une offre de services de sant\u00e9 mentale au niveau de l\u2019ensemble des r\u00e9gions du Royaume.<\/p>\n\n\n\n<p class=\"wp-block-paragraph\">A cette occasion, M. Tehraoui, a soulign\u00e9 que l\u2019investissement dans la sant\u00e9 mentale constitue un investissement dans le capital humain, dans la coh\u00e9sion sociale et dans la dignit\u00e9 de chaque individu, relevant qu\u2019il n\u2019est plus possible de consid\u00e9rer la sant\u00e9 mentale comme une question subsidiaire, mais l\u2019une des conditions essentielles \u00e0 la r\u00e9ussite des projets sociaux et de d\u00e9veloppement.<\/p>\n\n\n\n<p class=\"wp-block-paragraph\">Le ministre a indiqu\u00e9 que cette strat\u00e9gie repose sur plusieurs transformations majeures, notamment une intervention pr\u00e9coce et une pr\u00e9vention tout au long de la vie qui tient compte des particularit\u00e9s li\u00e9es \u00e0 la pr\u00e9carit\u00e9 et \u00e0 l\u2019accompagnement du vieillissement.<\/p>\n\n\n\n<p class=\"wp-block-paragraph\">Elle vise \u00e9galement \u00e0 replacer la sant\u00e9 mentale au c\u0153ur du syst\u00e8me de sant\u00e9 national, afin que chaque personne puisse b\u00e9n\u00e9ficier de soins \u00e0 proximit\u00e9 de son lieu de r\u00e9sidence et dans les meilleurs d\u00e9lais, a-t-il relev\u00e9.<\/p>\n\n\n\n<p class=\"wp-block-paragraph\">Fruit d\u2019une large concertation, ce plan \u00e0 dimension territoriale traduit une politique trans-sectorielle en harmonie avec l&rsquo;ensemble des politiques publiques, a not\u00e9 le ministre, ajoutant qu&rsquo;en mati\u00e8re de mise en \u0153uvre de ce plan, l\u2019ann\u00e9e 2026 sera marqu\u00e9e par le lancement des r\u00e9formes structurantes, tandis que les ann\u00e9es suivantes permettront d\u2019en \u00e9largir la mise en \u0153uvre \u00e0 l\u2019ensemble des territoires.<\/p>\n\n\n\n<p class=\"wp-block-paragraph\">L\u2019ann\u00e9e 2030 constituera, quant \u00e0 elle, l\u2019\u00e9ch\u00e9ance pour dresser le bilan des changements effectivement op\u00e9r\u00e9s dans la vie des citoyens, a-t-il poursuivi.<\/p>\n\n\n\n<p class=\"wp-block-paragraph\">Pour sa part, le pr\u00e9sident d\u00e9l\u00e9gu\u00e9 de la Fondation Lalla Oumkeltoum pour la sant\u00e9 mentale, Abderrazak Ouanas, a salu\u00e9 la Haute Sollicitude Royale dont b\u00e9n\u00e9ficient les personnes en situation de vuln\u00e9rabilit\u00e9 mentale, affirmant que la pr\u00e9sidence par Son Altesse Royale la Princesse Lalla Oumkeltoum de la Fondation constitue une illustration d\u2019une vision Royale \u00e9clair\u00e9e qui \u00e9rige la sant\u00e9 mentale au rang des priorit\u00e9s nationales du secteur de la sant\u00e9.<\/p>\n\n\n\n<p class=\"wp-block-paragraph\">La mise en \u0153uvre effective de ce plan, qui constitue une r\u00e9ponse structur\u00e9e et ambitieuse \u00e0 un imp\u00e9ratif humain et soci\u00e9tal, n\u00e9cessite la mobilisation et la conjugaison des efforts de l\u2019ensemble des acteurs concern\u00e9s, a-t-il not\u00e9, rappelant que la sant\u00e9 mentale repr\u00e9sente un d\u00e9terminant essentiel de la sant\u00e9 publique et de la coh\u00e9sion sociale.<\/p>\n\n\n\n<p class=\"wp-block-paragraph\">Dans ce sens, M. Ouanas a r\u00e9affirm\u00e9 l\u2019engagement de la Fondation Lalla Oumkeltoum pour la sant\u00e9 mentale dans cette dynamique nationale et sa d\u00e9termination \u00e0 apporter sa pleine contribution institutionnelle \u00e0 la r\u00e9ussite de ce plan qui inaugure une nouvelle \u00e8re de promotion de la sant\u00e9 mentale conform\u00e9ment \u00e0 la Haute Sollicitude Royale.<\/p>\n\n\n\n<p class=\"wp-block-paragraph\">De son c\u00f4t\u00e9, Awatef Belakhel, du Bureau de l\u2019Organisation mondiale de la Sant\u00e9 (OMS) au Maroc, a indiqu\u00e9 que ce plan traduit une vision humaine ax\u00e9e sur le renforcement des droits humains, la lutte contre la stigmatisation sociale et la garantie des conditions ad\u00e9quates en termes de soutien et d\u2019accompagnement.<\/p>\n\n\n\n<p class=\"wp-block-paragraph\">La sant\u00e9 mentale, a-t-elle poursuivi, ne constitue, bel et bien, un droit fondamental, une condition essentielle du d\u00e9veloppement individuel et collectif et un pilier indispensable de la couverture sanitaire universelle.<\/p>\n\n\n\n<p class=\"wp-block-paragraph\">A son tour, Fadoua Rahhaoui, de la Division des maladies non transmissibles au minist\u00e8re de la Sant\u00e9 et de la Protection sociale, a pass\u00e9 en revue les principaux axes strat\u00e9giques de ce plan, ainsi que les chantiers \u00e0 m\u00eame d\u2019obtenir des r\u00e9sultats \u00e0 court et \u00e0 moyen termes.<\/p>\n\n\n\n<p class=\"wp-block-paragraph\">Mme Rahhaoui a pr\u00e9cis\u00e9, \u00e0 cet \u00e9gard, que ces chantiers portent notamment sur la construction et la mise \u00e0 niveau des infrastructures d\u00e9di\u00e9es \u00e0 la sant\u00e9 mentale, le renforcement de la formation initiale et continue, le d\u00e9veloppement de nouvelles comp\u00e9tences et la modernisation du cadre l\u00e9gislatif.<\/p>\n\n\n\n<p class=\"wp-block-paragraph\">Le plan accorde une importance particuli\u00e8re au renforcement des ressources humaines, \u00e0 travers l\u2019augmentation du nombre de psychologues dans le secteur public de 32 \u00e0 786, des capacit\u00e9s de formation des psychiatres, de 36 \u00e0 124 par an, et de celles des infirmiers sp\u00e9cialis\u00e9s en sant\u00e9 mentale, de 490 \u00e0 750 annuellement, ainsi que la mise en place d\u2019un cadre l\u00e9gal r\u00e9gissant la profession de psychologue.<\/p>\n\n\n\n<p class=\"wp-block-paragraph\">De m\u00eame, la mise en \u0153uvre du Plan Sant\u00e9 Mentale 2030 b\u00e9n\u00e9ficiera d\u2019un financement de pr\u00e8s de 4 milliards de dirhams, destin\u00e9 \u00e0 accompagner la r\u00e9alisation des diff\u00e9rentes mesures et actions programm\u00e9es. Il pr\u00e9voit, en outre, de rapprocher davantage les services des citoyennes et des citoyens, \u00e0 travers le renforcement du r\u00f4le des soins de sant\u00e9 primaires et des structures interm\u00e9diaires, une meilleure articulation avec les structures hospitali\u00e8res et sp\u00e9cialis\u00e9es, ainsi qu\u2019une organisation territoriale adapt\u00e9e aux besoins des populations.<\/p>\n\n\n\n<p class=\"wp-block-paragraph\">Le Plan Sant\u00e9 Mentale 2030 a \u00e9t\u00e9 \u00e9labor\u00e9 par le minist\u00e8re de la Sant\u00e9 et de la Protection sociale dans le cadre d\u2019une approche associant 13 d\u00e9partements minist\u00e9riels et les diff\u00e9rents acteurs concern\u00e9s, avec l\u2019appui de l\u2019OMS. Il s&rsquo;articule autour de trois axes strat\u00e9giques et quatre conditions-cadres, d\u00e9clin\u00e9s en 86 actions et mesures.<\/p>\n","protected":false},"excerpt":{"rendered":"<p>Dpress Le minist\u00e8re de la Sant\u00e9 et de la Protection sociale a lanc\u00e9, jeudi \u00e0 Rabat, le Plan Sant\u00e9 Mentale 2030, un cadre national de r\u00e9f\u00e9rence visant \u00e0 renforcer l\u2019acc\u00e8s aux services de sant\u00e9 mentale, \u00e0 am\u00e9liorer la qualit\u00e9 de la prise en charge et \u00e0 promouvoir les prestations en la mati\u00e8re. Ce plan, lanc\u00e9 &hellip;<\/p>\n","protected":false},"author":2,"featured_media":38936,"comment_status":"open","ping_status":"open","sticky":false,"template":"","format":"standard","meta":{"footnotes":""},"categories":[40],"tags":[],"class_list":["post-38935","post","type-post","status-publish","format-standard","has-post-thumbnail","hentry","category-societe-et-regions"],"yoast_head":"<!-- This site is optimized with the Yoast SEO plugin v28.0 - https:\/\/yoast.com\/product\/yoast-seo-wordpress\/ -->\n<title>Le minist\u00e8re de la Sant\u00e9 et de la Protection sociale lance le Plan Sant\u00e9 Mentale 2030 - Dpress.ma\/fr<\/title>\n<meta name=\"robots\" content=\"index, follow, max-snippet:-1, max-image-preview:large, max-video-preview:-1\" \/>\n<link rel=\"canonical\" href=\"https:\/\/dpress.ma\/fr\/2026\/09\/04\/le-ministere-de-la-sante-et-de-la-protection-sociale-lance-le-plan-sante-mentale-2030\/\" \/>\n<meta property=\"og:locale\" content=\"fr_FR\" \/>\n<meta property=\"og:type\" content=\"article\" \/>\n<meta property=\"og:title\" content=\"Le minist\u00e8re de la Sant\u00e9 et de la Protection sociale lance le Plan Sant\u00e9 Mentale 2030 - Dpress.ma\/fr\" \/>\n<meta property=\"og:description\" content=\"Dpress Le minist\u00e8re de la Sant\u00e9 et de la Protection sociale a lanc\u00e9, jeudi \u00e0 Rabat, le Plan Sant\u00e9 Mentale 2030, un cadre national de r\u00e9f\u00e9rence visant \u00e0 renforcer l\u2019acc\u00e8s aux services de sant\u00e9 mentale, \u00e0 am\u00e9liorer la qualit\u00e9 de la prise en charge et \u00e0 promouvoir les prestations en la mati\u00e8re. Ce plan, lanc\u00e9 &hellip;\" \/>\n<meta property=\"og:url\" content=\"https:\/\/dpress.ma\/fr\/2026\/09\/04\/le-ministere-de-la-sante-et-de-la-protection-sociale-lance-le-plan-sante-mentale-2030\/\" \/>\n<meta property=\"og:site_name\" content=\"Dpress.ma\/fr\" \/>\n<meta property=\"article:published_time\" content=\"2026-09-04T09:16:39+00:00\" \/>\n<meta property=\"article:modified_time\" content=\"2026-09-04T09:16:41+00:00\" \/>\n<meta property=\"og:image\" content=\"https:\/\/dpress.ma\/fr\/wp-content\/uploads\/sites\/2\/2026\/09\/3-2.jpg\" \/>\n\t<meta property=\"og:image:width\" content=\"2539\" \/>\n\t<meta property=\"og:image:height\" content=\"1594\" \/>\n\t<meta property=\"og:image:type\" content=\"image\/jpeg\" \/>\n<meta name=\"author\" content=\"Dpress.ma\" \/>\n<meta name=\"twitter:card\" content=\"summary_large_image\" \/>\n<meta name=\"twitter:label1\" content=\"\u00c9crit par\" \/>\n\t<meta name=\"twitter:data1\" content=\"Dpress.ma\" \/>\n\t<meta name=\"twitter:label2\" content=\"Dur\u00e9e de lecture estim\u00e9e\" \/>\n\t<meta name=\"twitter:data2\" content=\"5 minutes\" \/>\n<script type=\"application\/ld+json\" class=\"yoast-schema-graph\">{\"@context\":\"https:\\\/\\\/schema.org\",\"@graph\":[{\"@type\":\"Article\",\"@id\":\"https:\\\/\\\/dpress.ma\\\/fr\\\/2026\\\/09\\\/04\\\/le-ministere-de-la-sante-et-de-la-protection-sociale-lance-le-plan-sante-mentale-2030\\\/#article\",\"isPartOf\":{\"@id\":\"https:\\\/\\\/dpress.ma\\\/fr\\\/2026\\\/09\\\/04\\\/le-ministere-de-la-sante-et-de-la-protection-sociale-lance-le-plan-sante-mentale-2030\\\/\"},\"author\":{\"name\":\"Dpress.ma\",\"@id\":\"https:\\\/\\\/dpress.ma\\\/fr\\\/#\\\/schema\\\/person\\\/4898febf3ccd59e6578d838656a306a0\"},\"headline\":\"Le minist\u00e8re de la Sant\u00e9 et de la Protection sociale lance le Plan Sant\u00e9 Mentale 2030\",\"datePublished\":\"2026-09-04T09:16:39+00:00\",\"dateModified\":\"2026-09-04T09:16:41+00:00\",\"mainEntityOfPage\":{\"@id\":\"https:\\\/\\\/dpress.ma\\\/fr\\\/2026\\\/09\\\/04\\\/le-ministere-de-la-sante-et-de-la-protection-sociale-lance-le-plan-sante-mentale-2030\\\/\"},\"wordCount\":1037,\"commentCount\":0,\"image\":{\"@id\":\"https:\\\/\\\/dpress.ma\\\/fr\\\/2026\\\/09\\\/04\\\/le-ministere-de-la-sante-et-de-la-protection-sociale-lance-le-plan-sante-mentale-2030\\\/#primaryimage\"},\"thumbnailUrl\":\"https:\\\/\\\/dpress.ma\\\/fr\\\/wp-content\\\/uploads\\\/sites\\\/2\\\/2026\\\/09\\\/3-2.jpg\",\"articleSection\":[\"societe et regions\"],\"inLanguage\":\"fr-FR\",\"potentialAction\":[{\"@type\":\"CommentAction\",\"name\":\"Comment\",\"target\":[\"https:\\\/\\\/dpress.ma\\\/fr\\\/2026\\\/09\\\/04\\\/le-ministere-de-la-sante-et-de-la-protection-sociale-lance-le-plan-sante-mentale-2030\\\/#respond\"]}]},{\"@type\":\"WebPage\",\"@id\":\"https:\\\/\\\/dpress.ma\\\/fr\\\/2026\\\/09\\\/04\\\/le-ministere-de-la-sante-et-de-la-protection-sociale-lance-le-plan-sante-mentale-2030\\\/\",\"url\":\"https:\\\/\\\/dpress.ma\\\/fr\\\/2026\\\/09\\\/04\\\/le-ministere-de-la-sante-et-de-la-protection-sociale-lance-le-plan-sante-mentale-2030\\\/\",\"name\":\"Le minist\u00e8re de la Sant\u00e9 et de la Protection sociale lance le Plan Sant\u00e9 Mentale 2030 - Dpress.ma\\\/fr\",\"isPartOf\":{\"@id\":\"https:\\\/\\\/dpress.ma\\\/fr\\\/#website\"},\"primaryImageOfPage\":{\"@id\":\"https:\\\/\\\/dpress.ma\\\/fr\\\/2026\\\/09\\\/04\\\/le-ministere-de-la-sante-et-de-la-protection-sociale-lance-le-plan-sante-mentale-2030\\\/#primaryimage\"},\"image\":{\"@id\":\"https:\\\/\\\/dpress.ma\\\/fr\\\/2026\\\/09\\\/04\\\/le-ministere-de-la-sante-et-de-la-protection-sociale-lance-le-plan-sante-mentale-2030\\\/#primaryimage\"},\"thumbnailUrl\":\"https:\\\/\\\/dpress.ma\\\/fr\\\/wp-content\\\/uploads\\\/sites\\\/2\\\/2026\\\/09\\\/3-2.jpg\",\"datePublished\":\"2026-09-04T09:16:39+00:00\",\"dateModified\":\"2026-09-04T09:16:41+00:00\",\"author\":{\"@id\":\"https:\\\/\\\/dpress.ma\\\/fr\\\/#\\\/schema\\\/person\\\/4898febf3ccd59e6578d838656a306a0\"},\"breadcrumb\":{\"@id\":\"https:\\\/\\\/dpress.ma\\\/fr\\\/2026\\\/09\\\/04\\\/le-ministere-de-la-sante-et-de-la-protection-sociale-lance-le-plan-sante-mentale-2030\\\/#breadcrumb\"},\"inLanguage\":\"fr-FR\",\"potentialAction\":[{\"@type\":\"ReadAction\",\"target\":[\"https:\\\/\\\/dpress.ma\\\/fr\\\/2026\\\/09\\\/04\\\/le-ministere-de-la-sante-et-de-la-protection-sociale-lance-le-plan-sante-mentale-2030\\\/\"]}]},{\"@type\":\"ImageObject\",\"inLanguage\":\"fr-FR\",\"@id\":\"https:\\\/\\\/dpress.ma\\\/fr\\\/2026\\\/09\\\/04\\\/le-ministere-de-la-sante-et-de-la-protection-sociale-lance-le-plan-sante-mentale-2030\\\/#primaryimage\",\"url\":\"https:\\\/\\\/dpress.ma\\\/fr\\\/wp-content\\\/uploads\\\/sites\\\/2\\\/2026\\\/09\\\/3-2.jpg\",\"contentUrl\":\"https:\\\/\\\/dpress.ma\\\/fr\\\/wp-content\\\/uploads\\\/sites\\\/2\\\/2026\\\/09\\\/3-2.jpg\",\"width\":2539,\"height\":1594},{\"@type\":\"BreadcrumbList\",\"@id\":\"https:\\\/\\\/dpress.ma\\\/fr\\\/2026\\\/09\\\/04\\\/le-ministere-de-la-sante-et-de-la-protection-sociale-lance-le-plan-sante-mentale-2030\\\/#breadcrumb\",\"itemListElement\":[{\"@type\":\"ListItem\",\"position\":1,\"name\":\"Home\",\"item\":\"https:\\\/\\\/dpress.ma\\\/fr\\\/\"},{\"@type\":\"ListItem\",\"position\":2,\"name\":\"Le minist\u00e8re de la Sant\u00e9 et de la Protection sociale lance le Plan Sant\u00e9 Mentale 2030\"}]},{\"@type\":\"WebSite\",\"@id\":\"https:\\\/\\\/dpress.ma\\\/fr\\\/#website\",\"url\":\"https:\\\/\\\/dpress.ma\\\/fr\\\/\",\"name\":\"Dpress.ma\\\/fr\",\"description\":\"\",\"potentialAction\":[{\"@type\":\"SearchAction\",\"target\":{\"@type\":\"EntryPoint\",\"urlTemplate\":\"https:\\\/\\\/dpress.ma\\\/fr\\\/?s={search_term_string}\"},\"query-input\":{\"@type\":\"PropertyValueSpecification\",\"valueRequired\":true,\"valueName\":\"search_term_string\"}}],\"inLanguage\":\"fr-FR\"},{\"@type\":\"Person\",\"@id\":\"https:\\\/\\\/dpress.ma\\\/fr\\\/#\\\/schema\\\/person\\\/4898febf3ccd59e6578d838656a306a0\",\"name\":\"Dpress.ma\",\"image\":{\"@type\":\"ImageObject\",\"inLanguage\":\"fr-FR\",\"@id\":\"https:\\\/\\\/secure.gravatar.com\\\/avatar\\\/72ecc30e9db047a2e0e7176561eb9d564ed77c8108376495b19bd8336405198a?s=96&d=mm&r=g\",\"url\":\"https:\\\/\\\/secure.gravatar.com\\\/avatar\\\/72ecc30e9db047a2e0e7176561eb9d564ed77c8108376495b19bd8336405198a?s=96&d=mm&r=g\",\"contentUrl\":\"https:\\\/\\\/secure.gravatar.com\\\/avatar\\\/72ecc30e9db047a2e0e7176561eb9d564ed77c8108376495b19bd8336405198a?s=96&d=mm&r=g\",\"caption\":\"Dpress.ma\"},\"sameAs\":[\"https:\\\/\\\/www.dpress.ma\"],\"url\":\"https:\\\/\\\/dpress.ma\\\/fr\\\/author\\\/dpress-ma\\\/\"}]}<\/script>\n<!-- \/ Yoast SEO plugin. -->","yoast_head_json":{"title":"Le minist\u00e8re de la Sant\u00e9 et de la Protection sociale lance le Plan Sant\u00e9 Mentale 2030 - Dpress.ma\/fr","robots":{"index":"index","follow":"follow","max-snippet":"max-snippet:-1","max-image-preview":"max-image-preview:large","max-video-preview":"max-video-preview:-1"},"canonical":"https:\/\/dpress.ma\/fr\/2026\/09\/04\/le-ministere-de-la-sante-et-de-la-protection-sociale-lance-le-plan-sante-mentale-2030\/","og_locale":"fr_FR","og_type":"article","og_title":"Le minist\u00e8re de la Sant\u00e9 et de la Protection sociale lance le Plan Sant\u00e9 Mentale 2030 - Dpress.ma\/fr","og_description":"Dpress Le minist\u00e8re de la Sant\u00e9 et de la Protection sociale a lanc\u00e9, jeudi \u00e0 Rabat, le Plan Sant\u00e9 Mentale 2030, un cadre national de r\u00e9f\u00e9rence visant \u00e0 renforcer l\u2019acc\u00e8s aux services de sant\u00e9 mentale, \u00e0 am\u00e9liorer la qualit\u00e9 de la prise en charge et \u00e0 promouvoir les prestations en la mati\u00e8re. Ce plan, lanc\u00e9 &hellip;","og_url":"https:\/\/dpress.ma\/fr\/2026\/09\/04\/le-ministere-de-la-sante-et-de-la-protection-sociale-lance-le-plan-sante-mentale-2030\/","og_site_name":"Dpress.ma\/fr","article_published_time":"2026-09-04T09:16:39+00:00","article_modified_time":"2026-09-04T09:16:41+00:00","og_image":[{"width":2539,"height":1594,"url":"https:\/\/dpress.ma\/fr\/wp-content\/uploads\/sites\/2\/2026\/09\/3-2.jpg","type":"image\/jpeg"}],"author":"Dpress.ma","twitter_card":"summary_large_image","twitter_misc":{"\u00c9crit par":"Dpress.ma","Dur\u00e9e de lecture estim\u00e9e":"5 minutes"},"schema":{"@context":"https:\/\/schema.org","@graph":[{"@type":"Article","@id":"https:\/\/dpress.ma\/fr\/2026\/09\/04\/le-ministere-de-la-sante-et-de-la-protection-sociale-lance-le-plan-sante-mentale-2030\/#article","isPartOf":{"@id":"https:\/\/dpress.ma\/fr\/2026\/09\/04\/le-ministere-de-la-sante-et-de-la-protection-sociale-lance-le-plan-sante-mentale-2030\/"},"author":{"name":"Dpress.ma","@id":"https:\/\/dpress.ma\/fr\/#\/schema\/person\/4898febf3ccd59e6578d838656a306a0"},"headline":"Le minist\u00e8re de la Sant\u00e9 et de la Protection sociale lance le Plan Sant\u00e9 Mentale 2030","datePublished":"2026-09-04T09:16:39+00:00","dateModified":"2026-09-04T09:16:41+00:00","mainEntityOfPage":{"@id":"https:\/\/dpress.ma\/fr\/2026\/09\/04\/le-ministere-de-la-sante-et-de-la-protection-sociale-lance-le-plan-sante-mentale-2030\/"},"wordCount":1037,"commentCount":0,"image":{"@id":"https:\/\/dpress.ma\/fr\/2026\/09\/04\/le-ministere-de-la-sante-et-de-la-protection-sociale-lance-le-plan-sante-mentale-2030\/#primaryimage"},"thumbnailUrl":"https:\/\/dpress.ma\/fr\/wp-content\/uploads\/sites\/2\/2026\/09\/3-2.jpg","articleSection":["societe et regions"],"inLanguage":"fr-FR","potentialAction":[{"@type":"CommentAction","name":"Comment","target":["https:\/\/dpress.ma\/fr\/2026\/09\/04\/le-ministere-de-la-sante-et-de-la-protection-sociale-lance-le-plan-sante-mentale-2030\/#respond"]}]},{"@type":"WebPage","@id":"https:\/\/dpress.ma\/fr\/2026\/09\/04\/le-ministere-de-la-sante-et-de-la-protection-sociale-lance-le-plan-sante-mentale-2030\/","url":"https:\/\/dpress.ma\/fr\/2026\/09\/04\/le-ministere-de-la-sante-et-de-la-protection-sociale-lance-le-plan-sante-mentale-2030\/","name":"Le minist\u00e8re de la Sant\u00e9 et de la Protection sociale lance le Plan Sant\u00e9 Mentale 2030 - Dpress.ma\/fr","isPartOf":{"@id":"https:\/\/dpress.ma\/fr\/#website"},"primaryImageOfPage":{"@id":"https:\/\/dpress.ma\/fr\/2026\/09\/04\/le-ministere-de-la-sante-et-de-la-protection-sociale-lance-le-plan-sante-mentale-2030\/#primaryimage"},"image":{"@id":"https:\/\/dpress.ma\/fr\/2026\/09\/04\/le-ministere-de-la-sante-et-de-la-protection-sociale-lance-le-plan-sante-mentale-2030\/#primaryimage"},"thumbnailUrl":"https:\/\/dpress.ma\/fr\/wp-content\/uploads\/sites\/2\/2026\/09\/3-2.jpg","datePublished":"2026-09-04T09:16:39+00:00","dateModified":"2026-09-04T09:16:41+00:00","author":{"@id":"https:\/\/dpress.ma\/fr\/#\/schema\/person\/4898febf3ccd59e6578d838656a306a0"},"breadcrumb":{"@id":"https:\/\/dpress.ma\/fr\/2026\/09\/04\/le-ministere-de-la-sante-et-de-la-protection-sociale-lance-le-plan-sante-mentale-2030\/#breadcrumb"},"inLanguage":"fr-FR","potentialAction":[{"@type":"ReadAction","target":["https:\/\/dpress.ma\/fr\/2026\/09\/04\/le-ministere-de-la-sante-et-de-la-protection-sociale-lance-le-plan-sante-mentale-2030\/"]}]},{"@type":"ImageObject","inLanguage":"fr-FR","@id":"https:\/\/dpress.ma\/fr\/2026\/09\/04\/le-ministere-de-la-sante-et-de-la-protection-sociale-lance-le-plan-sante-mentale-2030\/#primaryimage","url":"https:\/\/dpress.ma\/fr\/wp-content\/uploads\/sites\/2\/2026\/09\/3-2.jpg","contentUrl":"https:\/\/dpress.ma\/fr\/wp-content\/uploads\/sites\/2\/2026\/09\/3-2.jpg","width":2539,"height":1594},{"@type":"BreadcrumbList","@id":"https:\/\/dpress.ma\/fr\/2026\/09\/04\/le-ministere-de-la-sante-et-de-la-protection-sociale-lance-le-plan-sante-mentale-2030\/#breadcrumb","itemListElement":[{"@type":"ListItem","position":1,"name":"Home","item":"https:\/\/dpress.ma\/fr\/"},{"@type":"ListItem","position":2,"name":"Le minist\u00e8re de la Sant\u00e9 et de la Protection sociale lance le Plan Sant\u00e9 Mentale 2030"}]},{"@type":"WebSite","@id":"https:\/\/dpress.ma\/fr\/#website","url":"https:\/\/dpress.ma\/fr\/","name":"Dpress.ma\/fr","description":"","potentialAction":[{"@type":"SearchAction","target":{"@type":"EntryPoint","urlTemplate":"https:\/\/dpress.ma\/fr\/?s={search_term_string}"},"query-input":{"@type":"PropertyValueSpecification","valueRequired":true,"valueName":"search_term_string"}}],"inLanguage":"fr-FR"},{"@type":"Person","@id":"https:\/\/dpress.ma\/fr\/#\/schema\/person\/4898febf3ccd59e6578d838656a306a0","name":"Dpress.ma","image":{"@type":"ImageObject","inLanguage":"fr-FR","@id":"https:\/\/secure.gravatar.com\/avatar\/72ecc30e9db047a2e0e7176561eb9d564ed77c8108376495b19bd8336405198a?s=96&d=mm&r=g","url":"https:\/\/secure.gravatar.com\/avatar\/72ecc30e9db047a2e0e7176561eb9d564ed77c8108376495b19bd8336405198a?s=96&d=mm&r=g","contentUrl":"https:\/\/secure.gravatar.com\/avatar\/72ecc30e9db047a2e0e7176561eb9d564ed77c8108376495b19bd8336405198a?s=96&d=mm&r=g","caption":"Dpress.ma"},"sameAs":["https:\/\/www.dpress.ma"],"url":"https:\/\/dpress.ma\/fr\/author\/dpress-ma\/"}]}},"amp_enabled":true,"_links":{"self":[{"href":"https:\/\/dpress.ma\/fr\/wp-json\/wp\/v2\/posts\/38935","targetHints":{"allow":["GET"]}}],"collection":[{"href":"https:\/\/dpress.ma\/fr\/wp-json\/wp\/v2\/posts"}],"about":[{"href":"https:\/\/dpress.ma\/fr\/wp-json\/wp\/v2\/types\/post"}],"author":[{"embeddable":true,"href":"https:\/\/dpress.ma\/fr\/wp-json\/wp\/v2\/users\/2"}],"replies":[{"embeddable":true,"href":"https:\/\/dpress.ma\/fr\/wp-json\/wp\/v2\/comments?post=38935"}],"version-history":[{"count":1,"href":"https:\/\/dpress.ma\/fr\/wp-json\/wp\/v2\/posts\/38935\/revisions"}],"predecessor-version":[{"id":38937,"href":"https:\/\/dpress.ma\/fr\/wp-json\/wp\/v2\/posts\/38935\/revisions\/38937"}],"wp:featuredmedia":[{"embeddable":true,"href":"https:\/\/dpress.ma\/fr\/wp-json\/wp\/v2\/media\/38936"}],"wp:attachment":[{"href":"https:\/\/dpress.ma\/fr\/wp-json\/wp\/v2\/media?parent=38935"}],"wp:term":[{"taxonomy":"category","embeddable":true,"href":"https:\/\/dpress.ma\/fr\/wp-json\/wp\/v2\/categories?post=38935"},{"taxonomy":"post_tag","embeddable":true,"href":"https:\/\/dpress.ma\/fr\/wp-json\/wp\/v2\/tags?post=38935"}],"curies":[{"name":"wp","href":"https:\/\/api.w.org\/{rel}","templated":true}]}}