{"id":38928,"date":"2026-09-03T16:29:12","date_gmt":"2026-09-03T16:29:12","guid":{"rendered":"https:\/\/dpress.ma\/fr\/?p=38928"},"modified":"2026-09-03T16:29:14","modified_gmt":"2026-09-03T16:29:14","slug":"libreville-le-dg-de-la-cdg-met-en-avant-lexperience-marocaine-en-matiere-de-mobilisation-de-lepargne","status":"publish","type":"post","link":"https:\/\/dpress.ma\/fr\/2026\/09\/03\/libreville-le-dg-de-la-cdg-met-en-avant-lexperience-marocaine-en-matiere-de-mobilisation-de-lepargne\/","title":{"rendered":"Libreville : le DG de la CDG met en avant l\u2019exp\u00e9rience marocaine en mati\u00e8re de mobilisation de l\u2019\u00e9pargne"},"content":{"rendered":"\n<p class=\"wp-block-paragraph\">Dpress<\/p>\n\n\n\n<p class=\"wp-block-paragraph\">Le directeur g\u00e9n\u00e9ral de la Caisse de d\u00e9p\u00f4t et de gestion (CDG), Khalid Safir, a mis en avant, mercredi \u00e0 Libreville, l\u2019exp\u00e9rience marocaine en mati\u00e8re de mobilisation et de s\u00e9curisation de l\u2019\u00e9pargne, soulignant le r\u00f4le de la CDG dans le financement du d\u00e9veloppement.<\/p>\n\n\n\n<p class=\"wp-block-paragraph\">Intervenant lors de la premi\u00e8re \u00e9dition du Forum national de l\u2019\u00e9pargne pour le d\u00e9veloppement (FONED), organis\u00e9e par la Caisse des D\u00e9p\u00f4ts et Consignations du Gabon, M. Safir a pr\u00e9sent\u00e9 un expos\u00e9 sous le th\u00e8me \u00ab\u00a0Quand l\u2019\u00e9pargne b\u00e2tit une nation : l\u2019exp\u00e9rience de la CDG Maroc\u00a0\u00bb.<\/p>\n\n\n\n<p class=\"wp-block-paragraph\">Dans ce cadre, il a mis en exergue l\u2019exp\u00e9rience de la CDG dans la s\u00e9curisation et la mobilisation de l\u2019\u00e9pargne sur le long terme, ainsi que dans son orientation vers des investissements et des projets cr\u00e9ateurs de valeur contribuant au d\u00e9veloppement socio-\u00e9conomique.<\/p>\n\n\n\n<p class=\"wp-block-paragraph\">Il a soulign\u00e9, \u00e0 cette occasion, que la s\u00e9curisation et la dynamisation de l\u2019\u00e9pargne constituent l\u2019un des principaux enjeux pour les ann\u00e9es \u00e0 venir, dans un contexte marqu\u00e9 par une pression croissante sur les ressources et des besoins d\u2019investissement de plus en plus importants.<\/p>\n\n\n\n<p class=\"wp-block-paragraph\">\u00ab\u00a0Il nous appartient \u00e0 la fois de pr\u00e9server et s\u00e9curiser les ressources qui nous sont confi\u00e9es, mais aussi d\u2019en mobiliser de nouvelles et d\u2019accro\u00eetre nos d\u00e9p\u00f4ts\u00a0\u00bb, a-t-il relev\u00e9.<\/p>\n\n\n\n<p class=\"wp-block-paragraph\">Les ressources ainsi mobilis\u00e9es peuvent \u00eatre orient\u00e9es vers des secteurs \u00e0 fort impact sur le d\u00e9veloppement socio-\u00e9conomique, notamment les infrastructures, l\u2019am\u00e9nagement et le d\u00e9veloppement territorial, l\u2019industrie, le tourisme, le logement et les march\u00e9s financiers, a expliqu\u00e9 le directeur g\u00e9n\u00e9ral de la CDG.<\/p>\n\n\n\n<p class=\"wp-block-paragraph\">La mobilisation de l\u2019\u00e9pargne permet \u00e9galement de financer des projets g\u00e9n\u00e9rateurs d\u2019emplois, de contribuer \u00e0 la transformation des territoires et de favoriser l\u2019\u00e9mergence d\u2019\u00e9cosyst\u00e8mes \u00e9conomiques, faisant ainsi de l\u2019\u00e9pargne \u00ab\u00a0une v\u00e9ritable capacit\u00e9 d\u2019action\u00a0\u00bb au service du d\u00e9veloppement, a-t-il poursuivi.<\/p>\n\n\n\n<p class=\"wp-block-paragraph\">\u00c9largissant ses propos \u00e0 l\u2019\u00e9chelle africaine, M. Safir a fait savoir que les pays du continent disposent d\u2019un important potentiel pour renforcer la mobilisation de leurs ressources domestiques, soulignant que la dynamisation de l\u2019\u00e9pargne nationale est \u00e0 m\u00eame d\u2019accro\u00eetre leur capacit\u00e9 \u00e0 financer leur propre d\u00e9veloppement et \u00e0 consolider, dans la dur\u00e9e, leur souverainet\u00e9 en mati\u00e8re d\u2019investissement.<\/p>\n\n\n\n<p class=\"wp-block-paragraph\">De son c\u00f4t\u00e9, le chef de Division mobilisation des ressources et produits en d\u00e9veloppement \u00e0 la Caisse des D\u00e9p\u00f4ts et Consignations du B\u00e9nin, Ray M\u00e9dard Zounon, a indiqu\u00e9 que cette premi\u00e8re \u00e9dition du FONED marque le d\u00e9but d\u2019un rendez-vous appel\u00e9 \u00e0 s\u2019inscrire dans la dur\u00e9e, au service de la mobilisation des ressources et de la transformation \u00e9conomique du continent.<\/p>\n\n\n\n<p class=\"wp-block-paragraph\">Dans une allocution lue au nom de la pr\u00e9sidente en exercice du Forum des Caisses de D\u00e9p\u00f4t, Maryse Lokossou, M. Zounon a not\u00e9 que l\u2019Afrique dispose d\u2019importantes ressources domestiques, notamment l\u2019\u00e9pargne, les fonds de pension, les capitaux institutionnels, les ressources des compagnies d\u2019assurance et l\u2019\u00e9pargne de la diaspora, qui demeurent encore insuffisamment orient\u00e9es vers le financement \u00e0 long terme.<\/p>\n\n\n\n<p class=\"wp-block-paragraph\">Compl\u00e9mentaires des banques, des march\u00e9s financiers et des banques de d\u00e9veloppement, les Caisses de D\u00e9p\u00f4t ont vocation \u00e0 s\u00e9curiser ces ressources, \u00e0 en allonger l\u2019horizon et \u00e0 les orienter vers l\u2019investissement productif, a-t-il expliqu\u00e9.<\/p>\n\n\n\n<p class=\"wp-block-paragraph\">Elles peuvent \u00e9galement favoriser les cofinancements, produire un effet de levier et attirer davantage de capitaux priv\u00e9s vers les priorit\u00e9s de d\u00e9veloppement, a-t-il ajout\u00e9.<\/p>\n\n\n\n<p class=\"wp-block-paragraph\">Plac\u00e9e sous le th\u00e8me \u00ab\u00a0\u00c9pargne et souverainet\u00e9 financi\u00e8re : la Caisse des D\u00e9p\u00f4ts, instrument du financement endog\u00e8ne du Plan National de Croissance et de D\u00e9veloppement (PNCD) 2026-2030\u00a0\u00bb, cette rencontre de deux jours vise \u00e0 amorcer un d\u00e9bat sur la capacit\u00e9 de l\u2019\u00e9pargne \u00e0 soutenir durablement le financement du d\u00e9veloppement.<\/p>\n\n\n\n<p class=\"wp-block-paragraph\">Le forum r\u00e9unit les dirigeants de plusieurs Caisses de D\u00e9p\u00f4t du continent africain, notamment de C\u00f4te d\u2019Ivoire, du Cameroun, du B\u00e9nin et du Niger, aux c\u00f4t\u00e9s de la CDG Maroc, institution de r\u00e9f\u00e9rence cr\u00e9\u00e9e en 1959.<\/p>\n\n\n\n<p class=\"wp-block-paragraph\">Cette premi\u00e8re \u00e9dition rassemble \u00e9galement des repr\u00e9sentants d\u2019\u00e9tablissements financiers, d\u2019investisseurs, du secteur priv\u00e9, des experts et des partenaires techniques et financiers, ainsi que des universitaires.<\/p>\n\n\n\n<p class=\"wp-block-paragraph\">Six panels sont pr\u00e9vus au programme, dont le premier, mod\u00e9r\u00e9 par le secr\u00e9taire g\u00e9n\u00e9ral du Forum des Caisses de D\u00e9p\u00f4t, Adnane El Fassi, est consacr\u00e9 au r\u00f4le des Caisses de D\u00e9p\u00f4t africaines dans la mobilisation de l\u2019\u00e9pargne domestique.<\/p>\n\n\n\n<p class=\"wp-block-paragraph\">La c\u00e9r\u00e9monie d\u2019ouverture a \u00e9t\u00e9 marqu\u00e9e notamment par la pr\u00e9sence du vice-pr\u00e9sident de la R\u00e9publique gabonaise, Alexandre Barro Chambrier, de l\u2019ambassadeur du Maroc au Gabon, Abdellah Sbihi, ainsi que de membres du gouvernement gabonais et de repr\u00e9sentants des institutions constitutionnelles et des organisations r\u00e9gionales et sous-r\u00e9gionales.<\/p>\n","protected":false},"excerpt":{"rendered":"<p>Dpress Le directeur g\u00e9n\u00e9ral de la Caisse de d\u00e9p\u00f4t et de gestion (CDG), Khalid Safir, a mis en avant, mercredi \u00e0 Libreville, l\u2019exp\u00e9rience marocaine en mati\u00e8re de mobilisation et de s\u00e9curisation de l\u2019\u00e9pargne, soulignant le r\u00f4le de la CDG dans le financement du d\u00e9veloppement. Intervenant lors de la premi\u00e8re \u00e9dition du Forum national de l\u2019\u00e9pargne &hellip;<\/p>\n","protected":false},"author":2,"featured_media":38929,"comment_status":"open","ping_status":"open","sticky":false,"template":"","format":"standard","meta":{"footnotes":""},"categories":[25],"tags":[],"class_list":["post-38928","post","type-post","status-publish","format-standard","has-post-thumbnail","hentry","category-economie"],"yoast_head":"<!-- This site is optimized with the Yoast SEO plugin v28.0 - https:\/\/yoast.com\/product\/yoast-seo-wordpress\/ -->\n<title>Libreville : le DG de la CDG met en avant l\u2019exp\u00e9rience marocaine en mati\u00e8re de mobilisation de l\u2019\u00e9pargne - Dpress.ma\/fr<\/title>\n<meta name=\"robots\" content=\"index, follow, max-snippet:-1, max-image-preview:large, max-video-preview:-1\" \/>\n<link rel=\"canonical\" href=\"https:\/\/dpress.ma\/fr\/2026\/09\/03\/libreville-le-dg-de-la-cdg-met-en-avant-lexperience-marocaine-en-matiere-de-mobilisation-de-lepargne\/\" \/>\n<meta property=\"og:locale\" content=\"fr_FR\" \/>\n<meta property=\"og:type\" content=\"article\" \/>\n<meta property=\"og:title\" content=\"Libreville : le DG de la CDG met en avant l\u2019exp\u00e9rience marocaine en mati\u00e8re de mobilisation de l\u2019\u00e9pargne - Dpress.ma\/fr\" \/>\n<meta property=\"og:description\" content=\"Dpress Le directeur g\u00e9n\u00e9ral de la Caisse de d\u00e9p\u00f4t et de gestion (CDG), Khalid Safir, a mis en avant, mercredi \u00e0 Libreville, l\u2019exp\u00e9rience marocaine en mati\u00e8re de mobilisation et de s\u00e9curisation de l\u2019\u00e9pargne, soulignant le r\u00f4le de la CDG dans le financement du d\u00e9veloppement. Intervenant lors de la premi\u00e8re \u00e9dition du Forum national de l\u2019\u00e9pargne &hellip;\" \/>\n<meta property=\"og:url\" content=\"https:\/\/dpress.ma\/fr\/2026\/09\/03\/libreville-le-dg-de-la-cdg-met-en-avant-lexperience-marocaine-en-matiere-de-mobilisation-de-lepargne\/\" \/>\n<meta property=\"og:site_name\" content=\"Dpress.ma\/fr\" \/>\n<meta property=\"article:published_time\" content=\"2026-09-03T16:29:12+00:00\" \/>\n<meta property=\"article:modified_time\" content=\"2026-09-03T16:29:14+00:00\" \/>\n<meta property=\"og:image\" content=\"https:\/\/dpress.ma\/fr\/wp-content\/uploads\/sites\/2\/2026\/09\/CDG.jpg\" \/>\n\t<meta property=\"og:image:width\" content=\"2539\" \/>\n\t<meta property=\"og:image:height\" content=\"1594\" \/>\n\t<meta property=\"og:image:type\" content=\"image\/jpeg\" \/>\n<meta name=\"author\" content=\"Dpress.ma\" \/>\n<meta name=\"twitter:card\" content=\"summary_large_image\" \/>\n<meta name=\"twitter:label1\" content=\"\u00c9crit par\" \/>\n\t<meta name=\"twitter:data1\" content=\"Dpress.ma\" \/>\n\t<meta name=\"twitter:label2\" content=\"Dur\u00e9e de lecture estim\u00e9e\" \/>\n\t<meta name=\"twitter:data2\" content=\"4 minutes\" \/>\n<script type=\"application\/ld+json\" class=\"yoast-schema-graph\">{\"@context\":\"https:\\\/\\\/schema.org\",\"@graph\":[{\"@type\":\"Article\",\"@id\":\"https:\\\/\\\/dpress.ma\\\/fr\\\/2026\\\/09\\\/03\\\/libreville-le-dg-de-la-cdg-met-en-avant-lexperience-marocaine-en-matiere-de-mobilisation-de-lepargne\\\/#article\",\"isPartOf\":{\"@id\":\"https:\\\/\\\/dpress.ma\\\/fr\\\/2026\\\/09\\\/03\\\/libreville-le-dg-de-la-cdg-met-en-avant-lexperience-marocaine-en-matiere-de-mobilisation-de-lepargne\\\/\"},\"author\":{\"name\":\"Dpress.ma\",\"@id\":\"https:\\\/\\\/dpress.ma\\\/fr\\\/#\\\/schema\\\/person\\\/4898febf3ccd59e6578d838656a306a0\"},\"headline\":\"Libreville : le DG de la CDG met en avant l\u2019exp\u00e9rience marocaine en mati\u00e8re de mobilisation de l\u2019\u00e9pargne\",\"datePublished\":\"2026-09-03T16:29:12+00:00\",\"dateModified\":\"2026-09-03T16:29:14+00:00\",\"mainEntityOfPage\":{\"@id\":\"https:\\\/\\\/dpress.ma\\\/fr\\\/2026\\\/09\\\/03\\\/libreville-le-dg-de-la-cdg-met-en-avant-lexperience-marocaine-en-matiere-de-mobilisation-de-lepargne\\\/\"},\"wordCount\":864,\"commentCount\":0,\"image\":{\"@id\":\"https:\\\/\\\/dpress.ma\\\/fr\\\/2026\\\/09\\\/03\\\/libreville-le-dg-de-la-cdg-met-en-avant-lexperience-marocaine-en-matiere-de-mobilisation-de-lepargne\\\/#primaryimage\"},\"thumbnailUrl\":\"https:\\\/\\\/dpress.ma\\\/fr\\\/wp-content\\\/uploads\\\/sites\\\/2\\\/2026\\\/09\\\/CDG.jpg\",\"articleSection\":[\"\u00c9conomie\"],\"inLanguage\":\"fr-FR\",\"potentialAction\":[{\"@type\":\"CommentAction\",\"name\":\"Comment\",\"target\":[\"https:\\\/\\\/dpress.ma\\\/fr\\\/2026\\\/09\\\/03\\\/libreville-le-dg-de-la-cdg-met-en-avant-lexperience-marocaine-en-matiere-de-mobilisation-de-lepargne\\\/#respond\"]}]},{\"@type\":\"WebPage\",\"@id\":\"https:\\\/\\\/dpress.ma\\\/fr\\\/2026\\\/09\\\/03\\\/libreville-le-dg-de-la-cdg-met-en-avant-lexperience-marocaine-en-matiere-de-mobilisation-de-lepargne\\\/\",\"url\":\"https:\\\/\\\/dpress.ma\\\/fr\\\/2026\\\/09\\\/03\\\/libreville-le-dg-de-la-cdg-met-en-avant-lexperience-marocaine-en-matiere-de-mobilisation-de-lepargne\\\/\",\"name\":\"Libreville : le DG de la CDG met en avant l\u2019exp\u00e9rience marocaine en mati\u00e8re de mobilisation de l\u2019\u00e9pargne - Dpress.ma\\\/fr\",\"isPartOf\":{\"@id\":\"https:\\\/\\\/dpress.ma\\\/fr\\\/#website\"},\"primaryImageOfPage\":{\"@id\":\"https:\\\/\\\/dpress.ma\\\/fr\\\/2026\\\/09\\\/03\\\/libreville-le-dg-de-la-cdg-met-en-avant-lexperience-marocaine-en-matiere-de-mobilisation-de-lepargne\\\/#primaryimage\"},\"image\":{\"@id\":\"https:\\\/\\\/dpress.ma\\\/fr\\\/2026\\\/09\\\/03\\\/libreville-le-dg-de-la-cdg-met-en-avant-lexperience-marocaine-en-matiere-de-mobilisation-de-lepargne\\\/#primaryimage\"},\"thumbnailUrl\":\"https:\\\/\\\/dpress.ma\\\/fr\\\/wp-content\\\/uploads\\\/sites\\\/2\\\/2026\\\/09\\\/CDG.jpg\",\"datePublished\":\"2026-09-03T16:29:12+00:00\",\"dateModified\":\"2026-09-03T16:29:14+00:00\",\"author\":{\"@id\":\"https:\\\/\\\/dpress.ma\\\/fr\\\/#\\\/schema\\\/person\\\/4898febf3ccd59e6578d838656a306a0\"},\"breadcrumb\":{\"@id\":\"https:\\\/\\\/dpress.ma\\\/fr\\\/2026\\\/09\\\/03\\\/libreville-le-dg-de-la-cdg-met-en-avant-lexperience-marocaine-en-matiere-de-mobilisation-de-lepargne\\\/#breadcrumb\"},\"inLanguage\":\"fr-FR\",\"potentialAction\":[{\"@type\":\"ReadAction\",\"target\":[\"https:\\\/\\\/dpress.ma\\\/fr\\\/2026\\\/09\\\/03\\\/libreville-le-dg-de-la-cdg-met-en-avant-lexperience-marocaine-en-matiere-de-mobilisation-de-lepargne\\\/\"]}]},{\"@type\":\"ImageObject\",\"inLanguage\":\"fr-FR\",\"@id\":\"https:\\\/\\\/dpress.ma\\\/fr\\\/2026\\\/09\\\/03\\\/libreville-le-dg-de-la-cdg-met-en-avant-lexperience-marocaine-en-matiere-de-mobilisation-de-lepargne\\\/#primaryimage\",\"url\":\"https:\\\/\\\/dpress.ma\\\/fr\\\/wp-content\\\/uploads\\\/sites\\\/2\\\/2026\\\/09\\\/CDG.jpg\",\"contentUrl\":\"https:\\\/\\\/dpress.ma\\\/fr\\\/wp-content\\\/uploads\\\/sites\\\/2\\\/2026\\\/09\\\/CDG.jpg\",\"width\":2539,\"height\":1594},{\"@type\":\"BreadcrumbList\",\"@id\":\"https:\\\/\\\/dpress.ma\\\/fr\\\/2026\\\/09\\\/03\\\/libreville-le-dg-de-la-cdg-met-en-avant-lexperience-marocaine-en-matiere-de-mobilisation-de-lepargne\\\/#breadcrumb\",\"itemListElement\":[{\"@type\":\"ListItem\",\"position\":1,\"name\":\"Home\",\"item\":\"https:\\\/\\\/dpress.ma\\\/fr\\\/\"},{\"@type\":\"ListItem\",\"position\":2,\"name\":\"Libreville : le DG de la CDG met en avant l\u2019exp\u00e9rience marocaine en mati\u00e8re de mobilisation de l\u2019\u00e9pargne\"}]},{\"@type\":\"WebSite\",\"@id\":\"https:\\\/\\\/dpress.ma\\\/fr\\\/#website\",\"url\":\"https:\\\/\\\/dpress.ma\\\/fr\\\/\",\"name\":\"Dpress.ma\\\/fr\",\"description\":\"\",\"potentialAction\":[{\"@type\":\"SearchAction\",\"target\":{\"@type\":\"EntryPoint\",\"urlTemplate\":\"https:\\\/\\\/dpress.ma\\\/fr\\\/?s={search_term_string}\"},\"query-input\":{\"@type\":\"PropertyValueSpecification\",\"valueRequired\":true,\"valueName\":\"search_term_string\"}}],\"inLanguage\":\"fr-FR\"},{\"@type\":\"Person\",\"@id\":\"https:\\\/\\\/dpress.ma\\\/fr\\\/#\\\/schema\\\/person\\\/4898febf3ccd59e6578d838656a306a0\",\"name\":\"Dpress.ma\",\"image\":{\"@type\":\"ImageObject\",\"inLanguage\":\"fr-FR\",\"@id\":\"https:\\\/\\\/secure.gravatar.com\\\/avatar\\\/72ecc30e9db047a2e0e7176561eb9d564ed77c8108376495b19bd8336405198a?s=96&d=mm&r=g\",\"url\":\"https:\\\/\\\/secure.gravatar.com\\\/avatar\\\/72ecc30e9db047a2e0e7176561eb9d564ed77c8108376495b19bd8336405198a?s=96&d=mm&r=g\",\"contentUrl\":\"https:\\\/\\\/secure.gravatar.com\\\/avatar\\\/72ecc30e9db047a2e0e7176561eb9d564ed77c8108376495b19bd8336405198a?s=96&d=mm&r=g\",\"caption\":\"Dpress.ma\"},\"sameAs\":[\"https:\\\/\\\/www.dpress.ma\"],\"url\":\"https:\\\/\\\/dpress.ma\\\/fr\\\/author\\\/dpress-ma\\\/\"}]}<\/script>\n<!-- \/ Yoast SEO plugin. -->","yoast_head_json":{"title":"Libreville : le DG de la CDG met en avant l\u2019exp\u00e9rience marocaine en mati\u00e8re de mobilisation de l\u2019\u00e9pargne - Dpress.ma\/fr","robots":{"index":"index","follow":"follow","max-snippet":"max-snippet:-1","max-image-preview":"max-image-preview:large","max-video-preview":"max-video-preview:-1"},"canonical":"https:\/\/dpress.ma\/fr\/2026\/09\/03\/libreville-le-dg-de-la-cdg-met-en-avant-lexperience-marocaine-en-matiere-de-mobilisation-de-lepargne\/","og_locale":"fr_FR","og_type":"article","og_title":"Libreville : le DG de la CDG met en avant l\u2019exp\u00e9rience marocaine en mati\u00e8re de mobilisation de l\u2019\u00e9pargne - Dpress.ma\/fr","og_description":"Dpress Le directeur g\u00e9n\u00e9ral de la Caisse de d\u00e9p\u00f4t et de gestion (CDG), Khalid Safir, a mis en avant, mercredi \u00e0 Libreville, l\u2019exp\u00e9rience marocaine en mati\u00e8re de mobilisation et de s\u00e9curisation de l\u2019\u00e9pargne, soulignant le r\u00f4le de la CDG dans le financement du d\u00e9veloppement. Intervenant lors de la premi\u00e8re \u00e9dition du Forum national de l\u2019\u00e9pargne &hellip;","og_url":"https:\/\/dpress.ma\/fr\/2026\/09\/03\/libreville-le-dg-de-la-cdg-met-en-avant-lexperience-marocaine-en-matiere-de-mobilisation-de-lepargne\/","og_site_name":"Dpress.ma\/fr","article_published_time":"2026-09-03T16:29:12+00:00","article_modified_time":"2026-09-03T16:29:14+00:00","og_image":[{"width":2539,"height":1594,"url":"https:\/\/dpress.ma\/fr\/wp-content\/uploads\/sites\/2\/2026\/09\/CDG.jpg","type":"image\/jpeg"}],"author":"Dpress.ma","twitter_card":"summary_large_image","twitter_misc":{"\u00c9crit par":"Dpress.ma","Dur\u00e9e de lecture estim\u00e9e":"4 minutes"},"schema":{"@context":"https:\/\/schema.org","@graph":[{"@type":"Article","@id":"https:\/\/dpress.ma\/fr\/2026\/09\/03\/libreville-le-dg-de-la-cdg-met-en-avant-lexperience-marocaine-en-matiere-de-mobilisation-de-lepargne\/#article","isPartOf":{"@id":"https:\/\/dpress.ma\/fr\/2026\/09\/03\/libreville-le-dg-de-la-cdg-met-en-avant-lexperience-marocaine-en-matiere-de-mobilisation-de-lepargne\/"},"author":{"name":"Dpress.ma","@id":"https:\/\/dpress.ma\/fr\/#\/schema\/person\/4898febf3ccd59e6578d838656a306a0"},"headline":"Libreville : le DG de la CDG met en avant l\u2019exp\u00e9rience marocaine en mati\u00e8re de mobilisation de l\u2019\u00e9pargne","datePublished":"2026-09-03T16:29:12+00:00","dateModified":"2026-09-03T16:29:14+00:00","mainEntityOfPage":{"@id":"https:\/\/dpress.ma\/fr\/2026\/09\/03\/libreville-le-dg-de-la-cdg-met-en-avant-lexperience-marocaine-en-matiere-de-mobilisation-de-lepargne\/"},"wordCount":864,"commentCount":0,"image":{"@id":"https:\/\/dpress.ma\/fr\/2026\/09\/03\/libreville-le-dg-de-la-cdg-met-en-avant-lexperience-marocaine-en-matiere-de-mobilisation-de-lepargne\/#primaryimage"},"thumbnailUrl":"https:\/\/dpress.ma\/fr\/wp-content\/uploads\/sites\/2\/2026\/09\/CDG.jpg","articleSection":["\u00c9conomie"],"inLanguage":"fr-FR","potentialAction":[{"@type":"CommentAction","name":"Comment","target":["https:\/\/dpress.ma\/fr\/2026\/09\/03\/libreville-le-dg-de-la-cdg-met-en-avant-lexperience-marocaine-en-matiere-de-mobilisation-de-lepargne\/#respond"]}]},{"@type":"WebPage","@id":"https:\/\/dpress.ma\/fr\/2026\/09\/03\/libreville-le-dg-de-la-cdg-met-en-avant-lexperience-marocaine-en-matiere-de-mobilisation-de-lepargne\/","url":"https:\/\/dpress.ma\/fr\/2026\/09\/03\/libreville-le-dg-de-la-cdg-met-en-avant-lexperience-marocaine-en-matiere-de-mobilisation-de-lepargne\/","name":"Libreville : le DG de la CDG met en avant l\u2019exp\u00e9rience marocaine en mati\u00e8re de mobilisation de l\u2019\u00e9pargne - Dpress.ma\/fr","isPartOf":{"@id":"https:\/\/dpress.ma\/fr\/#website"},"primaryImageOfPage":{"@id":"https:\/\/dpress.ma\/fr\/2026\/09\/03\/libreville-le-dg-de-la-cdg-met-en-avant-lexperience-marocaine-en-matiere-de-mobilisation-de-lepargne\/#primaryimage"},"image":{"@id":"https:\/\/dpress.ma\/fr\/2026\/09\/03\/libreville-le-dg-de-la-cdg-met-en-avant-lexperience-marocaine-en-matiere-de-mobilisation-de-lepargne\/#primaryimage"},"thumbnailUrl":"https:\/\/dpress.ma\/fr\/wp-content\/uploads\/sites\/2\/2026\/09\/CDG.jpg","datePublished":"2026-09-03T16:29:12+00:00","dateModified":"2026-09-03T16:29:14+00:00","author":{"@id":"https:\/\/dpress.ma\/fr\/#\/schema\/person\/4898febf3ccd59e6578d838656a306a0"},"breadcrumb":{"@id":"https:\/\/dpress.ma\/fr\/2026\/09\/03\/libreville-le-dg-de-la-cdg-met-en-avant-lexperience-marocaine-en-matiere-de-mobilisation-de-lepargne\/#breadcrumb"},"inLanguage":"fr-FR","potentialAction":[{"@type":"ReadAction","target":["https:\/\/dpress.ma\/fr\/2026\/09\/03\/libreville-le-dg-de-la-cdg-met-en-avant-lexperience-marocaine-en-matiere-de-mobilisation-de-lepargne\/"]}]},{"@type":"ImageObject","inLanguage":"fr-FR","@id":"https:\/\/dpress.ma\/fr\/2026\/09\/03\/libreville-le-dg-de-la-cdg-met-en-avant-lexperience-marocaine-en-matiere-de-mobilisation-de-lepargne\/#primaryimage","url":"https:\/\/dpress.ma\/fr\/wp-content\/uploads\/sites\/2\/2026\/09\/CDG.jpg","contentUrl":"https:\/\/dpress.ma\/fr\/wp-content\/uploads\/sites\/2\/2026\/09\/CDG.jpg","width":2539,"height":1594},{"@type":"BreadcrumbList","@id":"https:\/\/dpress.ma\/fr\/2026\/09\/03\/libreville-le-dg-de-la-cdg-met-en-avant-lexperience-marocaine-en-matiere-de-mobilisation-de-lepargne\/#breadcrumb","itemListElement":[{"@type":"ListItem","position":1,"name":"Home","item":"https:\/\/dpress.ma\/fr\/"},{"@type":"ListItem","position":2,"name":"Libreville : le DG de la CDG met en avant l\u2019exp\u00e9rience marocaine en mati\u00e8re de mobilisation de l\u2019\u00e9pargne"}]},{"@type":"WebSite","@id":"https:\/\/dpress.ma\/fr\/#website","url":"https:\/\/dpress.ma\/fr\/","name":"Dpress.ma\/fr","description":"","potentialAction":[{"@type":"SearchAction","target":{"@type":"EntryPoint","urlTemplate":"https:\/\/dpress.ma\/fr\/?s={search_term_string}"},"query-input":{"@type":"PropertyValueSpecification","valueRequired":true,"valueName":"search_term_string"}}],"inLanguage":"fr-FR"},{"@type":"Person","@id":"https:\/\/dpress.ma\/fr\/#\/schema\/person\/4898febf3ccd59e6578d838656a306a0","name":"Dpress.ma","image":{"@type":"ImageObject","inLanguage":"fr-FR","@id":"https:\/\/secure.gravatar.com\/avatar\/72ecc30e9db047a2e0e7176561eb9d564ed77c8108376495b19bd8336405198a?s=96&d=mm&r=g","url":"https:\/\/secure.gravatar.com\/avatar\/72ecc30e9db047a2e0e7176561eb9d564ed77c8108376495b19bd8336405198a?s=96&d=mm&r=g","contentUrl":"https:\/\/secure.gravatar.com\/avatar\/72ecc30e9db047a2e0e7176561eb9d564ed77c8108376495b19bd8336405198a?s=96&d=mm&r=g","caption":"Dpress.ma"},"sameAs":["https:\/\/www.dpress.ma"],"url":"https:\/\/dpress.ma\/fr\/author\/dpress-ma\/"}]}},"amp_enabled":true,"_links":{"self":[{"href":"https:\/\/dpress.ma\/fr\/wp-json\/wp\/v2\/posts\/38928","targetHints":{"allow":["GET"]}}],"collection":[{"href":"https:\/\/dpress.ma\/fr\/wp-json\/wp\/v2\/posts"}],"about":[{"href":"https:\/\/dpress.ma\/fr\/wp-json\/wp\/v2\/types\/post"}],"author":[{"embeddable":true,"href":"https:\/\/dpress.ma\/fr\/wp-json\/wp\/v2\/users\/2"}],"replies":[{"embeddable":true,"href":"https:\/\/dpress.ma\/fr\/wp-json\/wp\/v2\/comments?post=38928"}],"version-history":[{"count":1,"href":"https:\/\/dpress.ma\/fr\/wp-json\/wp\/v2\/posts\/38928\/revisions"}],"predecessor-version":[{"id":38930,"href":"https:\/\/dpress.ma\/fr\/wp-json\/wp\/v2\/posts\/38928\/revisions\/38930"}],"wp:featuredmedia":[{"embeddable":true,"href":"https:\/\/dpress.ma\/fr\/wp-json\/wp\/v2\/media\/38929"}],"wp:attachment":[{"href":"https:\/\/dpress.ma\/fr\/wp-json\/wp\/v2\/media?parent=38928"}],"wp:term":[{"taxonomy":"category","embeddable":true,"href":"https:\/\/dpress.ma\/fr\/wp-json\/wp\/v2\/categories?post=38928"},{"taxonomy":"post_tag","embeddable":true,"href":"https:\/\/dpress.ma\/fr\/wp-json\/wp\/v2\/tags?post=38928"}],"curies":[{"name":"wp","href":"https:\/\/api.w.org\/{rel}","templated":true}]}}