{"id":38923,"date":"2026-09-03T15:37:49","date_gmt":"2026-09-03T15:37:49","guid":{"rendered":"https:\/\/dpress.ma\/fr\/?p=38923"},"modified":"2026-09-03T15:37:51","modified_gmt":"2026-09-03T15:37:51","slug":"m-akhannouch-represente-sm-le-roi-a-la-ceremonie-dinvestiture-du-president-de-sao-tome-et-principe-reelu","status":"publish","type":"post","link":"https:\/\/dpress.ma\/fr\/2026\/09\/03\/m-akhannouch-represente-sm-le-roi-a-la-ceremonie-dinvestiture-du-president-de-sao-tome-et-principe-reelu\/","title":{"rendered":"M. Akhannouch repr\u00e9sente SM le Roi \u00e0 la c\u00e9r\u00e9monie d\u2019investiture du Pr\u00e9sident de S\u00e3o Tom\u00e9-et-Principe r\u00e9\u00e9lu"},"content":{"rendered":"\n<p class=\"wp-block-paragraph\">Dpress<\/p>\n\n\n\n<p class=\"wp-block-paragraph\">Le Chef du gouvernement, M. Aziz Akhannouch, a repr\u00e9sent\u00e9 Sa Majest\u00e9 le Roi Mohammed VI, jeudi \u00e0 S\u00e3o Tom\u00e9, \u00e0 la c\u00e9r\u00e9monie d&rsquo;investiture du Pr\u00e9sident de S\u00e3o Tom\u00e9-et-Principe, M. Carlos Vila Nova, r\u00e9\u00e9lu pour un second mandat \u00e0 l&rsquo;issue des \u00e9lections du 19 juillet dernier.<\/p>\n\n\n\n<p class=\"wp-block-paragraph\">Lors de cette c\u00e9r\u00e9monie, qui s&rsquo;est d\u00e9roul\u00e9e,&nbsp;au si\u00e8ge de l&rsquo;Assembl\u00e9e nationale, en pr\u00e9sence de chefs d\u2019\u00c9tat et de gouvernement, M. Vila Nova a pr\u00eat\u00e9 serment en tant que Pr\u00e9sident de la R\u00e9publique de S\u00e3o Tom\u00e9-et-Principe pour un nouveau mandat de cinq ans.<\/p>\n\n\n\n<p class=\"wp-block-paragraph\">M. Akhannouch \u00e9tait accompagn\u00e9, lors de la c\u00e9r\u00e9monie d&rsquo;investiture, de l\u2019ambassadeur du Maroc au Gabon et Sao Tom\u00e9 et Principe, Abdellah Sbihi.<\/p>\n\n\n\n<p class=\"wp-block-paragraph\">Sa Majest\u00e9 le Roi avait adress\u00e9 un message de f\u00e9licitations \u00e0 M. Vila Nova \u00e0 l&rsquo;occasion de sa r\u00e9\u00e9lection, dans lequel le Souverain a r\u00e9affirm\u00e9 Sa d\u00e9termination \u00e0 continuer \u00e0 \u0153uvrer de concert avec le Pr\u00e9sident santom\u00e9en pour aller de l&rsquo;avant dans la consolidation des relations distingu\u00e9es liant les deux pays, marqu\u00e9es du sceau de la fraternit\u00e9, de la solidarit\u00e9 et de l&rsquo;estime mutuelle et anim\u00e9es par la volont\u00e9 commune de consacrer une coop\u00e9ration bilat\u00e9rale constructive au service des deux peuples fr\u00e8res.<\/p>\n\n\n\n<p class=\"wp-block-paragraph\">Carlos Vila Nova avait \u00e9t\u00e9 r\u00e9\u00e9lu d\u00e8s le premier tour de l&rsquo;\u00e9lection pr\u00e9sidentielle avec 55,88 % des suffrages.<\/p>\n","protected":false},"excerpt":{"rendered":"<p>Dpress Le Chef du gouvernement, M. Aziz Akhannouch, a repr\u00e9sent\u00e9 Sa Majest\u00e9 le Roi Mohammed VI, jeudi \u00e0 S\u00e3o Tom\u00e9, \u00e0 la c\u00e9r\u00e9monie d&rsquo;investiture du Pr\u00e9sident de S\u00e3o Tom\u00e9-et-Principe, M. Carlos Vila Nova, r\u00e9\u00e9lu pour un second mandat \u00e0 l&rsquo;issue des \u00e9lections du 19 juillet dernier. Lors de cette c\u00e9r\u00e9monie, qui s&rsquo;est d\u00e9roul\u00e9e,&nbsp;au si\u00e8ge de &hellip;<\/p>\n","protected":false},"author":2,"featured_media":38924,"comment_status":"open","ping_status":"open","sticky":false,"template":"","format":"standard","meta":{"footnotes":""},"categories":[29],"tags":[],"class_list":["post-38923","post","type-post","status-publish","format-standard","has-post-thumbnail","hentry","category-activites-royales"],"yoast_head":"<!-- This site is optimized with the Yoast SEO plugin v28.0 - https:\/\/yoast.com\/product\/yoast-seo-wordpress\/ -->\n<title>M. Akhannouch repr\u00e9sente SM le Roi \u00e0 la c\u00e9r\u00e9monie d\u2019investiture du Pr\u00e9sident de S\u00e3o Tom\u00e9-et-Principe r\u00e9\u00e9lu - Dpress.ma\/fr<\/title>\n<meta name=\"robots\" content=\"index, follow, max-snippet:-1, max-image-preview:large, max-video-preview:-1\" \/>\n<link rel=\"canonical\" href=\"https:\/\/dpress.ma\/fr\/2026\/09\/03\/m-akhannouch-represente-sm-le-roi-a-la-ceremonie-dinvestiture-du-president-de-sao-tome-et-principe-reelu\/\" \/>\n<meta property=\"og:locale\" content=\"fr_FR\" \/>\n<meta property=\"og:type\" content=\"article\" \/>\n<meta property=\"og:title\" content=\"M. Akhannouch repr\u00e9sente SM le Roi \u00e0 la c\u00e9r\u00e9monie d\u2019investiture du Pr\u00e9sident de S\u00e3o Tom\u00e9-et-Principe r\u00e9\u00e9lu - Dpress.ma\/fr\" \/>\n<meta property=\"og:description\" content=\"Dpress Le Chef du gouvernement, M. Aziz Akhannouch, a repr\u00e9sent\u00e9 Sa Majest\u00e9 le Roi Mohammed VI, jeudi \u00e0 S\u00e3o Tom\u00e9, \u00e0 la c\u00e9r\u00e9monie d&rsquo;investiture du Pr\u00e9sident de S\u00e3o Tom\u00e9-et-Principe, M. Carlos Vila Nova, r\u00e9\u00e9lu pour un second mandat \u00e0 l&rsquo;issue des \u00e9lections du 19 juillet dernier. Lors de cette c\u00e9r\u00e9monie, qui s&rsquo;est d\u00e9roul\u00e9e,&nbsp;au si\u00e8ge de &hellip;\" \/>\n<meta property=\"og:url\" content=\"https:\/\/dpress.ma\/fr\/2026\/09\/03\/m-akhannouch-represente-sm-le-roi-a-la-ceremonie-dinvestiture-du-president-de-sao-tome-et-principe-reelu\/\" \/>\n<meta property=\"og:site_name\" content=\"Dpress.ma\/fr\" \/>\n<meta property=\"article:published_time\" content=\"2026-09-03T15:37:49+00:00\" \/>\n<meta property=\"article:modified_time\" content=\"2026-09-03T15:37:51+00:00\" \/>\n<meta property=\"og:image\" content=\"https:\/\/dpress.ma\/fr\/wp-content\/uploads\/sites\/2\/2026\/09\/akhanouch.jpg\" \/>\n\t<meta property=\"og:image:width\" content=\"2539\" \/>\n\t<meta property=\"og:image:height\" content=\"1594\" \/>\n\t<meta property=\"og:image:type\" content=\"image\/jpeg\" \/>\n<meta name=\"author\" content=\"Dpress.ma\" \/>\n<meta name=\"twitter:card\" content=\"summary_large_image\" \/>\n<meta name=\"twitter:label1\" content=\"\u00c9crit par\" \/>\n\t<meta name=\"twitter:data1\" content=\"Dpress.ma\" \/>\n\t<meta name=\"twitter:label2\" content=\"Dur\u00e9e de lecture estim\u00e9e\" \/>\n\t<meta name=\"twitter:data2\" content=\"2 minutes\" \/>\n<script type=\"application\/ld+json\" class=\"yoast-schema-graph\">{\"@context\":\"https:\\\/\\\/schema.org\",\"@graph\":[{\"@type\":\"Article\",\"@id\":\"https:\\\/\\\/dpress.ma\\\/fr\\\/2026\\\/09\\\/03\\\/m-akhannouch-represente-sm-le-roi-a-la-ceremonie-dinvestiture-du-president-de-sao-tome-et-principe-reelu\\\/#article\",\"isPartOf\":{\"@id\":\"https:\\\/\\\/dpress.ma\\\/fr\\\/2026\\\/09\\\/03\\\/m-akhannouch-represente-sm-le-roi-a-la-ceremonie-dinvestiture-du-president-de-sao-tome-et-principe-reelu\\\/\"},\"author\":{\"name\":\"Dpress.ma\",\"@id\":\"https:\\\/\\\/dpress.ma\\\/fr\\\/#\\\/schema\\\/person\\\/4898febf3ccd59e6578d838656a306a0\"},\"headline\":\"M. Akhannouch repr\u00e9sente SM le Roi \u00e0 la c\u00e9r\u00e9monie d\u2019investiture du Pr\u00e9sident de S\u00e3o Tom\u00e9-et-Principe r\u00e9\u00e9lu\",\"datePublished\":\"2026-09-03T15:37:49+00:00\",\"dateModified\":\"2026-09-03T15:37:51+00:00\",\"mainEntityOfPage\":{\"@id\":\"https:\\\/\\\/dpress.ma\\\/fr\\\/2026\\\/09\\\/03\\\/m-akhannouch-represente-sm-le-roi-a-la-ceremonie-dinvestiture-du-president-de-sao-tome-et-principe-reelu\\\/\"},\"wordCount\":265,\"commentCount\":0,\"image\":{\"@id\":\"https:\\\/\\\/dpress.ma\\\/fr\\\/2026\\\/09\\\/03\\\/m-akhannouch-represente-sm-le-roi-a-la-ceremonie-dinvestiture-du-president-de-sao-tome-et-principe-reelu\\\/#primaryimage\"},\"thumbnailUrl\":\"https:\\\/\\\/dpress.ma\\\/fr\\\/wp-content\\\/uploads\\\/sites\\\/2\\\/2026\\\/09\\\/akhanouch.jpg\",\"articleSection\":[\"Activit\u00e9s Royales\"],\"inLanguage\":\"fr-FR\",\"potentialAction\":[{\"@type\":\"CommentAction\",\"name\":\"Comment\",\"target\":[\"https:\\\/\\\/dpress.ma\\\/fr\\\/2026\\\/09\\\/03\\\/m-akhannouch-represente-sm-le-roi-a-la-ceremonie-dinvestiture-du-president-de-sao-tome-et-principe-reelu\\\/#respond\"]}]},{\"@type\":\"WebPage\",\"@id\":\"https:\\\/\\\/dpress.ma\\\/fr\\\/2026\\\/09\\\/03\\\/m-akhannouch-represente-sm-le-roi-a-la-ceremonie-dinvestiture-du-president-de-sao-tome-et-principe-reelu\\\/\",\"url\":\"https:\\\/\\\/dpress.ma\\\/fr\\\/2026\\\/09\\\/03\\\/m-akhannouch-represente-sm-le-roi-a-la-ceremonie-dinvestiture-du-president-de-sao-tome-et-principe-reelu\\\/\",\"name\":\"M. Akhannouch repr\u00e9sente SM le Roi \u00e0 la c\u00e9r\u00e9monie d\u2019investiture du Pr\u00e9sident de S\u00e3o Tom\u00e9-et-Principe r\u00e9\u00e9lu - Dpress.ma\\\/fr\",\"isPartOf\":{\"@id\":\"https:\\\/\\\/dpress.ma\\\/fr\\\/#website\"},\"primaryImageOfPage\":{\"@id\":\"https:\\\/\\\/dpress.ma\\\/fr\\\/2026\\\/09\\\/03\\\/m-akhannouch-represente-sm-le-roi-a-la-ceremonie-dinvestiture-du-president-de-sao-tome-et-principe-reelu\\\/#primaryimage\"},\"image\":{\"@id\":\"https:\\\/\\\/dpress.ma\\\/fr\\\/2026\\\/09\\\/03\\\/m-akhannouch-represente-sm-le-roi-a-la-ceremonie-dinvestiture-du-president-de-sao-tome-et-principe-reelu\\\/#primaryimage\"},\"thumbnailUrl\":\"https:\\\/\\\/dpress.ma\\\/fr\\\/wp-content\\\/uploads\\\/sites\\\/2\\\/2026\\\/09\\\/akhanouch.jpg\",\"datePublished\":\"2026-09-03T15:37:49+00:00\",\"dateModified\":\"2026-09-03T15:37:51+00:00\",\"author\":{\"@id\":\"https:\\\/\\\/dpress.ma\\\/fr\\\/#\\\/schema\\\/person\\\/4898febf3ccd59e6578d838656a306a0\"},\"breadcrumb\":{\"@id\":\"https:\\\/\\\/dpress.ma\\\/fr\\\/2026\\\/09\\\/03\\\/m-akhannouch-represente-sm-le-roi-a-la-ceremonie-dinvestiture-du-president-de-sao-tome-et-principe-reelu\\\/#breadcrumb\"},\"inLanguage\":\"fr-FR\",\"potentialAction\":[{\"@type\":\"ReadAction\",\"target\":[\"https:\\\/\\\/dpress.ma\\\/fr\\\/2026\\\/09\\\/03\\\/m-akhannouch-represente-sm-le-roi-a-la-ceremonie-dinvestiture-du-president-de-sao-tome-et-principe-reelu\\\/\"]}]},{\"@type\":\"ImageObject\",\"inLanguage\":\"fr-FR\",\"@id\":\"https:\\\/\\\/dpress.ma\\\/fr\\\/2026\\\/09\\\/03\\\/m-akhannouch-represente-sm-le-roi-a-la-ceremonie-dinvestiture-du-president-de-sao-tome-et-principe-reelu\\\/#primaryimage\",\"url\":\"https:\\\/\\\/dpress.ma\\\/fr\\\/wp-content\\\/uploads\\\/sites\\\/2\\\/2026\\\/09\\\/akhanouch.jpg\",\"contentUrl\":\"https:\\\/\\\/dpress.ma\\\/fr\\\/wp-content\\\/uploads\\\/sites\\\/2\\\/2026\\\/09\\\/akhanouch.jpg\",\"width\":2539,\"height\":1594},{\"@type\":\"BreadcrumbList\",\"@id\":\"https:\\\/\\\/dpress.ma\\\/fr\\\/2026\\\/09\\\/03\\\/m-akhannouch-represente-sm-le-roi-a-la-ceremonie-dinvestiture-du-president-de-sao-tome-et-principe-reelu\\\/#breadcrumb\",\"itemListElement\":[{\"@type\":\"ListItem\",\"position\":1,\"name\":\"Home\",\"item\":\"https:\\\/\\\/dpress.ma\\\/fr\\\/\"},{\"@type\":\"ListItem\",\"position\":2,\"name\":\"M. Akhannouch repr\u00e9sente SM le Roi \u00e0 la c\u00e9r\u00e9monie d\u2019investiture du Pr\u00e9sident de S\u00e3o Tom\u00e9-et-Principe r\u00e9\u00e9lu\"}]},{\"@type\":\"WebSite\",\"@id\":\"https:\\\/\\\/dpress.ma\\\/fr\\\/#website\",\"url\":\"https:\\\/\\\/dpress.ma\\\/fr\\\/\",\"name\":\"Dpress.ma\\\/fr\",\"description\":\"\",\"potentialAction\":[{\"@type\":\"SearchAction\",\"target\":{\"@type\":\"EntryPoint\",\"urlTemplate\":\"https:\\\/\\\/dpress.ma\\\/fr\\\/?s={search_term_string}\"},\"query-input\":{\"@type\":\"PropertyValueSpecification\",\"valueRequired\":true,\"valueName\":\"search_term_string\"}}],\"inLanguage\":\"fr-FR\"},{\"@type\":\"Person\",\"@id\":\"https:\\\/\\\/dpress.ma\\\/fr\\\/#\\\/schema\\\/person\\\/4898febf3ccd59e6578d838656a306a0\",\"name\":\"Dpress.ma\",\"image\":{\"@type\":\"ImageObject\",\"inLanguage\":\"fr-FR\",\"@id\":\"https:\\\/\\\/secure.gravatar.com\\\/avatar\\\/72ecc30e9db047a2e0e7176561eb9d564ed77c8108376495b19bd8336405198a?s=96&d=mm&r=g\",\"url\":\"https:\\\/\\\/secure.gravatar.com\\\/avatar\\\/72ecc30e9db047a2e0e7176561eb9d564ed77c8108376495b19bd8336405198a?s=96&d=mm&r=g\",\"contentUrl\":\"https:\\\/\\\/secure.gravatar.com\\\/avatar\\\/72ecc30e9db047a2e0e7176561eb9d564ed77c8108376495b19bd8336405198a?s=96&d=mm&r=g\",\"caption\":\"Dpress.ma\"},\"sameAs\":[\"https:\\\/\\\/www.dpress.ma\"],\"url\":\"https:\\\/\\\/dpress.ma\\\/fr\\\/author\\\/dpress-ma\\\/\"}]}<\/script>\n<!-- \/ Yoast SEO plugin. -->","yoast_head_json":{"title":"M. Akhannouch repr\u00e9sente SM le Roi \u00e0 la c\u00e9r\u00e9monie d\u2019investiture du Pr\u00e9sident de S\u00e3o Tom\u00e9-et-Principe r\u00e9\u00e9lu - Dpress.ma\/fr","robots":{"index":"index","follow":"follow","max-snippet":"max-snippet:-1","max-image-preview":"max-image-preview:large","max-video-preview":"max-video-preview:-1"},"canonical":"https:\/\/dpress.ma\/fr\/2026\/09\/03\/m-akhannouch-represente-sm-le-roi-a-la-ceremonie-dinvestiture-du-president-de-sao-tome-et-principe-reelu\/","og_locale":"fr_FR","og_type":"article","og_title":"M. Akhannouch repr\u00e9sente SM le Roi \u00e0 la c\u00e9r\u00e9monie d\u2019investiture du Pr\u00e9sident de S\u00e3o Tom\u00e9-et-Principe r\u00e9\u00e9lu - Dpress.ma\/fr","og_description":"Dpress Le Chef du gouvernement, M. Aziz Akhannouch, a repr\u00e9sent\u00e9 Sa Majest\u00e9 le Roi Mohammed VI, jeudi \u00e0 S\u00e3o Tom\u00e9, \u00e0 la c\u00e9r\u00e9monie d&rsquo;investiture du Pr\u00e9sident de S\u00e3o Tom\u00e9-et-Principe, M. Carlos Vila Nova, r\u00e9\u00e9lu pour un second mandat \u00e0 l&rsquo;issue des \u00e9lections du 19 juillet dernier. Lors de cette c\u00e9r\u00e9monie, qui s&rsquo;est d\u00e9roul\u00e9e,&nbsp;au si\u00e8ge de &hellip;","og_url":"https:\/\/dpress.ma\/fr\/2026\/09\/03\/m-akhannouch-represente-sm-le-roi-a-la-ceremonie-dinvestiture-du-president-de-sao-tome-et-principe-reelu\/","og_site_name":"Dpress.ma\/fr","article_published_time":"2026-09-03T15:37:49+00:00","article_modified_time":"2026-09-03T15:37:51+00:00","og_image":[{"width":2539,"height":1594,"url":"https:\/\/dpress.ma\/fr\/wp-content\/uploads\/sites\/2\/2026\/09\/akhanouch.jpg","type":"image\/jpeg"}],"author":"Dpress.ma","twitter_card":"summary_large_image","twitter_misc":{"\u00c9crit par":"Dpress.ma","Dur\u00e9e de lecture estim\u00e9e":"2 minutes"},"schema":{"@context":"https:\/\/schema.org","@graph":[{"@type":"Article","@id":"https:\/\/dpress.ma\/fr\/2026\/09\/03\/m-akhannouch-represente-sm-le-roi-a-la-ceremonie-dinvestiture-du-president-de-sao-tome-et-principe-reelu\/#article","isPartOf":{"@id":"https:\/\/dpress.ma\/fr\/2026\/09\/03\/m-akhannouch-represente-sm-le-roi-a-la-ceremonie-dinvestiture-du-president-de-sao-tome-et-principe-reelu\/"},"author":{"name":"Dpress.ma","@id":"https:\/\/dpress.ma\/fr\/#\/schema\/person\/4898febf3ccd59e6578d838656a306a0"},"headline":"M. Akhannouch repr\u00e9sente SM le Roi \u00e0 la c\u00e9r\u00e9monie d\u2019investiture du Pr\u00e9sident de S\u00e3o Tom\u00e9-et-Principe r\u00e9\u00e9lu","datePublished":"2026-09-03T15:37:49+00:00","dateModified":"2026-09-03T15:37:51+00:00","mainEntityOfPage":{"@id":"https:\/\/dpress.ma\/fr\/2026\/09\/03\/m-akhannouch-represente-sm-le-roi-a-la-ceremonie-dinvestiture-du-president-de-sao-tome-et-principe-reelu\/"},"wordCount":265,"commentCount":0,"image":{"@id":"https:\/\/dpress.ma\/fr\/2026\/09\/03\/m-akhannouch-represente-sm-le-roi-a-la-ceremonie-dinvestiture-du-president-de-sao-tome-et-principe-reelu\/#primaryimage"},"thumbnailUrl":"https:\/\/dpress.ma\/fr\/wp-content\/uploads\/sites\/2\/2026\/09\/akhanouch.jpg","articleSection":["Activit\u00e9s Royales"],"inLanguage":"fr-FR","potentialAction":[{"@type":"CommentAction","name":"Comment","target":["https:\/\/dpress.ma\/fr\/2026\/09\/03\/m-akhannouch-represente-sm-le-roi-a-la-ceremonie-dinvestiture-du-president-de-sao-tome-et-principe-reelu\/#respond"]}]},{"@type":"WebPage","@id":"https:\/\/dpress.ma\/fr\/2026\/09\/03\/m-akhannouch-represente-sm-le-roi-a-la-ceremonie-dinvestiture-du-president-de-sao-tome-et-principe-reelu\/","url":"https:\/\/dpress.ma\/fr\/2026\/09\/03\/m-akhannouch-represente-sm-le-roi-a-la-ceremonie-dinvestiture-du-president-de-sao-tome-et-principe-reelu\/","name":"M. Akhannouch repr\u00e9sente SM le Roi \u00e0 la c\u00e9r\u00e9monie d\u2019investiture du Pr\u00e9sident de S\u00e3o Tom\u00e9-et-Principe r\u00e9\u00e9lu - Dpress.ma\/fr","isPartOf":{"@id":"https:\/\/dpress.ma\/fr\/#website"},"primaryImageOfPage":{"@id":"https:\/\/dpress.ma\/fr\/2026\/09\/03\/m-akhannouch-represente-sm-le-roi-a-la-ceremonie-dinvestiture-du-president-de-sao-tome-et-principe-reelu\/#primaryimage"},"image":{"@id":"https:\/\/dpress.ma\/fr\/2026\/09\/03\/m-akhannouch-represente-sm-le-roi-a-la-ceremonie-dinvestiture-du-president-de-sao-tome-et-principe-reelu\/#primaryimage"},"thumbnailUrl":"https:\/\/dpress.ma\/fr\/wp-content\/uploads\/sites\/2\/2026\/09\/akhanouch.jpg","datePublished":"2026-09-03T15:37:49+00:00","dateModified":"2026-09-03T15:37:51+00:00","author":{"@id":"https:\/\/dpress.ma\/fr\/#\/schema\/person\/4898febf3ccd59e6578d838656a306a0"},"breadcrumb":{"@id":"https:\/\/dpress.ma\/fr\/2026\/09\/03\/m-akhannouch-represente-sm-le-roi-a-la-ceremonie-dinvestiture-du-president-de-sao-tome-et-principe-reelu\/#breadcrumb"},"inLanguage":"fr-FR","potentialAction":[{"@type":"ReadAction","target":["https:\/\/dpress.ma\/fr\/2026\/09\/03\/m-akhannouch-represente-sm-le-roi-a-la-ceremonie-dinvestiture-du-president-de-sao-tome-et-principe-reelu\/"]}]},{"@type":"ImageObject","inLanguage":"fr-FR","@id":"https:\/\/dpress.ma\/fr\/2026\/09\/03\/m-akhannouch-represente-sm-le-roi-a-la-ceremonie-dinvestiture-du-president-de-sao-tome-et-principe-reelu\/#primaryimage","url":"https:\/\/dpress.ma\/fr\/wp-content\/uploads\/sites\/2\/2026\/09\/akhanouch.jpg","contentUrl":"https:\/\/dpress.ma\/fr\/wp-content\/uploads\/sites\/2\/2026\/09\/akhanouch.jpg","width":2539,"height":1594},{"@type":"BreadcrumbList","@id":"https:\/\/dpress.ma\/fr\/2026\/09\/03\/m-akhannouch-represente-sm-le-roi-a-la-ceremonie-dinvestiture-du-president-de-sao-tome-et-principe-reelu\/#breadcrumb","itemListElement":[{"@type":"ListItem","position":1,"name":"Home","item":"https:\/\/dpress.ma\/fr\/"},{"@type":"ListItem","position":2,"name":"M. Akhannouch repr\u00e9sente SM le Roi \u00e0 la c\u00e9r\u00e9monie d\u2019investiture du Pr\u00e9sident de S\u00e3o Tom\u00e9-et-Principe r\u00e9\u00e9lu"}]},{"@type":"WebSite","@id":"https:\/\/dpress.ma\/fr\/#website","url":"https:\/\/dpress.ma\/fr\/","name":"Dpress.ma\/fr","description":"","potentialAction":[{"@type":"SearchAction","target":{"@type":"EntryPoint","urlTemplate":"https:\/\/dpress.ma\/fr\/?s={search_term_string}"},"query-input":{"@type":"PropertyValueSpecification","valueRequired":true,"valueName":"search_term_string"}}],"inLanguage":"fr-FR"},{"@type":"Person","@id":"https:\/\/dpress.ma\/fr\/#\/schema\/person\/4898febf3ccd59e6578d838656a306a0","name":"Dpress.ma","image":{"@type":"ImageObject","inLanguage":"fr-FR","@id":"https:\/\/secure.gravatar.com\/avatar\/72ecc30e9db047a2e0e7176561eb9d564ed77c8108376495b19bd8336405198a?s=96&d=mm&r=g","url":"https:\/\/secure.gravatar.com\/avatar\/72ecc30e9db047a2e0e7176561eb9d564ed77c8108376495b19bd8336405198a?s=96&d=mm&r=g","contentUrl":"https:\/\/secure.gravatar.com\/avatar\/72ecc30e9db047a2e0e7176561eb9d564ed77c8108376495b19bd8336405198a?s=96&d=mm&r=g","caption":"Dpress.ma"},"sameAs":["https:\/\/www.dpress.ma"],"url":"https:\/\/dpress.ma\/fr\/author\/dpress-ma\/"}]}},"amp_enabled":true,"_links":{"self":[{"href":"https:\/\/dpress.ma\/fr\/wp-json\/wp\/v2\/posts\/38923","targetHints":{"allow":["GET"]}}],"collection":[{"href":"https:\/\/dpress.ma\/fr\/wp-json\/wp\/v2\/posts"}],"about":[{"href":"https:\/\/dpress.ma\/fr\/wp-json\/wp\/v2\/types\/post"}],"author":[{"embeddable":true,"href":"https:\/\/dpress.ma\/fr\/wp-json\/wp\/v2\/users\/2"}],"replies":[{"embeddable":true,"href":"https:\/\/dpress.ma\/fr\/wp-json\/wp\/v2\/comments?post=38923"}],"version-history":[{"count":1,"href":"https:\/\/dpress.ma\/fr\/wp-json\/wp\/v2\/posts\/38923\/revisions"}],"predecessor-version":[{"id":38925,"href":"https:\/\/dpress.ma\/fr\/wp-json\/wp\/v2\/posts\/38923\/revisions\/38925"}],"wp:featuredmedia":[{"embeddable":true,"href":"https:\/\/dpress.ma\/fr\/wp-json\/wp\/v2\/media\/38924"}],"wp:attachment":[{"href":"https:\/\/dpress.ma\/fr\/wp-json\/wp\/v2\/media?parent=38923"}],"wp:term":[{"taxonomy":"category","embeddable":true,"href":"https:\/\/dpress.ma\/fr\/wp-json\/wp\/v2\/categories?post=38923"},{"taxonomy":"post_tag","embeddable":true,"href":"https:\/\/dpress.ma\/fr\/wp-json\/wp\/v2\/tags?post=38923"}],"curies":[{"name":"wp","href":"https:\/\/api.w.org\/{rel}","templated":true}]}}