{"id":38900,"date":"2026-09-03T09:33:44","date_gmt":"2026-09-03T09:33:44","guid":{"rendered":"https:\/\/dpress.ma\/fr\/?p=38900"},"modified":"2026-09-03T09:33:47","modified_gmt":"2026-09-03T09:33:47","slug":"rabat-lancement-du-1er-salon-international-de-lecosysteme-agro-industriel-au-maroc-fruit-dun-partenariat-entre-la-fenagri-et-messe-dusseldorf","status":"publish","type":"post","link":"https:\/\/dpress.ma\/fr\/2026\/09\/03\/rabat-lancement-du-1er-salon-international-de-lecosysteme-agro-industriel-au-maroc-fruit-dun-partenariat-entre-la-fenagri-et-messe-dusseldorf\/","title":{"rendered":"Rabat : lancement du 1er Salon International de l\u2019\u00c9cosyst\u00e8me Agro-Industriel au Maroc, fruit d\u2019un partenariat entre la FENAGRI et Messe D\u00fcsseldorf"},"content":{"rendered":"\n<p class=\"wp-block-paragraph\">Dpress<\/p>\n\n\n\n<p class=\"wp-block-paragraph\">La F\u00e9d\u00e9ration nationale de l&rsquo;Agroalimentaire (FENAGRI) a annonc\u00e9, mercredi \u00e0 Rabat, le lancement en 2027 du premier Salon International de l&rsquo;\u00c9cosyst\u00e8me Agro-Industriel au Maroc, fruit d&rsquo;un partenariat entre la F\u00e9d\u00e9ration et Messe D\u00fcsseldorf.<\/p>\n\n\n\n<p class=\"wp-block-paragraph\">Ce salon ambitionne de r\u00e9unir les principaux acteurs nationaux et internationaux de l&rsquo;agro-industrie, afin de promouvoir l&rsquo;innovation, l&rsquo;investissement et les partenariats strat\u00e9giques.<\/p>\n\n\n\n<p class=\"wp-block-paragraph\">S&rsquo;exprimant \u00e0 cette occasion, le secr\u00e9taire d&rsquo;Etat charg\u00e9 du Commerce ext\u00e9rieur, Omar Hejira, a mis en avant le poids strat\u00e9gique du secteur agro-industriel dans l&rsquo;\u00e9conomie nationale.<\/p>\n\n\n\n<p class=\"wp-block-paragraph\">Ce secteur repr\u00e9sente 22% de la production industrielle et de la valeur ajout\u00e9e du Royaume, 11% des investissements industriels et pr\u00e8s de 20% de l&#8217;emploi industriel, avec plus de 206.000 salari\u00e9s dont plus de 50.000 emplois directement li\u00e9s \u00e0 l&rsquo;export, a rappel\u00e9 M. Hejira.<\/p>\n\n\n\n<p class=\"wp-block-paragraph\">Il a \u00e9galement relev\u00e9 que le secteur constitue le troisi\u00e8me pilier des exportations marocaines apr\u00e8s l&rsquo;automobile et les phosphates.<\/p>\n\n\n\n<p class=\"wp-block-paragraph\">En outre, M. Hejira est revenu sur les objectifs du contrat-programme conclu avec la FENAGRI \u00e0 l&rsquo;horizon 2030, portant sur une hausse de 16% du chiffre d&rsquo;affaires \u00e0 l&rsquo;export, l&rsquo;\u00e9mergence de 70 nouveaux exportateurs et la diversification des march\u00e9s vers l&rsquo;Am\u00e9rique du Nord et plusieurs pays africains.<\/p>\n\n\n\n<p class=\"wp-block-paragraph\">Il a insist\u00e9 sur le potentiel du march\u00e9 asiatique, citant notamment l&rsquo;Indon\u00e9sie et l&rsquo;accord de reconnaissance mutuelle Halal sign\u00e9 entre les deux pays en mai 2024, avant d&rsquo;affirmer que le Maroc dispose de tous les atouts, position g\u00e9ographique, infrastructures, savoir-faire Halal reconnu avec plus de 120 entreprises labellis\u00e9es, pour devenir une plateforme agro-industrielle r\u00e9gionale de r\u00e9f\u00e9rence.<\/p>\n\n\n\n<p class=\"wp-block-paragraph\">Pour sa part, le pr\u00e9sident de la FENAGRI, Abdelmounim El Eulj, a indiqu\u00e9 que ce nouveau salon ambitionne de devenir un rendez-vous international de r\u00e9f\u00e9rence, capable de f\u00e9d\u00e9rer les acteurs de la cha\u00eene de valeur agro-industrielle et de stimuler les \u00e9changes, l&rsquo;investissement et l&rsquo;innovation.<\/p>\n\n\n\n<p class=\"wp-block-paragraph\">Le partenariat nou\u00e9 avec Messe D\u00fcsseldorf, acteur international reconnu dans l&rsquo;organisation de grands salons professionnels, constitue une \u00e9tape d\u00e9terminante pour b\u00e2tir cet \u00e9v\u00e9nement selon les meilleurs standards internationaux d\u00e8s sa premi\u00e8re \u00e9dition, a-t-il fait valoir.<\/p>\n\n\n\n<p class=\"wp-block-paragraph\">De son c\u00f4t\u00e9, le pr\u00e9sident de la Conf\u00e9d\u00e9ration G\u00e9n\u00e9rale des Entreprises du Maroc (CGEM), Mehdi Tazi, a affirm\u00e9 que ce rendez-vous professionnel porte l&rsquo;ambition de rendre l&rsquo;agroalimentaire marocain plus visible, plus comp\u00e9titif, plus durable et davantage ouvert sur le monde, qualifiant ce secteur de strat\u00e9gique en mati\u00e8re de souverainet\u00e9, de transformation industrielle et de cr\u00e9ation de valeur.<\/p>\n\n\n\n<p class=\"wp-block-paragraph\">M. Tazi a appel\u00e9 \u00e0 investir davantage, \u00e0 renforcer la valeur ajout\u00e9e port\u00e9e par le secteur priv\u00e9 et \u00e0 diff\u00e9rencier l&rsquo;offre nationale afin de consolider son int\u00e9gration dans l&rsquo;\u00e9cosyst\u00e8me agroalimentaire mondial, mettant l&rsquo;accent sur le r\u00f4le de la transformation technologique dans l&rsquo;am\u00e9lioration de la comp\u00e9titivit\u00e9 du secteur.<\/p>\n\n\n\n<p class=\"wp-block-paragraph\">La directrice g\u00e9n\u00e9rale de Morocco Foodex, Ghita El Ghorfi, a pr\u00e9sent\u00e9, quant \u00e0 elle, ce projet comme une \u00e9tape vers la concr\u00e9tisation de l&rsquo;ambition de faire du Maroc une plateforme internationale de r\u00e9f\u00e9rence pour l&rsquo;agroalimentaire, estimant que le secteur agricole national, d\u00e9j\u00e0 en plein rayonnement, devrait d\u00e9sormais se positionner plus fortement au sein de l&rsquo;\u00e9cosyst\u00e8me agroalimentaire mondial.<\/p>\n\n\n\n<p class=\"wp-block-paragraph\">Elle a plaid\u00e9 pour un renforcement des exportations marocaines et une am\u00e9lioration du positionnement du Royaume dans les classements internationaux du secteur.<\/p>\n\n\n\n<p class=\"wp-block-paragraph\">Cette c\u00e9r\u00e9monie a \u00e9t\u00e9 aussi l&rsquo;occasion pour le directeur ex\u00e9cutif de la division op\u00e9rationnelle de Messe D\u00fcsseldorf, Bernd Jablonowski, d&rsquo;affirmer que le choix du Maroc est le r\u00e9sultat d&rsquo;un important travail de prospection men\u00e9 sur le continent africain, pr\u00e9cisant que son groupe, leader en Europe avec plus de 25 grands salons internationaux, a jug\u00e9 que le march\u00e9 marocain est pr\u00eat \u00e0 accueillir ce type d&rsquo;\u00e9v\u00e9nements.<\/p>\n\n\n\n<p class=\"wp-block-paragraph\">Il a salu\u00e9 la qualit\u00e9 du partenariat nou\u00e9 avec la FENAGRI et Morocco Foodex, exprimant l&rsquo;espoir de d\u00e9velopper \u00e0 terme d&rsquo;autres salons internationaux au Maroc.<\/p>\n\n\n\n<p class=\"wp-block-paragraph\">Cette rencontre a \u00e9t\u00e9 marqu\u00e9e par la signature de l&rsquo;accord de partenariat entre la FENAGRI, repr\u00e9sent\u00e9e par M. El Eulj, et Messe D\u00fcsseldorf, repr\u00e9sent\u00e9e par M. Jablonowski, consacrant le lancement dudit salon.<\/p>\n","protected":false},"excerpt":{"rendered":"<p>Dpress La F\u00e9d\u00e9ration nationale de l&rsquo;Agroalimentaire (FENAGRI) a annonc\u00e9, mercredi \u00e0 Rabat, le lancement en 2027 du premier Salon International de l&rsquo;\u00c9cosyst\u00e8me Agro-Industriel au Maroc, fruit d&rsquo;un partenariat entre la F\u00e9d\u00e9ration et Messe D\u00fcsseldorf. Ce salon ambitionne de r\u00e9unir les principaux acteurs nationaux et internationaux de l&rsquo;agro-industrie, afin de promouvoir l&rsquo;innovation, l&rsquo;investissement et les partenariats &hellip;<\/p>\n","protected":false},"author":2,"featured_media":38901,"comment_status":"open","ping_status":"open","sticky":false,"template":"","format":"standard","meta":{"footnotes":""},"categories":[25],"tags":[],"class_list":["post-38900","post","type-post","status-publish","format-standard","has-post-thumbnail","hentry","category-economie"],"yoast_head":"<!-- This site is optimized with the Yoast SEO plugin v28.0 - https:\/\/yoast.com\/product\/yoast-seo-wordpress\/ -->\n<title>Rabat : lancement du 1er Salon International de l\u2019\u00c9cosyst\u00e8me Agro-Industriel au Maroc, fruit d\u2019un partenariat entre la FENAGRI et Messe D\u00fcsseldorf - Dpress.ma\/fr<\/title>\n<meta name=\"robots\" content=\"index, follow, max-snippet:-1, max-image-preview:large, max-video-preview:-1\" \/>\n<link rel=\"canonical\" href=\"https:\/\/dpress.ma\/fr\/2026\/09\/03\/rabat-lancement-du-1er-salon-international-de-lecosysteme-agro-industriel-au-maroc-fruit-dun-partenariat-entre-la-fenagri-et-messe-dusseldorf\/\" \/>\n<meta property=\"og:locale\" content=\"fr_FR\" \/>\n<meta property=\"og:type\" content=\"article\" \/>\n<meta property=\"og:title\" content=\"Rabat : lancement du 1er Salon International de l\u2019\u00c9cosyst\u00e8me Agro-Industriel au Maroc, fruit d\u2019un partenariat entre la FENAGRI et Messe D\u00fcsseldorf - Dpress.ma\/fr\" \/>\n<meta property=\"og:description\" content=\"Dpress La F\u00e9d\u00e9ration nationale de l&rsquo;Agroalimentaire (FENAGRI) a annonc\u00e9, mercredi \u00e0 Rabat, le lancement en 2027 du premier Salon International de l&rsquo;\u00c9cosyst\u00e8me Agro-Industriel au Maroc, fruit d&rsquo;un partenariat entre la F\u00e9d\u00e9ration et Messe D\u00fcsseldorf. Ce salon ambitionne de r\u00e9unir les principaux acteurs nationaux et internationaux de l&rsquo;agro-industrie, afin de promouvoir l&rsquo;innovation, l&rsquo;investissement et les partenariats &hellip;\" \/>\n<meta property=\"og:url\" content=\"https:\/\/dpress.ma\/fr\/2026\/09\/03\/rabat-lancement-du-1er-salon-international-de-lecosysteme-agro-industriel-au-maroc-fruit-dun-partenariat-entre-la-fenagri-et-messe-dusseldorf\/\" \/>\n<meta property=\"og:site_name\" content=\"Dpress.ma\/fr\" \/>\n<meta property=\"article:published_time\" content=\"2026-09-03T09:33:44+00:00\" \/>\n<meta property=\"article:modified_time\" content=\"2026-09-03T09:33:47+00:00\" \/>\n<meta property=\"og:image\" content=\"https:\/\/dpress.ma\/fr\/wp-content\/uploads\/sites\/2\/2026\/09\/5-1.jpg\" \/>\n\t<meta property=\"og:image:width\" content=\"2539\" \/>\n\t<meta property=\"og:image:height\" content=\"1594\" \/>\n\t<meta property=\"og:image:type\" content=\"image\/jpeg\" \/>\n<meta name=\"author\" content=\"Dpress.ma\" \/>\n<meta name=\"twitter:card\" content=\"summary_large_image\" \/>\n<meta name=\"twitter:label1\" content=\"\u00c9crit par\" \/>\n\t<meta name=\"twitter:data1\" content=\"Dpress.ma\" \/>\n\t<meta name=\"twitter:label2\" content=\"Dur\u00e9e de lecture estim\u00e9e\" \/>\n\t<meta name=\"twitter:data2\" content=\"4 minutes\" \/>\n<script type=\"application\/ld+json\" class=\"yoast-schema-graph\">{\"@context\":\"https:\\\/\\\/schema.org\",\"@graph\":[{\"@type\":\"Article\",\"@id\":\"https:\\\/\\\/dpress.ma\\\/fr\\\/2026\\\/09\\\/03\\\/rabat-lancement-du-1er-salon-international-de-lecosysteme-agro-industriel-au-maroc-fruit-dun-partenariat-entre-la-fenagri-et-messe-dusseldorf\\\/#article\",\"isPartOf\":{\"@id\":\"https:\\\/\\\/dpress.ma\\\/fr\\\/2026\\\/09\\\/03\\\/rabat-lancement-du-1er-salon-international-de-lecosysteme-agro-industriel-au-maroc-fruit-dun-partenariat-entre-la-fenagri-et-messe-dusseldorf\\\/\"},\"author\":{\"name\":\"Dpress.ma\",\"@id\":\"https:\\\/\\\/dpress.ma\\\/fr\\\/#\\\/schema\\\/person\\\/4898febf3ccd59e6578d838656a306a0\"},\"headline\":\"Rabat : lancement du 1er Salon International de l\u2019\u00c9cosyst\u00e8me Agro-Industriel au Maroc, fruit d\u2019un partenariat entre la FENAGRI et Messe D\u00fcsseldorf\",\"datePublished\":\"2026-09-03T09:33:44+00:00\",\"dateModified\":\"2026-09-03T09:33:47+00:00\",\"mainEntityOfPage\":{\"@id\":\"https:\\\/\\\/dpress.ma\\\/fr\\\/2026\\\/09\\\/03\\\/rabat-lancement-du-1er-salon-international-de-lecosysteme-agro-industriel-au-maroc-fruit-dun-partenariat-entre-la-fenagri-et-messe-dusseldorf\\\/\"},\"wordCount\":721,\"commentCount\":0,\"image\":{\"@id\":\"https:\\\/\\\/dpress.ma\\\/fr\\\/2026\\\/09\\\/03\\\/rabat-lancement-du-1er-salon-international-de-lecosysteme-agro-industriel-au-maroc-fruit-dun-partenariat-entre-la-fenagri-et-messe-dusseldorf\\\/#primaryimage\"},\"thumbnailUrl\":\"https:\\\/\\\/dpress.ma\\\/fr\\\/wp-content\\\/uploads\\\/sites\\\/2\\\/2026\\\/09\\\/5-1.jpg\",\"articleSection\":[\"\u00c9conomie\"],\"inLanguage\":\"fr-FR\",\"potentialAction\":[{\"@type\":\"CommentAction\",\"name\":\"Comment\",\"target\":[\"https:\\\/\\\/dpress.ma\\\/fr\\\/2026\\\/09\\\/03\\\/rabat-lancement-du-1er-salon-international-de-lecosysteme-agro-industriel-au-maroc-fruit-dun-partenariat-entre-la-fenagri-et-messe-dusseldorf\\\/#respond\"]}]},{\"@type\":\"WebPage\",\"@id\":\"https:\\\/\\\/dpress.ma\\\/fr\\\/2026\\\/09\\\/03\\\/rabat-lancement-du-1er-salon-international-de-lecosysteme-agro-industriel-au-maroc-fruit-dun-partenariat-entre-la-fenagri-et-messe-dusseldorf\\\/\",\"url\":\"https:\\\/\\\/dpress.ma\\\/fr\\\/2026\\\/09\\\/03\\\/rabat-lancement-du-1er-salon-international-de-lecosysteme-agro-industriel-au-maroc-fruit-dun-partenariat-entre-la-fenagri-et-messe-dusseldorf\\\/\",\"name\":\"Rabat : lancement du 1er Salon International de l\u2019\u00c9cosyst\u00e8me Agro-Industriel au Maroc, fruit d\u2019un partenariat entre la FENAGRI et Messe D\u00fcsseldorf - Dpress.ma\\\/fr\",\"isPartOf\":{\"@id\":\"https:\\\/\\\/dpress.ma\\\/fr\\\/#website\"},\"primaryImageOfPage\":{\"@id\":\"https:\\\/\\\/dpress.ma\\\/fr\\\/2026\\\/09\\\/03\\\/rabat-lancement-du-1er-salon-international-de-lecosysteme-agro-industriel-au-maroc-fruit-dun-partenariat-entre-la-fenagri-et-messe-dusseldorf\\\/#primaryimage\"},\"image\":{\"@id\":\"https:\\\/\\\/dpress.ma\\\/fr\\\/2026\\\/09\\\/03\\\/rabat-lancement-du-1er-salon-international-de-lecosysteme-agro-industriel-au-maroc-fruit-dun-partenariat-entre-la-fenagri-et-messe-dusseldorf\\\/#primaryimage\"},\"thumbnailUrl\":\"https:\\\/\\\/dpress.ma\\\/fr\\\/wp-content\\\/uploads\\\/sites\\\/2\\\/2026\\\/09\\\/5-1.jpg\",\"datePublished\":\"2026-09-03T09:33:44+00:00\",\"dateModified\":\"2026-09-03T09:33:47+00:00\",\"author\":{\"@id\":\"https:\\\/\\\/dpress.ma\\\/fr\\\/#\\\/schema\\\/person\\\/4898febf3ccd59e6578d838656a306a0\"},\"breadcrumb\":{\"@id\":\"https:\\\/\\\/dpress.ma\\\/fr\\\/2026\\\/09\\\/03\\\/rabat-lancement-du-1er-salon-international-de-lecosysteme-agro-industriel-au-maroc-fruit-dun-partenariat-entre-la-fenagri-et-messe-dusseldorf\\\/#breadcrumb\"},\"inLanguage\":\"fr-FR\",\"potentialAction\":[{\"@type\":\"ReadAction\",\"target\":[\"https:\\\/\\\/dpress.ma\\\/fr\\\/2026\\\/09\\\/03\\\/rabat-lancement-du-1er-salon-international-de-lecosysteme-agro-industriel-au-maroc-fruit-dun-partenariat-entre-la-fenagri-et-messe-dusseldorf\\\/\"]}]},{\"@type\":\"ImageObject\",\"inLanguage\":\"fr-FR\",\"@id\":\"https:\\\/\\\/dpress.ma\\\/fr\\\/2026\\\/09\\\/03\\\/rabat-lancement-du-1er-salon-international-de-lecosysteme-agro-industriel-au-maroc-fruit-dun-partenariat-entre-la-fenagri-et-messe-dusseldorf\\\/#primaryimage\",\"url\":\"https:\\\/\\\/dpress.ma\\\/fr\\\/wp-content\\\/uploads\\\/sites\\\/2\\\/2026\\\/09\\\/5-1.jpg\",\"contentUrl\":\"https:\\\/\\\/dpress.ma\\\/fr\\\/wp-content\\\/uploads\\\/sites\\\/2\\\/2026\\\/09\\\/5-1.jpg\",\"width\":2539,\"height\":1594},{\"@type\":\"BreadcrumbList\",\"@id\":\"https:\\\/\\\/dpress.ma\\\/fr\\\/2026\\\/09\\\/03\\\/rabat-lancement-du-1er-salon-international-de-lecosysteme-agro-industriel-au-maroc-fruit-dun-partenariat-entre-la-fenagri-et-messe-dusseldorf\\\/#breadcrumb\",\"itemListElement\":[{\"@type\":\"ListItem\",\"position\":1,\"name\":\"Home\",\"item\":\"https:\\\/\\\/dpress.ma\\\/fr\\\/\"},{\"@type\":\"ListItem\",\"position\":2,\"name\":\"Rabat : lancement du 1er Salon International de l\u2019\u00c9cosyst\u00e8me Agro-Industriel au Maroc, fruit d\u2019un partenariat entre la FENAGRI et Messe D\u00fcsseldorf\"}]},{\"@type\":\"WebSite\",\"@id\":\"https:\\\/\\\/dpress.ma\\\/fr\\\/#website\",\"url\":\"https:\\\/\\\/dpress.ma\\\/fr\\\/\",\"name\":\"Dpress.ma\\\/fr\",\"description\":\"\",\"potentialAction\":[{\"@type\":\"SearchAction\",\"target\":{\"@type\":\"EntryPoint\",\"urlTemplate\":\"https:\\\/\\\/dpress.ma\\\/fr\\\/?s={search_term_string}\"},\"query-input\":{\"@type\":\"PropertyValueSpecification\",\"valueRequired\":true,\"valueName\":\"search_term_string\"}}],\"inLanguage\":\"fr-FR\"},{\"@type\":\"Person\",\"@id\":\"https:\\\/\\\/dpress.ma\\\/fr\\\/#\\\/schema\\\/person\\\/4898febf3ccd59e6578d838656a306a0\",\"name\":\"Dpress.ma\",\"image\":{\"@type\":\"ImageObject\",\"inLanguage\":\"fr-FR\",\"@id\":\"https:\\\/\\\/secure.gravatar.com\\\/avatar\\\/72ecc30e9db047a2e0e7176561eb9d564ed77c8108376495b19bd8336405198a?s=96&d=mm&r=g\",\"url\":\"https:\\\/\\\/secure.gravatar.com\\\/avatar\\\/72ecc30e9db047a2e0e7176561eb9d564ed77c8108376495b19bd8336405198a?s=96&d=mm&r=g\",\"contentUrl\":\"https:\\\/\\\/secure.gravatar.com\\\/avatar\\\/72ecc30e9db047a2e0e7176561eb9d564ed77c8108376495b19bd8336405198a?s=96&d=mm&r=g\",\"caption\":\"Dpress.ma\"},\"sameAs\":[\"https:\\\/\\\/www.dpress.ma\"],\"url\":\"https:\\\/\\\/dpress.ma\\\/fr\\\/author\\\/dpress-ma\\\/\"}]}<\/script>\n<!-- \/ Yoast SEO plugin. -->","yoast_head_json":{"title":"Rabat : lancement du 1er Salon International de l\u2019\u00c9cosyst\u00e8me Agro-Industriel au Maroc, fruit d\u2019un partenariat entre la FENAGRI et Messe D\u00fcsseldorf - Dpress.ma\/fr","robots":{"index":"index","follow":"follow","max-snippet":"max-snippet:-1","max-image-preview":"max-image-preview:large","max-video-preview":"max-video-preview:-1"},"canonical":"https:\/\/dpress.ma\/fr\/2026\/09\/03\/rabat-lancement-du-1er-salon-international-de-lecosysteme-agro-industriel-au-maroc-fruit-dun-partenariat-entre-la-fenagri-et-messe-dusseldorf\/","og_locale":"fr_FR","og_type":"article","og_title":"Rabat : lancement du 1er Salon International de l\u2019\u00c9cosyst\u00e8me Agro-Industriel au Maroc, fruit d\u2019un partenariat entre la FENAGRI et Messe D\u00fcsseldorf - Dpress.ma\/fr","og_description":"Dpress La F\u00e9d\u00e9ration nationale de l&rsquo;Agroalimentaire (FENAGRI) a annonc\u00e9, mercredi \u00e0 Rabat, le lancement en 2027 du premier Salon International de l&rsquo;\u00c9cosyst\u00e8me Agro-Industriel au Maroc, fruit d&rsquo;un partenariat entre la F\u00e9d\u00e9ration et Messe D\u00fcsseldorf. Ce salon ambitionne de r\u00e9unir les principaux acteurs nationaux et internationaux de l&rsquo;agro-industrie, afin de promouvoir l&rsquo;innovation, l&rsquo;investissement et les partenariats &hellip;","og_url":"https:\/\/dpress.ma\/fr\/2026\/09\/03\/rabat-lancement-du-1er-salon-international-de-lecosysteme-agro-industriel-au-maroc-fruit-dun-partenariat-entre-la-fenagri-et-messe-dusseldorf\/","og_site_name":"Dpress.ma\/fr","article_published_time":"2026-09-03T09:33:44+00:00","article_modified_time":"2026-09-03T09:33:47+00:00","og_image":[{"width":2539,"height":1594,"url":"https:\/\/dpress.ma\/fr\/wp-content\/uploads\/sites\/2\/2026\/09\/5-1.jpg","type":"image\/jpeg"}],"author":"Dpress.ma","twitter_card":"summary_large_image","twitter_misc":{"\u00c9crit par":"Dpress.ma","Dur\u00e9e de lecture estim\u00e9e":"4 minutes"},"schema":{"@context":"https:\/\/schema.org","@graph":[{"@type":"Article","@id":"https:\/\/dpress.ma\/fr\/2026\/09\/03\/rabat-lancement-du-1er-salon-international-de-lecosysteme-agro-industriel-au-maroc-fruit-dun-partenariat-entre-la-fenagri-et-messe-dusseldorf\/#article","isPartOf":{"@id":"https:\/\/dpress.ma\/fr\/2026\/09\/03\/rabat-lancement-du-1er-salon-international-de-lecosysteme-agro-industriel-au-maroc-fruit-dun-partenariat-entre-la-fenagri-et-messe-dusseldorf\/"},"author":{"name":"Dpress.ma","@id":"https:\/\/dpress.ma\/fr\/#\/schema\/person\/4898febf3ccd59e6578d838656a306a0"},"headline":"Rabat : lancement du 1er Salon International de l\u2019\u00c9cosyst\u00e8me Agro-Industriel au Maroc, fruit d\u2019un partenariat entre la FENAGRI et Messe D\u00fcsseldorf","datePublished":"2026-09-03T09:33:44+00:00","dateModified":"2026-09-03T09:33:47+00:00","mainEntityOfPage":{"@id":"https:\/\/dpress.ma\/fr\/2026\/09\/03\/rabat-lancement-du-1er-salon-international-de-lecosysteme-agro-industriel-au-maroc-fruit-dun-partenariat-entre-la-fenagri-et-messe-dusseldorf\/"},"wordCount":721,"commentCount":0,"image":{"@id":"https:\/\/dpress.ma\/fr\/2026\/09\/03\/rabat-lancement-du-1er-salon-international-de-lecosysteme-agro-industriel-au-maroc-fruit-dun-partenariat-entre-la-fenagri-et-messe-dusseldorf\/#primaryimage"},"thumbnailUrl":"https:\/\/dpress.ma\/fr\/wp-content\/uploads\/sites\/2\/2026\/09\/5-1.jpg","articleSection":["\u00c9conomie"],"inLanguage":"fr-FR","potentialAction":[{"@type":"CommentAction","name":"Comment","target":["https:\/\/dpress.ma\/fr\/2026\/09\/03\/rabat-lancement-du-1er-salon-international-de-lecosysteme-agro-industriel-au-maroc-fruit-dun-partenariat-entre-la-fenagri-et-messe-dusseldorf\/#respond"]}]},{"@type":"WebPage","@id":"https:\/\/dpress.ma\/fr\/2026\/09\/03\/rabat-lancement-du-1er-salon-international-de-lecosysteme-agro-industriel-au-maroc-fruit-dun-partenariat-entre-la-fenagri-et-messe-dusseldorf\/","url":"https:\/\/dpress.ma\/fr\/2026\/09\/03\/rabat-lancement-du-1er-salon-international-de-lecosysteme-agro-industriel-au-maroc-fruit-dun-partenariat-entre-la-fenagri-et-messe-dusseldorf\/","name":"Rabat : lancement du 1er Salon International de l\u2019\u00c9cosyst\u00e8me Agro-Industriel au Maroc, fruit d\u2019un partenariat entre la FENAGRI et Messe D\u00fcsseldorf - Dpress.ma\/fr","isPartOf":{"@id":"https:\/\/dpress.ma\/fr\/#website"},"primaryImageOfPage":{"@id":"https:\/\/dpress.ma\/fr\/2026\/09\/03\/rabat-lancement-du-1er-salon-international-de-lecosysteme-agro-industriel-au-maroc-fruit-dun-partenariat-entre-la-fenagri-et-messe-dusseldorf\/#primaryimage"},"image":{"@id":"https:\/\/dpress.ma\/fr\/2026\/09\/03\/rabat-lancement-du-1er-salon-international-de-lecosysteme-agro-industriel-au-maroc-fruit-dun-partenariat-entre-la-fenagri-et-messe-dusseldorf\/#primaryimage"},"thumbnailUrl":"https:\/\/dpress.ma\/fr\/wp-content\/uploads\/sites\/2\/2026\/09\/5-1.jpg","datePublished":"2026-09-03T09:33:44+00:00","dateModified":"2026-09-03T09:33:47+00:00","author":{"@id":"https:\/\/dpress.ma\/fr\/#\/schema\/person\/4898febf3ccd59e6578d838656a306a0"},"breadcrumb":{"@id":"https:\/\/dpress.ma\/fr\/2026\/09\/03\/rabat-lancement-du-1er-salon-international-de-lecosysteme-agro-industriel-au-maroc-fruit-dun-partenariat-entre-la-fenagri-et-messe-dusseldorf\/#breadcrumb"},"inLanguage":"fr-FR","potentialAction":[{"@type":"ReadAction","target":["https:\/\/dpress.ma\/fr\/2026\/09\/03\/rabat-lancement-du-1er-salon-international-de-lecosysteme-agro-industriel-au-maroc-fruit-dun-partenariat-entre-la-fenagri-et-messe-dusseldorf\/"]}]},{"@type":"ImageObject","inLanguage":"fr-FR","@id":"https:\/\/dpress.ma\/fr\/2026\/09\/03\/rabat-lancement-du-1er-salon-international-de-lecosysteme-agro-industriel-au-maroc-fruit-dun-partenariat-entre-la-fenagri-et-messe-dusseldorf\/#primaryimage","url":"https:\/\/dpress.ma\/fr\/wp-content\/uploads\/sites\/2\/2026\/09\/5-1.jpg","contentUrl":"https:\/\/dpress.ma\/fr\/wp-content\/uploads\/sites\/2\/2026\/09\/5-1.jpg","width":2539,"height":1594},{"@type":"BreadcrumbList","@id":"https:\/\/dpress.ma\/fr\/2026\/09\/03\/rabat-lancement-du-1er-salon-international-de-lecosysteme-agro-industriel-au-maroc-fruit-dun-partenariat-entre-la-fenagri-et-messe-dusseldorf\/#breadcrumb","itemListElement":[{"@type":"ListItem","position":1,"name":"Home","item":"https:\/\/dpress.ma\/fr\/"},{"@type":"ListItem","position":2,"name":"Rabat : lancement du 1er Salon International de l\u2019\u00c9cosyst\u00e8me Agro-Industriel au Maroc, fruit d\u2019un partenariat entre la FENAGRI et Messe D\u00fcsseldorf"}]},{"@type":"WebSite","@id":"https:\/\/dpress.ma\/fr\/#website","url":"https:\/\/dpress.ma\/fr\/","name":"Dpress.ma\/fr","description":"","potentialAction":[{"@type":"SearchAction","target":{"@type":"EntryPoint","urlTemplate":"https:\/\/dpress.ma\/fr\/?s={search_term_string}"},"query-input":{"@type":"PropertyValueSpecification","valueRequired":true,"valueName":"search_term_string"}}],"inLanguage":"fr-FR"},{"@type":"Person","@id":"https:\/\/dpress.ma\/fr\/#\/schema\/person\/4898febf3ccd59e6578d838656a306a0","name":"Dpress.ma","image":{"@type":"ImageObject","inLanguage":"fr-FR","@id":"https:\/\/secure.gravatar.com\/avatar\/72ecc30e9db047a2e0e7176561eb9d564ed77c8108376495b19bd8336405198a?s=96&d=mm&r=g","url":"https:\/\/secure.gravatar.com\/avatar\/72ecc30e9db047a2e0e7176561eb9d564ed77c8108376495b19bd8336405198a?s=96&d=mm&r=g","contentUrl":"https:\/\/secure.gravatar.com\/avatar\/72ecc30e9db047a2e0e7176561eb9d564ed77c8108376495b19bd8336405198a?s=96&d=mm&r=g","caption":"Dpress.ma"},"sameAs":["https:\/\/www.dpress.ma"],"url":"https:\/\/dpress.ma\/fr\/author\/dpress-ma\/"}]}},"amp_enabled":true,"_links":{"self":[{"href":"https:\/\/dpress.ma\/fr\/wp-json\/wp\/v2\/posts\/38900","targetHints":{"allow":["GET"]}}],"collection":[{"href":"https:\/\/dpress.ma\/fr\/wp-json\/wp\/v2\/posts"}],"about":[{"href":"https:\/\/dpress.ma\/fr\/wp-json\/wp\/v2\/types\/post"}],"author":[{"embeddable":true,"href":"https:\/\/dpress.ma\/fr\/wp-json\/wp\/v2\/users\/2"}],"replies":[{"embeddable":true,"href":"https:\/\/dpress.ma\/fr\/wp-json\/wp\/v2\/comments?post=38900"}],"version-history":[{"count":1,"href":"https:\/\/dpress.ma\/fr\/wp-json\/wp\/v2\/posts\/38900\/revisions"}],"predecessor-version":[{"id":38902,"href":"https:\/\/dpress.ma\/fr\/wp-json\/wp\/v2\/posts\/38900\/revisions\/38902"}],"wp:featuredmedia":[{"embeddable":true,"href":"https:\/\/dpress.ma\/fr\/wp-json\/wp\/v2\/media\/38901"}],"wp:attachment":[{"href":"https:\/\/dpress.ma\/fr\/wp-json\/wp\/v2\/media?parent=38900"}],"wp:term":[{"taxonomy":"category","embeddable":true,"href":"https:\/\/dpress.ma\/fr\/wp-json\/wp\/v2\/categories?post=38900"},{"taxonomy":"post_tag","embeddable":true,"href":"https:\/\/dpress.ma\/fr\/wp-json\/wp\/v2\/tags?post=38900"}],"curies":[{"name":"wp","href":"https:\/\/api.w.org\/{rel}","templated":true}]}}