{"id":38897,"date":"2026-09-03T09:31:48","date_gmt":"2026-09-03T09:31:48","guid":{"rendered":"https:\/\/dpress.ma\/fr\/?p=38897"},"modified":"2026-09-03T09:31:51","modified_gmt":"2026-09-03T09:31:51","slug":"rabat-le-157e-carrefour-diplomatique-accueille-la-ministre-de-leconomie-et-des-finances","status":"publish","type":"post","link":"https:\/\/dpress.ma\/fr\/2026\/09\/03\/rabat-le-157e-carrefour-diplomatique-accueille-la-ministre-de-leconomie-et-des-finances\/","title":{"rendered":"Rabat: le 157e Carrefour Diplomatique accueille la ministre de l\u2019Economie et des Finances"},"content":{"rendered":"\n<p class=\"wp-block-paragraph\">Dpress<\/p>\n\n\n\n<p class=\"wp-block-paragraph\">La 157\u00e8 session du Carrefour Diplomatique a accueilli, mercredi \u00e0 Rabat, la ministre de l\u2019Economie et des Finances, Nadia Fettah, en pr\u00e9sence d\u2019ambassadeurs et de repr\u00e9sentants de plus de 60 pays et d&rsquo;organisations internationales.<\/p>\n\n\n\n<p class=\"wp-block-paragraph\">Organis\u00e9e sous le th\u00e8me \u00ab\u00a0Economie marocaine et partenariats internationaux : quels nouveaux leviers pour l\u2019investissement et le d\u00e9veloppement inclusif et durable ?\u00a0\u00bb, cette rencontre s\u2019inscrit dans le cadre d\u2019une s\u00e9rie de r\u00e9unions organis\u00e9es par la Fondation diplomatique, destin\u00e9es \u00e0 mettre en lumi\u00e8re les projets de d\u00e9veloppement et les initiatives strat\u00e9giques port\u00e9s par le Maroc, ainsi qu&rsquo;\u00e0 anticiper les enjeux et les d\u00e9fis futurs.<\/p>\n\n\n\n<p class=\"wp-block-paragraph\">Dans son allocution d\u2019ouverture, le pr\u00e9sident de la Fondation diplomatique, Abdelati Habek, a indiqu\u00e9 que le Maroc a r\u00e9ussi, au cours des derni\u00e8res ann\u00e9es, \u00e0 consolider sa position de hub \u00e9conomique et d\u2019investissement au niveau r\u00e9gional, \u00e0 la faveur de sa position g\u00e9ographique strat\u00e9gique et de ses infrastructures, des accords de libre-\u00e9change conclus avec plusieurs march\u00e9s internationaux, en plus de sa stabilit\u00e9 politique et institutionnelle.<\/p>\n\n\n\n<p class=\"wp-block-paragraph\">L\u2019\u00e9conomie marocaine a fait montre d&rsquo;une \u00e9volution positive notable et d&rsquo;une r\u00e9silience face \u00e0 une succession de chocs mondiaux et de fluctuations \u00e9conomiques rapides, en plus de crises g\u00e9opolitiques \u00e0 r\u00e9p\u00e9tition et de d\u00e9fis climatiques, a expliqu\u00e9 le pr\u00e9sident de la Fondation, notant que l\u2019exp\u00e9rience marocaine se distingue par sa capacit\u00e9 \u00e0 transformer les d\u00e9fis en v\u00e9ritables opportunit\u00e9s de r\u00e9forme.<\/p>\n\n\n\n<p class=\"wp-block-paragraph\">La diplomatie \u00e9conomique et d\u2019investissement constitue d\u00e9sormais une composante essentielle de l\u2019action diplomatique contemporaine, un pont majeur entre la politique et l\u2019\u00e9conomie et un espace d\u2019\u00e9change d\u2019expertises, de construction de partenariats et d\u2019exploration de nouveaux domaines de coop\u00e9ration, a expliqu\u00e9 M. Habek, pr\u00e9cisant que le prochain d\u00e9fi pour le Maroc consiste \u00e0 orienter les investissements vers les secteurs porteurs et les m\u00e9tiers d\u2019avenir, l&rsquo;objectif \u00e9tant de renforcer la comp\u00e9titivit\u00e9 de l\u2019\u00e9conomie nationale et de consolider les bases d\u2019une croissance durable et inclusive.<\/p>\n\n\n\n<p class=\"wp-block-paragraph\">De son c\u00f4t\u00e9, Mme Fettah a pass\u00e9 en revue les diff\u00e9rents chantiers et r\u00e9formes engag\u00e9s par le Royaume afin de renforcer l\u2019attractivit\u00e9 de l\u2019\u00e9conomie nationale, notamment la mise en \u0153uvre de la nouvelle Charte de l\u2019investissement, l\u2019am\u00e9lioration du climat des affaires, la promotion de l\u2019investissement priv\u00e9, le d\u00e9veloppement des partenariats public-priv\u00e9, ainsi que l\u2019orientation des investissements vers les secteurs \u00e0 forte valeur ajout\u00e9e.<\/p>\n\n\n\n<p class=\"wp-block-paragraph\">Dans ce sens, la ministre a soulign\u00e9 qu&rsquo;en d\u00e9pit d&rsquo;une conjoncture internationale marqu\u00e9e par la multiplication des crises et des tensions g\u00e9opolitiques, l\u2019\u00e9conomie marocaine a fait preuve de r\u00e9silience gr\u00e2ce \u00e0 la poursuite des r\u00e9formes et au maintien des \u00e9quilibres macro\u00e9conomiques, tout en renfor\u00e7ant l\u2019investissement et la comp\u00e9titivit\u00e9 de l\u2019\u00e9conomie nationale.<\/p>\n\n\n\n<p class=\"wp-block-paragraph\">Elle s\u2019est f\u00e9licit\u00e9e, \u00e0 cette occasion, de la g\u00e9n\u00e9ralisation de la couverture m\u00e9dicale, \u00ab\u00a0qui a b\u00e9n\u00e9fici\u00e9 \u00e0 de larges cat\u00e9gories de citoyens dans un d\u00e9lai record\u00a0\u00bb, outre la cr\u00e9ation d&rsquo;\u00e9tablissements hospitaliers universitaires dans l\u2019ensemble des r\u00e9gions du Royaume, mettant l&rsquo;accent sur l\u2019importance de la justice territoriale, \u00e0 travers des mod\u00e8les de d\u00e9veloppement r\u00e9gionaux et de grands projets structurants afin de stimuler le d\u00e9veloppement inclusif, \u00e0 l\u2019image des ports de Nador et de Dakhla.<\/p>\n\n\n\n<p class=\"wp-block-paragraph\">Cette rencontre a constitu\u00e9 une occasion pour les ambassadeurs accr\u00e9dit\u00e9s au Maroc et les repr\u00e9sentants des organisations internationales de prendre connaissance de l\u2019exp\u00e9rience marocaine en mati\u00e8re de renforcement de la r\u00e9silience \u00e9conomique et de mise en place des fondements de l\u2019\u00c9tat social, ainsi que des acquis r\u00e9alis\u00e9s par le Royaume dans les domaines du d\u00e9veloppement et de l\u2019investissement, fond\u00e9s sur la modernisation du climat des affaires, la cons\u00e9cration de la justice territoriale et la lutte contre les d\u00e9fis climatiques et ce, \u00e0 travers un d\u00e9bat ouvert permettant de r\u00e9pondre aux diff\u00e9rentes questions li\u00e9es aux th\u00e9matiques soulev\u00e9es.<\/p>\n","protected":false},"excerpt":{"rendered":"<p>Dpress La 157\u00e8 session du Carrefour Diplomatique a accueilli, mercredi \u00e0 Rabat, la ministre de l\u2019Economie et des Finances, Nadia Fettah, en pr\u00e9sence d\u2019ambassadeurs et de repr\u00e9sentants de plus de 60 pays et d&rsquo;organisations internationales. Organis\u00e9e sous le th\u00e8me \u00ab\u00a0Economie marocaine et partenariats internationaux : quels nouveaux leviers pour l\u2019investissement et le d\u00e9veloppement inclusif et &hellip;<\/p>\n","protected":false},"author":2,"featured_media":38898,"comment_status":"open","ping_status":"open","sticky":false,"template":"","format":"standard","meta":{"footnotes":""},"categories":[33,25],"tags":[],"class_list":["post-38897","post","type-post","status-publish","format-standard","has-post-thumbnail","hentry","category-diplomatie-parallele","category-economie"],"yoast_head":"<!-- This site is optimized with the Yoast SEO plugin v28.0 - https:\/\/yoast.com\/product\/yoast-seo-wordpress\/ -->\n<title>Rabat: le 157e Carrefour Diplomatique accueille la ministre de l\u2019Economie et des Finances - Dpress.ma\/fr<\/title>\n<meta name=\"robots\" content=\"index, follow, max-snippet:-1, max-image-preview:large, max-video-preview:-1\" \/>\n<link rel=\"canonical\" href=\"https:\/\/dpress.ma\/fr\/2026\/09\/03\/rabat-le-157e-carrefour-diplomatique-accueille-la-ministre-de-leconomie-et-des-finances\/\" \/>\n<meta property=\"og:locale\" content=\"fr_FR\" \/>\n<meta property=\"og:type\" content=\"article\" \/>\n<meta property=\"og:title\" content=\"Rabat: le 157e Carrefour Diplomatique accueille la ministre de l\u2019Economie et des Finances - Dpress.ma\/fr\" \/>\n<meta property=\"og:description\" content=\"Dpress La 157\u00e8 session du Carrefour Diplomatique a accueilli, mercredi \u00e0 Rabat, la ministre de l\u2019Economie et des Finances, Nadia Fettah, en pr\u00e9sence d\u2019ambassadeurs et de repr\u00e9sentants de plus de 60 pays et d&rsquo;organisations internationales. Organis\u00e9e sous le th\u00e8me \u00ab\u00a0Economie marocaine et partenariats internationaux : quels nouveaux leviers pour l\u2019investissement et le d\u00e9veloppement inclusif et &hellip;\" \/>\n<meta property=\"og:url\" content=\"https:\/\/dpress.ma\/fr\/2026\/09\/03\/rabat-le-157e-carrefour-diplomatique-accueille-la-ministre-de-leconomie-et-des-finances\/\" \/>\n<meta property=\"og:site_name\" content=\"Dpress.ma\/fr\" \/>\n<meta property=\"article:published_time\" content=\"2026-09-03T09:31:48+00:00\" \/>\n<meta property=\"article:modified_time\" content=\"2026-09-03T09:31:51+00:00\" \/>\n<meta property=\"og:image\" content=\"https:\/\/dpress.ma\/fr\/wp-content\/uploads\/sites\/2\/2026\/09\/4-1.jpg\" \/>\n\t<meta property=\"og:image:width\" content=\"2539\" \/>\n\t<meta property=\"og:image:height\" content=\"1594\" \/>\n\t<meta property=\"og:image:type\" content=\"image\/jpeg\" \/>\n<meta name=\"author\" content=\"Dpress.ma\" \/>\n<meta name=\"twitter:card\" content=\"summary_large_image\" \/>\n<meta name=\"twitter:label1\" content=\"\u00c9crit par\" \/>\n\t<meta name=\"twitter:data1\" content=\"Dpress.ma\" \/>\n\t<meta name=\"twitter:label2\" content=\"Dur\u00e9e de lecture estim\u00e9e\" \/>\n\t<meta name=\"twitter:data2\" content=\"4 minutes\" \/>\n<script type=\"application\/ld+json\" class=\"yoast-schema-graph\">{\"@context\":\"https:\\\/\\\/schema.org\",\"@graph\":[{\"@type\":\"Article\",\"@id\":\"https:\\\/\\\/dpress.ma\\\/fr\\\/2026\\\/09\\\/03\\\/rabat-le-157e-carrefour-diplomatique-accueille-la-ministre-de-leconomie-et-des-finances\\\/#article\",\"isPartOf\":{\"@id\":\"https:\\\/\\\/dpress.ma\\\/fr\\\/2026\\\/09\\\/03\\\/rabat-le-157e-carrefour-diplomatique-accueille-la-ministre-de-leconomie-et-des-finances\\\/\"},\"author\":{\"name\":\"Dpress.ma\",\"@id\":\"https:\\\/\\\/dpress.ma\\\/fr\\\/#\\\/schema\\\/person\\\/4898febf3ccd59e6578d838656a306a0\"},\"headline\":\"Rabat: le 157e Carrefour Diplomatique accueille la ministre de l\u2019Economie et des Finances\",\"datePublished\":\"2026-09-03T09:31:48+00:00\",\"dateModified\":\"2026-09-03T09:31:51+00:00\",\"mainEntityOfPage\":{\"@id\":\"https:\\\/\\\/dpress.ma\\\/fr\\\/2026\\\/09\\\/03\\\/rabat-le-157e-carrefour-diplomatique-accueille-la-ministre-de-leconomie-et-des-finances\\\/\"},\"wordCount\":707,\"commentCount\":0,\"image\":{\"@id\":\"https:\\\/\\\/dpress.ma\\\/fr\\\/2026\\\/09\\\/03\\\/rabat-le-157e-carrefour-diplomatique-accueille-la-ministre-de-leconomie-et-des-finances\\\/#primaryimage\"},\"thumbnailUrl\":\"https:\\\/\\\/dpress.ma\\\/fr\\\/wp-content\\\/uploads\\\/sites\\\/2\\\/2026\\\/09\\\/4-1.jpg\",\"articleSection\":[\"Diplomatie Parall\u00e8le\",\"\u00c9conomie\"],\"inLanguage\":\"fr-FR\",\"potentialAction\":[{\"@type\":\"CommentAction\",\"name\":\"Comment\",\"target\":[\"https:\\\/\\\/dpress.ma\\\/fr\\\/2026\\\/09\\\/03\\\/rabat-le-157e-carrefour-diplomatique-accueille-la-ministre-de-leconomie-et-des-finances\\\/#respond\"]}]},{\"@type\":\"WebPage\",\"@id\":\"https:\\\/\\\/dpress.ma\\\/fr\\\/2026\\\/09\\\/03\\\/rabat-le-157e-carrefour-diplomatique-accueille-la-ministre-de-leconomie-et-des-finances\\\/\",\"url\":\"https:\\\/\\\/dpress.ma\\\/fr\\\/2026\\\/09\\\/03\\\/rabat-le-157e-carrefour-diplomatique-accueille-la-ministre-de-leconomie-et-des-finances\\\/\",\"name\":\"Rabat: le 157e Carrefour Diplomatique accueille la ministre de l\u2019Economie et des Finances - Dpress.ma\\\/fr\",\"isPartOf\":{\"@id\":\"https:\\\/\\\/dpress.ma\\\/fr\\\/#website\"},\"primaryImageOfPage\":{\"@id\":\"https:\\\/\\\/dpress.ma\\\/fr\\\/2026\\\/09\\\/03\\\/rabat-le-157e-carrefour-diplomatique-accueille-la-ministre-de-leconomie-et-des-finances\\\/#primaryimage\"},\"image\":{\"@id\":\"https:\\\/\\\/dpress.ma\\\/fr\\\/2026\\\/09\\\/03\\\/rabat-le-157e-carrefour-diplomatique-accueille-la-ministre-de-leconomie-et-des-finances\\\/#primaryimage\"},\"thumbnailUrl\":\"https:\\\/\\\/dpress.ma\\\/fr\\\/wp-content\\\/uploads\\\/sites\\\/2\\\/2026\\\/09\\\/4-1.jpg\",\"datePublished\":\"2026-09-03T09:31:48+00:00\",\"dateModified\":\"2026-09-03T09:31:51+00:00\",\"author\":{\"@id\":\"https:\\\/\\\/dpress.ma\\\/fr\\\/#\\\/schema\\\/person\\\/4898febf3ccd59e6578d838656a306a0\"},\"breadcrumb\":{\"@id\":\"https:\\\/\\\/dpress.ma\\\/fr\\\/2026\\\/09\\\/03\\\/rabat-le-157e-carrefour-diplomatique-accueille-la-ministre-de-leconomie-et-des-finances\\\/#breadcrumb\"},\"inLanguage\":\"fr-FR\",\"potentialAction\":[{\"@type\":\"ReadAction\",\"target\":[\"https:\\\/\\\/dpress.ma\\\/fr\\\/2026\\\/09\\\/03\\\/rabat-le-157e-carrefour-diplomatique-accueille-la-ministre-de-leconomie-et-des-finances\\\/\"]}]},{\"@type\":\"ImageObject\",\"inLanguage\":\"fr-FR\",\"@id\":\"https:\\\/\\\/dpress.ma\\\/fr\\\/2026\\\/09\\\/03\\\/rabat-le-157e-carrefour-diplomatique-accueille-la-ministre-de-leconomie-et-des-finances\\\/#primaryimage\",\"url\":\"https:\\\/\\\/dpress.ma\\\/fr\\\/wp-content\\\/uploads\\\/sites\\\/2\\\/2026\\\/09\\\/4-1.jpg\",\"contentUrl\":\"https:\\\/\\\/dpress.ma\\\/fr\\\/wp-content\\\/uploads\\\/sites\\\/2\\\/2026\\\/09\\\/4-1.jpg\",\"width\":2539,\"height\":1594},{\"@type\":\"BreadcrumbList\",\"@id\":\"https:\\\/\\\/dpress.ma\\\/fr\\\/2026\\\/09\\\/03\\\/rabat-le-157e-carrefour-diplomatique-accueille-la-ministre-de-leconomie-et-des-finances\\\/#breadcrumb\",\"itemListElement\":[{\"@type\":\"ListItem\",\"position\":1,\"name\":\"Home\",\"item\":\"https:\\\/\\\/dpress.ma\\\/fr\\\/\"},{\"@type\":\"ListItem\",\"position\":2,\"name\":\"Rabat: le 157e Carrefour Diplomatique accueille la ministre de l\u2019Economie et des Finances\"}]},{\"@type\":\"WebSite\",\"@id\":\"https:\\\/\\\/dpress.ma\\\/fr\\\/#website\",\"url\":\"https:\\\/\\\/dpress.ma\\\/fr\\\/\",\"name\":\"Dpress.ma\\\/fr\",\"description\":\"\",\"potentialAction\":[{\"@type\":\"SearchAction\",\"target\":{\"@type\":\"EntryPoint\",\"urlTemplate\":\"https:\\\/\\\/dpress.ma\\\/fr\\\/?s={search_term_string}\"},\"query-input\":{\"@type\":\"PropertyValueSpecification\",\"valueRequired\":true,\"valueName\":\"search_term_string\"}}],\"inLanguage\":\"fr-FR\"},{\"@type\":\"Person\",\"@id\":\"https:\\\/\\\/dpress.ma\\\/fr\\\/#\\\/schema\\\/person\\\/4898febf3ccd59e6578d838656a306a0\",\"name\":\"Dpress.ma\",\"image\":{\"@type\":\"ImageObject\",\"inLanguage\":\"fr-FR\",\"@id\":\"https:\\\/\\\/secure.gravatar.com\\\/avatar\\\/72ecc30e9db047a2e0e7176561eb9d564ed77c8108376495b19bd8336405198a?s=96&d=mm&r=g\",\"url\":\"https:\\\/\\\/secure.gravatar.com\\\/avatar\\\/72ecc30e9db047a2e0e7176561eb9d564ed77c8108376495b19bd8336405198a?s=96&d=mm&r=g\",\"contentUrl\":\"https:\\\/\\\/secure.gravatar.com\\\/avatar\\\/72ecc30e9db047a2e0e7176561eb9d564ed77c8108376495b19bd8336405198a?s=96&d=mm&r=g\",\"caption\":\"Dpress.ma\"},\"sameAs\":[\"https:\\\/\\\/www.dpress.ma\"],\"url\":\"https:\\\/\\\/dpress.ma\\\/fr\\\/author\\\/dpress-ma\\\/\"}]}<\/script>\n<!-- \/ Yoast SEO plugin. -->","yoast_head_json":{"title":"Rabat: le 157e Carrefour Diplomatique accueille la ministre de l\u2019Economie et des Finances - Dpress.ma\/fr","robots":{"index":"index","follow":"follow","max-snippet":"max-snippet:-1","max-image-preview":"max-image-preview:large","max-video-preview":"max-video-preview:-1"},"canonical":"https:\/\/dpress.ma\/fr\/2026\/09\/03\/rabat-le-157e-carrefour-diplomatique-accueille-la-ministre-de-leconomie-et-des-finances\/","og_locale":"fr_FR","og_type":"article","og_title":"Rabat: le 157e Carrefour Diplomatique accueille la ministre de l\u2019Economie et des Finances - Dpress.ma\/fr","og_description":"Dpress La 157\u00e8 session du Carrefour Diplomatique a accueilli, mercredi \u00e0 Rabat, la ministre de l\u2019Economie et des Finances, Nadia Fettah, en pr\u00e9sence d\u2019ambassadeurs et de repr\u00e9sentants de plus de 60 pays et d&rsquo;organisations internationales. Organis\u00e9e sous le th\u00e8me \u00ab\u00a0Economie marocaine et partenariats internationaux : quels nouveaux leviers pour l\u2019investissement et le d\u00e9veloppement inclusif et &hellip;","og_url":"https:\/\/dpress.ma\/fr\/2026\/09\/03\/rabat-le-157e-carrefour-diplomatique-accueille-la-ministre-de-leconomie-et-des-finances\/","og_site_name":"Dpress.ma\/fr","article_published_time":"2026-09-03T09:31:48+00:00","article_modified_time":"2026-09-03T09:31:51+00:00","og_image":[{"width":2539,"height":1594,"url":"https:\/\/dpress.ma\/fr\/wp-content\/uploads\/sites\/2\/2026\/09\/4-1.jpg","type":"image\/jpeg"}],"author":"Dpress.ma","twitter_card":"summary_large_image","twitter_misc":{"\u00c9crit par":"Dpress.ma","Dur\u00e9e de lecture estim\u00e9e":"4 minutes"},"schema":{"@context":"https:\/\/schema.org","@graph":[{"@type":"Article","@id":"https:\/\/dpress.ma\/fr\/2026\/09\/03\/rabat-le-157e-carrefour-diplomatique-accueille-la-ministre-de-leconomie-et-des-finances\/#article","isPartOf":{"@id":"https:\/\/dpress.ma\/fr\/2026\/09\/03\/rabat-le-157e-carrefour-diplomatique-accueille-la-ministre-de-leconomie-et-des-finances\/"},"author":{"name":"Dpress.ma","@id":"https:\/\/dpress.ma\/fr\/#\/schema\/person\/4898febf3ccd59e6578d838656a306a0"},"headline":"Rabat: le 157e Carrefour Diplomatique accueille la ministre de l\u2019Economie et des Finances","datePublished":"2026-09-03T09:31:48+00:00","dateModified":"2026-09-03T09:31:51+00:00","mainEntityOfPage":{"@id":"https:\/\/dpress.ma\/fr\/2026\/09\/03\/rabat-le-157e-carrefour-diplomatique-accueille-la-ministre-de-leconomie-et-des-finances\/"},"wordCount":707,"commentCount":0,"image":{"@id":"https:\/\/dpress.ma\/fr\/2026\/09\/03\/rabat-le-157e-carrefour-diplomatique-accueille-la-ministre-de-leconomie-et-des-finances\/#primaryimage"},"thumbnailUrl":"https:\/\/dpress.ma\/fr\/wp-content\/uploads\/sites\/2\/2026\/09\/4-1.jpg","articleSection":["Diplomatie Parall\u00e8le","\u00c9conomie"],"inLanguage":"fr-FR","potentialAction":[{"@type":"CommentAction","name":"Comment","target":["https:\/\/dpress.ma\/fr\/2026\/09\/03\/rabat-le-157e-carrefour-diplomatique-accueille-la-ministre-de-leconomie-et-des-finances\/#respond"]}]},{"@type":"WebPage","@id":"https:\/\/dpress.ma\/fr\/2026\/09\/03\/rabat-le-157e-carrefour-diplomatique-accueille-la-ministre-de-leconomie-et-des-finances\/","url":"https:\/\/dpress.ma\/fr\/2026\/09\/03\/rabat-le-157e-carrefour-diplomatique-accueille-la-ministre-de-leconomie-et-des-finances\/","name":"Rabat: le 157e Carrefour Diplomatique accueille la ministre de l\u2019Economie et des Finances - Dpress.ma\/fr","isPartOf":{"@id":"https:\/\/dpress.ma\/fr\/#website"},"primaryImageOfPage":{"@id":"https:\/\/dpress.ma\/fr\/2026\/09\/03\/rabat-le-157e-carrefour-diplomatique-accueille-la-ministre-de-leconomie-et-des-finances\/#primaryimage"},"image":{"@id":"https:\/\/dpress.ma\/fr\/2026\/09\/03\/rabat-le-157e-carrefour-diplomatique-accueille-la-ministre-de-leconomie-et-des-finances\/#primaryimage"},"thumbnailUrl":"https:\/\/dpress.ma\/fr\/wp-content\/uploads\/sites\/2\/2026\/09\/4-1.jpg","datePublished":"2026-09-03T09:31:48+00:00","dateModified":"2026-09-03T09:31:51+00:00","author":{"@id":"https:\/\/dpress.ma\/fr\/#\/schema\/person\/4898febf3ccd59e6578d838656a306a0"},"breadcrumb":{"@id":"https:\/\/dpress.ma\/fr\/2026\/09\/03\/rabat-le-157e-carrefour-diplomatique-accueille-la-ministre-de-leconomie-et-des-finances\/#breadcrumb"},"inLanguage":"fr-FR","potentialAction":[{"@type":"ReadAction","target":["https:\/\/dpress.ma\/fr\/2026\/09\/03\/rabat-le-157e-carrefour-diplomatique-accueille-la-ministre-de-leconomie-et-des-finances\/"]}]},{"@type":"ImageObject","inLanguage":"fr-FR","@id":"https:\/\/dpress.ma\/fr\/2026\/09\/03\/rabat-le-157e-carrefour-diplomatique-accueille-la-ministre-de-leconomie-et-des-finances\/#primaryimage","url":"https:\/\/dpress.ma\/fr\/wp-content\/uploads\/sites\/2\/2026\/09\/4-1.jpg","contentUrl":"https:\/\/dpress.ma\/fr\/wp-content\/uploads\/sites\/2\/2026\/09\/4-1.jpg","width":2539,"height":1594},{"@type":"BreadcrumbList","@id":"https:\/\/dpress.ma\/fr\/2026\/09\/03\/rabat-le-157e-carrefour-diplomatique-accueille-la-ministre-de-leconomie-et-des-finances\/#breadcrumb","itemListElement":[{"@type":"ListItem","position":1,"name":"Home","item":"https:\/\/dpress.ma\/fr\/"},{"@type":"ListItem","position":2,"name":"Rabat: le 157e Carrefour Diplomatique accueille la ministre de l\u2019Economie et des Finances"}]},{"@type":"WebSite","@id":"https:\/\/dpress.ma\/fr\/#website","url":"https:\/\/dpress.ma\/fr\/","name":"Dpress.ma\/fr","description":"","potentialAction":[{"@type":"SearchAction","target":{"@type":"EntryPoint","urlTemplate":"https:\/\/dpress.ma\/fr\/?s={search_term_string}"},"query-input":{"@type":"PropertyValueSpecification","valueRequired":true,"valueName":"search_term_string"}}],"inLanguage":"fr-FR"},{"@type":"Person","@id":"https:\/\/dpress.ma\/fr\/#\/schema\/person\/4898febf3ccd59e6578d838656a306a0","name":"Dpress.ma","image":{"@type":"ImageObject","inLanguage":"fr-FR","@id":"https:\/\/secure.gravatar.com\/avatar\/72ecc30e9db047a2e0e7176561eb9d564ed77c8108376495b19bd8336405198a?s=96&d=mm&r=g","url":"https:\/\/secure.gravatar.com\/avatar\/72ecc30e9db047a2e0e7176561eb9d564ed77c8108376495b19bd8336405198a?s=96&d=mm&r=g","contentUrl":"https:\/\/secure.gravatar.com\/avatar\/72ecc30e9db047a2e0e7176561eb9d564ed77c8108376495b19bd8336405198a?s=96&d=mm&r=g","caption":"Dpress.ma"},"sameAs":["https:\/\/www.dpress.ma"],"url":"https:\/\/dpress.ma\/fr\/author\/dpress-ma\/"}]}},"amp_enabled":true,"_links":{"self":[{"href":"https:\/\/dpress.ma\/fr\/wp-json\/wp\/v2\/posts\/38897","targetHints":{"allow":["GET"]}}],"collection":[{"href":"https:\/\/dpress.ma\/fr\/wp-json\/wp\/v2\/posts"}],"about":[{"href":"https:\/\/dpress.ma\/fr\/wp-json\/wp\/v2\/types\/post"}],"author":[{"embeddable":true,"href":"https:\/\/dpress.ma\/fr\/wp-json\/wp\/v2\/users\/2"}],"replies":[{"embeddable":true,"href":"https:\/\/dpress.ma\/fr\/wp-json\/wp\/v2\/comments?post=38897"}],"version-history":[{"count":1,"href":"https:\/\/dpress.ma\/fr\/wp-json\/wp\/v2\/posts\/38897\/revisions"}],"predecessor-version":[{"id":38899,"href":"https:\/\/dpress.ma\/fr\/wp-json\/wp\/v2\/posts\/38897\/revisions\/38899"}],"wp:featuredmedia":[{"embeddable":true,"href":"https:\/\/dpress.ma\/fr\/wp-json\/wp\/v2\/media\/38898"}],"wp:attachment":[{"href":"https:\/\/dpress.ma\/fr\/wp-json\/wp\/v2\/media?parent=38897"}],"wp:term":[{"taxonomy":"category","embeddable":true,"href":"https:\/\/dpress.ma\/fr\/wp-json\/wp\/v2\/categories?post=38897"},{"taxonomy":"post_tag","embeddable":true,"href":"https:\/\/dpress.ma\/fr\/wp-json\/wp\/v2\/tags?post=38897"}],"curies":[{"name":"wp","href":"https:\/\/api.w.org\/{rel}","templated":true}]}}