{"id":38886,"date":"2026-09-03T09:25:54","date_gmt":"2026-09-03T09:25:54","guid":{"rendered":"https:\/\/dpress.ma\/fr\/?p=38886"},"modified":"2026-09-03T09:25:57","modified_gmt":"2026-09-03T09:25:57","slug":"ouarzazate-don-royal-au-mausolee-de-sidi-daoud-ben-mhamed","status":"publish","type":"post","link":"https:\/\/dpress.ma\/fr\/2026\/09\/03\/ouarzazate-don-royal-au-mausolee-de-sidi-daoud-ben-mhamed\/","title":{"rendered":"Ouarzazate : Don Royal au Mausol\u00e9e de Sidi Daoud Ben Mhamed"},"content":{"rendered":"\n<p class=\"wp-block-paragraph\">Dpress<\/p>\n\n\n\n<p class=\"wp-block-paragraph\">Une Commission royale a proc\u00e9d\u00e9, mercredi \u00e0 Ouarzazate, \u00e0 la remise d&rsquo;un don Royal au profit du Mausol\u00e9e de Sidi Daoud Ben Mhamed Ben Abdelhak, \u00e0 l&rsquo;occasion de la comm\u00e9moration du 28e anniversaire de la disparition de Feu SM Hassan II, que Dieu ait Son \u00e2me.<\/p>\n\n\n\n<p class=\"wp-block-paragraph\">Ce don royal a \u00e9t\u00e9 remis au Mokadem du Mausol\u00e9e, Mohamed Sba\u00e2i, lors d\u2019une c\u00e9r\u00e9monie religieuse qui s\u2019est d\u00e9roul\u00e9e dans une ambiance empreinte de pi\u00e9t\u00e9 et de recueillement, en pr\u00e9sence du gouverneur de la province de Ouarzazate, Abdellah Jahid, du pr\u00e9sident du Conseil local des Oul\u00e9ma, du d\u00e9l\u00e9gu\u00e9 provincial des Habous et des affaires islamiques, ainsi que de plusieurs personnalit\u00e9s civiles et militaires.<\/p>\n\n\n\n<p class=\"wp-block-paragraph\">Le Mokadem et les Chorfas du Mausol\u00e9e ont exprim\u00e9, \u00e0 cette occasion, leurs sinc\u00e8res remerciements et leur profonde gratitude pour la Haute Sollicitude Royale.<\/p>\n\n\n\n<p class=\"wp-block-paragraph\">A cette occasion, l\u2019assistance a \u00e9lev\u00e9 des pri\u00e8res implorant Dieu de pr\u00e9server SM le Roi Mohammed VI et de combler le Souverain en les personnes de SAR le Prince H\u00e9ritier Moulay El Hassan et de SAR le Prince Moulay Rachid, ainsi que de l\u2019ensemble des membres de l\u2019Illustre Famille royale.<\/p>\n\n\n\n<p class=\"wp-block-paragraph\">Des pri\u00e8res ont \u00e9t\u00e9 \u00e9galement \u00e9lev\u00e9es pour le repos de l&rsquo;\u00e2me des regrett\u00e9s Souverains, feu SM Mohammed V et feu SM Hassan II, que Dieu les ait en Sa sainte mis\u00e9ricorde.<\/p>\n","protected":false},"excerpt":{"rendered":"<p>Dpress Une Commission royale a proc\u00e9d\u00e9, mercredi \u00e0 Ouarzazate, \u00e0 la remise d&rsquo;un don Royal au profit du Mausol\u00e9e de Sidi Daoud Ben Mhamed Ben Abdelhak, \u00e0 l&rsquo;occasion de la comm\u00e9moration du 28e anniversaire de la disparition de Feu SM Hassan II, que Dieu ait Son \u00e2me. Ce don royal a \u00e9t\u00e9 remis au Mokadem &hellip;<\/p>\n","protected":false},"author":2,"featured_media":38887,"comment_status":"open","ping_status":"open","sticky":false,"template":"","format":"standard","meta":{"footnotes":""},"categories":[40],"tags":[],"class_list":["post-38886","post","type-post","status-publish","format-standard","has-post-thumbnail","hentry","category-societe-et-regions"],"yoast_head":"<!-- This site is optimized with the Yoast SEO plugin v28.0 - https:\/\/yoast.com\/product\/yoast-seo-wordpress\/ -->\n<title>Ouarzazate : Don Royal au Mausol\u00e9e de Sidi Daoud Ben Mhamed - Dpress.ma\/fr<\/title>\n<meta name=\"robots\" content=\"index, follow, max-snippet:-1, max-image-preview:large, max-video-preview:-1\" \/>\n<link rel=\"canonical\" href=\"https:\/\/dpress.ma\/fr\/2026\/09\/03\/ouarzazate-don-royal-au-mausolee-de-sidi-daoud-ben-mhamed\/\" \/>\n<meta property=\"og:locale\" content=\"fr_FR\" \/>\n<meta property=\"og:type\" content=\"article\" \/>\n<meta property=\"og:title\" content=\"Ouarzazate : Don Royal au Mausol\u00e9e de Sidi Daoud Ben Mhamed - Dpress.ma\/fr\" \/>\n<meta property=\"og:description\" content=\"Dpress Une Commission royale a proc\u00e9d\u00e9, mercredi \u00e0 Ouarzazate, \u00e0 la remise d&rsquo;un don Royal au profit du Mausol\u00e9e de Sidi Daoud Ben Mhamed Ben Abdelhak, \u00e0 l&rsquo;occasion de la comm\u00e9moration du 28e anniversaire de la disparition de Feu SM Hassan II, que Dieu ait Son \u00e2me. Ce don royal a \u00e9t\u00e9 remis au Mokadem &hellip;\" \/>\n<meta property=\"og:url\" content=\"https:\/\/dpress.ma\/fr\/2026\/09\/03\/ouarzazate-don-royal-au-mausolee-de-sidi-daoud-ben-mhamed\/\" \/>\n<meta property=\"og:site_name\" content=\"Dpress.ma\/fr\" \/>\n<meta property=\"article:published_time\" content=\"2026-09-03T09:25:54+00:00\" \/>\n<meta property=\"article:modified_time\" content=\"2026-09-03T09:25:57+00:00\" \/>\n<meta property=\"og:image\" content=\"https:\/\/dpress.ma\/fr\/wp-content\/uploads\/sites\/2\/2026\/09\/1-1.jpg\" \/>\n\t<meta property=\"og:image:width\" content=\"2539\" \/>\n\t<meta property=\"og:image:height\" content=\"1594\" \/>\n\t<meta property=\"og:image:type\" content=\"image\/jpeg\" \/>\n<meta name=\"author\" content=\"Dpress.ma\" \/>\n<meta name=\"twitter:card\" content=\"summary_large_image\" \/>\n<meta name=\"twitter:label1\" content=\"\u00c9crit par\" \/>\n\t<meta name=\"twitter:data1\" content=\"Dpress.ma\" \/>\n\t<meta name=\"twitter:label2\" content=\"Dur\u00e9e de lecture estim\u00e9e\" \/>\n\t<meta name=\"twitter:data2\" content=\"2 minutes\" \/>\n<script type=\"application\/ld+json\" class=\"yoast-schema-graph\">{\"@context\":\"https:\\\/\\\/schema.org\",\"@graph\":[{\"@type\":\"Article\",\"@id\":\"https:\\\/\\\/dpress.ma\\\/fr\\\/2026\\\/09\\\/03\\\/ouarzazate-don-royal-au-mausolee-de-sidi-daoud-ben-mhamed\\\/#article\",\"isPartOf\":{\"@id\":\"https:\\\/\\\/dpress.ma\\\/fr\\\/2026\\\/09\\\/03\\\/ouarzazate-don-royal-au-mausolee-de-sidi-daoud-ben-mhamed\\\/\"},\"author\":{\"name\":\"Dpress.ma\",\"@id\":\"https:\\\/\\\/dpress.ma\\\/fr\\\/#\\\/schema\\\/person\\\/4898febf3ccd59e6578d838656a306a0\"},\"headline\":\"Ouarzazate : Don Royal au Mausol\u00e9e de Sidi Daoud Ben Mhamed\",\"datePublished\":\"2026-09-03T09:25:54+00:00\",\"dateModified\":\"2026-09-03T09:25:57+00:00\",\"mainEntityOfPage\":{\"@id\":\"https:\\\/\\\/dpress.ma\\\/fr\\\/2026\\\/09\\\/03\\\/ouarzazate-don-royal-au-mausolee-de-sidi-daoud-ben-mhamed\\\/\"},\"wordCount\":253,\"commentCount\":0,\"image\":{\"@id\":\"https:\\\/\\\/dpress.ma\\\/fr\\\/2026\\\/09\\\/03\\\/ouarzazate-don-royal-au-mausolee-de-sidi-daoud-ben-mhamed\\\/#primaryimage\"},\"thumbnailUrl\":\"https:\\\/\\\/dpress.ma\\\/fr\\\/wp-content\\\/uploads\\\/sites\\\/2\\\/2026\\\/09\\\/1-1.jpg\",\"articleSection\":[\"societe et regions\"],\"inLanguage\":\"fr-FR\",\"potentialAction\":[{\"@type\":\"CommentAction\",\"name\":\"Comment\",\"target\":[\"https:\\\/\\\/dpress.ma\\\/fr\\\/2026\\\/09\\\/03\\\/ouarzazate-don-royal-au-mausolee-de-sidi-daoud-ben-mhamed\\\/#respond\"]}]},{\"@type\":\"WebPage\",\"@id\":\"https:\\\/\\\/dpress.ma\\\/fr\\\/2026\\\/09\\\/03\\\/ouarzazate-don-royal-au-mausolee-de-sidi-daoud-ben-mhamed\\\/\",\"url\":\"https:\\\/\\\/dpress.ma\\\/fr\\\/2026\\\/09\\\/03\\\/ouarzazate-don-royal-au-mausolee-de-sidi-daoud-ben-mhamed\\\/\",\"name\":\"Ouarzazate : Don Royal au Mausol\u00e9e de Sidi Daoud Ben Mhamed - Dpress.ma\\\/fr\",\"isPartOf\":{\"@id\":\"https:\\\/\\\/dpress.ma\\\/fr\\\/#website\"},\"primaryImageOfPage\":{\"@id\":\"https:\\\/\\\/dpress.ma\\\/fr\\\/2026\\\/09\\\/03\\\/ouarzazate-don-royal-au-mausolee-de-sidi-daoud-ben-mhamed\\\/#primaryimage\"},\"image\":{\"@id\":\"https:\\\/\\\/dpress.ma\\\/fr\\\/2026\\\/09\\\/03\\\/ouarzazate-don-royal-au-mausolee-de-sidi-daoud-ben-mhamed\\\/#primaryimage\"},\"thumbnailUrl\":\"https:\\\/\\\/dpress.ma\\\/fr\\\/wp-content\\\/uploads\\\/sites\\\/2\\\/2026\\\/09\\\/1-1.jpg\",\"datePublished\":\"2026-09-03T09:25:54+00:00\",\"dateModified\":\"2026-09-03T09:25:57+00:00\",\"author\":{\"@id\":\"https:\\\/\\\/dpress.ma\\\/fr\\\/#\\\/schema\\\/person\\\/4898febf3ccd59e6578d838656a306a0\"},\"breadcrumb\":{\"@id\":\"https:\\\/\\\/dpress.ma\\\/fr\\\/2026\\\/09\\\/03\\\/ouarzazate-don-royal-au-mausolee-de-sidi-daoud-ben-mhamed\\\/#breadcrumb\"},\"inLanguage\":\"fr-FR\",\"potentialAction\":[{\"@type\":\"ReadAction\",\"target\":[\"https:\\\/\\\/dpress.ma\\\/fr\\\/2026\\\/09\\\/03\\\/ouarzazate-don-royal-au-mausolee-de-sidi-daoud-ben-mhamed\\\/\"]}]},{\"@type\":\"ImageObject\",\"inLanguage\":\"fr-FR\",\"@id\":\"https:\\\/\\\/dpress.ma\\\/fr\\\/2026\\\/09\\\/03\\\/ouarzazate-don-royal-au-mausolee-de-sidi-daoud-ben-mhamed\\\/#primaryimage\",\"url\":\"https:\\\/\\\/dpress.ma\\\/fr\\\/wp-content\\\/uploads\\\/sites\\\/2\\\/2026\\\/09\\\/1-1.jpg\",\"contentUrl\":\"https:\\\/\\\/dpress.ma\\\/fr\\\/wp-content\\\/uploads\\\/sites\\\/2\\\/2026\\\/09\\\/1-1.jpg\",\"width\":2539,\"height\":1594},{\"@type\":\"BreadcrumbList\",\"@id\":\"https:\\\/\\\/dpress.ma\\\/fr\\\/2026\\\/09\\\/03\\\/ouarzazate-don-royal-au-mausolee-de-sidi-daoud-ben-mhamed\\\/#breadcrumb\",\"itemListElement\":[{\"@type\":\"ListItem\",\"position\":1,\"name\":\"Home\",\"item\":\"https:\\\/\\\/dpress.ma\\\/fr\\\/\"},{\"@type\":\"ListItem\",\"position\":2,\"name\":\"Ouarzazate : Don Royal au Mausol\u00e9e de Sidi Daoud Ben Mhamed\"}]},{\"@type\":\"WebSite\",\"@id\":\"https:\\\/\\\/dpress.ma\\\/fr\\\/#website\",\"url\":\"https:\\\/\\\/dpress.ma\\\/fr\\\/\",\"name\":\"Dpress.ma\\\/fr\",\"description\":\"\",\"potentialAction\":[{\"@type\":\"SearchAction\",\"target\":{\"@type\":\"EntryPoint\",\"urlTemplate\":\"https:\\\/\\\/dpress.ma\\\/fr\\\/?s={search_term_string}\"},\"query-input\":{\"@type\":\"PropertyValueSpecification\",\"valueRequired\":true,\"valueName\":\"search_term_string\"}}],\"inLanguage\":\"fr-FR\"},{\"@type\":\"Person\",\"@id\":\"https:\\\/\\\/dpress.ma\\\/fr\\\/#\\\/schema\\\/person\\\/4898febf3ccd59e6578d838656a306a0\",\"name\":\"Dpress.ma\",\"image\":{\"@type\":\"ImageObject\",\"inLanguage\":\"fr-FR\",\"@id\":\"https:\\\/\\\/secure.gravatar.com\\\/avatar\\\/72ecc30e9db047a2e0e7176561eb9d564ed77c8108376495b19bd8336405198a?s=96&d=mm&r=g\",\"url\":\"https:\\\/\\\/secure.gravatar.com\\\/avatar\\\/72ecc30e9db047a2e0e7176561eb9d564ed77c8108376495b19bd8336405198a?s=96&d=mm&r=g\",\"contentUrl\":\"https:\\\/\\\/secure.gravatar.com\\\/avatar\\\/72ecc30e9db047a2e0e7176561eb9d564ed77c8108376495b19bd8336405198a?s=96&d=mm&r=g\",\"caption\":\"Dpress.ma\"},\"sameAs\":[\"https:\\\/\\\/www.dpress.ma\"],\"url\":\"https:\\\/\\\/dpress.ma\\\/fr\\\/author\\\/dpress-ma\\\/\"}]}<\/script>\n<!-- \/ Yoast SEO plugin. -->","yoast_head_json":{"title":"Ouarzazate : Don Royal au Mausol\u00e9e de Sidi Daoud Ben Mhamed - Dpress.ma\/fr","robots":{"index":"index","follow":"follow","max-snippet":"max-snippet:-1","max-image-preview":"max-image-preview:large","max-video-preview":"max-video-preview:-1"},"canonical":"https:\/\/dpress.ma\/fr\/2026\/09\/03\/ouarzazate-don-royal-au-mausolee-de-sidi-daoud-ben-mhamed\/","og_locale":"fr_FR","og_type":"article","og_title":"Ouarzazate : Don Royal au Mausol\u00e9e de Sidi Daoud Ben Mhamed - Dpress.ma\/fr","og_description":"Dpress Une Commission royale a proc\u00e9d\u00e9, mercredi \u00e0 Ouarzazate, \u00e0 la remise d&rsquo;un don Royal au profit du Mausol\u00e9e de Sidi Daoud Ben Mhamed Ben Abdelhak, \u00e0 l&rsquo;occasion de la comm\u00e9moration du 28e anniversaire de la disparition de Feu SM Hassan II, que Dieu ait Son \u00e2me. Ce don royal a \u00e9t\u00e9 remis au Mokadem &hellip;","og_url":"https:\/\/dpress.ma\/fr\/2026\/09\/03\/ouarzazate-don-royal-au-mausolee-de-sidi-daoud-ben-mhamed\/","og_site_name":"Dpress.ma\/fr","article_published_time":"2026-09-03T09:25:54+00:00","article_modified_time":"2026-09-03T09:25:57+00:00","og_image":[{"width":2539,"height":1594,"url":"https:\/\/dpress.ma\/fr\/wp-content\/uploads\/sites\/2\/2026\/09\/1-1.jpg","type":"image\/jpeg"}],"author":"Dpress.ma","twitter_card":"summary_large_image","twitter_misc":{"\u00c9crit par":"Dpress.ma","Dur\u00e9e de lecture estim\u00e9e":"2 minutes"},"schema":{"@context":"https:\/\/schema.org","@graph":[{"@type":"Article","@id":"https:\/\/dpress.ma\/fr\/2026\/09\/03\/ouarzazate-don-royal-au-mausolee-de-sidi-daoud-ben-mhamed\/#article","isPartOf":{"@id":"https:\/\/dpress.ma\/fr\/2026\/09\/03\/ouarzazate-don-royal-au-mausolee-de-sidi-daoud-ben-mhamed\/"},"author":{"name":"Dpress.ma","@id":"https:\/\/dpress.ma\/fr\/#\/schema\/person\/4898febf3ccd59e6578d838656a306a0"},"headline":"Ouarzazate : Don Royal au Mausol\u00e9e de Sidi Daoud Ben Mhamed","datePublished":"2026-09-03T09:25:54+00:00","dateModified":"2026-09-03T09:25:57+00:00","mainEntityOfPage":{"@id":"https:\/\/dpress.ma\/fr\/2026\/09\/03\/ouarzazate-don-royal-au-mausolee-de-sidi-daoud-ben-mhamed\/"},"wordCount":253,"commentCount":0,"image":{"@id":"https:\/\/dpress.ma\/fr\/2026\/09\/03\/ouarzazate-don-royal-au-mausolee-de-sidi-daoud-ben-mhamed\/#primaryimage"},"thumbnailUrl":"https:\/\/dpress.ma\/fr\/wp-content\/uploads\/sites\/2\/2026\/09\/1-1.jpg","articleSection":["societe et regions"],"inLanguage":"fr-FR","potentialAction":[{"@type":"CommentAction","name":"Comment","target":["https:\/\/dpress.ma\/fr\/2026\/09\/03\/ouarzazate-don-royal-au-mausolee-de-sidi-daoud-ben-mhamed\/#respond"]}]},{"@type":"WebPage","@id":"https:\/\/dpress.ma\/fr\/2026\/09\/03\/ouarzazate-don-royal-au-mausolee-de-sidi-daoud-ben-mhamed\/","url":"https:\/\/dpress.ma\/fr\/2026\/09\/03\/ouarzazate-don-royal-au-mausolee-de-sidi-daoud-ben-mhamed\/","name":"Ouarzazate : Don Royal au Mausol\u00e9e de Sidi Daoud Ben Mhamed - Dpress.ma\/fr","isPartOf":{"@id":"https:\/\/dpress.ma\/fr\/#website"},"primaryImageOfPage":{"@id":"https:\/\/dpress.ma\/fr\/2026\/09\/03\/ouarzazate-don-royal-au-mausolee-de-sidi-daoud-ben-mhamed\/#primaryimage"},"image":{"@id":"https:\/\/dpress.ma\/fr\/2026\/09\/03\/ouarzazate-don-royal-au-mausolee-de-sidi-daoud-ben-mhamed\/#primaryimage"},"thumbnailUrl":"https:\/\/dpress.ma\/fr\/wp-content\/uploads\/sites\/2\/2026\/09\/1-1.jpg","datePublished":"2026-09-03T09:25:54+00:00","dateModified":"2026-09-03T09:25:57+00:00","author":{"@id":"https:\/\/dpress.ma\/fr\/#\/schema\/person\/4898febf3ccd59e6578d838656a306a0"},"breadcrumb":{"@id":"https:\/\/dpress.ma\/fr\/2026\/09\/03\/ouarzazate-don-royal-au-mausolee-de-sidi-daoud-ben-mhamed\/#breadcrumb"},"inLanguage":"fr-FR","potentialAction":[{"@type":"ReadAction","target":["https:\/\/dpress.ma\/fr\/2026\/09\/03\/ouarzazate-don-royal-au-mausolee-de-sidi-daoud-ben-mhamed\/"]}]},{"@type":"ImageObject","inLanguage":"fr-FR","@id":"https:\/\/dpress.ma\/fr\/2026\/09\/03\/ouarzazate-don-royal-au-mausolee-de-sidi-daoud-ben-mhamed\/#primaryimage","url":"https:\/\/dpress.ma\/fr\/wp-content\/uploads\/sites\/2\/2026\/09\/1-1.jpg","contentUrl":"https:\/\/dpress.ma\/fr\/wp-content\/uploads\/sites\/2\/2026\/09\/1-1.jpg","width":2539,"height":1594},{"@type":"BreadcrumbList","@id":"https:\/\/dpress.ma\/fr\/2026\/09\/03\/ouarzazate-don-royal-au-mausolee-de-sidi-daoud-ben-mhamed\/#breadcrumb","itemListElement":[{"@type":"ListItem","position":1,"name":"Home","item":"https:\/\/dpress.ma\/fr\/"},{"@type":"ListItem","position":2,"name":"Ouarzazate : Don Royal au Mausol\u00e9e de Sidi Daoud Ben Mhamed"}]},{"@type":"WebSite","@id":"https:\/\/dpress.ma\/fr\/#website","url":"https:\/\/dpress.ma\/fr\/","name":"Dpress.ma\/fr","description":"","potentialAction":[{"@type":"SearchAction","target":{"@type":"EntryPoint","urlTemplate":"https:\/\/dpress.ma\/fr\/?s={search_term_string}"},"query-input":{"@type":"PropertyValueSpecification","valueRequired":true,"valueName":"search_term_string"}}],"inLanguage":"fr-FR"},{"@type":"Person","@id":"https:\/\/dpress.ma\/fr\/#\/schema\/person\/4898febf3ccd59e6578d838656a306a0","name":"Dpress.ma","image":{"@type":"ImageObject","inLanguage":"fr-FR","@id":"https:\/\/secure.gravatar.com\/avatar\/72ecc30e9db047a2e0e7176561eb9d564ed77c8108376495b19bd8336405198a?s=96&d=mm&r=g","url":"https:\/\/secure.gravatar.com\/avatar\/72ecc30e9db047a2e0e7176561eb9d564ed77c8108376495b19bd8336405198a?s=96&d=mm&r=g","contentUrl":"https:\/\/secure.gravatar.com\/avatar\/72ecc30e9db047a2e0e7176561eb9d564ed77c8108376495b19bd8336405198a?s=96&d=mm&r=g","caption":"Dpress.ma"},"sameAs":["https:\/\/www.dpress.ma"],"url":"https:\/\/dpress.ma\/fr\/author\/dpress-ma\/"}]}},"amp_enabled":true,"_links":{"self":[{"href":"https:\/\/dpress.ma\/fr\/wp-json\/wp\/v2\/posts\/38886","targetHints":{"allow":["GET"]}}],"collection":[{"href":"https:\/\/dpress.ma\/fr\/wp-json\/wp\/v2\/posts"}],"about":[{"href":"https:\/\/dpress.ma\/fr\/wp-json\/wp\/v2\/types\/post"}],"author":[{"embeddable":true,"href":"https:\/\/dpress.ma\/fr\/wp-json\/wp\/v2\/users\/2"}],"replies":[{"embeddable":true,"href":"https:\/\/dpress.ma\/fr\/wp-json\/wp\/v2\/comments?post=38886"}],"version-history":[{"count":1,"href":"https:\/\/dpress.ma\/fr\/wp-json\/wp\/v2\/posts\/38886\/revisions"}],"predecessor-version":[{"id":38888,"href":"https:\/\/dpress.ma\/fr\/wp-json\/wp\/v2\/posts\/38886\/revisions\/38888"}],"wp:featuredmedia":[{"embeddable":true,"href":"https:\/\/dpress.ma\/fr\/wp-json\/wp\/v2\/media\/38887"}],"wp:attachment":[{"href":"https:\/\/dpress.ma\/fr\/wp-json\/wp\/v2\/media?parent=38886"}],"wp:term":[{"taxonomy":"category","embeddable":true,"href":"https:\/\/dpress.ma\/fr\/wp-json\/wp\/v2\/categories?post=38886"},{"taxonomy":"post_tag","embeddable":true,"href":"https:\/\/dpress.ma\/fr\/wp-json\/wp\/v2\/tags?post=38886"}],"curies":[{"name":"wp","href":"https:\/\/api.w.org\/{rel}","templated":true}]}}