{"id":38881,"date":"2026-09-02T16:40:55","date_gmt":"2026-09-02T16:40:55","guid":{"rendered":"https:\/\/dpress.ma\/fr\/?p=38881"},"modified":"2026-09-02T16:40:57","modified_gmt":"2026-09-02T16:40:57","slug":"message-de-condoleances-de-sm-le-roi-aux-membres-de-la-famille-de-feu-cheikh-larabass-ould-cheikh-mohamed-laghdaf-ould-cheikh-maelainine","status":"publish","type":"post","link":"https:\/\/dpress.ma\/fr\/2026\/09\/02\/message-de-condoleances-de-sm-le-roi-aux-membres-de-la-famille-de-feu-cheikh-larabass-ould-cheikh-mohamed-laghdaf-ould-cheikh-maelainine\/","title":{"rendered":"Message de condol\u00e9ances de SM le Roi aux membres de la famille de feu Cheikh Larabass Ould Cheikh Mohamed Laghdaf Ould Cheikh Maelainine"},"content":{"rendered":"\n<p class=\"wp-block-paragraph\">Dpress<\/p>\n\n\n\n<p class=\"wp-block-paragraph\">Sa Majest\u00e9 le Roi Mohammed VI a adress\u00e9 un message de condol\u00e9ances aux membres de la famille de feu Cheikh Larabass Ould Cheikh Mohamed Laghdaf Ould Cheikh Maelainine.<\/p>\n\n\n\n<p class=\"wp-block-paragraph\">Dans ce message, SM le Roi affirme avoir appris avec une vive \u00e9motion et une profonde peine le d\u00e9c\u00e8s du Cheikh Larabass Ould Cheikh Mohamed Laghdaf Ould Cheikh Maelainine, que Dieu l&rsquo;entoure de Sa sainte mis\u00e9ricorde et l&rsquo;accueille dans Son vaste paradis.<\/p>\n\n\n\n<p class=\"wp-block-paragraph\">En cette douloureuse \u00e9preuve, la volont\u00e9 divine \u00e9tant imparable, le Souverain exprime Ses vives condol\u00e9ances et Sa sinc\u00e8re compassion aux membres de la famille du d\u00e9funt et \u00e0 l\u2019ensemble de ses proches et amis, ainsi qu\u2019aux honorables membres de la famille Cheikh Maelainine, implorant le Tout-Puissant de leur accorder patience et r\u00e9confort et qu\u2019ils trouvent consolation dans l\u2019action louable que le regrett\u00e9 a accomplie, ainsi que dans ses \u0153uvres g\u00e9n\u00e9reuses au service de la religion et de la Patrie.<\/p>\n\n\n\n<p class=\"wp-block-paragraph\">SM le Roi souligne que la disparition du d\u00e9funt ne constitue pas une perte uniquement pour l\u2019honorable famille Maelainine, mais aussi pour le Maroc qui a perdu en lui l\u2019une des personnalit\u00e9s religieuses et sociales les plus \u00e9minentes des provinces du Sud du Royaume, connue pour ses nobles qualit\u00e9s humaines et son patriotisme sinc\u00e8re.<\/p>\n\n\n\n<p class=\"wp-block-paragraph\">Le regrett\u00e9, que Dieu l\u2019entoure de Sa sainte mis\u00e9ricorde, a d\u00e9di\u00e9 sa vie, riche en actions g\u00e9n\u00e9reuses, au service des int\u00e9r\u00eats supr\u00eames de Nos ch\u00e8res provinces du Sud dans diff\u00e9rents domaines, notamment l\u2019\u00e9ducation, l\u2019encadrement religieux, la justice et l\u2019action sociale, faisant preuve d\u2019un attachement ind\u00e9fectible au Glorieux Tr\u00f4ne Alaouite, d\u2019une fid\u00e9lit\u00e9 sinc\u00e8re aux constantes et aux valeurs sacr\u00e9es de la Nation et de d\u00e9vouement dans la d\u00e9fense de l\u2019int\u00e9grit\u00e9 territoriale de Notre Royaume, rappelle le Souverain.<\/p>\n\n\n\n<p class=\"wp-block-paragraph\">SM le Roi affirme partager la peine des membres de la famille du regrett\u00e9 \u00e0 la suite de cette immense perte, priant le Tr\u00e8s-Haut de r\u00e9tribuer le d\u00e9funt pour ses actions sinc\u00e8res au service des int\u00e9r\u00eats de la Patrie et de l&rsquo;accueillir en Son vaste paradis, parmi les proph\u00e8tes, les v\u00e9ridiques, les martyrs et les vertueux.<\/p>\n\n\n\n<p class=\"wp-block-paragraph\">\u00ab\u00a0Il est, parmi les croyants, des hommes qui ont \u00e9t\u00e9 sinc\u00e8res dans leur engagement envers Dieu. Certains d&rsquo;entre eux ont atteint leur fin, et d&rsquo;autres attendent invariablement\u00a0\u00bb, v\u00e9ridique est la parole de Dieu.<\/p>\n","protected":false},"excerpt":{"rendered":"<p>Dpress Sa Majest\u00e9 le Roi Mohammed VI a adress\u00e9 un message de condol\u00e9ances aux membres de la famille de feu Cheikh Larabass Ould Cheikh Mohamed Laghdaf Ould Cheikh Maelainine. Dans ce message, SM le Roi affirme avoir appris avec une vive \u00e9motion et une profonde peine le d\u00e9c\u00e8s du Cheikh Larabass Ould Cheikh Mohamed Laghdaf &hellip;<\/p>\n","protected":false},"author":2,"featured_media":37233,"comment_status":"open","ping_status":"open","sticky":false,"template":"","format":"standard","meta":{"footnotes":""},"categories":[29],"tags":[],"class_list":["post-38881","post","type-post","status-publish","format-standard","has-post-thumbnail","hentry","category-activites-royales"],"yoast_head":"<!-- This site is optimized with the Yoast SEO plugin v28.0 - https:\/\/yoast.com\/product\/yoast-seo-wordpress\/ -->\n<title>Message de condol\u00e9ances de SM le Roi aux membres de la famille de feu Cheikh Larabass Ould Cheikh Mohamed Laghdaf Ould Cheikh Maelainine - Dpress.ma\/fr<\/title>\n<meta name=\"robots\" content=\"index, follow, max-snippet:-1, max-image-preview:large, max-video-preview:-1\" \/>\n<link rel=\"canonical\" href=\"https:\/\/dpress.ma\/fr\/2026\/09\/02\/message-de-condoleances-de-sm-le-roi-aux-membres-de-la-famille-de-feu-cheikh-larabass-ould-cheikh-mohamed-laghdaf-ould-cheikh-maelainine\/\" \/>\n<meta property=\"og:locale\" content=\"fr_FR\" \/>\n<meta property=\"og:type\" content=\"article\" \/>\n<meta property=\"og:title\" content=\"Message de condol\u00e9ances de SM le Roi aux membres de la famille de feu Cheikh Larabass Ould Cheikh Mohamed Laghdaf Ould Cheikh Maelainine - Dpress.ma\/fr\" \/>\n<meta property=\"og:description\" content=\"Dpress Sa Majest\u00e9 le Roi Mohammed VI a adress\u00e9 un message de condol\u00e9ances aux membres de la famille de feu Cheikh Larabass Ould Cheikh Mohamed Laghdaf Ould Cheikh Maelainine. Dans ce message, SM le Roi affirme avoir appris avec une vive \u00e9motion et une profonde peine le d\u00e9c\u00e8s du Cheikh Larabass Ould Cheikh Mohamed Laghdaf &hellip;\" \/>\n<meta property=\"og:url\" content=\"https:\/\/dpress.ma\/fr\/2026\/09\/02\/message-de-condoleances-de-sm-le-roi-aux-membres-de-la-famille-de-feu-cheikh-larabass-ould-cheikh-mohamed-laghdaf-ould-cheikh-maelainine\/\" \/>\n<meta property=\"og:site_name\" content=\"Dpress.ma\/fr\" \/>\n<meta property=\"article:published_time\" content=\"2026-09-02T16:40:55+00:00\" \/>\n<meta property=\"article:modified_time\" content=\"2026-09-02T16:40:57+00:00\" \/>\n<meta property=\"og:image\" content=\"https:\/\/dpress.ma\/fr\/wp-content\/uploads\/sites\/2\/2026\/07\/sm-le-roi-mohammed.jpg\" \/>\n\t<meta property=\"og:image:width\" content=\"2539\" \/>\n\t<meta property=\"og:image:height\" content=\"1594\" \/>\n\t<meta property=\"og:image:type\" content=\"image\/jpeg\" \/>\n<meta name=\"author\" content=\"Dpress.ma\" \/>\n<meta name=\"twitter:card\" content=\"summary_large_image\" \/>\n<meta name=\"twitter:label1\" content=\"\u00c9crit par\" \/>\n\t<meta name=\"twitter:data1\" content=\"Dpress.ma\" \/>\n\t<meta name=\"twitter:label2\" content=\"Dur\u00e9e de lecture estim\u00e9e\" \/>\n\t<meta name=\"twitter:data2\" content=\"2 minutes\" \/>\n<script type=\"application\/ld+json\" class=\"yoast-schema-graph\">{\"@context\":\"https:\\\/\\\/schema.org\",\"@graph\":[{\"@type\":\"Article\",\"@id\":\"https:\\\/\\\/dpress.ma\\\/fr\\\/2026\\\/09\\\/02\\\/message-de-condoleances-de-sm-le-roi-aux-membres-de-la-famille-de-feu-cheikh-larabass-ould-cheikh-mohamed-laghdaf-ould-cheikh-maelainine\\\/#article\",\"isPartOf\":{\"@id\":\"https:\\\/\\\/dpress.ma\\\/fr\\\/2026\\\/09\\\/02\\\/message-de-condoleances-de-sm-le-roi-aux-membres-de-la-famille-de-feu-cheikh-larabass-ould-cheikh-mohamed-laghdaf-ould-cheikh-maelainine\\\/\"},\"author\":{\"name\":\"Dpress.ma\",\"@id\":\"https:\\\/\\\/dpress.ma\\\/fr\\\/#\\\/schema\\\/person\\\/4898febf3ccd59e6578d838656a306a0\"},\"headline\":\"Message de condol\u00e9ances de SM le Roi aux membres de la famille de feu Cheikh Larabass Ould Cheikh Mohamed Laghdaf Ould Cheikh Maelainine\",\"datePublished\":\"2026-09-02T16:40:55+00:00\",\"dateModified\":\"2026-09-02T16:40:57+00:00\",\"mainEntityOfPage\":{\"@id\":\"https:\\\/\\\/dpress.ma\\\/fr\\\/2026\\\/09\\\/02\\\/message-de-condoleances-de-sm-le-roi-aux-membres-de-la-famille-de-feu-cheikh-larabass-ould-cheikh-mohamed-laghdaf-ould-cheikh-maelainine\\\/\"},\"wordCount\":445,\"commentCount\":0,\"image\":{\"@id\":\"https:\\\/\\\/dpress.ma\\\/fr\\\/2026\\\/09\\\/02\\\/message-de-condoleances-de-sm-le-roi-aux-membres-de-la-famille-de-feu-cheikh-larabass-ould-cheikh-mohamed-laghdaf-ould-cheikh-maelainine\\\/#primaryimage\"},\"thumbnailUrl\":\"https:\\\/\\\/dpress.ma\\\/fr\\\/wp-content\\\/uploads\\\/sites\\\/2\\\/2026\\\/07\\\/sm-le-roi-mohammed.jpg\",\"articleSection\":[\"Activit\u00e9s Royales\"],\"inLanguage\":\"fr-FR\",\"potentialAction\":[{\"@type\":\"CommentAction\",\"name\":\"Comment\",\"target\":[\"https:\\\/\\\/dpress.ma\\\/fr\\\/2026\\\/09\\\/02\\\/message-de-condoleances-de-sm-le-roi-aux-membres-de-la-famille-de-feu-cheikh-larabass-ould-cheikh-mohamed-laghdaf-ould-cheikh-maelainine\\\/#respond\"]}]},{\"@type\":\"WebPage\",\"@id\":\"https:\\\/\\\/dpress.ma\\\/fr\\\/2026\\\/09\\\/02\\\/message-de-condoleances-de-sm-le-roi-aux-membres-de-la-famille-de-feu-cheikh-larabass-ould-cheikh-mohamed-laghdaf-ould-cheikh-maelainine\\\/\",\"url\":\"https:\\\/\\\/dpress.ma\\\/fr\\\/2026\\\/09\\\/02\\\/message-de-condoleances-de-sm-le-roi-aux-membres-de-la-famille-de-feu-cheikh-larabass-ould-cheikh-mohamed-laghdaf-ould-cheikh-maelainine\\\/\",\"name\":\"Message de condol\u00e9ances de SM le Roi aux membres de la famille de feu Cheikh Larabass Ould Cheikh Mohamed Laghdaf Ould Cheikh Maelainine - Dpress.ma\\\/fr\",\"isPartOf\":{\"@id\":\"https:\\\/\\\/dpress.ma\\\/fr\\\/#website\"},\"primaryImageOfPage\":{\"@id\":\"https:\\\/\\\/dpress.ma\\\/fr\\\/2026\\\/09\\\/02\\\/message-de-condoleances-de-sm-le-roi-aux-membres-de-la-famille-de-feu-cheikh-larabass-ould-cheikh-mohamed-laghdaf-ould-cheikh-maelainine\\\/#primaryimage\"},\"image\":{\"@id\":\"https:\\\/\\\/dpress.ma\\\/fr\\\/2026\\\/09\\\/02\\\/message-de-condoleances-de-sm-le-roi-aux-membres-de-la-famille-de-feu-cheikh-larabass-ould-cheikh-mohamed-laghdaf-ould-cheikh-maelainine\\\/#primaryimage\"},\"thumbnailUrl\":\"https:\\\/\\\/dpress.ma\\\/fr\\\/wp-content\\\/uploads\\\/sites\\\/2\\\/2026\\\/07\\\/sm-le-roi-mohammed.jpg\",\"datePublished\":\"2026-09-02T16:40:55+00:00\",\"dateModified\":\"2026-09-02T16:40:57+00:00\",\"author\":{\"@id\":\"https:\\\/\\\/dpress.ma\\\/fr\\\/#\\\/schema\\\/person\\\/4898febf3ccd59e6578d838656a306a0\"},\"breadcrumb\":{\"@id\":\"https:\\\/\\\/dpress.ma\\\/fr\\\/2026\\\/09\\\/02\\\/message-de-condoleances-de-sm-le-roi-aux-membres-de-la-famille-de-feu-cheikh-larabass-ould-cheikh-mohamed-laghdaf-ould-cheikh-maelainine\\\/#breadcrumb\"},\"inLanguage\":\"fr-FR\",\"potentialAction\":[{\"@type\":\"ReadAction\",\"target\":[\"https:\\\/\\\/dpress.ma\\\/fr\\\/2026\\\/09\\\/02\\\/message-de-condoleances-de-sm-le-roi-aux-membres-de-la-famille-de-feu-cheikh-larabass-ould-cheikh-mohamed-laghdaf-ould-cheikh-maelainine\\\/\"]}]},{\"@type\":\"ImageObject\",\"inLanguage\":\"fr-FR\",\"@id\":\"https:\\\/\\\/dpress.ma\\\/fr\\\/2026\\\/09\\\/02\\\/message-de-condoleances-de-sm-le-roi-aux-membres-de-la-famille-de-feu-cheikh-larabass-ould-cheikh-mohamed-laghdaf-ould-cheikh-maelainine\\\/#primaryimage\",\"url\":\"https:\\\/\\\/dpress.ma\\\/fr\\\/wp-content\\\/uploads\\\/sites\\\/2\\\/2026\\\/07\\\/sm-le-roi-mohammed.jpg\",\"contentUrl\":\"https:\\\/\\\/dpress.ma\\\/fr\\\/wp-content\\\/uploads\\\/sites\\\/2\\\/2026\\\/07\\\/sm-le-roi-mohammed.jpg\",\"width\":2539,\"height\":1594},{\"@type\":\"BreadcrumbList\",\"@id\":\"https:\\\/\\\/dpress.ma\\\/fr\\\/2026\\\/09\\\/02\\\/message-de-condoleances-de-sm-le-roi-aux-membres-de-la-famille-de-feu-cheikh-larabass-ould-cheikh-mohamed-laghdaf-ould-cheikh-maelainine\\\/#breadcrumb\",\"itemListElement\":[{\"@type\":\"ListItem\",\"position\":1,\"name\":\"Home\",\"item\":\"https:\\\/\\\/dpress.ma\\\/fr\\\/\"},{\"@type\":\"ListItem\",\"position\":2,\"name\":\"Message de condol\u00e9ances de SM le Roi aux membres de la famille de feu Cheikh Larabass Ould Cheikh Mohamed Laghdaf Ould Cheikh Maelainine\"}]},{\"@type\":\"WebSite\",\"@id\":\"https:\\\/\\\/dpress.ma\\\/fr\\\/#website\",\"url\":\"https:\\\/\\\/dpress.ma\\\/fr\\\/\",\"name\":\"Dpress.ma\\\/fr\",\"description\":\"\",\"potentialAction\":[{\"@type\":\"SearchAction\",\"target\":{\"@type\":\"EntryPoint\",\"urlTemplate\":\"https:\\\/\\\/dpress.ma\\\/fr\\\/?s={search_term_string}\"},\"query-input\":{\"@type\":\"PropertyValueSpecification\",\"valueRequired\":true,\"valueName\":\"search_term_string\"}}],\"inLanguage\":\"fr-FR\"},{\"@type\":\"Person\",\"@id\":\"https:\\\/\\\/dpress.ma\\\/fr\\\/#\\\/schema\\\/person\\\/4898febf3ccd59e6578d838656a306a0\",\"name\":\"Dpress.ma\",\"image\":{\"@type\":\"ImageObject\",\"inLanguage\":\"fr-FR\",\"@id\":\"https:\\\/\\\/secure.gravatar.com\\\/avatar\\\/72ecc30e9db047a2e0e7176561eb9d564ed77c8108376495b19bd8336405198a?s=96&d=mm&r=g\",\"url\":\"https:\\\/\\\/secure.gravatar.com\\\/avatar\\\/72ecc30e9db047a2e0e7176561eb9d564ed77c8108376495b19bd8336405198a?s=96&d=mm&r=g\",\"contentUrl\":\"https:\\\/\\\/secure.gravatar.com\\\/avatar\\\/72ecc30e9db047a2e0e7176561eb9d564ed77c8108376495b19bd8336405198a?s=96&d=mm&r=g\",\"caption\":\"Dpress.ma\"},\"sameAs\":[\"https:\\\/\\\/www.dpress.ma\"],\"url\":\"https:\\\/\\\/dpress.ma\\\/fr\\\/author\\\/dpress-ma\\\/\"}]}<\/script>\n<!-- \/ Yoast SEO plugin. -->","yoast_head_json":{"title":"Message de condol\u00e9ances de SM le Roi aux membres de la famille de feu Cheikh Larabass Ould Cheikh Mohamed Laghdaf Ould Cheikh Maelainine - Dpress.ma\/fr","robots":{"index":"index","follow":"follow","max-snippet":"max-snippet:-1","max-image-preview":"max-image-preview:large","max-video-preview":"max-video-preview:-1"},"canonical":"https:\/\/dpress.ma\/fr\/2026\/09\/02\/message-de-condoleances-de-sm-le-roi-aux-membres-de-la-famille-de-feu-cheikh-larabass-ould-cheikh-mohamed-laghdaf-ould-cheikh-maelainine\/","og_locale":"fr_FR","og_type":"article","og_title":"Message de condol\u00e9ances de SM le Roi aux membres de la famille de feu Cheikh Larabass Ould Cheikh Mohamed Laghdaf Ould Cheikh Maelainine - Dpress.ma\/fr","og_description":"Dpress Sa Majest\u00e9 le Roi Mohammed VI a adress\u00e9 un message de condol\u00e9ances aux membres de la famille de feu Cheikh Larabass Ould Cheikh Mohamed Laghdaf Ould Cheikh Maelainine. Dans ce message, SM le Roi affirme avoir appris avec une vive \u00e9motion et une profonde peine le d\u00e9c\u00e8s du Cheikh Larabass Ould Cheikh Mohamed Laghdaf &hellip;","og_url":"https:\/\/dpress.ma\/fr\/2026\/09\/02\/message-de-condoleances-de-sm-le-roi-aux-membres-de-la-famille-de-feu-cheikh-larabass-ould-cheikh-mohamed-laghdaf-ould-cheikh-maelainine\/","og_site_name":"Dpress.ma\/fr","article_published_time":"2026-09-02T16:40:55+00:00","article_modified_time":"2026-09-02T16:40:57+00:00","og_image":[{"width":2539,"height":1594,"url":"https:\/\/dpress.ma\/fr\/wp-content\/uploads\/sites\/2\/2026\/07\/sm-le-roi-mohammed.jpg","type":"image\/jpeg"}],"author":"Dpress.ma","twitter_card":"summary_large_image","twitter_misc":{"\u00c9crit par":"Dpress.ma","Dur\u00e9e de lecture estim\u00e9e":"2 minutes"},"schema":{"@context":"https:\/\/schema.org","@graph":[{"@type":"Article","@id":"https:\/\/dpress.ma\/fr\/2026\/09\/02\/message-de-condoleances-de-sm-le-roi-aux-membres-de-la-famille-de-feu-cheikh-larabass-ould-cheikh-mohamed-laghdaf-ould-cheikh-maelainine\/#article","isPartOf":{"@id":"https:\/\/dpress.ma\/fr\/2026\/09\/02\/message-de-condoleances-de-sm-le-roi-aux-membres-de-la-famille-de-feu-cheikh-larabass-ould-cheikh-mohamed-laghdaf-ould-cheikh-maelainine\/"},"author":{"name":"Dpress.ma","@id":"https:\/\/dpress.ma\/fr\/#\/schema\/person\/4898febf3ccd59e6578d838656a306a0"},"headline":"Message de condol\u00e9ances de SM le Roi aux membres de la famille de feu Cheikh Larabass Ould Cheikh Mohamed Laghdaf Ould Cheikh Maelainine","datePublished":"2026-09-02T16:40:55+00:00","dateModified":"2026-09-02T16:40:57+00:00","mainEntityOfPage":{"@id":"https:\/\/dpress.ma\/fr\/2026\/09\/02\/message-de-condoleances-de-sm-le-roi-aux-membres-de-la-famille-de-feu-cheikh-larabass-ould-cheikh-mohamed-laghdaf-ould-cheikh-maelainine\/"},"wordCount":445,"commentCount":0,"image":{"@id":"https:\/\/dpress.ma\/fr\/2026\/09\/02\/message-de-condoleances-de-sm-le-roi-aux-membres-de-la-famille-de-feu-cheikh-larabass-ould-cheikh-mohamed-laghdaf-ould-cheikh-maelainine\/#primaryimage"},"thumbnailUrl":"https:\/\/dpress.ma\/fr\/wp-content\/uploads\/sites\/2\/2026\/07\/sm-le-roi-mohammed.jpg","articleSection":["Activit\u00e9s Royales"],"inLanguage":"fr-FR","potentialAction":[{"@type":"CommentAction","name":"Comment","target":["https:\/\/dpress.ma\/fr\/2026\/09\/02\/message-de-condoleances-de-sm-le-roi-aux-membres-de-la-famille-de-feu-cheikh-larabass-ould-cheikh-mohamed-laghdaf-ould-cheikh-maelainine\/#respond"]}]},{"@type":"WebPage","@id":"https:\/\/dpress.ma\/fr\/2026\/09\/02\/message-de-condoleances-de-sm-le-roi-aux-membres-de-la-famille-de-feu-cheikh-larabass-ould-cheikh-mohamed-laghdaf-ould-cheikh-maelainine\/","url":"https:\/\/dpress.ma\/fr\/2026\/09\/02\/message-de-condoleances-de-sm-le-roi-aux-membres-de-la-famille-de-feu-cheikh-larabass-ould-cheikh-mohamed-laghdaf-ould-cheikh-maelainine\/","name":"Message de condol\u00e9ances de SM le Roi aux membres de la famille de feu Cheikh Larabass Ould Cheikh Mohamed Laghdaf Ould Cheikh Maelainine - Dpress.ma\/fr","isPartOf":{"@id":"https:\/\/dpress.ma\/fr\/#website"},"primaryImageOfPage":{"@id":"https:\/\/dpress.ma\/fr\/2026\/09\/02\/message-de-condoleances-de-sm-le-roi-aux-membres-de-la-famille-de-feu-cheikh-larabass-ould-cheikh-mohamed-laghdaf-ould-cheikh-maelainine\/#primaryimage"},"image":{"@id":"https:\/\/dpress.ma\/fr\/2026\/09\/02\/message-de-condoleances-de-sm-le-roi-aux-membres-de-la-famille-de-feu-cheikh-larabass-ould-cheikh-mohamed-laghdaf-ould-cheikh-maelainine\/#primaryimage"},"thumbnailUrl":"https:\/\/dpress.ma\/fr\/wp-content\/uploads\/sites\/2\/2026\/07\/sm-le-roi-mohammed.jpg","datePublished":"2026-09-02T16:40:55+00:00","dateModified":"2026-09-02T16:40:57+00:00","author":{"@id":"https:\/\/dpress.ma\/fr\/#\/schema\/person\/4898febf3ccd59e6578d838656a306a0"},"breadcrumb":{"@id":"https:\/\/dpress.ma\/fr\/2026\/09\/02\/message-de-condoleances-de-sm-le-roi-aux-membres-de-la-famille-de-feu-cheikh-larabass-ould-cheikh-mohamed-laghdaf-ould-cheikh-maelainine\/#breadcrumb"},"inLanguage":"fr-FR","potentialAction":[{"@type":"ReadAction","target":["https:\/\/dpress.ma\/fr\/2026\/09\/02\/message-de-condoleances-de-sm-le-roi-aux-membres-de-la-famille-de-feu-cheikh-larabass-ould-cheikh-mohamed-laghdaf-ould-cheikh-maelainine\/"]}]},{"@type":"ImageObject","inLanguage":"fr-FR","@id":"https:\/\/dpress.ma\/fr\/2026\/09\/02\/message-de-condoleances-de-sm-le-roi-aux-membres-de-la-famille-de-feu-cheikh-larabass-ould-cheikh-mohamed-laghdaf-ould-cheikh-maelainine\/#primaryimage","url":"https:\/\/dpress.ma\/fr\/wp-content\/uploads\/sites\/2\/2026\/07\/sm-le-roi-mohammed.jpg","contentUrl":"https:\/\/dpress.ma\/fr\/wp-content\/uploads\/sites\/2\/2026\/07\/sm-le-roi-mohammed.jpg","width":2539,"height":1594},{"@type":"BreadcrumbList","@id":"https:\/\/dpress.ma\/fr\/2026\/09\/02\/message-de-condoleances-de-sm-le-roi-aux-membres-de-la-famille-de-feu-cheikh-larabass-ould-cheikh-mohamed-laghdaf-ould-cheikh-maelainine\/#breadcrumb","itemListElement":[{"@type":"ListItem","position":1,"name":"Home","item":"https:\/\/dpress.ma\/fr\/"},{"@type":"ListItem","position":2,"name":"Message de condol\u00e9ances de SM le Roi aux membres de la famille de feu Cheikh Larabass Ould Cheikh Mohamed Laghdaf Ould Cheikh Maelainine"}]},{"@type":"WebSite","@id":"https:\/\/dpress.ma\/fr\/#website","url":"https:\/\/dpress.ma\/fr\/","name":"Dpress.ma\/fr","description":"","potentialAction":[{"@type":"SearchAction","target":{"@type":"EntryPoint","urlTemplate":"https:\/\/dpress.ma\/fr\/?s={search_term_string}"},"query-input":{"@type":"PropertyValueSpecification","valueRequired":true,"valueName":"search_term_string"}}],"inLanguage":"fr-FR"},{"@type":"Person","@id":"https:\/\/dpress.ma\/fr\/#\/schema\/person\/4898febf3ccd59e6578d838656a306a0","name":"Dpress.ma","image":{"@type":"ImageObject","inLanguage":"fr-FR","@id":"https:\/\/secure.gravatar.com\/avatar\/72ecc30e9db047a2e0e7176561eb9d564ed77c8108376495b19bd8336405198a?s=96&d=mm&r=g","url":"https:\/\/secure.gravatar.com\/avatar\/72ecc30e9db047a2e0e7176561eb9d564ed77c8108376495b19bd8336405198a?s=96&d=mm&r=g","contentUrl":"https:\/\/secure.gravatar.com\/avatar\/72ecc30e9db047a2e0e7176561eb9d564ed77c8108376495b19bd8336405198a?s=96&d=mm&r=g","caption":"Dpress.ma"},"sameAs":["https:\/\/www.dpress.ma"],"url":"https:\/\/dpress.ma\/fr\/author\/dpress-ma\/"}]}},"amp_enabled":true,"_links":{"self":[{"href":"https:\/\/dpress.ma\/fr\/wp-json\/wp\/v2\/posts\/38881","targetHints":{"allow":["GET"]}}],"collection":[{"href":"https:\/\/dpress.ma\/fr\/wp-json\/wp\/v2\/posts"}],"about":[{"href":"https:\/\/dpress.ma\/fr\/wp-json\/wp\/v2\/types\/post"}],"author":[{"embeddable":true,"href":"https:\/\/dpress.ma\/fr\/wp-json\/wp\/v2\/users\/2"}],"replies":[{"embeddable":true,"href":"https:\/\/dpress.ma\/fr\/wp-json\/wp\/v2\/comments?post=38881"}],"version-history":[{"count":1,"href":"https:\/\/dpress.ma\/fr\/wp-json\/wp\/v2\/posts\/38881\/revisions"}],"predecessor-version":[{"id":38882,"href":"https:\/\/dpress.ma\/fr\/wp-json\/wp\/v2\/posts\/38881\/revisions\/38882"}],"wp:featuredmedia":[{"embeddable":true,"href":"https:\/\/dpress.ma\/fr\/wp-json\/wp\/v2\/media\/37233"}],"wp:attachment":[{"href":"https:\/\/dpress.ma\/fr\/wp-json\/wp\/v2\/media?parent=38881"}],"wp:term":[{"taxonomy":"category","embeddable":true,"href":"https:\/\/dpress.ma\/fr\/wp-json\/wp\/v2\/categories?post=38881"},{"taxonomy":"post_tag","embeddable":true,"href":"https:\/\/dpress.ma\/fr\/wp-json\/wp\/v2\/tags?post=38881"}],"curies":[{"name":"wp","href":"https:\/\/api.w.org\/{rel}","templated":true}]}}