{"id":38869,"date":"2026-09-02T13:51:47","date_gmt":"2026-09-02T13:51:47","guid":{"rendered":"https:\/\/dpress.ma\/fr\/?p=38869"},"modified":"2026-09-02T13:51:49","modified_gmt":"2026-09-02T13:51:49","slug":"m-hammouchi-recoit-lambassadeur-extraordinaire-et-plenipotentiaire-du-japon-a-rabat","status":"publish","type":"post","link":"https:\/\/dpress.ma\/fr\/2026\/09\/02\/m-hammouchi-recoit-lambassadeur-extraordinaire-et-plenipotentiaire-du-japon-a-rabat\/","title":{"rendered":"M. Hammouchi re\u00e7oit l\u2019ambassadeur extraordinaire et pl\u00e9nipotentiaire du Japon \u00e0 Rabat"},"content":{"rendered":"\n<p class=\"wp-block-paragraph\">Dpress<\/p>\n\n\n\n<p class=\"wp-block-paragraph\">Le Directeur g\u00e9n\u00e9ral de la S\u00fbret\u00e9 nationale et de la Surveillance du territoire (DGSN-DGST), Abdellatif Hammouchi, a re\u00e7u, mercredi \u00e0 Rabat, l&rsquo;ambassadeur extraordinaire et pl\u00e9nipotentiaire du Japon au Maroc, Nakata Masahiro.<\/p>\n\n\n\n<p class=\"wp-block-paragraph\">Cette rencontre s\u2019inscrit dans le cadre de la volont\u00e9 du Maroc et du Japon de renforcer leur coop\u00e9ration commune en mati\u00e8re de s\u00e9curit\u00e9 et de diversifier les formes et les niveaux de leur partenariat s\u00e9curitaire, au service de la s\u00e9curit\u00e9 et de la stabilit\u00e9 des deux pays, indique un communiqu\u00e9 de la DGSN.<\/p>\n\n\n\n<p class=\"wp-block-paragraph\">Lors de cette rencontre, les deux parties ont examin\u00e9 plusieurs questions et dossiers d\u2019int\u00e9r\u00eat commun, tout en passant en revue nombre de sujets d&rsquo;actualit\u00e9 internationale et r\u00e9gionale en lien avec la s\u00e9curit\u00e9 des deux pays, pr\u00e9cise la m\u00eame source.<\/p>\n\n\n\n<p class=\"wp-block-paragraph\">De m\u00eame, les deux parties ont exprim\u00e9 leur volont\u00e9 de d\u00e9velopper et de renforcer leur coop\u00e9ration et leur partenariat dans l\u2019ensemble des domaines li\u00e9s \u00e0 la s\u00e9curit\u00e9, poursuit-on.<\/p>\n\n\n\n<p class=\"wp-block-paragraph\">Cette rencontre, s\u2019inscrit dans le cadre du renforcement des relations de coop\u00e9ration s\u00e9curitaire et polici\u00e8re entre le P\u00f4le DGSN-DGST d&rsquo;une part, et les diff\u00e9rents partenaires internationaux dans les pays fr\u00e8res et amis ainsi que des organisations internationales concern\u00e9es, d\u2019autre part, \u00e0 m\u00eame de rapprocher les points de vue et coordonner les efforts communs afin de faire face aux diff\u00e9rentes menaces s\u00e9curitaires et aux d\u00e9fis li\u00e9s aux risques de terrorisme et de criminalit\u00e9 organis\u00e9e transfrontali\u00e8re, conclut le communiqu\u00e9.<\/p>\n","protected":false},"excerpt":{"rendered":"<p>Dpress Le Directeur g\u00e9n\u00e9ral de la S\u00fbret\u00e9 nationale et de la Surveillance du territoire (DGSN-DGST), Abdellatif Hammouchi, a re\u00e7u, mercredi \u00e0 Rabat, l&rsquo;ambassadeur extraordinaire et pl\u00e9nipotentiaire du Japon au Maroc, Nakata Masahiro. Cette rencontre s\u2019inscrit dans le cadre de la volont\u00e9 du Maroc et du Japon de renforcer leur coop\u00e9ration commune en mati\u00e8re de s\u00e9curit\u00e9 &hellip;<\/p>\n","protected":false},"author":2,"featured_media":38870,"comment_status":"open","ping_status":"open","sticky":false,"template":"","format":"standard","meta":{"footnotes":""},"categories":[33,40],"tags":[],"class_list":["post-38869","post","type-post","status-publish","format-standard","has-post-thumbnail","hentry","category-diplomatie-parallele","category-societe-et-regions"],"yoast_head":"<!-- This site is optimized with the Yoast SEO plugin v28.0 - https:\/\/yoast.com\/product\/yoast-seo-wordpress\/ -->\n<title>M. Hammouchi re\u00e7oit l\u2019ambassadeur extraordinaire et pl\u00e9nipotentiaire du Japon \u00e0 Rabat - Dpress.ma\/fr<\/title>\n<meta name=\"robots\" content=\"index, follow, max-snippet:-1, max-image-preview:large, max-video-preview:-1\" \/>\n<link rel=\"canonical\" href=\"https:\/\/dpress.ma\/fr\/2026\/09\/02\/m-hammouchi-recoit-lambassadeur-extraordinaire-et-plenipotentiaire-du-japon-a-rabat\/\" \/>\n<meta property=\"og:locale\" content=\"fr_FR\" \/>\n<meta property=\"og:type\" content=\"article\" \/>\n<meta property=\"og:title\" content=\"M. Hammouchi re\u00e7oit l\u2019ambassadeur extraordinaire et pl\u00e9nipotentiaire du Japon \u00e0 Rabat - Dpress.ma\/fr\" \/>\n<meta property=\"og:description\" content=\"Dpress Le Directeur g\u00e9n\u00e9ral de la S\u00fbret\u00e9 nationale et de la Surveillance du territoire (DGSN-DGST), Abdellatif Hammouchi, a re\u00e7u, mercredi \u00e0 Rabat, l&rsquo;ambassadeur extraordinaire et pl\u00e9nipotentiaire du Japon au Maroc, Nakata Masahiro. Cette rencontre s\u2019inscrit dans le cadre de la volont\u00e9 du Maroc et du Japon de renforcer leur coop\u00e9ration commune en mati\u00e8re de s\u00e9curit\u00e9 &hellip;\" \/>\n<meta property=\"og:url\" content=\"https:\/\/dpress.ma\/fr\/2026\/09\/02\/m-hammouchi-recoit-lambassadeur-extraordinaire-et-plenipotentiaire-du-japon-a-rabat\/\" \/>\n<meta property=\"og:site_name\" content=\"Dpress.ma\/fr\" \/>\n<meta property=\"article:published_time\" content=\"2026-09-02T13:51:47+00:00\" \/>\n<meta property=\"article:modified_time\" content=\"2026-09-02T13:51:49+00:00\" \/>\n<meta property=\"og:image\" content=\"https:\/\/dpress.ma\/fr\/wp-content\/uploads\/sites\/2\/2026\/09\/Hammouchi.jpg\" \/>\n\t<meta property=\"og:image:width\" content=\"2539\" \/>\n\t<meta property=\"og:image:height\" content=\"1594\" \/>\n\t<meta property=\"og:image:type\" content=\"image\/jpeg\" \/>\n<meta name=\"author\" content=\"Dpress.ma\" \/>\n<meta name=\"twitter:card\" content=\"summary_large_image\" \/>\n<meta name=\"twitter:label1\" content=\"\u00c9crit par\" \/>\n\t<meta name=\"twitter:data1\" content=\"Dpress.ma\" \/>\n\t<meta name=\"twitter:label2\" content=\"Dur\u00e9e de lecture estim\u00e9e\" \/>\n\t<meta name=\"twitter:data2\" content=\"2 minutes\" \/>\n<script type=\"application\/ld+json\" class=\"yoast-schema-graph\">{\"@context\":\"https:\\\/\\\/schema.org\",\"@graph\":[{\"@type\":\"Article\",\"@id\":\"https:\\\/\\\/dpress.ma\\\/fr\\\/2026\\\/09\\\/02\\\/m-hammouchi-recoit-lambassadeur-extraordinaire-et-plenipotentiaire-du-japon-a-rabat\\\/#article\",\"isPartOf\":{\"@id\":\"https:\\\/\\\/dpress.ma\\\/fr\\\/2026\\\/09\\\/02\\\/m-hammouchi-recoit-lambassadeur-extraordinaire-et-plenipotentiaire-du-japon-a-rabat\\\/\"},\"author\":{\"name\":\"Dpress.ma\",\"@id\":\"https:\\\/\\\/dpress.ma\\\/fr\\\/#\\\/schema\\\/person\\\/4898febf3ccd59e6578d838656a306a0\"},\"headline\":\"M. Hammouchi re\u00e7oit l\u2019ambassadeur extraordinaire et pl\u00e9nipotentiaire du Japon \u00e0 Rabat\",\"datePublished\":\"2026-09-02T13:51:47+00:00\",\"dateModified\":\"2026-09-02T13:51:49+00:00\",\"mainEntityOfPage\":{\"@id\":\"https:\\\/\\\/dpress.ma\\\/fr\\\/2026\\\/09\\\/02\\\/m-hammouchi-recoit-lambassadeur-extraordinaire-et-plenipotentiaire-du-japon-a-rabat\\\/\"},\"wordCount\":279,\"commentCount\":0,\"image\":{\"@id\":\"https:\\\/\\\/dpress.ma\\\/fr\\\/2026\\\/09\\\/02\\\/m-hammouchi-recoit-lambassadeur-extraordinaire-et-plenipotentiaire-du-japon-a-rabat\\\/#primaryimage\"},\"thumbnailUrl\":\"https:\\\/\\\/dpress.ma\\\/fr\\\/wp-content\\\/uploads\\\/sites\\\/2\\\/2026\\\/09\\\/Hammouchi.jpg\",\"articleSection\":[\"Diplomatie Parall\u00e8le\",\"societe et regions\"],\"inLanguage\":\"fr-FR\",\"potentialAction\":[{\"@type\":\"CommentAction\",\"name\":\"Comment\",\"target\":[\"https:\\\/\\\/dpress.ma\\\/fr\\\/2026\\\/09\\\/02\\\/m-hammouchi-recoit-lambassadeur-extraordinaire-et-plenipotentiaire-du-japon-a-rabat\\\/#respond\"]}]},{\"@type\":\"WebPage\",\"@id\":\"https:\\\/\\\/dpress.ma\\\/fr\\\/2026\\\/09\\\/02\\\/m-hammouchi-recoit-lambassadeur-extraordinaire-et-plenipotentiaire-du-japon-a-rabat\\\/\",\"url\":\"https:\\\/\\\/dpress.ma\\\/fr\\\/2026\\\/09\\\/02\\\/m-hammouchi-recoit-lambassadeur-extraordinaire-et-plenipotentiaire-du-japon-a-rabat\\\/\",\"name\":\"M. Hammouchi re\u00e7oit l\u2019ambassadeur extraordinaire et pl\u00e9nipotentiaire du Japon \u00e0 Rabat - Dpress.ma\\\/fr\",\"isPartOf\":{\"@id\":\"https:\\\/\\\/dpress.ma\\\/fr\\\/#website\"},\"primaryImageOfPage\":{\"@id\":\"https:\\\/\\\/dpress.ma\\\/fr\\\/2026\\\/09\\\/02\\\/m-hammouchi-recoit-lambassadeur-extraordinaire-et-plenipotentiaire-du-japon-a-rabat\\\/#primaryimage\"},\"image\":{\"@id\":\"https:\\\/\\\/dpress.ma\\\/fr\\\/2026\\\/09\\\/02\\\/m-hammouchi-recoit-lambassadeur-extraordinaire-et-plenipotentiaire-du-japon-a-rabat\\\/#primaryimage\"},\"thumbnailUrl\":\"https:\\\/\\\/dpress.ma\\\/fr\\\/wp-content\\\/uploads\\\/sites\\\/2\\\/2026\\\/09\\\/Hammouchi.jpg\",\"datePublished\":\"2026-09-02T13:51:47+00:00\",\"dateModified\":\"2026-09-02T13:51:49+00:00\",\"author\":{\"@id\":\"https:\\\/\\\/dpress.ma\\\/fr\\\/#\\\/schema\\\/person\\\/4898febf3ccd59e6578d838656a306a0\"},\"breadcrumb\":{\"@id\":\"https:\\\/\\\/dpress.ma\\\/fr\\\/2026\\\/09\\\/02\\\/m-hammouchi-recoit-lambassadeur-extraordinaire-et-plenipotentiaire-du-japon-a-rabat\\\/#breadcrumb\"},\"inLanguage\":\"fr-FR\",\"potentialAction\":[{\"@type\":\"ReadAction\",\"target\":[\"https:\\\/\\\/dpress.ma\\\/fr\\\/2026\\\/09\\\/02\\\/m-hammouchi-recoit-lambassadeur-extraordinaire-et-plenipotentiaire-du-japon-a-rabat\\\/\"]}]},{\"@type\":\"ImageObject\",\"inLanguage\":\"fr-FR\",\"@id\":\"https:\\\/\\\/dpress.ma\\\/fr\\\/2026\\\/09\\\/02\\\/m-hammouchi-recoit-lambassadeur-extraordinaire-et-plenipotentiaire-du-japon-a-rabat\\\/#primaryimage\",\"url\":\"https:\\\/\\\/dpress.ma\\\/fr\\\/wp-content\\\/uploads\\\/sites\\\/2\\\/2026\\\/09\\\/Hammouchi.jpg\",\"contentUrl\":\"https:\\\/\\\/dpress.ma\\\/fr\\\/wp-content\\\/uploads\\\/sites\\\/2\\\/2026\\\/09\\\/Hammouchi.jpg\",\"width\":2539,\"height\":1594},{\"@type\":\"BreadcrumbList\",\"@id\":\"https:\\\/\\\/dpress.ma\\\/fr\\\/2026\\\/09\\\/02\\\/m-hammouchi-recoit-lambassadeur-extraordinaire-et-plenipotentiaire-du-japon-a-rabat\\\/#breadcrumb\",\"itemListElement\":[{\"@type\":\"ListItem\",\"position\":1,\"name\":\"Home\",\"item\":\"https:\\\/\\\/dpress.ma\\\/fr\\\/\"},{\"@type\":\"ListItem\",\"position\":2,\"name\":\"M. Hammouchi re\u00e7oit l\u2019ambassadeur extraordinaire et pl\u00e9nipotentiaire du Japon \u00e0 Rabat\"}]},{\"@type\":\"WebSite\",\"@id\":\"https:\\\/\\\/dpress.ma\\\/fr\\\/#website\",\"url\":\"https:\\\/\\\/dpress.ma\\\/fr\\\/\",\"name\":\"Dpress.ma\\\/fr\",\"description\":\"\",\"potentialAction\":[{\"@type\":\"SearchAction\",\"target\":{\"@type\":\"EntryPoint\",\"urlTemplate\":\"https:\\\/\\\/dpress.ma\\\/fr\\\/?s={search_term_string}\"},\"query-input\":{\"@type\":\"PropertyValueSpecification\",\"valueRequired\":true,\"valueName\":\"search_term_string\"}}],\"inLanguage\":\"fr-FR\"},{\"@type\":\"Person\",\"@id\":\"https:\\\/\\\/dpress.ma\\\/fr\\\/#\\\/schema\\\/person\\\/4898febf3ccd59e6578d838656a306a0\",\"name\":\"Dpress.ma\",\"image\":{\"@type\":\"ImageObject\",\"inLanguage\":\"fr-FR\",\"@id\":\"https:\\\/\\\/secure.gravatar.com\\\/avatar\\\/72ecc30e9db047a2e0e7176561eb9d564ed77c8108376495b19bd8336405198a?s=96&d=mm&r=g\",\"url\":\"https:\\\/\\\/secure.gravatar.com\\\/avatar\\\/72ecc30e9db047a2e0e7176561eb9d564ed77c8108376495b19bd8336405198a?s=96&d=mm&r=g\",\"contentUrl\":\"https:\\\/\\\/secure.gravatar.com\\\/avatar\\\/72ecc30e9db047a2e0e7176561eb9d564ed77c8108376495b19bd8336405198a?s=96&d=mm&r=g\",\"caption\":\"Dpress.ma\"},\"sameAs\":[\"https:\\\/\\\/www.dpress.ma\"],\"url\":\"https:\\\/\\\/dpress.ma\\\/fr\\\/author\\\/dpress-ma\\\/\"}]}<\/script>\n<!-- \/ Yoast SEO plugin. -->","yoast_head_json":{"title":"M. Hammouchi re\u00e7oit l\u2019ambassadeur extraordinaire et pl\u00e9nipotentiaire du Japon \u00e0 Rabat - Dpress.ma\/fr","robots":{"index":"index","follow":"follow","max-snippet":"max-snippet:-1","max-image-preview":"max-image-preview:large","max-video-preview":"max-video-preview:-1"},"canonical":"https:\/\/dpress.ma\/fr\/2026\/09\/02\/m-hammouchi-recoit-lambassadeur-extraordinaire-et-plenipotentiaire-du-japon-a-rabat\/","og_locale":"fr_FR","og_type":"article","og_title":"M. Hammouchi re\u00e7oit l\u2019ambassadeur extraordinaire et pl\u00e9nipotentiaire du Japon \u00e0 Rabat - Dpress.ma\/fr","og_description":"Dpress Le Directeur g\u00e9n\u00e9ral de la S\u00fbret\u00e9 nationale et de la Surveillance du territoire (DGSN-DGST), Abdellatif Hammouchi, a re\u00e7u, mercredi \u00e0 Rabat, l&rsquo;ambassadeur extraordinaire et pl\u00e9nipotentiaire du Japon au Maroc, Nakata Masahiro. Cette rencontre s\u2019inscrit dans le cadre de la volont\u00e9 du Maroc et du Japon de renforcer leur coop\u00e9ration commune en mati\u00e8re de s\u00e9curit\u00e9 &hellip;","og_url":"https:\/\/dpress.ma\/fr\/2026\/09\/02\/m-hammouchi-recoit-lambassadeur-extraordinaire-et-plenipotentiaire-du-japon-a-rabat\/","og_site_name":"Dpress.ma\/fr","article_published_time":"2026-09-02T13:51:47+00:00","article_modified_time":"2026-09-02T13:51:49+00:00","og_image":[{"width":2539,"height":1594,"url":"https:\/\/dpress.ma\/fr\/wp-content\/uploads\/sites\/2\/2026\/09\/Hammouchi.jpg","type":"image\/jpeg"}],"author":"Dpress.ma","twitter_card":"summary_large_image","twitter_misc":{"\u00c9crit par":"Dpress.ma","Dur\u00e9e de lecture estim\u00e9e":"2 minutes"},"schema":{"@context":"https:\/\/schema.org","@graph":[{"@type":"Article","@id":"https:\/\/dpress.ma\/fr\/2026\/09\/02\/m-hammouchi-recoit-lambassadeur-extraordinaire-et-plenipotentiaire-du-japon-a-rabat\/#article","isPartOf":{"@id":"https:\/\/dpress.ma\/fr\/2026\/09\/02\/m-hammouchi-recoit-lambassadeur-extraordinaire-et-plenipotentiaire-du-japon-a-rabat\/"},"author":{"name":"Dpress.ma","@id":"https:\/\/dpress.ma\/fr\/#\/schema\/person\/4898febf3ccd59e6578d838656a306a0"},"headline":"M. Hammouchi re\u00e7oit l\u2019ambassadeur extraordinaire et pl\u00e9nipotentiaire du Japon \u00e0 Rabat","datePublished":"2026-09-02T13:51:47+00:00","dateModified":"2026-09-02T13:51:49+00:00","mainEntityOfPage":{"@id":"https:\/\/dpress.ma\/fr\/2026\/09\/02\/m-hammouchi-recoit-lambassadeur-extraordinaire-et-plenipotentiaire-du-japon-a-rabat\/"},"wordCount":279,"commentCount":0,"image":{"@id":"https:\/\/dpress.ma\/fr\/2026\/09\/02\/m-hammouchi-recoit-lambassadeur-extraordinaire-et-plenipotentiaire-du-japon-a-rabat\/#primaryimage"},"thumbnailUrl":"https:\/\/dpress.ma\/fr\/wp-content\/uploads\/sites\/2\/2026\/09\/Hammouchi.jpg","articleSection":["Diplomatie Parall\u00e8le","societe et regions"],"inLanguage":"fr-FR","potentialAction":[{"@type":"CommentAction","name":"Comment","target":["https:\/\/dpress.ma\/fr\/2026\/09\/02\/m-hammouchi-recoit-lambassadeur-extraordinaire-et-plenipotentiaire-du-japon-a-rabat\/#respond"]}]},{"@type":"WebPage","@id":"https:\/\/dpress.ma\/fr\/2026\/09\/02\/m-hammouchi-recoit-lambassadeur-extraordinaire-et-plenipotentiaire-du-japon-a-rabat\/","url":"https:\/\/dpress.ma\/fr\/2026\/09\/02\/m-hammouchi-recoit-lambassadeur-extraordinaire-et-plenipotentiaire-du-japon-a-rabat\/","name":"M. Hammouchi re\u00e7oit l\u2019ambassadeur extraordinaire et pl\u00e9nipotentiaire du Japon \u00e0 Rabat - Dpress.ma\/fr","isPartOf":{"@id":"https:\/\/dpress.ma\/fr\/#website"},"primaryImageOfPage":{"@id":"https:\/\/dpress.ma\/fr\/2026\/09\/02\/m-hammouchi-recoit-lambassadeur-extraordinaire-et-plenipotentiaire-du-japon-a-rabat\/#primaryimage"},"image":{"@id":"https:\/\/dpress.ma\/fr\/2026\/09\/02\/m-hammouchi-recoit-lambassadeur-extraordinaire-et-plenipotentiaire-du-japon-a-rabat\/#primaryimage"},"thumbnailUrl":"https:\/\/dpress.ma\/fr\/wp-content\/uploads\/sites\/2\/2026\/09\/Hammouchi.jpg","datePublished":"2026-09-02T13:51:47+00:00","dateModified":"2026-09-02T13:51:49+00:00","author":{"@id":"https:\/\/dpress.ma\/fr\/#\/schema\/person\/4898febf3ccd59e6578d838656a306a0"},"breadcrumb":{"@id":"https:\/\/dpress.ma\/fr\/2026\/09\/02\/m-hammouchi-recoit-lambassadeur-extraordinaire-et-plenipotentiaire-du-japon-a-rabat\/#breadcrumb"},"inLanguage":"fr-FR","potentialAction":[{"@type":"ReadAction","target":["https:\/\/dpress.ma\/fr\/2026\/09\/02\/m-hammouchi-recoit-lambassadeur-extraordinaire-et-plenipotentiaire-du-japon-a-rabat\/"]}]},{"@type":"ImageObject","inLanguage":"fr-FR","@id":"https:\/\/dpress.ma\/fr\/2026\/09\/02\/m-hammouchi-recoit-lambassadeur-extraordinaire-et-plenipotentiaire-du-japon-a-rabat\/#primaryimage","url":"https:\/\/dpress.ma\/fr\/wp-content\/uploads\/sites\/2\/2026\/09\/Hammouchi.jpg","contentUrl":"https:\/\/dpress.ma\/fr\/wp-content\/uploads\/sites\/2\/2026\/09\/Hammouchi.jpg","width":2539,"height":1594},{"@type":"BreadcrumbList","@id":"https:\/\/dpress.ma\/fr\/2026\/09\/02\/m-hammouchi-recoit-lambassadeur-extraordinaire-et-plenipotentiaire-du-japon-a-rabat\/#breadcrumb","itemListElement":[{"@type":"ListItem","position":1,"name":"Home","item":"https:\/\/dpress.ma\/fr\/"},{"@type":"ListItem","position":2,"name":"M. Hammouchi re\u00e7oit l\u2019ambassadeur extraordinaire et pl\u00e9nipotentiaire du Japon \u00e0 Rabat"}]},{"@type":"WebSite","@id":"https:\/\/dpress.ma\/fr\/#website","url":"https:\/\/dpress.ma\/fr\/","name":"Dpress.ma\/fr","description":"","potentialAction":[{"@type":"SearchAction","target":{"@type":"EntryPoint","urlTemplate":"https:\/\/dpress.ma\/fr\/?s={search_term_string}"},"query-input":{"@type":"PropertyValueSpecification","valueRequired":true,"valueName":"search_term_string"}}],"inLanguage":"fr-FR"},{"@type":"Person","@id":"https:\/\/dpress.ma\/fr\/#\/schema\/person\/4898febf3ccd59e6578d838656a306a0","name":"Dpress.ma","image":{"@type":"ImageObject","inLanguage":"fr-FR","@id":"https:\/\/secure.gravatar.com\/avatar\/72ecc30e9db047a2e0e7176561eb9d564ed77c8108376495b19bd8336405198a?s=96&d=mm&r=g","url":"https:\/\/secure.gravatar.com\/avatar\/72ecc30e9db047a2e0e7176561eb9d564ed77c8108376495b19bd8336405198a?s=96&d=mm&r=g","contentUrl":"https:\/\/secure.gravatar.com\/avatar\/72ecc30e9db047a2e0e7176561eb9d564ed77c8108376495b19bd8336405198a?s=96&d=mm&r=g","caption":"Dpress.ma"},"sameAs":["https:\/\/www.dpress.ma"],"url":"https:\/\/dpress.ma\/fr\/author\/dpress-ma\/"}]}},"amp_enabled":true,"_links":{"self":[{"href":"https:\/\/dpress.ma\/fr\/wp-json\/wp\/v2\/posts\/38869","targetHints":{"allow":["GET"]}}],"collection":[{"href":"https:\/\/dpress.ma\/fr\/wp-json\/wp\/v2\/posts"}],"about":[{"href":"https:\/\/dpress.ma\/fr\/wp-json\/wp\/v2\/types\/post"}],"author":[{"embeddable":true,"href":"https:\/\/dpress.ma\/fr\/wp-json\/wp\/v2\/users\/2"}],"replies":[{"embeddable":true,"href":"https:\/\/dpress.ma\/fr\/wp-json\/wp\/v2\/comments?post=38869"}],"version-history":[{"count":1,"href":"https:\/\/dpress.ma\/fr\/wp-json\/wp\/v2\/posts\/38869\/revisions"}],"predecessor-version":[{"id":38871,"href":"https:\/\/dpress.ma\/fr\/wp-json\/wp\/v2\/posts\/38869\/revisions\/38871"}],"wp:featuredmedia":[{"embeddable":true,"href":"https:\/\/dpress.ma\/fr\/wp-json\/wp\/v2\/media\/38870"}],"wp:attachment":[{"href":"https:\/\/dpress.ma\/fr\/wp-json\/wp\/v2\/media?parent=38869"}],"wp:term":[{"taxonomy":"category","embeddable":true,"href":"https:\/\/dpress.ma\/fr\/wp-json\/wp\/v2\/categories?post=38869"},{"taxonomy":"post_tag","embeddable":true,"href":"https:\/\/dpress.ma\/fr\/wp-json\/wp\/v2\/tags?post=38869"}],"curies":[{"name":"wp","href":"https:\/\/api.w.org\/{rel}","templated":true}]}}