{"id":38864,"date":"2026-09-02T13:47:00","date_gmt":"2026-09-02T13:47:00","guid":{"rendered":"https:\/\/dpress.ma\/fr\/?p=38864"},"modified":"2026-09-02T13:47:03","modified_gmt":"2026-09-02T13:47:03","slug":"vague-de-chaleur-et-averses-orageuses-avec-grele-et-rafale-de-vent-sous-orages-de-mercredi-a-vendredi","status":"publish","type":"post","link":"https:\/\/dpress.ma\/fr\/2026\/09\/02\/vague-de-chaleur-et-averses-orageuses-avec-grele-et-rafale-de-vent-sous-orages-de-mercredi-a-vendredi\/","title":{"rendered":"Vague de chaleur et averses orageuses avec gr\u00eale et rafale de vent sous orages de mercredi \u00e0 vendredi"},"content":{"rendered":"\n<p class=\"wp-block-paragraph\">Dpress<\/p>\n\n\n\n<p class=\"wp-block-paragraph\">Une vague de chaleur et des averses orageuses avec gr\u00eale et rafale de vent sous orages sont attendues, de mercredi \u00e0 vendredi, dans plusieurs provinces du Royaume, a indiqu\u00e9 la Direction g\u00e9n\u00e9rale de la m\u00e9t\u00e9orologie (DGM).<\/p>\n\n\n\n<p class=\"wp-block-paragraph\">Ainsi, une vague de chaleur avec des temp\u00e9ratures oscillant entre 42 et 45 \u00b0C concerneront, de mercredi \u00e0 vendredi, les provinces de K\u00e9nitra,&nbsp;Aousserd, Oued Ed-Dahab, Boujdour, Assa-Zag, Es-Semara, Tata, Errachidia, Zagora,&nbsp;Marrakech, Rehamna, Sidi Slimane, Kh\u00e9misset, Ouezzane, Larache, Taounate, Moulay Yacoub, F\u00e8s, Sidi Kacem, Mekn\u00e8s, Fquih Ben Salah, El Kela\u00e2 des Sraghna et B\u00e9ni Mellal,&nbsp;a&nbsp;pr\u00e9cis\u00e9 la DGM&nbsp;dans un bulletin d&rsquo;alerte m\u00e9t\u00e9orologique de niveau de vigilance orange.<\/p>\n\n\n\n<p class=\"wp-block-paragraph\">Le m\u00eame ph\u00e9nom\u00e8ne, avec des temp\u00e9ratures comprises entre 38 et 42 \u00b0C, est pr\u00e9vu, durant la m\u00eame p\u00e9riode, dans les provinces de Settat, Sidi Bennour, Youssoufia, Taroudant, Khouribga, Kh\u00e9nifra, Chichaoua et Sal\u00e9, a poursuivi la m\u00eame source.<\/p>\n\n\n\n<p class=\"wp-block-paragraph\">Par ailleurs, des averses orageuses avec gr\u00eale et rafale de vent sous orages (25 \u00e0 40mm) seront attendues, de mercredi \u00e0 14H \u00e0 jeudi \u00e0 2H dans la province d&rsquo;Aousserd.<\/p>\n","protected":false},"excerpt":{"rendered":"<p>Dpress Une vague de chaleur et des averses orageuses avec gr\u00eale et rafale de vent sous orages sont attendues, de mercredi \u00e0 vendredi, dans plusieurs provinces du Royaume, a indiqu\u00e9 la Direction g\u00e9n\u00e9rale de la m\u00e9t\u00e9orologie (DGM). Ainsi, une vague de chaleur avec des temp\u00e9ratures oscillant entre 42 et 45 \u00b0C concerneront, de mercredi \u00e0 &hellip;<\/p>\n","protected":false},"author":2,"featured_media":37952,"comment_status":"open","ping_status":"open","sticky":false,"template":"","format":"standard","meta":{"footnotes":""},"categories":[40],"tags":[],"class_list":["post-38864","post","type-post","status-publish","format-standard","has-post-thumbnail","hentry","category-societe-et-regions"],"yoast_head":"<!-- This site is optimized with the Yoast SEO plugin v28.0 - https:\/\/yoast.com\/product\/yoast-seo-wordpress\/ -->\n<title>Vague de chaleur et averses orageuses avec gr\u00eale et rafale de vent sous orages de mercredi \u00e0 vendredi - Dpress.ma\/fr<\/title>\n<meta name=\"robots\" content=\"index, follow, max-snippet:-1, max-image-preview:large, max-video-preview:-1\" \/>\n<link rel=\"canonical\" href=\"https:\/\/dpress.ma\/fr\/2026\/09\/02\/vague-de-chaleur-et-averses-orageuses-avec-grele-et-rafale-de-vent-sous-orages-de-mercredi-a-vendredi\/\" \/>\n<meta property=\"og:locale\" content=\"fr_FR\" \/>\n<meta property=\"og:type\" content=\"article\" \/>\n<meta property=\"og:title\" content=\"Vague de chaleur et averses orageuses avec gr\u00eale et rafale de vent sous orages de mercredi \u00e0 vendredi - Dpress.ma\/fr\" \/>\n<meta property=\"og:description\" content=\"Dpress Une vague de chaleur et des averses orageuses avec gr\u00eale et rafale de vent sous orages sont attendues, de mercredi \u00e0 vendredi, dans plusieurs provinces du Royaume, a indiqu\u00e9 la Direction g\u00e9n\u00e9rale de la m\u00e9t\u00e9orologie (DGM). Ainsi, une vague de chaleur avec des temp\u00e9ratures oscillant entre 42 et 45 \u00b0C concerneront, de mercredi \u00e0 &hellip;\" \/>\n<meta property=\"og:url\" content=\"https:\/\/dpress.ma\/fr\/2026\/09\/02\/vague-de-chaleur-et-averses-orageuses-avec-grele-et-rafale-de-vent-sous-orages-de-mercredi-a-vendredi\/\" \/>\n<meta property=\"og:site_name\" content=\"Dpress.ma\/fr\" \/>\n<meta property=\"article:published_time\" content=\"2026-09-02T13:47:00+00:00\" \/>\n<meta property=\"article:modified_time\" content=\"2026-09-02T13:47:03+00:00\" \/>\n<meta property=\"og:image\" content=\"https:\/\/dpress.ma\/fr\/wp-content\/uploads\/sites\/2\/2026\/08\/Vague-de-chaleur-et-averses-orageuses.jpg\" \/>\n\t<meta property=\"og:image:width\" content=\"2539\" \/>\n\t<meta property=\"og:image:height\" content=\"1594\" \/>\n\t<meta property=\"og:image:type\" content=\"image\/jpeg\" \/>\n<meta name=\"author\" content=\"Dpress.ma\" \/>\n<meta name=\"twitter:card\" content=\"summary_large_image\" \/>\n<meta name=\"twitter:label1\" content=\"\u00c9crit par\" \/>\n\t<meta name=\"twitter:data1\" content=\"Dpress.ma\" \/>\n\t<meta name=\"twitter:label2\" content=\"Dur\u00e9e de lecture estim\u00e9e\" \/>\n\t<meta name=\"twitter:data2\" content=\"2 minutes\" \/>\n<script type=\"application\/ld+json\" class=\"yoast-schema-graph\">{\"@context\":\"https:\\\/\\\/schema.org\",\"@graph\":[{\"@type\":\"Article\",\"@id\":\"https:\\\/\\\/dpress.ma\\\/fr\\\/2026\\\/09\\\/02\\\/vague-de-chaleur-et-averses-orageuses-avec-grele-et-rafale-de-vent-sous-orages-de-mercredi-a-vendredi\\\/#article\",\"isPartOf\":{\"@id\":\"https:\\\/\\\/dpress.ma\\\/fr\\\/2026\\\/09\\\/02\\\/vague-de-chaleur-et-averses-orageuses-avec-grele-et-rafale-de-vent-sous-orages-de-mercredi-a-vendredi\\\/\"},\"author\":{\"name\":\"Dpress.ma\",\"@id\":\"https:\\\/\\\/dpress.ma\\\/fr\\\/#\\\/schema\\\/person\\\/4898febf3ccd59e6578d838656a306a0\"},\"headline\":\"Vague de chaleur et averses orageuses avec gr\u00eale et rafale de vent sous orages de mercredi \u00e0 vendredi\",\"datePublished\":\"2026-09-02T13:47:00+00:00\",\"dateModified\":\"2026-09-02T13:47:03+00:00\",\"mainEntityOfPage\":{\"@id\":\"https:\\\/\\\/dpress.ma\\\/fr\\\/2026\\\/09\\\/02\\\/vague-de-chaleur-et-averses-orageuses-avec-grele-et-rafale-de-vent-sous-orages-de-mercredi-a-vendredi\\\/\"},\"wordCount\":210,\"commentCount\":0,\"image\":{\"@id\":\"https:\\\/\\\/dpress.ma\\\/fr\\\/2026\\\/09\\\/02\\\/vague-de-chaleur-et-averses-orageuses-avec-grele-et-rafale-de-vent-sous-orages-de-mercredi-a-vendredi\\\/#primaryimage\"},\"thumbnailUrl\":\"https:\\\/\\\/dpress.ma\\\/fr\\\/wp-content\\\/uploads\\\/sites\\\/2\\\/2026\\\/08\\\/Vague-de-chaleur-et-averses-orageuses.jpg\",\"articleSection\":[\"societe et regions\"],\"inLanguage\":\"fr-FR\",\"potentialAction\":[{\"@type\":\"CommentAction\",\"name\":\"Comment\",\"target\":[\"https:\\\/\\\/dpress.ma\\\/fr\\\/2026\\\/09\\\/02\\\/vague-de-chaleur-et-averses-orageuses-avec-grele-et-rafale-de-vent-sous-orages-de-mercredi-a-vendredi\\\/#respond\"]}]},{\"@type\":\"WebPage\",\"@id\":\"https:\\\/\\\/dpress.ma\\\/fr\\\/2026\\\/09\\\/02\\\/vague-de-chaleur-et-averses-orageuses-avec-grele-et-rafale-de-vent-sous-orages-de-mercredi-a-vendredi\\\/\",\"url\":\"https:\\\/\\\/dpress.ma\\\/fr\\\/2026\\\/09\\\/02\\\/vague-de-chaleur-et-averses-orageuses-avec-grele-et-rafale-de-vent-sous-orages-de-mercredi-a-vendredi\\\/\",\"name\":\"Vague de chaleur et averses orageuses avec gr\u00eale et rafale de vent sous orages de mercredi \u00e0 vendredi - Dpress.ma\\\/fr\",\"isPartOf\":{\"@id\":\"https:\\\/\\\/dpress.ma\\\/fr\\\/#website\"},\"primaryImageOfPage\":{\"@id\":\"https:\\\/\\\/dpress.ma\\\/fr\\\/2026\\\/09\\\/02\\\/vague-de-chaleur-et-averses-orageuses-avec-grele-et-rafale-de-vent-sous-orages-de-mercredi-a-vendredi\\\/#primaryimage\"},\"image\":{\"@id\":\"https:\\\/\\\/dpress.ma\\\/fr\\\/2026\\\/09\\\/02\\\/vague-de-chaleur-et-averses-orageuses-avec-grele-et-rafale-de-vent-sous-orages-de-mercredi-a-vendredi\\\/#primaryimage\"},\"thumbnailUrl\":\"https:\\\/\\\/dpress.ma\\\/fr\\\/wp-content\\\/uploads\\\/sites\\\/2\\\/2026\\\/08\\\/Vague-de-chaleur-et-averses-orageuses.jpg\",\"datePublished\":\"2026-09-02T13:47:00+00:00\",\"dateModified\":\"2026-09-02T13:47:03+00:00\",\"author\":{\"@id\":\"https:\\\/\\\/dpress.ma\\\/fr\\\/#\\\/schema\\\/person\\\/4898febf3ccd59e6578d838656a306a0\"},\"breadcrumb\":{\"@id\":\"https:\\\/\\\/dpress.ma\\\/fr\\\/2026\\\/09\\\/02\\\/vague-de-chaleur-et-averses-orageuses-avec-grele-et-rafale-de-vent-sous-orages-de-mercredi-a-vendredi\\\/#breadcrumb\"},\"inLanguage\":\"fr-FR\",\"potentialAction\":[{\"@type\":\"ReadAction\",\"target\":[\"https:\\\/\\\/dpress.ma\\\/fr\\\/2026\\\/09\\\/02\\\/vague-de-chaleur-et-averses-orageuses-avec-grele-et-rafale-de-vent-sous-orages-de-mercredi-a-vendredi\\\/\"]}]},{\"@type\":\"ImageObject\",\"inLanguage\":\"fr-FR\",\"@id\":\"https:\\\/\\\/dpress.ma\\\/fr\\\/2026\\\/09\\\/02\\\/vague-de-chaleur-et-averses-orageuses-avec-grele-et-rafale-de-vent-sous-orages-de-mercredi-a-vendredi\\\/#primaryimage\",\"url\":\"https:\\\/\\\/dpress.ma\\\/fr\\\/wp-content\\\/uploads\\\/sites\\\/2\\\/2026\\\/08\\\/Vague-de-chaleur-et-averses-orageuses.jpg\",\"contentUrl\":\"https:\\\/\\\/dpress.ma\\\/fr\\\/wp-content\\\/uploads\\\/sites\\\/2\\\/2026\\\/08\\\/Vague-de-chaleur-et-averses-orageuses.jpg\",\"width\":2539,\"height\":1594},{\"@type\":\"BreadcrumbList\",\"@id\":\"https:\\\/\\\/dpress.ma\\\/fr\\\/2026\\\/09\\\/02\\\/vague-de-chaleur-et-averses-orageuses-avec-grele-et-rafale-de-vent-sous-orages-de-mercredi-a-vendredi\\\/#breadcrumb\",\"itemListElement\":[{\"@type\":\"ListItem\",\"position\":1,\"name\":\"Home\",\"item\":\"https:\\\/\\\/dpress.ma\\\/fr\\\/\"},{\"@type\":\"ListItem\",\"position\":2,\"name\":\"Vague de chaleur et averses orageuses avec gr\u00eale et rafale de vent sous orages de mercredi \u00e0 vendredi\"}]},{\"@type\":\"WebSite\",\"@id\":\"https:\\\/\\\/dpress.ma\\\/fr\\\/#website\",\"url\":\"https:\\\/\\\/dpress.ma\\\/fr\\\/\",\"name\":\"Dpress.ma\\\/fr\",\"description\":\"\",\"potentialAction\":[{\"@type\":\"SearchAction\",\"target\":{\"@type\":\"EntryPoint\",\"urlTemplate\":\"https:\\\/\\\/dpress.ma\\\/fr\\\/?s={search_term_string}\"},\"query-input\":{\"@type\":\"PropertyValueSpecification\",\"valueRequired\":true,\"valueName\":\"search_term_string\"}}],\"inLanguage\":\"fr-FR\"},{\"@type\":\"Person\",\"@id\":\"https:\\\/\\\/dpress.ma\\\/fr\\\/#\\\/schema\\\/person\\\/4898febf3ccd59e6578d838656a306a0\",\"name\":\"Dpress.ma\",\"image\":{\"@type\":\"ImageObject\",\"inLanguage\":\"fr-FR\",\"@id\":\"https:\\\/\\\/secure.gravatar.com\\\/avatar\\\/72ecc30e9db047a2e0e7176561eb9d564ed77c8108376495b19bd8336405198a?s=96&d=mm&r=g\",\"url\":\"https:\\\/\\\/secure.gravatar.com\\\/avatar\\\/72ecc30e9db047a2e0e7176561eb9d564ed77c8108376495b19bd8336405198a?s=96&d=mm&r=g\",\"contentUrl\":\"https:\\\/\\\/secure.gravatar.com\\\/avatar\\\/72ecc30e9db047a2e0e7176561eb9d564ed77c8108376495b19bd8336405198a?s=96&d=mm&r=g\",\"caption\":\"Dpress.ma\"},\"sameAs\":[\"https:\\\/\\\/www.dpress.ma\"],\"url\":\"https:\\\/\\\/dpress.ma\\\/fr\\\/author\\\/dpress-ma\\\/\"}]}<\/script>\n<!-- \/ Yoast SEO plugin. -->","yoast_head_json":{"title":"Vague de chaleur et averses orageuses avec gr\u00eale et rafale de vent sous orages de mercredi \u00e0 vendredi - Dpress.ma\/fr","robots":{"index":"index","follow":"follow","max-snippet":"max-snippet:-1","max-image-preview":"max-image-preview:large","max-video-preview":"max-video-preview:-1"},"canonical":"https:\/\/dpress.ma\/fr\/2026\/09\/02\/vague-de-chaleur-et-averses-orageuses-avec-grele-et-rafale-de-vent-sous-orages-de-mercredi-a-vendredi\/","og_locale":"fr_FR","og_type":"article","og_title":"Vague de chaleur et averses orageuses avec gr\u00eale et rafale de vent sous orages de mercredi \u00e0 vendredi - Dpress.ma\/fr","og_description":"Dpress Une vague de chaleur et des averses orageuses avec gr\u00eale et rafale de vent sous orages sont attendues, de mercredi \u00e0 vendredi, dans plusieurs provinces du Royaume, a indiqu\u00e9 la Direction g\u00e9n\u00e9rale de la m\u00e9t\u00e9orologie (DGM). Ainsi, une vague de chaleur avec des temp\u00e9ratures oscillant entre 42 et 45 \u00b0C concerneront, de mercredi \u00e0 &hellip;","og_url":"https:\/\/dpress.ma\/fr\/2026\/09\/02\/vague-de-chaleur-et-averses-orageuses-avec-grele-et-rafale-de-vent-sous-orages-de-mercredi-a-vendredi\/","og_site_name":"Dpress.ma\/fr","article_published_time":"2026-09-02T13:47:00+00:00","article_modified_time":"2026-09-02T13:47:03+00:00","og_image":[{"width":2539,"height":1594,"url":"https:\/\/dpress.ma\/fr\/wp-content\/uploads\/sites\/2\/2026\/08\/Vague-de-chaleur-et-averses-orageuses.jpg","type":"image\/jpeg"}],"author":"Dpress.ma","twitter_card":"summary_large_image","twitter_misc":{"\u00c9crit par":"Dpress.ma","Dur\u00e9e de lecture estim\u00e9e":"2 minutes"},"schema":{"@context":"https:\/\/schema.org","@graph":[{"@type":"Article","@id":"https:\/\/dpress.ma\/fr\/2026\/09\/02\/vague-de-chaleur-et-averses-orageuses-avec-grele-et-rafale-de-vent-sous-orages-de-mercredi-a-vendredi\/#article","isPartOf":{"@id":"https:\/\/dpress.ma\/fr\/2026\/09\/02\/vague-de-chaleur-et-averses-orageuses-avec-grele-et-rafale-de-vent-sous-orages-de-mercredi-a-vendredi\/"},"author":{"name":"Dpress.ma","@id":"https:\/\/dpress.ma\/fr\/#\/schema\/person\/4898febf3ccd59e6578d838656a306a0"},"headline":"Vague de chaleur et averses orageuses avec gr\u00eale et rafale de vent sous orages de mercredi \u00e0 vendredi","datePublished":"2026-09-02T13:47:00+00:00","dateModified":"2026-09-02T13:47:03+00:00","mainEntityOfPage":{"@id":"https:\/\/dpress.ma\/fr\/2026\/09\/02\/vague-de-chaleur-et-averses-orageuses-avec-grele-et-rafale-de-vent-sous-orages-de-mercredi-a-vendredi\/"},"wordCount":210,"commentCount":0,"image":{"@id":"https:\/\/dpress.ma\/fr\/2026\/09\/02\/vague-de-chaleur-et-averses-orageuses-avec-grele-et-rafale-de-vent-sous-orages-de-mercredi-a-vendredi\/#primaryimage"},"thumbnailUrl":"https:\/\/dpress.ma\/fr\/wp-content\/uploads\/sites\/2\/2026\/08\/Vague-de-chaleur-et-averses-orageuses.jpg","articleSection":["societe et regions"],"inLanguage":"fr-FR","potentialAction":[{"@type":"CommentAction","name":"Comment","target":["https:\/\/dpress.ma\/fr\/2026\/09\/02\/vague-de-chaleur-et-averses-orageuses-avec-grele-et-rafale-de-vent-sous-orages-de-mercredi-a-vendredi\/#respond"]}]},{"@type":"WebPage","@id":"https:\/\/dpress.ma\/fr\/2026\/09\/02\/vague-de-chaleur-et-averses-orageuses-avec-grele-et-rafale-de-vent-sous-orages-de-mercredi-a-vendredi\/","url":"https:\/\/dpress.ma\/fr\/2026\/09\/02\/vague-de-chaleur-et-averses-orageuses-avec-grele-et-rafale-de-vent-sous-orages-de-mercredi-a-vendredi\/","name":"Vague de chaleur et averses orageuses avec gr\u00eale et rafale de vent sous orages de mercredi \u00e0 vendredi - Dpress.ma\/fr","isPartOf":{"@id":"https:\/\/dpress.ma\/fr\/#website"},"primaryImageOfPage":{"@id":"https:\/\/dpress.ma\/fr\/2026\/09\/02\/vague-de-chaleur-et-averses-orageuses-avec-grele-et-rafale-de-vent-sous-orages-de-mercredi-a-vendredi\/#primaryimage"},"image":{"@id":"https:\/\/dpress.ma\/fr\/2026\/09\/02\/vague-de-chaleur-et-averses-orageuses-avec-grele-et-rafale-de-vent-sous-orages-de-mercredi-a-vendredi\/#primaryimage"},"thumbnailUrl":"https:\/\/dpress.ma\/fr\/wp-content\/uploads\/sites\/2\/2026\/08\/Vague-de-chaleur-et-averses-orageuses.jpg","datePublished":"2026-09-02T13:47:00+00:00","dateModified":"2026-09-02T13:47:03+00:00","author":{"@id":"https:\/\/dpress.ma\/fr\/#\/schema\/person\/4898febf3ccd59e6578d838656a306a0"},"breadcrumb":{"@id":"https:\/\/dpress.ma\/fr\/2026\/09\/02\/vague-de-chaleur-et-averses-orageuses-avec-grele-et-rafale-de-vent-sous-orages-de-mercredi-a-vendredi\/#breadcrumb"},"inLanguage":"fr-FR","potentialAction":[{"@type":"ReadAction","target":["https:\/\/dpress.ma\/fr\/2026\/09\/02\/vague-de-chaleur-et-averses-orageuses-avec-grele-et-rafale-de-vent-sous-orages-de-mercredi-a-vendredi\/"]}]},{"@type":"ImageObject","inLanguage":"fr-FR","@id":"https:\/\/dpress.ma\/fr\/2026\/09\/02\/vague-de-chaleur-et-averses-orageuses-avec-grele-et-rafale-de-vent-sous-orages-de-mercredi-a-vendredi\/#primaryimage","url":"https:\/\/dpress.ma\/fr\/wp-content\/uploads\/sites\/2\/2026\/08\/Vague-de-chaleur-et-averses-orageuses.jpg","contentUrl":"https:\/\/dpress.ma\/fr\/wp-content\/uploads\/sites\/2\/2026\/08\/Vague-de-chaleur-et-averses-orageuses.jpg","width":2539,"height":1594},{"@type":"BreadcrumbList","@id":"https:\/\/dpress.ma\/fr\/2026\/09\/02\/vague-de-chaleur-et-averses-orageuses-avec-grele-et-rafale-de-vent-sous-orages-de-mercredi-a-vendredi\/#breadcrumb","itemListElement":[{"@type":"ListItem","position":1,"name":"Home","item":"https:\/\/dpress.ma\/fr\/"},{"@type":"ListItem","position":2,"name":"Vague de chaleur et averses orageuses avec gr\u00eale et rafale de vent sous orages de mercredi \u00e0 vendredi"}]},{"@type":"WebSite","@id":"https:\/\/dpress.ma\/fr\/#website","url":"https:\/\/dpress.ma\/fr\/","name":"Dpress.ma\/fr","description":"","potentialAction":[{"@type":"SearchAction","target":{"@type":"EntryPoint","urlTemplate":"https:\/\/dpress.ma\/fr\/?s={search_term_string}"},"query-input":{"@type":"PropertyValueSpecification","valueRequired":true,"valueName":"search_term_string"}}],"inLanguage":"fr-FR"},{"@type":"Person","@id":"https:\/\/dpress.ma\/fr\/#\/schema\/person\/4898febf3ccd59e6578d838656a306a0","name":"Dpress.ma","image":{"@type":"ImageObject","inLanguage":"fr-FR","@id":"https:\/\/secure.gravatar.com\/avatar\/72ecc30e9db047a2e0e7176561eb9d564ed77c8108376495b19bd8336405198a?s=96&d=mm&r=g","url":"https:\/\/secure.gravatar.com\/avatar\/72ecc30e9db047a2e0e7176561eb9d564ed77c8108376495b19bd8336405198a?s=96&d=mm&r=g","contentUrl":"https:\/\/secure.gravatar.com\/avatar\/72ecc30e9db047a2e0e7176561eb9d564ed77c8108376495b19bd8336405198a?s=96&d=mm&r=g","caption":"Dpress.ma"},"sameAs":["https:\/\/www.dpress.ma"],"url":"https:\/\/dpress.ma\/fr\/author\/dpress-ma\/"}]}},"amp_enabled":true,"_links":{"self":[{"href":"https:\/\/dpress.ma\/fr\/wp-json\/wp\/v2\/posts\/38864","targetHints":{"allow":["GET"]}}],"collection":[{"href":"https:\/\/dpress.ma\/fr\/wp-json\/wp\/v2\/posts"}],"about":[{"href":"https:\/\/dpress.ma\/fr\/wp-json\/wp\/v2\/types\/post"}],"author":[{"embeddable":true,"href":"https:\/\/dpress.ma\/fr\/wp-json\/wp\/v2\/users\/2"}],"replies":[{"embeddable":true,"href":"https:\/\/dpress.ma\/fr\/wp-json\/wp\/v2\/comments?post=38864"}],"version-history":[{"count":1,"href":"https:\/\/dpress.ma\/fr\/wp-json\/wp\/v2\/posts\/38864\/revisions"}],"predecessor-version":[{"id":38865,"href":"https:\/\/dpress.ma\/fr\/wp-json\/wp\/v2\/posts\/38864\/revisions\/38865"}],"wp:featuredmedia":[{"embeddable":true,"href":"https:\/\/dpress.ma\/fr\/wp-json\/wp\/v2\/media\/37952"}],"wp:attachment":[{"href":"https:\/\/dpress.ma\/fr\/wp-json\/wp\/v2\/media?parent=38864"}],"wp:term":[{"taxonomy":"category","embeddable":true,"href":"https:\/\/dpress.ma\/fr\/wp-json\/wp\/v2\/categories?post=38864"},{"taxonomy":"post_tag","embeddable":true,"href":"https:\/\/dpress.ma\/fr\/wp-json\/wp\/v2\/tags?post=38864"}],"curies":[{"name":"wp","href":"https:\/\/api.w.org\/{rel}","templated":true}]}}