{"id":38862,"date":"2026-09-02T10:29:05","date_gmt":"2026-09-02T10:29:05","guid":{"rendered":"https:\/\/dpress.ma\/fr\/?p=38862"},"modified":"2026-09-02T10:29:07","modified_gmt":"2026-09-02T10:29:07","slug":"dakhla-oued-eddahab-les-legislatives-de-2026-entre-consolidation-des-acquis-et-nouvelles-aspirations","status":"publish","type":"post","link":"https:\/\/dpress.ma\/fr\/2026\/09\/02\/dakhla-oued-eddahab-les-legislatives-de-2026-entre-consolidation-des-acquis-et-nouvelles-aspirations\/","title":{"rendered":"Dakhla-Oued Eddahab : Les L\u00e9gislatives de 2026 entre consolidation des acquis et nouvelles aspirations"},"content":{"rendered":"\n<p class=\"wp-block-paragraph\">Dpress<\/p>\n\n\n\n<p class=\"wp-block-paragraph\">\u00c0 l\u2019approche des \u00e9lections l\u00e9gislatives pr\u00e9vues le 23 septembre, l\u2019\u00e9lectorat de la r\u00e9gion Dakhla-Oued Eddahab se pr\u00e9pare \u00e0 renouer avec les urnes, cinq ans apr\u00e8s une \u00e9ch\u00e9ance marqu\u00e9e par une participation \u00e9lectorale remarquable.<\/p>\n\n\n\n<p class=\"wp-block-paragraph\">Lors du scrutin du 8 septembre 2021, le taux de participation avait atteint 58,30% dans la r\u00e9gion. Cette mobilisation avait \u00e9t\u00e9 particuli\u00e8rement tangible dans la province d\u2019Aousserd, avec un taux de 79,64%.<\/p>\n\n\n\n<p class=\"wp-block-paragraph\">Ces chiffres s\u2019inscrivent dans la continuit\u00e9 des L\u00e9gislatives de 2016, qui avaient \u00e9galement \u00e9t\u00e9 marqu\u00e9es par une mobilisation massive des \u00e9lecteurs, avec des taux de participation de 76,77% \u00e0 Aousserd et de 59% \u00e0 Oued Eddahab.<\/p>\n\n\n\n<p class=\"wp-block-paragraph\">L\u2019\u00e9ch\u00e9ance de 2026 intervient dans un contexte o\u00f9 les enjeux de repr\u00e9sentativit\u00e9, de renouvellement des \u00e9lites et d\u2019implication accrue des jeunes et des femmes occupent une place de choix. Elle s\u2019inscrit dans le sillage d\u2019un paysage d\u00e9mographique en pleine \u00e9volution. Les r\u00e9sultats du Recensement g\u00e9n\u00e9ral de la population et de l\u2019habitat (RGPH) de 2024 font ressortir une progression notable de la population r\u00e9gionale au cours de la derni\u00e8re d\u00e9cennie, reflet de l\u2019attractivit\u00e9 croissante de Dakhla-Oued Eddahab et des mutations \u00e9conomiques et sociales qu\u2019elle conna\u00eet.<\/p>\n\n\n\n<p class=\"wp-block-paragraph\">Cette \u00e9volution d\u00e9mographique conf\u00e8re une importance particuli\u00e8re \u00e0 l\u2019implication des nouvelles g\u00e9n\u00e9rations dans la vie publique.<\/p>\n\n\n\n<p class=\"wp-block-paragraph\">Dans une r\u00e9gion \u00e0 forte composante jeune, la participation de la jeunesse, aussi bien aux \u00e9ch\u00e9ances \u00e9lectorales qu\u2019au sein des instances repr\u00e9sentatives et de la soci\u00e9t\u00e9 civile, constitue l\u2019un des enjeux du renouvellement de la gestion de la chose politique.<\/p>\n\n\n\n<p class=\"wp-block-paragraph\">La place des femmes s\u2019inscrit dans la m\u00eame dynamique, \u00e0 la faveur d\u2019une pr\u00e9sence qui s\u2019est progressivement renforc\u00e9e au sein des institutions \u00e9lues et des m\u00e9canismes mis en place pour favoriser leur acc\u00e8s aux fonctions repr\u00e9sentatives et leur contribution \u00e0 la gestion de la chose publique.<\/p>\n\n\n\n<p class=\"wp-block-paragraph\">Les L\u00e9gislatives de 2026 se d\u00e9rouleront \u00e9galement dans la r\u00e9gion de Dakhla-Oued Eddahab dans un contexte marqu\u00e9 par une v\u00e9ritable dynamique de d\u00e9veloppement, port\u00e9e par des projets structurants et la valorisation de ses potentialit\u00e9s \u00e9conomiques.<\/p>\n\n\n\n<p class=\"wp-block-paragraph\">Dans ce contexte, la consolidation des acquis se conjugue avec de nouvelles aspirations li\u00e9es au d\u00e9veloppement socio-\u00e9conomique, \u00e0 l\u2019am\u00e9lioration des services de proximit\u00e9, \u00e0 l\u2019\u00e9largissement des opportunit\u00e9s offertes aux jeunes et \u00e0 une participation plus large des diff\u00e9rentes composantes de la soci\u00e9t\u00e9 \u00e0 la vie publique.<\/p>\n\n\n\n<p class=\"wp-block-paragraph\">\u00c0 l\u2019approche du scrutin, la mobilisation des \u00e9lecteurs constituera ainsi l\u2019un des principaux indicateurs \u00e0 suivre, tout comme la place des jeunes et des femmes dans cette nouvelle s\u00e9quence \u00e9lectorale.<\/p>\n\n\n\n<p class=\"wp-block-paragraph\">Entre acquis \u00e0 consolider, mutations d\u00e9mographiques et nouvelles aspirations, Dakhla-Oued Eddahab aborde les L\u00e9gislatives de 2026 dans un contexte renouvel\u00e9, o\u00f9 participation, repr\u00e9sentativit\u00e9 et accompagnement de la dynamique de d\u00e9veloppement soutenu constituent autant d\u2019enjeux pour la prochaine \u00e9tape.<\/p>\n","protected":false},"excerpt":{"rendered":"<p>Dpress \u00c0 l\u2019approche des \u00e9lections l\u00e9gislatives pr\u00e9vues le 23 septembre, l\u2019\u00e9lectorat de la r\u00e9gion Dakhla-Oued Eddahab se pr\u00e9pare \u00e0 renouer avec les urnes, cinq ans apr\u00e8s une \u00e9ch\u00e9ance marqu\u00e9e par une participation \u00e9lectorale remarquable. Lors du scrutin du 8 septembre 2021, le taux de participation avait atteint 58,30% dans la r\u00e9gion. Cette mobilisation avait \u00e9t\u00e9 &hellip;<\/p>\n","protected":false},"author":2,"featured_media":4881,"comment_status":"open","ping_status":"open","sticky":false,"template":"","format":"standard","meta":{"footnotes":""},"categories":[40],"tags":[],"class_list":["post-38862","post","type-post","status-publish","format-standard","has-post-thumbnail","hentry","category-societe-et-regions"],"yoast_head":"<!-- This site is optimized with the Yoast SEO plugin v28.0 - https:\/\/yoast.com\/product\/yoast-seo-wordpress\/ -->\n<title>Dakhla-Oued Eddahab : Les L\u00e9gislatives de 2026 entre consolidation des acquis et nouvelles aspirations - Dpress.ma\/fr<\/title>\n<meta name=\"robots\" content=\"index, follow, max-snippet:-1, max-image-preview:large, max-video-preview:-1\" \/>\n<link rel=\"canonical\" href=\"https:\/\/dpress.ma\/fr\/2026\/09\/02\/dakhla-oued-eddahab-les-legislatives-de-2026-entre-consolidation-des-acquis-et-nouvelles-aspirations\/\" \/>\n<meta property=\"og:locale\" content=\"fr_FR\" \/>\n<meta property=\"og:type\" content=\"article\" \/>\n<meta property=\"og:title\" content=\"Dakhla-Oued Eddahab : Les L\u00e9gislatives de 2026 entre consolidation des acquis et nouvelles aspirations - Dpress.ma\/fr\" \/>\n<meta property=\"og:description\" content=\"Dpress \u00c0 l\u2019approche des \u00e9lections l\u00e9gislatives pr\u00e9vues le 23 septembre, l\u2019\u00e9lectorat de la r\u00e9gion Dakhla-Oued Eddahab se pr\u00e9pare \u00e0 renouer avec les urnes, cinq ans apr\u00e8s une \u00e9ch\u00e9ance marqu\u00e9e par une participation \u00e9lectorale remarquable. Lors du scrutin du 8 septembre 2021, le taux de participation avait atteint 58,30% dans la r\u00e9gion. Cette mobilisation avait \u00e9t\u00e9 &hellip;\" \/>\n<meta property=\"og:url\" content=\"https:\/\/dpress.ma\/fr\/2026\/09\/02\/dakhla-oued-eddahab-les-legislatives-de-2026-entre-consolidation-des-acquis-et-nouvelles-aspirations\/\" \/>\n<meta property=\"og:site_name\" content=\"Dpress.ma\/fr\" \/>\n<meta property=\"article:published_time\" content=\"2026-09-02T10:29:05+00:00\" \/>\n<meta property=\"article:modified_time\" content=\"2026-09-02T10:29:07+00:00\" \/>\n<meta property=\"og:image\" content=\"https:\/\/dpress.ma\/fr\/wp-content\/uploads\/sites\/2\/2023\/06\/dakhla-2.jpg\" \/>\n\t<meta property=\"og:image:width\" content=\"2539\" \/>\n\t<meta property=\"og:image:height\" content=\"1594\" \/>\n\t<meta property=\"og:image:type\" content=\"image\/jpeg\" \/>\n<meta name=\"author\" content=\"Dpress.ma\" \/>\n<meta name=\"twitter:card\" content=\"summary_large_image\" \/>\n<meta name=\"twitter:label1\" content=\"\u00c9crit par\" \/>\n\t<meta name=\"twitter:data1\" content=\"Dpress.ma\" \/>\n\t<meta name=\"twitter:label2\" content=\"Dur\u00e9e de lecture estim\u00e9e\" \/>\n\t<meta name=\"twitter:data2\" content=\"3 minutes\" \/>\n<script type=\"application\/ld+json\" class=\"yoast-schema-graph\">{\"@context\":\"https:\\\/\\\/schema.org\",\"@graph\":[{\"@type\":\"Article\",\"@id\":\"https:\\\/\\\/dpress.ma\\\/fr\\\/2026\\\/09\\\/02\\\/dakhla-oued-eddahab-les-legislatives-de-2026-entre-consolidation-des-acquis-et-nouvelles-aspirations\\\/#article\",\"isPartOf\":{\"@id\":\"https:\\\/\\\/dpress.ma\\\/fr\\\/2026\\\/09\\\/02\\\/dakhla-oued-eddahab-les-legislatives-de-2026-entre-consolidation-des-acquis-et-nouvelles-aspirations\\\/\"},\"author\":{\"name\":\"Dpress.ma\",\"@id\":\"https:\\\/\\\/dpress.ma\\\/fr\\\/#\\\/schema\\\/person\\\/4898febf3ccd59e6578d838656a306a0\"},\"headline\":\"Dakhla-Oued Eddahab : Les L\u00e9gislatives de 2026 entre consolidation des acquis et nouvelles aspirations\",\"datePublished\":\"2026-09-02T10:29:05+00:00\",\"dateModified\":\"2026-09-02T10:29:07+00:00\",\"mainEntityOfPage\":{\"@id\":\"https:\\\/\\\/dpress.ma\\\/fr\\\/2026\\\/09\\\/02\\\/dakhla-oued-eddahab-les-legislatives-de-2026-entre-consolidation-des-acquis-et-nouvelles-aspirations\\\/\"},\"wordCount\":500,\"commentCount\":0,\"image\":{\"@id\":\"https:\\\/\\\/dpress.ma\\\/fr\\\/2026\\\/09\\\/02\\\/dakhla-oued-eddahab-les-legislatives-de-2026-entre-consolidation-des-acquis-et-nouvelles-aspirations\\\/#primaryimage\"},\"thumbnailUrl\":\"https:\\\/\\\/dpress.ma\\\/fr\\\/wp-content\\\/uploads\\\/sites\\\/2\\\/2023\\\/06\\\/dakhla-2.jpg\",\"articleSection\":[\"societe et regions\"],\"inLanguage\":\"fr-FR\",\"potentialAction\":[{\"@type\":\"CommentAction\",\"name\":\"Comment\",\"target\":[\"https:\\\/\\\/dpress.ma\\\/fr\\\/2026\\\/09\\\/02\\\/dakhla-oued-eddahab-les-legislatives-de-2026-entre-consolidation-des-acquis-et-nouvelles-aspirations\\\/#respond\"]}]},{\"@type\":\"WebPage\",\"@id\":\"https:\\\/\\\/dpress.ma\\\/fr\\\/2026\\\/09\\\/02\\\/dakhla-oued-eddahab-les-legislatives-de-2026-entre-consolidation-des-acquis-et-nouvelles-aspirations\\\/\",\"url\":\"https:\\\/\\\/dpress.ma\\\/fr\\\/2026\\\/09\\\/02\\\/dakhla-oued-eddahab-les-legislatives-de-2026-entre-consolidation-des-acquis-et-nouvelles-aspirations\\\/\",\"name\":\"Dakhla-Oued Eddahab : Les L\u00e9gislatives de 2026 entre consolidation des acquis et nouvelles aspirations - Dpress.ma\\\/fr\",\"isPartOf\":{\"@id\":\"https:\\\/\\\/dpress.ma\\\/fr\\\/#website\"},\"primaryImageOfPage\":{\"@id\":\"https:\\\/\\\/dpress.ma\\\/fr\\\/2026\\\/09\\\/02\\\/dakhla-oued-eddahab-les-legislatives-de-2026-entre-consolidation-des-acquis-et-nouvelles-aspirations\\\/#primaryimage\"},\"image\":{\"@id\":\"https:\\\/\\\/dpress.ma\\\/fr\\\/2026\\\/09\\\/02\\\/dakhla-oued-eddahab-les-legislatives-de-2026-entre-consolidation-des-acquis-et-nouvelles-aspirations\\\/#primaryimage\"},\"thumbnailUrl\":\"https:\\\/\\\/dpress.ma\\\/fr\\\/wp-content\\\/uploads\\\/sites\\\/2\\\/2023\\\/06\\\/dakhla-2.jpg\",\"datePublished\":\"2026-09-02T10:29:05+00:00\",\"dateModified\":\"2026-09-02T10:29:07+00:00\",\"author\":{\"@id\":\"https:\\\/\\\/dpress.ma\\\/fr\\\/#\\\/schema\\\/person\\\/4898febf3ccd59e6578d838656a306a0\"},\"breadcrumb\":{\"@id\":\"https:\\\/\\\/dpress.ma\\\/fr\\\/2026\\\/09\\\/02\\\/dakhla-oued-eddahab-les-legislatives-de-2026-entre-consolidation-des-acquis-et-nouvelles-aspirations\\\/#breadcrumb\"},\"inLanguage\":\"fr-FR\",\"potentialAction\":[{\"@type\":\"ReadAction\",\"target\":[\"https:\\\/\\\/dpress.ma\\\/fr\\\/2026\\\/09\\\/02\\\/dakhla-oued-eddahab-les-legislatives-de-2026-entre-consolidation-des-acquis-et-nouvelles-aspirations\\\/\"]}]},{\"@type\":\"ImageObject\",\"inLanguage\":\"fr-FR\",\"@id\":\"https:\\\/\\\/dpress.ma\\\/fr\\\/2026\\\/09\\\/02\\\/dakhla-oued-eddahab-les-legislatives-de-2026-entre-consolidation-des-acquis-et-nouvelles-aspirations\\\/#primaryimage\",\"url\":\"https:\\\/\\\/dpress.ma\\\/fr\\\/wp-content\\\/uploads\\\/sites\\\/2\\\/2023\\\/06\\\/dakhla-2.jpg\",\"contentUrl\":\"https:\\\/\\\/dpress.ma\\\/fr\\\/wp-content\\\/uploads\\\/sites\\\/2\\\/2023\\\/06\\\/dakhla-2.jpg\",\"width\":2539,\"height\":1594},{\"@type\":\"BreadcrumbList\",\"@id\":\"https:\\\/\\\/dpress.ma\\\/fr\\\/2026\\\/09\\\/02\\\/dakhla-oued-eddahab-les-legislatives-de-2026-entre-consolidation-des-acquis-et-nouvelles-aspirations\\\/#breadcrumb\",\"itemListElement\":[{\"@type\":\"ListItem\",\"position\":1,\"name\":\"Home\",\"item\":\"https:\\\/\\\/dpress.ma\\\/fr\\\/\"},{\"@type\":\"ListItem\",\"position\":2,\"name\":\"Dakhla-Oued Eddahab : Les L\u00e9gislatives de 2026 entre consolidation des acquis et nouvelles aspirations\"}]},{\"@type\":\"WebSite\",\"@id\":\"https:\\\/\\\/dpress.ma\\\/fr\\\/#website\",\"url\":\"https:\\\/\\\/dpress.ma\\\/fr\\\/\",\"name\":\"Dpress.ma\\\/fr\",\"description\":\"\",\"potentialAction\":[{\"@type\":\"SearchAction\",\"target\":{\"@type\":\"EntryPoint\",\"urlTemplate\":\"https:\\\/\\\/dpress.ma\\\/fr\\\/?s={search_term_string}\"},\"query-input\":{\"@type\":\"PropertyValueSpecification\",\"valueRequired\":true,\"valueName\":\"search_term_string\"}}],\"inLanguage\":\"fr-FR\"},{\"@type\":\"Person\",\"@id\":\"https:\\\/\\\/dpress.ma\\\/fr\\\/#\\\/schema\\\/person\\\/4898febf3ccd59e6578d838656a306a0\",\"name\":\"Dpress.ma\",\"image\":{\"@type\":\"ImageObject\",\"inLanguage\":\"fr-FR\",\"@id\":\"https:\\\/\\\/secure.gravatar.com\\\/avatar\\\/72ecc30e9db047a2e0e7176561eb9d564ed77c8108376495b19bd8336405198a?s=96&d=mm&r=g\",\"url\":\"https:\\\/\\\/secure.gravatar.com\\\/avatar\\\/72ecc30e9db047a2e0e7176561eb9d564ed77c8108376495b19bd8336405198a?s=96&d=mm&r=g\",\"contentUrl\":\"https:\\\/\\\/secure.gravatar.com\\\/avatar\\\/72ecc30e9db047a2e0e7176561eb9d564ed77c8108376495b19bd8336405198a?s=96&d=mm&r=g\",\"caption\":\"Dpress.ma\"},\"sameAs\":[\"https:\\\/\\\/www.dpress.ma\"],\"url\":\"https:\\\/\\\/dpress.ma\\\/fr\\\/author\\\/dpress-ma\\\/\"}]}<\/script>\n<!-- \/ Yoast SEO plugin. -->","yoast_head_json":{"title":"Dakhla-Oued Eddahab : Les L\u00e9gislatives de 2026 entre consolidation des acquis et nouvelles aspirations - Dpress.ma\/fr","robots":{"index":"index","follow":"follow","max-snippet":"max-snippet:-1","max-image-preview":"max-image-preview:large","max-video-preview":"max-video-preview:-1"},"canonical":"https:\/\/dpress.ma\/fr\/2026\/09\/02\/dakhla-oued-eddahab-les-legislatives-de-2026-entre-consolidation-des-acquis-et-nouvelles-aspirations\/","og_locale":"fr_FR","og_type":"article","og_title":"Dakhla-Oued Eddahab : Les L\u00e9gislatives de 2026 entre consolidation des acquis et nouvelles aspirations - Dpress.ma\/fr","og_description":"Dpress \u00c0 l\u2019approche des \u00e9lections l\u00e9gislatives pr\u00e9vues le 23 septembre, l\u2019\u00e9lectorat de la r\u00e9gion Dakhla-Oued Eddahab se pr\u00e9pare \u00e0 renouer avec les urnes, cinq ans apr\u00e8s une \u00e9ch\u00e9ance marqu\u00e9e par une participation \u00e9lectorale remarquable. Lors du scrutin du 8 septembre 2021, le taux de participation avait atteint 58,30% dans la r\u00e9gion. Cette mobilisation avait \u00e9t\u00e9 &hellip;","og_url":"https:\/\/dpress.ma\/fr\/2026\/09\/02\/dakhla-oued-eddahab-les-legislatives-de-2026-entre-consolidation-des-acquis-et-nouvelles-aspirations\/","og_site_name":"Dpress.ma\/fr","article_published_time":"2026-09-02T10:29:05+00:00","article_modified_time":"2026-09-02T10:29:07+00:00","og_image":[{"width":2539,"height":1594,"url":"https:\/\/dpress.ma\/fr\/wp-content\/uploads\/sites\/2\/2023\/06\/dakhla-2.jpg","type":"image\/jpeg"}],"author":"Dpress.ma","twitter_card":"summary_large_image","twitter_misc":{"\u00c9crit par":"Dpress.ma","Dur\u00e9e de lecture estim\u00e9e":"3 minutes"},"schema":{"@context":"https:\/\/schema.org","@graph":[{"@type":"Article","@id":"https:\/\/dpress.ma\/fr\/2026\/09\/02\/dakhla-oued-eddahab-les-legislatives-de-2026-entre-consolidation-des-acquis-et-nouvelles-aspirations\/#article","isPartOf":{"@id":"https:\/\/dpress.ma\/fr\/2026\/09\/02\/dakhla-oued-eddahab-les-legislatives-de-2026-entre-consolidation-des-acquis-et-nouvelles-aspirations\/"},"author":{"name":"Dpress.ma","@id":"https:\/\/dpress.ma\/fr\/#\/schema\/person\/4898febf3ccd59e6578d838656a306a0"},"headline":"Dakhla-Oued Eddahab : Les L\u00e9gislatives de 2026 entre consolidation des acquis et nouvelles aspirations","datePublished":"2026-09-02T10:29:05+00:00","dateModified":"2026-09-02T10:29:07+00:00","mainEntityOfPage":{"@id":"https:\/\/dpress.ma\/fr\/2026\/09\/02\/dakhla-oued-eddahab-les-legislatives-de-2026-entre-consolidation-des-acquis-et-nouvelles-aspirations\/"},"wordCount":500,"commentCount":0,"image":{"@id":"https:\/\/dpress.ma\/fr\/2026\/09\/02\/dakhla-oued-eddahab-les-legislatives-de-2026-entre-consolidation-des-acquis-et-nouvelles-aspirations\/#primaryimage"},"thumbnailUrl":"https:\/\/dpress.ma\/fr\/wp-content\/uploads\/sites\/2\/2023\/06\/dakhla-2.jpg","articleSection":["societe et regions"],"inLanguage":"fr-FR","potentialAction":[{"@type":"CommentAction","name":"Comment","target":["https:\/\/dpress.ma\/fr\/2026\/09\/02\/dakhla-oued-eddahab-les-legislatives-de-2026-entre-consolidation-des-acquis-et-nouvelles-aspirations\/#respond"]}]},{"@type":"WebPage","@id":"https:\/\/dpress.ma\/fr\/2026\/09\/02\/dakhla-oued-eddahab-les-legislatives-de-2026-entre-consolidation-des-acquis-et-nouvelles-aspirations\/","url":"https:\/\/dpress.ma\/fr\/2026\/09\/02\/dakhla-oued-eddahab-les-legislatives-de-2026-entre-consolidation-des-acquis-et-nouvelles-aspirations\/","name":"Dakhla-Oued Eddahab : Les L\u00e9gislatives de 2026 entre consolidation des acquis et nouvelles aspirations - Dpress.ma\/fr","isPartOf":{"@id":"https:\/\/dpress.ma\/fr\/#website"},"primaryImageOfPage":{"@id":"https:\/\/dpress.ma\/fr\/2026\/09\/02\/dakhla-oued-eddahab-les-legislatives-de-2026-entre-consolidation-des-acquis-et-nouvelles-aspirations\/#primaryimage"},"image":{"@id":"https:\/\/dpress.ma\/fr\/2026\/09\/02\/dakhla-oued-eddahab-les-legislatives-de-2026-entre-consolidation-des-acquis-et-nouvelles-aspirations\/#primaryimage"},"thumbnailUrl":"https:\/\/dpress.ma\/fr\/wp-content\/uploads\/sites\/2\/2023\/06\/dakhla-2.jpg","datePublished":"2026-09-02T10:29:05+00:00","dateModified":"2026-09-02T10:29:07+00:00","author":{"@id":"https:\/\/dpress.ma\/fr\/#\/schema\/person\/4898febf3ccd59e6578d838656a306a0"},"breadcrumb":{"@id":"https:\/\/dpress.ma\/fr\/2026\/09\/02\/dakhla-oued-eddahab-les-legislatives-de-2026-entre-consolidation-des-acquis-et-nouvelles-aspirations\/#breadcrumb"},"inLanguage":"fr-FR","potentialAction":[{"@type":"ReadAction","target":["https:\/\/dpress.ma\/fr\/2026\/09\/02\/dakhla-oued-eddahab-les-legislatives-de-2026-entre-consolidation-des-acquis-et-nouvelles-aspirations\/"]}]},{"@type":"ImageObject","inLanguage":"fr-FR","@id":"https:\/\/dpress.ma\/fr\/2026\/09\/02\/dakhla-oued-eddahab-les-legislatives-de-2026-entre-consolidation-des-acquis-et-nouvelles-aspirations\/#primaryimage","url":"https:\/\/dpress.ma\/fr\/wp-content\/uploads\/sites\/2\/2023\/06\/dakhla-2.jpg","contentUrl":"https:\/\/dpress.ma\/fr\/wp-content\/uploads\/sites\/2\/2023\/06\/dakhla-2.jpg","width":2539,"height":1594},{"@type":"BreadcrumbList","@id":"https:\/\/dpress.ma\/fr\/2026\/09\/02\/dakhla-oued-eddahab-les-legislatives-de-2026-entre-consolidation-des-acquis-et-nouvelles-aspirations\/#breadcrumb","itemListElement":[{"@type":"ListItem","position":1,"name":"Home","item":"https:\/\/dpress.ma\/fr\/"},{"@type":"ListItem","position":2,"name":"Dakhla-Oued Eddahab : Les L\u00e9gislatives de 2026 entre consolidation des acquis et nouvelles aspirations"}]},{"@type":"WebSite","@id":"https:\/\/dpress.ma\/fr\/#website","url":"https:\/\/dpress.ma\/fr\/","name":"Dpress.ma\/fr","description":"","potentialAction":[{"@type":"SearchAction","target":{"@type":"EntryPoint","urlTemplate":"https:\/\/dpress.ma\/fr\/?s={search_term_string}"},"query-input":{"@type":"PropertyValueSpecification","valueRequired":true,"valueName":"search_term_string"}}],"inLanguage":"fr-FR"},{"@type":"Person","@id":"https:\/\/dpress.ma\/fr\/#\/schema\/person\/4898febf3ccd59e6578d838656a306a0","name":"Dpress.ma","image":{"@type":"ImageObject","inLanguage":"fr-FR","@id":"https:\/\/secure.gravatar.com\/avatar\/72ecc30e9db047a2e0e7176561eb9d564ed77c8108376495b19bd8336405198a?s=96&d=mm&r=g","url":"https:\/\/secure.gravatar.com\/avatar\/72ecc30e9db047a2e0e7176561eb9d564ed77c8108376495b19bd8336405198a?s=96&d=mm&r=g","contentUrl":"https:\/\/secure.gravatar.com\/avatar\/72ecc30e9db047a2e0e7176561eb9d564ed77c8108376495b19bd8336405198a?s=96&d=mm&r=g","caption":"Dpress.ma"},"sameAs":["https:\/\/www.dpress.ma"],"url":"https:\/\/dpress.ma\/fr\/author\/dpress-ma\/"}]}},"amp_enabled":true,"_links":{"self":[{"href":"https:\/\/dpress.ma\/fr\/wp-json\/wp\/v2\/posts\/38862","targetHints":{"allow":["GET"]}}],"collection":[{"href":"https:\/\/dpress.ma\/fr\/wp-json\/wp\/v2\/posts"}],"about":[{"href":"https:\/\/dpress.ma\/fr\/wp-json\/wp\/v2\/types\/post"}],"author":[{"embeddable":true,"href":"https:\/\/dpress.ma\/fr\/wp-json\/wp\/v2\/users\/2"}],"replies":[{"embeddable":true,"href":"https:\/\/dpress.ma\/fr\/wp-json\/wp\/v2\/comments?post=38862"}],"version-history":[{"count":1,"href":"https:\/\/dpress.ma\/fr\/wp-json\/wp\/v2\/posts\/38862\/revisions"}],"predecessor-version":[{"id":38863,"href":"https:\/\/dpress.ma\/fr\/wp-json\/wp\/v2\/posts\/38862\/revisions\/38863"}],"wp:featuredmedia":[{"embeddable":true,"href":"https:\/\/dpress.ma\/fr\/wp-json\/wp\/v2\/media\/4881"}],"wp:attachment":[{"href":"https:\/\/dpress.ma\/fr\/wp-json\/wp\/v2\/media?parent=38862"}],"wp:term":[{"taxonomy":"category","embeddable":true,"href":"https:\/\/dpress.ma\/fr\/wp-json\/wp\/v2\/categories?post=38862"},{"taxonomy":"post_tag","embeddable":true,"href":"https:\/\/dpress.ma\/fr\/wp-json\/wp\/v2\/tags?post=38862"}],"curies":[{"name":"wp","href":"https:\/\/api.w.org\/{rel}","templated":true}]}}