{"id":38858,"date":"2026-09-02T10:01:04","date_gmt":"2026-09-02T10:01:04","guid":{"rendered":"https:\/\/dpress.ma\/fr\/?p=38858"},"modified":"2026-09-02T10:01:08","modified_gmt":"2026-09-02T10:01:08","slug":"saison-estivale-2026-les-aeroports-du-maroc-enregistrent-des-niveaux-de-frequentation-historiques","status":"publish","type":"post","link":"https:\/\/dpress.ma\/fr\/2026\/09\/02\/saison-estivale-2026-les-aeroports-du-maroc-enregistrent-des-niveaux-de-frequentation-historiques\/","title":{"rendered":"Saison estivale 2026 : les a\u00e9roports du Maroc enregistrent des niveaux de fr\u00e9quentation historiques"},"content":{"rendered":"\n<p class=\"wp-block-paragraph\">Dpress<\/p>\n\n\n\n<p class=\"wp-block-paragraph\">&nbsp;La saison estivale 2026 confirme le changement d&rsquo;\u00e9chelle du trafic a\u00e9rien pour Airports of Morocco (anciennement Office national des A\u00e9roports \u2013 ONDA), avec des niveaux de fr\u00e9quentation historiques enregistr\u00e9s sur&nbsp;plusieurs a\u00e9roports du Royaume.<\/p>\n\n\n\n<p class=\"wp-block-paragraph\">Ces pics estivaux s&rsquo;inscrivent dans une trajectoire de croissance d\u00e9sormais structurelle, indique Airports of Morocco dans un communiqu\u00e9, faisant savoir qu&rsquo;\u00e0 Casablanca Mohammed V, l&rsquo;un des temps forts de cette saison a \u00e9t\u00e9 enregistr\u00e9 lors du premier week-end d&rsquo;ao\u00fbt&nbsp;avec un pic historique de 46.439 passagers accueillis en 24 heures.<\/p>\n\n\n\n<p class=\"wp-block-paragraph\">Cette intensification de l&rsquo;activit\u00e9 se v\u00e9rifie \u00e0 l&rsquo;\u00e9chelle du r\u00e9seau. Marrakech-Menara a franchi le seuil des 30.000 passagers sur une m\u00eame journ\u00e9e, tandis que Rabat-Sal\u00e9 a enregistr\u00e9 9.226 passagers accueillis en une journ\u00e9e, Agadir-Al Massira a \u00e9galement accueilli 11.973 passagers lors d&rsquo;une journ\u00e9e de pointe et Tanger-Ibn Battouta, 13.309&nbsp;passagers.<\/p>\n\n\n\n<p class=\"wp-block-paragraph\">Les progressions les plus marqu\u00e9es sont observ\u00e9es \u00e0 Dakhla et T\u00e9touan, avec des hausses respectives de 45,2% et 36,14% lors de&nbsp;leurs journ\u00e9es de pointe.<\/p>\n\n\n\n<p class=\"wp-block-paragraph\">Ces pics estivaux s&rsquo;inscrivent dans une trajectoire de croissance d\u00e9sormais structurelle.&nbsp;Apr\u00e8s avoir franchi en 2025 le seuil record de 36,3 millions de passagers, le trafic a\u00e9rien national poursuit son acc\u00e9l\u00e9ration, confirmant le r\u00f4le croissant des a\u00e9roports dans la&nbsp;dynamique d&rsquo;ouverture et d&rsquo;attractivit\u00e9 du Royaume.<\/p>\n\n\n\n<p class=\"wp-block-paragraph\">Cette capacit\u00e9 \u00e0 absorber des volumes croissants tout en maintenant la qualit\u00e9 op\u00e9rationnelle constitue l\u2019un des axes majeurs de la transformation engag\u00e9e dans le cadre de la strat\u00e9gie \u00ab\u00a0A\u00e9roports 2030\u00a0\u00bb.<\/p>\n\n\n\n<p class=\"wp-block-paragraph\">Extension des capacit\u00e9s, modernisation des infrastructures, digitalisation des services et optimisation des parcours accompagnent ainsi l&rsquo;\u00e9volution des usages et pr\u00e9parent le r\u00e9seau aux prochaines \u00e9tapes de sa croissance.<\/p>\n\n\n\n<p class=\"wp-block-paragraph\">Cette performance repose \u00e9galement sur une mobilisation collective de l&rsquo;ensemble de la cha\u00eene a\u00e9roportuaire. Aux c\u00f4t\u00e9s d&rsquo;Airports of Morocco, la Fondation Mohammed V pour la Solidarit\u00e9, la Direction G\u00e9n\u00e9rale de la S\u00fbret\u00e9 Nationale (DGSN), l&rsquo;Administration des Douanes et&nbsp;Imp\u00f4ts Indirects (ADII), la Gendarmerie Royale ainsi que la compagnie Royal Air Maroc (RAM) conjuguent leurs expertises et leurs moyens pour&nbsp;accompagner ces pics de fr\u00e9quentation.<\/p>\n\n\n\n<p class=\"wp-block-paragraph\">\u00ab\u00a0Airports of Morocco s&rsquo;engage ainsi dans une transformation \u00e0 la hauteur de cette nouvelle \u00e9chelle du trafic, avec l&rsquo;ambition de renforcer durablement les capacit\u00e9s du r\u00e9seau, d&rsquo;acc\u00e9l\u00e9rer la&nbsp;connectivit\u00e9 a\u00e9rienne et de faire de la performance a\u00e9roportuaire un facteur d\u00e9terminant de l&rsquo;attractivit\u00e9 internationale du Maroc\u00a0\u00bb, conclut le communiqu\u00e9.<\/p>\n","protected":false},"excerpt":{"rendered":"<p>Dpress &nbsp;La saison estivale 2026 confirme le changement d&rsquo;\u00e9chelle du trafic a\u00e9rien pour Airports of Morocco (anciennement Office national des A\u00e9roports \u2013 ONDA), avec des niveaux de fr\u00e9quentation historiques enregistr\u00e9s sur&nbsp;plusieurs a\u00e9roports du Royaume. Ces pics estivaux s&rsquo;inscrivent dans une trajectoire de croissance d\u00e9sormais structurelle, indique Airports of Morocco dans un communiqu\u00e9, faisant savoir qu&rsquo;\u00e0 &hellip;<\/p>\n","protected":false},"author":2,"featured_media":38682,"comment_status":"open","ping_status":"open","sticky":false,"template":"","format":"standard","meta":{"footnotes":""},"categories":[25],"tags":[],"class_list":["post-38858","post","type-post","status-publish","format-standard","has-post-thumbnail","hentry","category-economie"],"yoast_head":"<!-- This site is optimized with the Yoast SEO plugin v28.0 - https:\/\/yoast.com\/product\/yoast-seo-wordpress\/ -->\n<title>Saison estivale 2026 : les a\u00e9roports du Maroc enregistrent des niveaux de fr\u00e9quentation historiques - Dpress.ma\/fr<\/title>\n<meta name=\"robots\" content=\"index, follow, max-snippet:-1, max-image-preview:large, max-video-preview:-1\" \/>\n<link rel=\"canonical\" href=\"https:\/\/dpress.ma\/fr\/2026\/09\/02\/saison-estivale-2026-les-aeroports-du-maroc-enregistrent-des-niveaux-de-frequentation-historiques\/\" \/>\n<meta property=\"og:locale\" content=\"fr_FR\" \/>\n<meta property=\"og:type\" content=\"article\" \/>\n<meta property=\"og:title\" content=\"Saison estivale 2026 : les a\u00e9roports du Maroc enregistrent des niveaux de fr\u00e9quentation historiques - Dpress.ma\/fr\" \/>\n<meta property=\"og:description\" content=\"Dpress &nbsp;La saison estivale 2026 confirme le changement d&rsquo;\u00e9chelle du trafic a\u00e9rien pour Airports of Morocco (anciennement Office national des A\u00e9roports \u2013 ONDA), avec des niveaux de fr\u00e9quentation historiques enregistr\u00e9s sur&nbsp;plusieurs a\u00e9roports du Royaume. Ces pics estivaux s&rsquo;inscrivent dans une trajectoire de croissance d\u00e9sormais structurelle, indique Airports of Morocco dans un communiqu\u00e9, faisant savoir qu&rsquo;\u00e0 &hellip;\" \/>\n<meta property=\"og:url\" content=\"https:\/\/dpress.ma\/fr\/2026\/09\/02\/saison-estivale-2026-les-aeroports-du-maroc-enregistrent-des-niveaux-de-frequentation-historiques\/\" \/>\n<meta property=\"og:site_name\" content=\"Dpress.ma\/fr\" \/>\n<meta property=\"article:published_time\" content=\"2026-09-02T10:01:04+00:00\" \/>\n<meta property=\"article:modified_time\" content=\"2026-09-02T10:01:08+00:00\" \/>\n<meta property=\"og:image\" content=\"https:\/\/dpress.ma\/fr\/wp-content\/uploads\/sites\/2\/2026\/08\/Aeroports-du-Maroc.jpg\" \/>\n\t<meta property=\"og:image:width\" content=\"2539\" \/>\n\t<meta property=\"og:image:height\" content=\"1594\" \/>\n\t<meta property=\"og:image:type\" content=\"image\/jpeg\" \/>\n<meta name=\"author\" content=\"Dpress.ma\" \/>\n<meta name=\"twitter:card\" content=\"summary_large_image\" \/>\n<meta name=\"twitter:label1\" content=\"\u00c9crit par\" \/>\n\t<meta name=\"twitter:data1\" content=\"Dpress.ma\" \/>\n\t<meta name=\"twitter:label2\" content=\"Dur\u00e9e de lecture estim\u00e9e\" \/>\n\t<meta name=\"twitter:data2\" content=\"3 minutes\" \/>\n<script type=\"application\/ld+json\" class=\"yoast-schema-graph\">{\"@context\":\"https:\\\/\\\/schema.org\",\"@graph\":[{\"@type\":\"Article\",\"@id\":\"https:\\\/\\\/dpress.ma\\\/fr\\\/2026\\\/09\\\/02\\\/saison-estivale-2026-les-aeroports-du-maroc-enregistrent-des-niveaux-de-frequentation-historiques\\\/#article\",\"isPartOf\":{\"@id\":\"https:\\\/\\\/dpress.ma\\\/fr\\\/2026\\\/09\\\/02\\\/saison-estivale-2026-les-aeroports-du-maroc-enregistrent-des-niveaux-de-frequentation-historiques\\\/\"},\"author\":{\"name\":\"Dpress.ma\",\"@id\":\"https:\\\/\\\/dpress.ma\\\/fr\\\/#\\\/schema\\\/person\\\/4898febf3ccd59e6578d838656a306a0\"},\"headline\":\"Saison estivale 2026 : les a\u00e9roports du Maroc enregistrent des niveaux de fr\u00e9quentation historiques\",\"datePublished\":\"2026-09-02T10:01:04+00:00\",\"dateModified\":\"2026-09-02T10:01:08+00:00\",\"mainEntityOfPage\":{\"@id\":\"https:\\\/\\\/dpress.ma\\\/fr\\\/2026\\\/09\\\/02\\\/saison-estivale-2026-les-aeroports-du-maroc-enregistrent-des-niveaux-de-frequentation-historiques\\\/\"},\"wordCount\":433,\"commentCount\":0,\"image\":{\"@id\":\"https:\\\/\\\/dpress.ma\\\/fr\\\/2026\\\/09\\\/02\\\/saison-estivale-2026-les-aeroports-du-maroc-enregistrent-des-niveaux-de-frequentation-historiques\\\/#primaryimage\"},\"thumbnailUrl\":\"https:\\\/\\\/dpress.ma\\\/fr\\\/wp-content\\\/uploads\\\/sites\\\/2\\\/2026\\\/08\\\/Aeroports-du-Maroc.jpg\",\"articleSection\":[\"\u00c9conomie\"],\"inLanguage\":\"fr-FR\",\"potentialAction\":[{\"@type\":\"CommentAction\",\"name\":\"Comment\",\"target\":[\"https:\\\/\\\/dpress.ma\\\/fr\\\/2026\\\/09\\\/02\\\/saison-estivale-2026-les-aeroports-du-maroc-enregistrent-des-niveaux-de-frequentation-historiques\\\/#respond\"]}]},{\"@type\":\"WebPage\",\"@id\":\"https:\\\/\\\/dpress.ma\\\/fr\\\/2026\\\/09\\\/02\\\/saison-estivale-2026-les-aeroports-du-maroc-enregistrent-des-niveaux-de-frequentation-historiques\\\/\",\"url\":\"https:\\\/\\\/dpress.ma\\\/fr\\\/2026\\\/09\\\/02\\\/saison-estivale-2026-les-aeroports-du-maroc-enregistrent-des-niveaux-de-frequentation-historiques\\\/\",\"name\":\"Saison estivale 2026 : les a\u00e9roports du Maroc enregistrent des niveaux de fr\u00e9quentation historiques - Dpress.ma\\\/fr\",\"isPartOf\":{\"@id\":\"https:\\\/\\\/dpress.ma\\\/fr\\\/#website\"},\"primaryImageOfPage\":{\"@id\":\"https:\\\/\\\/dpress.ma\\\/fr\\\/2026\\\/09\\\/02\\\/saison-estivale-2026-les-aeroports-du-maroc-enregistrent-des-niveaux-de-frequentation-historiques\\\/#primaryimage\"},\"image\":{\"@id\":\"https:\\\/\\\/dpress.ma\\\/fr\\\/2026\\\/09\\\/02\\\/saison-estivale-2026-les-aeroports-du-maroc-enregistrent-des-niveaux-de-frequentation-historiques\\\/#primaryimage\"},\"thumbnailUrl\":\"https:\\\/\\\/dpress.ma\\\/fr\\\/wp-content\\\/uploads\\\/sites\\\/2\\\/2026\\\/08\\\/Aeroports-du-Maroc.jpg\",\"datePublished\":\"2026-09-02T10:01:04+00:00\",\"dateModified\":\"2026-09-02T10:01:08+00:00\",\"author\":{\"@id\":\"https:\\\/\\\/dpress.ma\\\/fr\\\/#\\\/schema\\\/person\\\/4898febf3ccd59e6578d838656a306a0\"},\"breadcrumb\":{\"@id\":\"https:\\\/\\\/dpress.ma\\\/fr\\\/2026\\\/09\\\/02\\\/saison-estivale-2026-les-aeroports-du-maroc-enregistrent-des-niveaux-de-frequentation-historiques\\\/#breadcrumb\"},\"inLanguage\":\"fr-FR\",\"potentialAction\":[{\"@type\":\"ReadAction\",\"target\":[\"https:\\\/\\\/dpress.ma\\\/fr\\\/2026\\\/09\\\/02\\\/saison-estivale-2026-les-aeroports-du-maroc-enregistrent-des-niveaux-de-frequentation-historiques\\\/\"]}]},{\"@type\":\"ImageObject\",\"inLanguage\":\"fr-FR\",\"@id\":\"https:\\\/\\\/dpress.ma\\\/fr\\\/2026\\\/09\\\/02\\\/saison-estivale-2026-les-aeroports-du-maroc-enregistrent-des-niveaux-de-frequentation-historiques\\\/#primaryimage\",\"url\":\"https:\\\/\\\/dpress.ma\\\/fr\\\/wp-content\\\/uploads\\\/sites\\\/2\\\/2026\\\/08\\\/Aeroports-du-Maroc.jpg\",\"contentUrl\":\"https:\\\/\\\/dpress.ma\\\/fr\\\/wp-content\\\/uploads\\\/sites\\\/2\\\/2026\\\/08\\\/Aeroports-du-Maroc.jpg\",\"width\":2539,\"height\":1594},{\"@type\":\"BreadcrumbList\",\"@id\":\"https:\\\/\\\/dpress.ma\\\/fr\\\/2026\\\/09\\\/02\\\/saison-estivale-2026-les-aeroports-du-maroc-enregistrent-des-niveaux-de-frequentation-historiques\\\/#breadcrumb\",\"itemListElement\":[{\"@type\":\"ListItem\",\"position\":1,\"name\":\"Home\",\"item\":\"https:\\\/\\\/dpress.ma\\\/fr\\\/\"},{\"@type\":\"ListItem\",\"position\":2,\"name\":\"Saison estivale 2026 : les a\u00e9roports du Maroc enregistrent des niveaux de fr\u00e9quentation historiques\"}]},{\"@type\":\"WebSite\",\"@id\":\"https:\\\/\\\/dpress.ma\\\/fr\\\/#website\",\"url\":\"https:\\\/\\\/dpress.ma\\\/fr\\\/\",\"name\":\"Dpress.ma\\\/fr\",\"description\":\"\",\"potentialAction\":[{\"@type\":\"SearchAction\",\"target\":{\"@type\":\"EntryPoint\",\"urlTemplate\":\"https:\\\/\\\/dpress.ma\\\/fr\\\/?s={search_term_string}\"},\"query-input\":{\"@type\":\"PropertyValueSpecification\",\"valueRequired\":true,\"valueName\":\"search_term_string\"}}],\"inLanguage\":\"fr-FR\"},{\"@type\":\"Person\",\"@id\":\"https:\\\/\\\/dpress.ma\\\/fr\\\/#\\\/schema\\\/person\\\/4898febf3ccd59e6578d838656a306a0\",\"name\":\"Dpress.ma\",\"image\":{\"@type\":\"ImageObject\",\"inLanguage\":\"fr-FR\",\"@id\":\"https:\\\/\\\/secure.gravatar.com\\\/avatar\\\/72ecc30e9db047a2e0e7176561eb9d564ed77c8108376495b19bd8336405198a?s=96&d=mm&r=g\",\"url\":\"https:\\\/\\\/secure.gravatar.com\\\/avatar\\\/72ecc30e9db047a2e0e7176561eb9d564ed77c8108376495b19bd8336405198a?s=96&d=mm&r=g\",\"contentUrl\":\"https:\\\/\\\/secure.gravatar.com\\\/avatar\\\/72ecc30e9db047a2e0e7176561eb9d564ed77c8108376495b19bd8336405198a?s=96&d=mm&r=g\",\"caption\":\"Dpress.ma\"},\"sameAs\":[\"https:\\\/\\\/www.dpress.ma\"],\"url\":\"https:\\\/\\\/dpress.ma\\\/fr\\\/author\\\/dpress-ma\\\/\"}]}<\/script>\n<!-- \/ Yoast SEO plugin. -->","yoast_head_json":{"title":"Saison estivale 2026 : les a\u00e9roports du Maroc enregistrent des niveaux de fr\u00e9quentation historiques - Dpress.ma\/fr","robots":{"index":"index","follow":"follow","max-snippet":"max-snippet:-1","max-image-preview":"max-image-preview:large","max-video-preview":"max-video-preview:-1"},"canonical":"https:\/\/dpress.ma\/fr\/2026\/09\/02\/saison-estivale-2026-les-aeroports-du-maroc-enregistrent-des-niveaux-de-frequentation-historiques\/","og_locale":"fr_FR","og_type":"article","og_title":"Saison estivale 2026 : les a\u00e9roports du Maroc enregistrent des niveaux de fr\u00e9quentation historiques - Dpress.ma\/fr","og_description":"Dpress &nbsp;La saison estivale 2026 confirme le changement d&rsquo;\u00e9chelle du trafic a\u00e9rien pour Airports of Morocco (anciennement Office national des A\u00e9roports \u2013 ONDA), avec des niveaux de fr\u00e9quentation historiques enregistr\u00e9s sur&nbsp;plusieurs a\u00e9roports du Royaume. Ces pics estivaux s&rsquo;inscrivent dans une trajectoire de croissance d\u00e9sormais structurelle, indique Airports of Morocco dans un communiqu\u00e9, faisant savoir qu&rsquo;\u00e0 &hellip;","og_url":"https:\/\/dpress.ma\/fr\/2026\/09\/02\/saison-estivale-2026-les-aeroports-du-maroc-enregistrent-des-niveaux-de-frequentation-historiques\/","og_site_name":"Dpress.ma\/fr","article_published_time":"2026-09-02T10:01:04+00:00","article_modified_time":"2026-09-02T10:01:08+00:00","og_image":[{"width":2539,"height":1594,"url":"https:\/\/dpress.ma\/fr\/wp-content\/uploads\/sites\/2\/2026\/08\/Aeroports-du-Maroc.jpg","type":"image\/jpeg"}],"author":"Dpress.ma","twitter_card":"summary_large_image","twitter_misc":{"\u00c9crit par":"Dpress.ma","Dur\u00e9e de lecture estim\u00e9e":"3 minutes"},"schema":{"@context":"https:\/\/schema.org","@graph":[{"@type":"Article","@id":"https:\/\/dpress.ma\/fr\/2026\/09\/02\/saison-estivale-2026-les-aeroports-du-maroc-enregistrent-des-niveaux-de-frequentation-historiques\/#article","isPartOf":{"@id":"https:\/\/dpress.ma\/fr\/2026\/09\/02\/saison-estivale-2026-les-aeroports-du-maroc-enregistrent-des-niveaux-de-frequentation-historiques\/"},"author":{"name":"Dpress.ma","@id":"https:\/\/dpress.ma\/fr\/#\/schema\/person\/4898febf3ccd59e6578d838656a306a0"},"headline":"Saison estivale 2026 : les a\u00e9roports du Maroc enregistrent des niveaux de fr\u00e9quentation historiques","datePublished":"2026-09-02T10:01:04+00:00","dateModified":"2026-09-02T10:01:08+00:00","mainEntityOfPage":{"@id":"https:\/\/dpress.ma\/fr\/2026\/09\/02\/saison-estivale-2026-les-aeroports-du-maroc-enregistrent-des-niveaux-de-frequentation-historiques\/"},"wordCount":433,"commentCount":0,"image":{"@id":"https:\/\/dpress.ma\/fr\/2026\/09\/02\/saison-estivale-2026-les-aeroports-du-maroc-enregistrent-des-niveaux-de-frequentation-historiques\/#primaryimage"},"thumbnailUrl":"https:\/\/dpress.ma\/fr\/wp-content\/uploads\/sites\/2\/2026\/08\/Aeroports-du-Maroc.jpg","articleSection":["\u00c9conomie"],"inLanguage":"fr-FR","potentialAction":[{"@type":"CommentAction","name":"Comment","target":["https:\/\/dpress.ma\/fr\/2026\/09\/02\/saison-estivale-2026-les-aeroports-du-maroc-enregistrent-des-niveaux-de-frequentation-historiques\/#respond"]}]},{"@type":"WebPage","@id":"https:\/\/dpress.ma\/fr\/2026\/09\/02\/saison-estivale-2026-les-aeroports-du-maroc-enregistrent-des-niveaux-de-frequentation-historiques\/","url":"https:\/\/dpress.ma\/fr\/2026\/09\/02\/saison-estivale-2026-les-aeroports-du-maroc-enregistrent-des-niveaux-de-frequentation-historiques\/","name":"Saison estivale 2026 : les a\u00e9roports du Maroc enregistrent des niveaux de fr\u00e9quentation historiques - Dpress.ma\/fr","isPartOf":{"@id":"https:\/\/dpress.ma\/fr\/#website"},"primaryImageOfPage":{"@id":"https:\/\/dpress.ma\/fr\/2026\/09\/02\/saison-estivale-2026-les-aeroports-du-maroc-enregistrent-des-niveaux-de-frequentation-historiques\/#primaryimage"},"image":{"@id":"https:\/\/dpress.ma\/fr\/2026\/09\/02\/saison-estivale-2026-les-aeroports-du-maroc-enregistrent-des-niveaux-de-frequentation-historiques\/#primaryimage"},"thumbnailUrl":"https:\/\/dpress.ma\/fr\/wp-content\/uploads\/sites\/2\/2026\/08\/Aeroports-du-Maroc.jpg","datePublished":"2026-09-02T10:01:04+00:00","dateModified":"2026-09-02T10:01:08+00:00","author":{"@id":"https:\/\/dpress.ma\/fr\/#\/schema\/person\/4898febf3ccd59e6578d838656a306a0"},"breadcrumb":{"@id":"https:\/\/dpress.ma\/fr\/2026\/09\/02\/saison-estivale-2026-les-aeroports-du-maroc-enregistrent-des-niveaux-de-frequentation-historiques\/#breadcrumb"},"inLanguage":"fr-FR","potentialAction":[{"@type":"ReadAction","target":["https:\/\/dpress.ma\/fr\/2026\/09\/02\/saison-estivale-2026-les-aeroports-du-maroc-enregistrent-des-niveaux-de-frequentation-historiques\/"]}]},{"@type":"ImageObject","inLanguage":"fr-FR","@id":"https:\/\/dpress.ma\/fr\/2026\/09\/02\/saison-estivale-2026-les-aeroports-du-maroc-enregistrent-des-niveaux-de-frequentation-historiques\/#primaryimage","url":"https:\/\/dpress.ma\/fr\/wp-content\/uploads\/sites\/2\/2026\/08\/Aeroports-du-Maroc.jpg","contentUrl":"https:\/\/dpress.ma\/fr\/wp-content\/uploads\/sites\/2\/2026\/08\/Aeroports-du-Maroc.jpg","width":2539,"height":1594},{"@type":"BreadcrumbList","@id":"https:\/\/dpress.ma\/fr\/2026\/09\/02\/saison-estivale-2026-les-aeroports-du-maroc-enregistrent-des-niveaux-de-frequentation-historiques\/#breadcrumb","itemListElement":[{"@type":"ListItem","position":1,"name":"Home","item":"https:\/\/dpress.ma\/fr\/"},{"@type":"ListItem","position":2,"name":"Saison estivale 2026 : les a\u00e9roports du Maroc enregistrent des niveaux de fr\u00e9quentation historiques"}]},{"@type":"WebSite","@id":"https:\/\/dpress.ma\/fr\/#website","url":"https:\/\/dpress.ma\/fr\/","name":"Dpress.ma\/fr","description":"","potentialAction":[{"@type":"SearchAction","target":{"@type":"EntryPoint","urlTemplate":"https:\/\/dpress.ma\/fr\/?s={search_term_string}"},"query-input":{"@type":"PropertyValueSpecification","valueRequired":true,"valueName":"search_term_string"}}],"inLanguage":"fr-FR"},{"@type":"Person","@id":"https:\/\/dpress.ma\/fr\/#\/schema\/person\/4898febf3ccd59e6578d838656a306a0","name":"Dpress.ma","image":{"@type":"ImageObject","inLanguage":"fr-FR","@id":"https:\/\/secure.gravatar.com\/avatar\/72ecc30e9db047a2e0e7176561eb9d564ed77c8108376495b19bd8336405198a?s=96&d=mm&r=g","url":"https:\/\/secure.gravatar.com\/avatar\/72ecc30e9db047a2e0e7176561eb9d564ed77c8108376495b19bd8336405198a?s=96&d=mm&r=g","contentUrl":"https:\/\/secure.gravatar.com\/avatar\/72ecc30e9db047a2e0e7176561eb9d564ed77c8108376495b19bd8336405198a?s=96&d=mm&r=g","caption":"Dpress.ma"},"sameAs":["https:\/\/www.dpress.ma"],"url":"https:\/\/dpress.ma\/fr\/author\/dpress-ma\/"}]}},"amp_enabled":true,"_links":{"self":[{"href":"https:\/\/dpress.ma\/fr\/wp-json\/wp\/v2\/posts\/38858","targetHints":{"allow":["GET"]}}],"collection":[{"href":"https:\/\/dpress.ma\/fr\/wp-json\/wp\/v2\/posts"}],"about":[{"href":"https:\/\/dpress.ma\/fr\/wp-json\/wp\/v2\/types\/post"}],"author":[{"embeddable":true,"href":"https:\/\/dpress.ma\/fr\/wp-json\/wp\/v2\/users\/2"}],"replies":[{"embeddable":true,"href":"https:\/\/dpress.ma\/fr\/wp-json\/wp\/v2\/comments?post=38858"}],"version-history":[{"count":1,"href":"https:\/\/dpress.ma\/fr\/wp-json\/wp\/v2\/posts\/38858\/revisions"}],"predecessor-version":[{"id":38859,"href":"https:\/\/dpress.ma\/fr\/wp-json\/wp\/v2\/posts\/38858\/revisions\/38859"}],"wp:featuredmedia":[{"embeddable":true,"href":"https:\/\/dpress.ma\/fr\/wp-json\/wp\/v2\/media\/38682"}],"wp:attachment":[{"href":"https:\/\/dpress.ma\/fr\/wp-json\/wp\/v2\/media?parent=38858"}],"wp:term":[{"taxonomy":"category","embeddable":true,"href":"https:\/\/dpress.ma\/fr\/wp-json\/wp\/v2\/categories?post=38858"},{"taxonomy":"post_tag","embeddable":true,"href":"https:\/\/dpress.ma\/fr\/wp-json\/wp\/v2\/tags?post=38858"}],"curies":[{"name":"wp","href":"https:\/\/api.w.org\/{rel}","templated":true}]}}