{"id":38850,"date":"2026-09-02T09:55:20","date_gmt":"2026-09-02T09:55:20","guid":{"rendered":"https:\/\/dpress.ma\/fr\/?p=38850"},"modified":"2026-09-02T09:55:23","modified_gmt":"2026-09-02T09:55:23","slug":"ambassadeur-hilale-le-mouvement-des-non-alignes-doit-saffranchir-des-approches-passeistes-et-sadapter-aux-defis-du-xxie-siecle","status":"publish","type":"post","link":"https:\/\/dpress.ma\/fr\/2026\/09\/02\/ambassadeur-hilale-le-mouvement-des-non-alignes-doit-saffranchir-des-approches-passeistes-et-sadapter-aux-defis-du-xxie-siecle\/","title":{"rendered":"Ambassadeur Hilale : \u201cLe Mouvement des Non-Align\u00e9s doit s\u2019affranchir des approches pass\u00e9istes et s\u2019adapter aux d\u00e9fis du XXIe si\u00e8cle\u201d"},"content":{"rendered":"\n<p class=\"wp-block-paragraph\">Dpress<\/p>\n\n\n\n<p class=\"wp-block-paragraph\">L&rsquo;ambassadeur repr\u00e9sentant permanent du Maroc aupr\u00e8s de l&rsquo;ONU, Omar Hilale, a appel\u00e9, mardi \u00e0 Belgrade, le Mouvement des Non-Align\u00e9s (NAM) \u00e0 \u00ab\u00a0s&rsquo;affranchir des approches pass\u00e9istes et \u00e0 s&rsquo;adapter aux d\u00e9fis multidimensionnels du XXIe si\u00e8cle\u00a0\u00bb.<\/p>\n\n\n\n<p class=\"wp-block-paragraph\">Intervenant lors d\u2019une r\u00e9union comm\u00e9morative du 65\u00e8me anniversaire de la cr\u00e9ation du NAM, M. Hilale a expliqu\u00e9 qu\u2019eu \u00e9gard aux d\u00e9fis, crises et divisions apparus depuis la cr\u00e9ation du Mouvement, celui-ci ne peut plus r\u00e9pondre aux d\u00e9fis du XXIe si\u00e8cle en reproduisant simplement les approches et les mod\u00e8les de travail qui ont caract\u00e9ris\u00e9 sa p\u00e9riode fondatrice.<\/p>\n\n\n\n<p class=\"wp-block-paragraph\">Le Mouvement est aujourd\u2019hui appel\u00e9 \u00e0 d\u00e9velopper ses m\u00e9thodes de travail et \u00e0 renforcer ses m\u00e9canismes de concertation, \u00ab\u00a0afin qu&rsquo;il puisse am\u00e9liorer son efficacit\u00e9 et sa cr\u00e9dibilit\u00e9, et renforcer sa capacit\u00e9 \u00e0 formuler des propositions pratiques et r\u00e9alistes pour faire face aux d\u00e9fis internationaux actuels et \u00e9mergents\u00a0\u00bb, a soutenu M. Hilale.<\/p>\n\n\n\n<p class=\"wp-block-paragraph\">Le NAM doit \u00eatre capable de s\u2019adapter aux profondes transformations qui s\u2019op\u00e8rent dans le syst\u00e8me international et de relever les nouveaux d\u00e9fis, tels que le changement climatique, l\u2019intelligence artificielle et les technologies \u00e9mergentes, la cybers\u00e9curit\u00e9 et les nouvelles formes de criminalit\u00e9 transnationale, a poursuivi l\u2019ambassadeur.<\/p>\n\n\n\n<p class=\"wp-block-paragraph\">Sans vouloir remplacer le syst\u00e8me international multilat\u00e9ral, le NAM devrait contribuer \u00e0 son renforcement, en v\u00e9hiculant les priorit\u00e9s et les aspirations des pays du Sud de mani\u00e8re coordonn\u00e9e et constructive, et en contribuant \u00e0 leur cristallisation au sein du syst\u00e8me des Nations Unies, a recommand\u00e9 M. Hilale.<\/p>\n\n\n\n<p class=\"wp-block-paragraph\">\u00c0 cet \u00e9gard, il a rappel\u00e9 que le Royaume a fait de la coop\u00e9ration Sud-Sud avec les pays africains l&rsquo;une de ses priorit\u00e9s, en \u00e9tablissant des partenariats de solidarit\u00e9 dans plusieurs secteurs strat\u00e9giques, notamment la s\u00e9curit\u00e9 alimentaire, la sant\u00e9, la formation et le d\u00e9veloppement humain.<\/p>\n\n\n\n<p class=\"wp-block-paragraph\">Conscient des d\u00e9fis auxquels sont confront\u00e9s ces pays, le Maroc, \u00e0 l&rsquo;initiative de Sa Majest\u00e9 le Roi Mohammed VI, a lanc\u00e9 une panoplie d&rsquo;initiatives structur\u00e9es, notamment l&rsquo;Initiative Royale visant \u00e0 faciliter l\u2019acc\u00e8s des pays du Sahel \u00e0 l\u2019Oc\u00e9an Atlantique, l&rsquo;Initiative Royale pour l\u2019Afrique Atlantique, ainsi que le projet de gazoduc Africain Atlantique.<\/p>\n\n\n\n<p class=\"wp-block-paragraph\">Ces initiatives incarnent l&rsquo;engagement du Royaume en faveur de la stabilit\u00e9 et du d\u00e9veloppement durable du continent africain, et visent notamment \u00e0 faire de l&rsquo;espace atlantique un champ d&rsquo;ouverture, de connectivit\u00e9 et d&rsquo;int\u00e9gration \u00e9conomique, a soutenu le diplomate marocain.<\/p>\n\n\n\n<p class=\"wp-block-paragraph\">L\u2019ambassadeur du Royaume s\u2019est \u00e9galement arr\u00eat\u00e9 sur la centralit\u00e9 de la question palestinienne dans la politique \u00e9trang\u00e8re du Maroc, soulignant qu\u2019en Sa qualit\u00e9 de Pr\u00e9sident du Comit\u00e9 d&rsquo;Al-Qods, Sa Majest\u00e9 le Roi Mohammed VI n\u2019a cess\u00e9 de souligner l&rsquo;engagement du Royaume \u00e0 pr\u00e9server le statut juridique, historique et culturel d&rsquo;Al-Qods Al-Sharif, tout en soutenant le droit inali\u00e9nable du peuple palestinien \u00e0 exercer ses droits l\u00e9gitimes et \u00e0 r\u00e9aliser son aspiration \u00e0 \u00e9tablir un \u00c9tat palestinien ind\u00e9pendant avec Al Qods-Est pour capitale.<\/p>\n\n\n\n<p class=\"wp-block-paragraph\">C\u2019est dans le cadre de cet engagement, a poursuivi M. Hilale, que le Maroc a d\u00e9cid\u00e9 de participer \u00e0 la Force internationale de stabilisation de Gaza.<\/p>\n\n\n\n<p class=\"wp-block-paragraph\">Cette contribution, a-t-il conclu, comprendra notamment la mobilisation du personnel militaire et s\u00e9curitaire marocain, outre le d\u00e9ploiement d&rsquo;un h\u00f4pital militaire de campagne d\u00e9di\u00e9 \u00e0 l&rsquo;assistance m\u00e9dicale \u00e0 la population affect\u00e9e.<\/p>\n\n\n\n<p class=\"wp-block-paragraph\"><a href=\"https:\/\/www.facebook.com\/sharer\/sharer.php?u=https:\/\/www.mapexpress.ma\/actualite\/monde\/ambassadeur-hilale-mouvement-alignes-saffranchir-approches-passeistes-sadapter-aux-defis-du-xxie-siecle\/\" target=\"_blank\" rel=\"noopener\"><\/a> <a href=\"https:\/\/x.com\/intent\/tweet?url=https:\/\/www.mapexpress.ma\/actualite\/monde\/ambassadeur-hilale-mouvement-alignes-saffranchir-approches-passeistes-sadapter-aux-defis-du-xxie-siecle\/&amp;text=Ambassadeur+Hilale+%3A+%26%238220%3BLe+Mouvement+des+Non-Align%C3%A9s+doit+s%26%238217%3Baffranchir+des+approches+pass%C3%A9istes+et+s%26%238217%3Badapter+aux+d%C3%A9fis+du+XXIe+si%C3%A8cle%26%238221%3B\" target=\"_blank\" rel=\"noopener\"><\/a> <a href=\"https:\/\/www.linkedin.com\/feed\/?shareUrl=https:\/\/www.mapexpress.ma\/actualite\/monde\/ambassadeur-hilale-mouvement-alignes-saffranchir-approches-passeistes-sadapter-aux-defis-du-xxie-siecle\/\" target=\"_blank\" rel=\"noopener\"><\/a><a href=\"https:\/\/api.whatsapp.com\/send?text=Ambassadeur+Hilale+%3A+%26%238220%3BLe+Mouvement+des+Non-Align%C3%A9s+doit+s%26%238217%3Baffranchir+des+approches+pass%C3%A9istes+et+s%26%238217%3Badapter+aux+d%C3%A9fis+du+XXIe+si%C3%A8cle%26%238221%3B+https%3A%2F%2Fwww.mapexpress.ma%2Factualite%2Fmonde%2Fambassadeur-hilale-mouvement-alignes-saffranchir-approches-passeistes-sadapter-aux-defis-du-xxie-siecle%2F\" target=\"_blank\" rel=\"noopener\"><\/a><\/p>\n","protected":false},"excerpt":{"rendered":"<p>Dpress L&rsquo;ambassadeur repr\u00e9sentant permanent du Maroc aupr\u00e8s de l&rsquo;ONU, Omar Hilale, a appel\u00e9, mardi \u00e0 Belgrade, le Mouvement des Non-Align\u00e9s (NAM) \u00e0 \u00ab\u00a0s&rsquo;affranchir des approches pass\u00e9istes et \u00e0 s&rsquo;adapter aux d\u00e9fis multidimensionnels du XXIe si\u00e8cle\u00a0\u00bb. Intervenant lors d\u2019une r\u00e9union comm\u00e9morative du 65\u00e8me anniversaire de la cr\u00e9ation du NAM, M. Hilale a expliqu\u00e9 qu\u2019eu \u00e9gard aux &hellip;<\/p>\n","protected":false},"author":2,"featured_media":38851,"comment_status":"open","ping_status":"open","sticky":false,"template":"","format":"standard","meta":{"footnotes":""},"categories":[42],"tags":[],"class_list":["post-38850","post","type-post","status-publish","format-standard","has-post-thumbnail","hentry","category-monde"],"yoast_head":"<!-- This site is optimized with the Yoast SEO plugin v28.0 - https:\/\/yoast.com\/product\/yoast-seo-wordpress\/ -->\n<title>Ambassadeur Hilale : \u201cLe Mouvement des Non-Align\u00e9s doit s\u2019affranchir des approches pass\u00e9istes et s\u2019adapter aux d\u00e9fis du XXIe si\u00e8cle\u201d - Dpress.ma\/fr<\/title>\n<meta name=\"robots\" content=\"index, follow, max-snippet:-1, max-image-preview:large, max-video-preview:-1\" \/>\n<link rel=\"canonical\" href=\"https:\/\/dpress.ma\/fr\/2026\/09\/02\/ambassadeur-hilale-le-mouvement-des-non-alignes-doit-saffranchir-des-approches-passeistes-et-sadapter-aux-defis-du-xxie-siecle\/\" \/>\n<meta property=\"og:locale\" content=\"fr_FR\" \/>\n<meta property=\"og:type\" content=\"article\" \/>\n<meta property=\"og:title\" content=\"Ambassadeur Hilale : \u201cLe Mouvement des Non-Align\u00e9s doit s\u2019affranchir des approches pass\u00e9istes et s\u2019adapter aux d\u00e9fis du XXIe si\u00e8cle\u201d - Dpress.ma\/fr\" \/>\n<meta property=\"og:description\" content=\"Dpress L&rsquo;ambassadeur repr\u00e9sentant permanent du Maroc aupr\u00e8s de l&rsquo;ONU, Omar Hilale, a appel\u00e9, mardi \u00e0 Belgrade, le Mouvement des Non-Align\u00e9s (NAM) \u00e0 \u00ab\u00a0s&rsquo;affranchir des approches pass\u00e9istes et \u00e0 s&rsquo;adapter aux d\u00e9fis multidimensionnels du XXIe si\u00e8cle\u00a0\u00bb. Intervenant lors d\u2019une r\u00e9union comm\u00e9morative du 65\u00e8me anniversaire de la cr\u00e9ation du NAM, M. Hilale a expliqu\u00e9 qu\u2019eu \u00e9gard aux &hellip;\" \/>\n<meta property=\"og:url\" content=\"https:\/\/dpress.ma\/fr\/2026\/09\/02\/ambassadeur-hilale-le-mouvement-des-non-alignes-doit-saffranchir-des-approches-passeistes-et-sadapter-aux-defis-du-xxie-siecle\/\" \/>\n<meta property=\"og:site_name\" content=\"Dpress.ma\/fr\" \/>\n<meta property=\"article:published_time\" content=\"2026-09-02T09:55:20+00:00\" \/>\n<meta property=\"article:modified_time\" content=\"2026-09-02T09:55:23+00:00\" \/>\n<meta property=\"og:image\" content=\"https:\/\/dpress.ma\/fr\/wp-content\/uploads\/sites\/2\/2026\/09\/Ambassadeur-Hilale.jpg\" \/>\n\t<meta property=\"og:image:width\" content=\"2539\" \/>\n\t<meta property=\"og:image:height\" content=\"1594\" \/>\n\t<meta property=\"og:image:type\" content=\"image\/jpeg\" \/>\n<meta name=\"author\" content=\"Dpress.ma\" \/>\n<meta name=\"twitter:card\" content=\"summary_large_image\" \/>\n<meta name=\"twitter:label1\" content=\"\u00c9crit par\" \/>\n\t<meta name=\"twitter:data1\" content=\"Dpress.ma\" \/>\n\t<meta name=\"twitter:label2\" content=\"Dur\u00e9e de lecture estim\u00e9e\" \/>\n\t<meta name=\"twitter:data2\" content=\"3 minutes\" \/>\n<script type=\"application\/ld+json\" class=\"yoast-schema-graph\">{\"@context\":\"https:\\\/\\\/schema.org\",\"@graph\":[{\"@type\":\"Article\",\"@id\":\"https:\\\/\\\/dpress.ma\\\/fr\\\/2026\\\/09\\\/02\\\/ambassadeur-hilale-le-mouvement-des-non-alignes-doit-saffranchir-des-approches-passeistes-et-sadapter-aux-defis-du-xxie-siecle\\\/#article\",\"isPartOf\":{\"@id\":\"https:\\\/\\\/dpress.ma\\\/fr\\\/2026\\\/09\\\/02\\\/ambassadeur-hilale-le-mouvement-des-non-alignes-doit-saffranchir-des-approches-passeistes-et-sadapter-aux-defis-du-xxie-siecle\\\/\"},\"author\":{\"name\":\"Dpress.ma\",\"@id\":\"https:\\\/\\\/dpress.ma\\\/fr\\\/#\\\/schema\\\/person\\\/4898febf3ccd59e6578d838656a306a0\"},\"headline\":\"Ambassadeur Hilale : \u201cLe Mouvement des Non-Align\u00e9s doit s\u2019affranchir des approches pass\u00e9istes et s\u2019adapter aux d\u00e9fis du XXIe si\u00e8cle\u201d\",\"datePublished\":\"2026-09-02T09:55:20+00:00\",\"dateModified\":\"2026-09-02T09:55:23+00:00\",\"mainEntityOfPage\":{\"@id\":\"https:\\\/\\\/dpress.ma\\\/fr\\\/2026\\\/09\\\/02\\\/ambassadeur-hilale-le-mouvement-des-non-alignes-doit-saffranchir-des-approches-passeistes-et-sadapter-aux-defis-du-xxie-siecle\\\/\"},\"wordCount\":588,\"commentCount\":0,\"image\":{\"@id\":\"https:\\\/\\\/dpress.ma\\\/fr\\\/2026\\\/09\\\/02\\\/ambassadeur-hilale-le-mouvement-des-non-alignes-doit-saffranchir-des-approches-passeistes-et-sadapter-aux-defis-du-xxie-siecle\\\/#primaryimage\"},\"thumbnailUrl\":\"https:\\\/\\\/dpress.ma\\\/fr\\\/wp-content\\\/uploads\\\/sites\\\/2\\\/2026\\\/09\\\/Ambassadeur-Hilale.jpg\",\"articleSection\":[\"monde\"],\"inLanguage\":\"fr-FR\",\"potentialAction\":[{\"@type\":\"CommentAction\",\"name\":\"Comment\",\"target\":[\"https:\\\/\\\/dpress.ma\\\/fr\\\/2026\\\/09\\\/02\\\/ambassadeur-hilale-le-mouvement-des-non-alignes-doit-saffranchir-des-approches-passeistes-et-sadapter-aux-defis-du-xxie-siecle\\\/#respond\"]}]},{\"@type\":\"WebPage\",\"@id\":\"https:\\\/\\\/dpress.ma\\\/fr\\\/2026\\\/09\\\/02\\\/ambassadeur-hilale-le-mouvement-des-non-alignes-doit-saffranchir-des-approches-passeistes-et-sadapter-aux-defis-du-xxie-siecle\\\/\",\"url\":\"https:\\\/\\\/dpress.ma\\\/fr\\\/2026\\\/09\\\/02\\\/ambassadeur-hilale-le-mouvement-des-non-alignes-doit-saffranchir-des-approches-passeistes-et-sadapter-aux-defis-du-xxie-siecle\\\/\",\"name\":\"Ambassadeur Hilale : \u201cLe Mouvement des Non-Align\u00e9s doit s\u2019affranchir des approches pass\u00e9istes et s\u2019adapter aux d\u00e9fis du XXIe si\u00e8cle\u201d - Dpress.ma\\\/fr\",\"isPartOf\":{\"@id\":\"https:\\\/\\\/dpress.ma\\\/fr\\\/#website\"},\"primaryImageOfPage\":{\"@id\":\"https:\\\/\\\/dpress.ma\\\/fr\\\/2026\\\/09\\\/02\\\/ambassadeur-hilale-le-mouvement-des-non-alignes-doit-saffranchir-des-approches-passeistes-et-sadapter-aux-defis-du-xxie-siecle\\\/#primaryimage\"},\"image\":{\"@id\":\"https:\\\/\\\/dpress.ma\\\/fr\\\/2026\\\/09\\\/02\\\/ambassadeur-hilale-le-mouvement-des-non-alignes-doit-saffranchir-des-approches-passeistes-et-sadapter-aux-defis-du-xxie-siecle\\\/#primaryimage\"},\"thumbnailUrl\":\"https:\\\/\\\/dpress.ma\\\/fr\\\/wp-content\\\/uploads\\\/sites\\\/2\\\/2026\\\/09\\\/Ambassadeur-Hilale.jpg\",\"datePublished\":\"2026-09-02T09:55:20+00:00\",\"dateModified\":\"2026-09-02T09:55:23+00:00\",\"author\":{\"@id\":\"https:\\\/\\\/dpress.ma\\\/fr\\\/#\\\/schema\\\/person\\\/4898febf3ccd59e6578d838656a306a0\"},\"breadcrumb\":{\"@id\":\"https:\\\/\\\/dpress.ma\\\/fr\\\/2026\\\/09\\\/02\\\/ambassadeur-hilale-le-mouvement-des-non-alignes-doit-saffranchir-des-approches-passeistes-et-sadapter-aux-defis-du-xxie-siecle\\\/#breadcrumb\"},\"inLanguage\":\"fr-FR\",\"potentialAction\":[{\"@type\":\"ReadAction\",\"target\":[\"https:\\\/\\\/dpress.ma\\\/fr\\\/2026\\\/09\\\/02\\\/ambassadeur-hilale-le-mouvement-des-non-alignes-doit-saffranchir-des-approches-passeistes-et-sadapter-aux-defis-du-xxie-siecle\\\/\"]}]},{\"@type\":\"ImageObject\",\"inLanguage\":\"fr-FR\",\"@id\":\"https:\\\/\\\/dpress.ma\\\/fr\\\/2026\\\/09\\\/02\\\/ambassadeur-hilale-le-mouvement-des-non-alignes-doit-saffranchir-des-approches-passeistes-et-sadapter-aux-defis-du-xxie-siecle\\\/#primaryimage\",\"url\":\"https:\\\/\\\/dpress.ma\\\/fr\\\/wp-content\\\/uploads\\\/sites\\\/2\\\/2026\\\/09\\\/Ambassadeur-Hilale.jpg\",\"contentUrl\":\"https:\\\/\\\/dpress.ma\\\/fr\\\/wp-content\\\/uploads\\\/sites\\\/2\\\/2026\\\/09\\\/Ambassadeur-Hilale.jpg\",\"width\":2539,\"height\":1594},{\"@type\":\"BreadcrumbList\",\"@id\":\"https:\\\/\\\/dpress.ma\\\/fr\\\/2026\\\/09\\\/02\\\/ambassadeur-hilale-le-mouvement-des-non-alignes-doit-saffranchir-des-approches-passeistes-et-sadapter-aux-defis-du-xxie-siecle\\\/#breadcrumb\",\"itemListElement\":[{\"@type\":\"ListItem\",\"position\":1,\"name\":\"Home\",\"item\":\"https:\\\/\\\/dpress.ma\\\/fr\\\/\"},{\"@type\":\"ListItem\",\"position\":2,\"name\":\"Ambassadeur Hilale : \u201cLe Mouvement des Non-Align\u00e9s doit s\u2019affranchir des approches pass\u00e9istes et s\u2019adapter aux d\u00e9fis du XXIe si\u00e8cle\u201d\"}]},{\"@type\":\"WebSite\",\"@id\":\"https:\\\/\\\/dpress.ma\\\/fr\\\/#website\",\"url\":\"https:\\\/\\\/dpress.ma\\\/fr\\\/\",\"name\":\"Dpress.ma\\\/fr\",\"description\":\"\",\"potentialAction\":[{\"@type\":\"SearchAction\",\"target\":{\"@type\":\"EntryPoint\",\"urlTemplate\":\"https:\\\/\\\/dpress.ma\\\/fr\\\/?s={search_term_string}\"},\"query-input\":{\"@type\":\"PropertyValueSpecification\",\"valueRequired\":true,\"valueName\":\"search_term_string\"}}],\"inLanguage\":\"fr-FR\"},{\"@type\":\"Person\",\"@id\":\"https:\\\/\\\/dpress.ma\\\/fr\\\/#\\\/schema\\\/person\\\/4898febf3ccd59e6578d838656a306a0\",\"name\":\"Dpress.ma\",\"image\":{\"@type\":\"ImageObject\",\"inLanguage\":\"fr-FR\",\"@id\":\"https:\\\/\\\/secure.gravatar.com\\\/avatar\\\/72ecc30e9db047a2e0e7176561eb9d564ed77c8108376495b19bd8336405198a?s=96&d=mm&r=g\",\"url\":\"https:\\\/\\\/secure.gravatar.com\\\/avatar\\\/72ecc30e9db047a2e0e7176561eb9d564ed77c8108376495b19bd8336405198a?s=96&d=mm&r=g\",\"contentUrl\":\"https:\\\/\\\/secure.gravatar.com\\\/avatar\\\/72ecc30e9db047a2e0e7176561eb9d564ed77c8108376495b19bd8336405198a?s=96&d=mm&r=g\",\"caption\":\"Dpress.ma\"},\"sameAs\":[\"https:\\\/\\\/www.dpress.ma\"],\"url\":\"https:\\\/\\\/dpress.ma\\\/fr\\\/author\\\/dpress-ma\\\/\"}]}<\/script>\n<!-- \/ Yoast SEO plugin. -->","yoast_head_json":{"title":"Ambassadeur Hilale : \u201cLe Mouvement des Non-Align\u00e9s doit s\u2019affranchir des approches pass\u00e9istes et s\u2019adapter aux d\u00e9fis du XXIe si\u00e8cle\u201d - Dpress.ma\/fr","robots":{"index":"index","follow":"follow","max-snippet":"max-snippet:-1","max-image-preview":"max-image-preview:large","max-video-preview":"max-video-preview:-1"},"canonical":"https:\/\/dpress.ma\/fr\/2026\/09\/02\/ambassadeur-hilale-le-mouvement-des-non-alignes-doit-saffranchir-des-approches-passeistes-et-sadapter-aux-defis-du-xxie-siecle\/","og_locale":"fr_FR","og_type":"article","og_title":"Ambassadeur Hilale : \u201cLe Mouvement des Non-Align\u00e9s doit s\u2019affranchir des approches pass\u00e9istes et s\u2019adapter aux d\u00e9fis du XXIe si\u00e8cle\u201d - Dpress.ma\/fr","og_description":"Dpress L&rsquo;ambassadeur repr\u00e9sentant permanent du Maroc aupr\u00e8s de l&rsquo;ONU, Omar Hilale, a appel\u00e9, mardi \u00e0 Belgrade, le Mouvement des Non-Align\u00e9s (NAM) \u00e0 \u00ab\u00a0s&rsquo;affranchir des approches pass\u00e9istes et \u00e0 s&rsquo;adapter aux d\u00e9fis multidimensionnels du XXIe si\u00e8cle\u00a0\u00bb. Intervenant lors d\u2019une r\u00e9union comm\u00e9morative du 65\u00e8me anniversaire de la cr\u00e9ation du NAM, M. Hilale a expliqu\u00e9 qu\u2019eu \u00e9gard aux &hellip;","og_url":"https:\/\/dpress.ma\/fr\/2026\/09\/02\/ambassadeur-hilale-le-mouvement-des-non-alignes-doit-saffranchir-des-approches-passeistes-et-sadapter-aux-defis-du-xxie-siecle\/","og_site_name":"Dpress.ma\/fr","article_published_time":"2026-09-02T09:55:20+00:00","article_modified_time":"2026-09-02T09:55:23+00:00","og_image":[{"width":2539,"height":1594,"url":"https:\/\/dpress.ma\/fr\/wp-content\/uploads\/sites\/2\/2026\/09\/Ambassadeur-Hilale.jpg","type":"image\/jpeg"}],"author":"Dpress.ma","twitter_card":"summary_large_image","twitter_misc":{"\u00c9crit par":"Dpress.ma","Dur\u00e9e de lecture estim\u00e9e":"3 minutes"},"schema":{"@context":"https:\/\/schema.org","@graph":[{"@type":"Article","@id":"https:\/\/dpress.ma\/fr\/2026\/09\/02\/ambassadeur-hilale-le-mouvement-des-non-alignes-doit-saffranchir-des-approches-passeistes-et-sadapter-aux-defis-du-xxie-siecle\/#article","isPartOf":{"@id":"https:\/\/dpress.ma\/fr\/2026\/09\/02\/ambassadeur-hilale-le-mouvement-des-non-alignes-doit-saffranchir-des-approches-passeistes-et-sadapter-aux-defis-du-xxie-siecle\/"},"author":{"name":"Dpress.ma","@id":"https:\/\/dpress.ma\/fr\/#\/schema\/person\/4898febf3ccd59e6578d838656a306a0"},"headline":"Ambassadeur Hilale : \u201cLe Mouvement des Non-Align\u00e9s doit s\u2019affranchir des approches pass\u00e9istes et s\u2019adapter aux d\u00e9fis du XXIe si\u00e8cle\u201d","datePublished":"2026-09-02T09:55:20+00:00","dateModified":"2026-09-02T09:55:23+00:00","mainEntityOfPage":{"@id":"https:\/\/dpress.ma\/fr\/2026\/09\/02\/ambassadeur-hilale-le-mouvement-des-non-alignes-doit-saffranchir-des-approches-passeistes-et-sadapter-aux-defis-du-xxie-siecle\/"},"wordCount":588,"commentCount":0,"image":{"@id":"https:\/\/dpress.ma\/fr\/2026\/09\/02\/ambassadeur-hilale-le-mouvement-des-non-alignes-doit-saffranchir-des-approches-passeistes-et-sadapter-aux-defis-du-xxie-siecle\/#primaryimage"},"thumbnailUrl":"https:\/\/dpress.ma\/fr\/wp-content\/uploads\/sites\/2\/2026\/09\/Ambassadeur-Hilale.jpg","articleSection":["monde"],"inLanguage":"fr-FR","potentialAction":[{"@type":"CommentAction","name":"Comment","target":["https:\/\/dpress.ma\/fr\/2026\/09\/02\/ambassadeur-hilale-le-mouvement-des-non-alignes-doit-saffranchir-des-approches-passeistes-et-sadapter-aux-defis-du-xxie-siecle\/#respond"]}]},{"@type":"WebPage","@id":"https:\/\/dpress.ma\/fr\/2026\/09\/02\/ambassadeur-hilale-le-mouvement-des-non-alignes-doit-saffranchir-des-approches-passeistes-et-sadapter-aux-defis-du-xxie-siecle\/","url":"https:\/\/dpress.ma\/fr\/2026\/09\/02\/ambassadeur-hilale-le-mouvement-des-non-alignes-doit-saffranchir-des-approches-passeistes-et-sadapter-aux-defis-du-xxie-siecle\/","name":"Ambassadeur Hilale : \u201cLe Mouvement des Non-Align\u00e9s doit s\u2019affranchir des approches pass\u00e9istes et s\u2019adapter aux d\u00e9fis du XXIe si\u00e8cle\u201d - Dpress.ma\/fr","isPartOf":{"@id":"https:\/\/dpress.ma\/fr\/#website"},"primaryImageOfPage":{"@id":"https:\/\/dpress.ma\/fr\/2026\/09\/02\/ambassadeur-hilale-le-mouvement-des-non-alignes-doit-saffranchir-des-approches-passeistes-et-sadapter-aux-defis-du-xxie-siecle\/#primaryimage"},"image":{"@id":"https:\/\/dpress.ma\/fr\/2026\/09\/02\/ambassadeur-hilale-le-mouvement-des-non-alignes-doit-saffranchir-des-approches-passeistes-et-sadapter-aux-defis-du-xxie-siecle\/#primaryimage"},"thumbnailUrl":"https:\/\/dpress.ma\/fr\/wp-content\/uploads\/sites\/2\/2026\/09\/Ambassadeur-Hilale.jpg","datePublished":"2026-09-02T09:55:20+00:00","dateModified":"2026-09-02T09:55:23+00:00","author":{"@id":"https:\/\/dpress.ma\/fr\/#\/schema\/person\/4898febf3ccd59e6578d838656a306a0"},"breadcrumb":{"@id":"https:\/\/dpress.ma\/fr\/2026\/09\/02\/ambassadeur-hilale-le-mouvement-des-non-alignes-doit-saffranchir-des-approches-passeistes-et-sadapter-aux-defis-du-xxie-siecle\/#breadcrumb"},"inLanguage":"fr-FR","potentialAction":[{"@type":"ReadAction","target":["https:\/\/dpress.ma\/fr\/2026\/09\/02\/ambassadeur-hilale-le-mouvement-des-non-alignes-doit-saffranchir-des-approches-passeistes-et-sadapter-aux-defis-du-xxie-siecle\/"]}]},{"@type":"ImageObject","inLanguage":"fr-FR","@id":"https:\/\/dpress.ma\/fr\/2026\/09\/02\/ambassadeur-hilale-le-mouvement-des-non-alignes-doit-saffranchir-des-approches-passeistes-et-sadapter-aux-defis-du-xxie-siecle\/#primaryimage","url":"https:\/\/dpress.ma\/fr\/wp-content\/uploads\/sites\/2\/2026\/09\/Ambassadeur-Hilale.jpg","contentUrl":"https:\/\/dpress.ma\/fr\/wp-content\/uploads\/sites\/2\/2026\/09\/Ambassadeur-Hilale.jpg","width":2539,"height":1594},{"@type":"BreadcrumbList","@id":"https:\/\/dpress.ma\/fr\/2026\/09\/02\/ambassadeur-hilale-le-mouvement-des-non-alignes-doit-saffranchir-des-approches-passeistes-et-sadapter-aux-defis-du-xxie-siecle\/#breadcrumb","itemListElement":[{"@type":"ListItem","position":1,"name":"Home","item":"https:\/\/dpress.ma\/fr\/"},{"@type":"ListItem","position":2,"name":"Ambassadeur Hilale : \u201cLe Mouvement des Non-Align\u00e9s doit s\u2019affranchir des approches pass\u00e9istes et s\u2019adapter aux d\u00e9fis du XXIe si\u00e8cle\u201d"}]},{"@type":"WebSite","@id":"https:\/\/dpress.ma\/fr\/#website","url":"https:\/\/dpress.ma\/fr\/","name":"Dpress.ma\/fr","description":"","potentialAction":[{"@type":"SearchAction","target":{"@type":"EntryPoint","urlTemplate":"https:\/\/dpress.ma\/fr\/?s={search_term_string}"},"query-input":{"@type":"PropertyValueSpecification","valueRequired":true,"valueName":"search_term_string"}}],"inLanguage":"fr-FR"},{"@type":"Person","@id":"https:\/\/dpress.ma\/fr\/#\/schema\/person\/4898febf3ccd59e6578d838656a306a0","name":"Dpress.ma","image":{"@type":"ImageObject","inLanguage":"fr-FR","@id":"https:\/\/secure.gravatar.com\/avatar\/72ecc30e9db047a2e0e7176561eb9d564ed77c8108376495b19bd8336405198a?s=96&d=mm&r=g","url":"https:\/\/secure.gravatar.com\/avatar\/72ecc30e9db047a2e0e7176561eb9d564ed77c8108376495b19bd8336405198a?s=96&d=mm&r=g","contentUrl":"https:\/\/secure.gravatar.com\/avatar\/72ecc30e9db047a2e0e7176561eb9d564ed77c8108376495b19bd8336405198a?s=96&d=mm&r=g","caption":"Dpress.ma"},"sameAs":["https:\/\/www.dpress.ma"],"url":"https:\/\/dpress.ma\/fr\/author\/dpress-ma\/"}]}},"amp_enabled":true,"_links":{"self":[{"href":"https:\/\/dpress.ma\/fr\/wp-json\/wp\/v2\/posts\/38850","targetHints":{"allow":["GET"]}}],"collection":[{"href":"https:\/\/dpress.ma\/fr\/wp-json\/wp\/v2\/posts"}],"about":[{"href":"https:\/\/dpress.ma\/fr\/wp-json\/wp\/v2\/types\/post"}],"author":[{"embeddable":true,"href":"https:\/\/dpress.ma\/fr\/wp-json\/wp\/v2\/users\/2"}],"replies":[{"embeddable":true,"href":"https:\/\/dpress.ma\/fr\/wp-json\/wp\/v2\/comments?post=38850"}],"version-history":[{"count":1,"href":"https:\/\/dpress.ma\/fr\/wp-json\/wp\/v2\/posts\/38850\/revisions"}],"predecessor-version":[{"id":38852,"href":"https:\/\/dpress.ma\/fr\/wp-json\/wp\/v2\/posts\/38850\/revisions\/38852"}],"wp:featuredmedia":[{"embeddable":true,"href":"https:\/\/dpress.ma\/fr\/wp-json\/wp\/v2\/media\/38851"}],"wp:attachment":[{"href":"https:\/\/dpress.ma\/fr\/wp-json\/wp\/v2\/media?parent=38850"}],"wp:term":[{"taxonomy":"category","embeddable":true,"href":"https:\/\/dpress.ma\/fr\/wp-json\/wp\/v2\/categories?post=38850"},{"taxonomy":"post_tag","embeddable":true,"href":"https:\/\/dpress.ma\/fr\/wp-json\/wp\/v2\/tags?post=38850"}],"curies":[{"name":"wp","href":"https:\/\/api.w.org\/{rel}","templated":true}]}}