{"id":38847,"date":"2026-09-02T09:53:51","date_gmt":"2026-09-02T09:53:51","guid":{"rendered":"https:\/\/dpress.ma\/fr\/?p=38847"},"modified":"2026-09-02T09:53:54","modified_gmt":"2026-09-02T09:53:54","slug":"maroc-argentine-vers-une-alliance-economique-strategique-portee-par-la-complementarite-regionale","status":"publish","type":"post","link":"https:\/\/dpress.ma\/fr\/2026\/09\/02\/maroc-argentine-vers-une-alliance-economique-strategique-portee-par-la-complementarite-regionale\/","title":{"rendered":"Maroc-Argentine : Vers une alliance \u00e9conomique strat\u00e9gique port\u00e9e par la compl\u00e9mentarit\u00e9 r\u00e9gionale"},"content":{"rendered":"\n<p class=\"wp-block-paragraph\">Dpress<\/p>\n\n\n\n<p class=\"wp-block-paragraph\"><p>Le Maroc et l&rsquo;Argentine disposent d&rsquo;un potentiel \u00e9conomique <br>d&rsquo;exception pour hisser leurs relations bilat\u00e9rales au rang d&rsquo;un <br>partenariat strat\u00e9gique continental, a affirm\u00e9 l&rsquo;ambassadeur du Royaume <br>en Argentine, Fares Yassir, soulignant la convergence des opportunit\u00e9s <br>r\u00e9gionales dans cette dynamique d&rsquo;int\u00e9gration.<\/p><br><p>Intervenant lors de la troisi\u00e8me \u00e9dition du Santa Fe Business Forum \u00e0<br> Rosario, le diplomate marocain a indiqu\u00e9 que la province de Santa Fe <br>s&rsquo;impose, aux c\u00f4t\u00e9s de Buenos Aires et de C\u00f3rdoba, comme l&rsquo;un des <br>principaux partenaires commerciaux du Maroc en Argentine, soulignant que<br> cette synergie repose sur un pivot agro-industriel strat\u00e9gique.<\/p><br><p>La province argentine assure une \u00ab\u00a0contribution cl\u00e9 \u00e0 la s\u00e9curit\u00e9 <br>alimentaire du march\u00e9 marocain\u00a0\u00bb \u00e0 travers ses exportations de c\u00e9r\u00e9ales, <br>d&rsquo;huiles et de d\u00e9riv\u00e9s du soja, a-t-il pr\u00e9cis\u00e9, ajoutant qu&rsquo;en contre <br>partie, le Royaume approvisionne le secteur agricole argentin en engrais<br> phosphat\u00e9s, un intrant essentiel \u00e0 la productivit\u00e9 et aux rendements <br>locaux.<\/p><br><p>Tenant compte de cet \u00e9change mutuellement b\u00e9n\u00e9fique, M. Yassir a <br>appel\u00e9 \u00e0 \u00e9largir l&rsquo;\u00e9ventail des \u00e9changes commerciaux pour \u00e9riger <br>l&rsquo;Argentine en partenaire \u00e9conomique de premier ordre pour le Maroc en <br>Am\u00e9rique du Sud.<\/p><br><p>Lors de son intervention intitul\u00e9e \u00ab Infrastructures et logistique, <br>moteur d&rsquo;acc\u00e9l\u00e9ration industrielle du Maroc \u00bb, le diplomate a expos\u00e9 la <br>strat\u00e9gie mise en \u0153uvre par le Royaume pour valoriser sa position <br>g\u00e9ographique et s&rsquo;ins\u00e9rer au c\u0153ur des grandes routes du commerce <br>mondial.<\/p><br><p>Il a notamment mis en relief la mise en service du premier train \u00e0 <br>grande vitesse d&rsquo;Afrique et l&rsquo;essor du complexe portuaire Tanger Med sur<br> le d\u00e9troit de Gibraltar, un axe maritime strat\u00e9gique par lequel <br>transitent chaque ann\u00e9e quelque 100.000 navires.<\/p><br><p>M. Yassir a expliqu\u00e9 que la modernisation des infrastructures <br>(r\u00e9seaux ferroviaires, a\u00e9roports, zones industrielles et zones <br>franches,\u2026) a catalys\u00e9 le d\u00e9veloppement de secteurs \u00e0 forte valeur <br>ajout\u00e9e, hissant le Maroc au rang de leader continental de l&rsquo;industrie <br>automobile.<\/p><br><p>Estimant que l&rsquo;Argentine consolide \u00e9galement ses propres r\u00e9seaux, il a<br> r\u00e9affirm\u00e9 l&rsquo;importance capitale de raccorder fluidement les bassins de <br>production aux infrastructures portuaires pour optimiser l&rsquo;acc\u00e8s aux <br>march\u00e9s internationaux.<\/p><br><p>\u00c0 travers cette feuille de route, a conclu l&rsquo;ambassadeur, le Maroc <br>ambitionne d&rsquo;\u00e9tablir une alliance strat\u00e9gique \u00e0 double voie. Le Royaume <br>entend s&rsquo;imposer comme une porte d&rsquo;entr\u00e9e pour l&rsquo;Argentine vers <br>l&rsquo;Afrique, le bassin m\u00e9diterran\u00e9en et le monde arabe, tout en s&rsquo;appuyant<br> sur le pays sud-am\u00e9ricain pour acc\u00e9der au march\u00e9 du Mercosur et \u00e0 <br>l&rsquo;ensemble du continent.<\/p><\/p>\n","protected":false},"excerpt":{"rendered":"<p>Dpress Le Maroc et l&rsquo;Argentine disposent d&rsquo;un potentiel \u00e9conomique d&rsquo;exception pour hisser leurs relations bilat\u00e9rales au rang d&rsquo;un partenariat strat\u00e9gique continental, a affirm\u00e9 l&rsquo;ambassadeur du Royaume en Argentine, Fares Yassir, soulignant la convergence des opportunit\u00e9s r\u00e9gionales dans cette dynamique d&rsquo;int\u00e9gration.Intervenant lors de la troisi\u00e8me \u00e9dition du Santa Fe Business Forum \u00e0 Rosario, le diplomate marocain &hellip;<\/p>\n","protected":false},"author":2,"featured_media":38848,"comment_status":"open","ping_status":"open","sticky":false,"template":"","format":"standard","meta":{"footnotes":""},"categories":[42],"tags":[],"class_list":["post-38847","post","type-post","status-publish","format-standard","has-post-thumbnail","hentry","category-monde"],"yoast_head":"<!-- This site is optimized with the Yoast SEO plugin v28.0 - https:\/\/yoast.com\/product\/yoast-seo-wordpress\/ -->\n<title>Maroc-Argentine : Vers une alliance \u00e9conomique strat\u00e9gique port\u00e9e par la compl\u00e9mentarit\u00e9 r\u00e9gionale - Dpress.ma\/fr<\/title>\n<meta name=\"robots\" content=\"index, follow, max-snippet:-1, max-image-preview:large, max-video-preview:-1\" \/>\n<link rel=\"canonical\" href=\"https:\/\/dpress.ma\/fr\/2026\/09\/02\/maroc-argentine-vers-une-alliance-economique-strategique-portee-par-la-complementarite-regionale\/\" \/>\n<meta property=\"og:locale\" content=\"fr_FR\" \/>\n<meta property=\"og:type\" content=\"article\" \/>\n<meta property=\"og:title\" content=\"Maroc-Argentine : Vers une alliance \u00e9conomique strat\u00e9gique port\u00e9e par la compl\u00e9mentarit\u00e9 r\u00e9gionale - Dpress.ma\/fr\" \/>\n<meta property=\"og:description\" content=\"Dpress Le Maroc et l&rsquo;Argentine disposent d&rsquo;un potentiel \u00e9conomique d&rsquo;exception pour hisser leurs relations bilat\u00e9rales au rang d&rsquo;un partenariat strat\u00e9gique continental, a affirm\u00e9 l&rsquo;ambassadeur du Royaume en Argentine, Fares Yassir, soulignant la convergence des opportunit\u00e9s r\u00e9gionales dans cette dynamique d&rsquo;int\u00e9gration.Intervenant lors de la troisi\u00e8me \u00e9dition du Santa Fe Business Forum \u00e0 Rosario, le diplomate marocain &hellip;\" \/>\n<meta property=\"og:url\" content=\"https:\/\/dpress.ma\/fr\/2026\/09\/02\/maroc-argentine-vers-une-alliance-economique-strategique-portee-par-la-complementarite-regionale\/\" \/>\n<meta property=\"og:site_name\" content=\"Dpress.ma\/fr\" \/>\n<meta property=\"article:published_time\" content=\"2026-09-02T09:53:51+00:00\" \/>\n<meta property=\"article:modified_time\" content=\"2026-09-02T09:53:54+00:00\" \/>\n<meta property=\"og:image\" content=\"https:\/\/dpress.ma\/fr\/wp-content\/uploads\/sites\/2\/2026\/09\/Maroc-Argentine.jpg\" \/>\n\t<meta property=\"og:image:width\" content=\"2539\" \/>\n\t<meta property=\"og:image:height\" content=\"1594\" \/>\n\t<meta property=\"og:image:type\" content=\"image\/jpeg\" \/>\n<meta name=\"author\" content=\"Dpress.ma\" \/>\n<meta name=\"twitter:card\" content=\"summary_large_image\" \/>\n<meta name=\"twitter:label1\" content=\"\u00c9crit par\" \/>\n\t<meta name=\"twitter:data1\" content=\"Dpress.ma\" \/>\n\t<meta name=\"twitter:label2\" content=\"Dur\u00e9e de lecture estim\u00e9e\" \/>\n\t<meta name=\"twitter:data2\" content=\"3 minutes\" \/>\n<script type=\"application\/ld+json\" class=\"yoast-schema-graph\">{\"@context\":\"https:\\\/\\\/schema.org\",\"@graph\":[{\"@type\":\"Article\",\"@id\":\"https:\\\/\\\/dpress.ma\\\/fr\\\/2026\\\/09\\\/02\\\/maroc-argentine-vers-une-alliance-economique-strategique-portee-par-la-complementarite-regionale\\\/#article\",\"isPartOf\":{\"@id\":\"https:\\\/\\\/dpress.ma\\\/fr\\\/2026\\\/09\\\/02\\\/maroc-argentine-vers-une-alliance-economique-strategique-portee-par-la-complementarite-regionale\\\/\"},\"author\":{\"name\":\"Dpress.ma\",\"@id\":\"https:\\\/\\\/dpress.ma\\\/fr\\\/#\\\/schema\\\/person\\\/4898febf3ccd59e6578d838656a306a0\"},\"headline\":\"Maroc-Argentine : Vers une alliance \u00e9conomique strat\u00e9gique port\u00e9e par la compl\u00e9mentarit\u00e9 r\u00e9gionale\",\"datePublished\":\"2026-09-02T09:53:51+00:00\",\"dateModified\":\"2026-09-02T09:53:54+00:00\",\"mainEntityOfPage\":{\"@id\":\"https:\\\/\\\/dpress.ma\\\/fr\\\/2026\\\/09\\\/02\\\/maroc-argentine-vers-une-alliance-economique-strategique-portee-par-la-complementarite-regionale\\\/\"},\"wordCount\":432,\"commentCount\":0,\"image\":{\"@id\":\"https:\\\/\\\/dpress.ma\\\/fr\\\/2026\\\/09\\\/02\\\/maroc-argentine-vers-une-alliance-economique-strategique-portee-par-la-complementarite-regionale\\\/#primaryimage\"},\"thumbnailUrl\":\"https:\\\/\\\/dpress.ma\\\/fr\\\/wp-content\\\/uploads\\\/sites\\\/2\\\/2026\\\/09\\\/Maroc-Argentine.jpg\",\"articleSection\":[\"monde\"],\"inLanguage\":\"fr-FR\",\"potentialAction\":[{\"@type\":\"CommentAction\",\"name\":\"Comment\",\"target\":[\"https:\\\/\\\/dpress.ma\\\/fr\\\/2026\\\/09\\\/02\\\/maroc-argentine-vers-une-alliance-economique-strategique-portee-par-la-complementarite-regionale\\\/#respond\"]}]},{\"@type\":\"WebPage\",\"@id\":\"https:\\\/\\\/dpress.ma\\\/fr\\\/2026\\\/09\\\/02\\\/maroc-argentine-vers-une-alliance-economique-strategique-portee-par-la-complementarite-regionale\\\/\",\"url\":\"https:\\\/\\\/dpress.ma\\\/fr\\\/2026\\\/09\\\/02\\\/maroc-argentine-vers-une-alliance-economique-strategique-portee-par-la-complementarite-regionale\\\/\",\"name\":\"Maroc-Argentine : Vers une alliance \u00e9conomique strat\u00e9gique port\u00e9e par la compl\u00e9mentarit\u00e9 r\u00e9gionale - Dpress.ma\\\/fr\",\"isPartOf\":{\"@id\":\"https:\\\/\\\/dpress.ma\\\/fr\\\/#website\"},\"primaryImageOfPage\":{\"@id\":\"https:\\\/\\\/dpress.ma\\\/fr\\\/2026\\\/09\\\/02\\\/maroc-argentine-vers-une-alliance-economique-strategique-portee-par-la-complementarite-regionale\\\/#primaryimage\"},\"image\":{\"@id\":\"https:\\\/\\\/dpress.ma\\\/fr\\\/2026\\\/09\\\/02\\\/maroc-argentine-vers-une-alliance-economique-strategique-portee-par-la-complementarite-regionale\\\/#primaryimage\"},\"thumbnailUrl\":\"https:\\\/\\\/dpress.ma\\\/fr\\\/wp-content\\\/uploads\\\/sites\\\/2\\\/2026\\\/09\\\/Maroc-Argentine.jpg\",\"datePublished\":\"2026-09-02T09:53:51+00:00\",\"dateModified\":\"2026-09-02T09:53:54+00:00\",\"author\":{\"@id\":\"https:\\\/\\\/dpress.ma\\\/fr\\\/#\\\/schema\\\/person\\\/4898febf3ccd59e6578d838656a306a0\"},\"breadcrumb\":{\"@id\":\"https:\\\/\\\/dpress.ma\\\/fr\\\/2026\\\/09\\\/02\\\/maroc-argentine-vers-une-alliance-economique-strategique-portee-par-la-complementarite-regionale\\\/#breadcrumb\"},\"inLanguage\":\"fr-FR\",\"potentialAction\":[{\"@type\":\"ReadAction\",\"target\":[\"https:\\\/\\\/dpress.ma\\\/fr\\\/2026\\\/09\\\/02\\\/maroc-argentine-vers-une-alliance-economique-strategique-portee-par-la-complementarite-regionale\\\/\"]}]},{\"@type\":\"ImageObject\",\"inLanguage\":\"fr-FR\",\"@id\":\"https:\\\/\\\/dpress.ma\\\/fr\\\/2026\\\/09\\\/02\\\/maroc-argentine-vers-une-alliance-economique-strategique-portee-par-la-complementarite-regionale\\\/#primaryimage\",\"url\":\"https:\\\/\\\/dpress.ma\\\/fr\\\/wp-content\\\/uploads\\\/sites\\\/2\\\/2026\\\/09\\\/Maroc-Argentine.jpg\",\"contentUrl\":\"https:\\\/\\\/dpress.ma\\\/fr\\\/wp-content\\\/uploads\\\/sites\\\/2\\\/2026\\\/09\\\/Maroc-Argentine.jpg\",\"width\":2539,\"height\":1594},{\"@type\":\"BreadcrumbList\",\"@id\":\"https:\\\/\\\/dpress.ma\\\/fr\\\/2026\\\/09\\\/02\\\/maroc-argentine-vers-une-alliance-economique-strategique-portee-par-la-complementarite-regionale\\\/#breadcrumb\",\"itemListElement\":[{\"@type\":\"ListItem\",\"position\":1,\"name\":\"Home\",\"item\":\"https:\\\/\\\/dpress.ma\\\/fr\\\/\"},{\"@type\":\"ListItem\",\"position\":2,\"name\":\"Maroc-Argentine : Vers une alliance \u00e9conomique strat\u00e9gique port\u00e9e par la compl\u00e9mentarit\u00e9 r\u00e9gionale\"}]},{\"@type\":\"WebSite\",\"@id\":\"https:\\\/\\\/dpress.ma\\\/fr\\\/#website\",\"url\":\"https:\\\/\\\/dpress.ma\\\/fr\\\/\",\"name\":\"Dpress.ma\\\/fr\",\"description\":\"\",\"potentialAction\":[{\"@type\":\"SearchAction\",\"target\":{\"@type\":\"EntryPoint\",\"urlTemplate\":\"https:\\\/\\\/dpress.ma\\\/fr\\\/?s={search_term_string}\"},\"query-input\":{\"@type\":\"PropertyValueSpecification\",\"valueRequired\":true,\"valueName\":\"search_term_string\"}}],\"inLanguage\":\"fr-FR\"},{\"@type\":\"Person\",\"@id\":\"https:\\\/\\\/dpress.ma\\\/fr\\\/#\\\/schema\\\/person\\\/4898febf3ccd59e6578d838656a306a0\",\"name\":\"Dpress.ma\",\"image\":{\"@type\":\"ImageObject\",\"inLanguage\":\"fr-FR\",\"@id\":\"https:\\\/\\\/secure.gravatar.com\\\/avatar\\\/72ecc30e9db047a2e0e7176561eb9d564ed77c8108376495b19bd8336405198a?s=96&d=mm&r=g\",\"url\":\"https:\\\/\\\/secure.gravatar.com\\\/avatar\\\/72ecc30e9db047a2e0e7176561eb9d564ed77c8108376495b19bd8336405198a?s=96&d=mm&r=g\",\"contentUrl\":\"https:\\\/\\\/secure.gravatar.com\\\/avatar\\\/72ecc30e9db047a2e0e7176561eb9d564ed77c8108376495b19bd8336405198a?s=96&d=mm&r=g\",\"caption\":\"Dpress.ma\"},\"sameAs\":[\"https:\\\/\\\/www.dpress.ma\"],\"url\":\"https:\\\/\\\/dpress.ma\\\/fr\\\/author\\\/dpress-ma\\\/\"}]}<\/script>\n<!-- \/ Yoast SEO plugin. -->","yoast_head_json":{"title":"Maroc-Argentine : Vers une alliance \u00e9conomique strat\u00e9gique port\u00e9e par la compl\u00e9mentarit\u00e9 r\u00e9gionale - Dpress.ma\/fr","robots":{"index":"index","follow":"follow","max-snippet":"max-snippet:-1","max-image-preview":"max-image-preview:large","max-video-preview":"max-video-preview:-1"},"canonical":"https:\/\/dpress.ma\/fr\/2026\/09\/02\/maroc-argentine-vers-une-alliance-economique-strategique-portee-par-la-complementarite-regionale\/","og_locale":"fr_FR","og_type":"article","og_title":"Maroc-Argentine : Vers une alliance \u00e9conomique strat\u00e9gique port\u00e9e par la compl\u00e9mentarit\u00e9 r\u00e9gionale - Dpress.ma\/fr","og_description":"Dpress Le Maroc et l&rsquo;Argentine disposent d&rsquo;un potentiel \u00e9conomique d&rsquo;exception pour hisser leurs relations bilat\u00e9rales au rang d&rsquo;un partenariat strat\u00e9gique continental, a affirm\u00e9 l&rsquo;ambassadeur du Royaume en Argentine, Fares Yassir, soulignant la convergence des opportunit\u00e9s r\u00e9gionales dans cette dynamique d&rsquo;int\u00e9gration.Intervenant lors de la troisi\u00e8me \u00e9dition du Santa Fe Business Forum \u00e0 Rosario, le diplomate marocain &hellip;","og_url":"https:\/\/dpress.ma\/fr\/2026\/09\/02\/maroc-argentine-vers-une-alliance-economique-strategique-portee-par-la-complementarite-regionale\/","og_site_name":"Dpress.ma\/fr","article_published_time":"2026-09-02T09:53:51+00:00","article_modified_time":"2026-09-02T09:53:54+00:00","og_image":[{"width":2539,"height":1594,"url":"https:\/\/dpress.ma\/fr\/wp-content\/uploads\/sites\/2\/2026\/09\/Maroc-Argentine.jpg","type":"image\/jpeg"}],"author":"Dpress.ma","twitter_card":"summary_large_image","twitter_misc":{"\u00c9crit par":"Dpress.ma","Dur\u00e9e de lecture estim\u00e9e":"3 minutes"},"schema":{"@context":"https:\/\/schema.org","@graph":[{"@type":"Article","@id":"https:\/\/dpress.ma\/fr\/2026\/09\/02\/maroc-argentine-vers-une-alliance-economique-strategique-portee-par-la-complementarite-regionale\/#article","isPartOf":{"@id":"https:\/\/dpress.ma\/fr\/2026\/09\/02\/maroc-argentine-vers-une-alliance-economique-strategique-portee-par-la-complementarite-regionale\/"},"author":{"name":"Dpress.ma","@id":"https:\/\/dpress.ma\/fr\/#\/schema\/person\/4898febf3ccd59e6578d838656a306a0"},"headline":"Maroc-Argentine : Vers une alliance \u00e9conomique strat\u00e9gique port\u00e9e par la compl\u00e9mentarit\u00e9 r\u00e9gionale","datePublished":"2026-09-02T09:53:51+00:00","dateModified":"2026-09-02T09:53:54+00:00","mainEntityOfPage":{"@id":"https:\/\/dpress.ma\/fr\/2026\/09\/02\/maroc-argentine-vers-une-alliance-economique-strategique-portee-par-la-complementarite-regionale\/"},"wordCount":432,"commentCount":0,"image":{"@id":"https:\/\/dpress.ma\/fr\/2026\/09\/02\/maroc-argentine-vers-une-alliance-economique-strategique-portee-par-la-complementarite-regionale\/#primaryimage"},"thumbnailUrl":"https:\/\/dpress.ma\/fr\/wp-content\/uploads\/sites\/2\/2026\/09\/Maroc-Argentine.jpg","articleSection":["monde"],"inLanguage":"fr-FR","potentialAction":[{"@type":"CommentAction","name":"Comment","target":["https:\/\/dpress.ma\/fr\/2026\/09\/02\/maroc-argentine-vers-une-alliance-economique-strategique-portee-par-la-complementarite-regionale\/#respond"]}]},{"@type":"WebPage","@id":"https:\/\/dpress.ma\/fr\/2026\/09\/02\/maroc-argentine-vers-une-alliance-economique-strategique-portee-par-la-complementarite-regionale\/","url":"https:\/\/dpress.ma\/fr\/2026\/09\/02\/maroc-argentine-vers-une-alliance-economique-strategique-portee-par-la-complementarite-regionale\/","name":"Maroc-Argentine : Vers une alliance \u00e9conomique strat\u00e9gique port\u00e9e par la compl\u00e9mentarit\u00e9 r\u00e9gionale - Dpress.ma\/fr","isPartOf":{"@id":"https:\/\/dpress.ma\/fr\/#website"},"primaryImageOfPage":{"@id":"https:\/\/dpress.ma\/fr\/2026\/09\/02\/maroc-argentine-vers-une-alliance-economique-strategique-portee-par-la-complementarite-regionale\/#primaryimage"},"image":{"@id":"https:\/\/dpress.ma\/fr\/2026\/09\/02\/maroc-argentine-vers-une-alliance-economique-strategique-portee-par-la-complementarite-regionale\/#primaryimage"},"thumbnailUrl":"https:\/\/dpress.ma\/fr\/wp-content\/uploads\/sites\/2\/2026\/09\/Maroc-Argentine.jpg","datePublished":"2026-09-02T09:53:51+00:00","dateModified":"2026-09-02T09:53:54+00:00","author":{"@id":"https:\/\/dpress.ma\/fr\/#\/schema\/person\/4898febf3ccd59e6578d838656a306a0"},"breadcrumb":{"@id":"https:\/\/dpress.ma\/fr\/2026\/09\/02\/maroc-argentine-vers-une-alliance-economique-strategique-portee-par-la-complementarite-regionale\/#breadcrumb"},"inLanguage":"fr-FR","potentialAction":[{"@type":"ReadAction","target":["https:\/\/dpress.ma\/fr\/2026\/09\/02\/maroc-argentine-vers-une-alliance-economique-strategique-portee-par-la-complementarite-regionale\/"]}]},{"@type":"ImageObject","inLanguage":"fr-FR","@id":"https:\/\/dpress.ma\/fr\/2026\/09\/02\/maroc-argentine-vers-une-alliance-economique-strategique-portee-par-la-complementarite-regionale\/#primaryimage","url":"https:\/\/dpress.ma\/fr\/wp-content\/uploads\/sites\/2\/2026\/09\/Maroc-Argentine.jpg","contentUrl":"https:\/\/dpress.ma\/fr\/wp-content\/uploads\/sites\/2\/2026\/09\/Maroc-Argentine.jpg","width":2539,"height":1594},{"@type":"BreadcrumbList","@id":"https:\/\/dpress.ma\/fr\/2026\/09\/02\/maroc-argentine-vers-une-alliance-economique-strategique-portee-par-la-complementarite-regionale\/#breadcrumb","itemListElement":[{"@type":"ListItem","position":1,"name":"Home","item":"https:\/\/dpress.ma\/fr\/"},{"@type":"ListItem","position":2,"name":"Maroc-Argentine : Vers une alliance \u00e9conomique strat\u00e9gique port\u00e9e par la compl\u00e9mentarit\u00e9 r\u00e9gionale"}]},{"@type":"WebSite","@id":"https:\/\/dpress.ma\/fr\/#website","url":"https:\/\/dpress.ma\/fr\/","name":"Dpress.ma\/fr","description":"","potentialAction":[{"@type":"SearchAction","target":{"@type":"EntryPoint","urlTemplate":"https:\/\/dpress.ma\/fr\/?s={search_term_string}"},"query-input":{"@type":"PropertyValueSpecification","valueRequired":true,"valueName":"search_term_string"}}],"inLanguage":"fr-FR"},{"@type":"Person","@id":"https:\/\/dpress.ma\/fr\/#\/schema\/person\/4898febf3ccd59e6578d838656a306a0","name":"Dpress.ma","image":{"@type":"ImageObject","inLanguage":"fr-FR","@id":"https:\/\/secure.gravatar.com\/avatar\/72ecc30e9db047a2e0e7176561eb9d564ed77c8108376495b19bd8336405198a?s=96&d=mm&r=g","url":"https:\/\/secure.gravatar.com\/avatar\/72ecc30e9db047a2e0e7176561eb9d564ed77c8108376495b19bd8336405198a?s=96&d=mm&r=g","contentUrl":"https:\/\/secure.gravatar.com\/avatar\/72ecc30e9db047a2e0e7176561eb9d564ed77c8108376495b19bd8336405198a?s=96&d=mm&r=g","caption":"Dpress.ma"},"sameAs":["https:\/\/www.dpress.ma"],"url":"https:\/\/dpress.ma\/fr\/author\/dpress-ma\/"}]}},"amp_enabled":true,"_links":{"self":[{"href":"https:\/\/dpress.ma\/fr\/wp-json\/wp\/v2\/posts\/38847","targetHints":{"allow":["GET"]}}],"collection":[{"href":"https:\/\/dpress.ma\/fr\/wp-json\/wp\/v2\/posts"}],"about":[{"href":"https:\/\/dpress.ma\/fr\/wp-json\/wp\/v2\/types\/post"}],"author":[{"embeddable":true,"href":"https:\/\/dpress.ma\/fr\/wp-json\/wp\/v2\/users\/2"}],"replies":[{"embeddable":true,"href":"https:\/\/dpress.ma\/fr\/wp-json\/wp\/v2\/comments?post=38847"}],"version-history":[{"count":1,"href":"https:\/\/dpress.ma\/fr\/wp-json\/wp\/v2\/posts\/38847\/revisions"}],"predecessor-version":[{"id":38849,"href":"https:\/\/dpress.ma\/fr\/wp-json\/wp\/v2\/posts\/38847\/revisions\/38849"}],"wp:featuredmedia":[{"embeddable":true,"href":"https:\/\/dpress.ma\/fr\/wp-json\/wp\/v2\/media\/38848"}],"wp:attachment":[{"href":"https:\/\/dpress.ma\/fr\/wp-json\/wp\/v2\/media?parent=38847"}],"wp:term":[{"taxonomy":"category","embeddable":true,"href":"https:\/\/dpress.ma\/fr\/wp-json\/wp\/v2\/categories?post=38847"},{"taxonomy":"post_tag","embeddable":true,"href":"https:\/\/dpress.ma\/fr\/wp-json\/wp\/v2\/tags?post=38847"}],"curies":[{"name":"wp","href":"https:\/\/api.w.org\/{rel}","templated":true}]}}